{"id":115686,"date":"2026-04-27T19:18:18","date_gmt":"2026-04-27T19:18:18","guid":{"rendered":"https:\/\/elregionalvm.com.ar\/noticias-villa-maria\/?p=115686"},"modified":"2026-04-27T19:19:23","modified_gmt":"2026-04-27T19:19:23","slug":"teatro-en-el-leonardo-favio-el-8-de-mayo-arranca-el-ciclo-bonino-2026","status":"publish","type":"post","link":"https:\/\/elregionalvm.com.ar\/noticias-villa-maria\/teatro-en-el-leonardo-favio-el-8-de-mayo-arranca-el-ciclo-bonino-2026\/","title":{"rendered":"Teatro en el Leonardo Favio: el 8 de mayo arranca el Ciclo Bonino 2026"},"content":{"rendered":"\n<h2 class=\"wp-block-heading\">La Municipalidad de Villa Mar\u00eda present\u00f3 una nueva edici\u00f3n del Ciclo de Teatro Bonino, una propuesta cultural que se realiza en articulaci\u00f3n con el Colectivo de Teatristas Autoconvocadxs (COTEAU) y que busca impulsar y visibilizar las artes esc\u00e9nicas locales.<\/h2>\n\n\n\n<p><\/p>\n\n\n\n<p><strong>La edici\u00f3n 2026 contar\u00e1 con 12 obras, 22 artistas en escena, m\u00e1s de 20 trabajadores en t\u00e9cnica y producci\u00f3n, y la participaci\u00f3n de 9 elencos.<\/strong><\/p>\n\n\n\n<p>El lanzamiento tuvo lugar con la presencia del secretario de Gobierno, Cultura y Relaciones Institucionales, Marcos Bovo; la subsecretaria de Cultura, Virginia Reyneri; la directora del Centro Cultural Comunitario Leonardo Favio, Jesica Mina; y la representante de COTEAU, Marisabel Demonte, junto a referentes del teatro independiente local.<\/p>\n\n\n\n<p><strong>Durante la presentaci\u00f3n, Bovo destac\u00f3:<br><\/strong><em>\u201cLos artistas nos permiten enriquecernos a trav\u00e9s del arte y la cultura. Este ciclo, que ya transita su tercera edici\u00f3n, es una pol\u00edtica p\u00fablica que lleg\u00f3 para quedarse, gracias al talento local y a un p\u00fablico que acompa\u00f1a\u201d.<\/em><\/p>\n\n\n\n<p><strong>Adem\u00e1s, remarc\u00f3 el valor del arte como motor social:<br><\/strong><em>\u201cEn Villa Mar\u00eda entendemos la cultura como una construcci\u00f3n colectiva. El arte tambi\u00e9n es trabajo y genera un c\u00edrculo virtuoso que nos llena de orgullo como ciudad\u201d.<\/em><\/p>\n\n\n\n<figure class=\"wp-block-image aligncenter size-full\"><img data-recalc-dims=\"1\" fetchpriority=\"high\" decoding=\"async\" width=\"800\" height=\"600\" src=\"https:\/\/i0.wp.com\/elregionalvm.com.ar\/noticias-villa-maria\/wp-content\/uploads\/2026\/04\/teatro.jpeg?resize=800%2C600&#038;ssl=1\" alt=\"\" class=\"wp-image-115688\" srcset=\"https:\/\/i0.wp.com\/elregionalvm.com.ar\/noticias-villa-maria\/wp-content\/uploads\/2026\/04\/teatro.jpeg?w=800&amp;ssl=1 800w, https:\/\/i0.wp.com\/elregionalvm.com.ar\/noticias-villa-maria\/wp-content\/uploads\/2026\/04\/teatro.jpeg?resize=300%2C225&amp;ssl=1 300w, https:\/\/i0.wp.com\/elregionalvm.com.ar\/noticias-villa-maria\/wp-content\/uploads\/2026\/04\/teatro.jpeg?resize=768%2C576&amp;ssl=1 768w\" sizes=\"(max-width: 800px) 100vw, 800px\" \/><\/figure>\n\n\n\n<p><\/p>\n\n\n\n<p>Por su parte, Jesica Mina explic\u00f3 que el ciclo se desarrollar\u00e1 desde el viernes 8 de mayo hasta agosto, con funciones todos los viernes en la Sala Bonino del Centro Cultural Comunitario Leonardo Favio.<\/p>\n\n\n\n<p><em>\u201cLa primera funci\u00f3n ser\u00e1 a las 19:00, ya que se trata de una propuesta para toda la familia, mientras que el resto de las obras se presentar\u00e1n a las 21:00\u201d, detall\u00f3.<\/em><\/p>\n\n\n\n<p>La apertura estar\u00e1 a cargo de la obra<strong> \u201cSuite de las emociones\u201d,<\/strong> del grupo Bicuchi. Las entradas tendr\u00e1n un valor de $8.000, y cada elenco recibir\u00e1 un incentivo econ\u00f3mico de $300.000.<\/p>\n\n\n\n<p>Desde COTEAU, Marisabel Demonte celebr\u00f3 la continuidad del ciclo:<br><em>\u201cNo son tiempos f\u00e1ciles para el teatro independiente, pero en Villa Mar\u00eda el p\u00fablico acompa\u00f1a. No hemos tenido que suspender funciones, y eso demuestra que el h\u00e1bito del teatro est\u00e1 consolidado\u201d.<\/em><\/p>\n\n\n\n<hr class=\"wp-block-separator has-alpha-channel-opacity\"\/>\n\n\n\n<h3 class=\"wp-block-heading\">&#x1f4c5; Cronograma<\/h3>\n\n\n\n<p><strong>Mayo<\/strong><\/p>\n\n\n\n<ul class=\"wp-block-list\">\n<li>Viernes 8: \u201cSuite de las emociones\u201d (19:00) \u2013 BicuchiViernes 15: \u201cCuando crezca la higuera\u201d (21:00) \u2013 Teatro Uno<\/li>\n<\/ul>\n\n\n\n<p><strong>Junio<\/strong><\/p>\n\n\n\n<ul class=\"wp-block-list\">\n<li>\u201cSoy lo prohibido\u201d \u2013 La Morocha Teatro<\/li>\n\n\n\n<li>\u201cSed o no ser\u201d \u2013 Compa\u00f1\u00eda Regional Danza Teatro<\/li>\n\n\n\n<li>\u201cEse r\u00edo donde pescan los p\u00e1jaros\u201d \u2013 Teatro Uno<\/li>\n<\/ul>\n\n\n\n<p><strong>Julio<\/strong><\/p>\n\n\n\n<ul class=\"wp-block-list\">\n<li>\u201cEquipaje de los sue\u00f1os\u201d \u2013 Erica C\u00f3ceres<\/li>\n\n\n\n<li>\u201cVarietal\u201d \u2013 Circo Mosquito<\/li>\n\n\n\n<li>\u201cHistoria del gran caballero\u201d \u2013 T\u00edteres de Valentina<\/li>\n<\/ul>\n\n\n\n<p><strong>Agosto<\/strong><\/p>\n\n\n\n<ul class=\"wp-block-list\">\n<li>\u201cEl tiempo de m\u00ed\u201d \u2013 Compa\u00f1\u00eda Regional Danza Teatro<\/li>\n\n\n\n<li>\u201cAncestr\u00edgena\u201d \u2013 Compa\u00f1\u00eda La Nube<\/li>\n\n\n\n<li>\u201cLas Mellizas\u201d \u2013 El Basilico<\/li>\n<\/ul>\n","protected":false},"excerpt":{"rendered":"<p>La Municipalidad de Villa Mar\u00eda present\u00f3 una nueva edici\u00f3n del Ciclo de Teatro Bonino, una propuesta cultural que se realiza en articulaci\u00f3n con el Colectivo de Teatristas Autoconvocadxs (COTEAU) y que busca impulsar y visibilizar las artes esc\u00e9nicas locales. La edici\u00f3n 2026 contar\u00e1 con 12 obras, 22 artistas en escena, m\u00e1s de 20 trabajadores en [&hellip;]<\/p>\n","protected":false},"author":4,"featured_media":115687,"comment_status":"open","ping_status":"open","sticky":false,"template":"","format":"standard","meta":{"site-sidebar-layout":"default","site-content-layout":"","ast-site-content-layout":"default","site-content-style":"default","site-sidebar-style":"default","ast-global-header-display":"","ast-banner-title-visibility":"","ast-main-header-display":"","ast-hfb-above-header-display":"","ast-hfb-below-header-display":"","ast-hfb-mobile-header-display":"","site-post-title":"","ast-breadcrumbs-content":"","ast-featured-img":"","footer-sml-layout":"","ast-disable-related-posts":"","theme-transparent-header-meta":"","adv-header-id-meta":"","stick-header-meta":"","header-above-stick-meta":"","header-main-stick-meta":"","header-below-stick-meta":"","astra-migrate-meta-layouts":"set","ast-page-background-enabled":"default","ast-page-background-meta":{"desktop":{"background-color":"","background-image":"","background-repeat":"repeat","background-position":"center center","background-size":"auto","background-attachment":"scroll","background-type":"","background-media":"","overlay-type":"","overlay-color":"","overlay-opacity":"","overlay-gradient":""},"tablet":{"background-color":"","background-image":"","background-repeat":"repeat","background-position":"center center","background-size":"auto","background-attachment":"scroll","background-type":"","background-media":"","overlay-type":"","overlay-color":"","overlay-opacity":"","overlay-gradient":""},"mobile":{"background-color":"","background-image":"","background-repeat":"repeat","background-position":"center center","background-size":"auto","background-attachment":"scroll","background-type":"","background-media":"","overlay-type":"","overlay-color":"","overlay-opacity":"","overlay-gradient":""}},"ast-content-background-meta":{"desktop":{"background-color":"var(--ast-global-color-5)","background-image":"","background-repeat":"repeat","background-position":"center center","background-size":"auto","background-attachment":"scroll","background-type":"","background-media":"","overlay-type":"","overlay-color":"","overlay-opacity":"","overlay-gradient":""},"tablet":{"background-color":"var(--ast-global-color-5)","background-image":"","background-repeat":"repeat","background-position":"center center","background-size":"auto","background-attachment":"scroll","background-type":"","background-media":"","overlay-type":"","overlay-color":"","overlay-opacity":"","overlay-gradient":""},"mobile":{"background-color":"var(--ast-global-color-5)","background-image":"","background-repeat":"repeat","background-position":"center center","background-size":"auto","background-attachment":"scroll","background-type":"","background-media":"","overlay-type":"","overlay-color":"","overlay-opacity":"","overlay-gradient":""}},"_jetpack_memberships_contains_paid_content":false,"_joinchat":[],"footnotes":""},"categories":[2068,15302],"tags":[],"class_list":["post-115686","post","type-post","status-publish","format-standard","has-post-thumbnail","hentry","category-cultura-deporte","category-destacado"],"yoast_head":"<!-- This site is optimized with the Yoast SEO plugin v26.8 - https:\/\/yoast.com\/product\/yoast-seo-wordpress\/ -->\n<title>Teatro en el Leonardo Favio: el 8 de mayo arranca el Ciclo Bonino 2026 - El Regional<\/title>\n<meta name=\"robots\" content=\"index, follow, max-snippet:-1, max-image-preview:large, max-video-preview:-1\" \/>\n<link rel=\"canonical\" href=\"https:\/\/elregionalvm.com.ar\/noticias-villa-maria\/teatro-en-el-leonardo-favio-el-8-de-mayo-arranca-el-ciclo-bonino-2026\/\" \/>\n<meta property=\"og:locale\" content=\"es_ES\" \/>\n<meta property=\"og:type\" content=\"article\" \/>\n<meta property=\"og:title\" content=\"Teatro en el Leonardo Favio: el 8 de mayo arranca el Ciclo Bonino 2026 - El Regional\" \/>\n<meta property=\"og:description\" content=\"La Municipalidad de Villa Mar\u00eda present\u00f3 una nueva edici\u00f3n del Ciclo de Teatro Bonino, una propuesta cultural que se realiza en articulaci\u00f3n con el Colectivo de Teatristas Autoconvocadxs (COTEAU) y que busca impulsar y visibilizar las artes esc\u00e9nicas locales. La edici\u00f3n 2026 contar\u00e1 con 12 obras, 22 artistas en escena, m\u00e1s de 20 trabajadores en [&hellip;]\" \/>\n<meta property=\"og:url\" content=\"https:\/\/elregionalvm.com.ar\/noticias-villa-maria\/teatro-en-el-leonardo-favio-el-8-de-mayo-arranca-el-ciclo-bonino-2026\/\" \/>\n<meta property=\"og:site_name\" content=\"El Regional\" \/>\n<meta property=\"article:publisher\" content=\"https:\/\/www.facebook.com\/elregionalvm\" \/>\n<meta property=\"article:published_time\" content=\"2026-04-27T19:18:18+00:00\" \/>\n<meta property=\"article:modified_time\" content=\"2026-04-27T19:19:23+00:00\" \/>\n<meta property=\"og:image\" content=\"https:\/\/elregionalvm.com.ar\/noticias-villa-maria\/wp-content\/uploads\/2026\/04\/Ciclo-Bonino-2026.jpeg\" \/>\n\t<meta property=\"og:image:width\" content=\"600\" \/>\n\t<meta property=\"og:image:height\" content=\"316\" \/>\n\t<meta property=\"og:image:type\" content=\"image\/jpeg\" \/>\n<meta name=\"author\" content=\"Contenidos El Regional\" \/>\n<meta name=\"twitter:card\" content=\"summary_large_image\" \/>\n<meta name=\"twitter:creator\" content=\"@elregionalvm1\" \/>\n<meta name=\"twitter:site\" content=\"@elregionalvm1\" \/>\n<meta name=\"twitter:label1\" content=\"Escrito por\" \/>\n\t<meta name=\"twitter:data1\" content=\"Contenidos El Regional\" \/>\n\t<meta name=\"twitter:label2\" content=\"Tiempo de lectura\" \/>\n\t<meta name=\"twitter:data2\" content=\"3 minutos\" \/>\n<script type=\"application\/ld+json\" class=\"yoast-schema-graph\">{\"@context\":\"https:\/\/schema.org\",\"@graph\":[{\"@type\":\"Article\",\"@id\":\"https:\/\/elregionalvm.com.ar\/noticias-villa-maria\/teatro-en-el-leonardo-favio-el-8-de-mayo-arranca-el-ciclo-bonino-2026\/#article\",\"isPartOf\":{\"@id\":\"https:\/\/elregionalvm.com.ar\/noticias-villa-maria\/teatro-en-el-leonardo-favio-el-8-de-mayo-arranca-el-ciclo-bonino-2026\/\"},\"author\":{\"name\":\"Contenidos El Regional\",\"@id\":\"http:\/\/elregionalvm.com.ar\/noticias-villa-maria\/#\/schema\/person\/a0fb9c422317faca23d50163151bc354\"},\"headline\":\"Teatro en el Leonardo Favio: el 8 de mayo arranca el Ciclo Bonino 2026\",\"datePublished\":\"2026-04-27T19:18:18+00:00\",\"dateModified\":\"2026-04-27T19:19:23+00:00\",\"mainEntityOfPage\":{\"@id\":\"https:\/\/elregionalvm.com.ar\/noticias-villa-maria\/teatro-en-el-leonardo-favio-el-8-de-mayo-arranca-el-ciclo-bonino-2026\/\"},\"wordCount\":441,\"commentCount\":0,\"image\":{\"@id\":\"https:\/\/elregionalvm.com.ar\/noticias-villa-maria\/teatro-en-el-leonardo-favio-el-8-de-mayo-arranca-el-ciclo-bonino-2026\/#primaryimage\"},\"thumbnailUrl\":\"https:\/\/i0.wp.com\/elregionalvm.com.ar\/noticias-villa-maria\/wp-content\/uploads\/2026\/04\/Ciclo-Bonino-2026.jpeg?fit=600%2C316&ssl=1\",\"articleSection\":[\"Cultura\",\"destacado\"],\"inLanguage\":\"es\",\"potentialAction\":[{\"@type\":\"CommentAction\",\"name\":\"Comment\",\"target\":[\"https:\/\/elregionalvm.com.ar\/noticias-villa-maria\/teatro-en-el-leonardo-favio-el-8-de-mayo-arranca-el-ciclo-bonino-2026\/#respond\"]}]},{\"@type\":\"WebPage\",\"@id\":\"https:\/\/elregionalvm.com.ar\/noticias-villa-maria\/teatro-en-el-leonardo-favio-el-8-de-mayo-arranca-el-ciclo-bonino-2026\/\",\"url\":\"https:\/\/elregionalvm.com.ar\/noticias-villa-maria\/teatro-en-el-leonardo-favio-el-8-de-mayo-arranca-el-ciclo-bonino-2026\/\",\"name\":\"Teatro en el Leonardo Favio: el 8 de mayo arranca el Ciclo Bonino 2026 - El Regional\",\"isPartOf\":{\"@id\":\"http:\/\/elregionalvm.com.ar\/noticias-villa-maria\/#website\"},\"primaryImageOfPage\":{\"@id\":\"https:\/\/elregionalvm.com.ar\/noticias-villa-maria\/teatro-en-el-leonardo-favio-el-8-de-mayo-arranca-el-ciclo-bonino-2026\/#primaryimage\"},\"image\":{\"@id\":\"https:\/\/elregionalvm.com.ar\/noticias-villa-maria\/teatro-en-el-leonardo-favio-el-8-de-mayo-arranca-el-ciclo-bonino-2026\/#primaryimage\"},\"thumbnailUrl\":\"https:\/\/i0.wp.com\/elregionalvm.com.ar\/noticias-villa-maria\/wp-content\/uploads\/2026\/04\/Ciclo-Bonino-2026.jpeg?fit=600%2C316&ssl=1\",\"datePublished\":\"2026-04-27T19:18:18+00:00\",\"dateModified\":\"2026-04-27T19:19:23+00:00\",\"author\":{\"@id\":\"http:\/\/elregionalvm.com.ar\/noticias-villa-maria\/#\/schema\/person\/a0fb9c422317faca23d50163151bc354\"},\"breadcrumb\":{\"@id\":\"https:\/\/elregionalvm.com.ar\/noticias-villa-maria\/teatro-en-el-leonardo-favio-el-8-de-mayo-arranca-el-ciclo-bonino-2026\/#breadcrumb\"},\"inLanguage\":\"es\",\"potentialAction\":[{\"@type\":\"ReadAction\",\"target\":[\"https:\/\/elregionalvm.com.ar\/noticias-villa-maria\/teatro-en-el-leonardo-favio-el-8-de-mayo-arranca-el-ciclo-bonino-2026\/\"]}]},{\"@type\":\"ImageObject\",\"inLanguage\":\"es\",\"@id\":\"https:\/\/elregionalvm.com.ar\/noticias-villa-maria\/teatro-en-el-leonardo-favio-el-8-de-mayo-arranca-el-ciclo-bonino-2026\/#primaryimage\",\"url\":\"https:\/\/i0.wp.com\/elregionalvm.com.ar\/noticias-villa-maria\/wp-content\/uploads\/2026\/04\/Ciclo-Bonino-2026.jpeg?fit=600%2C316&ssl=1\",\"contentUrl\":\"https:\/\/i0.wp.com\/elregionalvm.com.ar\/noticias-villa-maria\/wp-content\/uploads\/2026\/04\/Ciclo-Bonino-2026.jpeg?fit=600%2C316&ssl=1\",\"width\":600,\"height\":316},{\"@type\":\"BreadcrumbList\",\"@id\":\"https:\/\/elregionalvm.com.ar\/noticias-villa-maria\/teatro-en-el-leonardo-favio-el-8-de-mayo-arranca-el-ciclo-bonino-2026\/#breadcrumb\",\"itemListElement\":[{\"@type\":\"ListItem\",\"position\":1,\"name\":\"Portada\",\"item\":\"https:\/\/elregionalvm.com.ar\/noticias-villa-maria\/\"},{\"@type\":\"ListItem\",\"position\":2,\"name\":\"Teatro en el Leonardo Favio: el 8 de mayo arranca el Ciclo Bonino 2026\"}]},{\"@type\":\"WebSite\",\"@id\":\"http:\/\/elregionalvm.com.ar\/noticias-villa-maria\/#website\",\"url\":\"http:\/\/elregionalvm.com.ar\/noticias-villa-maria\/\",\"name\":\"El Regional\",\"description\":\"Mucho m\u00e1s que informaci\u00f3n\",\"potentialAction\":[{\"@type\":\"SearchAction\",\"target\":{\"@type\":\"EntryPoint\",\"urlTemplate\":\"http:\/\/elregionalvm.com.ar\/noticias-villa-maria\/?s={search_term_string}\"},\"query-input\":{\"@type\":\"PropertyValueSpecification\",\"valueRequired\":true,\"valueName\":\"search_term_string\"}}],\"inLanguage\":\"es\"},{\"@type\":\"Person\",\"@id\":\"http:\/\/elregionalvm.com.ar\/noticias-villa-maria\/#\/schema\/person\/a0fb9c422317faca23d50163151bc354\",\"name\":\"Contenidos El Regional\",\"image\":{\"@type\":\"ImageObject\",\"inLanguage\":\"es\",\"@id\":\"http:\/\/elregionalvm.com.ar\/noticias-villa-maria\/#\/schema\/person\/image\/\",\"url\":\"https:\/\/secure.gravatar.com\/avatar\/265b27cb2209af7bb3a1318f03305787d7981a5cc6e6cd08fe5a4ecdf99d4b48?s=96&d=mm&r=g\",\"contentUrl\":\"https:\/\/secure.gravatar.com\/avatar\/265b27cb2209af7bb3a1318f03305787d7981a5cc6e6cd08fe5a4ecdf99d4b48?s=96&d=mm&r=g\",\"caption\":\"Contenidos El Regional\"},\"url\":\"https:\/\/elregionalvm.com.ar\/noticias-villa-maria\/author\/contenido\/\"}]}<\/script>\n<!-- \/ Yoast SEO plugin. -->","yoast_head_json":{"title":"Teatro en el Leonardo Favio: el 8 de mayo arranca el Ciclo Bonino 2026 - El Regional","robots":{"index":"index","follow":"follow","max-snippet":"max-snippet:-1","max-image-preview":"max-image-preview:large","max-video-preview":"max-video-preview:-1"},"canonical":"https:\/\/elregionalvm.com.ar\/noticias-villa-maria\/teatro-en-el-leonardo-favio-el-8-de-mayo-arranca-el-ciclo-bonino-2026\/","og_locale":"es_ES","og_type":"article","og_title":"Teatro en el Leonardo Favio: el 8 de mayo arranca el Ciclo Bonino 2026 - El Regional","og_description":"La Municipalidad de Villa Mar\u00eda present\u00f3 una nueva edici\u00f3n del Ciclo de Teatro Bonino, una propuesta cultural que se realiza en articulaci\u00f3n con el Colectivo de Teatristas Autoconvocadxs (COTEAU) y que busca impulsar y visibilizar las artes esc\u00e9nicas locales. La edici\u00f3n 2026 contar\u00e1 con 12 obras, 22 artistas en escena, m\u00e1s de 20 trabajadores en [&hellip;]","og_url":"https:\/\/elregionalvm.com.ar\/noticias-villa-maria\/teatro-en-el-leonardo-favio-el-8-de-mayo-arranca-el-ciclo-bonino-2026\/","og_site_name":"El Regional","article_publisher":"https:\/\/www.facebook.com\/elregionalvm","article_published_time":"2026-04-27T19:18:18+00:00","article_modified_time":"2026-04-27T19:19:23+00:00","og_image":[{"width":600,"height":316,"url":"https:\/\/elregionalvm.com.ar\/noticias-villa-maria\/wp-content\/uploads\/2026\/04\/Ciclo-Bonino-2026.jpeg","type":"image\/jpeg"}],"author":"Contenidos El Regional","twitter_card":"summary_large_image","twitter_creator":"@elregionalvm1","twitter_site":"@elregionalvm1","twitter_misc":{"Escrito por":"Contenidos El Regional","Tiempo de lectura":"3 minutos"},"schema":{"@context":"https:\/\/schema.org","@graph":[{"@type":"Article","@id":"https:\/\/elregionalvm.com.ar\/noticias-villa-maria\/teatro-en-el-leonardo-favio-el-8-de-mayo-arranca-el-ciclo-bonino-2026\/#article","isPartOf":{"@id":"https:\/\/elregionalvm.com.ar\/noticias-villa-maria\/teatro-en-el-leonardo-favio-el-8-de-mayo-arranca-el-ciclo-bonino-2026\/"},"author":{"name":"Contenidos El Regional","@id":"http:\/\/elregionalvm.com.ar\/noticias-villa-maria\/#\/schema\/person\/a0fb9c422317faca23d50163151bc354"},"headline":"Teatro en el Leonardo Favio: el 8 de mayo arranca el Ciclo Bonino 2026","datePublished":"2026-04-27T19:18:18+00:00","dateModified":"2026-04-27T19:19:23+00:00","mainEntityOfPage":{"@id":"https:\/\/elregionalvm.com.ar\/noticias-villa-maria\/teatro-en-el-leonardo-favio-el-8-de-mayo-arranca-el-ciclo-bonino-2026\/"},"wordCount":441,"commentCount":0,"image":{"@id":"https:\/\/elregionalvm.com.ar\/noticias-villa-maria\/teatro-en-el-leonardo-favio-el-8-de-mayo-arranca-el-ciclo-bonino-2026\/#primaryimage"},"thumbnailUrl":"https:\/\/i0.wp.com\/elregionalvm.com.ar\/noticias-villa-maria\/wp-content\/uploads\/2026\/04\/Ciclo-Bonino-2026.jpeg?fit=600%2C316&ssl=1","articleSection":["Cultura","destacado"],"inLanguage":"es","potentialAction":[{"@type":"CommentAction","name":"Comment","target":["https:\/\/elregionalvm.com.ar\/noticias-villa-maria\/teatro-en-el-leonardo-favio-el-8-de-mayo-arranca-el-ciclo-bonino-2026\/#respond"]}]},{"@type":"WebPage","@id":"https:\/\/elregionalvm.com.ar\/noticias-villa-maria\/teatro-en-el-leonardo-favio-el-8-de-mayo-arranca-el-ciclo-bonino-2026\/","url":"https:\/\/elregionalvm.com.ar\/noticias-villa-maria\/teatro-en-el-leonardo-favio-el-8-de-mayo-arranca-el-ciclo-bonino-2026\/","name":"Teatro en el Leonardo Favio: el 8 de mayo arranca el Ciclo Bonino 2026 - El Regional","isPartOf":{"@id":"http:\/\/elregionalvm.com.ar\/noticias-villa-maria\/#website"},"primaryImageOfPage":{"@id":"https:\/\/elregionalvm.com.ar\/noticias-villa-maria\/teatro-en-el-leonardo-favio-el-8-de-mayo-arranca-el-ciclo-bonino-2026\/#primaryimage"},"image":{"@id":"https:\/\/elregionalvm.com.ar\/noticias-villa-maria\/teatro-en-el-leonardo-favio-el-8-de-mayo-arranca-el-ciclo-bonino-2026\/#primaryimage"},"thumbnailUrl":"https:\/\/i0.wp.com\/elregionalvm.com.ar\/noticias-villa-maria\/wp-content\/uploads\/2026\/04\/Ciclo-Bonino-2026.jpeg?fit=600%2C316&ssl=1","datePublished":"2026-04-27T19:18:18+00:00","dateModified":"2026-04-27T19:19:23+00:00","author":{"@id":"http:\/\/elregionalvm.com.ar\/noticias-villa-maria\/#\/schema\/person\/a0fb9c422317faca23d50163151bc354"},"breadcrumb":{"@id":"https:\/\/elregionalvm.com.ar\/noticias-villa-maria\/teatro-en-el-leonardo-favio-el-8-de-mayo-arranca-el-ciclo-bonino-2026\/#breadcrumb"},"inLanguage":"es","potentialAction":[{"@type":"ReadAction","target":["https:\/\/elregionalvm.com.ar\/noticias-villa-maria\/teatro-en-el-leonardo-favio-el-8-de-mayo-arranca-el-ciclo-bonino-2026\/"]}]},{"@type":"ImageObject","inLanguage":"es","@id":"https:\/\/elregionalvm.com.ar\/noticias-villa-maria\/teatro-en-el-leonardo-favio-el-8-de-mayo-arranca-el-ciclo-bonino-2026\/#primaryimage","url":"https:\/\/i0.wp.com\/elregionalvm.com.ar\/noticias-villa-maria\/wp-content\/uploads\/2026\/04\/Ciclo-Bonino-2026.jpeg?fit=600%2C316&ssl=1","contentUrl":"https:\/\/i0.wp.com\/elregionalvm.com.ar\/noticias-villa-maria\/wp-content\/uploads\/2026\/04\/Ciclo-Bonino-2026.jpeg?fit=600%2C316&ssl=1","width":600,"height":316},{"@type":"BreadcrumbList","@id":"https:\/\/elregionalvm.com.ar\/noticias-villa-maria\/teatro-en-el-leonardo-favio-el-8-de-mayo-arranca-el-ciclo-bonino-2026\/#breadcrumb","itemListElement":[{"@type":"ListItem","position":1,"name":"Portada","item":"https:\/\/elregionalvm.com.ar\/noticias-villa-maria\/"},{"@type":"ListItem","position":2,"name":"Teatro en el Leonardo Favio: el 8 de mayo arranca el Ciclo Bonino 2026"}]},{"@type":"WebSite","@id":"http:\/\/elregionalvm.com.ar\/noticias-villa-maria\/#website","url":"http:\/\/elregionalvm.com.ar\/noticias-villa-maria\/","name":"El Regional","description":"Mucho m\u00e1s que informaci\u00f3n","potentialAction":[{"@type":"SearchAction","target":{"@type":"EntryPoint","urlTemplate":"http:\/\/elregionalvm.com.ar\/noticias-villa-maria\/?s={search_term_string}"},"query-input":{"@type":"PropertyValueSpecification","valueRequired":true,"valueName":"search_term_string"}}],"inLanguage":"es"},{"@type":"Person","@id":"http:\/\/elregionalvm.com.ar\/noticias-villa-maria\/#\/schema\/person\/a0fb9c422317faca23d50163151bc354","name":"Contenidos El Regional","image":{"@type":"ImageObject","inLanguage":"es","@id":"http:\/\/elregionalvm.com.ar\/noticias-villa-maria\/#\/schema\/person\/image\/","url":"https:\/\/secure.gravatar.com\/avatar\/265b27cb2209af7bb3a1318f03305787d7981a5cc6e6cd08fe5a4ecdf99d4b48?s=96&d=mm&r=g","contentUrl":"https:\/\/secure.gravatar.com\/avatar\/265b27cb2209af7bb3a1318f03305787d7981a5cc6e6cd08fe5a4ecdf99d4b48?s=96&d=mm&r=g","caption":"Contenidos El Regional"},"url":"https:\/\/elregionalvm.com.ar\/noticias-villa-maria\/author\/contenido\/"}]}},"jetpack_featured_media_url":"https:\/\/i0.wp.com\/elregionalvm.com.ar\/noticias-villa-maria\/wp-content\/uploads\/2026\/04\/Ciclo-Bonino-2026.jpeg?fit=600%2C316&ssl=1","jetpack_sharing_enabled":true,"_links":{"self":[{"href":"https:\/\/elregionalvm.com.ar\/noticias-villa-maria\/wp-json\/wp\/v2\/posts\/115686","targetHints":{"allow":["GET"]}}],"collection":[{"href":"https:\/\/elregionalvm.com.ar\/noticias-villa-maria\/wp-json\/wp\/v2\/posts"}],"about":[{"href":"https:\/\/elregionalvm.com.ar\/noticias-villa-maria\/wp-json\/wp\/v2\/types\/post"}],"author":[{"embeddable":true,"href":"https:\/\/elregionalvm.com.ar\/noticias-villa-maria\/wp-json\/wp\/v2\/users\/4"}],"replies":[{"embeddable":true,"href":"https:\/\/elregionalvm.com.ar\/noticias-villa-maria\/wp-json\/wp\/v2\/comments?post=115686"}],"version-history":[{"count":2,"href":"https:\/\/elregionalvm.com.ar\/noticias-villa-maria\/wp-json\/wp\/v2\/posts\/115686\/revisions"}],"predecessor-version":[{"id":115691,"href":"https:\/\/elregionalvm.com.ar\/noticias-villa-maria\/wp-json\/wp\/v2\/posts\/115686\/revisions\/115691"}],"wp:featuredmedia":[{"embeddable":true,"href":"https:\/\/elregionalvm.com.ar\/noticias-villa-maria\/wp-json\/wp\/v2\/media\/115687"}],"wp:attachment":[{"href":"https:\/\/elregionalvm.com.ar\/noticias-villa-maria\/wp-json\/wp\/v2\/media?parent=115686"}],"wp:term":[{"taxonomy":"category","embeddable":true,"href":"https:\/\/elregionalvm.com.ar\/noticias-villa-maria\/wp-json\/wp\/v2\/categories?post=115686"},{"taxonomy":"post_tag","embeddable":true,"href":"https:\/\/elregionalvm.com.ar\/noticias-villa-maria\/wp-json\/wp\/v2\/tags?post=115686"}],"curies":[{"name":"wp","href":"https:\/\/api.w.org\/{rel}","templated":true}]}}