{"id":115698,"date":"2026-04-28T16:57:45","date_gmt":"2026-04-28T16:57:45","guid":{"rendered":"https:\/\/elregionalvm.com.ar\/noticias-villa-maria\/?p=115698"},"modified":"2026-04-28T16:57:47","modified_gmt":"2026-04-28T16:57:47","slug":"acuerdo-en-conectando-saberes-estudiantes-destacados-podran-acceder-a-becas-de-la-universidad-siglo-21","status":"publish","type":"post","link":"https:\/\/elregionalvm.com.ar\/noticias-villa-maria\/acuerdo-en-conectando-saberes-estudiantes-destacados-podran-acceder-a-becas-de-la-universidad-siglo-21\/","title":{"rendered":"Acuerdo en Conectando Saberes: estudiantes destacados podr\u00e1n acceder a becas de la Universidad Siglo 21"},"content":{"rendered":"\n<h2 class=\"wp-block-heading\">En el marco de la Feria Conectando Saberes, la Universidad Siglo 21 firm\u00f3 convenios con escuelas secundarias de Villa Mar\u00eda para otorgar becas a estudiantes con trayectorias acad\u00e9micas destacadas, con el objetivo de facilitar el acceso a estudios superiores.<\/h2>\n\n\n\n<p><\/p>\n\n\n\n<p>La iniciativa cont\u00f3 con la participaci\u00f3n del intendente Eduardo Accastello, autoridades municipales, representantes de la casa de estudios y directivos de distintas instituciones educativas de la ciudad.<\/p>\n\n\n\n<figure class=\"wp-block-image aligncenter size-full\"><img data-recalc-dims=\"1\" fetchpriority=\"high\" decoding=\"async\" width=\"750\" height=\"562\" src=\"https:\/\/i0.wp.com\/elregionalvm.com.ar\/noticias-villa-maria\/wp-content\/uploads\/2026\/04\/siglo21.jpg?resize=750%2C562&#038;ssl=1\" alt=\"\" class=\"wp-image-115700\" srcset=\"https:\/\/i0.wp.com\/elregionalvm.com.ar\/noticias-villa-maria\/wp-content\/uploads\/2026\/04\/siglo21.jpg?w=750&amp;ssl=1 750w, https:\/\/i0.wp.com\/elregionalvm.com.ar\/noticias-villa-maria\/wp-content\/uploads\/2026\/04\/siglo21.jpg?resize=300%2C225&amp;ssl=1 300w\" sizes=\"(max-width: 750px) 100vw, 750px\" \/><\/figure>\n\n\n\n<p><\/p>\n\n\n\n<p><strong>El acuerdo prev\u00e9 beneficios econ\u00f3micos para alumnos con mejores promedios,<\/strong> quienes ser\u00e1n propuestos por las propias escuelas en funci\u00f3n de su desempe\u00f1o y compromiso durante el cursado.<\/p>\n\n\n\n<p>Durante el acto, <strong>Accastello destac\u00f3 que la propuesta busca ampliar las oportunidades educativas para los j\u00f3venes y acompa\u00f1ar a las familias en el contexto actual.<\/strong> Adem\u00e1s, valor\u00f3 las pol\u00edticas locales vinculadas a becas y apoyo estudiantil.<\/p>\n\n\n\n<p>Por su parte, desde la Universidad Siglo 21 se\u00f1alaron que estos convenios apuntan a incentivar el esfuerzo acad\u00e9mico y fortalecer el v\u00ednculo con las instituciones de nivel medio.<\/p>\n\n\n\n<p>Del acuerdo participaron directivos de escuelas p\u00fablicas y privadas de Villa Mar\u00eda, entre ellas el Instituto Bernardino Rivadavia, el Instituto del Rosario, el IPET N\u00b0 49 Domingo Faustino Sarmiento, la Escuela Superior Integral de Lecher\u00eda, el Instituto San Antonio y el Colegio Nacional, entre otras.<\/p>\n","protected":false},"excerpt":{"rendered":"<p>En el marco de la Feria Conectando Saberes, la Universidad Siglo 21 firm\u00f3 convenios con escuelas secundarias de Villa Mar\u00eda para otorgar becas a estudiantes con trayectorias acad\u00e9micas destacadas, con el objetivo de facilitar el acceso a estudios superiores. La iniciativa cont\u00f3 con la participaci\u00f3n del intendente Eduardo Accastello, autoridades municipales, representantes de la casa [&hellip;]<\/p>\n","protected":false},"author":4,"featured_media":115699,"comment_status":"open","ping_status":"open","sticky":false,"template":"","format":"standard","meta":{"site-sidebar-layout":"default","site-content-layout":"","ast-site-content-layout":"default","site-content-style":"default","site-sidebar-style":"default","ast-global-header-display":"","ast-banner-title-visibility":"","ast-main-header-display":"","ast-hfb-above-header-display":"","ast-hfb-below-header-display":"","ast-hfb-mobile-header-display":"","site-post-title":"","ast-breadcrumbs-content":"","ast-featured-img":"","footer-sml-layout":"","ast-disable-related-posts":"","theme-transparent-header-meta":"","adv-header-id-meta":"","stick-header-meta":"","header-above-stick-meta":"","header-main-stick-meta":"","header-below-stick-meta":"","astra-migrate-meta-layouts":"set","ast-page-background-enabled":"default","ast-page-background-meta":{"desktop":{"background-color":"","background-image":"","background-repeat":"repeat","background-position":"center center","background-size":"auto","background-attachment":"scroll","background-type":"","background-media":"","overlay-type":"","overlay-color":"","overlay-opacity":"","overlay-gradient":""},"tablet":{"background-color":"","background-image":"","background-repeat":"repeat","background-position":"center center","background-size":"auto","background-attachment":"scroll","background-type":"","background-media":"","overlay-type":"","overlay-color":"","overlay-opacity":"","overlay-gradient":""},"mobile":{"background-color":"","background-image":"","background-repeat":"repeat","background-position":"center center","background-size":"auto","background-attachment":"scroll","background-type":"","background-media":"","overlay-type":"","overlay-color":"","overlay-opacity":"","overlay-gradient":""}},"ast-content-background-meta":{"desktop":{"background-color":"var(--ast-global-color-5)","background-image":"","background-repeat":"repeat","background-position":"center center","background-size":"auto","background-attachment":"scroll","background-type":"","background-media":"","overlay-type":"","overlay-color":"","overlay-opacity":"","overlay-gradient":""},"tablet":{"background-color":"var(--ast-global-color-5)","background-image":"","background-repeat":"repeat","background-position":"center center","background-size":"auto","background-attachment":"scroll","background-type":"","background-media":"","overlay-type":"","overlay-color":"","overlay-opacity":"","overlay-gradient":""},"mobile":{"background-color":"var(--ast-global-color-5)","background-image":"","background-repeat":"repeat","background-position":"center center","background-size":"auto","background-attachment":"scroll","background-type":"","background-media":"","overlay-type":"","overlay-color":"","overlay-opacity":"","overlay-gradient":""}},"_jetpack_memberships_contains_paid_content":false,"_joinchat":[],"footnotes":""},"categories":[15302,2],"tags":[],"class_list":["post-115698","post","type-post","status-publish","format-standard","has-post-thumbnail","hentry","category-destacado","category-villa-maria"],"yoast_head":"<!-- This site is optimized with the Yoast SEO plugin v26.8 - https:\/\/yoast.com\/product\/yoast-seo-wordpress\/ -->\n<title>Acuerdo en Conectando Saberes: estudiantes destacados podr\u00e1n acceder a becas de la Universidad Siglo 21 - El Regional<\/title>\n<meta name=\"robots\" content=\"index, follow, max-snippet:-1, max-image-preview:large, max-video-preview:-1\" \/>\n<link rel=\"canonical\" href=\"https:\/\/elregionalvm.com.ar\/noticias-villa-maria\/acuerdo-en-conectando-saberes-estudiantes-destacados-podran-acceder-a-becas-de-la-universidad-siglo-21\/\" \/>\n<meta property=\"og:locale\" content=\"es_ES\" \/>\n<meta property=\"og:type\" content=\"article\" \/>\n<meta property=\"og:title\" content=\"Acuerdo en Conectando Saberes: estudiantes destacados podr\u00e1n acceder a becas de la Universidad Siglo 21 - El Regional\" \/>\n<meta property=\"og:description\" content=\"En el marco de la Feria Conectando Saberes, la Universidad Siglo 21 firm\u00f3 convenios con escuelas secundarias de Villa Mar\u00eda para otorgar becas a estudiantes con trayectorias acad\u00e9micas destacadas, con el objetivo de facilitar el acceso a estudios superiores. La iniciativa cont\u00f3 con la participaci\u00f3n del intendente Eduardo Accastello, autoridades municipales, representantes de la casa [&hellip;]\" \/>\n<meta property=\"og:url\" content=\"https:\/\/elregionalvm.com.ar\/noticias-villa-maria\/acuerdo-en-conectando-saberes-estudiantes-destacados-podran-acceder-a-becas-de-la-universidad-siglo-21\/\" \/>\n<meta property=\"og:site_name\" content=\"El Regional\" \/>\n<meta property=\"article:publisher\" content=\"https:\/\/www.facebook.com\/elregionalvm\" \/>\n<meta property=\"article:published_time\" content=\"2026-04-28T16:57:45+00:00\" \/>\n<meta property=\"article:modified_time\" content=\"2026-04-28T16:57:47+00:00\" \/>\n<meta property=\"og:image\" content=\"https:\/\/elregionalvm.com.ar\/noticias-villa-maria\/wp-content\/uploads\/2026\/04\/silgo21.webp\" \/>\n\t<meta property=\"og:image:width\" content=\"1000\" \/>\n\t<meta property=\"og:image:height\" content=\"667\" \/>\n\t<meta property=\"og:image:type\" content=\"image\/webp\" \/>\n<meta name=\"author\" content=\"Contenidos El Regional\" \/>\n<meta name=\"twitter:card\" content=\"summary_large_image\" \/>\n<meta name=\"twitter:creator\" content=\"@elregionalvm1\" \/>\n<meta name=\"twitter:site\" content=\"@elregionalvm1\" \/>\n<meta name=\"twitter:label1\" content=\"Escrito por\" \/>\n\t<meta name=\"twitter:data1\" content=\"Contenidos El Regional\" \/>\n\t<meta name=\"twitter:label2\" content=\"Tiempo de lectura\" \/>\n\t<meta name=\"twitter:data2\" content=\"2 minutos\" \/>\n<script type=\"application\/ld+json\" class=\"yoast-schema-graph\">{\"@context\":\"https:\/\/schema.org\",\"@graph\":[{\"@type\":\"Article\",\"@id\":\"https:\/\/elregionalvm.com.ar\/noticias-villa-maria\/acuerdo-en-conectando-saberes-estudiantes-destacados-podran-acceder-a-becas-de-la-universidad-siglo-21\/#article\",\"isPartOf\":{\"@id\":\"https:\/\/elregionalvm.com.ar\/noticias-villa-maria\/acuerdo-en-conectando-saberes-estudiantes-destacados-podran-acceder-a-becas-de-la-universidad-siglo-21\/\"},\"author\":{\"name\":\"Contenidos El Regional\",\"@id\":\"http:\/\/elregionalvm.com.ar\/noticias-villa-maria\/#\/schema\/person\/a0fb9c422317faca23d50163151bc354\"},\"headline\":\"Acuerdo en Conectando Saberes: estudiantes destacados podr\u00e1n acceder a becas de la Universidad Siglo 21\",\"datePublished\":\"2026-04-28T16:57:45+00:00\",\"dateModified\":\"2026-04-28T16:57:47+00:00\",\"mainEntityOfPage\":{\"@id\":\"https:\/\/elregionalvm.com.ar\/noticias-villa-maria\/acuerdo-en-conectando-saberes-estudiantes-destacados-podran-acceder-a-becas-de-la-universidad-siglo-21\/\"},\"wordCount\":231,\"commentCount\":0,\"image\":{\"@id\":\"https:\/\/elregionalvm.com.ar\/noticias-villa-maria\/acuerdo-en-conectando-saberes-estudiantes-destacados-podran-acceder-a-becas-de-la-universidad-siglo-21\/#primaryimage\"},\"thumbnailUrl\":\"https:\/\/i0.wp.com\/elregionalvm.com.ar\/noticias-villa-maria\/wp-content\/uploads\/2026\/04\/silgo21.webp?fit=1000%2C667&ssl=1\",\"articleSection\":[\"destacado\",\"Villa Mar\u00eda\"],\"inLanguage\":\"es\",\"potentialAction\":[{\"@type\":\"CommentAction\",\"name\":\"Comment\",\"target\":[\"https:\/\/elregionalvm.com.ar\/noticias-villa-maria\/acuerdo-en-conectando-saberes-estudiantes-destacados-podran-acceder-a-becas-de-la-universidad-siglo-21\/#respond\"]}]},{\"@type\":\"WebPage\",\"@id\":\"https:\/\/elregionalvm.com.ar\/noticias-villa-maria\/acuerdo-en-conectando-saberes-estudiantes-destacados-podran-acceder-a-becas-de-la-universidad-siglo-21\/\",\"url\":\"https:\/\/elregionalvm.com.ar\/noticias-villa-maria\/acuerdo-en-conectando-saberes-estudiantes-destacados-podran-acceder-a-becas-de-la-universidad-siglo-21\/\",\"name\":\"Acuerdo en Conectando Saberes: estudiantes destacados podr\u00e1n acceder a becas de la Universidad Siglo 21 - El Regional\",\"isPartOf\":{\"@id\":\"http:\/\/elregionalvm.com.ar\/noticias-villa-maria\/#website\"},\"primaryImageOfPage\":{\"@id\":\"https:\/\/elregionalvm.com.ar\/noticias-villa-maria\/acuerdo-en-conectando-saberes-estudiantes-destacados-podran-acceder-a-becas-de-la-universidad-siglo-21\/#primaryimage\"},\"image\":{\"@id\":\"https:\/\/elregionalvm.com.ar\/noticias-villa-maria\/acuerdo-en-conectando-saberes-estudiantes-destacados-podran-acceder-a-becas-de-la-universidad-siglo-21\/#primaryimage\"},\"thumbnailUrl\":\"https:\/\/i0.wp.com\/elregionalvm.com.ar\/noticias-villa-maria\/wp-content\/uploads\/2026\/04\/silgo21.webp?fit=1000%2C667&ssl=1\",\"datePublished\":\"2026-04-28T16:57:45+00:00\",\"dateModified\":\"2026-04-28T16:57:47+00:00\",\"author\":{\"@id\":\"http:\/\/elregionalvm.com.ar\/noticias-villa-maria\/#\/schema\/person\/a0fb9c422317faca23d50163151bc354\"},\"breadcrumb\":{\"@id\":\"https:\/\/elregionalvm.com.ar\/noticias-villa-maria\/acuerdo-en-conectando-saberes-estudiantes-destacados-podran-acceder-a-becas-de-la-universidad-siglo-21\/#breadcrumb\"},\"inLanguage\":\"es\",\"potentialAction\":[{\"@type\":\"ReadAction\",\"target\":[\"https:\/\/elregionalvm.com.ar\/noticias-villa-maria\/acuerdo-en-conectando-saberes-estudiantes-destacados-podran-acceder-a-becas-de-la-universidad-siglo-21\/\"]}]},{\"@type\":\"ImageObject\",\"inLanguage\":\"es\",\"@id\":\"https:\/\/elregionalvm.com.ar\/noticias-villa-maria\/acuerdo-en-conectando-saberes-estudiantes-destacados-podran-acceder-a-becas-de-la-universidad-siglo-21\/#primaryimage\",\"url\":\"https:\/\/i0.wp.com\/elregionalvm.com.ar\/noticias-villa-maria\/wp-content\/uploads\/2026\/04\/silgo21.webp?fit=1000%2C667&ssl=1\",\"contentUrl\":\"https:\/\/i0.wp.com\/elregionalvm.com.ar\/noticias-villa-maria\/wp-content\/uploads\/2026\/04\/silgo21.webp?fit=1000%2C667&ssl=1\",\"width\":1000,\"height\":667},{\"@type\":\"BreadcrumbList\",\"@id\":\"https:\/\/elregionalvm.com.ar\/noticias-villa-maria\/acuerdo-en-conectando-saberes-estudiantes-destacados-podran-acceder-a-becas-de-la-universidad-siglo-21\/#breadcrumb\",\"itemListElement\":[{\"@type\":\"ListItem\",\"position\":1,\"name\":\"Portada\",\"item\":\"https:\/\/elregionalvm.com.ar\/noticias-villa-maria\/\"},{\"@type\":\"ListItem\",\"position\":2,\"name\":\"Acuerdo en Conectando Saberes: estudiantes destacados podr\u00e1n acceder a becas de la Universidad Siglo 21\"}]},{\"@type\":\"WebSite\",\"@id\":\"http:\/\/elregionalvm.com.ar\/noticias-villa-maria\/#website\",\"url\":\"http:\/\/elregionalvm.com.ar\/noticias-villa-maria\/\",\"name\":\"El Regional\",\"description\":\"Mucho m\u00e1s que informaci\u00f3n\",\"potentialAction\":[{\"@type\":\"SearchAction\",\"target\":{\"@type\":\"EntryPoint\",\"urlTemplate\":\"http:\/\/elregionalvm.com.ar\/noticias-villa-maria\/?s={search_term_string}\"},\"query-input\":{\"@type\":\"PropertyValueSpecification\",\"valueRequired\":true,\"valueName\":\"search_term_string\"}}],\"inLanguage\":\"es\"},{\"@type\":\"Person\",\"@id\":\"http:\/\/elregionalvm.com.ar\/noticias-villa-maria\/#\/schema\/person\/a0fb9c422317faca23d50163151bc354\",\"name\":\"Contenidos El Regional\",\"image\":{\"@type\":\"ImageObject\",\"inLanguage\":\"es\",\"@id\":\"http:\/\/elregionalvm.com.ar\/noticias-villa-maria\/#\/schema\/person\/image\/\",\"url\":\"https:\/\/secure.gravatar.com\/avatar\/265b27cb2209af7bb3a1318f03305787d7981a5cc6e6cd08fe5a4ecdf99d4b48?s=96&d=mm&r=g\",\"contentUrl\":\"https:\/\/secure.gravatar.com\/avatar\/265b27cb2209af7bb3a1318f03305787d7981a5cc6e6cd08fe5a4ecdf99d4b48?s=96&d=mm&r=g\",\"caption\":\"Contenidos El Regional\"},\"url\":\"https:\/\/elregionalvm.com.ar\/noticias-villa-maria\/author\/contenido\/\"}]}<\/script>\n<!-- \/ Yoast SEO plugin. -->","yoast_head_json":{"title":"Acuerdo en Conectando Saberes: estudiantes destacados podr\u00e1n acceder a becas de la Universidad Siglo 21 - El Regional","robots":{"index":"index","follow":"follow","max-snippet":"max-snippet:-1","max-image-preview":"max-image-preview:large","max-video-preview":"max-video-preview:-1"},"canonical":"https:\/\/elregionalvm.com.ar\/noticias-villa-maria\/acuerdo-en-conectando-saberes-estudiantes-destacados-podran-acceder-a-becas-de-la-universidad-siglo-21\/","og_locale":"es_ES","og_type":"article","og_title":"Acuerdo en Conectando Saberes: estudiantes destacados podr\u00e1n acceder a becas de la Universidad Siglo 21 - El Regional","og_description":"En el marco de la Feria Conectando Saberes, la Universidad Siglo 21 firm\u00f3 convenios con escuelas secundarias de Villa Mar\u00eda para otorgar becas a estudiantes con trayectorias acad\u00e9micas destacadas, con el objetivo de facilitar el acceso a estudios superiores. La iniciativa cont\u00f3 con la participaci\u00f3n del intendente Eduardo Accastello, autoridades municipales, representantes de la casa [&hellip;]","og_url":"https:\/\/elregionalvm.com.ar\/noticias-villa-maria\/acuerdo-en-conectando-saberes-estudiantes-destacados-podran-acceder-a-becas-de-la-universidad-siglo-21\/","og_site_name":"El Regional","article_publisher":"https:\/\/www.facebook.com\/elregionalvm","article_published_time":"2026-04-28T16:57:45+00:00","article_modified_time":"2026-04-28T16:57:47+00:00","og_image":[{"width":1000,"height":667,"url":"https:\/\/elregionalvm.com.ar\/noticias-villa-maria\/wp-content\/uploads\/2026\/04\/silgo21.webp","type":"image\/webp"}],"author":"Contenidos El Regional","twitter_card":"summary_large_image","twitter_creator":"@elregionalvm1","twitter_site":"@elregionalvm1","twitter_misc":{"Escrito por":"Contenidos El Regional","Tiempo de lectura":"2 minutos"},"schema":{"@context":"https:\/\/schema.org","@graph":[{"@type":"Article","@id":"https:\/\/elregionalvm.com.ar\/noticias-villa-maria\/acuerdo-en-conectando-saberes-estudiantes-destacados-podran-acceder-a-becas-de-la-universidad-siglo-21\/#article","isPartOf":{"@id":"https:\/\/elregionalvm.com.ar\/noticias-villa-maria\/acuerdo-en-conectando-saberes-estudiantes-destacados-podran-acceder-a-becas-de-la-universidad-siglo-21\/"},"author":{"name":"Contenidos El Regional","@id":"http:\/\/elregionalvm.com.ar\/noticias-villa-maria\/#\/schema\/person\/a0fb9c422317faca23d50163151bc354"},"headline":"Acuerdo en Conectando Saberes: estudiantes destacados podr\u00e1n acceder a becas de la Universidad Siglo 21","datePublished":"2026-04-28T16:57:45+00:00","dateModified":"2026-04-28T16:57:47+00:00","mainEntityOfPage":{"@id":"https:\/\/elregionalvm.com.ar\/noticias-villa-maria\/acuerdo-en-conectando-saberes-estudiantes-destacados-podran-acceder-a-becas-de-la-universidad-siglo-21\/"},"wordCount":231,"commentCount":0,"image":{"@id":"https:\/\/elregionalvm.com.ar\/noticias-villa-maria\/acuerdo-en-conectando-saberes-estudiantes-destacados-podran-acceder-a-becas-de-la-universidad-siglo-21\/#primaryimage"},"thumbnailUrl":"https:\/\/i0.wp.com\/elregionalvm.com.ar\/noticias-villa-maria\/wp-content\/uploads\/2026\/04\/silgo21.webp?fit=1000%2C667&ssl=1","articleSection":["destacado","Villa Mar\u00eda"],"inLanguage":"es","potentialAction":[{"@type":"CommentAction","name":"Comment","target":["https:\/\/elregionalvm.com.ar\/noticias-villa-maria\/acuerdo-en-conectando-saberes-estudiantes-destacados-podran-acceder-a-becas-de-la-universidad-siglo-21\/#respond"]}]},{"@type":"WebPage","@id":"https:\/\/elregionalvm.com.ar\/noticias-villa-maria\/acuerdo-en-conectando-saberes-estudiantes-destacados-podran-acceder-a-becas-de-la-universidad-siglo-21\/","url":"https:\/\/elregionalvm.com.ar\/noticias-villa-maria\/acuerdo-en-conectando-saberes-estudiantes-destacados-podran-acceder-a-becas-de-la-universidad-siglo-21\/","name":"Acuerdo en Conectando Saberes: estudiantes destacados podr\u00e1n acceder a becas de la Universidad Siglo 21 - El Regional","isPartOf":{"@id":"http:\/\/elregionalvm.com.ar\/noticias-villa-maria\/#website"},"primaryImageOfPage":{"@id":"https:\/\/elregionalvm.com.ar\/noticias-villa-maria\/acuerdo-en-conectando-saberes-estudiantes-destacados-podran-acceder-a-becas-de-la-universidad-siglo-21\/#primaryimage"},"image":{"@id":"https:\/\/elregionalvm.com.ar\/noticias-villa-maria\/acuerdo-en-conectando-saberes-estudiantes-destacados-podran-acceder-a-becas-de-la-universidad-siglo-21\/#primaryimage"},"thumbnailUrl":"https:\/\/i0.wp.com\/elregionalvm.com.ar\/noticias-villa-maria\/wp-content\/uploads\/2026\/04\/silgo21.webp?fit=1000%2C667&ssl=1","datePublished":"2026-04-28T16:57:45+00:00","dateModified":"2026-04-28T16:57:47+00:00","author":{"@id":"http:\/\/elregionalvm.com.ar\/noticias-villa-maria\/#\/schema\/person\/a0fb9c422317faca23d50163151bc354"},"breadcrumb":{"@id":"https:\/\/elregionalvm.com.ar\/noticias-villa-maria\/acuerdo-en-conectando-saberes-estudiantes-destacados-podran-acceder-a-becas-de-la-universidad-siglo-21\/#breadcrumb"},"inLanguage":"es","potentialAction":[{"@type":"ReadAction","target":["https:\/\/elregionalvm.com.ar\/noticias-villa-maria\/acuerdo-en-conectando-saberes-estudiantes-destacados-podran-acceder-a-becas-de-la-universidad-siglo-21\/"]}]},{"@type":"ImageObject","inLanguage":"es","@id":"https:\/\/elregionalvm.com.ar\/noticias-villa-maria\/acuerdo-en-conectando-saberes-estudiantes-destacados-podran-acceder-a-becas-de-la-universidad-siglo-21\/#primaryimage","url":"https:\/\/i0.wp.com\/elregionalvm.com.ar\/noticias-villa-maria\/wp-content\/uploads\/2026\/04\/silgo21.webp?fit=1000%2C667&ssl=1","contentUrl":"https:\/\/i0.wp.com\/elregionalvm.com.ar\/noticias-villa-maria\/wp-content\/uploads\/2026\/04\/silgo21.webp?fit=1000%2C667&ssl=1","width":1000,"height":667},{"@type":"BreadcrumbList","@id":"https:\/\/elregionalvm.com.ar\/noticias-villa-maria\/acuerdo-en-conectando-saberes-estudiantes-destacados-podran-acceder-a-becas-de-la-universidad-siglo-21\/#breadcrumb","itemListElement":[{"@type":"ListItem","position":1,"name":"Portada","item":"https:\/\/elregionalvm.com.ar\/noticias-villa-maria\/"},{"@type":"ListItem","position":2,"name":"Acuerdo en Conectando Saberes: estudiantes destacados podr\u00e1n acceder a becas de la Universidad Siglo 21"}]},{"@type":"WebSite","@id":"http:\/\/elregionalvm.com.ar\/noticias-villa-maria\/#website","url":"http:\/\/elregionalvm.com.ar\/noticias-villa-maria\/","name":"El Regional","description":"Mucho m\u00e1s que informaci\u00f3n","potentialAction":[{"@type":"SearchAction","target":{"@type":"EntryPoint","urlTemplate":"http:\/\/elregionalvm.com.ar\/noticias-villa-maria\/?s={search_term_string}"},"query-input":{"@type":"PropertyValueSpecification","valueRequired":true,"valueName":"search_term_string"}}],"inLanguage":"es"},{"@type":"Person","@id":"http:\/\/elregionalvm.com.ar\/noticias-villa-maria\/#\/schema\/person\/a0fb9c422317faca23d50163151bc354","name":"Contenidos El Regional","image":{"@type":"ImageObject","inLanguage":"es","@id":"http:\/\/elregionalvm.com.ar\/noticias-villa-maria\/#\/schema\/person\/image\/","url":"https:\/\/secure.gravatar.com\/avatar\/265b27cb2209af7bb3a1318f03305787d7981a5cc6e6cd08fe5a4ecdf99d4b48?s=96&d=mm&r=g","contentUrl":"https:\/\/secure.gravatar.com\/avatar\/265b27cb2209af7bb3a1318f03305787d7981a5cc6e6cd08fe5a4ecdf99d4b48?s=96&d=mm&r=g","caption":"Contenidos El Regional"},"url":"https:\/\/elregionalvm.com.ar\/noticias-villa-maria\/author\/contenido\/"}]}},"jetpack_featured_media_url":"https:\/\/i0.wp.com\/elregionalvm.com.ar\/noticias-villa-maria\/wp-content\/uploads\/2026\/04\/silgo21.webp?fit=1000%2C667&ssl=1","jetpack_sharing_enabled":true,"_links":{"self":[{"href":"https:\/\/elregionalvm.com.ar\/noticias-villa-maria\/wp-json\/wp\/v2\/posts\/115698","targetHints":{"allow":["GET"]}}],"collection":[{"href":"https:\/\/elregionalvm.com.ar\/noticias-villa-maria\/wp-json\/wp\/v2\/posts"}],"about":[{"href":"https:\/\/elregionalvm.com.ar\/noticias-villa-maria\/wp-json\/wp\/v2\/types\/post"}],"author":[{"embeddable":true,"href":"https:\/\/elregionalvm.com.ar\/noticias-villa-maria\/wp-json\/wp\/v2\/users\/4"}],"replies":[{"embeddable":true,"href":"https:\/\/elregionalvm.com.ar\/noticias-villa-maria\/wp-json\/wp\/v2\/comments?post=115698"}],"version-history":[{"count":1,"href":"https:\/\/elregionalvm.com.ar\/noticias-villa-maria\/wp-json\/wp\/v2\/posts\/115698\/revisions"}],"predecessor-version":[{"id":115701,"href":"https:\/\/elregionalvm.com.ar\/noticias-villa-maria\/wp-json\/wp\/v2\/posts\/115698\/revisions\/115701"}],"wp:featuredmedia":[{"embeddable":true,"href":"https:\/\/elregionalvm.com.ar\/noticias-villa-maria\/wp-json\/wp\/v2\/media\/115699"}],"wp:attachment":[{"href":"https:\/\/elregionalvm.com.ar\/noticias-villa-maria\/wp-json\/wp\/v2\/media?parent=115698"}],"wp:term":[{"taxonomy":"category","embeddable":true,"href":"https:\/\/elregionalvm.com.ar\/noticias-villa-maria\/wp-json\/wp\/v2\/categories?post=115698"},{"taxonomy":"post_tag","embeddable":true,"href":"https:\/\/elregionalvm.com.ar\/noticias-villa-maria\/wp-json\/wp\/v2\/tags?post=115698"}],"curies":[{"name":"wp","href":"https:\/\/api.w.org\/{rel}","templated":true}]}}