{"id":115703,"date":"2026-04-28T17:04:04","date_gmt":"2026-04-28T17:04:04","guid":{"rendered":"https:\/\/elregionalvm.com.ar\/noticias-villa-maria\/?p=115703"},"modified":"2026-04-28T17:04:06","modified_gmt":"2026-04-28T17:04:06","slug":"figuritas-del-mundial-2026-cuanto-costarian-y-cuando-llegan-a-los-kioscos","status":"publish","type":"post","link":"https:\/\/elregionalvm.com.ar\/noticias-villa-maria\/figuritas-del-mundial-2026-cuanto-costarian-y-cuando-llegan-a-los-kioscos\/","title":{"rendered":"Figuritas del Mundial 2026: cu\u00e1nto costar\u00edan y cu\u00e1ndo llegan a los kioscos"},"content":{"rendered":"\n<h2 class=\"wp-block-heading\">El pr\u00f3ximo <strong>30 de abril,<\/strong> la empresa Panini lanzar\u00e1 oficialmente el \u00e1lbum y las figuritas del Mundial 2026, uno de los productos m\u00e1s esperados por kiosqueros y fan\u00e1ticos en todo el pa\u00eds.<\/h2>\n\n\n\n<p><\/p>\n\n\n\n<p>Seg\u00fan anticip\u00f3 N\u00e9stor Palacios, vicepresidente de la Uni\u00f3n de Kiosqueros,  la distribuci\u00f3n comenzar\u00e1 en Capital Federal y el Gran Buenos Aires, aunque esperan que llegue r\u00e1pidamente a todo el pa\u00eds para evitar faltantes y sobreprecios, como ocurri\u00f3 en ediciones anteriores.<\/p>\n\n\n\n<p><em>\u201cEsperamos que este a\u00f1o todos los kiosqueros a nivel nacional tengan este producto\u201d, <\/em>se\u00f1al\u00f3 Palacios, quien remarc\u00f3 adem\u00e1s la importancia econ\u00f3mica de las figuritas para el sector.<\/p>\n\n\n\n<figure class=\"wp-block-image aligncenter size-full\"><img data-recalc-dims=\"1\" fetchpriority=\"high\" decoding=\"async\" width=\"250\" height=\"335\" src=\"https:\/\/i0.wp.com\/elregionalvm.com.ar\/noticias-villa-maria\/wp-content\/uploads\/2026\/04\/mundial.jpg?resize=250%2C335&#038;ssl=1\" alt=\"\" class=\"wp-image-115705\" srcset=\"https:\/\/i0.wp.com\/elregionalvm.com.ar\/noticias-villa-maria\/wp-content\/uploads\/2026\/04\/mundial.jpg?w=250&amp;ssl=1 250w, https:\/\/i0.wp.com\/elregionalvm.com.ar\/noticias-villa-maria\/wp-content\/uploads\/2026\/04\/mundial.jpg?resize=224%2C300&amp;ssl=1 224w\" sizes=\"(max-width: 250px) 100vw, 250px\" \/><\/figure>\n\n\n\n<p><\/p>\n\n\n\n<p>En un contexto de consumo complejo, explic\u00f3 que representan \u201cun respiro\u201d para los comercios: funcionan como un \u201cgancho\u201d que impulsa otras ventas, ya que quienes compran figuritas suelen sumar golosinas u otros productos.<\/p>\n\n\n\n<p>En cuanto a los precios, si bien a\u00fan no hay confirmaci\u00f3n oficial, se estima que e<strong>l \u00e1lbum costar\u00e1 alrededor de $15.000,<\/strong> mientras que cada sobre de <strong>figuritas <\/strong>se ubicar\u00eda entre <strong>$2.000 y $2.500.<\/strong><\/p>\n\n\n\n<p>Sobre la disponibilidad, Palacios se mostr\u00f3 optimista: <em>\u201cCreo que este a\u00f1o va a haber figuritas en todos los kioscos y a precios accesibles para el vecino\u201d.<\/em><\/p>\n\n\n\n<p><strong>Tambi\u00e9n advirti\u00f3 sobre posibles estafas y el mercado informal<\/strong>, ante la aparici\u00f3n de publicaciones en plataformas digitales antes del lanzamiento: recomend\u00f3 esperar a la venta oficial y comprar \u00fanicamente en puntos autorizados para evitar falsificaciones.<\/p>\n\n\n\n<p><em>Fuente: Cadena 3<\/em><\/p>\n","protected":false},"excerpt":{"rendered":"<p>El pr\u00f3ximo 30 de abril, la empresa Panini lanzar\u00e1 oficialmente el \u00e1lbum y las figuritas del Mundial 2026, uno de los productos m\u00e1s esperados por kiosqueros y fan\u00e1ticos en todo el pa\u00eds. Seg\u00fan anticip\u00f3 N\u00e9stor Palacios, vicepresidente de la Uni\u00f3n de Kiosqueros, la distribuci\u00f3n comenzar\u00e1 en Capital Federal y el Gran Buenos Aires, aunque esperan [&hellip;]<\/p>\n","protected":false},"author":4,"featured_media":115704,"comment_status":"open","ping_status":"open","sticky":false,"template":"","format":"standard","meta":{"site-sidebar-layout":"default","site-content-layout":"","ast-site-content-layout":"default","site-content-style":"default","site-sidebar-style":"default","ast-global-header-display":"","ast-banner-title-visibility":"","ast-main-header-display":"","ast-hfb-above-header-display":"","ast-hfb-below-header-display":"","ast-hfb-mobile-header-display":"","site-post-title":"","ast-breadcrumbs-content":"","ast-featured-img":"","footer-sml-layout":"","ast-disable-related-posts":"","theme-transparent-header-meta":"","adv-header-id-meta":"","stick-header-meta":"","header-above-stick-meta":"","header-main-stick-meta":"","header-below-stick-meta":"","astra-migrate-meta-layouts":"set","ast-page-background-enabled":"default","ast-page-background-meta":{"desktop":{"background-color":"","background-image":"","background-repeat":"repeat","background-position":"center center","background-size":"auto","background-attachment":"scroll","background-type":"","background-media":"","overlay-type":"","overlay-color":"","overlay-opacity":"","overlay-gradient":""},"tablet":{"background-color":"","background-image":"","background-repeat":"repeat","background-position":"center center","background-size":"auto","background-attachment":"scroll","background-type":"","background-media":"","overlay-type":"","overlay-color":"","overlay-opacity":"","overlay-gradient":""},"mobile":{"background-color":"","background-image":"","background-repeat":"repeat","background-position":"center center","background-size":"auto","background-attachment":"scroll","background-type":"","background-media":"","overlay-type":"","overlay-color":"","overlay-opacity":"","overlay-gradient":""}},"ast-content-background-meta":{"desktop":{"background-color":"var(--ast-global-color-5)","background-image":"","background-repeat":"repeat","background-position":"center center","background-size":"auto","background-attachment":"scroll","background-type":"","background-media":"","overlay-type":"","overlay-color":"","overlay-opacity":"","overlay-gradient":""},"tablet":{"background-color":"var(--ast-global-color-5)","background-image":"","background-repeat":"repeat","background-position":"center center","background-size":"auto","background-attachment":"scroll","background-type":"","background-media":"","overlay-type":"","overlay-color":"","overlay-opacity":"","overlay-gradient":""},"mobile":{"background-color":"var(--ast-global-color-5)","background-image":"","background-repeat":"repeat","background-position":"center center","background-size":"auto","background-attachment":"scroll","background-type":"","background-media":"","overlay-type":"","overlay-color":"","overlay-opacity":"","overlay-gradient":""}},"_jetpack_memberships_contains_paid_content":false,"_joinchat":[],"footnotes":""},"categories":[15158,15302],"tags":[],"class_list":["post-115703","post","type-post","status-publish","format-standard","has-post-thumbnail","hentry","category-deporte","category-destacado"],"yoast_head":"<!-- This site is optimized with the Yoast SEO plugin v26.8 - https:\/\/yoast.com\/product\/yoast-seo-wordpress\/ -->\n<title>Figuritas del Mundial 2026: cu\u00e1nto costar\u00edan y cu\u00e1ndo llegan a los kioscos - El Regional<\/title>\n<meta name=\"robots\" content=\"index, follow, max-snippet:-1, max-image-preview:large, max-video-preview:-1\" \/>\n<link rel=\"canonical\" href=\"https:\/\/elregionalvm.com.ar\/noticias-villa-maria\/figuritas-del-mundial-2026-cuanto-costarian-y-cuando-llegan-a-los-kioscos\/\" \/>\n<meta property=\"og:locale\" content=\"es_ES\" \/>\n<meta property=\"og:type\" content=\"article\" \/>\n<meta property=\"og:title\" content=\"Figuritas del Mundial 2026: cu\u00e1nto costar\u00edan y cu\u00e1ndo llegan a los kioscos - El Regional\" \/>\n<meta property=\"og:description\" content=\"El pr\u00f3ximo 30 de abril, la empresa Panini lanzar\u00e1 oficialmente el \u00e1lbum y las figuritas del Mundial 2026, uno de los productos m\u00e1s esperados por kiosqueros y fan\u00e1ticos en todo el pa\u00eds. Seg\u00fan anticip\u00f3 N\u00e9stor Palacios, vicepresidente de la Uni\u00f3n de Kiosqueros, la distribuci\u00f3n comenzar\u00e1 en Capital Federal y el Gran Buenos Aires, aunque esperan [&hellip;]\" \/>\n<meta property=\"og:url\" content=\"https:\/\/elregionalvm.com.ar\/noticias-villa-maria\/figuritas-del-mundial-2026-cuanto-costarian-y-cuando-llegan-a-los-kioscos\/\" \/>\n<meta property=\"og:site_name\" content=\"El Regional\" \/>\n<meta property=\"article:publisher\" content=\"https:\/\/www.facebook.com\/elregionalvm\" \/>\n<meta property=\"article:published_time\" content=\"2026-04-28T17:04:04+00:00\" \/>\n<meta property=\"article:modified_time\" content=\"2026-04-28T17:04:06+00:00\" \/>\n<meta property=\"og:image\" content=\"https:\/\/elregionalvm.com.ar\/noticias-villa-maria\/wp-content\/uploads\/2026\/04\/figus_mundial.jpg\" \/>\n\t<meta property=\"og:image:width\" content=\"1200\" \/>\n\t<meta property=\"og:image:height\" content=\"740\" \/>\n\t<meta property=\"og:image:type\" content=\"image\/jpeg\" \/>\n<meta name=\"author\" content=\"Contenidos El Regional\" \/>\n<meta name=\"twitter:card\" content=\"summary_large_image\" \/>\n<meta name=\"twitter:creator\" content=\"@elregionalvm1\" \/>\n<meta name=\"twitter:site\" content=\"@elregionalvm1\" \/>\n<meta name=\"twitter:label1\" content=\"Escrito por\" \/>\n\t<meta name=\"twitter:data1\" content=\"Contenidos El Regional\" \/>\n\t<meta name=\"twitter:label2\" content=\"Tiempo de lectura\" \/>\n\t<meta name=\"twitter:data2\" content=\"2 minutos\" \/>\n<script type=\"application\/ld+json\" class=\"yoast-schema-graph\">{\"@context\":\"https:\/\/schema.org\",\"@graph\":[{\"@type\":\"Article\",\"@id\":\"https:\/\/elregionalvm.com.ar\/noticias-villa-maria\/figuritas-del-mundial-2026-cuanto-costarian-y-cuando-llegan-a-los-kioscos\/#article\",\"isPartOf\":{\"@id\":\"https:\/\/elregionalvm.com.ar\/noticias-villa-maria\/figuritas-del-mundial-2026-cuanto-costarian-y-cuando-llegan-a-los-kioscos\/\"},\"author\":{\"name\":\"Contenidos El Regional\",\"@id\":\"http:\/\/elregionalvm.com.ar\/noticias-villa-maria\/#\/schema\/person\/a0fb9c422317faca23d50163151bc354\"},\"headline\":\"Figuritas del Mundial 2026: cu\u00e1nto costar\u00edan y cu\u00e1ndo llegan a los kioscos\",\"datePublished\":\"2026-04-28T17:04:04+00:00\",\"dateModified\":\"2026-04-28T17:04:06+00:00\",\"mainEntityOfPage\":{\"@id\":\"https:\/\/elregionalvm.com.ar\/noticias-villa-maria\/figuritas-del-mundial-2026-cuanto-costarian-y-cuando-llegan-a-los-kioscos\/\"},\"wordCount\":257,\"commentCount\":0,\"image\":{\"@id\":\"https:\/\/elregionalvm.com.ar\/noticias-villa-maria\/figuritas-del-mundial-2026-cuanto-costarian-y-cuando-llegan-a-los-kioscos\/#primaryimage\"},\"thumbnailUrl\":\"https:\/\/i0.wp.com\/elregionalvm.com.ar\/noticias-villa-maria\/wp-content\/uploads\/2026\/04\/figus_mundial.jpg?fit=1200%2C740&ssl=1\",\"articleSection\":[\"Deporte\",\"destacado\"],\"inLanguage\":\"es\",\"potentialAction\":[{\"@type\":\"CommentAction\",\"name\":\"Comment\",\"target\":[\"https:\/\/elregionalvm.com.ar\/noticias-villa-maria\/figuritas-del-mundial-2026-cuanto-costarian-y-cuando-llegan-a-los-kioscos\/#respond\"]}]},{\"@type\":\"WebPage\",\"@id\":\"https:\/\/elregionalvm.com.ar\/noticias-villa-maria\/figuritas-del-mundial-2026-cuanto-costarian-y-cuando-llegan-a-los-kioscos\/\",\"url\":\"https:\/\/elregionalvm.com.ar\/noticias-villa-maria\/figuritas-del-mundial-2026-cuanto-costarian-y-cuando-llegan-a-los-kioscos\/\",\"name\":\"Figuritas del Mundial 2026: cu\u00e1nto costar\u00edan y cu\u00e1ndo llegan a los kioscos - El Regional\",\"isPartOf\":{\"@id\":\"http:\/\/elregionalvm.com.ar\/noticias-villa-maria\/#website\"},\"primaryImageOfPage\":{\"@id\":\"https:\/\/elregionalvm.com.ar\/noticias-villa-maria\/figuritas-del-mundial-2026-cuanto-costarian-y-cuando-llegan-a-los-kioscos\/#primaryimage\"},\"image\":{\"@id\":\"https:\/\/elregionalvm.com.ar\/noticias-villa-maria\/figuritas-del-mundial-2026-cuanto-costarian-y-cuando-llegan-a-los-kioscos\/#primaryimage\"},\"thumbnailUrl\":\"https:\/\/i0.wp.com\/elregionalvm.com.ar\/noticias-villa-maria\/wp-content\/uploads\/2026\/04\/figus_mundial.jpg?fit=1200%2C740&ssl=1\",\"datePublished\":\"2026-04-28T17:04:04+00:00\",\"dateModified\":\"2026-04-28T17:04:06+00:00\",\"author\":{\"@id\":\"http:\/\/elregionalvm.com.ar\/noticias-villa-maria\/#\/schema\/person\/a0fb9c422317faca23d50163151bc354\"},\"breadcrumb\":{\"@id\":\"https:\/\/elregionalvm.com.ar\/noticias-villa-maria\/figuritas-del-mundial-2026-cuanto-costarian-y-cuando-llegan-a-los-kioscos\/#breadcrumb\"},\"inLanguage\":\"es\",\"potentialAction\":[{\"@type\":\"ReadAction\",\"target\":[\"https:\/\/elregionalvm.com.ar\/noticias-villa-maria\/figuritas-del-mundial-2026-cuanto-costarian-y-cuando-llegan-a-los-kioscos\/\"]}]},{\"@type\":\"ImageObject\",\"inLanguage\":\"es\",\"@id\":\"https:\/\/elregionalvm.com.ar\/noticias-villa-maria\/figuritas-del-mundial-2026-cuanto-costarian-y-cuando-llegan-a-los-kioscos\/#primaryimage\",\"url\":\"https:\/\/i0.wp.com\/elregionalvm.com.ar\/noticias-villa-maria\/wp-content\/uploads\/2026\/04\/figus_mundial.jpg?fit=1200%2C740&ssl=1\",\"contentUrl\":\"https:\/\/i0.wp.com\/elregionalvm.com.ar\/noticias-villa-maria\/wp-content\/uploads\/2026\/04\/figus_mundial.jpg?fit=1200%2C740&ssl=1\",\"width\":1200,\"height\":740},{\"@type\":\"BreadcrumbList\",\"@id\":\"https:\/\/elregionalvm.com.ar\/noticias-villa-maria\/figuritas-del-mundial-2026-cuanto-costarian-y-cuando-llegan-a-los-kioscos\/#breadcrumb\",\"itemListElement\":[{\"@type\":\"ListItem\",\"position\":1,\"name\":\"Portada\",\"item\":\"https:\/\/elregionalvm.com.ar\/noticias-villa-maria\/\"},{\"@type\":\"ListItem\",\"position\":2,\"name\":\"Figuritas del Mundial 2026: cu\u00e1nto costar\u00edan y cu\u00e1ndo llegan a los kioscos\"}]},{\"@type\":\"WebSite\",\"@id\":\"http:\/\/elregionalvm.com.ar\/noticias-villa-maria\/#website\",\"url\":\"http:\/\/elregionalvm.com.ar\/noticias-villa-maria\/\",\"name\":\"El Regional\",\"description\":\"Mucho m\u00e1s que informaci\u00f3n\",\"potentialAction\":[{\"@type\":\"SearchAction\",\"target\":{\"@type\":\"EntryPoint\",\"urlTemplate\":\"http:\/\/elregionalvm.com.ar\/noticias-villa-maria\/?s={search_term_string}\"},\"query-input\":{\"@type\":\"PropertyValueSpecification\",\"valueRequired\":true,\"valueName\":\"search_term_string\"}}],\"inLanguage\":\"es\"},{\"@type\":\"Person\",\"@id\":\"http:\/\/elregionalvm.com.ar\/noticias-villa-maria\/#\/schema\/person\/a0fb9c422317faca23d50163151bc354\",\"name\":\"Contenidos El Regional\",\"image\":{\"@type\":\"ImageObject\",\"inLanguage\":\"es\",\"@id\":\"http:\/\/elregionalvm.com.ar\/noticias-villa-maria\/#\/schema\/person\/image\/\",\"url\":\"https:\/\/secure.gravatar.com\/avatar\/265b27cb2209af7bb3a1318f03305787d7981a5cc6e6cd08fe5a4ecdf99d4b48?s=96&d=mm&r=g\",\"contentUrl\":\"https:\/\/secure.gravatar.com\/avatar\/265b27cb2209af7bb3a1318f03305787d7981a5cc6e6cd08fe5a4ecdf99d4b48?s=96&d=mm&r=g\",\"caption\":\"Contenidos El Regional\"},\"url\":\"https:\/\/elregionalvm.com.ar\/noticias-villa-maria\/author\/contenido\/\"}]}<\/script>\n<!-- \/ Yoast SEO plugin. -->","yoast_head_json":{"title":"Figuritas del Mundial 2026: cu\u00e1nto costar\u00edan y cu\u00e1ndo llegan a los kioscos - El Regional","robots":{"index":"index","follow":"follow","max-snippet":"max-snippet:-1","max-image-preview":"max-image-preview:large","max-video-preview":"max-video-preview:-1"},"canonical":"https:\/\/elregionalvm.com.ar\/noticias-villa-maria\/figuritas-del-mundial-2026-cuanto-costarian-y-cuando-llegan-a-los-kioscos\/","og_locale":"es_ES","og_type":"article","og_title":"Figuritas del Mundial 2026: cu\u00e1nto costar\u00edan y cu\u00e1ndo llegan a los kioscos - El Regional","og_description":"El pr\u00f3ximo 30 de abril, la empresa Panini lanzar\u00e1 oficialmente el \u00e1lbum y las figuritas del Mundial 2026, uno de los productos m\u00e1s esperados por kiosqueros y fan\u00e1ticos en todo el pa\u00eds. Seg\u00fan anticip\u00f3 N\u00e9stor Palacios, vicepresidente de la Uni\u00f3n de Kiosqueros, la distribuci\u00f3n comenzar\u00e1 en Capital Federal y el Gran Buenos Aires, aunque esperan [&hellip;]","og_url":"https:\/\/elregionalvm.com.ar\/noticias-villa-maria\/figuritas-del-mundial-2026-cuanto-costarian-y-cuando-llegan-a-los-kioscos\/","og_site_name":"El Regional","article_publisher":"https:\/\/www.facebook.com\/elregionalvm","article_published_time":"2026-04-28T17:04:04+00:00","article_modified_time":"2026-04-28T17:04:06+00:00","og_image":[{"width":1200,"height":740,"url":"https:\/\/elregionalvm.com.ar\/noticias-villa-maria\/wp-content\/uploads\/2026\/04\/figus_mundial.jpg","type":"image\/jpeg"}],"author":"Contenidos El Regional","twitter_card":"summary_large_image","twitter_creator":"@elregionalvm1","twitter_site":"@elregionalvm1","twitter_misc":{"Escrito por":"Contenidos El Regional","Tiempo de lectura":"2 minutos"},"schema":{"@context":"https:\/\/schema.org","@graph":[{"@type":"Article","@id":"https:\/\/elregionalvm.com.ar\/noticias-villa-maria\/figuritas-del-mundial-2026-cuanto-costarian-y-cuando-llegan-a-los-kioscos\/#article","isPartOf":{"@id":"https:\/\/elregionalvm.com.ar\/noticias-villa-maria\/figuritas-del-mundial-2026-cuanto-costarian-y-cuando-llegan-a-los-kioscos\/"},"author":{"name":"Contenidos El Regional","@id":"http:\/\/elregionalvm.com.ar\/noticias-villa-maria\/#\/schema\/person\/a0fb9c422317faca23d50163151bc354"},"headline":"Figuritas del Mundial 2026: cu\u00e1nto costar\u00edan y cu\u00e1ndo llegan a los kioscos","datePublished":"2026-04-28T17:04:04+00:00","dateModified":"2026-04-28T17:04:06+00:00","mainEntityOfPage":{"@id":"https:\/\/elregionalvm.com.ar\/noticias-villa-maria\/figuritas-del-mundial-2026-cuanto-costarian-y-cuando-llegan-a-los-kioscos\/"},"wordCount":257,"commentCount":0,"image":{"@id":"https:\/\/elregionalvm.com.ar\/noticias-villa-maria\/figuritas-del-mundial-2026-cuanto-costarian-y-cuando-llegan-a-los-kioscos\/#primaryimage"},"thumbnailUrl":"https:\/\/i0.wp.com\/elregionalvm.com.ar\/noticias-villa-maria\/wp-content\/uploads\/2026\/04\/figus_mundial.jpg?fit=1200%2C740&ssl=1","articleSection":["Deporte","destacado"],"inLanguage":"es","potentialAction":[{"@type":"CommentAction","name":"Comment","target":["https:\/\/elregionalvm.com.ar\/noticias-villa-maria\/figuritas-del-mundial-2026-cuanto-costarian-y-cuando-llegan-a-los-kioscos\/#respond"]}]},{"@type":"WebPage","@id":"https:\/\/elregionalvm.com.ar\/noticias-villa-maria\/figuritas-del-mundial-2026-cuanto-costarian-y-cuando-llegan-a-los-kioscos\/","url":"https:\/\/elregionalvm.com.ar\/noticias-villa-maria\/figuritas-del-mundial-2026-cuanto-costarian-y-cuando-llegan-a-los-kioscos\/","name":"Figuritas del Mundial 2026: cu\u00e1nto costar\u00edan y cu\u00e1ndo llegan a los kioscos - El Regional","isPartOf":{"@id":"http:\/\/elregionalvm.com.ar\/noticias-villa-maria\/#website"},"primaryImageOfPage":{"@id":"https:\/\/elregionalvm.com.ar\/noticias-villa-maria\/figuritas-del-mundial-2026-cuanto-costarian-y-cuando-llegan-a-los-kioscos\/#primaryimage"},"image":{"@id":"https:\/\/elregionalvm.com.ar\/noticias-villa-maria\/figuritas-del-mundial-2026-cuanto-costarian-y-cuando-llegan-a-los-kioscos\/#primaryimage"},"thumbnailUrl":"https:\/\/i0.wp.com\/elregionalvm.com.ar\/noticias-villa-maria\/wp-content\/uploads\/2026\/04\/figus_mundial.jpg?fit=1200%2C740&ssl=1","datePublished":"2026-04-28T17:04:04+00:00","dateModified":"2026-04-28T17:04:06+00:00","author":{"@id":"http:\/\/elregionalvm.com.ar\/noticias-villa-maria\/#\/schema\/person\/a0fb9c422317faca23d50163151bc354"},"breadcrumb":{"@id":"https:\/\/elregionalvm.com.ar\/noticias-villa-maria\/figuritas-del-mundial-2026-cuanto-costarian-y-cuando-llegan-a-los-kioscos\/#breadcrumb"},"inLanguage":"es","potentialAction":[{"@type":"ReadAction","target":["https:\/\/elregionalvm.com.ar\/noticias-villa-maria\/figuritas-del-mundial-2026-cuanto-costarian-y-cuando-llegan-a-los-kioscos\/"]}]},{"@type":"ImageObject","inLanguage":"es","@id":"https:\/\/elregionalvm.com.ar\/noticias-villa-maria\/figuritas-del-mundial-2026-cuanto-costarian-y-cuando-llegan-a-los-kioscos\/#primaryimage","url":"https:\/\/i0.wp.com\/elregionalvm.com.ar\/noticias-villa-maria\/wp-content\/uploads\/2026\/04\/figus_mundial.jpg?fit=1200%2C740&ssl=1","contentUrl":"https:\/\/i0.wp.com\/elregionalvm.com.ar\/noticias-villa-maria\/wp-content\/uploads\/2026\/04\/figus_mundial.jpg?fit=1200%2C740&ssl=1","width":1200,"height":740},{"@type":"BreadcrumbList","@id":"https:\/\/elregionalvm.com.ar\/noticias-villa-maria\/figuritas-del-mundial-2026-cuanto-costarian-y-cuando-llegan-a-los-kioscos\/#breadcrumb","itemListElement":[{"@type":"ListItem","position":1,"name":"Portada","item":"https:\/\/elregionalvm.com.ar\/noticias-villa-maria\/"},{"@type":"ListItem","position":2,"name":"Figuritas del Mundial 2026: cu\u00e1nto costar\u00edan y cu\u00e1ndo llegan a los kioscos"}]},{"@type":"WebSite","@id":"http:\/\/elregionalvm.com.ar\/noticias-villa-maria\/#website","url":"http:\/\/elregionalvm.com.ar\/noticias-villa-maria\/","name":"El Regional","description":"Mucho m\u00e1s que informaci\u00f3n","potentialAction":[{"@type":"SearchAction","target":{"@type":"EntryPoint","urlTemplate":"http:\/\/elregionalvm.com.ar\/noticias-villa-maria\/?s={search_term_string}"},"query-input":{"@type":"PropertyValueSpecification","valueRequired":true,"valueName":"search_term_string"}}],"inLanguage":"es"},{"@type":"Person","@id":"http:\/\/elregionalvm.com.ar\/noticias-villa-maria\/#\/schema\/person\/a0fb9c422317faca23d50163151bc354","name":"Contenidos El Regional","image":{"@type":"ImageObject","inLanguage":"es","@id":"http:\/\/elregionalvm.com.ar\/noticias-villa-maria\/#\/schema\/person\/image\/","url":"https:\/\/secure.gravatar.com\/avatar\/265b27cb2209af7bb3a1318f03305787d7981a5cc6e6cd08fe5a4ecdf99d4b48?s=96&d=mm&r=g","contentUrl":"https:\/\/secure.gravatar.com\/avatar\/265b27cb2209af7bb3a1318f03305787d7981a5cc6e6cd08fe5a4ecdf99d4b48?s=96&d=mm&r=g","caption":"Contenidos El Regional"},"url":"https:\/\/elregionalvm.com.ar\/noticias-villa-maria\/author\/contenido\/"}]}},"jetpack_featured_media_url":"https:\/\/i0.wp.com\/elregionalvm.com.ar\/noticias-villa-maria\/wp-content\/uploads\/2026\/04\/figus_mundial.jpg?fit=1200%2C740&ssl=1","jetpack_sharing_enabled":true,"_links":{"self":[{"href":"https:\/\/elregionalvm.com.ar\/noticias-villa-maria\/wp-json\/wp\/v2\/posts\/115703","targetHints":{"allow":["GET"]}}],"collection":[{"href":"https:\/\/elregionalvm.com.ar\/noticias-villa-maria\/wp-json\/wp\/v2\/posts"}],"about":[{"href":"https:\/\/elregionalvm.com.ar\/noticias-villa-maria\/wp-json\/wp\/v2\/types\/post"}],"author":[{"embeddable":true,"href":"https:\/\/elregionalvm.com.ar\/noticias-villa-maria\/wp-json\/wp\/v2\/users\/4"}],"replies":[{"embeddable":true,"href":"https:\/\/elregionalvm.com.ar\/noticias-villa-maria\/wp-json\/wp\/v2\/comments?post=115703"}],"version-history":[{"count":1,"href":"https:\/\/elregionalvm.com.ar\/noticias-villa-maria\/wp-json\/wp\/v2\/posts\/115703\/revisions"}],"predecessor-version":[{"id":115706,"href":"https:\/\/elregionalvm.com.ar\/noticias-villa-maria\/wp-json\/wp\/v2\/posts\/115703\/revisions\/115706"}],"wp:featuredmedia":[{"embeddable":true,"href":"https:\/\/elregionalvm.com.ar\/noticias-villa-maria\/wp-json\/wp\/v2\/media\/115704"}],"wp:attachment":[{"href":"https:\/\/elregionalvm.com.ar\/noticias-villa-maria\/wp-json\/wp\/v2\/media?parent=115703"}],"wp:term":[{"taxonomy":"category","embeddable":true,"href":"https:\/\/elregionalvm.com.ar\/noticias-villa-maria\/wp-json\/wp\/v2\/categories?post=115703"},{"taxonomy":"post_tag","embeddable":true,"href":"https:\/\/elregionalvm.com.ar\/noticias-villa-maria\/wp-json\/wp\/v2\/tags?post=115703"}],"curies":[{"name":"wp","href":"https:\/\/api.w.org\/{rel}","templated":true}]}}