{"id":115707,"date":"2026-04-28T17:07:36","date_gmt":"2026-04-28T17:07:36","guid":{"rendered":"https:\/\/elregionalvm.com.ar\/noticias-villa-maria\/?p=115707"},"modified":"2026-04-28T17:07:38","modified_gmt":"2026-04-28T17:07:38","slug":"causa-andis-diego-spagnuolo-se-nego-a-declarar-en-su-indagatoria","status":"publish","type":"post","link":"https:\/\/elregionalvm.com.ar\/noticias-villa-maria\/causa-andis-diego-spagnuolo-se-nego-a-declarar-en-su-indagatoria\/","title":{"rendered":"Causa ANDIS: Diego Spagnuolo se neg\u00f3 a declarar en su indagatoria"},"content":{"rendered":"\n<h2 class=\"wp-block-heading\">Comenz\u00f3 este martes la ronda de indagatorias en la causa que investiga presuntas maniobras de corrupci\u00f3n en la Agencia Nacional de Discapacidad (ANDIS). El primero en comparecer fue el exdirector del organismo, Diego Spagnuolo, quien opt\u00f3 por no declarar ante la Justicia.<\/h2>\n\n\n\n<p><\/p>\n\n\n\n<p>La investigaci\u00f3n est\u00e1 a cargo del juez federal Ariel Lijo, con impulso del fiscal Franco Picardi, y apunta a determinar la existencia de un esquema de sobreprecios, cartelizaci\u00f3n y desv\u00edo de fondos p\u00fablicos en la compra de medicamentos e insumos de alto costo y baja incidencia (PACBI).<\/p>\n\n\n\n<p><strong>Seg\u00fan la acusaci\u00f3n, entre diciembre de 2023 y octubre de 2025 se habr\u00eda montado un sistema de compulsas de precios direccionadas,<\/strong> en el que un grupo reducido de empresas \u2014presuntamente vinculadas entre s\u00ed y con funcionarios\u2014 simulaba competencia para quedarse con licitaciones previamente acordadas.<strong> Estas maniobras habr\u00edan generado erogaciones por m\u00e1s de $75.478 millones.<\/strong><\/p>\n\n\n\n<p>Spagnuolo, quien ya hab\u00eda sido procesado en una etapa anterior de la causa, se present\u00f3 ante el juzgado pero decidi\u00f3 no prestar declaraci\u00f3n en esta instancia.<\/p>\n\n\n\n<h3 class=\"wp-block-heading\"><strong>Avance de la investigaci\u00f3n<\/strong><\/h3>\n\n\n\n<p><\/p>\n\n\n\n<p>La causa ya registraba procesamientos desde febrero de 2026 y en los \u00faltimos meses avanz\u00f3 sobre un segundo circuito de presunto desv\u00edo de fondos. En este tramo interviene tambi\u00e9n la Procuradur\u00eda de Investigaciones Administrativas (PIA), encabezada por Sergio Rodr\u00edguez.<\/p>\n\n\n\n<p>En paralelo, el juez Lijo orden\u00f3 la inhibici\u00f3n general de bienes de los imputados y de las empresas involucradas, con el objetivo de asegurar una eventual recuperaci\u00f3n de activos para el Estado.<\/p>\n\n\n\n<h3 class=\"wp-block-heading\"><strong>Cronograma de indagatorias<\/strong><\/h3>\n\n\n\n<p><\/p>\n\n\n\n<p>Tras la audiencia de Spagnuolo, est\u00e1 previsto que declaren:<\/p>\n\n\n\n<ul class=\"wp-block-list\">\n<li>Daniel Mar\u00eda Garbellini, ex segundo a cargo del organismo<\/li>\n\n\n\n<li>Miguel \u00c1ngel Calvete, durante la jornada de este martes<\/li>\n\n\n\n<li>Andr\u00e9s Horacio Arnaudo, convocado para ma\u00f1ana<\/li>\n<\/ul>\n\n\n\n<p>En total, la causa involucra a 34 imputados, entre exfuncionarios y empresarios del sector de droguer\u00edas y proveedores de insumos m\u00e9dicos.<\/p>\n\n\n\n<p><strong>Las hip\u00f3tesis delictivas incluyen asociaci\u00f3n il\u00edcita, administraci\u00f3n fraudulenta, cohecho y negociaciones incompatibles con la funci\u00f3n p\u00fablica.<\/strong><\/p>\n\n\n\n<p>La investigaci\u00f3n contin\u00faa en los tribunales federales de Comodoro Py, con el foco puesto en presuntos acuerdos indebidos entre funcionarios de la ANDIS y actores privados que habr\u00edan beneficiado a un grupo reducido de empresas en perjuicio del Estado.<\/p>\n","protected":false},"excerpt":{"rendered":"<p>Comenz\u00f3 este martes la ronda de indagatorias en la causa que investiga presuntas maniobras de corrupci\u00f3n en la Agencia Nacional de Discapacidad (ANDIS). El primero en comparecer fue el exdirector del organismo, Diego Spagnuolo, quien opt\u00f3 por no declarar ante la Justicia. La investigaci\u00f3n est\u00e1 a cargo del juez federal Ariel Lijo, con impulso del [&hellip;]<\/p>\n","protected":false},"author":4,"featured_media":115708,"comment_status":"open","ping_status":"open","sticky":false,"template":"","format":"standard","meta":{"site-sidebar-layout":"default","site-content-layout":"","ast-site-content-layout":"default","site-content-style":"default","site-sidebar-style":"default","ast-global-header-display":"","ast-banner-title-visibility":"","ast-main-header-display":"","ast-hfb-above-header-display":"","ast-hfb-below-header-display":"","ast-hfb-mobile-header-display":"","site-post-title":"","ast-breadcrumbs-content":"","ast-featured-img":"","footer-sml-layout":"","ast-disable-related-posts":"","theme-transparent-header-meta":"","adv-header-id-meta":"","stick-header-meta":"","header-above-stick-meta":"","header-main-stick-meta":"","header-below-stick-meta":"","astra-migrate-meta-layouts":"set","ast-page-background-enabled":"default","ast-page-background-meta":{"desktop":{"background-color":"","background-image":"","background-repeat":"repeat","background-position":"center center","background-size":"auto","background-attachment":"scroll","background-type":"","background-media":"","overlay-type":"","overlay-color":"","overlay-opacity":"","overlay-gradient":""},"tablet":{"background-color":"","background-image":"","background-repeat":"repeat","background-position":"center center","background-size":"auto","background-attachment":"scroll","background-type":"","background-media":"","overlay-type":"","overlay-color":"","overlay-opacity":"","overlay-gradient":""},"mobile":{"background-color":"","background-image":"","background-repeat":"repeat","background-position":"center center","background-size":"auto","background-attachment":"scroll","background-type":"","background-media":"","overlay-type":"","overlay-color":"","overlay-opacity":"","overlay-gradient":""}},"ast-content-background-meta":{"desktop":{"background-color":"var(--ast-global-color-5)","background-image":"","background-repeat":"repeat","background-position":"center center","background-size":"auto","background-attachment":"scroll","background-type":"","background-media":"","overlay-type":"","overlay-color":"","overlay-opacity":"","overlay-gradient":""},"tablet":{"background-color":"var(--ast-global-color-5)","background-image":"","background-repeat":"repeat","background-position":"center center","background-size":"auto","background-attachment":"scroll","background-type":"","background-media":"","overlay-type":"","overlay-color":"","overlay-opacity":"","overlay-gradient":""},"mobile":{"background-color":"var(--ast-global-color-5)","background-image":"","background-repeat":"repeat","background-position":"center center","background-size":"auto","background-attachment":"scroll","background-type":"","background-media":"","overlay-type":"","overlay-color":"","overlay-opacity":"","overlay-gradient":""}},"_jetpack_memberships_contains_paid_content":false,"_joinchat":[],"footnotes":""},"categories":[15302,2089],"tags":[],"class_list":["post-115707","post","type-post","status-publish","format-standard","has-post-thumbnail","hentry","category-destacado","category-politica"],"yoast_head":"<!-- This site is optimized with the Yoast SEO plugin v26.8 - https:\/\/yoast.com\/product\/yoast-seo-wordpress\/ -->\n<title>Causa ANDIS: Diego Spagnuolo se neg\u00f3 a declarar en su indagatoria - El Regional<\/title>\n<meta name=\"robots\" content=\"index, follow, max-snippet:-1, max-image-preview:large, max-video-preview:-1\" \/>\n<link rel=\"canonical\" href=\"https:\/\/elregionalvm.com.ar\/noticias-villa-maria\/causa-andis-diego-spagnuolo-se-nego-a-declarar-en-su-indagatoria\/\" \/>\n<meta property=\"og:locale\" content=\"es_ES\" \/>\n<meta property=\"og:type\" content=\"article\" \/>\n<meta property=\"og:title\" content=\"Causa ANDIS: Diego Spagnuolo se neg\u00f3 a declarar en su indagatoria - El Regional\" \/>\n<meta property=\"og:description\" content=\"Comenz\u00f3 este martes la ronda de indagatorias en la causa que investiga presuntas maniobras de corrupci\u00f3n en la Agencia Nacional de Discapacidad (ANDIS). El primero en comparecer fue el exdirector del organismo, Diego Spagnuolo, quien opt\u00f3 por no declarar ante la Justicia. La investigaci\u00f3n est\u00e1 a cargo del juez federal Ariel Lijo, con impulso del [&hellip;]\" \/>\n<meta property=\"og:url\" content=\"https:\/\/elregionalvm.com.ar\/noticias-villa-maria\/causa-andis-diego-spagnuolo-se-nego-a-declarar-en-su-indagatoria\/\" \/>\n<meta property=\"og:site_name\" content=\"El Regional\" \/>\n<meta property=\"article:publisher\" content=\"https:\/\/www.facebook.com\/elregionalvm\" \/>\n<meta property=\"article:published_time\" content=\"2026-04-28T17:07:36+00:00\" \/>\n<meta property=\"article:modified_time\" content=\"2026-04-28T17:07:38+00:00\" \/>\n<meta property=\"og:image\" content=\"https:\/\/elregionalvm.com.ar\/noticias-villa-maria\/wp-content\/uploads\/2026\/04\/Diego-Spagnuolo.jpg\" \/>\n\t<meta property=\"og:image:width\" content=\"950\" \/>\n\t<meta property=\"og:image:height\" content=\"534\" \/>\n\t<meta property=\"og:image:type\" content=\"image\/jpeg\" \/>\n<meta name=\"author\" content=\"Contenidos El Regional\" \/>\n<meta name=\"twitter:card\" content=\"summary_large_image\" \/>\n<meta name=\"twitter:creator\" content=\"@elregionalvm1\" \/>\n<meta name=\"twitter:site\" content=\"@elregionalvm1\" \/>\n<meta name=\"twitter:label1\" content=\"Escrito por\" \/>\n\t<meta name=\"twitter:data1\" content=\"Contenidos El Regional\" \/>\n\t<meta name=\"twitter:label2\" content=\"Tiempo de lectura\" \/>\n\t<meta name=\"twitter:data2\" content=\"2 minutos\" \/>\n<script type=\"application\/ld+json\" class=\"yoast-schema-graph\">{\"@context\":\"https:\/\/schema.org\",\"@graph\":[{\"@type\":\"Article\",\"@id\":\"https:\/\/elregionalvm.com.ar\/noticias-villa-maria\/causa-andis-diego-spagnuolo-se-nego-a-declarar-en-su-indagatoria\/#article\",\"isPartOf\":{\"@id\":\"https:\/\/elregionalvm.com.ar\/noticias-villa-maria\/causa-andis-diego-spagnuolo-se-nego-a-declarar-en-su-indagatoria\/\"},\"author\":{\"name\":\"Contenidos El Regional\",\"@id\":\"http:\/\/elregionalvm.com.ar\/noticias-villa-maria\/#\/schema\/person\/a0fb9c422317faca23d50163151bc354\"},\"headline\":\"Causa ANDIS: Diego Spagnuolo se neg\u00f3 a declarar en su indagatoria\",\"datePublished\":\"2026-04-28T17:07:36+00:00\",\"dateModified\":\"2026-04-28T17:07:38+00:00\",\"mainEntityOfPage\":{\"@id\":\"https:\/\/elregionalvm.com.ar\/noticias-villa-maria\/causa-andis-diego-spagnuolo-se-nego-a-declarar-en-su-indagatoria\/\"},\"wordCount\":395,\"commentCount\":0,\"image\":{\"@id\":\"https:\/\/elregionalvm.com.ar\/noticias-villa-maria\/causa-andis-diego-spagnuolo-se-nego-a-declarar-en-su-indagatoria\/#primaryimage\"},\"thumbnailUrl\":\"https:\/\/i0.wp.com\/elregionalvm.com.ar\/noticias-villa-maria\/wp-content\/uploads\/2026\/04\/Diego-Spagnuolo.jpg?fit=950%2C534&ssl=1\",\"articleSection\":[\"destacado\",\"Pol\u00edtica\"],\"inLanguage\":\"es\",\"potentialAction\":[{\"@type\":\"CommentAction\",\"name\":\"Comment\",\"target\":[\"https:\/\/elregionalvm.com.ar\/noticias-villa-maria\/causa-andis-diego-spagnuolo-se-nego-a-declarar-en-su-indagatoria\/#respond\"]}]},{\"@type\":\"WebPage\",\"@id\":\"https:\/\/elregionalvm.com.ar\/noticias-villa-maria\/causa-andis-diego-spagnuolo-se-nego-a-declarar-en-su-indagatoria\/\",\"url\":\"https:\/\/elregionalvm.com.ar\/noticias-villa-maria\/causa-andis-diego-spagnuolo-se-nego-a-declarar-en-su-indagatoria\/\",\"name\":\"Causa ANDIS: Diego Spagnuolo se neg\u00f3 a declarar en su indagatoria - El Regional\",\"isPartOf\":{\"@id\":\"http:\/\/elregionalvm.com.ar\/noticias-villa-maria\/#website\"},\"primaryImageOfPage\":{\"@id\":\"https:\/\/elregionalvm.com.ar\/noticias-villa-maria\/causa-andis-diego-spagnuolo-se-nego-a-declarar-en-su-indagatoria\/#primaryimage\"},\"image\":{\"@id\":\"https:\/\/elregionalvm.com.ar\/noticias-villa-maria\/causa-andis-diego-spagnuolo-se-nego-a-declarar-en-su-indagatoria\/#primaryimage\"},\"thumbnailUrl\":\"https:\/\/i0.wp.com\/elregionalvm.com.ar\/noticias-villa-maria\/wp-content\/uploads\/2026\/04\/Diego-Spagnuolo.jpg?fit=950%2C534&ssl=1\",\"datePublished\":\"2026-04-28T17:07:36+00:00\",\"dateModified\":\"2026-04-28T17:07:38+00:00\",\"author\":{\"@id\":\"http:\/\/elregionalvm.com.ar\/noticias-villa-maria\/#\/schema\/person\/a0fb9c422317faca23d50163151bc354\"},\"breadcrumb\":{\"@id\":\"https:\/\/elregionalvm.com.ar\/noticias-villa-maria\/causa-andis-diego-spagnuolo-se-nego-a-declarar-en-su-indagatoria\/#breadcrumb\"},\"inLanguage\":\"es\",\"potentialAction\":[{\"@type\":\"ReadAction\",\"target\":[\"https:\/\/elregionalvm.com.ar\/noticias-villa-maria\/causa-andis-diego-spagnuolo-se-nego-a-declarar-en-su-indagatoria\/\"]}]},{\"@type\":\"ImageObject\",\"inLanguage\":\"es\",\"@id\":\"https:\/\/elregionalvm.com.ar\/noticias-villa-maria\/causa-andis-diego-spagnuolo-se-nego-a-declarar-en-su-indagatoria\/#primaryimage\",\"url\":\"https:\/\/i0.wp.com\/elregionalvm.com.ar\/noticias-villa-maria\/wp-content\/uploads\/2026\/04\/Diego-Spagnuolo.jpg?fit=950%2C534&ssl=1\",\"contentUrl\":\"https:\/\/i0.wp.com\/elregionalvm.com.ar\/noticias-villa-maria\/wp-content\/uploads\/2026\/04\/Diego-Spagnuolo.jpg?fit=950%2C534&ssl=1\",\"width\":950,\"height\":534},{\"@type\":\"BreadcrumbList\",\"@id\":\"https:\/\/elregionalvm.com.ar\/noticias-villa-maria\/causa-andis-diego-spagnuolo-se-nego-a-declarar-en-su-indagatoria\/#breadcrumb\",\"itemListElement\":[{\"@type\":\"ListItem\",\"position\":1,\"name\":\"Portada\",\"item\":\"https:\/\/elregionalvm.com.ar\/noticias-villa-maria\/\"},{\"@type\":\"ListItem\",\"position\":2,\"name\":\"Causa ANDIS: Diego Spagnuolo se neg\u00f3 a declarar en su indagatoria\"}]},{\"@type\":\"WebSite\",\"@id\":\"http:\/\/elregionalvm.com.ar\/noticias-villa-maria\/#website\",\"url\":\"http:\/\/elregionalvm.com.ar\/noticias-villa-maria\/\",\"name\":\"El Regional\",\"description\":\"Mucho m\u00e1s que informaci\u00f3n\",\"potentialAction\":[{\"@type\":\"SearchAction\",\"target\":{\"@type\":\"EntryPoint\",\"urlTemplate\":\"http:\/\/elregionalvm.com.ar\/noticias-villa-maria\/?s={search_term_string}\"},\"query-input\":{\"@type\":\"PropertyValueSpecification\",\"valueRequired\":true,\"valueName\":\"search_term_string\"}}],\"inLanguage\":\"es\"},{\"@type\":\"Person\",\"@id\":\"http:\/\/elregionalvm.com.ar\/noticias-villa-maria\/#\/schema\/person\/a0fb9c422317faca23d50163151bc354\",\"name\":\"Contenidos El Regional\",\"image\":{\"@type\":\"ImageObject\",\"inLanguage\":\"es\",\"@id\":\"http:\/\/elregionalvm.com.ar\/noticias-villa-maria\/#\/schema\/person\/image\/\",\"url\":\"https:\/\/secure.gravatar.com\/avatar\/265b27cb2209af7bb3a1318f03305787d7981a5cc6e6cd08fe5a4ecdf99d4b48?s=96&d=mm&r=g\",\"contentUrl\":\"https:\/\/secure.gravatar.com\/avatar\/265b27cb2209af7bb3a1318f03305787d7981a5cc6e6cd08fe5a4ecdf99d4b48?s=96&d=mm&r=g\",\"caption\":\"Contenidos El Regional\"},\"url\":\"https:\/\/elregionalvm.com.ar\/noticias-villa-maria\/author\/contenido\/\"}]}<\/script>\n<!-- \/ Yoast SEO plugin. -->","yoast_head_json":{"title":"Causa ANDIS: Diego Spagnuolo se neg\u00f3 a declarar en su indagatoria - El Regional","robots":{"index":"index","follow":"follow","max-snippet":"max-snippet:-1","max-image-preview":"max-image-preview:large","max-video-preview":"max-video-preview:-1"},"canonical":"https:\/\/elregionalvm.com.ar\/noticias-villa-maria\/causa-andis-diego-spagnuolo-se-nego-a-declarar-en-su-indagatoria\/","og_locale":"es_ES","og_type":"article","og_title":"Causa ANDIS: Diego Spagnuolo se neg\u00f3 a declarar en su indagatoria - El Regional","og_description":"Comenz\u00f3 este martes la ronda de indagatorias en la causa que investiga presuntas maniobras de corrupci\u00f3n en la Agencia Nacional de Discapacidad (ANDIS). El primero en comparecer fue el exdirector del organismo, Diego Spagnuolo, quien opt\u00f3 por no declarar ante la Justicia. La investigaci\u00f3n est\u00e1 a cargo del juez federal Ariel Lijo, con impulso del [&hellip;]","og_url":"https:\/\/elregionalvm.com.ar\/noticias-villa-maria\/causa-andis-diego-spagnuolo-se-nego-a-declarar-en-su-indagatoria\/","og_site_name":"El Regional","article_publisher":"https:\/\/www.facebook.com\/elregionalvm","article_published_time":"2026-04-28T17:07:36+00:00","article_modified_time":"2026-04-28T17:07:38+00:00","og_image":[{"width":950,"height":534,"url":"https:\/\/elregionalvm.com.ar\/noticias-villa-maria\/wp-content\/uploads\/2026\/04\/Diego-Spagnuolo.jpg","type":"image\/jpeg"}],"author":"Contenidos El Regional","twitter_card":"summary_large_image","twitter_creator":"@elregionalvm1","twitter_site":"@elregionalvm1","twitter_misc":{"Escrito por":"Contenidos El Regional","Tiempo de lectura":"2 minutos"},"schema":{"@context":"https:\/\/schema.org","@graph":[{"@type":"Article","@id":"https:\/\/elregionalvm.com.ar\/noticias-villa-maria\/causa-andis-diego-spagnuolo-se-nego-a-declarar-en-su-indagatoria\/#article","isPartOf":{"@id":"https:\/\/elregionalvm.com.ar\/noticias-villa-maria\/causa-andis-diego-spagnuolo-se-nego-a-declarar-en-su-indagatoria\/"},"author":{"name":"Contenidos El Regional","@id":"http:\/\/elregionalvm.com.ar\/noticias-villa-maria\/#\/schema\/person\/a0fb9c422317faca23d50163151bc354"},"headline":"Causa ANDIS: Diego Spagnuolo se neg\u00f3 a declarar en su indagatoria","datePublished":"2026-04-28T17:07:36+00:00","dateModified":"2026-04-28T17:07:38+00:00","mainEntityOfPage":{"@id":"https:\/\/elregionalvm.com.ar\/noticias-villa-maria\/causa-andis-diego-spagnuolo-se-nego-a-declarar-en-su-indagatoria\/"},"wordCount":395,"commentCount":0,"image":{"@id":"https:\/\/elregionalvm.com.ar\/noticias-villa-maria\/causa-andis-diego-spagnuolo-se-nego-a-declarar-en-su-indagatoria\/#primaryimage"},"thumbnailUrl":"https:\/\/i0.wp.com\/elregionalvm.com.ar\/noticias-villa-maria\/wp-content\/uploads\/2026\/04\/Diego-Spagnuolo.jpg?fit=950%2C534&ssl=1","articleSection":["destacado","Pol\u00edtica"],"inLanguage":"es","potentialAction":[{"@type":"CommentAction","name":"Comment","target":["https:\/\/elregionalvm.com.ar\/noticias-villa-maria\/causa-andis-diego-spagnuolo-se-nego-a-declarar-en-su-indagatoria\/#respond"]}]},{"@type":"WebPage","@id":"https:\/\/elregionalvm.com.ar\/noticias-villa-maria\/causa-andis-diego-spagnuolo-se-nego-a-declarar-en-su-indagatoria\/","url":"https:\/\/elregionalvm.com.ar\/noticias-villa-maria\/causa-andis-diego-spagnuolo-se-nego-a-declarar-en-su-indagatoria\/","name":"Causa ANDIS: Diego Spagnuolo se neg\u00f3 a declarar en su indagatoria - El Regional","isPartOf":{"@id":"http:\/\/elregionalvm.com.ar\/noticias-villa-maria\/#website"},"primaryImageOfPage":{"@id":"https:\/\/elregionalvm.com.ar\/noticias-villa-maria\/causa-andis-diego-spagnuolo-se-nego-a-declarar-en-su-indagatoria\/#primaryimage"},"image":{"@id":"https:\/\/elregionalvm.com.ar\/noticias-villa-maria\/causa-andis-diego-spagnuolo-se-nego-a-declarar-en-su-indagatoria\/#primaryimage"},"thumbnailUrl":"https:\/\/i0.wp.com\/elregionalvm.com.ar\/noticias-villa-maria\/wp-content\/uploads\/2026\/04\/Diego-Spagnuolo.jpg?fit=950%2C534&ssl=1","datePublished":"2026-04-28T17:07:36+00:00","dateModified":"2026-04-28T17:07:38+00:00","author":{"@id":"http:\/\/elregionalvm.com.ar\/noticias-villa-maria\/#\/schema\/person\/a0fb9c422317faca23d50163151bc354"},"breadcrumb":{"@id":"https:\/\/elregionalvm.com.ar\/noticias-villa-maria\/causa-andis-diego-spagnuolo-se-nego-a-declarar-en-su-indagatoria\/#breadcrumb"},"inLanguage":"es","potentialAction":[{"@type":"ReadAction","target":["https:\/\/elregionalvm.com.ar\/noticias-villa-maria\/causa-andis-diego-spagnuolo-se-nego-a-declarar-en-su-indagatoria\/"]}]},{"@type":"ImageObject","inLanguage":"es","@id":"https:\/\/elregionalvm.com.ar\/noticias-villa-maria\/causa-andis-diego-spagnuolo-se-nego-a-declarar-en-su-indagatoria\/#primaryimage","url":"https:\/\/i0.wp.com\/elregionalvm.com.ar\/noticias-villa-maria\/wp-content\/uploads\/2026\/04\/Diego-Spagnuolo.jpg?fit=950%2C534&ssl=1","contentUrl":"https:\/\/i0.wp.com\/elregionalvm.com.ar\/noticias-villa-maria\/wp-content\/uploads\/2026\/04\/Diego-Spagnuolo.jpg?fit=950%2C534&ssl=1","width":950,"height":534},{"@type":"BreadcrumbList","@id":"https:\/\/elregionalvm.com.ar\/noticias-villa-maria\/causa-andis-diego-spagnuolo-se-nego-a-declarar-en-su-indagatoria\/#breadcrumb","itemListElement":[{"@type":"ListItem","position":1,"name":"Portada","item":"https:\/\/elregionalvm.com.ar\/noticias-villa-maria\/"},{"@type":"ListItem","position":2,"name":"Causa ANDIS: Diego Spagnuolo se neg\u00f3 a declarar en su indagatoria"}]},{"@type":"WebSite","@id":"http:\/\/elregionalvm.com.ar\/noticias-villa-maria\/#website","url":"http:\/\/elregionalvm.com.ar\/noticias-villa-maria\/","name":"El Regional","description":"Mucho m\u00e1s que informaci\u00f3n","potentialAction":[{"@type":"SearchAction","target":{"@type":"EntryPoint","urlTemplate":"http:\/\/elregionalvm.com.ar\/noticias-villa-maria\/?s={search_term_string}"},"query-input":{"@type":"PropertyValueSpecification","valueRequired":true,"valueName":"search_term_string"}}],"inLanguage":"es"},{"@type":"Person","@id":"http:\/\/elregionalvm.com.ar\/noticias-villa-maria\/#\/schema\/person\/a0fb9c422317faca23d50163151bc354","name":"Contenidos El Regional","image":{"@type":"ImageObject","inLanguage":"es","@id":"http:\/\/elregionalvm.com.ar\/noticias-villa-maria\/#\/schema\/person\/image\/","url":"https:\/\/secure.gravatar.com\/avatar\/265b27cb2209af7bb3a1318f03305787d7981a5cc6e6cd08fe5a4ecdf99d4b48?s=96&d=mm&r=g","contentUrl":"https:\/\/secure.gravatar.com\/avatar\/265b27cb2209af7bb3a1318f03305787d7981a5cc6e6cd08fe5a4ecdf99d4b48?s=96&d=mm&r=g","caption":"Contenidos El Regional"},"url":"https:\/\/elregionalvm.com.ar\/noticias-villa-maria\/author\/contenido\/"}]}},"jetpack_featured_media_url":"https:\/\/i0.wp.com\/elregionalvm.com.ar\/noticias-villa-maria\/wp-content\/uploads\/2026\/04\/Diego-Spagnuolo.jpg?fit=950%2C534&ssl=1","jetpack_sharing_enabled":true,"_links":{"self":[{"href":"https:\/\/elregionalvm.com.ar\/noticias-villa-maria\/wp-json\/wp\/v2\/posts\/115707","targetHints":{"allow":["GET"]}}],"collection":[{"href":"https:\/\/elregionalvm.com.ar\/noticias-villa-maria\/wp-json\/wp\/v2\/posts"}],"about":[{"href":"https:\/\/elregionalvm.com.ar\/noticias-villa-maria\/wp-json\/wp\/v2\/types\/post"}],"author":[{"embeddable":true,"href":"https:\/\/elregionalvm.com.ar\/noticias-villa-maria\/wp-json\/wp\/v2\/users\/4"}],"replies":[{"embeddable":true,"href":"https:\/\/elregionalvm.com.ar\/noticias-villa-maria\/wp-json\/wp\/v2\/comments?post=115707"}],"version-history":[{"count":1,"href":"https:\/\/elregionalvm.com.ar\/noticias-villa-maria\/wp-json\/wp\/v2\/posts\/115707\/revisions"}],"predecessor-version":[{"id":115709,"href":"https:\/\/elregionalvm.com.ar\/noticias-villa-maria\/wp-json\/wp\/v2\/posts\/115707\/revisions\/115709"}],"wp:featuredmedia":[{"embeddable":true,"href":"https:\/\/elregionalvm.com.ar\/noticias-villa-maria\/wp-json\/wp\/v2\/media\/115708"}],"wp:attachment":[{"href":"https:\/\/elregionalvm.com.ar\/noticias-villa-maria\/wp-json\/wp\/v2\/media?parent=115707"}],"wp:term":[{"taxonomy":"category","embeddable":true,"href":"https:\/\/elregionalvm.com.ar\/noticias-villa-maria\/wp-json\/wp\/v2\/categories?post=115707"},{"taxonomy":"post_tag","embeddable":true,"href":"https:\/\/elregionalvm.com.ar\/noticias-villa-maria\/wp-json\/wp\/v2\/tags?post=115707"}],"curies":[{"name":"wp","href":"https:\/\/api.w.org\/{rel}","templated":true}]}}