{"id":115714,"date":"2026-04-29T16:50:41","date_gmt":"2026-04-29T16:50:41","guid":{"rendered":"https:\/\/elregionalvm.com.ar\/noticias-villa-maria\/?p=115714"},"modified":"2026-04-29T16:50:42","modified_gmt":"2026-04-29T16:50:42","slug":"opinion-un-tercio-de-los-ninos-no-tiene-la-vacunacion-completa-quien-se-hace-cargo","status":"publish","type":"post","link":"https:\/\/elregionalvm.com.ar\/noticias-villa-maria\/opinion-un-tercio-de-los-ninos-no-tiene-la-vacunacion-completa-quien-se-hace-cargo\/","title":{"rendered":"[Opini\u00f3n] Un tercio de los ni\u00f1os no tiene la vacunaci\u00f3n completa: \u00bfQui\u00e9n se hace cargo?"},"content":{"rendered":"\n<h3 class=\"wp-block-heading\"><\/h3>\n\n\n\n<p><\/p>\n\n\n\n<p><strong>Informe: Idesa<\/strong><\/p>\n\n\n\n<p><\/p>\n\n\n\n<p>El Bolet\u00edn Epidemiol\u00f3gico Nacional N\u00ba 299 alerta que desde el a\u00f1o 2025 se vienen produciendo brotes de tos convulsa en varias provincias, afectando fundamentalmente a menores de 14 a\u00f1os.<\/p>\n\n\n\n<p>El dato m\u00e1s inquietante es que en las primeras 9 semanas del 2026, la cantidad de casos de tos convulsa aument\u00f3 un 147%. Pas\u00f3 de 87 en las primeras 9 semanas del 2025 a 215 casos en el mismo per\u00edodo del 2026. Cabe advertir que solo el 50% de los casos corresponde a menores de 2 a\u00f1os, mientras que un 33% corresponde a ni\u00f1os de entre 3 y 14 a\u00f1os lo que sugiere que los problemas de vacunaci\u00f3n no son recientes.<\/p>\n\n\n\n<p>Dentro de la distribuci\u00f3n de responsabilidades previstas en el r\u00e9gimen federal, vacunar a la poblaci\u00f3n es responsabilidad de las provincias. Esto es as\u00ed porque en la Constituci\u00f3n Nacional no se deleg\u00f3 la promoci\u00f3n y prevenci\u00f3n de la salud en el Estado nacional y todas las Constituciones provinciales contemplan expresamente estas funciones dentro de sus responsabilidades.<\/p>\n\n\n\n<p>Sin embargo, en el 2019 se sancion\u00f3 la Ley N\u00ba 27.491 por la que se obliga al Ministerio de Salud nacional a comprar vacunas para distribuir entre las provincias, sin desligar a las provincias de su responsabilidad de vacunar a la poblaci\u00f3n. As\u00ed, hay dos responsables (Naci\u00f3n y provincias) para un mismo cometido (vacunar).<\/p>\n\n\n\n<p><\/p>\n\n\n\n<figure class=\"wp-block-image size-full\"><img data-recalc-dims=\"1\" fetchpriority=\"high\" decoding=\"async\" width=\"990\" height=\"660\" src=\"https:\/\/i0.wp.com\/elregionalvm.com.ar\/noticias-villa-maria\/wp-content\/uploads\/2025\/02\/Vacunacion-pediatrica-7-imagen.jpg?resize=990%2C660&#038;ssl=1\" alt=\"\" class=\"wp-image-103155\" srcset=\"https:\/\/i0.wp.com\/elregionalvm.com.ar\/noticias-villa-maria\/wp-content\/uploads\/2025\/02\/Vacunacion-pediatrica-7-imagen.jpg?w=990&amp;ssl=1 990w, https:\/\/i0.wp.com\/elregionalvm.com.ar\/noticias-villa-maria\/wp-content\/uploads\/2025\/02\/Vacunacion-pediatrica-7-imagen.jpg?resize=300%2C200&amp;ssl=1 300w, https:\/\/i0.wp.com\/elregionalvm.com.ar\/noticias-villa-maria\/wp-content\/uploads\/2025\/02\/Vacunacion-pediatrica-7-imagen.jpg?resize=768%2C512&amp;ssl=1 768w\" sizes=\"(max-width: 990px) 100vw, 990px\" \/><\/figure>\n\n\n\n<p><\/p>\n\n\n\n<p><strong>\u00bfCu\u00e1l es el nivel de cobertura de vacunaci\u00f3n de tos convulsa a nivel nacional?<\/strong><\/p>\n\n\n\n<p>Seg\u00fan el citado Bolet\u00edn para el 2025 se observa que:<\/p>\n\n\n\n<ul class=\"wp-block-list\">\n<li>4 provincias tienen cobertura de vacunaci\u00f3n completa (4 dosis) en tos convulsa superior al 90%.<\/li>\n\n\n\n<li>13 provincias tienen cobertura entre 70% y 90%.<\/li>\n\n\n\n<li>7 provincias tienen cobertura inferior a 70%.<\/li>\n<\/ul>\n\n\n\n<p>Estos datos muestran que en la mayor\u00eda de las provincias prevalece una baja cobertura de vacunaci\u00f3n en tos convulsa. Resulta muy llamativo que esto ocurra cuando tener al d\u00eda el calendario de vacunaci\u00f3n es un requisito para el cobro pleno de la AUH.<\/p>\n\n\n\n<p>Que en 20 provincias donde viven m\u00e1s del 90% de los ni\u00f1os menores de 4 a\u00f1os el nivel de vacunaci\u00f3n est\u00e9 por debajo de la cobertura universal delata un rotundo fracaso de la pol\u00edtica sanitaria.<\/p>\n\n\n\n<p>Como ocurre en otras \u00e1reas del sector p\u00fablico, la superposici\u00f3n de funciones entre la Naci\u00f3n y las provincias son garant\u00eda de fracaso.<\/p>\n\n\n\n<p>Si un nivel de gobierno (Naci\u00f3n) tiene que comprar las jeringas y las vacunas y enviarlas para que otro nivel de gobierno (provincias o municipios) se encargue de la log\u00edstica de aplicarlas es previsible que se produzcan malos resultados.<\/p>\n\n\n\n<p>Resulta muy sugerente que el fracaso se d\u00e9 tanto entre las provincias m\u00e1s rezagadas del norte como en la m\u00e1s pr\u00f3spera (CABA). No es un problema de bajo nivel de desarrollo de la provincia sino de un esquema muy ineficiente de gesti\u00f3n y, lo m\u00e1s grave, de diluci\u00f3n de responsabilidades.<\/p>\n\n\n\n<p>El solapamiento hace muy dif\u00edcil dilucidar si el responsable del fracaso es el gobierno nacional o los gobiernos provinciales y municipales.<\/p>\n\n\n\n<p><\/p>\n\n\n\n<figure class=\"wp-block-image size-full\"><img data-recalc-dims=\"1\" decoding=\"async\" width=\"794\" height=\"587\" src=\"https:\/\/i0.wp.com\/elregionalvm.com.ar\/noticias-villa-maria\/wp-content\/uploads\/2026\/04\/vacunacion-por-provincia.jpg?resize=794%2C587&#038;ssl=1\" alt=\"\" class=\"wp-image-115716\" srcset=\"https:\/\/i0.wp.com\/elregionalvm.com.ar\/noticias-villa-maria\/wp-content\/uploads\/2026\/04\/vacunacion-por-provincia.jpg?w=794&amp;ssl=1 794w, https:\/\/i0.wp.com\/elregionalvm.com.ar\/noticias-villa-maria\/wp-content\/uploads\/2026\/04\/vacunacion-por-provincia.jpg?resize=300%2C222&amp;ssl=1 300w, https:\/\/i0.wp.com\/elregionalvm.com.ar\/noticias-villa-maria\/wp-content\/uploads\/2026\/04\/vacunacion-por-provincia.jpg?resize=768%2C568&amp;ssl=1 768w\" sizes=\"(max-width: 794px) 100vw, 794px\" \/><figcaption class=\"wp-element-caption\"><strong>Cobertura de vacunaci\u00f3n contra la tos convulsa en las provincias<\/strong>.<\/figcaption><\/figure>\n\n\n\n<p><\/p>\n\n\n\n<p><strong>Seguridad social<\/strong><\/p>\n\n\n\n<p>Tambi\u00e9n cuenta la rusticidad y el atraso de la gesti\u00f3n de la seguridad social. La AUH se cobra 80% de manera autom\u00e1tica y el 20% est\u00e1 condicionado a que la familia demuestre asistencia escolar, vacunaci\u00f3n y controles m\u00e9dicos de los hijos.<\/p>\n\n\n\n<p>El control se instrumenta a trav\u00e9s de la \u201cLibreta de la Seguridad Social\u201d, es decir, un formulario en papel que las familias tienen que hacer completar en las escuelas y los establecimientos sanitarios para luego presentarlo en la ANSES.<\/p>\n\n\n\n<p>Esto obliga a procesar millones de tr\u00e1mites todos los a\u00f1os, en las escuelas, hospitales p\u00fablicos y la ANSES. Se trata de un esquema burocr\u00e1tico y obsoleto que insume exagerados esfuerzos administrativos al Estado y a las familias con muy baja calidad de los datos, como lo demuestra la alta proporci\u00f3n de ni\u00f1os sin vacunar.<\/p>\n\n\n\n<p>En un r\u00e9gimen federal no hay que coordinar acciones para un mismo objetivo sino coordinar objetivos para cada nivel de gobierno. Las provincias deben ser las \u00fanicas responsables de comprar y vacunar y la Naci\u00f3n de medir los resultados.<\/p>\n\n\n\n<p>Superponer roles, como la Ley 27.491 de vacunas, sirve para la demagogia y para fomentar la dilapidaci\u00f3n de fondos p\u00fablicos, pero no para resolver las necesidades de la gente.<\/p>\n","protected":false},"excerpt":{"rendered":"<p>Informe: Idesa El Bolet\u00edn Epidemiol\u00f3gico Nacional N\u00ba 299 alerta que desde el a\u00f1o 2025 se vienen produciendo brotes de tos convulsa en varias provincias, afectando fundamentalmente a menores de 14 a\u00f1os. El dato m\u00e1s inquietante es que en las primeras 9 semanas del 2026, la cantidad de casos de tos convulsa aument\u00f3 un 147%. Pas\u00f3 [&hellip;]<\/p>\n","protected":false},"author":4,"featured_media":112099,"comment_status":"open","ping_status":"open","sticky":false,"template":"","format":"standard","meta":{"site-sidebar-layout":"default","site-content-layout":"","ast-site-content-layout":"default","site-content-style":"default","site-sidebar-style":"default","ast-global-header-display":"","ast-banner-title-visibility":"","ast-main-header-display":"","ast-hfb-above-header-display":"","ast-hfb-below-header-display":"","ast-hfb-mobile-header-display":"","site-post-title":"","ast-breadcrumbs-content":"","ast-featured-img":"","footer-sml-layout":"","ast-disable-related-posts":"","theme-transparent-header-meta":"","adv-header-id-meta":"","stick-header-meta":"","header-above-stick-meta":"","header-main-stick-meta":"","header-below-stick-meta":"","astra-migrate-meta-layouts":"set","ast-page-background-enabled":"default","ast-page-background-meta":{"desktop":{"background-color":"","background-image":"","background-repeat":"repeat","background-position":"center center","background-size":"auto","background-attachment":"scroll","background-type":"","background-media":"","overlay-type":"","overlay-color":"","overlay-opacity":"","overlay-gradient":""},"tablet":{"background-color":"","background-image":"","background-repeat":"repeat","background-position":"center center","background-size":"auto","background-attachment":"scroll","background-type":"","background-media":"","overlay-type":"","overlay-color":"","overlay-opacity":"","overlay-gradient":""},"mobile":{"background-color":"","background-image":"","background-repeat":"repeat","background-position":"center center","background-size":"auto","background-attachment":"scroll","background-type":"","background-media":"","overlay-type":"","overlay-color":"","overlay-opacity":"","overlay-gradient":""}},"ast-content-background-meta":{"desktop":{"background-color":"var(--ast-global-color-5)","background-image":"","background-repeat":"repeat","background-position":"center center","background-size":"auto","background-attachment":"scroll","background-type":"","background-media":"","overlay-type":"","overlay-color":"","overlay-opacity":"","overlay-gradient":""},"tablet":{"background-color":"var(--ast-global-color-5)","background-image":"","background-repeat":"repeat","background-position":"center center","background-size":"auto","background-attachment":"scroll","background-type":"","background-media":"","overlay-type":"","overlay-color":"","overlay-opacity":"","overlay-gradient":""},"mobile":{"background-color":"var(--ast-global-color-5)","background-image":"","background-repeat":"repeat","background-position":"center center","background-size":"auto","background-attachment":"scroll","background-type":"","background-media":"","overlay-type":"","overlay-color":"","overlay-opacity":"","overlay-gradient":""}},"_jetpack_memberships_contains_paid_content":false,"_joinchat":[],"footnotes":""},"categories":[2323,365],"tags":[6722,25520,3041,398,9891,25521,2318,6910],"class_list":["post-115714","post","type-post","status-publish","format-standard","has-post-thumbnail","hentry","category-notas-secundarias","category-opinion","tag-calendario-nacional-vacunacion","tag-incompleto","tag-nacion","tag-ninos","tag-provincias","tag-tos-convulsa","tag-vacunacion","tag-vacunas"],"yoast_head":"<!-- This site is optimized with the Yoast SEO plugin v26.8 - https:\/\/yoast.com\/product\/yoast-seo-wordpress\/ -->\n<title>[Opini\u00f3n] Un tercio de los ni\u00f1os no tiene la vacunaci\u00f3n completa: \u00bfQui\u00e9n se hace cargo? - El Regional<\/title>\n<meta name=\"robots\" content=\"index, follow, max-snippet:-1, max-image-preview:large, max-video-preview:-1\" \/>\n<link rel=\"canonical\" href=\"https:\/\/elregionalvm.com.ar\/noticias-villa-maria\/opinion-un-tercio-de-los-ninos-no-tiene-la-vacunacion-completa-quien-se-hace-cargo\/\" \/>\n<meta property=\"og:locale\" content=\"es_ES\" \/>\n<meta property=\"og:type\" content=\"article\" \/>\n<meta property=\"og:title\" content=\"[Opini\u00f3n] Un tercio de los ni\u00f1os no tiene la vacunaci\u00f3n completa: \u00bfQui\u00e9n se hace cargo? - El Regional\" \/>\n<meta property=\"og:description\" content=\"Informe: Idesa El Bolet\u00edn Epidemiol\u00f3gico Nacional N\u00ba 299 alerta que desde el a\u00f1o 2025 se vienen produciendo brotes de tos convulsa en varias provincias, afectando fundamentalmente a menores de 14 a\u00f1os. El dato m\u00e1s inquietante es que en las primeras 9 semanas del 2026, la cantidad de casos de tos convulsa aument\u00f3 un 147%. Pas\u00f3 [&hellip;]\" \/>\n<meta property=\"og:url\" content=\"https:\/\/elregionalvm.com.ar\/noticias-villa-maria\/opinion-un-tercio-de-los-ninos-no-tiene-la-vacunacion-completa-quien-se-hace-cargo\/\" \/>\n<meta property=\"og:site_name\" content=\"El Regional\" \/>\n<meta property=\"article:publisher\" content=\"https:\/\/www.facebook.com\/elregionalvm\" \/>\n<meta property=\"article:published_time\" content=\"2026-04-29T16:50:41+00:00\" \/>\n<meta property=\"article:modified_time\" content=\"2026-04-29T16:50:42+00:00\" \/>\n<meta property=\"og:image\" content=\"https:\/\/elregionalvm.com.ar\/noticias-villa-maria\/wp-content\/uploads\/2025\/11\/bebe-vacunas.jpg\" \/>\n\t<meta property=\"og:image:width\" content=\"960\" \/>\n\t<meta property=\"og:image:height\" content=\"639\" \/>\n\t<meta property=\"og:image:type\" content=\"image\/jpeg\" \/>\n<meta name=\"author\" content=\"Contenidos El Regional\" \/>\n<meta name=\"twitter:card\" content=\"summary_large_image\" \/>\n<meta name=\"twitter:creator\" content=\"@elregionalvm1\" \/>\n<meta name=\"twitter:site\" content=\"@elregionalvm1\" \/>\n<meta name=\"twitter:label1\" content=\"Escrito por\" \/>\n\t<meta name=\"twitter:data1\" content=\"Contenidos El Regional\" \/>\n\t<meta name=\"twitter:label2\" content=\"Tiempo de lectura\" \/>\n\t<meta name=\"twitter:data2\" content=\"4 minutos\" \/>\n<script type=\"application\/ld+json\" class=\"yoast-schema-graph\">{\"@context\":\"https:\/\/schema.org\",\"@graph\":[{\"@type\":\"Article\",\"@id\":\"https:\/\/elregionalvm.com.ar\/noticias-villa-maria\/opinion-un-tercio-de-los-ninos-no-tiene-la-vacunacion-completa-quien-se-hace-cargo\/#article\",\"isPartOf\":{\"@id\":\"https:\/\/elregionalvm.com.ar\/noticias-villa-maria\/opinion-un-tercio-de-los-ninos-no-tiene-la-vacunacion-completa-quien-se-hace-cargo\/\"},\"author\":{\"name\":\"Contenidos El Regional\",\"@id\":\"http:\/\/elregionalvm.com.ar\/noticias-villa-maria\/#\/schema\/person\/a0fb9c422317faca23d50163151bc354\"},\"headline\":\"[Opini\u00f3n] Un tercio de los ni\u00f1os no tiene la vacunaci\u00f3n completa: \u00bfQui\u00e9n se hace cargo?\",\"datePublished\":\"2026-04-29T16:50:41+00:00\",\"dateModified\":\"2026-04-29T16:50:42+00:00\",\"mainEntityOfPage\":{\"@id\":\"https:\/\/elregionalvm.com.ar\/noticias-villa-maria\/opinion-un-tercio-de-los-ninos-no-tiene-la-vacunacion-completa-quien-se-hace-cargo\/\"},\"wordCount\":747,\"commentCount\":0,\"image\":{\"@id\":\"https:\/\/elregionalvm.com.ar\/noticias-villa-maria\/opinion-un-tercio-de-los-ninos-no-tiene-la-vacunacion-completa-quien-se-hace-cargo\/#primaryimage\"},\"thumbnailUrl\":\"https:\/\/i0.wp.com\/elregionalvm.com.ar\/noticias-villa-maria\/wp-content\/uploads\/2025\/11\/bebe-vacunas.jpg?fit=960%2C639&ssl=1\",\"keywords\":[\"Calendario nacional vacunaci\u00f3n\",\"incompleto\",\"Naci\u00f3n\",\"ni\u00f1os\",\"Provincias\",\"tos convulsa\",\"Vacunaci\u00f3n\",\"vacunas\"],\"articleSection\":[\"Notas\",\"Opini\u00f3n\"],\"inLanguage\":\"es\",\"potentialAction\":[{\"@type\":\"CommentAction\",\"name\":\"Comment\",\"target\":[\"https:\/\/elregionalvm.com.ar\/noticias-villa-maria\/opinion-un-tercio-de-los-ninos-no-tiene-la-vacunacion-completa-quien-se-hace-cargo\/#respond\"]}]},{\"@type\":\"WebPage\",\"@id\":\"https:\/\/elregionalvm.com.ar\/noticias-villa-maria\/opinion-un-tercio-de-los-ninos-no-tiene-la-vacunacion-completa-quien-se-hace-cargo\/\",\"url\":\"https:\/\/elregionalvm.com.ar\/noticias-villa-maria\/opinion-un-tercio-de-los-ninos-no-tiene-la-vacunacion-completa-quien-se-hace-cargo\/\",\"name\":\"[Opini\u00f3n] Un tercio de los ni\u00f1os no tiene la vacunaci\u00f3n completa: \u00bfQui\u00e9n se hace cargo? - El Regional\",\"isPartOf\":{\"@id\":\"http:\/\/elregionalvm.com.ar\/noticias-villa-maria\/#website\"},\"primaryImageOfPage\":{\"@id\":\"https:\/\/elregionalvm.com.ar\/noticias-villa-maria\/opinion-un-tercio-de-los-ninos-no-tiene-la-vacunacion-completa-quien-se-hace-cargo\/#primaryimage\"},\"image\":{\"@id\":\"https:\/\/elregionalvm.com.ar\/noticias-villa-maria\/opinion-un-tercio-de-los-ninos-no-tiene-la-vacunacion-completa-quien-se-hace-cargo\/#primaryimage\"},\"thumbnailUrl\":\"https:\/\/i0.wp.com\/elregionalvm.com.ar\/noticias-villa-maria\/wp-content\/uploads\/2025\/11\/bebe-vacunas.jpg?fit=960%2C639&ssl=1\",\"datePublished\":\"2026-04-29T16:50:41+00:00\",\"dateModified\":\"2026-04-29T16:50:42+00:00\",\"author\":{\"@id\":\"http:\/\/elregionalvm.com.ar\/noticias-villa-maria\/#\/schema\/person\/a0fb9c422317faca23d50163151bc354\"},\"breadcrumb\":{\"@id\":\"https:\/\/elregionalvm.com.ar\/noticias-villa-maria\/opinion-un-tercio-de-los-ninos-no-tiene-la-vacunacion-completa-quien-se-hace-cargo\/#breadcrumb\"},\"inLanguage\":\"es\",\"potentialAction\":[{\"@type\":\"ReadAction\",\"target\":[\"https:\/\/elregionalvm.com.ar\/noticias-villa-maria\/opinion-un-tercio-de-los-ninos-no-tiene-la-vacunacion-completa-quien-se-hace-cargo\/\"]}]},{\"@type\":\"ImageObject\",\"inLanguage\":\"es\",\"@id\":\"https:\/\/elregionalvm.com.ar\/noticias-villa-maria\/opinion-un-tercio-de-los-ninos-no-tiene-la-vacunacion-completa-quien-se-hace-cargo\/#primaryimage\",\"url\":\"https:\/\/i0.wp.com\/elregionalvm.com.ar\/noticias-villa-maria\/wp-content\/uploads\/2025\/11\/bebe-vacunas.jpg?fit=960%2C639&ssl=1\",\"contentUrl\":\"https:\/\/i0.wp.com\/elregionalvm.com.ar\/noticias-villa-maria\/wp-content\/uploads\/2025\/11\/bebe-vacunas.jpg?fit=960%2C639&ssl=1\",\"width\":960,\"height\":639},{\"@type\":\"BreadcrumbList\",\"@id\":\"https:\/\/elregionalvm.com.ar\/noticias-villa-maria\/opinion-un-tercio-de-los-ninos-no-tiene-la-vacunacion-completa-quien-se-hace-cargo\/#breadcrumb\",\"itemListElement\":[{\"@type\":\"ListItem\",\"position\":1,\"name\":\"Portada\",\"item\":\"https:\/\/elregionalvm.com.ar\/noticias-villa-maria\/\"},{\"@type\":\"ListItem\",\"position\":2,\"name\":\"[Opini\u00f3n] Un tercio de los ni\u00f1os no tiene la vacunaci\u00f3n completa: \u00bfQui\u00e9n se hace cargo?\"}]},{\"@type\":\"WebSite\",\"@id\":\"http:\/\/elregionalvm.com.ar\/noticias-villa-maria\/#website\",\"url\":\"http:\/\/elregionalvm.com.ar\/noticias-villa-maria\/\",\"name\":\"El Regional\",\"description\":\"Mucho m\u00e1s que informaci\u00f3n\",\"potentialAction\":[{\"@type\":\"SearchAction\",\"target\":{\"@type\":\"EntryPoint\",\"urlTemplate\":\"http:\/\/elregionalvm.com.ar\/noticias-villa-maria\/?s={search_term_string}\"},\"query-input\":{\"@type\":\"PropertyValueSpecification\",\"valueRequired\":true,\"valueName\":\"search_term_string\"}}],\"inLanguage\":\"es\"},{\"@type\":\"Person\",\"@id\":\"http:\/\/elregionalvm.com.ar\/noticias-villa-maria\/#\/schema\/person\/a0fb9c422317faca23d50163151bc354\",\"name\":\"Contenidos El Regional\",\"image\":{\"@type\":\"ImageObject\",\"inLanguage\":\"es\",\"@id\":\"http:\/\/elregionalvm.com.ar\/noticias-villa-maria\/#\/schema\/person\/image\/\",\"url\":\"https:\/\/secure.gravatar.com\/avatar\/265b27cb2209af7bb3a1318f03305787d7981a5cc6e6cd08fe5a4ecdf99d4b48?s=96&d=mm&r=g\",\"contentUrl\":\"https:\/\/secure.gravatar.com\/avatar\/265b27cb2209af7bb3a1318f03305787d7981a5cc6e6cd08fe5a4ecdf99d4b48?s=96&d=mm&r=g\",\"caption\":\"Contenidos El Regional\"},\"url\":\"https:\/\/elregionalvm.com.ar\/noticias-villa-maria\/author\/contenido\/\"}]}<\/script>\n<!-- \/ Yoast SEO plugin. -->","yoast_head_json":{"title":"[Opini\u00f3n] Un tercio de los ni\u00f1os no tiene la vacunaci\u00f3n completa: \u00bfQui\u00e9n se hace cargo? - El Regional","robots":{"index":"index","follow":"follow","max-snippet":"max-snippet:-1","max-image-preview":"max-image-preview:large","max-video-preview":"max-video-preview:-1"},"canonical":"https:\/\/elregionalvm.com.ar\/noticias-villa-maria\/opinion-un-tercio-de-los-ninos-no-tiene-la-vacunacion-completa-quien-se-hace-cargo\/","og_locale":"es_ES","og_type":"article","og_title":"[Opini\u00f3n] Un tercio de los ni\u00f1os no tiene la vacunaci\u00f3n completa: \u00bfQui\u00e9n se hace cargo? - El Regional","og_description":"Informe: Idesa El Bolet\u00edn Epidemiol\u00f3gico Nacional N\u00ba 299 alerta que desde el a\u00f1o 2025 se vienen produciendo brotes de tos convulsa en varias provincias, afectando fundamentalmente a menores de 14 a\u00f1os. El dato m\u00e1s inquietante es que en las primeras 9 semanas del 2026, la cantidad de casos de tos convulsa aument\u00f3 un 147%. Pas\u00f3 [&hellip;]","og_url":"https:\/\/elregionalvm.com.ar\/noticias-villa-maria\/opinion-un-tercio-de-los-ninos-no-tiene-la-vacunacion-completa-quien-se-hace-cargo\/","og_site_name":"El Regional","article_publisher":"https:\/\/www.facebook.com\/elregionalvm","article_published_time":"2026-04-29T16:50:41+00:00","article_modified_time":"2026-04-29T16:50:42+00:00","og_image":[{"width":960,"height":639,"url":"https:\/\/elregionalvm.com.ar\/noticias-villa-maria\/wp-content\/uploads\/2025\/11\/bebe-vacunas.jpg","type":"image\/jpeg"}],"author":"Contenidos El Regional","twitter_card":"summary_large_image","twitter_creator":"@elregionalvm1","twitter_site":"@elregionalvm1","twitter_misc":{"Escrito por":"Contenidos El Regional","Tiempo de lectura":"4 minutos"},"schema":{"@context":"https:\/\/schema.org","@graph":[{"@type":"Article","@id":"https:\/\/elregionalvm.com.ar\/noticias-villa-maria\/opinion-un-tercio-de-los-ninos-no-tiene-la-vacunacion-completa-quien-se-hace-cargo\/#article","isPartOf":{"@id":"https:\/\/elregionalvm.com.ar\/noticias-villa-maria\/opinion-un-tercio-de-los-ninos-no-tiene-la-vacunacion-completa-quien-se-hace-cargo\/"},"author":{"name":"Contenidos El Regional","@id":"http:\/\/elregionalvm.com.ar\/noticias-villa-maria\/#\/schema\/person\/a0fb9c422317faca23d50163151bc354"},"headline":"[Opini\u00f3n] Un tercio de los ni\u00f1os no tiene la vacunaci\u00f3n completa: \u00bfQui\u00e9n se hace cargo?","datePublished":"2026-04-29T16:50:41+00:00","dateModified":"2026-04-29T16:50:42+00:00","mainEntityOfPage":{"@id":"https:\/\/elregionalvm.com.ar\/noticias-villa-maria\/opinion-un-tercio-de-los-ninos-no-tiene-la-vacunacion-completa-quien-se-hace-cargo\/"},"wordCount":747,"commentCount":0,"image":{"@id":"https:\/\/elregionalvm.com.ar\/noticias-villa-maria\/opinion-un-tercio-de-los-ninos-no-tiene-la-vacunacion-completa-quien-se-hace-cargo\/#primaryimage"},"thumbnailUrl":"https:\/\/i0.wp.com\/elregionalvm.com.ar\/noticias-villa-maria\/wp-content\/uploads\/2025\/11\/bebe-vacunas.jpg?fit=960%2C639&ssl=1","keywords":["Calendario nacional vacunaci\u00f3n","incompleto","Naci\u00f3n","ni\u00f1os","Provincias","tos convulsa","Vacunaci\u00f3n","vacunas"],"articleSection":["Notas","Opini\u00f3n"],"inLanguage":"es","potentialAction":[{"@type":"CommentAction","name":"Comment","target":["https:\/\/elregionalvm.com.ar\/noticias-villa-maria\/opinion-un-tercio-de-los-ninos-no-tiene-la-vacunacion-completa-quien-se-hace-cargo\/#respond"]}]},{"@type":"WebPage","@id":"https:\/\/elregionalvm.com.ar\/noticias-villa-maria\/opinion-un-tercio-de-los-ninos-no-tiene-la-vacunacion-completa-quien-se-hace-cargo\/","url":"https:\/\/elregionalvm.com.ar\/noticias-villa-maria\/opinion-un-tercio-de-los-ninos-no-tiene-la-vacunacion-completa-quien-se-hace-cargo\/","name":"[Opini\u00f3n] Un tercio de los ni\u00f1os no tiene la vacunaci\u00f3n completa: \u00bfQui\u00e9n se hace cargo? - El Regional","isPartOf":{"@id":"http:\/\/elregionalvm.com.ar\/noticias-villa-maria\/#website"},"primaryImageOfPage":{"@id":"https:\/\/elregionalvm.com.ar\/noticias-villa-maria\/opinion-un-tercio-de-los-ninos-no-tiene-la-vacunacion-completa-quien-se-hace-cargo\/#primaryimage"},"image":{"@id":"https:\/\/elregionalvm.com.ar\/noticias-villa-maria\/opinion-un-tercio-de-los-ninos-no-tiene-la-vacunacion-completa-quien-se-hace-cargo\/#primaryimage"},"thumbnailUrl":"https:\/\/i0.wp.com\/elregionalvm.com.ar\/noticias-villa-maria\/wp-content\/uploads\/2025\/11\/bebe-vacunas.jpg?fit=960%2C639&ssl=1","datePublished":"2026-04-29T16:50:41+00:00","dateModified":"2026-04-29T16:50:42+00:00","author":{"@id":"http:\/\/elregionalvm.com.ar\/noticias-villa-maria\/#\/schema\/person\/a0fb9c422317faca23d50163151bc354"},"breadcrumb":{"@id":"https:\/\/elregionalvm.com.ar\/noticias-villa-maria\/opinion-un-tercio-de-los-ninos-no-tiene-la-vacunacion-completa-quien-se-hace-cargo\/#breadcrumb"},"inLanguage":"es","potentialAction":[{"@type":"ReadAction","target":["https:\/\/elregionalvm.com.ar\/noticias-villa-maria\/opinion-un-tercio-de-los-ninos-no-tiene-la-vacunacion-completa-quien-se-hace-cargo\/"]}]},{"@type":"ImageObject","inLanguage":"es","@id":"https:\/\/elregionalvm.com.ar\/noticias-villa-maria\/opinion-un-tercio-de-los-ninos-no-tiene-la-vacunacion-completa-quien-se-hace-cargo\/#primaryimage","url":"https:\/\/i0.wp.com\/elregionalvm.com.ar\/noticias-villa-maria\/wp-content\/uploads\/2025\/11\/bebe-vacunas.jpg?fit=960%2C639&ssl=1","contentUrl":"https:\/\/i0.wp.com\/elregionalvm.com.ar\/noticias-villa-maria\/wp-content\/uploads\/2025\/11\/bebe-vacunas.jpg?fit=960%2C639&ssl=1","width":960,"height":639},{"@type":"BreadcrumbList","@id":"https:\/\/elregionalvm.com.ar\/noticias-villa-maria\/opinion-un-tercio-de-los-ninos-no-tiene-la-vacunacion-completa-quien-se-hace-cargo\/#breadcrumb","itemListElement":[{"@type":"ListItem","position":1,"name":"Portada","item":"https:\/\/elregionalvm.com.ar\/noticias-villa-maria\/"},{"@type":"ListItem","position":2,"name":"[Opini\u00f3n] Un tercio de los ni\u00f1os no tiene la vacunaci\u00f3n completa: \u00bfQui\u00e9n se hace cargo?"}]},{"@type":"WebSite","@id":"http:\/\/elregionalvm.com.ar\/noticias-villa-maria\/#website","url":"http:\/\/elregionalvm.com.ar\/noticias-villa-maria\/","name":"El Regional","description":"Mucho m\u00e1s que informaci\u00f3n","potentialAction":[{"@type":"SearchAction","target":{"@type":"EntryPoint","urlTemplate":"http:\/\/elregionalvm.com.ar\/noticias-villa-maria\/?s={search_term_string}"},"query-input":{"@type":"PropertyValueSpecification","valueRequired":true,"valueName":"search_term_string"}}],"inLanguage":"es"},{"@type":"Person","@id":"http:\/\/elregionalvm.com.ar\/noticias-villa-maria\/#\/schema\/person\/a0fb9c422317faca23d50163151bc354","name":"Contenidos El Regional","image":{"@type":"ImageObject","inLanguage":"es","@id":"http:\/\/elregionalvm.com.ar\/noticias-villa-maria\/#\/schema\/person\/image\/","url":"https:\/\/secure.gravatar.com\/avatar\/265b27cb2209af7bb3a1318f03305787d7981a5cc6e6cd08fe5a4ecdf99d4b48?s=96&d=mm&r=g","contentUrl":"https:\/\/secure.gravatar.com\/avatar\/265b27cb2209af7bb3a1318f03305787d7981a5cc6e6cd08fe5a4ecdf99d4b48?s=96&d=mm&r=g","caption":"Contenidos El Regional"},"url":"https:\/\/elregionalvm.com.ar\/noticias-villa-maria\/author\/contenido\/"}]}},"jetpack_featured_media_url":"https:\/\/i0.wp.com\/elregionalvm.com.ar\/noticias-villa-maria\/wp-content\/uploads\/2025\/11\/bebe-vacunas.jpg?fit=960%2C639&ssl=1","jetpack_sharing_enabled":true,"_links":{"self":[{"href":"https:\/\/elregionalvm.com.ar\/noticias-villa-maria\/wp-json\/wp\/v2\/posts\/115714","targetHints":{"allow":["GET"]}}],"collection":[{"href":"https:\/\/elregionalvm.com.ar\/noticias-villa-maria\/wp-json\/wp\/v2\/posts"}],"about":[{"href":"https:\/\/elregionalvm.com.ar\/noticias-villa-maria\/wp-json\/wp\/v2\/types\/post"}],"author":[{"embeddable":true,"href":"https:\/\/elregionalvm.com.ar\/noticias-villa-maria\/wp-json\/wp\/v2\/users\/4"}],"replies":[{"embeddable":true,"href":"https:\/\/elregionalvm.com.ar\/noticias-villa-maria\/wp-json\/wp\/v2\/comments?post=115714"}],"version-history":[{"count":3,"href":"https:\/\/elregionalvm.com.ar\/noticias-villa-maria\/wp-json\/wp\/v2\/posts\/115714\/revisions"}],"predecessor-version":[{"id":115719,"href":"https:\/\/elregionalvm.com.ar\/noticias-villa-maria\/wp-json\/wp\/v2\/posts\/115714\/revisions\/115719"}],"wp:featuredmedia":[{"embeddable":true,"href":"https:\/\/elregionalvm.com.ar\/noticias-villa-maria\/wp-json\/wp\/v2\/media\/112099"}],"wp:attachment":[{"href":"https:\/\/elregionalvm.com.ar\/noticias-villa-maria\/wp-json\/wp\/v2\/media?parent=115714"}],"wp:term":[{"taxonomy":"category","embeddable":true,"href":"https:\/\/elregionalvm.com.ar\/noticias-villa-maria\/wp-json\/wp\/v2\/categories?post=115714"},{"taxonomy":"post_tag","embeddable":true,"href":"https:\/\/elregionalvm.com.ar\/noticias-villa-maria\/wp-json\/wp\/v2\/tags?post=115714"}],"curies":[{"name":"wp","href":"https:\/\/api.w.org\/{rel}","templated":true}]}}