{"id":115720,"date":"2026-04-29T16:59:06","date_gmt":"2026-04-29T16:59:06","guid":{"rendered":"https:\/\/elregionalvm.com.ar\/noticias-villa-maria\/?p=115720"},"modified":"2026-04-29T16:59:08","modified_gmt":"2026-04-29T16:59:08","slug":"opinion-el-despertar-del-sindicalismo-cordobes-hacia-una-nueva-generacion-de-lucha","status":"publish","type":"post","link":"https:\/\/elregionalvm.com.ar\/noticias-villa-maria\/opinion-el-despertar-del-sindicalismo-cordobes-hacia-una-nueva-generacion-de-lucha\/","title":{"rendered":"[Opini\u00f3n] El despertar del sindicalismo cordob\u00e9s: Hacia una nueva generaci\u00f3n de lucha"},"content":{"rendered":"\n<p><\/p>\n\n\n\n<h3 class=\"wp-block-heading\"><strong>C\u00f3rdoba, cuna de hitos hist\u00f3ricos como la Reforma Universitaria y el Cordobazo, atraviesa hoy una meseta de quietud gremial que desentona con su ADN rebelde.<\/strong><\/h3>\n\n\n\n<p><\/p>\n\n\n\n<p>La provincia que supo ser el faro de la resistencia obrera en el pa\u00eds, hoy asiste a una crisis de representatividad que exige, de manera urgente, recuperar las ra\u00edces combativas de sus gremios hist\u00f3ricos.<\/p>\n\n\n\n<p>No se trata de una nostalgia rom\u00e1ntica, sino de una necesidad estructural ante el avance sobre los derechos salariales y previsionales de los trabajadores.<\/p>\n\n\n\n<p>El modelo de conducci\u00f3n actual, a menudo estancado en mandatos por tiempo indeterminado, ha cumplido su ciclo.<\/p>\n\n\n\n<p>Es imperativo un recambio dirigencial y generacional que no solo aporte sangre nueva, sino que integre a cuadros profesionales.<\/p>\n\n\n\n<p>En la modernidad, la discusi\u00f3n con las patronales no puede limitarse al voluntarismo; requiere de t\u00e9cnicos, abogados y economistas surgidos de las bases que puedan discutir de igual a igual, elevando los t\u00e9rminos de la negociaci\u00f3n colectiva.<\/p>\n\n\n\n<p><\/p>\n\n\n\n<figure class=\"wp-block-image size-large\"><img data-recalc-dims=\"1\" fetchpriority=\"high\" decoding=\"async\" width=\"1024\" height=\"683\" src=\"https:\/\/i0.wp.com\/elregionalvm.com.ar\/noticias-villa-maria\/wp-content\/uploads\/2025\/02\/protesta-marcha-sindicato-gremio.jpg?resize=1024%2C683&#038;ssl=1\" alt=\"\" class=\"wp-image-103044\" srcset=\"https:\/\/i0.wp.com\/elregionalvm.com.ar\/noticias-villa-maria\/wp-content\/uploads\/2025\/02\/protesta-marcha-sindicato-gremio.jpg?resize=1024%2C683&amp;ssl=1 1024w, https:\/\/i0.wp.com\/elregionalvm.com.ar\/noticias-villa-maria\/wp-content\/uploads\/2025\/02\/protesta-marcha-sindicato-gremio.jpg?resize=300%2C200&amp;ssl=1 300w, https:\/\/i0.wp.com\/elregionalvm.com.ar\/noticias-villa-maria\/wp-content\/uploads\/2025\/02\/protesta-marcha-sindicato-gremio.jpg?resize=768%2C512&amp;ssl=1 768w, https:\/\/i0.wp.com\/elregionalvm.com.ar\/noticias-villa-maria\/wp-content\/uploads\/2025\/02\/protesta-marcha-sindicato-gremio.jpg?w=1300&amp;ssl=1 1300w\" sizes=\"(max-width: 1000px) 100vw, 1000px\" \/><\/figure>\n\n\n\n<p><\/p>\n\n\n\n<p>Para lograr esto, es fundamental cortar los lazos de dependencia partidaria. Sea bajo el signo peronista, radical o libertario, el sindicalista no debe ser un ap\u00e9ndice del gobierno de turno. La autonom\u00eda es el \u00fanico camino para desarrollar verdaderos planes de lucha con principio y fin, sin el freno de mano que impone la obediencia pol\u00edtica.<\/p>\n\n\n\n<p><strong>La transparencia interna debe ser el pilar de esta renovaci\u00f3n.<\/strong><\/p>\n\n\n\n<p>Necesitamos a los mejores referentes a la cabeza, incluyendo la reintegraci\u00f3n de los jubilados a la vida interna del sindicato, otorg\u00e1ndoles derecho a voz y voto en las elecciones de autoridades. Ellos son la memoria institucional y quienes hoy sufren el mayor ajuste.<\/p>\n\n\n\n<p>Es momento tambi\u00e9n de reconstruir una CGT Provincial que:<\/p>\n\n\n\n<p>a) Respire aires de renovaci\u00f3n.<\/p>\n\n\n\n<p>b) No tema convocar a paros provinciales ante atropellos al salario y la jubilaci\u00f3n.<\/p>\n\n\n\n<p>c) Se ponga a la vanguardia de cada foco de conflicto, sin especular con la caja o el cargo.<\/p>\n\n\n\n<p><\/p>\n\n\n\n<figure class=\"wp-block-image size-full is-resized\"><img data-recalc-dims=\"1\" decoding=\"async\" width=\"588\" height=\"378\" src=\"https:\/\/i0.wp.com\/elregionalvm.com.ar\/noticias-villa-maria\/wp-content\/uploads\/2026\/04\/sindicalismo-cordobes-Tosco.jpeg?resize=588%2C378&#038;ssl=1\" alt=\"\" class=\"wp-image-115722\" style=\"width:908px;height:auto\" srcset=\"https:\/\/i0.wp.com\/elregionalvm.com.ar\/noticias-villa-maria\/wp-content\/uploads\/2026\/04\/sindicalismo-cordobes-Tosco.jpeg?w=588&amp;ssl=1 588w, https:\/\/i0.wp.com\/elregionalvm.com.ar\/noticias-villa-maria\/wp-content\/uploads\/2026\/04\/sindicalismo-cordobes-Tosco.jpeg?resize=300%2C193&amp;ssl=1 300w\" sizes=\"(max-width: 588px) 100vw, 588px\" \/><\/figure>\n\n\n\n<p><\/p>\n\n\n\n<p>El camino ya fue trazado por gigantes como Agust\u00edn Tosco, Atilio L\u00f3pez y Ren\u00e9 Salamanca. Aquellos hombres no buscaban la perpetuidad ni la complacencia, sino la justicia social desde la \u00e9tica y el coraje.<\/p>\n\n\n\n<p>Recuperar ese legado es la \u00fanica forma de que el sindicalismo cordob\u00e9s vuelva a ser respetado por su pueblo y temido por quienes pretenden precarizar la vida de los trabajadores.<\/p>\n\n\n\n<p>El futuro de C\u00f3rdoba no se negocia en despachos cerrados, se defiende en la calle con conducciones a la altura de su historia.<\/p>\n\n\n\n<p><\/p>\n\n\n\n<p><strong><em>Alicia L\u00f3pez (T\u00e9cnica en laboratorio y afiliada al Sindicato de Luz y Fuerza de C\u00f3rdoba)<\/em><\/strong><\/p>\n\n\n\n<p><strong><em>Carlos Emanuel Cafure (Abogado y afiliado al Sindicato de Luz y Fuerza de C\u00f3rdoba)<\/em><\/strong><\/p>\n","protected":false},"excerpt":{"rendered":"<p>C\u00f3rdoba, cuna de hitos hist\u00f3ricos como la Reforma Universitaria y el Cordobazo, atraviesa hoy una meseta de quietud gremial que desentona con su ADN rebelde. La provincia que supo ser el faro de la resistencia obrera en el pa\u00eds, hoy asiste a una crisis de representatividad que exige, de manera urgente, recuperar las ra\u00edces combativas [&hellip;]<\/p>\n","protected":false},"author":4,"featured_media":103043,"comment_status":"open","ping_status":"open","sticky":false,"template":"","format":"standard","meta":{"site-sidebar-layout":"default","site-content-layout":"","ast-site-content-layout":"default","site-content-style":"default","site-sidebar-style":"default","ast-global-header-display":"","ast-banner-title-visibility":"","ast-main-header-display":"","ast-hfb-above-header-display":"","ast-hfb-below-header-display":"","ast-hfb-mobile-header-display":"","site-post-title":"","ast-breadcrumbs-content":"","ast-featured-img":"","footer-sml-layout":"","ast-disable-related-posts":"","theme-transparent-header-meta":"","adv-header-id-meta":"","stick-header-meta":"","header-above-stick-meta":"","header-main-stick-meta":"","header-below-stick-meta":"","astra-migrate-meta-layouts":"set","ast-page-background-enabled":"default","ast-page-background-meta":{"desktop":{"background-color":"","background-image":"","background-repeat":"repeat","background-position":"center center","background-size":"auto","background-attachment":"scroll","background-type":"","background-media":"","overlay-type":"","overlay-color":"","overlay-opacity":"","overlay-gradient":""},"tablet":{"background-color":"","background-image":"","background-repeat":"repeat","background-position":"center center","background-size":"auto","background-attachment":"scroll","background-type":"","background-media":"","overlay-type":"","overlay-color":"","overlay-opacity":"","overlay-gradient":""},"mobile":{"background-color":"","background-image":"","background-repeat":"repeat","background-position":"center center","background-size":"auto","background-attachment":"scroll","background-type":"","background-media":"","overlay-type":"","overlay-color":"","overlay-opacity":"","overlay-gradient":""}},"ast-content-background-meta":{"desktop":{"background-color":"var(--ast-global-color-5)","background-image":"","background-repeat":"repeat","background-position":"center center","background-size":"auto","background-attachment":"scroll","background-type":"","background-media":"","overlay-type":"","overlay-color":"","overlay-opacity":"","overlay-gradient":""},"tablet":{"background-color":"var(--ast-global-color-5)","background-image":"","background-repeat":"repeat","background-position":"center center","background-size":"auto","background-attachment":"scroll","background-type":"","background-media":"","overlay-type":"","overlay-color":"","overlay-opacity":"","overlay-gradient":""},"mobile":{"background-color":"var(--ast-global-color-5)","background-image":"","background-repeat":"repeat","background-position":"center center","background-size":"auto","background-attachment":"scroll","background-type":"","background-media":"","overlay-type":"","overlay-color":"","overlay-opacity":"","overlay-gradient":""}},"_jetpack_memberships_contains_paid_content":false,"_joinchat":[],"footnotes":""},"categories":[2323,365],"tags":[322,25525,25524,974,118,25522,519,25523,45],"class_list":["post-115720","post","type-post","status-publish","format-standard","has-post-thumbnail","hentry","category-notas-secundarias","category-opinion","tag-cordoba","tag-despertar","tag-despertsar","tag-gremios","tag-lucha","tag-nueva-generacion","tag-politica","tag-recambio","tag-sindicalismo"],"yoast_head":"<!-- This site is optimized with the Yoast SEO plugin v26.8 - https:\/\/yoast.com\/product\/yoast-seo-wordpress\/ -->\n<title>[Opini\u00f3n] El despertar del sindicalismo cordob\u00e9s: Hacia una nueva generaci\u00f3n de lucha - El Regional<\/title>\n<meta name=\"robots\" content=\"index, follow, max-snippet:-1, max-image-preview:large, max-video-preview:-1\" \/>\n<link rel=\"canonical\" href=\"https:\/\/elregionalvm.com.ar\/noticias-villa-maria\/opinion-el-despertar-del-sindicalismo-cordobes-hacia-una-nueva-generacion-de-lucha\/\" \/>\n<meta property=\"og:locale\" content=\"es_ES\" \/>\n<meta property=\"og:type\" content=\"article\" \/>\n<meta property=\"og:title\" content=\"[Opini\u00f3n] El despertar del sindicalismo cordob\u00e9s: Hacia una nueva generaci\u00f3n de lucha - El Regional\" \/>\n<meta property=\"og:description\" content=\"C\u00f3rdoba, cuna de hitos hist\u00f3ricos como la Reforma Universitaria y el Cordobazo, atraviesa hoy una meseta de quietud gremial que desentona con su ADN rebelde. La provincia que supo ser el faro de la resistencia obrera en el pa\u00eds, hoy asiste a una crisis de representatividad que exige, de manera urgente, recuperar las ra\u00edces combativas [&hellip;]\" \/>\n<meta property=\"og:url\" content=\"https:\/\/elregionalvm.com.ar\/noticias-villa-maria\/opinion-el-despertar-del-sindicalismo-cordobes-hacia-una-nueva-generacion-de-lucha\/\" \/>\n<meta property=\"og:site_name\" content=\"El Regional\" \/>\n<meta property=\"article:publisher\" content=\"https:\/\/www.facebook.com\/elregionalvm\" \/>\n<meta property=\"article:published_time\" content=\"2026-04-29T16:59:06+00:00\" \/>\n<meta property=\"article:modified_time\" content=\"2026-04-29T16:59:08+00:00\" \/>\n<meta property=\"og:image\" content=\"https:\/\/elregionalvm.com.ar\/noticias-villa-maria\/wp-content\/uploads\/2025\/02\/sindicato-gremio.jpg\" \/>\n\t<meta property=\"og:image:width\" content=\"1000\" \/>\n\t<meta property=\"og:image:height\" content=\"633\" \/>\n\t<meta property=\"og:image:type\" content=\"image\/jpeg\" \/>\n<meta name=\"author\" content=\"Contenidos El Regional\" \/>\n<meta name=\"twitter:card\" content=\"summary_large_image\" \/>\n<meta name=\"twitter:creator\" content=\"@elregionalvm1\" \/>\n<meta name=\"twitter:site\" content=\"@elregionalvm1\" \/>\n<meta name=\"twitter:label1\" content=\"Escrito por\" \/>\n\t<meta name=\"twitter:data1\" content=\"Contenidos El Regional\" \/>\n\t<meta name=\"twitter:label2\" content=\"Tiempo de lectura\" \/>\n\t<meta name=\"twitter:data2\" content=\"3 minutos\" \/>\n<script type=\"application\/ld+json\" class=\"yoast-schema-graph\">{\"@context\":\"https:\/\/schema.org\",\"@graph\":[{\"@type\":\"Article\",\"@id\":\"https:\/\/elregionalvm.com.ar\/noticias-villa-maria\/opinion-el-despertar-del-sindicalismo-cordobes-hacia-una-nueva-generacion-de-lucha\/#article\",\"isPartOf\":{\"@id\":\"https:\/\/elregionalvm.com.ar\/noticias-villa-maria\/opinion-el-despertar-del-sindicalismo-cordobes-hacia-una-nueva-generacion-de-lucha\/\"},\"author\":{\"name\":\"Contenidos El Regional\",\"@id\":\"http:\/\/elregionalvm.com.ar\/noticias-villa-maria\/#\/schema\/person\/a0fb9c422317faca23d50163151bc354\"},\"headline\":\"[Opini\u00f3n] El despertar del sindicalismo cordob\u00e9s: Hacia una nueva generaci\u00f3n de lucha\",\"datePublished\":\"2026-04-29T16:59:06+00:00\",\"dateModified\":\"2026-04-29T16:59:08+00:00\",\"mainEntityOfPage\":{\"@id\":\"https:\/\/elregionalvm.com.ar\/noticias-villa-maria\/opinion-el-despertar-del-sindicalismo-cordobes-hacia-una-nueva-generacion-de-lucha\/\"},\"wordCount\":471,\"commentCount\":0,\"image\":{\"@id\":\"https:\/\/elregionalvm.com.ar\/noticias-villa-maria\/opinion-el-despertar-del-sindicalismo-cordobes-hacia-una-nueva-generacion-de-lucha\/#primaryimage\"},\"thumbnailUrl\":\"https:\/\/i0.wp.com\/elregionalvm.com.ar\/noticias-villa-maria\/wp-content\/uploads\/2025\/02\/sindicato-gremio.jpg?fit=1000%2C633&ssl=1\",\"keywords\":[\"c\u00f3rdoba\",\"despertar\",\"despertsar\",\"Gremios\",\"lucha\",\"nueva generaci\u00f3n\",\"Pol\u00edtica\",\"recambio\",\"sindicalismo\"],\"articleSection\":[\"Notas\",\"Opini\u00f3n\"],\"inLanguage\":\"es\",\"potentialAction\":[{\"@type\":\"CommentAction\",\"name\":\"Comment\",\"target\":[\"https:\/\/elregionalvm.com.ar\/noticias-villa-maria\/opinion-el-despertar-del-sindicalismo-cordobes-hacia-una-nueva-generacion-de-lucha\/#respond\"]}]},{\"@type\":\"WebPage\",\"@id\":\"https:\/\/elregionalvm.com.ar\/noticias-villa-maria\/opinion-el-despertar-del-sindicalismo-cordobes-hacia-una-nueva-generacion-de-lucha\/\",\"url\":\"https:\/\/elregionalvm.com.ar\/noticias-villa-maria\/opinion-el-despertar-del-sindicalismo-cordobes-hacia-una-nueva-generacion-de-lucha\/\",\"name\":\"[Opini\u00f3n] El despertar del sindicalismo cordob\u00e9s: Hacia una nueva generaci\u00f3n de lucha - El Regional\",\"isPartOf\":{\"@id\":\"http:\/\/elregionalvm.com.ar\/noticias-villa-maria\/#website\"},\"primaryImageOfPage\":{\"@id\":\"https:\/\/elregionalvm.com.ar\/noticias-villa-maria\/opinion-el-despertar-del-sindicalismo-cordobes-hacia-una-nueva-generacion-de-lucha\/#primaryimage\"},\"image\":{\"@id\":\"https:\/\/elregionalvm.com.ar\/noticias-villa-maria\/opinion-el-despertar-del-sindicalismo-cordobes-hacia-una-nueva-generacion-de-lucha\/#primaryimage\"},\"thumbnailUrl\":\"https:\/\/i0.wp.com\/elregionalvm.com.ar\/noticias-villa-maria\/wp-content\/uploads\/2025\/02\/sindicato-gremio.jpg?fit=1000%2C633&ssl=1\",\"datePublished\":\"2026-04-29T16:59:06+00:00\",\"dateModified\":\"2026-04-29T16:59:08+00:00\",\"author\":{\"@id\":\"http:\/\/elregionalvm.com.ar\/noticias-villa-maria\/#\/schema\/person\/a0fb9c422317faca23d50163151bc354\"},\"breadcrumb\":{\"@id\":\"https:\/\/elregionalvm.com.ar\/noticias-villa-maria\/opinion-el-despertar-del-sindicalismo-cordobes-hacia-una-nueva-generacion-de-lucha\/#breadcrumb\"},\"inLanguage\":\"es\",\"potentialAction\":[{\"@type\":\"ReadAction\",\"target\":[\"https:\/\/elregionalvm.com.ar\/noticias-villa-maria\/opinion-el-despertar-del-sindicalismo-cordobes-hacia-una-nueva-generacion-de-lucha\/\"]}]},{\"@type\":\"ImageObject\",\"inLanguage\":\"es\",\"@id\":\"https:\/\/elregionalvm.com.ar\/noticias-villa-maria\/opinion-el-despertar-del-sindicalismo-cordobes-hacia-una-nueva-generacion-de-lucha\/#primaryimage\",\"url\":\"https:\/\/i0.wp.com\/elregionalvm.com.ar\/noticias-villa-maria\/wp-content\/uploads\/2025\/02\/sindicato-gremio.jpg?fit=1000%2C633&ssl=1\",\"contentUrl\":\"https:\/\/i0.wp.com\/elregionalvm.com.ar\/noticias-villa-maria\/wp-content\/uploads\/2025\/02\/sindicato-gremio.jpg?fit=1000%2C633&ssl=1\",\"width\":1000,\"height\":633},{\"@type\":\"BreadcrumbList\",\"@id\":\"https:\/\/elregionalvm.com.ar\/noticias-villa-maria\/opinion-el-despertar-del-sindicalismo-cordobes-hacia-una-nueva-generacion-de-lucha\/#breadcrumb\",\"itemListElement\":[{\"@type\":\"ListItem\",\"position\":1,\"name\":\"Portada\",\"item\":\"https:\/\/elregionalvm.com.ar\/noticias-villa-maria\/\"},{\"@type\":\"ListItem\",\"position\":2,\"name\":\"[Opini\u00f3n] El despertar del sindicalismo cordob\u00e9s: Hacia una nueva generaci\u00f3n de lucha\"}]},{\"@type\":\"WebSite\",\"@id\":\"http:\/\/elregionalvm.com.ar\/noticias-villa-maria\/#website\",\"url\":\"http:\/\/elregionalvm.com.ar\/noticias-villa-maria\/\",\"name\":\"El Regional\",\"description\":\"Mucho m\u00e1s que informaci\u00f3n\",\"potentialAction\":[{\"@type\":\"SearchAction\",\"target\":{\"@type\":\"EntryPoint\",\"urlTemplate\":\"http:\/\/elregionalvm.com.ar\/noticias-villa-maria\/?s={search_term_string}\"},\"query-input\":{\"@type\":\"PropertyValueSpecification\",\"valueRequired\":true,\"valueName\":\"search_term_string\"}}],\"inLanguage\":\"es\"},{\"@type\":\"Person\",\"@id\":\"http:\/\/elregionalvm.com.ar\/noticias-villa-maria\/#\/schema\/person\/a0fb9c422317faca23d50163151bc354\",\"name\":\"Contenidos El Regional\",\"image\":{\"@type\":\"ImageObject\",\"inLanguage\":\"es\",\"@id\":\"http:\/\/elregionalvm.com.ar\/noticias-villa-maria\/#\/schema\/person\/image\/\",\"url\":\"https:\/\/secure.gravatar.com\/avatar\/265b27cb2209af7bb3a1318f03305787d7981a5cc6e6cd08fe5a4ecdf99d4b48?s=96&d=mm&r=g\",\"contentUrl\":\"https:\/\/secure.gravatar.com\/avatar\/265b27cb2209af7bb3a1318f03305787d7981a5cc6e6cd08fe5a4ecdf99d4b48?s=96&d=mm&r=g\",\"caption\":\"Contenidos El Regional\"},\"url\":\"https:\/\/elregionalvm.com.ar\/noticias-villa-maria\/author\/contenido\/\"}]}<\/script>\n<!-- \/ Yoast SEO plugin. -->","yoast_head_json":{"title":"[Opini\u00f3n] El despertar del sindicalismo cordob\u00e9s: Hacia una nueva generaci\u00f3n de lucha - El Regional","robots":{"index":"index","follow":"follow","max-snippet":"max-snippet:-1","max-image-preview":"max-image-preview:large","max-video-preview":"max-video-preview:-1"},"canonical":"https:\/\/elregionalvm.com.ar\/noticias-villa-maria\/opinion-el-despertar-del-sindicalismo-cordobes-hacia-una-nueva-generacion-de-lucha\/","og_locale":"es_ES","og_type":"article","og_title":"[Opini\u00f3n] El despertar del sindicalismo cordob\u00e9s: Hacia una nueva generaci\u00f3n de lucha - El Regional","og_description":"C\u00f3rdoba, cuna de hitos hist\u00f3ricos como la Reforma Universitaria y el Cordobazo, atraviesa hoy una meseta de quietud gremial que desentona con su ADN rebelde. La provincia que supo ser el faro de la resistencia obrera en el pa\u00eds, hoy asiste a una crisis de representatividad que exige, de manera urgente, recuperar las ra\u00edces combativas [&hellip;]","og_url":"https:\/\/elregionalvm.com.ar\/noticias-villa-maria\/opinion-el-despertar-del-sindicalismo-cordobes-hacia-una-nueva-generacion-de-lucha\/","og_site_name":"El Regional","article_publisher":"https:\/\/www.facebook.com\/elregionalvm","article_published_time":"2026-04-29T16:59:06+00:00","article_modified_time":"2026-04-29T16:59:08+00:00","og_image":[{"width":1000,"height":633,"url":"https:\/\/elregionalvm.com.ar\/noticias-villa-maria\/wp-content\/uploads\/2025\/02\/sindicato-gremio.jpg","type":"image\/jpeg"}],"author":"Contenidos El Regional","twitter_card":"summary_large_image","twitter_creator":"@elregionalvm1","twitter_site":"@elregionalvm1","twitter_misc":{"Escrito por":"Contenidos El Regional","Tiempo de lectura":"3 minutos"},"schema":{"@context":"https:\/\/schema.org","@graph":[{"@type":"Article","@id":"https:\/\/elregionalvm.com.ar\/noticias-villa-maria\/opinion-el-despertar-del-sindicalismo-cordobes-hacia-una-nueva-generacion-de-lucha\/#article","isPartOf":{"@id":"https:\/\/elregionalvm.com.ar\/noticias-villa-maria\/opinion-el-despertar-del-sindicalismo-cordobes-hacia-una-nueva-generacion-de-lucha\/"},"author":{"name":"Contenidos El Regional","@id":"http:\/\/elregionalvm.com.ar\/noticias-villa-maria\/#\/schema\/person\/a0fb9c422317faca23d50163151bc354"},"headline":"[Opini\u00f3n] El despertar del sindicalismo cordob\u00e9s: Hacia una nueva generaci\u00f3n de lucha","datePublished":"2026-04-29T16:59:06+00:00","dateModified":"2026-04-29T16:59:08+00:00","mainEntityOfPage":{"@id":"https:\/\/elregionalvm.com.ar\/noticias-villa-maria\/opinion-el-despertar-del-sindicalismo-cordobes-hacia-una-nueva-generacion-de-lucha\/"},"wordCount":471,"commentCount":0,"image":{"@id":"https:\/\/elregionalvm.com.ar\/noticias-villa-maria\/opinion-el-despertar-del-sindicalismo-cordobes-hacia-una-nueva-generacion-de-lucha\/#primaryimage"},"thumbnailUrl":"https:\/\/i0.wp.com\/elregionalvm.com.ar\/noticias-villa-maria\/wp-content\/uploads\/2025\/02\/sindicato-gremio.jpg?fit=1000%2C633&ssl=1","keywords":["c\u00f3rdoba","despertar","despertsar","Gremios","lucha","nueva generaci\u00f3n","Pol\u00edtica","recambio","sindicalismo"],"articleSection":["Notas","Opini\u00f3n"],"inLanguage":"es","potentialAction":[{"@type":"CommentAction","name":"Comment","target":["https:\/\/elregionalvm.com.ar\/noticias-villa-maria\/opinion-el-despertar-del-sindicalismo-cordobes-hacia-una-nueva-generacion-de-lucha\/#respond"]}]},{"@type":"WebPage","@id":"https:\/\/elregionalvm.com.ar\/noticias-villa-maria\/opinion-el-despertar-del-sindicalismo-cordobes-hacia-una-nueva-generacion-de-lucha\/","url":"https:\/\/elregionalvm.com.ar\/noticias-villa-maria\/opinion-el-despertar-del-sindicalismo-cordobes-hacia-una-nueva-generacion-de-lucha\/","name":"[Opini\u00f3n] El despertar del sindicalismo cordob\u00e9s: Hacia una nueva generaci\u00f3n de lucha - El Regional","isPartOf":{"@id":"http:\/\/elregionalvm.com.ar\/noticias-villa-maria\/#website"},"primaryImageOfPage":{"@id":"https:\/\/elregionalvm.com.ar\/noticias-villa-maria\/opinion-el-despertar-del-sindicalismo-cordobes-hacia-una-nueva-generacion-de-lucha\/#primaryimage"},"image":{"@id":"https:\/\/elregionalvm.com.ar\/noticias-villa-maria\/opinion-el-despertar-del-sindicalismo-cordobes-hacia-una-nueva-generacion-de-lucha\/#primaryimage"},"thumbnailUrl":"https:\/\/i0.wp.com\/elregionalvm.com.ar\/noticias-villa-maria\/wp-content\/uploads\/2025\/02\/sindicato-gremio.jpg?fit=1000%2C633&ssl=1","datePublished":"2026-04-29T16:59:06+00:00","dateModified":"2026-04-29T16:59:08+00:00","author":{"@id":"http:\/\/elregionalvm.com.ar\/noticias-villa-maria\/#\/schema\/person\/a0fb9c422317faca23d50163151bc354"},"breadcrumb":{"@id":"https:\/\/elregionalvm.com.ar\/noticias-villa-maria\/opinion-el-despertar-del-sindicalismo-cordobes-hacia-una-nueva-generacion-de-lucha\/#breadcrumb"},"inLanguage":"es","potentialAction":[{"@type":"ReadAction","target":["https:\/\/elregionalvm.com.ar\/noticias-villa-maria\/opinion-el-despertar-del-sindicalismo-cordobes-hacia-una-nueva-generacion-de-lucha\/"]}]},{"@type":"ImageObject","inLanguage":"es","@id":"https:\/\/elregionalvm.com.ar\/noticias-villa-maria\/opinion-el-despertar-del-sindicalismo-cordobes-hacia-una-nueva-generacion-de-lucha\/#primaryimage","url":"https:\/\/i0.wp.com\/elregionalvm.com.ar\/noticias-villa-maria\/wp-content\/uploads\/2025\/02\/sindicato-gremio.jpg?fit=1000%2C633&ssl=1","contentUrl":"https:\/\/i0.wp.com\/elregionalvm.com.ar\/noticias-villa-maria\/wp-content\/uploads\/2025\/02\/sindicato-gremio.jpg?fit=1000%2C633&ssl=1","width":1000,"height":633},{"@type":"BreadcrumbList","@id":"https:\/\/elregionalvm.com.ar\/noticias-villa-maria\/opinion-el-despertar-del-sindicalismo-cordobes-hacia-una-nueva-generacion-de-lucha\/#breadcrumb","itemListElement":[{"@type":"ListItem","position":1,"name":"Portada","item":"https:\/\/elregionalvm.com.ar\/noticias-villa-maria\/"},{"@type":"ListItem","position":2,"name":"[Opini\u00f3n] El despertar del sindicalismo cordob\u00e9s: Hacia una nueva generaci\u00f3n de lucha"}]},{"@type":"WebSite","@id":"http:\/\/elregionalvm.com.ar\/noticias-villa-maria\/#website","url":"http:\/\/elregionalvm.com.ar\/noticias-villa-maria\/","name":"El Regional","description":"Mucho m\u00e1s que informaci\u00f3n","potentialAction":[{"@type":"SearchAction","target":{"@type":"EntryPoint","urlTemplate":"http:\/\/elregionalvm.com.ar\/noticias-villa-maria\/?s={search_term_string}"},"query-input":{"@type":"PropertyValueSpecification","valueRequired":true,"valueName":"search_term_string"}}],"inLanguage":"es"},{"@type":"Person","@id":"http:\/\/elregionalvm.com.ar\/noticias-villa-maria\/#\/schema\/person\/a0fb9c422317faca23d50163151bc354","name":"Contenidos El Regional","image":{"@type":"ImageObject","inLanguage":"es","@id":"http:\/\/elregionalvm.com.ar\/noticias-villa-maria\/#\/schema\/person\/image\/","url":"https:\/\/secure.gravatar.com\/avatar\/265b27cb2209af7bb3a1318f03305787d7981a5cc6e6cd08fe5a4ecdf99d4b48?s=96&d=mm&r=g","contentUrl":"https:\/\/secure.gravatar.com\/avatar\/265b27cb2209af7bb3a1318f03305787d7981a5cc6e6cd08fe5a4ecdf99d4b48?s=96&d=mm&r=g","caption":"Contenidos El Regional"},"url":"https:\/\/elregionalvm.com.ar\/noticias-villa-maria\/author\/contenido\/"}]}},"jetpack_featured_media_url":"https:\/\/i0.wp.com\/elregionalvm.com.ar\/noticias-villa-maria\/wp-content\/uploads\/2025\/02\/sindicato-gremio.jpg?fit=1000%2C633&ssl=1","jetpack_sharing_enabled":true,"_links":{"self":[{"href":"https:\/\/elregionalvm.com.ar\/noticias-villa-maria\/wp-json\/wp\/v2\/posts\/115720","targetHints":{"allow":["GET"]}}],"collection":[{"href":"https:\/\/elregionalvm.com.ar\/noticias-villa-maria\/wp-json\/wp\/v2\/posts"}],"about":[{"href":"https:\/\/elregionalvm.com.ar\/noticias-villa-maria\/wp-json\/wp\/v2\/types\/post"}],"author":[{"embeddable":true,"href":"https:\/\/elregionalvm.com.ar\/noticias-villa-maria\/wp-json\/wp\/v2\/users\/4"}],"replies":[{"embeddable":true,"href":"https:\/\/elregionalvm.com.ar\/noticias-villa-maria\/wp-json\/wp\/v2\/comments?post=115720"}],"version-history":[{"count":2,"href":"https:\/\/elregionalvm.com.ar\/noticias-villa-maria\/wp-json\/wp\/v2\/posts\/115720\/revisions"}],"predecessor-version":[{"id":115723,"href":"https:\/\/elregionalvm.com.ar\/noticias-villa-maria\/wp-json\/wp\/v2\/posts\/115720\/revisions\/115723"}],"wp:featuredmedia":[{"embeddable":true,"href":"https:\/\/elregionalvm.com.ar\/noticias-villa-maria\/wp-json\/wp\/v2\/media\/103043"}],"wp:attachment":[{"href":"https:\/\/elregionalvm.com.ar\/noticias-villa-maria\/wp-json\/wp\/v2\/media?parent=115720"}],"wp:term":[{"taxonomy":"category","embeddable":true,"href":"https:\/\/elregionalvm.com.ar\/noticias-villa-maria\/wp-json\/wp\/v2\/categories?post=115720"},{"taxonomy":"post_tag","embeddable":true,"href":"https:\/\/elregionalvm.com.ar\/noticias-villa-maria\/wp-json\/wp\/v2\/tags?post=115720"}],"curies":[{"name":"wp","href":"https:\/\/api.w.org\/{rel}","templated":true}]}}