{"id":115724,"date":"2026-04-29T17:09:40","date_gmt":"2026-04-29T17:09:40","guid":{"rendered":"https:\/\/elregionalvm.com.ar\/noticias-villa-maria\/?p=115724"},"modified":"2026-04-29T17:09:46","modified_gmt":"2026-04-29T17:09:46","slug":"argentinadas-dia-del-trabajador-algo-para-celebrar-o-conmemorar","status":"publish","type":"post","link":"https:\/\/elregionalvm.com.ar\/noticias-villa-maria\/argentinadas-dia-del-trabajador-algo-para-celebrar-o-conmemorar\/","title":{"rendered":"[Argentinadas] D\u00eda del trabajador: \u00bfAlgo para celebrar o conmemorar?"},"content":{"rendered":"\n<h3 class=\"wp-block-heading\"><strong>El 1 de mayo se conmemora el d\u00eda internacional del trabajador. Una duda \u00bfSe dice del trabajador, la trabajadora, o los trabajadores o les trabjadx? o \u00bfser\u00e1 d\u00eda del laburante asalariado registrado?, \u00bfd\u00eda del trabajador informal? Por si acaso le llamaremos d\u00eda del trabajo a secas, cada cual p\u00f3ngale la connotaci\u00f3n que quiera.<\/strong><\/h3>\n\n\n\n<p><\/p>\n\n\n\n<p><strong>Escribe: Raquel Baratelli<\/strong><\/p>\n\n\n\n<p><\/p>\n\n\n\n<p>A estas alturas, la mente argenta no logra decidir un\u00e1nimemente c\u00f3mo llamar a cada cosa que necesite ser llamada.&nbsp;<\/p>\n\n\n\n<p>Nos debatimos entre los lenguajes que defienden las corrientes inclusivas no binarias, diferentes a las m\u00e1s conservadoras de quienes se aferran a la real academia m\u00e1s que a los decires de la calle, las formas relativistas, b\u00e1sicamente las que responden a la cultura de la moda y aquellas corrientes de pensamiento a las que todo les da igual.<\/p>\n\n\n\n<p>A simple vista el tema de c\u00f3mo se dicen las cosas es algo que no tiene la m\u00e1s m\u00ednima importancia, pero en la era de las comunicaciones \u201cenredadas\u201d, cada vocablo que se pronuncia determina qui\u00e9n es qui\u00e9n y, de paso, con qui\u00e9n anda. Todo comentario o t\u00edtulo encierra un modo de pensar, por ende, una l\u00ednea pol\u00edtica, por ende, determina amigos y enemigos.<\/p>\n\n\n\n<p><\/p>\n\n\n\n<figure class=\"wp-block-pullquote\"><blockquote><p><strong>Habr\u00e1 que fijarse cu\u00e1ntos trabajadores quedan en pie, cu\u00e1ntos haciendo equilibrio y cu\u00e1ntos extrabajadores o desocupados<\/strong><\/p><\/blockquote><\/figure>\n\n\n\n<p><\/p>\n\n\n\n<p>Dicho esto, pasemos a definir si este pr\u00f3ximo d\u00eda de celebraci\u00f3n internacional puede ser festejado o conmemorado.<\/p>\n\n\n\n<p><\/p>\n\n\n\n<figure class=\"wp-block-image size-large\"><img data-recalc-dims=\"1\" fetchpriority=\"high\" decoding=\"async\" width=\"1024\" height=\"683\" src=\"https:\/\/i0.wp.com\/elregionalvm.com.ar\/noticias-villa-maria\/wp-content\/uploads\/2022\/12\/Trabajador-empleo-construccion-trabajo.jpg?resize=1024%2C683&#038;ssl=1\" alt=\"\" class=\"wp-image-69494\" srcset=\"https:\/\/i0.wp.com\/elregionalvm.com.ar\/noticias-villa-maria\/wp-content\/uploads\/2022\/12\/Trabajador-empleo-construccion-trabajo.jpg?resize=1024%2C683&amp;ssl=1 1024w, https:\/\/i0.wp.com\/elregionalvm.com.ar\/noticias-villa-maria\/wp-content\/uploads\/2022\/12\/Trabajador-empleo-construccion-trabajo.jpg?resize=300%2C200&amp;ssl=1 300w, https:\/\/i0.wp.com\/elregionalvm.com.ar\/noticias-villa-maria\/wp-content\/uploads\/2022\/12\/Trabajador-empleo-construccion-trabajo.jpg?resize=768%2C512&amp;ssl=1 768w, https:\/\/i0.wp.com\/elregionalvm.com.ar\/noticias-villa-maria\/wp-content\/uploads\/2022\/12\/Trabajador-empleo-construccion-trabajo.jpg?w=1440&amp;ssl=1 1440w\" sizes=\"(max-width: 1000px) 100vw, 1000px\" \/><\/figure>\n\n\n\n<p><\/p>\n\n\n\n<p>Primero es necesario ver qu\u00e9 pa\u00edses del mundo hacen una cosa o la otra y decidir del lado de cu\u00e1l conviene quedar. En el panorama mundial hay que medir bien las apariencias, se est\u00e1 de un lado o del otro.<\/p>\n\n\n\n<p>Por otra parte, en el \u00e1mbito interno, es necesario definir desde d\u00f3nde analizar el d\u00eda en cuesti\u00f3n, \u00bfconviene una perspectiva colectiva o ser\u00e1 m\u00e1s acertado un punto de vista individualista? \u00bfHabr\u00e1 que plantarse desde una visi\u00f3n cr\u00edtica, constructiva, destructiva o electoralista?<\/p>\n\n\n\n<p>En fin, chicos, el pr\u00f3ximo 1 de mayo veremos qu\u00e9 onda. Habr\u00e1 que fijarse cu\u00e1ntos trabajadores quedan en pie, cu\u00e1ntos haciendo equilibrio y cu\u00e1ntos extrabajadores o desocupados.<\/p>\n\n\n\n<p>Analizaremos qui\u00e9n puede o quiere festejar, quienes prefieren conmemorar y quienes ni una ni la otra.<\/p>\n\n\n\n<p>Y el que quiera llorar, que llore.<\/p>\n","protected":false},"excerpt":{"rendered":"<p>El 1 de mayo se conmemora el d\u00eda internacional del trabajador. Una duda \u00bfSe dice del trabajador, la trabajadora, o los trabajadores o les trabjadx? o \u00bfser\u00e1 d\u00eda del laburante asalariado registrado?, \u00bfd\u00eda del trabajador informal? Por si acaso le llamaremos d\u00eda del trabajo a secas, cada cual p\u00f3ngale la connotaci\u00f3n que quiera. Escribe: Raquel [&hellip;]<\/p>\n","protected":false},"author":4,"featured_media":44381,"comment_status":"open","ping_status":"open","sticky":false,"template":"","format":"standard","meta":{"site-sidebar-layout":"default","site-content-layout":"","ast-site-content-layout":"default","site-content-style":"default","site-sidebar-style":"default","ast-global-header-display":"","ast-banner-title-visibility":"","ast-main-header-display":"","ast-hfb-above-header-display":"","ast-hfb-below-header-display":"","ast-hfb-mobile-header-display":"","site-post-title":"","ast-breadcrumbs-content":"","ast-featured-img":"","footer-sml-layout":"","ast-disable-related-posts":"","theme-transparent-header-meta":"","adv-header-id-meta":"","stick-header-meta":"","header-above-stick-meta":"","header-main-stick-meta":"","header-below-stick-meta":"","astra-migrate-meta-layouts":"set","ast-page-background-enabled":"default","ast-page-background-meta":{"desktop":{"background-color":"","background-image":"","background-repeat":"repeat","background-position":"center center","background-size":"auto","background-attachment":"scroll","background-type":"","background-media":"","overlay-type":"","overlay-color":"","overlay-opacity":"","overlay-gradient":""},"tablet":{"background-color":"","background-image":"","background-repeat":"repeat","background-position":"center center","background-size":"auto","background-attachment":"scroll","background-type":"","background-media":"","overlay-type":"","overlay-color":"","overlay-opacity":"","overlay-gradient":""},"mobile":{"background-color":"","background-image":"","background-repeat":"repeat","background-position":"center center","background-size":"auto","background-attachment":"scroll","background-type":"","background-media":"","overlay-type":"","overlay-color":"","overlay-opacity":"","overlay-gradient":""}},"ast-content-background-meta":{"desktop":{"background-color":"var(--ast-global-color-5)","background-image":"","background-repeat":"repeat","background-position":"center center","background-size":"auto","background-attachment":"scroll","background-type":"","background-media":"","overlay-type":"","overlay-color":"","overlay-opacity":"","overlay-gradient":""},"tablet":{"background-color":"var(--ast-global-color-5)","background-image":"","background-repeat":"repeat","background-position":"center center","background-size":"auto","background-attachment":"scroll","background-type":"","background-media":"","overlay-type":"","overlay-color":"","overlay-opacity":"","overlay-gradient":""},"mobile":{"background-color":"var(--ast-global-color-5)","background-image":"","background-repeat":"repeat","background-position":"center center","background-size":"auto","background-attachment":"scroll","background-type":"","background-media":"","overlay-type":"","overlay-color":"","overlay-opacity":"","overlay-gradient":""}},"_jetpack_memberships_contains_paid_content":false,"_joinchat":[],"footnotes":""},"categories":[2323,365],"tags":[8672,14880,7519,14331,8671,1101,7197,126],"class_list":["post-115724","post","type-post","status-publish","format-standard","has-post-thumbnail","hentry","category-notas-secundarias","category-opinion","tag-1-de-mayo","tag-argentinadas","tag-celebracion","tag-conmemoracion","tag-dia-del-trabajador","tag-lenguaje","tag-trabajador","tag-trabajo"],"yoast_head":"<!-- This site is optimized with the Yoast SEO plugin v26.8 - https:\/\/yoast.com\/product\/yoast-seo-wordpress\/ -->\n<title>[Argentinadas] D\u00eda del trabajador: \u00bfAlgo para celebrar o conmemorar? - El Regional<\/title>\n<meta name=\"robots\" content=\"index, follow, max-snippet:-1, max-image-preview:large, max-video-preview:-1\" \/>\n<link rel=\"canonical\" href=\"https:\/\/elregionalvm.com.ar\/noticias-villa-maria\/argentinadas-dia-del-trabajador-algo-para-celebrar-o-conmemorar\/\" \/>\n<meta property=\"og:locale\" content=\"es_ES\" \/>\n<meta property=\"og:type\" content=\"article\" \/>\n<meta property=\"og:title\" content=\"[Argentinadas] D\u00eda del trabajador: \u00bfAlgo para celebrar o conmemorar? - El Regional\" \/>\n<meta property=\"og:description\" content=\"El 1 de mayo se conmemora el d\u00eda internacional del trabajador. Una duda \u00bfSe dice del trabajador, la trabajadora, o los trabajadores o les trabjadx? o \u00bfser\u00e1 d\u00eda del laburante asalariado registrado?, \u00bfd\u00eda del trabajador informal? Por si acaso le llamaremos d\u00eda del trabajo a secas, cada cual p\u00f3ngale la connotaci\u00f3n que quiera. Escribe: Raquel [&hellip;]\" \/>\n<meta property=\"og:url\" content=\"https:\/\/elregionalvm.com.ar\/noticias-villa-maria\/argentinadas-dia-del-trabajador-algo-para-celebrar-o-conmemorar\/\" \/>\n<meta property=\"og:site_name\" content=\"El Regional\" \/>\n<meta property=\"article:publisher\" content=\"https:\/\/www.facebook.com\/elregionalvm\" \/>\n<meta property=\"article:published_time\" content=\"2026-04-29T17:09:40+00:00\" \/>\n<meta property=\"article:modified_time\" content=\"2026-04-29T17:09:46+00:00\" \/>\n<meta property=\"og:image\" content=\"https:\/\/elregionalvm.com.ar\/noticias-villa-maria\/wp-content\/uploads\/2021\/09\/Trabajador-casco-ilustrativa.jpg\" \/>\n\t<meta property=\"og:image:width\" content=\"1000\" \/>\n\t<meta property=\"og:image:height\" content=\"563\" \/>\n\t<meta property=\"og:image:type\" content=\"image\/jpeg\" \/>\n<meta name=\"author\" content=\"Contenidos El Regional\" \/>\n<meta name=\"twitter:card\" content=\"summary_large_image\" \/>\n<meta name=\"twitter:creator\" content=\"@elregionalvm1\" \/>\n<meta name=\"twitter:site\" content=\"@elregionalvm1\" \/>\n<meta name=\"twitter:label1\" content=\"Escrito por\" \/>\n\t<meta name=\"twitter:data1\" content=\"Contenidos El Regional\" \/>\n\t<meta name=\"twitter:label2\" content=\"Tiempo de lectura\" \/>\n\t<meta name=\"twitter:data2\" content=\"2 minutos\" \/>\n<script type=\"application\/ld+json\" class=\"yoast-schema-graph\">{\"@context\":\"https:\/\/schema.org\",\"@graph\":[{\"@type\":\"Article\",\"@id\":\"https:\/\/elregionalvm.com.ar\/noticias-villa-maria\/argentinadas-dia-del-trabajador-algo-para-celebrar-o-conmemorar\/#article\",\"isPartOf\":{\"@id\":\"https:\/\/elregionalvm.com.ar\/noticias-villa-maria\/argentinadas-dia-del-trabajador-algo-para-celebrar-o-conmemorar\/\"},\"author\":{\"name\":\"Contenidos El Regional\",\"@id\":\"http:\/\/elregionalvm.com.ar\/noticias-villa-maria\/#\/schema\/person\/a0fb9c422317faca23d50163151bc354\"},\"headline\":\"[Argentinadas] D\u00eda del trabajador: \u00bfAlgo para celebrar o conmemorar?\",\"datePublished\":\"2026-04-29T17:09:40+00:00\",\"dateModified\":\"2026-04-29T17:09:46+00:00\",\"mainEntityOfPage\":{\"@id\":\"https:\/\/elregionalvm.com.ar\/noticias-villa-maria\/argentinadas-dia-del-trabajador-algo-para-celebrar-o-conmemorar\/\"},\"wordCount\":408,\"commentCount\":0,\"image\":{\"@id\":\"https:\/\/elregionalvm.com.ar\/noticias-villa-maria\/argentinadas-dia-del-trabajador-algo-para-celebrar-o-conmemorar\/#primaryimage\"},\"thumbnailUrl\":\"https:\/\/i0.wp.com\/elregionalvm.com.ar\/noticias-villa-maria\/wp-content\/uploads\/2021\/09\/Trabajador-casco-ilustrativa.jpg?fit=1000%2C563&ssl=1\",\"keywords\":[\"1 de Mayo\",\"argentinadas\",\"celebraci\u00f3n\",\"conmemoraci\u00f3n\",\"D\u00eda del Trabajador\",\"Lenguaje\",\"Trabajador\",\"trabajo\"],\"articleSection\":[\"Notas\",\"Opini\u00f3n\"],\"inLanguage\":\"es\",\"potentialAction\":[{\"@type\":\"CommentAction\",\"name\":\"Comment\",\"target\":[\"https:\/\/elregionalvm.com.ar\/noticias-villa-maria\/argentinadas-dia-del-trabajador-algo-para-celebrar-o-conmemorar\/#respond\"]}]},{\"@type\":\"WebPage\",\"@id\":\"https:\/\/elregionalvm.com.ar\/noticias-villa-maria\/argentinadas-dia-del-trabajador-algo-para-celebrar-o-conmemorar\/\",\"url\":\"https:\/\/elregionalvm.com.ar\/noticias-villa-maria\/argentinadas-dia-del-trabajador-algo-para-celebrar-o-conmemorar\/\",\"name\":\"[Argentinadas] D\u00eda del trabajador: \u00bfAlgo para celebrar o conmemorar? - El Regional\",\"isPartOf\":{\"@id\":\"http:\/\/elregionalvm.com.ar\/noticias-villa-maria\/#website\"},\"primaryImageOfPage\":{\"@id\":\"https:\/\/elregionalvm.com.ar\/noticias-villa-maria\/argentinadas-dia-del-trabajador-algo-para-celebrar-o-conmemorar\/#primaryimage\"},\"image\":{\"@id\":\"https:\/\/elregionalvm.com.ar\/noticias-villa-maria\/argentinadas-dia-del-trabajador-algo-para-celebrar-o-conmemorar\/#primaryimage\"},\"thumbnailUrl\":\"https:\/\/i0.wp.com\/elregionalvm.com.ar\/noticias-villa-maria\/wp-content\/uploads\/2021\/09\/Trabajador-casco-ilustrativa.jpg?fit=1000%2C563&ssl=1\",\"datePublished\":\"2026-04-29T17:09:40+00:00\",\"dateModified\":\"2026-04-29T17:09:46+00:00\",\"author\":{\"@id\":\"http:\/\/elregionalvm.com.ar\/noticias-villa-maria\/#\/schema\/person\/a0fb9c422317faca23d50163151bc354\"},\"breadcrumb\":{\"@id\":\"https:\/\/elregionalvm.com.ar\/noticias-villa-maria\/argentinadas-dia-del-trabajador-algo-para-celebrar-o-conmemorar\/#breadcrumb\"},\"inLanguage\":\"es\",\"potentialAction\":[{\"@type\":\"ReadAction\",\"target\":[\"https:\/\/elregionalvm.com.ar\/noticias-villa-maria\/argentinadas-dia-del-trabajador-algo-para-celebrar-o-conmemorar\/\"]}]},{\"@type\":\"ImageObject\",\"inLanguage\":\"es\",\"@id\":\"https:\/\/elregionalvm.com.ar\/noticias-villa-maria\/argentinadas-dia-del-trabajador-algo-para-celebrar-o-conmemorar\/#primaryimage\",\"url\":\"https:\/\/i0.wp.com\/elregionalvm.com.ar\/noticias-villa-maria\/wp-content\/uploads\/2021\/09\/Trabajador-casco-ilustrativa.jpg?fit=1000%2C563&ssl=1\",\"contentUrl\":\"https:\/\/i0.wp.com\/elregionalvm.com.ar\/noticias-villa-maria\/wp-content\/uploads\/2021\/09\/Trabajador-casco-ilustrativa.jpg?fit=1000%2C563&ssl=1\",\"width\":1000,\"height\":563},{\"@type\":\"BreadcrumbList\",\"@id\":\"https:\/\/elregionalvm.com.ar\/noticias-villa-maria\/argentinadas-dia-del-trabajador-algo-para-celebrar-o-conmemorar\/#breadcrumb\",\"itemListElement\":[{\"@type\":\"ListItem\",\"position\":1,\"name\":\"Portada\",\"item\":\"https:\/\/elregionalvm.com.ar\/noticias-villa-maria\/\"},{\"@type\":\"ListItem\",\"position\":2,\"name\":\"[Argentinadas] D\u00eda del trabajador: \u00bfAlgo para celebrar o conmemorar?\"}]},{\"@type\":\"WebSite\",\"@id\":\"http:\/\/elregionalvm.com.ar\/noticias-villa-maria\/#website\",\"url\":\"http:\/\/elregionalvm.com.ar\/noticias-villa-maria\/\",\"name\":\"El Regional\",\"description\":\"Mucho m\u00e1s que informaci\u00f3n\",\"potentialAction\":[{\"@type\":\"SearchAction\",\"target\":{\"@type\":\"EntryPoint\",\"urlTemplate\":\"http:\/\/elregionalvm.com.ar\/noticias-villa-maria\/?s={search_term_string}\"},\"query-input\":{\"@type\":\"PropertyValueSpecification\",\"valueRequired\":true,\"valueName\":\"search_term_string\"}}],\"inLanguage\":\"es\"},{\"@type\":\"Person\",\"@id\":\"http:\/\/elregionalvm.com.ar\/noticias-villa-maria\/#\/schema\/person\/a0fb9c422317faca23d50163151bc354\",\"name\":\"Contenidos El Regional\",\"image\":{\"@type\":\"ImageObject\",\"inLanguage\":\"es\",\"@id\":\"http:\/\/elregionalvm.com.ar\/noticias-villa-maria\/#\/schema\/person\/image\/\",\"url\":\"https:\/\/secure.gravatar.com\/avatar\/265b27cb2209af7bb3a1318f03305787d7981a5cc6e6cd08fe5a4ecdf99d4b48?s=96&d=mm&r=g\",\"contentUrl\":\"https:\/\/secure.gravatar.com\/avatar\/265b27cb2209af7bb3a1318f03305787d7981a5cc6e6cd08fe5a4ecdf99d4b48?s=96&d=mm&r=g\",\"caption\":\"Contenidos El Regional\"},\"url\":\"https:\/\/elregionalvm.com.ar\/noticias-villa-maria\/author\/contenido\/\"}]}<\/script>\n<!-- \/ Yoast SEO plugin. -->","yoast_head_json":{"title":"[Argentinadas] D\u00eda del trabajador: \u00bfAlgo para celebrar o conmemorar? - El Regional","robots":{"index":"index","follow":"follow","max-snippet":"max-snippet:-1","max-image-preview":"max-image-preview:large","max-video-preview":"max-video-preview:-1"},"canonical":"https:\/\/elregionalvm.com.ar\/noticias-villa-maria\/argentinadas-dia-del-trabajador-algo-para-celebrar-o-conmemorar\/","og_locale":"es_ES","og_type":"article","og_title":"[Argentinadas] D\u00eda del trabajador: \u00bfAlgo para celebrar o conmemorar? - El Regional","og_description":"El 1 de mayo se conmemora el d\u00eda internacional del trabajador. Una duda \u00bfSe dice del trabajador, la trabajadora, o los trabajadores o les trabjadx? o \u00bfser\u00e1 d\u00eda del laburante asalariado registrado?, \u00bfd\u00eda del trabajador informal? Por si acaso le llamaremos d\u00eda del trabajo a secas, cada cual p\u00f3ngale la connotaci\u00f3n que quiera. Escribe: Raquel [&hellip;]","og_url":"https:\/\/elregionalvm.com.ar\/noticias-villa-maria\/argentinadas-dia-del-trabajador-algo-para-celebrar-o-conmemorar\/","og_site_name":"El Regional","article_publisher":"https:\/\/www.facebook.com\/elregionalvm","article_published_time":"2026-04-29T17:09:40+00:00","article_modified_time":"2026-04-29T17:09:46+00:00","og_image":[{"width":1000,"height":563,"url":"https:\/\/elregionalvm.com.ar\/noticias-villa-maria\/wp-content\/uploads\/2021\/09\/Trabajador-casco-ilustrativa.jpg","type":"image\/jpeg"}],"author":"Contenidos El Regional","twitter_card":"summary_large_image","twitter_creator":"@elregionalvm1","twitter_site":"@elregionalvm1","twitter_misc":{"Escrito por":"Contenidos El Regional","Tiempo de lectura":"2 minutos"},"schema":{"@context":"https:\/\/schema.org","@graph":[{"@type":"Article","@id":"https:\/\/elregionalvm.com.ar\/noticias-villa-maria\/argentinadas-dia-del-trabajador-algo-para-celebrar-o-conmemorar\/#article","isPartOf":{"@id":"https:\/\/elregionalvm.com.ar\/noticias-villa-maria\/argentinadas-dia-del-trabajador-algo-para-celebrar-o-conmemorar\/"},"author":{"name":"Contenidos El Regional","@id":"http:\/\/elregionalvm.com.ar\/noticias-villa-maria\/#\/schema\/person\/a0fb9c422317faca23d50163151bc354"},"headline":"[Argentinadas] D\u00eda del trabajador: \u00bfAlgo para celebrar o conmemorar?","datePublished":"2026-04-29T17:09:40+00:00","dateModified":"2026-04-29T17:09:46+00:00","mainEntityOfPage":{"@id":"https:\/\/elregionalvm.com.ar\/noticias-villa-maria\/argentinadas-dia-del-trabajador-algo-para-celebrar-o-conmemorar\/"},"wordCount":408,"commentCount":0,"image":{"@id":"https:\/\/elregionalvm.com.ar\/noticias-villa-maria\/argentinadas-dia-del-trabajador-algo-para-celebrar-o-conmemorar\/#primaryimage"},"thumbnailUrl":"https:\/\/i0.wp.com\/elregionalvm.com.ar\/noticias-villa-maria\/wp-content\/uploads\/2021\/09\/Trabajador-casco-ilustrativa.jpg?fit=1000%2C563&ssl=1","keywords":["1 de Mayo","argentinadas","celebraci\u00f3n","conmemoraci\u00f3n","D\u00eda del Trabajador","Lenguaje","Trabajador","trabajo"],"articleSection":["Notas","Opini\u00f3n"],"inLanguage":"es","potentialAction":[{"@type":"CommentAction","name":"Comment","target":["https:\/\/elregionalvm.com.ar\/noticias-villa-maria\/argentinadas-dia-del-trabajador-algo-para-celebrar-o-conmemorar\/#respond"]}]},{"@type":"WebPage","@id":"https:\/\/elregionalvm.com.ar\/noticias-villa-maria\/argentinadas-dia-del-trabajador-algo-para-celebrar-o-conmemorar\/","url":"https:\/\/elregionalvm.com.ar\/noticias-villa-maria\/argentinadas-dia-del-trabajador-algo-para-celebrar-o-conmemorar\/","name":"[Argentinadas] D\u00eda del trabajador: \u00bfAlgo para celebrar o conmemorar? - El Regional","isPartOf":{"@id":"http:\/\/elregionalvm.com.ar\/noticias-villa-maria\/#website"},"primaryImageOfPage":{"@id":"https:\/\/elregionalvm.com.ar\/noticias-villa-maria\/argentinadas-dia-del-trabajador-algo-para-celebrar-o-conmemorar\/#primaryimage"},"image":{"@id":"https:\/\/elregionalvm.com.ar\/noticias-villa-maria\/argentinadas-dia-del-trabajador-algo-para-celebrar-o-conmemorar\/#primaryimage"},"thumbnailUrl":"https:\/\/i0.wp.com\/elregionalvm.com.ar\/noticias-villa-maria\/wp-content\/uploads\/2021\/09\/Trabajador-casco-ilustrativa.jpg?fit=1000%2C563&ssl=1","datePublished":"2026-04-29T17:09:40+00:00","dateModified":"2026-04-29T17:09:46+00:00","author":{"@id":"http:\/\/elregionalvm.com.ar\/noticias-villa-maria\/#\/schema\/person\/a0fb9c422317faca23d50163151bc354"},"breadcrumb":{"@id":"https:\/\/elregionalvm.com.ar\/noticias-villa-maria\/argentinadas-dia-del-trabajador-algo-para-celebrar-o-conmemorar\/#breadcrumb"},"inLanguage":"es","potentialAction":[{"@type":"ReadAction","target":["https:\/\/elregionalvm.com.ar\/noticias-villa-maria\/argentinadas-dia-del-trabajador-algo-para-celebrar-o-conmemorar\/"]}]},{"@type":"ImageObject","inLanguage":"es","@id":"https:\/\/elregionalvm.com.ar\/noticias-villa-maria\/argentinadas-dia-del-trabajador-algo-para-celebrar-o-conmemorar\/#primaryimage","url":"https:\/\/i0.wp.com\/elregionalvm.com.ar\/noticias-villa-maria\/wp-content\/uploads\/2021\/09\/Trabajador-casco-ilustrativa.jpg?fit=1000%2C563&ssl=1","contentUrl":"https:\/\/i0.wp.com\/elregionalvm.com.ar\/noticias-villa-maria\/wp-content\/uploads\/2021\/09\/Trabajador-casco-ilustrativa.jpg?fit=1000%2C563&ssl=1","width":1000,"height":563},{"@type":"BreadcrumbList","@id":"https:\/\/elregionalvm.com.ar\/noticias-villa-maria\/argentinadas-dia-del-trabajador-algo-para-celebrar-o-conmemorar\/#breadcrumb","itemListElement":[{"@type":"ListItem","position":1,"name":"Portada","item":"https:\/\/elregionalvm.com.ar\/noticias-villa-maria\/"},{"@type":"ListItem","position":2,"name":"[Argentinadas] D\u00eda del trabajador: \u00bfAlgo para celebrar o conmemorar?"}]},{"@type":"WebSite","@id":"http:\/\/elregionalvm.com.ar\/noticias-villa-maria\/#website","url":"http:\/\/elregionalvm.com.ar\/noticias-villa-maria\/","name":"El Regional","description":"Mucho m\u00e1s que informaci\u00f3n","potentialAction":[{"@type":"SearchAction","target":{"@type":"EntryPoint","urlTemplate":"http:\/\/elregionalvm.com.ar\/noticias-villa-maria\/?s={search_term_string}"},"query-input":{"@type":"PropertyValueSpecification","valueRequired":true,"valueName":"search_term_string"}}],"inLanguage":"es"},{"@type":"Person","@id":"http:\/\/elregionalvm.com.ar\/noticias-villa-maria\/#\/schema\/person\/a0fb9c422317faca23d50163151bc354","name":"Contenidos El Regional","image":{"@type":"ImageObject","inLanguage":"es","@id":"http:\/\/elregionalvm.com.ar\/noticias-villa-maria\/#\/schema\/person\/image\/","url":"https:\/\/secure.gravatar.com\/avatar\/265b27cb2209af7bb3a1318f03305787d7981a5cc6e6cd08fe5a4ecdf99d4b48?s=96&d=mm&r=g","contentUrl":"https:\/\/secure.gravatar.com\/avatar\/265b27cb2209af7bb3a1318f03305787d7981a5cc6e6cd08fe5a4ecdf99d4b48?s=96&d=mm&r=g","caption":"Contenidos El Regional"},"url":"https:\/\/elregionalvm.com.ar\/noticias-villa-maria\/author\/contenido\/"}]}},"jetpack_featured_media_url":"https:\/\/i0.wp.com\/elregionalvm.com.ar\/noticias-villa-maria\/wp-content\/uploads\/2021\/09\/Trabajador-casco-ilustrativa.jpg?fit=1000%2C563&ssl=1","jetpack_sharing_enabled":true,"_links":{"self":[{"href":"https:\/\/elregionalvm.com.ar\/noticias-villa-maria\/wp-json\/wp\/v2\/posts\/115724","targetHints":{"allow":["GET"]}}],"collection":[{"href":"https:\/\/elregionalvm.com.ar\/noticias-villa-maria\/wp-json\/wp\/v2\/posts"}],"about":[{"href":"https:\/\/elregionalvm.com.ar\/noticias-villa-maria\/wp-json\/wp\/v2\/types\/post"}],"author":[{"embeddable":true,"href":"https:\/\/elregionalvm.com.ar\/noticias-villa-maria\/wp-json\/wp\/v2\/users\/4"}],"replies":[{"embeddable":true,"href":"https:\/\/elregionalvm.com.ar\/noticias-villa-maria\/wp-json\/wp\/v2\/comments?post=115724"}],"version-history":[{"count":2,"href":"https:\/\/elregionalvm.com.ar\/noticias-villa-maria\/wp-json\/wp\/v2\/posts\/115724\/revisions"}],"predecessor-version":[{"id":115727,"href":"https:\/\/elregionalvm.com.ar\/noticias-villa-maria\/wp-json\/wp\/v2\/posts\/115724\/revisions\/115727"}],"wp:featuredmedia":[{"embeddable":true,"href":"https:\/\/elregionalvm.com.ar\/noticias-villa-maria\/wp-json\/wp\/v2\/media\/44381"}],"wp:attachment":[{"href":"https:\/\/elregionalvm.com.ar\/noticias-villa-maria\/wp-json\/wp\/v2\/media?parent=115724"}],"wp:term":[{"taxonomy":"category","embeddable":true,"href":"https:\/\/elregionalvm.com.ar\/noticias-villa-maria\/wp-json\/wp\/v2\/categories?post=115724"},{"taxonomy":"post_tag","embeddable":true,"href":"https:\/\/elregionalvm.com.ar\/noticias-villa-maria\/wp-json\/wp\/v2\/tags?post=115724"}],"curies":[{"name":"wp","href":"https:\/\/api.w.org\/{rel}","templated":true}]}}