{"id":115728,"date":"2026-04-29T17:19:39","date_gmt":"2026-04-29T17:19:39","guid":{"rendered":"https:\/\/elregionalvm.com.ar\/noticias-villa-maria\/?p=115728"},"modified":"2026-04-29T17:19:44","modified_gmt":"2026-04-29T17:19:44","slug":"sensorialmente-a-tono-con-la-epoca-degustacion-de-humita-en-olla","status":"publish","type":"post","link":"https:\/\/elregionalvm.com.ar\/noticias-villa-maria\/sensorialmente-a-tono-con-la-epoca-degustacion-de-humita-en-olla\/","title":{"rendered":"[Sensorialmente] A tono con la \u00e9poca: Degustaci\u00f3n de humita en olla"},"content":{"rendered":"\n<h3 class=\"wp-block-heading\"><strong>La humita es una preparaci\u00f3n ancestral andina a base de ma\u00edz tierno (choclo). En su versi\u00f3n en olla presenta textura cremosa, donde interact\u00faan almid\u00f3n, agua, grasas y compuestos arom\u00e1ticos. Conozcamos c\u00f3mo se cata. <\/strong><strong><\/strong><\/h3>\n\n\n\n<p><\/p>\n\n\n\n<p><strong>Escribe: Mag. Hern\u00e1n Allasia<\/strong><strong><\/strong><\/p>\n\n\n\n<p><\/p>\n\n\n\n<p><strong>Receta de elaboraci\u00f3n<\/strong><\/p>\n\n\n\n<p>Ingredientes: 12 choclos, 1 cebolla, 50 g manteca, 200 ml leche, 150-200 g queso, sal, pimienta y opcionales.<\/p>\n\n\n\n<p>Proceso: rehogar cebolla, agregar choclo, sumar leche, cocinar 15\u201325 min revolviendo, lograr espesado y finalizar con queso.<\/p>\n\n\n\n<p><\/p>\n\n\n\n<p><strong>C\u00f3mo se sirve<\/strong><\/p>\n\n\n\n<p>Servir caliente (60\u201365 \u00b0C) en cuenco. Decorar con queso, hierbas o pimienta. Porciones de cata: 30\u201350 g.<\/p>\n\n\n\n<p><\/p>\n\n\n\n<figure class=\"wp-block-image size-full\"><img data-recalc-dims=\"1\" fetchpriority=\"high\" decoding=\"async\" width=\"919\" height=\"675\" src=\"https:\/\/i0.wp.com\/elregionalvm.com.ar\/noticias-villa-maria\/wp-content\/uploads\/2026\/04\/Humita-3.jpeg?resize=919%2C675&#038;ssl=1\" alt=\"\" class=\"wp-image-115732\" srcset=\"https:\/\/i0.wp.com\/elregionalvm.com.ar\/noticias-villa-maria\/wp-content\/uploads\/2026\/04\/Humita-3.jpeg?w=919&amp;ssl=1 919w, https:\/\/i0.wp.com\/elregionalvm.com.ar\/noticias-villa-maria\/wp-content\/uploads\/2026\/04\/Humita-3.jpeg?resize=300%2C220&amp;ssl=1 300w, https:\/\/i0.wp.com\/elregionalvm.com.ar\/noticias-villa-maria\/wp-content\/uploads\/2026\/04\/Humita-3.jpeg?resize=768%2C564&amp;ssl=1 768w\" sizes=\"(max-width: 919px) 100vw, 919px\" \/><\/figure>\n\n\n\n<p><\/p>\n\n\n\n<p><strong>C\u00f3mo se cata (Protocolo detallado)<\/strong><\/p>\n\n\n\n<ol class=\"wp-block-list\">\n<li><strong>Preparaci\u00f3n del entorno:<\/strong><\/li>\n<\/ol>\n\n\n\n<p><br>&#8211; Temperatura: 60\u201365 \u00b0C<br>&#8211; Orden: menor a mayor intensidad<br>&#8211; Ambiente neutro<br>&#8211; Agua y pan para limpieza<\/p>\n\n\n\n<ul class=\"wp-block-list\">\n<li><strong>Evaluaci\u00f3n visual:<\/strong><\/li>\n<\/ul>\n\n\n\n<p><br>&#8211; Color<br>&#8211; Brillo<br>&#8211; Homogeneidad<br>Interpretaci\u00f3n: calidad de materia prima y t\u00e9cnica.<\/p>\n\n\n\n<ul class=\"wp-block-list\">\n<li><strong>Evaluaci\u00f3n arom\u00e1tica:<\/strong><\/li>\n<\/ul>\n\n\n\n<p><br>&#8211; Notas de ma\u00edz, l\u00e1cteos, vegetales<br>&#8211; Intensidad y calidad<br>Tip: revolver suavemente para liberar aromas.<\/p>\n\n\n\n<ul class=\"wp-block-list\">\n<li><strong>Ataque en boca:<\/strong><\/li>\n<\/ul>\n\n\n\n<p><br>&#8211; Dulzor inicial<br>&#8211; Impacto graso<br>&#8211; Temperatura<\/p>\n\n\n\n<ul class=\"wp-block-list\">\n<li><strong>Textura (clave):<\/strong><\/li>\n<\/ul>\n\n\n\n<p><br>&#8211; Cremosidad<br>&#8211; Untuosidad<br>&#8211; Granulosidad<br>&#8211; Adhesividad<\/p>\n\n\n\n<p><\/p>\n\n\n\n<figure class=\"wp-block-image size-full is-resized\"><img data-recalc-dims=\"1\" decoding=\"async\" width=\"815\" height=\"781\" src=\"https:\/\/i0.wp.com\/elregionalvm.com.ar\/noticias-villa-maria\/wp-content\/uploads\/2026\/04\/Humita.jpeg?resize=815%2C781&#038;ssl=1\" alt=\"\" class=\"wp-image-115730\" style=\"aspect-ratio:1.0435405841247087;width:910px;height:auto\" srcset=\"https:\/\/i0.wp.com\/elregionalvm.com.ar\/noticias-villa-maria\/wp-content\/uploads\/2026\/04\/Humita.jpeg?w=815&amp;ssl=1 815w, https:\/\/i0.wp.com\/elregionalvm.com.ar\/noticias-villa-maria\/wp-content\/uploads\/2026\/04\/Humita.jpeg?resize=300%2C287&amp;ssl=1 300w, https:\/\/i0.wp.com\/elregionalvm.com.ar\/noticias-villa-maria\/wp-content\/uploads\/2026\/04\/Humita.jpeg?resize=768%2C736&amp;ssl=1 768w\" sizes=\"(max-width: 815px) 100vw, 815px\" \/><\/figure>\n\n\n\n<p><\/p>\n\n\n\n<p><\/p>\n\n\n\n<ul class=\"wp-block-list\">\n<li><strong>Sabor:<\/strong><\/li>\n<\/ul>\n\n\n\n<p><br>&#8211; Balance dulce-salado-graso<br>&#8211; Persistencia<br>&#8211; Detecci\u00f3n de defectos<\/p>\n\n\n\n<ul class=\"wp-block-list\">\n<li><strong>Retronasal:<\/strong><\/li>\n<\/ul>\n\n\n\n<p><br>&#8211; Persistencia arom\u00e1tica<br>&#8211; Evoluci\u00f3n del sabor<\/p>\n\n\n\n<ul class=\"wp-block-list\">\n<li><strong>Armon\u00eda global:<\/strong><\/li>\n<\/ul>\n\n\n\n<p><br>&#8211; Integraci\u00f3n<br>&#8211; Identidad<br>&#8211; Calidad final<\/p>\n\n\n\n<ul class=\"wp-block-list\">\n<li><strong>Puntuaci\u00f3n (opcional):<\/strong><\/li>\n<\/ul>\n\n\n\n<p><br>Escala 1\u20135 o 1\u201310 en apariencia, aroma, textura, sabor y armon\u00eda.<\/p>\n","protected":false},"excerpt":{"rendered":"<p>La humita es una preparaci\u00f3n ancestral andina a base de ma\u00edz tierno (choclo). En su versi\u00f3n en olla presenta textura cremosa, donde interact\u00faan almid\u00f3n, agua, grasas y compuestos arom\u00e1ticos. Conozcamos c\u00f3mo se cata. Escribe: Mag. Hern\u00e1n Allasia Receta de elaboraci\u00f3n Ingredientes: 12 choclos, 1 cebolla, 50 g manteca, 200 ml leche, 150-200 g queso, sal, [&hellip;]<\/p>\n","protected":false},"author":4,"featured_media":115731,"comment_status":"open","ping_status":"open","sticky":false,"template":"","format":"standard","meta":{"site-sidebar-layout":"default","site-content-layout":"","ast-site-content-layout":"default","site-content-style":"default","site-sidebar-style":"default","ast-global-header-display":"","ast-banner-title-visibility":"","ast-main-header-display":"","ast-hfb-above-header-display":"","ast-hfb-below-header-display":"","ast-hfb-mobile-header-display":"","site-post-title":"","ast-breadcrumbs-content":"","ast-featured-img":"","footer-sml-layout":"","ast-disable-related-posts":"","theme-transparent-header-meta":"","adv-header-id-meta":"","stick-header-meta":"","header-above-stick-meta":"","header-main-stick-meta":"","header-below-stick-meta":"","astra-migrate-meta-layouts":"set","ast-page-background-enabled":"default","ast-page-background-meta":{"desktop":{"background-color":"","background-image":"","background-repeat":"repeat","background-position":"center center","background-size":"auto","background-attachment":"scroll","background-type":"","background-media":"","overlay-type":"","overlay-color":"","overlay-opacity":"","overlay-gradient":""},"tablet":{"background-color":"","background-image":"","background-repeat":"repeat","background-position":"center center","background-size":"auto","background-attachment":"scroll","background-type":"","background-media":"","overlay-type":"","overlay-color":"","overlay-opacity":"","overlay-gradient":""},"mobile":{"background-color":"","background-image":"","background-repeat":"repeat","background-position":"center center","background-size":"auto","background-attachment":"scroll","background-type":"","background-media":"","overlay-type":"","overlay-color":"","overlay-opacity":"","overlay-gradient":""}},"ast-content-background-meta":{"desktop":{"background-color":"var(--ast-global-color-5)","background-image":"","background-repeat":"repeat","background-position":"center center","background-size":"auto","background-attachment":"scroll","background-type":"","background-media":"","overlay-type":"","overlay-color":"","overlay-opacity":"","overlay-gradient":""},"tablet":{"background-color":"var(--ast-global-color-5)","background-image":"","background-repeat":"repeat","background-position":"center center","background-size":"auto","background-attachment":"scroll","background-type":"","background-media":"","overlay-type":"","overlay-color":"","overlay-opacity":"","overlay-gradient":""},"mobile":{"background-color":"var(--ast-global-color-5)","background-image":"","background-repeat":"repeat","background-position":"center center","background-size":"auto","background-attachment":"scroll","background-type":"","background-media":"","overlay-type":"","overlay-color":"","overlay-opacity":"","overlay-gradient":""}},"_jetpack_memberships_contains_paid_content":false,"_joinchat":[],"footnotes":""},"categories":[2675,2323],"tags":[25528,870,25529,24564,4286,25526,25527,20698,24975],"class_list":["post-115728","post","type-post","status-publish","format-standard","has-post-thumbnail","hentry","category-delicias","category-notas-secundarias","tag-andina","tag-cata","tag-choclo","tag-degustacion","tag-gastronomia","tag-humita","tag-olla","tag-sabor","tag-sensorialmente"],"yoast_head":"<!-- This site is optimized with the Yoast SEO plugin v26.8 - https:\/\/yoast.com\/product\/yoast-seo-wordpress\/ -->\n<title>[Sensorialmente] A tono con la \u00e9poca: Degustaci\u00f3n de humita en olla - El Regional<\/title>\n<meta name=\"robots\" content=\"index, follow, max-snippet:-1, max-image-preview:large, max-video-preview:-1\" \/>\n<link rel=\"canonical\" href=\"https:\/\/elregionalvm.com.ar\/noticias-villa-maria\/sensorialmente-a-tono-con-la-epoca-degustacion-de-humita-en-olla\/\" \/>\n<meta property=\"og:locale\" content=\"es_ES\" \/>\n<meta property=\"og:type\" content=\"article\" \/>\n<meta property=\"og:title\" content=\"[Sensorialmente] A tono con la \u00e9poca: Degustaci\u00f3n de humita en olla - El Regional\" \/>\n<meta property=\"og:description\" content=\"La humita es una preparaci\u00f3n ancestral andina a base de ma\u00edz tierno (choclo). En su versi\u00f3n en olla presenta textura cremosa, donde interact\u00faan almid\u00f3n, agua, grasas y compuestos arom\u00e1ticos. Conozcamos c\u00f3mo se cata. Escribe: Mag. Hern\u00e1n Allasia Receta de elaboraci\u00f3n Ingredientes: 12 choclos, 1 cebolla, 50 g manteca, 200 ml leche, 150-200 g queso, sal, [&hellip;]\" \/>\n<meta property=\"og:url\" content=\"https:\/\/elregionalvm.com.ar\/noticias-villa-maria\/sensorialmente-a-tono-con-la-epoca-degustacion-de-humita-en-olla\/\" \/>\n<meta property=\"og:site_name\" content=\"El Regional\" \/>\n<meta property=\"article:publisher\" content=\"https:\/\/www.facebook.com\/elregionalvm\" \/>\n<meta property=\"article:published_time\" content=\"2026-04-29T17:19:39+00:00\" \/>\n<meta property=\"article:modified_time\" content=\"2026-04-29T17:19:44+00:00\" \/>\n<meta property=\"og:image\" content=\"https:\/\/elregionalvm.com.ar\/noticias-villa-maria\/wp-content\/uploads\/2026\/04\/Humita-2.jpeg\" \/>\n\t<meta property=\"og:image:width\" content=\"913\" \/>\n\t<meta property=\"og:image:height\" content=\"584\" \/>\n\t<meta property=\"og:image:type\" content=\"image\/jpeg\" \/>\n<meta name=\"author\" content=\"Contenidos El Regional\" \/>\n<meta name=\"twitter:card\" content=\"summary_large_image\" \/>\n<meta name=\"twitter:creator\" content=\"@elregionalvm1\" \/>\n<meta name=\"twitter:site\" content=\"@elregionalvm1\" \/>\n<meta name=\"twitter:label1\" content=\"Escrito por\" \/>\n\t<meta name=\"twitter:data1\" content=\"Contenidos El Regional\" \/>\n\t<meta name=\"twitter:label2\" content=\"Tiempo de lectura\" \/>\n\t<meta name=\"twitter:data2\" content=\"2 minutos\" \/>\n<script type=\"application\/ld+json\" class=\"yoast-schema-graph\">{\"@context\":\"https:\/\/schema.org\",\"@graph\":[{\"@type\":\"Article\",\"@id\":\"https:\/\/elregionalvm.com.ar\/noticias-villa-maria\/sensorialmente-a-tono-con-la-epoca-degustacion-de-humita-en-olla\/#article\",\"isPartOf\":{\"@id\":\"https:\/\/elregionalvm.com.ar\/noticias-villa-maria\/sensorialmente-a-tono-con-la-epoca-degustacion-de-humita-en-olla\/\"},\"author\":{\"name\":\"Contenidos El Regional\",\"@id\":\"http:\/\/elregionalvm.com.ar\/noticias-villa-maria\/#\/schema\/person\/a0fb9c422317faca23d50163151bc354\"},\"headline\":\"[Sensorialmente] A tono con la \u00e9poca: Degustaci\u00f3n de humita en olla\",\"datePublished\":\"2026-04-29T17:19:39+00:00\",\"dateModified\":\"2026-04-29T17:19:44+00:00\",\"mainEntityOfPage\":{\"@id\":\"https:\/\/elregionalvm.com.ar\/noticias-villa-maria\/sensorialmente-a-tono-con-la-epoca-degustacion-de-humita-en-olla\/\"},\"wordCount\":226,\"commentCount\":0,\"image\":{\"@id\":\"https:\/\/elregionalvm.com.ar\/noticias-villa-maria\/sensorialmente-a-tono-con-la-epoca-degustacion-de-humita-en-olla\/#primaryimage\"},\"thumbnailUrl\":\"https:\/\/i0.wp.com\/elregionalvm.com.ar\/noticias-villa-maria\/wp-content\/uploads\/2026\/04\/Humita-2.jpeg?fit=913%2C584&ssl=1\",\"keywords\":[\"andina\",\"Cata\",\"choclo\",\"degustaci\u00f3n\",\"Gastronom\u00eda\",\"humita\",\"olla\",\"sabor\",\"sensorialmente\"],\"articleSection\":[\"Delicias y placeres\",\"Notas\"],\"inLanguage\":\"es\",\"potentialAction\":[{\"@type\":\"CommentAction\",\"name\":\"Comment\",\"target\":[\"https:\/\/elregionalvm.com.ar\/noticias-villa-maria\/sensorialmente-a-tono-con-la-epoca-degustacion-de-humita-en-olla\/#respond\"]}]},{\"@type\":\"WebPage\",\"@id\":\"https:\/\/elregionalvm.com.ar\/noticias-villa-maria\/sensorialmente-a-tono-con-la-epoca-degustacion-de-humita-en-olla\/\",\"url\":\"https:\/\/elregionalvm.com.ar\/noticias-villa-maria\/sensorialmente-a-tono-con-la-epoca-degustacion-de-humita-en-olla\/\",\"name\":\"[Sensorialmente] A tono con la \u00e9poca: Degustaci\u00f3n de humita en olla - El Regional\",\"isPartOf\":{\"@id\":\"http:\/\/elregionalvm.com.ar\/noticias-villa-maria\/#website\"},\"primaryImageOfPage\":{\"@id\":\"https:\/\/elregionalvm.com.ar\/noticias-villa-maria\/sensorialmente-a-tono-con-la-epoca-degustacion-de-humita-en-olla\/#primaryimage\"},\"image\":{\"@id\":\"https:\/\/elregionalvm.com.ar\/noticias-villa-maria\/sensorialmente-a-tono-con-la-epoca-degustacion-de-humita-en-olla\/#primaryimage\"},\"thumbnailUrl\":\"https:\/\/i0.wp.com\/elregionalvm.com.ar\/noticias-villa-maria\/wp-content\/uploads\/2026\/04\/Humita-2.jpeg?fit=913%2C584&ssl=1\",\"datePublished\":\"2026-04-29T17:19:39+00:00\",\"dateModified\":\"2026-04-29T17:19:44+00:00\",\"author\":{\"@id\":\"http:\/\/elregionalvm.com.ar\/noticias-villa-maria\/#\/schema\/person\/a0fb9c422317faca23d50163151bc354\"},\"breadcrumb\":{\"@id\":\"https:\/\/elregionalvm.com.ar\/noticias-villa-maria\/sensorialmente-a-tono-con-la-epoca-degustacion-de-humita-en-olla\/#breadcrumb\"},\"inLanguage\":\"es\",\"potentialAction\":[{\"@type\":\"ReadAction\",\"target\":[\"https:\/\/elregionalvm.com.ar\/noticias-villa-maria\/sensorialmente-a-tono-con-la-epoca-degustacion-de-humita-en-olla\/\"]}]},{\"@type\":\"ImageObject\",\"inLanguage\":\"es\",\"@id\":\"https:\/\/elregionalvm.com.ar\/noticias-villa-maria\/sensorialmente-a-tono-con-la-epoca-degustacion-de-humita-en-olla\/#primaryimage\",\"url\":\"https:\/\/i0.wp.com\/elregionalvm.com.ar\/noticias-villa-maria\/wp-content\/uploads\/2026\/04\/Humita-2.jpeg?fit=913%2C584&ssl=1\",\"contentUrl\":\"https:\/\/i0.wp.com\/elregionalvm.com.ar\/noticias-villa-maria\/wp-content\/uploads\/2026\/04\/Humita-2.jpeg?fit=913%2C584&ssl=1\",\"width\":913,\"height\":584},{\"@type\":\"BreadcrumbList\",\"@id\":\"https:\/\/elregionalvm.com.ar\/noticias-villa-maria\/sensorialmente-a-tono-con-la-epoca-degustacion-de-humita-en-olla\/#breadcrumb\",\"itemListElement\":[{\"@type\":\"ListItem\",\"position\":1,\"name\":\"Portada\",\"item\":\"https:\/\/elregionalvm.com.ar\/noticias-villa-maria\/\"},{\"@type\":\"ListItem\",\"position\":2,\"name\":\"[Sensorialmente] A tono con la \u00e9poca: Degustaci\u00f3n de humita en olla\"}]},{\"@type\":\"WebSite\",\"@id\":\"http:\/\/elregionalvm.com.ar\/noticias-villa-maria\/#website\",\"url\":\"http:\/\/elregionalvm.com.ar\/noticias-villa-maria\/\",\"name\":\"El Regional\",\"description\":\"Mucho m\u00e1s que informaci\u00f3n\",\"potentialAction\":[{\"@type\":\"SearchAction\",\"target\":{\"@type\":\"EntryPoint\",\"urlTemplate\":\"http:\/\/elregionalvm.com.ar\/noticias-villa-maria\/?s={search_term_string}\"},\"query-input\":{\"@type\":\"PropertyValueSpecification\",\"valueRequired\":true,\"valueName\":\"search_term_string\"}}],\"inLanguage\":\"es\"},{\"@type\":\"Person\",\"@id\":\"http:\/\/elregionalvm.com.ar\/noticias-villa-maria\/#\/schema\/person\/a0fb9c422317faca23d50163151bc354\",\"name\":\"Contenidos El Regional\",\"image\":{\"@type\":\"ImageObject\",\"inLanguage\":\"es\",\"@id\":\"http:\/\/elregionalvm.com.ar\/noticias-villa-maria\/#\/schema\/person\/image\/\",\"url\":\"https:\/\/secure.gravatar.com\/avatar\/265b27cb2209af7bb3a1318f03305787d7981a5cc6e6cd08fe5a4ecdf99d4b48?s=96&d=mm&r=g\",\"contentUrl\":\"https:\/\/secure.gravatar.com\/avatar\/265b27cb2209af7bb3a1318f03305787d7981a5cc6e6cd08fe5a4ecdf99d4b48?s=96&d=mm&r=g\",\"caption\":\"Contenidos El Regional\"},\"url\":\"https:\/\/elregionalvm.com.ar\/noticias-villa-maria\/author\/contenido\/\"}]}<\/script>\n<!-- \/ Yoast SEO plugin. -->","yoast_head_json":{"title":"[Sensorialmente] A tono con la \u00e9poca: Degustaci\u00f3n de humita en olla - El Regional","robots":{"index":"index","follow":"follow","max-snippet":"max-snippet:-1","max-image-preview":"max-image-preview:large","max-video-preview":"max-video-preview:-1"},"canonical":"https:\/\/elregionalvm.com.ar\/noticias-villa-maria\/sensorialmente-a-tono-con-la-epoca-degustacion-de-humita-en-olla\/","og_locale":"es_ES","og_type":"article","og_title":"[Sensorialmente] A tono con la \u00e9poca: Degustaci\u00f3n de humita en olla - El Regional","og_description":"La humita es una preparaci\u00f3n ancestral andina a base de ma\u00edz tierno (choclo). En su versi\u00f3n en olla presenta textura cremosa, donde interact\u00faan almid\u00f3n, agua, grasas y compuestos arom\u00e1ticos. Conozcamos c\u00f3mo se cata. Escribe: Mag. Hern\u00e1n Allasia Receta de elaboraci\u00f3n Ingredientes: 12 choclos, 1 cebolla, 50 g manteca, 200 ml leche, 150-200 g queso, sal, [&hellip;]","og_url":"https:\/\/elregionalvm.com.ar\/noticias-villa-maria\/sensorialmente-a-tono-con-la-epoca-degustacion-de-humita-en-olla\/","og_site_name":"El Regional","article_publisher":"https:\/\/www.facebook.com\/elregionalvm","article_published_time":"2026-04-29T17:19:39+00:00","article_modified_time":"2026-04-29T17:19:44+00:00","og_image":[{"width":913,"height":584,"url":"https:\/\/elregionalvm.com.ar\/noticias-villa-maria\/wp-content\/uploads\/2026\/04\/Humita-2.jpeg","type":"image\/jpeg"}],"author":"Contenidos El Regional","twitter_card":"summary_large_image","twitter_creator":"@elregionalvm1","twitter_site":"@elregionalvm1","twitter_misc":{"Escrito por":"Contenidos El Regional","Tiempo de lectura":"2 minutos"},"schema":{"@context":"https:\/\/schema.org","@graph":[{"@type":"Article","@id":"https:\/\/elregionalvm.com.ar\/noticias-villa-maria\/sensorialmente-a-tono-con-la-epoca-degustacion-de-humita-en-olla\/#article","isPartOf":{"@id":"https:\/\/elregionalvm.com.ar\/noticias-villa-maria\/sensorialmente-a-tono-con-la-epoca-degustacion-de-humita-en-olla\/"},"author":{"name":"Contenidos El Regional","@id":"http:\/\/elregionalvm.com.ar\/noticias-villa-maria\/#\/schema\/person\/a0fb9c422317faca23d50163151bc354"},"headline":"[Sensorialmente] A tono con la \u00e9poca: Degustaci\u00f3n de humita en olla","datePublished":"2026-04-29T17:19:39+00:00","dateModified":"2026-04-29T17:19:44+00:00","mainEntityOfPage":{"@id":"https:\/\/elregionalvm.com.ar\/noticias-villa-maria\/sensorialmente-a-tono-con-la-epoca-degustacion-de-humita-en-olla\/"},"wordCount":226,"commentCount":0,"image":{"@id":"https:\/\/elregionalvm.com.ar\/noticias-villa-maria\/sensorialmente-a-tono-con-la-epoca-degustacion-de-humita-en-olla\/#primaryimage"},"thumbnailUrl":"https:\/\/i0.wp.com\/elregionalvm.com.ar\/noticias-villa-maria\/wp-content\/uploads\/2026\/04\/Humita-2.jpeg?fit=913%2C584&ssl=1","keywords":["andina","Cata","choclo","degustaci\u00f3n","Gastronom\u00eda","humita","olla","sabor","sensorialmente"],"articleSection":["Delicias y placeres","Notas"],"inLanguage":"es","potentialAction":[{"@type":"CommentAction","name":"Comment","target":["https:\/\/elregionalvm.com.ar\/noticias-villa-maria\/sensorialmente-a-tono-con-la-epoca-degustacion-de-humita-en-olla\/#respond"]}]},{"@type":"WebPage","@id":"https:\/\/elregionalvm.com.ar\/noticias-villa-maria\/sensorialmente-a-tono-con-la-epoca-degustacion-de-humita-en-olla\/","url":"https:\/\/elregionalvm.com.ar\/noticias-villa-maria\/sensorialmente-a-tono-con-la-epoca-degustacion-de-humita-en-olla\/","name":"[Sensorialmente] A tono con la \u00e9poca: Degustaci\u00f3n de humita en olla - El Regional","isPartOf":{"@id":"http:\/\/elregionalvm.com.ar\/noticias-villa-maria\/#website"},"primaryImageOfPage":{"@id":"https:\/\/elregionalvm.com.ar\/noticias-villa-maria\/sensorialmente-a-tono-con-la-epoca-degustacion-de-humita-en-olla\/#primaryimage"},"image":{"@id":"https:\/\/elregionalvm.com.ar\/noticias-villa-maria\/sensorialmente-a-tono-con-la-epoca-degustacion-de-humita-en-olla\/#primaryimage"},"thumbnailUrl":"https:\/\/i0.wp.com\/elregionalvm.com.ar\/noticias-villa-maria\/wp-content\/uploads\/2026\/04\/Humita-2.jpeg?fit=913%2C584&ssl=1","datePublished":"2026-04-29T17:19:39+00:00","dateModified":"2026-04-29T17:19:44+00:00","author":{"@id":"http:\/\/elregionalvm.com.ar\/noticias-villa-maria\/#\/schema\/person\/a0fb9c422317faca23d50163151bc354"},"breadcrumb":{"@id":"https:\/\/elregionalvm.com.ar\/noticias-villa-maria\/sensorialmente-a-tono-con-la-epoca-degustacion-de-humita-en-olla\/#breadcrumb"},"inLanguage":"es","potentialAction":[{"@type":"ReadAction","target":["https:\/\/elregionalvm.com.ar\/noticias-villa-maria\/sensorialmente-a-tono-con-la-epoca-degustacion-de-humita-en-olla\/"]}]},{"@type":"ImageObject","inLanguage":"es","@id":"https:\/\/elregionalvm.com.ar\/noticias-villa-maria\/sensorialmente-a-tono-con-la-epoca-degustacion-de-humita-en-olla\/#primaryimage","url":"https:\/\/i0.wp.com\/elregionalvm.com.ar\/noticias-villa-maria\/wp-content\/uploads\/2026\/04\/Humita-2.jpeg?fit=913%2C584&ssl=1","contentUrl":"https:\/\/i0.wp.com\/elregionalvm.com.ar\/noticias-villa-maria\/wp-content\/uploads\/2026\/04\/Humita-2.jpeg?fit=913%2C584&ssl=1","width":913,"height":584},{"@type":"BreadcrumbList","@id":"https:\/\/elregionalvm.com.ar\/noticias-villa-maria\/sensorialmente-a-tono-con-la-epoca-degustacion-de-humita-en-olla\/#breadcrumb","itemListElement":[{"@type":"ListItem","position":1,"name":"Portada","item":"https:\/\/elregionalvm.com.ar\/noticias-villa-maria\/"},{"@type":"ListItem","position":2,"name":"[Sensorialmente] A tono con la \u00e9poca: Degustaci\u00f3n de humita en olla"}]},{"@type":"WebSite","@id":"http:\/\/elregionalvm.com.ar\/noticias-villa-maria\/#website","url":"http:\/\/elregionalvm.com.ar\/noticias-villa-maria\/","name":"El Regional","description":"Mucho m\u00e1s que informaci\u00f3n","potentialAction":[{"@type":"SearchAction","target":{"@type":"EntryPoint","urlTemplate":"http:\/\/elregionalvm.com.ar\/noticias-villa-maria\/?s={search_term_string}"},"query-input":{"@type":"PropertyValueSpecification","valueRequired":true,"valueName":"search_term_string"}}],"inLanguage":"es"},{"@type":"Person","@id":"http:\/\/elregionalvm.com.ar\/noticias-villa-maria\/#\/schema\/person\/a0fb9c422317faca23d50163151bc354","name":"Contenidos El Regional","image":{"@type":"ImageObject","inLanguage":"es","@id":"http:\/\/elregionalvm.com.ar\/noticias-villa-maria\/#\/schema\/person\/image\/","url":"https:\/\/secure.gravatar.com\/avatar\/265b27cb2209af7bb3a1318f03305787d7981a5cc6e6cd08fe5a4ecdf99d4b48?s=96&d=mm&r=g","contentUrl":"https:\/\/secure.gravatar.com\/avatar\/265b27cb2209af7bb3a1318f03305787d7981a5cc6e6cd08fe5a4ecdf99d4b48?s=96&d=mm&r=g","caption":"Contenidos El Regional"},"url":"https:\/\/elregionalvm.com.ar\/noticias-villa-maria\/author\/contenido\/"}]}},"jetpack_featured_media_url":"https:\/\/i0.wp.com\/elregionalvm.com.ar\/noticias-villa-maria\/wp-content\/uploads\/2026\/04\/Humita-2.jpeg?fit=913%2C584&ssl=1","jetpack_sharing_enabled":true,"_links":{"self":[{"href":"https:\/\/elregionalvm.com.ar\/noticias-villa-maria\/wp-json\/wp\/v2\/posts\/115728","targetHints":{"allow":["GET"]}}],"collection":[{"href":"https:\/\/elregionalvm.com.ar\/noticias-villa-maria\/wp-json\/wp\/v2\/posts"}],"about":[{"href":"https:\/\/elregionalvm.com.ar\/noticias-villa-maria\/wp-json\/wp\/v2\/types\/post"}],"author":[{"embeddable":true,"href":"https:\/\/elregionalvm.com.ar\/noticias-villa-maria\/wp-json\/wp\/v2\/users\/4"}],"replies":[{"embeddable":true,"href":"https:\/\/elregionalvm.com.ar\/noticias-villa-maria\/wp-json\/wp\/v2\/comments?post=115728"}],"version-history":[{"count":2,"href":"https:\/\/elregionalvm.com.ar\/noticias-villa-maria\/wp-json\/wp\/v2\/posts\/115728\/revisions"}],"predecessor-version":[{"id":115734,"href":"https:\/\/elregionalvm.com.ar\/noticias-villa-maria\/wp-json\/wp\/v2\/posts\/115728\/revisions\/115734"}],"wp:featuredmedia":[{"embeddable":true,"href":"https:\/\/elregionalvm.com.ar\/noticias-villa-maria\/wp-json\/wp\/v2\/media\/115731"}],"wp:attachment":[{"href":"https:\/\/elregionalvm.com.ar\/noticias-villa-maria\/wp-json\/wp\/v2\/media?parent=115728"}],"wp:term":[{"taxonomy":"category","embeddable":true,"href":"https:\/\/elregionalvm.com.ar\/noticias-villa-maria\/wp-json\/wp\/v2\/categories?post=115728"},{"taxonomy":"post_tag","embeddable":true,"href":"https:\/\/elregionalvm.com.ar\/noticias-villa-maria\/wp-json\/wp\/v2\/tags?post=115728"}],"curies":[{"name":"wp","href":"https:\/\/api.w.org\/{rel}","templated":true}]}}