{"id":118241,"date":"2026-08-31T02:45:12","date_gmt":"2026-08-31T02:45:12","guid":{"rendered":"https:\/\/elregionalvm.com.ar\/noticias-villa-maria\/?p=118241"},"modified":"2026-08-31T02:45:16","modified_gmt":"2026-08-31T02:45:16","slug":"tiempo-loco-el-motor-infernal-bajo-nuestros-pies-cambia-la-duracion-de-los-dias","status":"publish","type":"post","link":"https:\/\/elregionalvm.com.ar\/noticias-villa-maria\/tiempo-loco-el-motor-infernal-bajo-nuestros-pies-cambia-la-duracion-de-los-dias\/","title":{"rendered":"[Tiempo Loco] El motor infernal bajo nuestros pies: \u00bfCambia la duraci\u00f3n de los d\u00edas?"},"content":{"rendered":"\n<h3 class=\"wp-block-heading\"><strong>Mientras la humanidad se preocupa por el clima de la superficie, a 3000 kil\u00f3metros de profundidad el coraz\u00f3n de hierro del planeta reduce su velocidad de rotaci\u00f3n, altera la duraci\u00f3n de los d\u00edas y transfiere calor hacia el exterior a un ritmo sin precedentes, comport\u00e1ndose m\u00e1s como un flan viscoso que como una roca r\u00edgida.<\/strong><\/h3>\n\n\n\n<p class=\"wp-block-paragraph\"><\/p>\n\n\n\n<p class=\"wp-block-paragraph\"><strong>Escribe: Mag. Hern\u00e1n Allasia<\/strong><\/p>\n\n\n\n<p class=\"wp-block-paragraph\"><\/p>\n\n\n\n<p class=\"wp-block-paragraph\">A unos 3000 kil\u00f3metros de profundidad, el n\u00facleo de la Tierra registra temperaturas de entre 5000 y 5500 grados cent\u00edgrados, una marca equivalente a la superficie solar. B\u00e1sicamente, la humanidad vive arriba de un termof\u00f3n gigante que se reh\u00fasa a pagar la cuenta de luz.<\/p>\n\n\n\n<p class=\"wp-block-paragraph\">Este n\u00facleo se est\u00e1 enfriando m\u00e1s r\u00e1pido de lo proyectado, debido a que la bridgmanita, el mineral que delimita esa regi\u00f3n, tiene una conductividad t\u00e9rmica un 150 por ciento mayor a lo estimado. Cient\u00edficos estiman que esto se debe a que el planeta se cans\u00f3 de ser un horno pirol\u00edtico y ahora quiere probar c\u00f3mo se siente ser una heladera de oficina.<\/p>\n\n\n\n<p class=\"wp-block-paragraph\">En paralelo, el n\u00facleo interno de la Tierra fren\u00f3 su movimiento y comenz\u00f3 a retroceder en relaci\u00f3n con la superficie del planeta. Mediciones sismol\u00f3gicas confirman que este cuerpo s\u00f3lido de hierro y n\u00edquel redujo su velocidad y modific\u00f3 su ritmo de rotaci\u00f3n, alterando de manera milim\u00e9trica la duraci\u00f3n de los d\u00edas. Al parecer, el centro del planeta activ\u00f3 el freno de mano c\u00f3smico porque se pas\u00f3 de largo en la salida de la autopista gal\u00e1ctica.<\/p>\n\n\n\n<p class=\"wp-block-paragraph\"><\/p>\n\n\n\n<figure class=\"wp-block-image size-large\"><img data-recalc-dims=\"1\" fetchpriority=\"high\" decoding=\"async\" width=\"1024\" height=\"632\" src=\"https:\/\/i0.wp.com\/elregionalvm.com.ar\/noticias-villa-maria\/wp-content\/uploads\/2026\/08\/nucleo-tierra-2.webp?resize=1024%2C632&#038;ssl=1\" alt=\"\" class=\"wp-image-118245\" srcset=\"https:\/\/i0.wp.com\/elregionalvm.com.ar\/noticias-villa-maria\/wp-content\/uploads\/2026\/08\/nucleo-tierra-2.webp?resize=1024%2C632&amp;ssl=1 1024w, https:\/\/i0.wp.com\/elregionalvm.com.ar\/noticias-villa-maria\/wp-content\/uploads\/2026\/08\/nucleo-tierra-2.webp?resize=300%2C185&amp;ssl=1 300w, https:\/\/i0.wp.com\/elregionalvm.com.ar\/noticias-villa-maria\/wp-content\/uploads\/2026\/08\/nucleo-tierra-2.webp?resize=768%2C474&amp;ssl=1 768w, https:\/\/i0.wp.com\/elregionalvm.com.ar\/noticias-villa-maria\/wp-content\/uploads\/2026\/08\/nucleo-tierra-2.webp?w=1248&amp;ssl=1 1248w\" sizes=\"(max-width: 1000px) 100vw, 1000px\" \/><\/figure>\n\n\n\n<p class=\"wp-block-paragraph\"><\/p>\n\n\n\n<p class=\"wp-block-paragraph\"><strong>Estructura turbulenta<\/strong><\/p>\n\n\n\n<p class=\"wp-block-paragraph\">Variaciones en las ondas de choque de terremotos repetidos demostraron que el n\u00facleo no es una estructura completamente r\u00edgida. La interacci\u00f3n constante con el flujo turbulento del n\u00facleo externo genera deformaciones viscosas en su superficie, asemejando su comportamiento al de la miel. Vivimos, literalmente, sobre un postre flanero gigante que tiembla cada vez que la f\u00edsica decide jugar con la cuchara.<\/p>\n\n\n\n<p class=\"wp-block-paragraph\">Experimentos de laboratorio complementarios lograron recrear presiones extremas de millones de atm\u00f3sferas sobre el hierro del n\u00facleo. Estos ensayos revelaron que los \u00e1tomos met\u00e1licos se reorganizan bajo compresi\u00f3n severa, modificando la resistencia estructural de la capa m\u00e1s profunda, en un intento desesperado por sobrevivir al aplastamiento masivo de la gravedad.<\/p>\n\n\n\n<p class=\"wp-block-paragraph\">El proceso de enfriamiento total demandar\u00e1 miles de millones de a\u00f1os antes de completarse. Mantener este calor interno en movimiento es vital, ya que genera el campo magn\u00e9tico que act\u00faa como un escudo invisible, protegiendo la atm\u00f3sfera y permitiendo la vida en la superficie, evitando que terminemos fritos como milanesas de buffet de terminal.<\/p>\n\n\n\n<p class=\"wp-block-paragraph\"><\/p>\n\n\n\n<p class=\"wp-block-paragraph\"><strong>Bibliograf\u00eda de consulta:<\/strong><\/p>\n\n\n\n<p class=\"wp-block-paragraph\"><\/p>\n\n\n\n<ul class=\"wp-block-list\">\n<li><strong>Estudio sobre conductividad t\u00e9rmica y enfriamiento:<\/strong> Instituto Federal Suizo de Tecnolog\u00eda (ETH Z\u00fcrich).<\/li>\n\n\n\n<li><strong>Investigaci\u00f3n sobre la desaceleraci\u00f3n del n\u00facleo interno:<\/strong> Universidad del Sur de California (USC).<\/li>\n\n\n\n<li><strong>Reportes sismol\u00f3gicos y estructura interna:<\/strong> Revistas cient\u00edficas Nature y Nature Geoscience.<\/li>\n<\/ul>\n\n\n\n<p class=\"wp-block-paragraph\"><\/p>\n","protected":false},"excerpt":{"rendered":"<p>Mientras la humanidad se preocupa por el clima de la superficie, a 3000 kil\u00f3metros de profundidad el coraz\u00f3n de hierro del planeta reduce su velocidad de rotaci\u00f3n, altera la duraci\u00f3n de los d\u00edas y transfiere calor hacia el exterior a un ritmo sin precedentes, comport\u00e1ndose m\u00e1s como un flan viscoso que como una roca r\u00edgida. [&hellip;]<\/p>\n","protected":false},"author":4,"featured_media":118243,"comment_status":"open","ping_status":"open","sticky":false,"template":"","format":"standard","meta":{"site-sidebar-layout":"default","site-content-layout":"","ast-site-content-layout":"default","site-content-style":"default","site-sidebar-style":"default","ast-global-header-display":"","ast-banner-title-visibility":"","ast-main-header-display":"","ast-hfb-above-header-display":"","ast-hfb-below-header-display":"","ast-hfb-mobile-header-display":"","site-post-title":"","ast-breadcrumbs-content":"","ast-featured-img":"","footer-sml-layout":"","ast-disable-related-posts":"","theme-transparent-header-meta":"","adv-header-id-meta":"","stick-header-meta":"","header-above-stick-meta":"","header-main-stick-meta":"","header-below-stick-meta":"","astra-migrate-meta-layouts":"set","ast-page-background-enabled":"default","ast-page-background-meta":{"desktop":{"background-color":"","background-image":"","background-repeat":"repeat","background-position":"center center","background-size":"auto","background-attachment":"scroll","background-type":"","background-media":"","overlay-type":"","overlay-color":"","overlay-opacity":"","overlay-gradient":""},"tablet":{"background-color":"","background-image":"","background-repeat":"repeat","background-position":"center center","background-size":"auto","background-attachment":"scroll","background-type":"","background-media":"","overlay-type":"","overlay-color":"","overlay-opacity":"","overlay-gradient":""},"mobile":{"background-color":"","background-image":"","background-repeat":"repeat","background-position":"center center","background-size":"auto","background-attachment":"scroll","background-type":"","background-media":"","overlay-type":"","overlay-color":"","overlay-opacity":"","overlay-gradient":""}},"ast-content-background-meta":{"desktop":{"background-color":"var(--ast-global-color-5)","background-image":"","background-repeat":"repeat","background-position":"center center","background-size":"auto","background-attachment":"scroll","background-type":"","background-media":"","overlay-type":"","overlay-color":"","overlay-opacity":"","overlay-gradient":""},"tablet":{"background-color":"var(--ast-global-color-5)","background-image":"","background-repeat":"repeat","background-position":"center center","background-size":"auto","background-attachment":"scroll","background-type":"","background-media":"","overlay-type":"","overlay-color":"","overlay-opacity":"","overlay-gradient":""},"mobile":{"background-color":"var(--ast-global-color-5)","background-image":"","background-repeat":"repeat","background-position":"center center","background-size":"auto","background-attachment":"scroll","background-type":"","background-media":"","overlay-type":"","overlay-color":"","overlay-opacity":"","overlay-gradient":""}},"_jetpack_newsletter_access":"","_jetpack_dont_email_post_to_subs":false,"_jetpack_newsletter_tier_id":0,"_jetpack_memberships_contains_paywalled_content":false,"_jetpack_memberships_contains_paid_content":false,"_joinchat":[],"footnotes":""},"categories":[4777,2323],"tags":[15469,9672,22011,8699,4740,8700,6173],"class_list":["post-118241","post","type-post","status-publish","format-standard","has-post-thumbnail","hentry","category-econotas","category-notas-secundarias","tag-dias","tag-motor","tag-nucleo","tag-pronostico-del-tiempo","tag-temperatura","tag-tiempo-loco","tag-tierra"],"yoast_head":"<!-- This site is optimized with the Yoast SEO plugin v28.3 - https:\/\/yoast.com\/product\/yoast-seo-wordpress\/ -->\n<title>[Tiempo Loco] El motor infernal bajo nuestros pies: \u00bfCambia la duraci\u00f3n de los d\u00edas? - El Regional<\/title>\n<meta name=\"robots\" content=\"index, follow, max-snippet:-1, max-image-preview:large, max-video-preview:-1\" \/>\n<link rel=\"canonical\" href=\"https:\/\/elregionalvm.com.ar\/noticias-villa-maria\/tiempo-loco-el-motor-infernal-bajo-nuestros-pies-cambia-la-duracion-de-los-dias\/\" \/>\n<meta property=\"og:locale\" content=\"es_ES\" \/>\n<meta property=\"og:type\" content=\"article\" \/>\n<meta property=\"og:title\" content=\"[Tiempo Loco] El motor infernal bajo nuestros pies: \u00bfCambia la duraci\u00f3n de los d\u00edas? - El Regional\" \/>\n<meta property=\"og:description\" content=\"Mientras la humanidad se preocupa por el clima de la superficie, a 3000 kil\u00f3metros de profundidad el coraz\u00f3n de hierro del planeta reduce su velocidad de rotaci\u00f3n, altera la duraci\u00f3n de los d\u00edas y transfiere calor hacia el exterior a un ritmo sin precedentes, comport\u00e1ndose m\u00e1s como un flan viscoso que como una roca r\u00edgida. [&hellip;]\" \/>\n<meta property=\"og:url\" content=\"https:\/\/elregionalvm.com.ar\/noticias-villa-maria\/tiempo-loco-el-motor-infernal-bajo-nuestros-pies-cambia-la-duracion-de-los-dias\/\" \/>\n<meta property=\"og:site_name\" content=\"El Regional\" \/>\n<meta property=\"article:publisher\" content=\"https:\/\/www.facebook.com\/elregionalvm\" \/>\n<meta property=\"article:published_time\" content=\"2026-08-31T02:45:12+00:00\" \/>\n<meta property=\"article:modified_time\" content=\"2026-08-31T02:45:16+00:00\" \/>\n<meta property=\"og:image\" content=\"https:\/\/elregionalvm.com.ar\/noticias-villa-maria\/wp-content\/uploads\/2026\/08\/nucleo-tierra.jpeg\" \/>\n\t<meta property=\"og:image:width\" content=\"1600\" \/>\n\t<meta property=\"og:image:height\" content=\"1059\" \/>\n\t<meta property=\"og:image:type\" content=\"image\/jpeg\" \/>\n<meta name=\"author\" content=\"Contenidos El Regional\" \/>\n<meta name=\"twitter:card\" content=\"summary_large_image\" \/>\n<meta name=\"twitter:creator\" content=\"@elregionalvm1\" \/>\n<meta name=\"twitter:site\" content=\"@elregionalvm1\" \/>\n<meta name=\"twitter:label1\" content=\"Escrito por\" \/>\n\t<meta name=\"twitter:data1\" content=\"Contenidos El Regional\" \/>\n\t<meta name=\"twitter:label2\" content=\"Tiempo de lectura\" \/>\n\t<meta name=\"twitter:data2\" content=\"3 minutos\" \/>\n<script type=\"application\/ld+json\" class=\"yoast-schema-graph\">{\"@context\":\"https:\\\/\\\/schema.org\",\"@graph\":[{\"@type\":\"Article\",\"@id\":\"https:\\\/\\\/elregionalvm.com.ar\\\/noticias-villa-maria\\\/tiempo-loco-el-motor-infernal-bajo-nuestros-pies-cambia-la-duracion-de-los-dias\\\/#article\",\"isPartOf\":{\"@id\":\"https:\\\/\\\/elregionalvm.com.ar\\\/noticias-villa-maria\\\/tiempo-loco-el-motor-infernal-bajo-nuestros-pies-cambia-la-duracion-de-los-dias\\\/\"},\"author\":{\"name\":\"Contenidos El Regional\",\"@id\":\"http:\\\/\\\/elregionalvm.com.ar\\\/noticias-villa-maria\\\/#\\\/schema\\\/person\\\/a0fb9c422317faca23d50163151bc354\"},\"headline\":\"[Tiempo Loco] El motor infernal bajo nuestros pies: \u00bfCambia la duraci\u00f3n de los d\u00edas?\",\"datePublished\":\"2026-08-31T02:45:12+00:00\",\"dateModified\":\"2026-08-31T02:45:16+00:00\",\"mainEntityOfPage\":{\"@id\":\"https:\\\/\\\/elregionalvm.com.ar\\\/noticias-villa-maria\\\/tiempo-loco-el-motor-infernal-bajo-nuestros-pies-cambia-la-duracion-de-los-dias\\\/\"},\"wordCount\":516,\"commentCount\":0,\"image\":{\"@id\":\"https:\\\/\\\/elregionalvm.com.ar\\\/noticias-villa-maria\\\/tiempo-loco-el-motor-infernal-bajo-nuestros-pies-cambia-la-duracion-de-los-dias\\\/#primaryimage\"},\"thumbnailUrl\":\"https:\\\/\\\/i0.wp.com\\\/elregionalvm.com.ar\\\/noticias-villa-maria\\\/wp-content\\\/uploads\\\/2026\\\/08\\\/nucleo-tierra.jpeg?fit=1600%2C1059&ssl=1\",\"keywords\":[\"d\u00edas\",\"Motor\",\"n\u00facleo\",\"Pron\u00f3stico del tiempo\",\"temperatura\",\"Tiempo loco\",\"Tierra\"],\"articleSection\":[\"Econotas\",\"Notas\"],\"inLanguage\":\"es\",\"potentialAction\":[{\"@type\":\"CommentAction\",\"name\":\"Comment\",\"target\":[\"https:\\\/\\\/elregionalvm.com.ar\\\/noticias-villa-maria\\\/tiempo-loco-el-motor-infernal-bajo-nuestros-pies-cambia-la-duracion-de-los-dias\\\/#respond\"]}]},{\"@type\":\"WebPage\",\"@id\":\"https:\\\/\\\/elregionalvm.com.ar\\\/noticias-villa-maria\\\/tiempo-loco-el-motor-infernal-bajo-nuestros-pies-cambia-la-duracion-de-los-dias\\\/\",\"url\":\"https:\\\/\\\/elregionalvm.com.ar\\\/noticias-villa-maria\\\/tiempo-loco-el-motor-infernal-bajo-nuestros-pies-cambia-la-duracion-de-los-dias\\\/\",\"name\":\"[Tiempo Loco] El motor infernal bajo nuestros pies: \u00bfCambia la duraci\u00f3n de los d\u00edas? - El Regional\",\"isPartOf\":{\"@id\":\"http:\\\/\\\/elregionalvm.com.ar\\\/noticias-villa-maria\\\/#website\"},\"primaryImageOfPage\":{\"@id\":\"https:\\\/\\\/elregionalvm.com.ar\\\/noticias-villa-maria\\\/tiempo-loco-el-motor-infernal-bajo-nuestros-pies-cambia-la-duracion-de-los-dias\\\/#primaryimage\"},\"image\":{\"@id\":\"https:\\\/\\\/elregionalvm.com.ar\\\/noticias-villa-maria\\\/tiempo-loco-el-motor-infernal-bajo-nuestros-pies-cambia-la-duracion-de-los-dias\\\/#primaryimage\"},\"thumbnailUrl\":\"https:\\\/\\\/i0.wp.com\\\/elregionalvm.com.ar\\\/noticias-villa-maria\\\/wp-content\\\/uploads\\\/2026\\\/08\\\/nucleo-tierra.jpeg?fit=1600%2C1059&ssl=1\",\"datePublished\":\"2026-08-31T02:45:12+00:00\",\"dateModified\":\"2026-08-31T02:45:16+00:00\",\"author\":{\"@id\":\"http:\\\/\\\/elregionalvm.com.ar\\\/noticias-villa-maria\\\/#\\\/schema\\\/person\\\/a0fb9c422317faca23d50163151bc354\"},\"breadcrumb\":{\"@id\":\"https:\\\/\\\/elregionalvm.com.ar\\\/noticias-villa-maria\\\/tiempo-loco-el-motor-infernal-bajo-nuestros-pies-cambia-la-duracion-de-los-dias\\\/#breadcrumb\"},\"inLanguage\":\"es\",\"potentialAction\":[{\"@type\":\"ReadAction\",\"target\":[\"https:\\\/\\\/elregionalvm.com.ar\\\/noticias-villa-maria\\\/tiempo-loco-el-motor-infernal-bajo-nuestros-pies-cambia-la-duracion-de-los-dias\\\/\"]}]},{\"@type\":\"ImageObject\",\"inLanguage\":\"es\",\"@id\":\"https:\\\/\\\/elregionalvm.com.ar\\\/noticias-villa-maria\\\/tiempo-loco-el-motor-infernal-bajo-nuestros-pies-cambia-la-duracion-de-los-dias\\\/#primaryimage\",\"url\":\"https:\\\/\\\/i0.wp.com\\\/elregionalvm.com.ar\\\/noticias-villa-maria\\\/wp-content\\\/uploads\\\/2026\\\/08\\\/nucleo-tierra.jpeg?fit=1600%2C1059&ssl=1\",\"contentUrl\":\"https:\\\/\\\/i0.wp.com\\\/elregionalvm.com.ar\\\/noticias-villa-maria\\\/wp-content\\\/uploads\\\/2026\\\/08\\\/nucleo-tierra.jpeg?fit=1600%2C1059&ssl=1\",\"width\":1600,\"height\":1059},{\"@type\":\"BreadcrumbList\",\"@id\":\"https:\\\/\\\/elregionalvm.com.ar\\\/noticias-villa-maria\\\/tiempo-loco-el-motor-infernal-bajo-nuestros-pies-cambia-la-duracion-de-los-dias\\\/#breadcrumb\",\"itemListElement\":[{\"@type\":\"ListItem\",\"position\":1,\"name\":\"Portada\",\"item\":\"https:\\\/\\\/elregionalvm.com.ar\\\/noticias-villa-maria\\\/\"},{\"@type\":\"ListItem\",\"position\":2,\"name\":\"[Tiempo Loco] El motor infernal bajo nuestros pies: \u00bfCambia la duraci\u00f3n de los d\u00edas?\"}]},{\"@type\":\"WebSite\",\"@id\":\"http:\\\/\\\/elregionalvm.com.ar\\\/noticias-villa-maria\\\/#website\",\"url\":\"http:\\\/\\\/elregionalvm.com.ar\\\/noticias-villa-maria\\\/\",\"name\":\"El Regional\",\"description\":\"Mucho m\u00e1s que informaci\u00f3n\",\"potentialAction\":[{\"@type\":\"SearchAction\",\"target\":{\"@type\":\"EntryPoint\",\"urlTemplate\":\"http:\\\/\\\/elregionalvm.com.ar\\\/noticias-villa-maria\\\/?s={search_term_string}\"},\"query-input\":{\"@type\":\"PropertyValueSpecification\",\"valueRequired\":true,\"valueName\":\"search_term_string\"}}],\"inLanguage\":\"es\"},{\"@type\":\"Person\",\"@id\":\"http:\\\/\\\/elregionalvm.com.ar\\\/noticias-villa-maria\\\/#\\\/schema\\\/person\\\/a0fb9c422317faca23d50163151bc354\",\"name\":\"Contenidos El Regional\",\"image\":{\"@type\":\"ImageObject\",\"inLanguage\":\"es\",\"@id\":\"https:\\\/\\\/secure.gravatar.com\\\/avatar\\\/265b27cb2209af7bb3a1318f03305787d7981a5cc6e6cd08fe5a4ecdf99d4b48?s=96&d=mm&r=g\",\"url\":\"https:\\\/\\\/secure.gravatar.com\\\/avatar\\\/265b27cb2209af7bb3a1318f03305787d7981a5cc6e6cd08fe5a4ecdf99d4b48?s=96&d=mm&r=g\",\"contentUrl\":\"https:\\\/\\\/secure.gravatar.com\\\/avatar\\\/265b27cb2209af7bb3a1318f03305787d7981a5cc6e6cd08fe5a4ecdf99d4b48?s=96&d=mm&r=g\",\"caption\":\"Contenidos El Regional\"},\"url\":\"https:\\\/\\\/elregionalvm.com.ar\\\/noticias-villa-maria\\\/author\\\/contenido\\\/\"}]}<\/script>\n<!-- \/ Yoast SEO plugin. -->","yoast_head_json":{"title":"[Tiempo Loco] El motor infernal bajo nuestros pies: \u00bfCambia la duraci\u00f3n de los d\u00edas? - El Regional","robots":{"index":"index","follow":"follow","max-snippet":"max-snippet:-1","max-image-preview":"max-image-preview:large","max-video-preview":"max-video-preview:-1"},"canonical":"https:\/\/elregionalvm.com.ar\/noticias-villa-maria\/tiempo-loco-el-motor-infernal-bajo-nuestros-pies-cambia-la-duracion-de-los-dias\/","og_locale":"es_ES","og_type":"article","og_title":"[Tiempo Loco] El motor infernal bajo nuestros pies: \u00bfCambia la duraci\u00f3n de los d\u00edas? - El Regional","og_description":"Mientras la humanidad se preocupa por el clima de la superficie, a 3000 kil\u00f3metros de profundidad el coraz\u00f3n de hierro del planeta reduce su velocidad de rotaci\u00f3n, altera la duraci\u00f3n de los d\u00edas y transfiere calor hacia el exterior a un ritmo sin precedentes, comport\u00e1ndose m\u00e1s como un flan viscoso que como una roca r\u00edgida. [&hellip;]","og_url":"https:\/\/elregionalvm.com.ar\/noticias-villa-maria\/tiempo-loco-el-motor-infernal-bajo-nuestros-pies-cambia-la-duracion-de-los-dias\/","og_site_name":"El Regional","article_publisher":"https:\/\/www.facebook.com\/elregionalvm","article_published_time":"2026-08-31T02:45:12+00:00","article_modified_time":"2026-08-31T02:45:16+00:00","og_image":[{"width":1600,"height":1059,"url":"https:\/\/elregionalvm.com.ar\/noticias-villa-maria\/wp-content\/uploads\/2026\/08\/nucleo-tierra.jpeg","type":"image\/jpeg"}],"author":"Contenidos El Regional","twitter_card":"summary_large_image","twitter_creator":"@elregionalvm1","twitter_site":"@elregionalvm1","twitter_misc":{"Escrito por":"Contenidos El Regional","Tiempo de lectura":"3 minutos"},"schema":{"@context":"https:\/\/schema.org","@graph":[{"@type":"Article","@id":"https:\/\/elregionalvm.com.ar\/noticias-villa-maria\/tiempo-loco-el-motor-infernal-bajo-nuestros-pies-cambia-la-duracion-de-los-dias\/#article","isPartOf":{"@id":"https:\/\/elregionalvm.com.ar\/noticias-villa-maria\/tiempo-loco-el-motor-infernal-bajo-nuestros-pies-cambia-la-duracion-de-los-dias\/"},"author":{"name":"Contenidos El Regional","@id":"http:\/\/elregionalvm.com.ar\/noticias-villa-maria\/#\/schema\/person\/a0fb9c422317faca23d50163151bc354"},"headline":"[Tiempo Loco] El motor infernal bajo nuestros pies: \u00bfCambia la duraci\u00f3n de los d\u00edas?","datePublished":"2026-08-31T02:45:12+00:00","dateModified":"2026-08-31T02:45:16+00:00","mainEntityOfPage":{"@id":"https:\/\/elregionalvm.com.ar\/noticias-villa-maria\/tiempo-loco-el-motor-infernal-bajo-nuestros-pies-cambia-la-duracion-de-los-dias\/"},"wordCount":516,"commentCount":0,"image":{"@id":"https:\/\/elregionalvm.com.ar\/noticias-villa-maria\/tiempo-loco-el-motor-infernal-bajo-nuestros-pies-cambia-la-duracion-de-los-dias\/#primaryimage"},"thumbnailUrl":"https:\/\/i0.wp.com\/elregionalvm.com.ar\/noticias-villa-maria\/wp-content\/uploads\/2026\/08\/nucleo-tierra.jpeg?fit=1600%2C1059&ssl=1","keywords":["d\u00edas","Motor","n\u00facleo","Pron\u00f3stico del tiempo","temperatura","Tiempo loco","Tierra"],"articleSection":["Econotas","Notas"],"inLanguage":"es","potentialAction":[{"@type":"CommentAction","name":"Comment","target":["https:\/\/elregionalvm.com.ar\/noticias-villa-maria\/tiempo-loco-el-motor-infernal-bajo-nuestros-pies-cambia-la-duracion-de-los-dias\/#respond"]}]},{"@type":"WebPage","@id":"https:\/\/elregionalvm.com.ar\/noticias-villa-maria\/tiempo-loco-el-motor-infernal-bajo-nuestros-pies-cambia-la-duracion-de-los-dias\/","url":"https:\/\/elregionalvm.com.ar\/noticias-villa-maria\/tiempo-loco-el-motor-infernal-bajo-nuestros-pies-cambia-la-duracion-de-los-dias\/","name":"[Tiempo Loco] El motor infernal bajo nuestros pies: \u00bfCambia la duraci\u00f3n de los d\u00edas? - El Regional","isPartOf":{"@id":"http:\/\/elregionalvm.com.ar\/noticias-villa-maria\/#website"},"primaryImageOfPage":{"@id":"https:\/\/elregionalvm.com.ar\/noticias-villa-maria\/tiempo-loco-el-motor-infernal-bajo-nuestros-pies-cambia-la-duracion-de-los-dias\/#primaryimage"},"image":{"@id":"https:\/\/elregionalvm.com.ar\/noticias-villa-maria\/tiempo-loco-el-motor-infernal-bajo-nuestros-pies-cambia-la-duracion-de-los-dias\/#primaryimage"},"thumbnailUrl":"https:\/\/i0.wp.com\/elregionalvm.com.ar\/noticias-villa-maria\/wp-content\/uploads\/2026\/08\/nucleo-tierra.jpeg?fit=1600%2C1059&ssl=1","datePublished":"2026-08-31T02:45:12+00:00","dateModified":"2026-08-31T02:45:16+00:00","author":{"@id":"http:\/\/elregionalvm.com.ar\/noticias-villa-maria\/#\/schema\/person\/a0fb9c422317faca23d50163151bc354"},"breadcrumb":{"@id":"https:\/\/elregionalvm.com.ar\/noticias-villa-maria\/tiempo-loco-el-motor-infernal-bajo-nuestros-pies-cambia-la-duracion-de-los-dias\/#breadcrumb"},"inLanguage":"es","potentialAction":[{"@type":"ReadAction","target":["https:\/\/elregionalvm.com.ar\/noticias-villa-maria\/tiempo-loco-el-motor-infernal-bajo-nuestros-pies-cambia-la-duracion-de-los-dias\/"]}]},{"@type":"ImageObject","inLanguage":"es","@id":"https:\/\/elregionalvm.com.ar\/noticias-villa-maria\/tiempo-loco-el-motor-infernal-bajo-nuestros-pies-cambia-la-duracion-de-los-dias\/#primaryimage","url":"https:\/\/i0.wp.com\/elregionalvm.com.ar\/noticias-villa-maria\/wp-content\/uploads\/2026\/08\/nucleo-tierra.jpeg?fit=1600%2C1059&ssl=1","contentUrl":"https:\/\/i0.wp.com\/elregionalvm.com.ar\/noticias-villa-maria\/wp-content\/uploads\/2026\/08\/nucleo-tierra.jpeg?fit=1600%2C1059&ssl=1","width":1600,"height":1059},{"@type":"BreadcrumbList","@id":"https:\/\/elregionalvm.com.ar\/noticias-villa-maria\/tiempo-loco-el-motor-infernal-bajo-nuestros-pies-cambia-la-duracion-de-los-dias\/#breadcrumb","itemListElement":[{"@type":"ListItem","position":1,"name":"Portada","item":"https:\/\/elregionalvm.com.ar\/noticias-villa-maria\/"},{"@type":"ListItem","position":2,"name":"[Tiempo Loco] El motor infernal bajo nuestros pies: \u00bfCambia la duraci\u00f3n de los d\u00edas?"}]},{"@type":"WebSite","@id":"http:\/\/elregionalvm.com.ar\/noticias-villa-maria\/#website","url":"http:\/\/elregionalvm.com.ar\/noticias-villa-maria\/","name":"El Regional","description":"Mucho m\u00e1s que informaci\u00f3n","potentialAction":[{"@type":"SearchAction","target":{"@type":"EntryPoint","urlTemplate":"http:\/\/elregionalvm.com.ar\/noticias-villa-maria\/?s={search_term_string}"},"query-input":{"@type":"PropertyValueSpecification","valueRequired":true,"valueName":"search_term_string"}}],"inLanguage":"es"},{"@type":"Person","@id":"http:\/\/elregionalvm.com.ar\/noticias-villa-maria\/#\/schema\/person\/a0fb9c422317faca23d50163151bc354","name":"Contenidos El Regional","image":{"@type":"ImageObject","inLanguage":"es","@id":"https:\/\/secure.gravatar.com\/avatar\/265b27cb2209af7bb3a1318f03305787d7981a5cc6e6cd08fe5a4ecdf99d4b48?s=96&d=mm&r=g","url":"https:\/\/secure.gravatar.com\/avatar\/265b27cb2209af7bb3a1318f03305787d7981a5cc6e6cd08fe5a4ecdf99d4b48?s=96&d=mm&r=g","contentUrl":"https:\/\/secure.gravatar.com\/avatar\/265b27cb2209af7bb3a1318f03305787d7981a5cc6e6cd08fe5a4ecdf99d4b48?s=96&d=mm&r=g","caption":"Contenidos El Regional"},"url":"https:\/\/elregionalvm.com.ar\/noticias-villa-maria\/author\/contenido\/"}]}},"jetpack_sharing_enabled":true,"jetpack_featured_media_url":"https:\/\/i0.wp.com\/elregionalvm.com.ar\/noticias-villa-maria\/wp-content\/uploads\/2026\/08\/nucleo-tierra.jpeg?fit=1600%2C1059&ssl=1","_links":{"self":[{"href":"https:\/\/elregionalvm.com.ar\/noticias-villa-maria\/wp-json\/wp\/v2\/posts\/118241","targetHints":{"allow":["GET"]}}],"collection":[{"href":"https:\/\/elregionalvm.com.ar\/noticias-villa-maria\/wp-json\/wp\/v2\/posts"}],"about":[{"href":"https:\/\/elregionalvm.com.ar\/noticias-villa-maria\/wp-json\/wp\/v2\/types\/post"}],"author":[{"embeddable":true,"href":"https:\/\/elregionalvm.com.ar\/noticias-villa-maria\/wp-json\/wp\/v2\/users\/4"}],"replies":[{"embeddable":true,"href":"https:\/\/elregionalvm.com.ar\/noticias-villa-maria\/wp-json\/wp\/v2\/comments?post=118241"}],"version-history":[{"count":2,"href":"https:\/\/elregionalvm.com.ar\/noticias-villa-maria\/wp-json\/wp\/v2\/posts\/118241\/revisions"}],"predecessor-version":[{"id":118246,"href":"https:\/\/elregionalvm.com.ar\/noticias-villa-maria\/wp-json\/wp\/v2\/posts\/118241\/revisions\/118246"}],"wp:featuredmedia":[{"embeddable":true,"href":"https:\/\/elregionalvm.com.ar\/noticias-villa-maria\/wp-json\/wp\/v2\/media\/118243"}],"wp:attachment":[{"href":"https:\/\/elregionalvm.com.ar\/noticias-villa-maria\/wp-json\/wp\/v2\/media?parent=118241"}],"wp:term":[{"taxonomy":"category","embeddable":true,"href":"https:\/\/elregionalvm.com.ar\/noticias-villa-maria\/wp-json\/wp\/v2\/categories?post=118241"},{"taxonomy":"post_tag","embeddable":true,"href":"https:\/\/elregionalvm.com.ar\/noticias-villa-maria\/wp-json\/wp\/v2\/tags?post=118241"}],"curies":[{"name":"wp","href":"https:\/\/api.w.org\/{rel}","templated":true}]}}