{"id":118282,"date":"2026-08-31T12:48:49","date_gmt":"2026-08-31T12:48:49","guid":{"rendered":"https:\/\/elregionalvm.com.ar\/noticias-villa-maria\/?p=118282"},"modified":"2026-08-31T12:48:50","modified_gmt":"2026-08-31T12:48:50","slug":"tribunales-recupero-la-seguridad-y-el-conflicto-salarial-continua","status":"publish","type":"post","link":"https:\/\/elregionalvm.com.ar\/noticias-villa-maria\/tribunales-recupero-la-seguridad-y-el-conflicto-salarial-continua\/","title":{"rendered":"Tribunales recuper\u00f3 la seguridad y el conflicto salarial contin\u00faa"},"content":{"rendered":"\n<h2 class=\"wp-block-heading\">La actividad en los Tribunales de Villa Mar\u00eda recuper\u00f3 parte de la normalidad luego de que la Polic\u00eda volviera a prestar servicio de seguridad en el edificio de calle General Paz, tras varios d\u00edas sin presencia de efectivos.<\/h2>\n\n\n\n<p class=\"wp-block-paragraph\"><\/p>\n\n\n\n<p class=\"wp-block-paragraph\">La medida hab\u00eda generado preocupaci\u00f3n entre trabajadores y funcionarios judiciales, quienes hab\u00edan manifestado su malestar por la falta de seguridad en un espacio de circulaci\u00f3n permanente de empleados, abogados, personas involucradas en causas judiciales y familiares.<\/p>\n\n\n\n<p class=\"wp-block-paragraph\">Desde el \u00e1mbito judicial se\u00f1alaron que el <strong>regreso de los efectivos se produjo el viernes, <\/strong>luego de distintos reclamos realizados durante la semana. La ausencia policial incluso hab\u00eda derivado en situaciones consideradas de riesgo dentro del edificio.<\/p>\n\n\n\n<h3 class=\"wp-block-heading\">Diferencias por la propuesta salarial<\/h3>\n\n\n\n<p class=\"wp-block-paragraph\"><\/p>\n\n\n\n<p class=\"wp-block-paragraph\">En paralelo,<strong> contin\u00faa el conflicto salarial de los trabajadores judiciales.<\/strong> Mientras la asamblea de Villa Mar\u00eda resolvi\u00f3 mantener el reclamo y avanzar por la v\u00eda judicial, otras sedes del interior provincial ya se pronunciaron a favor de aceptar la \u00faltima propuesta presentada por el Tribunal Superior de Justicia.<\/p>\n\n\n\n<p class=\"wp-block-paragraph\">La decisi\u00f3n definitiva ser\u00e1 tomada a nivel provincial y todo indica que la propuesta ser\u00e1 aprobada por mayor\u00eda en la asamblea extraordinaria prevista para este martes.<\/p>\n\n\n\n<p class=\"wp-block-paragraph\"><strong>El gremio hab\u00eda rechazado inicialmente la oferta por considerarla insuficiente<\/strong> y reclamaba una recomposici\u00f3n salarial, la devoluci\u00f3n de los descuentos aplicados, que no se descuenten los d\u00edas correspondientes a medidas de fuerza y una discusi\u00f3n sobre el impacto de la Ley 11.087.<\/p>\n\n\n\n<p class=\"wp-block-paragraph\">La nueva propuesta es considerada por el sindicato como un avance conseguido a partir del conflicto, aunque reconocen que no permite recuperar completamente la p\u00e9rdida salarial acumulada ni responde a la totalidad de los reclamos.<\/p>\n\n\n\n<p class=\"wp-block-paragraph\">De esta manera,<strong> mientras la seguridad en Tribunales volvi\u00f3 a restablecerse, en Villa Mar\u00eda persisten diferencias con la postura que se adoptar\u00e1 a nivel provincial respecto del acuerdo salarial.<\/strong><\/p>\n","protected":false},"excerpt":{"rendered":"<p>La actividad en los Tribunales de Villa Mar\u00eda recuper\u00f3 parte de la normalidad luego de que la Polic\u00eda volviera a prestar servicio de seguridad en el edificio de calle General Paz, tras varios d\u00edas sin presencia de efectivos. La medida hab\u00eda generado preocupaci\u00f3n entre trabajadores y funcionarios judiciales, quienes hab\u00edan manifestado su malestar por la [&hellip;]<\/p>\n","protected":false},"author":4,"featured_media":115222,"comment_status":"open","ping_status":"open","sticky":false,"template":"","format":"standard","meta":{"site-sidebar-layout":"default","site-content-layout":"","ast-site-content-layout":"default","site-content-style":"default","site-sidebar-style":"default","ast-global-header-display":"","ast-banner-title-visibility":"","ast-main-header-display":"","ast-hfb-above-header-display":"","ast-hfb-below-header-display":"","ast-hfb-mobile-header-display":"","site-post-title":"","ast-breadcrumbs-content":"","ast-featured-img":"","footer-sml-layout":"","ast-disable-related-posts":"","theme-transparent-header-meta":"","adv-header-id-meta":"","stick-header-meta":"","header-above-stick-meta":"","header-main-stick-meta":"","header-below-stick-meta":"","astra-migrate-meta-layouts":"set","ast-page-background-enabled":"default","ast-page-background-meta":{"desktop":{"background-color":"","background-image":"","background-repeat":"repeat","background-position":"center center","background-size":"auto","background-attachment":"scroll","background-type":"","background-media":"","overlay-type":"","overlay-color":"","overlay-opacity":"","overlay-gradient":""},"tablet":{"background-color":"","background-image":"","background-repeat":"repeat","background-position":"center center","background-size":"auto","background-attachment":"scroll","background-type":"","background-media":"","overlay-type":"","overlay-color":"","overlay-opacity":"","overlay-gradient":""},"mobile":{"background-color":"","background-image":"","background-repeat":"repeat","background-position":"center center","background-size":"auto","background-attachment":"scroll","background-type":"","background-media":"","overlay-type":"","overlay-color":"","overlay-opacity":"","overlay-gradient":""}},"ast-content-background-meta":{"desktop":{"background-color":"var(--ast-global-color-5)","background-image":"","background-repeat":"repeat","background-position":"center center","background-size":"auto","background-attachment":"scroll","background-type":"","background-media":"","overlay-type":"","overlay-color":"","overlay-opacity":"","overlay-gradient":""},"tablet":{"background-color":"var(--ast-global-color-5)","background-image":"","background-repeat":"repeat","background-position":"center center","background-size":"auto","background-attachment":"scroll","background-type":"","background-media":"","overlay-type":"","overlay-color":"","overlay-opacity":"","overlay-gradient":""},"mobile":{"background-color":"var(--ast-global-color-5)","background-image":"","background-repeat":"repeat","background-position":"center center","background-size":"auto","background-attachment":"scroll","background-type":"","background-media":"","overlay-type":"","overlay-color":"","overlay-opacity":"","overlay-gradient":""}},"_jetpack_newsletter_access":"","_jetpack_dont_email_post_to_subs":false,"_jetpack_newsletter_tier_id":0,"_jetpack_memberships_contains_paywalled_content":false,"_jetpack_memberships_contains_paid_content":false,"_joinchat":[],"footnotes":""},"categories":[15302,2],"tags":[],"class_list":["post-118282","post","type-post","status-publish","format-standard","has-post-thumbnail","hentry","category-destacado","category-villa-maria"],"yoast_head":"<!-- This site is optimized with the Yoast SEO plugin v28.3 - https:\/\/yoast.com\/product\/yoast-seo-wordpress\/ -->\n<title>Tribunales recuper\u00f3 la seguridad y el conflicto salarial contin\u00faa - El Regional<\/title>\n<meta name=\"robots\" content=\"index, follow, max-snippet:-1, max-image-preview:large, max-video-preview:-1\" \/>\n<link rel=\"canonical\" href=\"https:\/\/elregionalvm.com.ar\/noticias-villa-maria\/tribunales-recupero-la-seguridad-y-el-conflicto-salarial-continua\/\" \/>\n<meta property=\"og:locale\" content=\"es_ES\" \/>\n<meta property=\"og:type\" content=\"article\" \/>\n<meta property=\"og:title\" content=\"Tribunales recuper\u00f3 la seguridad y el conflicto salarial contin\u00faa - El Regional\" \/>\n<meta property=\"og:description\" content=\"La actividad en los Tribunales de Villa Mar\u00eda recuper\u00f3 parte de la normalidad luego de que la Polic\u00eda volviera a prestar servicio de seguridad en el edificio de calle General Paz, tras varios d\u00edas sin presencia de efectivos. La medida hab\u00eda generado preocupaci\u00f3n entre trabajadores y funcionarios judiciales, quienes hab\u00edan manifestado su malestar por la [&hellip;]\" \/>\n<meta property=\"og:url\" content=\"https:\/\/elregionalvm.com.ar\/noticias-villa-maria\/tribunales-recupero-la-seguridad-y-el-conflicto-salarial-continua\/\" \/>\n<meta property=\"og:site_name\" content=\"El Regional\" \/>\n<meta property=\"article:publisher\" content=\"https:\/\/www.facebook.com\/elregionalvm\" \/>\n<meta property=\"article:published_time\" content=\"2026-08-31T12:48:49+00:00\" \/>\n<meta property=\"article:modified_time\" content=\"2026-08-31T12:48:50+00:00\" \/>\n<meta property=\"og:image\" content=\"https:\/\/elregionalvm.com.ar\/noticias-villa-maria\/wp-content\/uploads\/2026\/04\/TRIBUNALES.jpg\" \/>\n\t<meta property=\"og:image:width\" content=\"950\" \/>\n\t<meta property=\"og:image:height\" content=\"636\" \/>\n\t<meta property=\"og:image:type\" content=\"image\/jpeg\" \/>\n<meta name=\"author\" content=\"Contenidos El Regional\" \/>\n<meta name=\"twitter:card\" content=\"summary_large_image\" \/>\n<meta name=\"twitter:creator\" content=\"@elregionalvm1\" \/>\n<meta name=\"twitter:site\" content=\"@elregionalvm1\" \/>\n<meta name=\"twitter:label1\" content=\"Escrito por\" \/>\n\t<meta name=\"twitter:data1\" content=\"Contenidos El Regional\" \/>\n\t<meta name=\"twitter:label2\" content=\"Tiempo de lectura\" \/>\n\t<meta name=\"twitter:data2\" content=\"2 minutos\" \/>\n<script type=\"application\/ld+json\" class=\"yoast-schema-graph\">{\"@context\":\"https:\\\/\\\/schema.org\",\"@graph\":[{\"@type\":\"Article\",\"@id\":\"https:\\\/\\\/elregionalvm.com.ar\\\/noticias-villa-maria\\\/tribunales-recupero-la-seguridad-y-el-conflicto-salarial-continua\\\/#article\",\"isPartOf\":{\"@id\":\"https:\\\/\\\/elregionalvm.com.ar\\\/noticias-villa-maria\\\/tribunales-recupero-la-seguridad-y-el-conflicto-salarial-continua\\\/\"},\"author\":{\"name\":\"Contenidos El Regional\",\"@id\":\"http:\\\/\\\/elregionalvm.com.ar\\\/noticias-villa-maria\\\/#\\\/schema\\\/person\\\/a0fb9c422317faca23d50163151bc354\"},\"headline\":\"Tribunales recuper\u00f3 la seguridad y el conflicto salarial contin\u00faa\",\"datePublished\":\"2026-08-31T12:48:49+00:00\",\"dateModified\":\"2026-08-31T12:48:50+00:00\",\"mainEntityOfPage\":{\"@id\":\"https:\\\/\\\/elregionalvm.com.ar\\\/noticias-villa-maria\\\/tribunales-recupero-la-seguridad-y-el-conflicto-salarial-continua\\\/\"},\"wordCount\":326,\"commentCount\":0,\"image\":{\"@id\":\"https:\\\/\\\/elregionalvm.com.ar\\\/noticias-villa-maria\\\/tribunales-recupero-la-seguridad-y-el-conflicto-salarial-continua\\\/#primaryimage\"},\"thumbnailUrl\":\"https:\\\/\\\/i0.wp.com\\\/elregionalvm.com.ar\\\/noticias-villa-maria\\\/wp-content\\\/uploads\\\/2026\\\/04\\\/TRIBUNALES.jpg?fit=950%2C636&ssl=1\",\"articleSection\":[\"destacado\",\"Villa Mar\u00eda\"],\"inLanguage\":\"es\",\"potentialAction\":[{\"@type\":\"CommentAction\",\"name\":\"Comment\",\"target\":[\"https:\\\/\\\/elregionalvm.com.ar\\\/noticias-villa-maria\\\/tribunales-recupero-la-seguridad-y-el-conflicto-salarial-continua\\\/#respond\"]}]},{\"@type\":\"WebPage\",\"@id\":\"https:\\\/\\\/elregionalvm.com.ar\\\/noticias-villa-maria\\\/tribunales-recupero-la-seguridad-y-el-conflicto-salarial-continua\\\/\",\"url\":\"https:\\\/\\\/elregionalvm.com.ar\\\/noticias-villa-maria\\\/tribunales-recupero-la-seguridad-y-el-conflicto-salarial-continua\\\/\",\"name\":\"Tribunales recuper\u00f3 la seguridad y el conflicto salarial contin\u00faa - El Regional\",\"isPartOf\":{\"@id\":\"http:\\\/\\\/elregionalvm.com.ar\\\/noticias-villa-maria\\\/#website\"},\"primaryImageOfPage\":{\"@id\":\"https:\\\/\\\/elregionalvm.com.ar\\\/noticias-villa-maria\\\/tribunales-recupero-la-seguridad-y-el-conflicto-salarial-continua\\\/#primaryimage\"},\"image\":{\"@id\":\"https:\\\/\\\/elregionalvm.com.ar\\\/noticias-villa-maria\\\/tribunales-recupero-la-seguridad-y-el-conflicto-salarial-continua\\\/#primaryimage\"},\"thumbnailUrl\":\"https:\\\/\\\/i0.wp.com\\\/elregionalvm.com.ar\\\/noticias-villa-maria\\\/wp-content\\\/uploads\\\/2026\\\/04\\\/TRIBUNALES.jpg?fit=950%2C636&ssl=1\",\"datePublished\":\"2026-08-31T12:48:49+00:00\",\"dateModified\":\"2026-08-31T12:48:50+00:00\",\"author\":{\"@id\":\"http:\\\/\\\/elregionalvm.com.ar\\\/noticias-villa-maria\\\/#\\\/schema\\\/person\\\/a0fb9c422317faca23d50163151bc354\"},\"breadcrumb\":{\"@id\":\"https:\\\/\\\/elregionalvm.com.ar\\\/noticias-villa-maria\\\/tribunales-recupero-la-seguridad-y-el-conflicto-salarial-continua\\\/#breadcrumb\"},\"inLanguage\":\"es\",\"potentialAction\":[{\"@type\":\"ReadAction\",\"target\":[\"https:\\\/\\\/elregionalvm.com.ar\\\/noticias-villa-maria\\\/tribunales-recupero-la-seguridad-y-el-conflicto-salarial-continua\\\/\"]}]},{\"@type\":\"ImageObject\",\"inLanguage\":\"es\",\"@id\":\"https:\\\/\\\/elregionalvm.com.ar\\\/noticias-villa-maria\\\/tribunales-recupero-la-seguridad-y-el-conflicto-salarial-continua\\\/#primaryimage\",\"url\":\"https:\\\/\\\/i0.wp.com\\\/elregionalvm.com.ar\\\/noticias-villa-maria\\\/wp-content\\\/uploads\\\/2026\\\/04\\\/TRIBUNALES.jpg?fit=950%2C636&ssl=1\",\"contentUrl\":\"https:\\\/\\\/i0.wp.com\\\/elregionalvm.com.ar\\\/noticias-villa-maria\\\/wp-content\\\/uploads\\\/2026\\\/04\\\/TRIBUNALES.jpg?fit=950%2C636&ssl=1\",\"width\":950,\"height\":636},{\"@type\":\"BreadcrumbList\",\"@id\":\"https:\\\/\\\/elregionalvm.com.ar\\\/noticias-villa-maria\\\/tribunales-recupero-la-seguridad-y-el-conflicto-salarial-continua\\\/#breadcrumb\",\"itemListElement\":[{\"@type\":\"ListItem\",\"position\":1,\"name\":\"Portada\",\"item\":\"https:\\\/\\\/elregionalvm.com.ar\\\/noticias-villa-maria\\\/\"},{\"@type\":\"ListItem\",\"position\":2,\"name\":\"Tribunales recuper\u00f3 la seguridad y el conflicto salarial contin\u00faa\"}]},{\"@type\":\"WebSite\",\"@id\":\"http:\\\/\\\/elregionalvm.com.ar\\\/noticias-villa-maria\\\/#website\",\"url\":\"http:\\\/\\\/elregionalvm.com.ar\\\/noticias-villa-maria\\\/\",\"name\":\"El Regional\",\"description\":\"Mucho m\u00e1s que informaci\u00f3n\",\"potentialAction\":[{\"@type\":\"SearchAction\",\"target\":{\"@type\":\"EntryPoint\",\"urlTemplate\":\"http:\\\/\\\/elregionalvm.com.ar\\\/noticias-villa-maria\\\/?s={search_term_string}\"},\"query-input\":{\"@type\":\"PropertyValueSpecification\",\"valueRequired\":true,\"valueName\":\"search_term_string\"}}],\"inLanguage\":\"es\"},{\"@type\":\"Person\",\"@id\":\"http:\\\/\\\/elregionalvm.com.ar\\\/noticias-villa-maria\\\/#\\\/schema\\\/person\\\/a0fb9c422317faca23d50163151bc354\",\"name\":\"Contenidos El Regional\",\"image\":{\"@type\":\"ImageObject\",\"inLanguage\":\"es\",\"@id\":\"https:\\\/\\\/secure.gravatar.com\\\/avatar\\\/265b27cb2209af7bb3a1318f03305787d7981a5cc6e6cd08fe5a4ecdf99d4b48?s=96&d=mm&r=g\",\"url\":\"https:\\\/\\\/secure.gravatar.com\\\/avatar\\\/265b27cb2209af7bb3a1318f03305787d7981a5cc6e6cd08fe5a4ecdf99d4b48?s=96&d=mm&r=g\",\"contentUrl\":\"https:\\\/\\\/secure.gravatar.com\\\/avatar\\\/265b27cb2209af7bb3a1318f03305787d7981a5cc6e6cd08fe5a4ecdf99d4b48?s=96&d=mm&r=g\",\"caption\":\"Contenidos El Regional\"},\"url\":\"https:\\\/\\\/elregionalvm.com.ar\\\/noticias-villa-maria\\\/author\\\/contenido\\\/\"}]}<\/script>\n<!-- \/ Yoast SEO plugin. -->","yoast_head_json":{"title":"Tribunales recuper\u00f3 la seguridad y el conflicto salarial contin\u00faa - El Regional","robots":{"index":"index","follow":"follow","max-snippet":"max-snippet:-1","max-image-preview":"max-image-preview:large","max-video-preview":"max-video-preview:-1"},"canonical":"https:\/\/elregionalvm.com.ar\/noticias-villa-maria\/tribunales-recupero-la-seguridad-y-el-conflicto-salarial-continua\/","og_locale":"es_ES","og_type":"article","og_title":"Tribunales recuper\u00f3 la seguridad y el conflicto salarial contin\u00faa - El Regional","og_description":"La actividad en los Tribunales de Villa Mar\u00eda recuper\u00f3 parte de la normalidad luego de que la Polic\u00eda volviera a prestar servicio de seguridad en el edificio de calle General Paz, tras varios d\u00edas sin presencia de efectivos. La medida hab\u00eda generado preocupaci\u00f3n entre trabajadores y funcionarios judiciales, quienes hab\u00edan manifestado su malestar por la [&hellip;]","og_url":"https:\/\/elregionalvm.com.ar\/noticias-villa-maria\/tribunales-recupero-la-seguridad-y-el-conflicto-salarial-continua\/","og_site_name":"El Regional","article_publisher":"https:\/\/www.facebook.com\/elregionalvm","article_published_time":"2026-08-31T12:48:49+00:00","article_modified_time":"2026-08-31T12:48:50+00:00","og_image":[{"width":950,"height":636,"url":"https:\/\/elregionalvm.com.ar\/noticias-villa-maria\/wp-content\/uploads\/2026\/04\/TRIBUNALES.jpg","type":"image\/jpeg"}],"author":"Contenidos El Regional","twitter_card":"summary_large_image","twitter_creator":"@elregionalvm1","twitter_site":"@elregionalvm1","twitter_misc":{"Escrito por":"Contenidos El Regional","Tiempo de lectura":"2 minutos"},"schema":{"@context":"https:\/\/schema.org","@graph":[{"@type":"Article","@id":"https:\/\/elregionalvm.com.ar\/noticias-villa-maria\/tribunales-recupero-la-seguridad-y-el-conflicto-salarial-continua\/#article","isPartOf":{"@id":"https:\/\/elregionalvm.com.ar\/noticias-villa-maria\/tribunales-recupero-la-seguridad-y-el-conflicto-salarial-continua\/"},"author":{"name":"Contenidos El Regional","@id":"http:\/\/elregionalvm.com.ar\/noticias-villa-maria\/#\/schema\/person\/a0fb9c422317faca23d50163151bc354"},"headline":"Tribunales recuper\u00f3 la seguridad y el conflicto salarial contin\u00faa","datePublished":"2026-08-31T12:48:49+00:00","dateModified":"2026-08-31T12:48:50+00:00","mainEntityOfPage":{"@id":"https:\/\/elregionalvm.com.ar\/noticias-villa-maria\/tribunales-recupero-la-seguridad-y-el-conflicto-salarial-continua\/"},"wordCount":326,"commentCount":0,"image":{"@id":"https:\/\/elregionalvm.com.ar\/noticias-villa-maria\/tribunales-recupero-la-seguridad-y-el-conflicto-salarial-continua\/#primaryimage"},"thumbnailUrl":"https:\/\/i0.wp.com\/elregionalvm.com.ar\/noticias-villa-maria\/wp-content\/uploads\/2026\/04\/TRIBUNALES.jpg?fit=950%2C636&ssl=1","articleSection":["destacado","Villa Mar\u00eda"],"inLanguage":"es","potentialAction":[{"@type":"CommentAction","name":"Comment","target":["https:\/\/elregionalvm.com.ar\/noticias-villa-maria\/tribunales-recupero-la-seguridad-y-el-conflicto-salarial-continua\/#respond"]}]},{"@type":"WebPage","@id":"https:\/\/elregionalvm.com.ar\/noticias-villa-maria\/tribunales-recupero-la-seguridad-y-el-conflicto-salarial-continua\/","url":"https:\/\/elregionalvm.com.ar\/noticias-villa-maria\/tribunales-recupero-la-seguridad-y-el-conflicto-salarial-continua\/","name":"Tribunales recuper\u00f3 la seguridad y el conflicto salarial contin\u00faa - El Regional","isPartOf":{"@id":"http:\/\/elregionalvm.com.ar\/noticias-villa-maria\/#website"},"primaryImageOfPage":{"@id":"https:\/\/elregionalvm.com.ar\/noticias-villa-maria\/tribunales-recupero-la-seguridad-y-el-conflicto-salarial-continua\/#primaryimage"},"image":{"@id":"https:\/\/elregionalvm.com.ar\/noticias-villa-maria\/tribunales-recupero-la-seguridad-y-el-conflicto-salarial-continua\/#primaryimage"},"thumbnailUrl":"https:\/\/i0.wp.com\/elregionalvm.com.ar\/noticias-villa-maria\/wp-content\/uploads\/2026\/04\/TRIBUNALES.jpg?fit=950%2C636&ssl=1","datePublished":"2026-08-31T12:48:49+00:00","dateModified":"2026-08-31T12:48:50+00:00","author":{"@id":"http:\/\/elregionalvm.com.ar\/noticias-villa-maria\/#\/schema\/person\/a0fb9c422317faca23d50163151bc354"},"breadcrumb":{"@id":"https:\/\/elregionalvm.com.ar\/noticias-villa-maria\/tribunales-recupero-la-seguridad-y-el-conflicto-salarial-continua\/#breadcrumb"},"inLanguage":"es","potentialAction":[{"@type":"ReadAction","target":["https:\/\/elregionalvm.com.ar\/noticias-villa-maria\/tribunales-recupero-la-seguridad-y-el-conflicto-salarial-continua\/"]}]},{"@type":"ImageObject","inLanguage":"es","@id":"https:\/\/elregionalvm.com.ar\/noticias-villa-maria\/tribunales-recupero-la-seguridad-y-el-conflicto-salarial-continua\/#primaryimage","url":"https:\/\/i0.wp.com\/elregionalvm.com.ar\/noticias-villa-maria\/wp-content\/uploads\/2026\/04\/TRIBUNALES.jpg?fit=950%2C636&ssl=1","contentUrl":"https:\/\/i0.wp.com\/elregionalvm.com.ar\/noticias-villa-maria\/wp-content\/uploads\/2026\/04\/TRIBUNALES.jpg?fit=950%2C636&ssl=1","width":950,"height":636},{"@type":"BreadcrumbList","@id":"https:\/\/elregionalvm.com.ar\/noticias-villa-maria\/tribunales-recupero-la-seguridad-y-el-conflicto-salarial-continua\/#breadcrumb","itemListElement":[{"@type":"ListItem","position":1,"name":"Portada","item":"https:\/\/elregionalvm.com.ar\/noticias-villa-maria\/"},{"@type":"ListItem","position":2,"name":"Tribunales recuper\u00f3 la seguridad y el conflicto salarial contin\u00faa"}]},{"@type":"WebSite","@id":"http:\/\/elregionalvm.com.ar\/noticias-villa-maria\/#website","url":"http:\/\/elregionalvm.com.ar\/noticias-villa-maria\/","name":"El Regional","description":"Mucho m\u00e1s que informaci\u00f3n","potentialAction":[{"@type":"SearchAction","target":{"@type":"EntryPoint","urlTemplate":"http:\/\/elregionalvm.com.ar\/noticias-villa-maria\/?s={search_term_string}"},"query-input":{"@type":"PropertyValueSpecification","valueRequired":true,"valueName":"search_term_string"}}],"inLanguage":"es"},{"@type":"Person","@id":"http:\/\/elregionalvm.com.ar\/noticias-villa-maria\/#\/schema\/person\/a0fb9c422317faca23d50163151bc354","name":"Contenidos El Regional","image":{"@type":"ImageObject","inLanguage":"es","@id":"https:\/\/secure.gravatar.com\/avatar\/265b27cb2209af7bb3a1318f03305787d7981a5cc6e6cd08fe5a4ecdf99d4b48?s=96&d=mm&r=g","url":"https:\/\/secure.gravatar.com\/avatar\/265b27cb2209af7bb3a1318f03305787d7981a5cc6e6cd08fe5a4ecdf99d4b48?s=96&d=mm&r=g","contentUrl":"https:\/\/secure.gravatar.com\/avatar\/265b27cb2209af7bb3a1318f03305787d7981a5cc6e6cd08fe5a4ecdf99d4b48?s=96&d=mm&r=g","caption":"Contenidos El Regional"},"url":"https:\/\/elregionalvm.com.ar\/noticias-villa-maria\/author\/contenido\/"}]}},"jetpack_sharing_enabled":true,"jetpack_featured_media_url":"https:\/\/i0.wp.com\/elregionalvm.com.ar\/noticias-villa-maria\/wp-content\/uploads\/2026\/04\/TRIBUNALES.jpg?fit=950%2C636&ssl=1","_links":{"self":[{"href":"https:\/\/elregionalvm.com.ar\/noticias-villa-maria\/wp-json\/wp\/v2\/posts\/118282","targetHints":{"allow":["GET"]}}],"collection":[{"href":"https:\/\/elregionalvm.com.ar\/noticias-villa-maria\/wp-json\/wp\/v2\/posts"}],"about":[{"href":"https:\/\/elregionalvm.com.ar\/noticias-villa-maria\/wp-json\/wp\/v2\/types\/post"}],"author":[{"embeddable":true,"href":"https:\/\/elregionalvm.com.ar\/noticias-villa-maria\/wp-json\/wp\/v2\/users\/4"}],"replies":[{"embeddable":true,"href":"https:\/\/elregionalvm.com.ar\/noticias-villa-maria\/wp-json\/wp\/v2\/comments?post=118282"}],"version-history":[{"count":1,"href":"https:\/\/elregionalvm.com.ar\/noticias-villa-maria\/wp-json\/wp\/v2\/posts\/118282\/revisions"}],"predecessor-version":[{"id":118283,"href":"https:\/\/elregionalvm.com.ar\/noticias-villa-maria\/wp-json\/wp\/v2\/posts\/118282\/revisions\/118283"}],"wp:featuredmedia":[{"embeddable":true,"href":"https:\/\/elregionalvm.com.ar\/noticias-villa-maria\/wp-json\/wp\/v2\/media\/115222"}],"wp:attachment":[{"href":"https:\/\/elregionalvm.com.ar\/noticias-villa-maria\/wp-json\/wp\/v2\/media?parent=118282"}],"wp:term":[{"taxonomy":"category","embeddable":true,"href":"https:\/\/elregionalvm.com.ar\/noticias-villa-maria\/wp-json\/wp\/v2\/categories?post=118282"},{"taxonomy":"post_tag","embeddable":true,"href":"https:\/\/elregionalvm.com.ar\/noticias-villa-maria\/wp-json\/wp\/v2\/tags?post=118282"}],"curies":[{"name":"wp","href":"https:\/\/api.w.org\/{rel}","templated":true}]}}