{"id":118316,"date":"2026-09-01T17:00:00","date_gmt":"2026-09-01T17:00:00","guid":{"rendered":"https:\/\/elregionalvm.com.ar\/noticias-villa-maria\/?p=118316"},"modified":"2026-09-01T17:01:22","modified_gmt":"2026-09-01T17:01:22","slug":"mejoras-edilicias-para-cuatro-escuelas-del-interior-de-cordoba","status":"publish","type":"post","link":"https:\/\/elregionalvm.com.ar\/noticias-villa-maria\/mejoras-edilicias-para-cuatro-escuelas-del-interior-de-cordoba\/","title":{"rendered":"Mejoras edilicias para cuatro escuelas del interior"},"content":{"rendered":"\n<h2 class=\"wp-block-heading\">Las obras se realizar\u00e1n en establecimientos de Saira, La Palestina, Balnearia y Matorrales. Los trabajos incluyen reparaciones de techos, sanitarios y otros sectores de los edificios.<\/h2>\n\n\n\n<p class=\"wp-block-paragraph\"><\/p>\n\n\n\n<p class=\"wp-block-paragraph\">El Gobierno de C\u00f3rdoba<strong> otorg\u00f3 anticipos financieros por un total de $217.532.462,71 para avanzar con obras de infraestructura <\/strong>en cuatro establecimientos educativos del interior provincial.<\/p>\n\n\n\n<p class=\"wp-block-paragraph\">Las intervenciones se enmarcan en el programa Habitar la Escuela y alcanzar\u00e1n a instituciones de Saira, La Palestina, Balnearia y Matorrales, con trabajos destinados a solucionar distintas necesidades edilicias.<\/p>\n\n\n\n<p class=\"wp-block-paragraph\"><strong>En Saira, se ejecutar\u00e1 una nueva cubierta de chapa en el Instituto Agrot\u00e9cnico \u201cManuel Belgrano\u201d.<\/strong> La obra cuenta con un presupuesto de $74.995.146,93, de los cuales ya se entregaron $38.625.875,89 como anticipo.<\/p>\n\n\n\n<p class=\"wp-block-paragraph\">E<strong>n La Palestina, la Escuela \u201cComandante Luis Piedrabuena\u201d<\/strong> ser\u00e1 sometida a una refuncionalizaci\u00f3n integral de sus ba\u00f1os. Para estos trabajos se destin\u00f3 un financiamiento de $47.798.336,65, con un anticipo de $24.924.876,02.<\/p>\n\n\n\n<p class=\"wp-block-paragraph\">Por otra parte, el <strong>I.P.E.T. y M. N.\u00b0 261 \u201cSan Jos\u00e9 \u2013 Anexo Frontera Norte\u201d, de Balnearia, <\/strong>recibir\u00e1 una inversi\u00f3n de $52.033.255,84 para reparar e impermeabilizar la cubierta del edificio. En este caso, el anticipo fue de $25.754.558,53.<\/p>\n\n\n\n<p class=\"wp-block-paragraph\">Finalmente,<strong> en Matorrales, la Escuela \u201cDomingo Faustino Sarmiento\u201d <\/strong>contar\u00e1 con $42.705.723,29 para trabajos de impermeabilizaci\u00f3n de la cubierta y reparaci\u00f3n de muros. El primer desembolso alcanza los $21.137.774,09.<\/p>\n\n\n\n<p class=\"wp-block-paragraph\">Desde el Ministerio de Educaci\u00f3n se\u00f1alaron que estas obras buscan mejorar las condiciones edilicias de los establecimientos y generar espacios m\u00e1s adecuados para estudiantes y docentes.<\/p>\n\n\n\n<p class=\"wp-block-paragraph\">El ministro de Educaci\u00f3n, Horacio Ferreyra, destac\u00f3<strong> la importancia de sostener el mantenimiento y la mejora de las escuelas,<\/strong> mientras que los intendentes de Balnearia y Saira valoraron el acompa\u00f1amiento provincial para concretar obras consideradas necesarias por las comunidades educativas.<\/p>\n\n\n\n<p class=\"wp-block-paragraph\">A trav\u00e9s de Habitar la Escuela, la Provincia prev\u00e9 continuar con intervenciones en distintos establecimientos educativos mediante el trabajo conjunto con municipios y comunas.<\/p>\n","protected":false},"excerpt":{"rendered":"<p>Las obras se realizar\u00e1n en establecimientos de Saira, La Palestina, Balnearia y Matorrales. Los trabajos incluyen reparaciones de techos, sanitarios y otros sectores de los edificios. El Gobierno de C\u00f3rdoba otorg\u00f3 anticipos financieros por un total de $217.532.462,71 para avanzar con obras de infraestructura en cuatro establecimientos educativos del interior provincial. Las intervenciones se enmarcan [&hellip;]<\/p>\n","protected":false},"author":4,"featured_media":118317,"comment_status":"open","ping_status":"open","sticky":false,"template":"","format":"standard","meta":{"site-sidebar-layout":"default","site-content-layout":"","ast-site-content-layout":"default","site-content-style":"default","site-sidebar-style":"default","ast-global-header-display":"","ast-banner-title-visibility":"","ast-main-header-display":"","ast-hfb-above-header-display":"","ast-hfb-below-header-display":"","ast-hfb-mobile-header-display":"","site-post-title":"","ast-breadcrumbs-content":"","ast-featured-img":"","footer-sml-layout":"","ast-disable-related-posts":"","theme-transparent-header-meta":"","adv-header-id-meta":"","stick-header-meta":"","header-above-stick-meta":"","header-main-stick-meta":"","header-below-stick-meta":"","astra-migrate-meta-layouts":"set","ast-page-background-enabled":"default","ast-page-background-meta":{"desktop":{"background-color":"","background-image":"","background-repeat":"repeat","background-position":"center center","background-size":"auto","background-attachment":"scroll","background-type":"","background-media":"","overlay-type":"","overlay-color":"","overlay-opacity":"","overlay-gradient":""},"tablet":{"background-color":"","background-image":"","background-repeat":"repeat","background-position":"center center","background-size":"auto","background-attachment":"scroll","background-type":"","background-media":"","overlay-type":"","overlay-color":"","overlay-opacity":"","overlay-gradient":""},"mobile":{"background-color":"","background-image":"","background-repeat":"repeat","background-position":"center center","background-size":"auto","background-attachment":"scroll","background-type":"","background-media":"","overlay-type":"","overlay-color":"","overlay-opacity":"","overlay-gradient":""}},"ast-content-background-meta":{"desktop":{"background-color":"var(--ast-global-color-5)","background-image":"","background-repeat":"repeat","background-position":"center center","background-size":"auto","background-attachment":"scroll","background-type":"","background-media":"","overlay-type":"","overlay-color":"","overlay-opacity":"","overlay-gradient":""},"tablet":{"background-color":"var(--ast-global-color-5)","background-image":"","background-repeat":"repeat","background-position":"center center","background-size":"auto","background-attachment":"scroll","background-type":"","background-media":"","overlay-type":"","overlay-color":"","overlay-opacity":"","overlay-gradient":""},"mobile":{"background-color":"var(--ast-global-color-5)","background-image":"","background-repeat":"repeat","background-position":"center center","background-size":"auto","background-attachment":"scroll","background-type":"","background-media":"","overlay-type":"","overlay-color":"","overlay-opacity":"","overlay-gradient":""}},"_jetpack_newsletter_access":"","_jetpack_dont_email_post_to_subs":false,"_jetpack_newsletter_tier_id":0,"_jetpack_memberships_contains_paywalled_content":false,"_jetpack_memberships_contains_paid_content":false,"_joinchat":[],"footnotes":""},"categories":[15302,16095],"tags":[],"class_list":["post-118316","post","type-post","status-publish","format-standard","has-post-thumbnail","hentry","category-destacado","category-provinciales"],"yoast_head":"<!-- This site is optimized with the Yoast SEO plugin v28.3 - https:\/\/yoast.com\/product\/yoast-seo-wordpress\/ -->\n<title>Mejoras edilicias para cuatro escuelas del interior - El Regional<\/title>\n<meta name=\"robots\" content=\"index, follow, max-snippet:-1, max-image-preview:large, max-video-preview:-1\" \/>\n<link rel=\"canonical\" href=\"https:\/\/elregionalvm.com.ar\/noticias-villa-maria\/mejoras-edilicias-para-cuatro-escuelas-del-interior-de-cordoba\/\" \/>\n<meta property=\"og:locale\" content=\"es_ES\" \/>\n<meta property=\"og:type\" content=\"article\" \/>\n<meta property=\"og:title\" content=\"Mejoras edilicias para cuatro escuelas del interior - El Regional\" \/>\n<meta property=\"og:description\" content=\"Las obras se realizar\u00e1n en establecimientos de Saira, La Palestina, Balnearia y Matorrales. Los trabajos incluyen reparaciones de techos, sanitarios y otros sectores de los edificios. El Gobierno de C\u00f3rdoba otorg\u00f3 anticipos financieros por un total de $217.532.462,71 para avanzar con obras de infraestructura en cuatro establecimientos educativos del interior provincial. Las intervenciones se enmarcan [&hellip;]\" \/>\n<meta property=\"og:url\" content=\"https:\/\/elregionalvm.com.ar\/noticias-villa-maria\/mejoras-edilicias-para-cuatro-escuelas-del-interior-de-cordoba\/\" \/>\n<meta property=\"og:site_name\" content=\"El Regional\" \/>\n<meta property=\"article:publisher\" content=\"https:\/\/www.facebook.com\/elregionalvm\" \/>\n<meta property=\"article:published_time\" content=\"2026-09-01T17:00:00+00:00\" \/>\n<meta property=\"article:modified_time\" content=\"2026-09-01T17:01:22+00:00\" \/>\n<meta property=\"og:image\" content=\"https:\/\/elregionalvm.com.ar\/noticias-villa-maria\/wp-content\/uploads\/2026\/09\/Habitar-la-Escuela.jpg\" \/>\n\t<meta property=\"og:image:width\" content=\"850\" \/>\n\t<meta property=\"og:image:height\" content=\"550\" \/>\n\t<meta property=\"og:image:type\" content=\"image\/jpeg\" \/>\n<meta name=\"author\" content=\"Contenidos El Regional\" \/>\n<meta name=\"twitter:card\" content=\"summary_large_image\" \/>\n<meta name=\"twitter:creator\" content=\"@elregionalvm1\" \/>\n<meta name=\"twitter:site\" content=\"@elregionalvm1\" \/>\n<meta name=\"twitter:label1\" content=\"Escrito por\" \/>\n\t<meta name=\"twitter:data1\" content=\"Contenidos El Regional\" \/>\n\t<meta name=\"twitter:label2\" content=\"Tiempo de lectura\" \/>\n\t<meta name=\"twitter:data2\" content=\"2 minutos\" \/>\n<script type=\"application\/ld+json\" class=\"yoast-schema-graph\">{\"@context\":\"https:\\\/\\\/schema.org\",\"@graph\":[{\"@type\":\"Article\",\"@id\":\"https:\\\/\\\/elregionalvm.com.ar\\\/noticias-villa-maria\\\/mejoras-edilicias-para-cuatro-escuelas-del-interior-de-cordoba\\\/#article\",\"isPartOf\":{\"@id\":\"https:\\\/\\\/elregionalvm.com.ar\\\/noticias-villa-maria\\\/mejoras-edilicias-para-cuatro-escuelas-del-interior-de-cordoba\\\/\"},\"author\":{\"name\":\"Contenidos El Regional\",\"@id\":\"http:\\\/\\\/elregionalvm.com.ar\\\/noticias-villa-maria\\\/#\\\/schema\\\/person\\\/a0fb9c422317faca23d50163151bc354\"},\"headline\":\"Mejoras edilicias para cuatro escuelas del interior\",\"datePublished\":\"2026-09-01T17:00:00+00:00\",\"dateModified\":\"2026-09-01T17:01:22+00:00\",\"mainEntityOfPage\":{\"@id\":\"https:\\\/\\\/elregionalvm.com.ar\\\/noticias-villa-maria\\\/mejoras-edilicias-para-cuatro-escuelas-del-interior-de-cordoba\\\/\"},\"wordCount\":313,\"commentCount\":0,\"image\":{\"@id\":\"https:\\\/\\\/elregionalvm.com.ar\\\/noticias-villa-maria\\\/mejoras-edilicias-para-cuatro-escuelas-del-interior-de-cordoba\\\/#primaryimage\"},\"thumbnailUrl\":\"https:\\\/\\\/i0.wp.com\\\/elregionalvm.com.ar\\\/noticias-villa-maria\\\/wp-content\\\/uploads\\\/2026\\\/09\\\/Habitar-la-Escuela.jpg?fit=850%2C550&ssl=1\",\"articleSection\":[\"destacado\",\"Provinciales\"],\"inLanguage\":\"es\",\"potentialAction\":[{\"@type\":\"CommentAction\",\"name\":\"Comment\",\"target\":[\"https:\\\/\\\/elregionalvm.com.ar\\\/noticias-villa-maria\\\/mejoras-edilicias-para-cuatro-escuelas-del-interior-de-cordoba\\\/#respond\"]}]},{\"@type\":\"WebPage\",\"@id\":\"https:\\\/\\\/elregionalvm.com.ar\\\/noticias-villa-maria\\\/mejoras-edilicias-para-cuatro-escuelas-del-interior-de-cordoba\\\/\",\"url\":\"https:\\\/\\\/elregionalvm.com.ar\\\/noticias-villa-maria\\\/mejoras-edilicias-para-cuatro-escuelas-del-interior-de-cordoba\\\/\",\"name\":\"Mejoras edilicias para cuatro escuelas del interior - El Regional\",\"isPartOf\":{\"@id\":\"http:\\\/\\\/elregionalvm.com.ar\\\/noticias-villa-maria\\\/#website\"},\"primaryImageOfPage\":{\"@id\":\"https:\\\/\\\/elregionalvm.com.ar\\\/noticias-villa-maria\\\/mejoras-edilicias-para-cuatro-escuelas-del-interior-de-cordoba\\\/#primaryimage\"},\"image\":{\"@id\":\"https:\\\/\\\/elregionalvm.com.ar\\\/noticias-villa-maria\\\/mejoras-edilicias-para-cuatro-escuelas-del-interior-de-cordoba\\\/#primaryimage\"},\"thumbnailUrl\":\"https:\\\/\\\/i0.wp.com\\\/elregionalvm.com.ar\\\/noticias-villa-maria\\\/wp-content\\\/uploads\\\/2026\\\/09\\\/Habitar-la-Escuela.jpg?fit=850%2C550&ssl=1\",\"datePublished\":\"2026-09-01T17:00:00+00:00\",\"dateModified\":\"2026-09-01T17:01:22+00:00\",\"author\":{\"@id\":\"http:\\\/\\\/elregionalvm.com.ar\\\/noticias-villa-maria\\\/#\\\/schema\\\/person\\\/a0fb9c422317faca23d50163151bc354\"},\"breadcrumb\":{\"@id\":\"https:\\\/\\\/elregionalvm.com.ar\\\/noticias-villa-maria\\\/mejoras-edilicias-para-cuatro-escuelas-del-interior-de-cordoba\\\/#breadcrumb\"},\"inLanguage\":\"es\",\"potentialAction\":[{\"@type\":\"ReadAction\",\"target\":[\"https:\\\/\\\/elregionalvm.com.ar\\\/noticias-villa-maria\\\/mejoras-edilicias-para-cuatro-escuelas-del-interior-de-cordoba\\\/\"]}]},{\"@type\":\"ImageObject\",\"inLanguage\":\"es\",\"@id\":\"https:\\\/\\\/elregionalvm.com.ar\\\/noticias-villa-maria\\\/mejoras-edilicias-para-cuatro-escuelas-del-interior-de-cordoba\\\/#primaryimage\",\"url\":\"https:\\\/\\\/i0.wp.com\\\/elregionalvm.com.ar\\\/noticias-villa-maria\\\/wp-content\\\/uploads\\\/2026\\\/09\\\/Habitar-la-Escuela.jpg?fit=850%2C550&ssl=1\",\"contentUrl\":\"https:\\\/\\\/i0.wp.com\\\/elregionalvm.com.ar\\\/noticias-villa-maria\\\/wp-content\\\/uploads\\\/2026\\\/09\\\/Habitar-la-Escuela.jpg?fit=850%2C550&ssl=1\",\"width\":850,\"height\":550},{\"@type\":\"BreadcrumbList\",\"@id\":\"https:\\\/\\\/elregionalvm.com.ar\\\/noticias-villa-maria\\\/mejoras-edilicias-para-cuatro-escuelas-del-interior-de-cordoba\\\/#breadcrumb\",\"itemListElement\":[{\"@type\":\"ListItem\",\"position\":1,\"name\":\"Portada\",\"item\":\"https:\\\/\\\/elregionalvm.com.ar\\\/noticias-villa-maria\\\/\"},{\"@type\":\"ListItem\",\"position\":2,\"name\":\"Mejoras edilicias para cuatro escuelas del interior\"}]},{\"@type\":\"WebSite\",\"@id\":\"http:\\\/\\\/elregionalvm.com.ar\\\/noticias-villa-maria\\\/#website\",\"url\":\"http:\\\/\\\/elregionalvm.com.ar\\\/noticias-villa-maria\\\/\",\"name\":\"El Regional\",\"description\":\"Mucho m\u00e1s que informaci\u00f3n\",\"potentialAction\":[{\"@type\":\"SearchAction\",\"target\":{\"@type\":\"EntryPoint\",\"urlTemplate\":\"http:\\\/\\\/elregionalvm.com.ar\\\/noticias-villa-maria\\\/?s={search_term_string}\"},\"query-input\":{\"@type\":\"PropertyValueSpecification\",\"valueRequired\":true,\"valueName\":\"search_term_string\"}}],\"inLanguage\":\"es\"},{\"@type\":\"Person\",\"@id\":\"http:\\\/\\\/elregionalvm.com.ar\\\/noticias-villa-maria\\\/#\\\/schema\\\/person\\\/a0fb9c422317faca23d50163151bc354\",\"name\":\"Contenidos El Regional\",\"image\":{\"@type\":\"ImageObject\",\"inLanguage\":\"es\",\"@id\":\"https:\\\/\\\/secure.gravatar.com\\\/avatar\\\/265b27cb2209af7bb3a1318f03305787d7981a5cc6e6cd08fe5a4ecdf99d4b48?s=96&d=mm&r=g\",\"url\":\"https:\\\/\\\/secure.gravatar.com\\\/avatar\\\/265b27cb2209af7bb3a1318f03305787d7981a5cc6e6cd08fe5a4ecdf99d4b48?s=96&d=mm&r=g\",\"contentUrl\":\"https:\\\/\\\/secure.gravatar.com\\\/avatar\\\/265b27cb2209af7bb3a1318f03305787d7981a5cc6e6cd08fe5a4ecdf99d4b48?s=96&d=mm&r=g\",\"caption\":\"Contenidos El Regional\"},\"url\":\"https:\\\/\\\/elregionalvm.com.ar\\\/noticias-villa-maria\\\/author\\\/contenido\\\/\"}]}<\/script>\n<!-- \/ Yoast SEO plugin. -->","yoast_head_json":{"title":"Mejoras edilicias para cuatro escuelas del interior - El Regional","robots":{"index":"index","follow":"follow","max-snippet":"max-snippet:-1","max-image-preview":"max-image-preview:large","max-video-preview":"max-video-preview:-1"},"canonical":"https:\/\/elregionalvm.com.ar\/noticias-villa-maria\/mejoras-edilicias-para-cuatro-escuelas-del-interior-de-cordoba\/","og_locale":"es_ES","og_type":"article","og_title":"Mejoras edilicias para cuatro escuelas del interior - El Regional","og_description":"Las obras se realizar\u00e1n en establecimientos de Saira, La Palestina, Balnearia y Matorrales. Los trabajos incluyen reparaciones de techos, sanitarios y otros sectores de los edificios. El Gobierno de C\u00f3rdoba otorg\u00f3 anticipos financieros por un total de $217.532.462,71 para avanzar con obras de infraestructura en cuatro establecimientos educativos del interior provincial. Las intervenciones se enmarcan [&hellip;]","og_url":"https:\/\/elregionalvm.com.ar\/noticias-villa-maria\/mejoras-edilicias-para-cuatro-escuelas-del-interior-de-cordoba\/","og_site_name":"El Regional","article_publisher":"https:\/\/www.facebook.com\/elregionalvm","article_published_time":"2026-09-01T17:00:00+00:00","article_modified_time":"2026-09-01T17:01:22+00:00","og_image":[{"width":850,"height":550,"url":"https:\/\/elregionalvm.com.ar\/noticias-villa-maria\/wp-content\/uploads\/2026\/09\/Habitar-la-Escuela.jpg","type":"image\/jpeg"}],"author":"Contenidos El Regional","twitter_card":"summary_large_image","twitter_creator":"@elregionalvm1","twitter_site":"@elregionalvm1","twitter_misc":{"Escrito por":"Contenidos El Regional","Tiempo de lectura":"2 minutos"},"schema":{"@context":"https:\/\/schema.org","@graph":[{"@type":"Article","@id":"https:\/\/elregionalvm.com.ar\/noticias-villa-maria\/mejoras-edilicias-para-cuatro-escuelas-del-interior-de-cordoba\/#article","isPartOf":{"@id":"https:\/\/elregionalvm.com.ar\/noticias-villa-maria\/mejoras-edilicias-para-cuatro-escuelas-del-interior-de-cordoba\/"},"author":{"name":"Contenidos El Regional","@id":"http:\/\/elregionalvm.com.ar\/noticias-villa-maria\/#\/schema\/person\/a0fb9c422317faca23d50163151bc354"},"headline":"Mejoras edilicias para cuatro escuelas del interior","datePublished":"2026-09-01T17:00:00+00:00","dateModified":"2026-09-01T17:01:22+00:00","mainEntityOfPage":{"@id":"https:\/\/elregionalvm.com.ar\/noticias-villa-maria\/mejoras-edilicias-para-cuatro-escuelas-del-interior-de-cordoba\/"},"wordCount":313,"commentCount":0,"image":{"@id":"https:\/\/elregionalvm.com.ar\/noticias-villa-maria\/mejoras-edilicias-para-cuatro-escuelas-del-interior-de-cordoba\/#primaryimage"},"thumbnailUrl":"https:\/\/i0.wp.com\/elregionalvm.com.ar\/noticias-villa-maria\/wp-content\/uploads\/2026\/09\/Habitar-la-Escuela.jpg?fit=850%2C550&ssl=1","articleSection":["destacado","Provinciales"],"inLanguage":"es","potentialAction":[{"@type":"CommentAction","name":"Comment","target":["https:\/\/elregionalvm.com.ar\/noticias-villa-maria\/mejoras-edilicias-para-cuatro-escuelas-del-interior-de-cordoba\/#respond"]}]},{"@type":"WebPage","@id":"https:\/\/elregionalvm.com.ar\/noticias-villa-maria\/mejoras-edilicias-para-cuatro-escuelas-del-interior-de-cordoba\/","url":"https:\/\/elregionalvm.com.ar\/noticias-villa-maria\/mejoras-edilicias-para-cuatro-escuelas-del-interior-de-cordoba\/","name":"Mejoras edilicias para cuatro escuelas del interior - El Regional","isPartOf":{"@id":"http:\/\/elregionalvm.com.ar\/noticias-villa-maria\/#website"},"primaryImageOfPage":{"@id":"https:\/\/elregionalvm.com.ar\/noticias-villa-maria\/mejoras-edilicias-para-cuatro-escuelas-del-interior-de-cordoba\/#primaryimage"},"image":{"@id":"https:\/\/elregionalvm.com.ar\/noticias-villa-maria\/mejoras-edilicias-para-cuatro-escuelas-del-interior-de-cordoba\/#primaryimage"},"thumbnailUrl":"https:\/\/i0.wp.com\/elregionalvm.com.ar\/noticias-villa-maria\/wp-content\/uploads\/2026\/09\/Habitar-la-Escuela.jpg?fit=850%2C550&ssl=1","datePublished":"2026-09-01T17:00:00+00:00","dateModified":"2026-09-01T17:01:22+00:00","author":{"@id":"http:\/\/elregionalvm.com.ar\/noticias-villa-maria\/#\/schema\/person\/a0fb9c422317faca23d50163151bc354"},"breadcrumb":{"@id":"https:\/\/elregionalvm.com.ar\/noticias-villa-maria\/mejoras-edilicias-para-cuatro-escuelas-del-interior-de-cordoba\/#breadcrumb"},"inLanguage":"es","potentialAction":[{"@type":"ReadAction","target":["https:\/\/elregionalvm.com.ar\/noticias-villa-maria\/mejoras-edilicias-para-cuatro-escuelas-del-interior-de-cordoba\/"]}]},{"@type":"ImageObject","inLanguage":"es","@id":"https:\/\/elregionalvm.com.ar\/noticias-villa-maria\/mejoras-edilicias-para-cuatro-escuelas-del-interior-de-cordoba\/#primaryimage","url":"https:\/\/i0.wp.com\/elregionalvm.com.ar\/noticias-villa-maria\/wp-content\/uploads\/2026\/09\/Habitar-la-Escuela.jpg?fit=850%2C550&ssl=1","contentUrl":"https:\/\/i0.wp.com\/elregionalvm.com.ar\/noticias-villa-maria\/wp-content\/uploads\/2026\/09\/Habitar-la-Escuela.jpg?fit=850%2C550&ssl=1","width":850,"height":550},{"@type":"BreadcrumbList","@id":"https:\/\/elregionalvm.com.ar\/noticias-villa-maria\/mejoras-edilicias-para-cuatro-escuelas-del-interior-de-cordoba\/#breadcrumb","itemListElement":[{"@type":"ListItem","position":1,"name":"Portada","item":"https:\/\/elregionalvm.com.ar\/noticias-villa-maria\/"},{"@type":"ListItem","position":2,"name":"Mejoras edilicias para cuatro escuelas del interior"}]},{"@type":"WebSite","@id":"http:\/\/elregionalvm.com.ar\/noticias-villa-maria\/#website","url":"http:\/\/elregionalvm.com.ar\/noticias-villa-maria\/","name":"El Regional","description":"Mucho m\u00e1s que informaci\u00f3n","potentialAction":[{"@type":"SearchAction","target":{"@type":"EntryPoint","urlTemplate":"http:\/\/elregionalvm.com.ar\/noticias-villa-maria\/?s={search_term_string}"},"query-input":{"@type":"PropertyValueSpecification","valueRequired":true,"valueName":"search_term_string"}}],"inLanguage":"es"},{"@type":"Person","@id":"http:\/\/elregionalvm.com.ar\/noticias-villa-maria\/#\/schema\/person\/a0fb9c422317faca23d50163151bc354","name":"Contenidos El Regional","image":{"@type":"ImageObject","inLanguage":"es","@id":"https:\/\/secure.gravatar.com\/avatar\/265b27cb2209af7bb3a1318f03305787d7981a5cc6e6cd08fe5a4ecdf99d4b48?s=96&d=mm&r=g","url":"https:\/\/secure.gravatar.com\/avatar\/265b27cb2209af7bb3a1318f03305787d7981a5cc6e6cd08fe5a4ecdf99d4b48?s=96&d=mm&r=g","contentUrl":"https:\/\/secure.gravatar.com\/avatar\/265b27cb2209af7bb3a1318f03305787d7981a5cc6e6cd08fe5a4ecdf99d4b48?s=96&d=mm&r=g","caption":"Contenidos El Regional"},"url":"https:\/\/elregionalvm.com.ar\/noticias-villa-maria\/author\/contenido\/"}]}},"jetpack_sharing_enabled":true,"jetpack_featured_media_url":"https:\/\/i0.wp.com\/elregionalvm.com.ar\/noticias-villa-maria\/wp-content\/uploads\/2026\/09\/Habitar-la-Escuela.jpg?fit=850%2C550&ssl=1","_links":{"self":[{"href":"https:\/\/elregionalvm.com.ar\/noticias-villa-maria\/wp-json\/wp\/v2\/posts\/118316","targetHints":{"allow":["GET"]}}],"collection":[{"href":"https:\/\/elregionalvm.com.ar\/noticias-villa-maria\/wp-json\/wp\/v2\/posts"}],"about":[{"href":"https:\/\/elregionalvm.com.ar\/noticias-villa-maria\/wp-json\/wp\/v2\/types\/post"}],"author":[{"embeddable":true,"href":"https:\/\/elregionalvm.com.ar\/noticias-villa-maria\/wp-json\/wp\/v2\/users\/4"}],"replies":[{"embeddable":true,"href":"https:\/\/elregionalvm.com.ar\/noticias-villa-maria\/wp-json\/wp\/v2\/comments?post=118316"}],"version-history":[{"count":3,"href":"https:\/\/elregionalvm.com.ar\/noticias-villa-maria\/wp-json\/wp\/v2\/posts\/118316\/revisions"}],"predecessor-version":[{"id":118321,"href":"https:\/\/elregionalvm.com.ar\/noticias-villa-maria\/wp-json\/wp\/v2\/posts\/118316\/revisions\/118321"}],"wp:featuredmedia":[{"embeddable":true,"href":"https:\/\/elregionalvm.com.ar\/noticias-villa-maria\/wp-json\/wp\/v2\/media\/118317"}],"wp:attachment":[{"href":"https:\/\/elregionalvm.com.ar\/noticias-villa-maria\/wp-json\/wp\/v2\/media?parent=118316"}],"wp:term":[{"taxonomy":"category","embeddable":true,"href":"https:\/\/elregionalvm.com.ar\/noticias-villa-maria\/wp-json\/wp\/v2\/categories?post=118316"},{"taxonomy":"post_tag","embeddable":true,"href":"https:\/\/elregionalvm.com.ar\/noticias-villa-maria\/wp-json\/wp\/v2\/tags?post=118316"}],"curies":[{"name":"wp","href":"https:\/\/api.w.org\/{rel}","templated":true}]}}