{"id":118325,"date":"2026-09-01T17:08:46","date_gmt":"2026-09-01T17:08:46","guid":{"rendered":"https:\/\/elregionalvm.com.ar\/noticias-villa-maria\/?p=118325"},"modified":"2026-09-01T17:08:47","modified_gmt":"2026-09-01T17:08:47","slug":"messi-al-cine-campanella-conto-por-que-nunca-penso-en-llevar-su-historia-a-la-pantalla","status":"publish","type":"post","link":"https:\/\/elregionalvm.com.ar\/noticias-villa-maria\/messi-al-cine-campanella-conto-por-que-nunca-penso-en-llevar-su-historia-a-la-pantalla\/","title":{"rendered":"\u00bfMessi al cine? Campanella cont\u00f3 por qu\u00e9 nunca pens\u00f3 en llevar su historia a la pantalla"},"content":{"rendered":"\n<h2 class=\"wp-block-heading\">El reconocido director argentino se refiri\u00f3 al futuro del capit\u00e1n de la Selecci\u00f3n y explic\u00f3 qu\u00e9 piensa sobre llevar su historia al cine o a una serie.<\/h2>\n\n\n\n<p class=\"wp-block-paragraph\">Juan Jos\u00e9 Campanella habl\u00f3 sobre Lionel Messi durante una entrevista con Cadena 3 y se refiri\u00f3 tanto al retiro del futbolista de la Selecci\u00f3n argentina como a la posibilidad de llevar su vida a la pantalla.<\/p>\n\n\n\n<p class=\"wp-block-paragraph\">El director, que se encuentra presentando en C\u00f3rdoba la obra teatral <strong>\u201cEmpieza con D, siete letras\u201d<\/strong>, asegur\u00f3 que la despedida de Messi del seleccionado no lo tom\u00f3 por sorpresa. Seg\u00fan explic\u00f3, desde hace tiempo considera que el pr\u00f3ximo Mundial marcar\u00e1 el cierre de una etapa para el capit\u00e1n argentino.<\/p>\n\n\n\n<p class=\"wp-block-paragraph\">Campanella destac\u00f3 especialmente la manera de ser del futbolista y su comportamiento dentro y fuera de la cancha. Aunque reconoci\u00f3 que no es un gran conocedor del f\u00fatbol, se\u00f1al\u00f3 que tanto Messi como Diego Maradona consiguieron transmitirle una sensaci\u00f3n que va m\u00e1s all\u00e1 de lo deportivo.<\/p>\n\n\n\n<p class=\"wp-block-paragraph\">Tambi\u00e9n elogi\u00f3 al actual equipo de la Selecci\u00f3n y al trabajo de Lionel Scaloni, al considerar que el grupo logr\u00f3 convertirse en un ejemplo incluso en los momentos en que los resultados no fueron favorables.<\/p>\n\n\n\n<h3 class=\"wp-block-heading\">\u00bfUna pel\u00edcula sobre Messi?<\/h3>\n\n\n\n<p class=\"wp-block-paragraph\"><\/p>\n\n\n\n<p class=\"wp-block-paragraph\">Consultado sobre la posibilidad de contar la vida del rosarino a trav\u00e9s de una pel\u00edcula o una serie, Campanella fue contundente: <strong>la idea nunca se le ocurri\u00f3<\/strong>.<\/p>\n\n\n\n<p class=\"wp-block-paragraph\">El cineasta explic\u00f3 que una historia cinematogr\u00e1fica necesita conflictos que permitan construir una trama y, justamente, considera que una de las caracter\u00edsticas que m\u00e1s admira de Messi es su bajo perfil y la ausencia de grandes conflictos p\u00fablicos en su vida.<\/p>\n\n\n\n<p class=\"wp-block-paragraph\">\u201cLo que m\u00e1s admiro de Messi es que es un tipo sin conflicto\u201d, sostuvo.<\/p>\n\n\n\n<p class=\"wp-block-paragraph\">Para Campanella, esa particularidad hace que la vida del futbolista sea m\u00e1s dif\u00edcil de trasladar a una ficci\u00f3n tradicional, aunque eso no disminuye su admiraci\u00f3n por la figura del capit\u00e1n argentino.<\/p>\n\n\n\n<p class=\"wp-block-paragraph\">Mientras tanto, el director contin\u00faa con la presentaci\u00f3n de <strong>\u201cEmpieza con D, siete letras\u201d<\/strong>, comedia rom\u00e1ntica protagonizada por Eduardo Blanco y Victoria Almeida, que llegar\u00e1 este jueves 3 de septiembre al Teatro Verdi de Villa Mar\u00eda y tendr\u00e1 funciones en C\u00f3rdoba capital durante el fin de semana.<\/p>\n","protected":false},"excerpt":{"rendered":"<p>El reconocido director argentino se refiri\u00f3 al futuro del capit\u00e1n de la Selecci\u00f3n y explic\u00f3 qu\u00e9 piensa sobre llevar su historia al cine o a una serie. Juan Jos\u00e9 Campanella habl\u00f3 sobre Lionel Messi durante una entrevista con Cadena 3 y se refiri\u00f3 tanto al retiro del futbolista de la Selecci\u00f3n argentina como a la [&hellip;]<\/p>\n","protected":false},"author":4,"featured_media":118326,"comment_status":"open","ping_status":"open","sticky":false,"template":"","format":"standard","meta":{"site-sidebar-layout":"default","site-content-layout":"","ast-site-content-layout":"default","site-content-style":"default","site-sidebar-style":"default","ast-global-header-display":"","ast-banner-title-visibility":"","ast-main-header-display":"","ast-hfb-above-header-display":"","ast-hfb-below-header-display":"","ast-hfb-mobile-header-display":"","site-post-title":"","ast-breadcrumbs-content":"","ast-featured-img":"","footer-sml-layout":"","ast-disable-related-posts":"","theme-transparent-header-meta":"","adv-header-id-meta":"","stick-header-meta":"","header-above-stick-meta":"","header-main-stick-meta":"","header-below-stick-meta":"","astra-migrate-meta-layouts":"set","ast-page-background-enabled":"default","ast-page-background-meta":{"desktop":{"background-color":"","background-image":"","background-repeat":"repeat","background-position":"center center","background-size":"auto","background-attachment":"scroll","background-type":"","background-media":"","overlay-type":"","overlay-color":"","overlay-opacity":"","overlay-gradient":""},"tablet":{"background-color":"","background-image":"","background-repeat":"repeat","background-position":"center center","background-size":"auto","background-attachment":"scroll","background-type":"","background-media":"","overlay-type":"","overlay-color":"","overlay-opacity":"","overlay-gradient":""},"mobile":{"background-color":"","background-image":"","background-repeat":"repeat","background-position":"center center","background-size":"auto","background-attachment":"scroll","background-type":"","background-media":"","overlay-type":"","overlay-color":"","overlay-opacity":"","overlay-gradient":""}},"ast-content-background-meta":{"desktop":{"background-color":"var(--ast-global-color-5)","background-image":"","background-repeat":"repeat","background-position":"center center","background-size":"auto","background-attachment":"scroll","background-type":"","background-media":"","overlay-type":"","overlay-color":"","overlay-opacity":"","overlay-gradient":""},"tablet":{"background-color":"var(--ast-global-color-5)","background-image":"","background-repeat":"repeat","background-position":"center center","background-size":"auto","background-attachment":"scroll","background-type":"","background-media":"","overlay-type":"","overlay-color":"","overlay-opacity":"","overlay-gradient":""},"mobile":{"background-color":"var(--ast-global-color-5)","background-image":"","background-repeat":"repeat","background-position":"center center","background-size":"auto","background-attachment":"scroll","background-type":"","background-media":"","overlay-type":"","overlay-color":"","overlay-opacity":"","overlay-gradient":""}},"_jetpack_newsletter_access":"","_jetpack_dont_email_post_to_subs":false,"_jetpack_newsletter_tier_id":0,"_jetpack_memberships_contains_paywalled_content":false,"_jetpack_memberships_contains_paid_content":false,"_joinchat":[],"footnotes":""},"categories":[2068,15302,2],"tags":[],"class_list":["post-118325","post","type-post","status-publish","format-standard","has-post-thumbnail","hentry","category-cultura-deporte","category-destacado","category-villa-maria"],"yoast_head":"<!-- This site is optimized with the Yoast SEO plugin v28.3 - https:\/\/yoast.com\/product\/yoast-seo-wordpress\/ -->\n<title>\u00bfMessi al cine? Campanella cont\u00f3 por qu\u00e9 nunca pens\u00f3 en llevar su historia a la pantalla - El Regional<\/title>\n<meta name=\"robots\" content=\"index, follow, max-snippet:-1, max-image-preview:large, max-video-preview:-1\" \/>\n<link rel=\"canonical\" href=\"https:\/\/elregionalvm.com.ar\/noticias-villa-maria\/messi-al-cine-campanella-conto-por-que-nunca-penso-en-llevar-su-historia-a-la-pantalla\/\" \/>\n<meta property=\"og:locale\" content=\"es_ES\" \/>\n<meta property=\"og:type\" content=\"article\" \/>\n<meta property=\"og:title\" content=\"\u00bfMessi al cine? Campanella cont\u00f3 por qu\u00e9 nunca pens\u00f3 en llevar su historia a la pantalla - El Regional\" \/>\n<meta property=\"og:description\" content=\"El reconocido director argentino se refiri\u00f3 al futuro del capit\u00e1n de la Selecci\u00f3n y explic\u00f3 qu\u00e9 piensa sobre llevar su historia al cine o a una serie. Juan Jos\u00e9 Campanella habl\u00f3 sobre Lionel Messi durante una entrevista con Cadena 3 y se refiri\u00f3 tanto al retiro del futbolista de la Selecci\u00f3n argentina como a la [&hellip;]\" \/>\n<meta property=\"og:url\" content=\"https:\/\/elregionalvm.com.ar\/noticias-villa-maria\/messi-al-cine-campanella-conto-por-que-nunca-penso-en-llevar-su-historia-a-la-pantalla\/\" \/>\n<meta property=\"og:site_name\" content=\"El Regional\" \/>\n<meta property=\"article:publisher\" content=\"https:\/\/www.facebook.com\/elregionalvm\" \/>\n<meta property=\"article:published_time\" content=\"2026-09-01T17:08:46+00:00\" \/>\n<meta property=\"article:modified_time\" content=\"2026-09-01T17:08:47+00:00\" \/>\n<meta property=\"og:image\" content=\"https:\/\/elregionalvm.com.ar\/noticias-villa-maria\/wp-content\/uploads\/2026\/09\/Campanella.jpg\" \/>\n\t<meta property=\"og:image:width\" content=\"850\" \/>\n\t<meta property=\"og:image:height\" content=\"550\" \/>\n\t<meta property=\"og:image:type\" content=\"image\/jpeg\" \/>\n<meta name=\"author\" content=\"Contenidos El Regional\" \/>\n<meta name=\"twitter:card\" content=\"summary_large_image\" \/>\n<meta name=\"twitter:creator\" content=\"@elregionalvm1\" \/>\n<meta name=\"twitter:site\" content=\"@elregionalvm1\" \/>\n<meta name=\"twitter:label1\" content=\"Escrito por\" \/>\n\t<meta name=\"twitter:data1\" content=\"Contenidos El Regional\" \/>\n\t<meta name=\"twitter:label2\" content=\"Tiempo de lectura\" \/>\n\t<meta name=\"twitter:data2\" content=\"2 minutos\" \/>\n<script type=\"application\/ld+json\" class=\"yoast-schema-graph\">{\"@context\":\"https:\\\/\\\/schema.org\",\"@graph\":[{\"@type\":\"Article\",\"@id\":\"https:\\\/\\\/elregionalvm.com.ar\\\/noticias-villa-maria\\\/messi-al-cine-campanella-conto-por-que-nunca-penso-en-llevar-su-historia-a-la-pantalla\\\/#article\",\"isPartOf\":{\"@id\":\"https:\\\/\\\/elregionalvm.com.ar\\\/noticias-villa-maria\\\/messi-al-cine-campanella-conto-por-que-nunca-penso-en-llevar-su-historia-a-la-pantalla\\\/\"},\"author\":{\"name\":\"Contenidos El Regional\",\"@id\":\"http:\\\/\\\/elregionalvm.com.ar\\\/noticias-villa-maria\\\/#\\\/schema\\\/person\\\/a0fb9c422317faca23d50163151bc354\"},\"headline\":\"\u00bfMessi al cine? Campanella cont\u00f3 por qu\u00e9 nunca pens\u00f3 en llevar su historia a la pantalla\",\"datePublished\":\"2026-09-01T17:08:46+00:00\",\"dateModified\":\"2026-09-01T17:08:47+00:00\",\"mainEntityOfPage\":{\"@id\":\"https:\\\/\\\/elregionalvm.com.ar\\\/noticias-villa-maria\\\/messi-al-cine-campanella-conto-por-que-nunca-penso-en-llevar-su-historia-a-la-pantalla\\\/\"},\"wordCount\":402,\"commentCount\":0,\"image\":{\"@id\":\"https:\\\/\\\/elregionalvm.com.ar\\\/noticias-villa-maria\\\/messi-al-cine-campanella-conto-por-que-nunca-penso-en-llevar-su-historia-a-la-pantalla\\\/#primaryimage\"},\"thumbnailUrl\":\"https:\\\/\\\/i0.wp.com\\\/elregionalvm.com.ar\\\/noticias-villa-maria\\\/wp-content\\\/uploads\\\/2026\\\/09\\\/Campanella.jpg?fit=850%2C550&ssl=1\",\"articleSection\":[\"Cultura\",\"destacado\",\"Villa Mar\u00eda\"],\"inLanguage\":\"es\",\"potentialAction\":[{\"@type\":\"CommentAction\",\"name\":\"Comment\",\"target\":[\"https:\\\/\\\/elregionalvm.com.ar\\\/noticias-villa-maria\\\/messi-al-cine-campanella-conto-por-que-nunca-penso-en-llevar-su-historia-a-la-pantalla\\\/#respond\"]}]},{\"@type\":\"WebPage\",\"@id\":\"https:\\\/\\\/elregionalvm.com.ar\\\/noticias-villa-maria\\\/messi-al-cine-campanella-conto-por-que-nunca-penso-en-llevar-su-historia-a-la-pantalla\\\/\",\"url\":\"https:\\\/\\\/elregionalvm.com.ar\\\/noticias-villa-maria\\\/messi-al-cine-campanella-conto-por-que-nunca-penso-en-llevar-su-historia-a-la-pantalla\\\/\",\"name\":\"\u00bfMessi al cine? Campanella cont\u00f3 por qu\u00e9 nunca pens\u00f3 en llevar su historia a la pantalla - El Regional\",\"isPartOf\":{\"@id\":\"http:\\\/\\\/elregionalvm.com.ar\\\/noticias-villa-maria\\\/#website\"},\"primaryImageOfPage\":{\"@id\":\"https:\\\/\\\/elregionalvm.com.ar\\\/noticias-villa-maria\\\/messi-al-cine-campanella-conto-por-que-nunca-penso-en-llevar-su-historia-a-la-pantalla\\\/#primaryimage\"},\"image\":{\"@id\":\"https:\\\/\\\/elregionalvm.com.ar\\\/noticias-villa-maria\\\/messi-al-cine-campanella-conto-por-que-nunca-penso-en-llevar-su-historia-a-la-pantalla\\\/#primaryimage\"},\"thumbnailUrl\":\"https:\\\/\\\/i0.wp.com\\\/elregionalvm.com.ar\\\/noticias-villa-maria\\\/wp-content\\\/uploads\\\/2026\\\/09\\\/Campanella.jpg?fit=850%2C550&ssl=1\",\"datePublished\":\"2026-09-01T17:08:46+00:00\",\"dateModified\":\"2026-09-01T17:08:47+00:00\",\"author\":{\"@id\":\"http:\\\/\\\/elregionalvm.com.ar\\\/noticias-villa-maria\\\/#\\\/schema\\\/person\\\/a0fb9c422317faca23d50163151bc354\"},\"breadcrumb\":{\"@id\":\"https:\\\/\\\/elregionalvm.com.ar\\\/noticias-villa-maria\\\/messi-al-cine-campanella-conto-por-que-nunca-penso-en-llevar-su-historia-a-la-pantalla\\\/#breadcrumb\"},\"inLanguage\":\"es\",\"potentialAction\":[{\"@type\":\"ReadAction\",\"target\":[\"https:\\\/\\\/elregionalvm.com.ar\\\/noticias-villa-maria\\\/messi-al-cine-campanella-conto-por-que-nunca-penso-en-llevar-su-historia-a-la-pantalla\\\/\"]}]},{\"@type\":\"ImageObject\",\"inLanguage\":\"es\",\"@id\":\"https:\\\/\\\/elregionalvm.com.ar\\\/noticias-villa-maria\\\/messi-al-cine-campanella-conto-por-que-nunca-penso-en-llevar-su-historia-a-la-pantalla\\\/#primaryimage\",\"url\":\"https:\\\/\\\/i0.wp.com\\\/elregionalvm.com.ar\\\/noticias-villa-maria\\\/wp-content\\\/uploads\\\/2026\\\/09\\\/Campanella.jpg?fit=850%2C550&ssl=1\",\"contentUrl\":\"https:\\\/\\\/i0.wp.com\\\/elregionalvm.com.ar\\\/noticias-villa-maria\\\/wp-content\\\/uploads\\\/2026\\\/09\\\/Campanella.jpg?fit=850%2C550&ssl=1\",\"width\":850,\"height\":550},{\"@type\":\"BreadcrumbList\",\"@id\":\"https:\\\/\\\/elregionalvm.com.ar\\\/noticias-villa-maria\\\/messi-al-cine-campanella-conto-por-que-nunca-penso-en-llevar-su-historia-a-la-pantalla\\\/#breadcrumb\",\"itemListElement\":[{\"@type\":\"ListItem\",\"position\":1,\"name\":\"Portada\",\"item\":\"https:\\\/\\\/elregionalvm.com.ar\\\/noticias-villa-maria\\\/\"},{\"@type\":\"ListItem\",\"position\":2,\"name\":\"\u00bfMessi al cine? Campanella cont\u00f3 por qu\u00e9 nunca pens\u00f3 en llevar su historia a la pantalla\"}]},{\"@type\":\"WebSite\",\"@id\":\"http:\\\/\\\/elregionalvm.com.ar\\\/noticias-villa-maria\\\/#website\",\"url\":\"http:\\\/\\\/elregionalvm.com.ar\\\/noticias-villa-maria\\\/\",\"name\":\"El Regional\",\"description\":\"Mucho m\u00e1s que informaci\u00f3n\",\"potentialAction\":[{\"@type\":\"SearchAction\",\"target\":{\"@type\":\"EntryPoint\",\"urlTemplate\":\"http:\\\/\\\/elregionalvm.com.ar\\\/noticias-villa-maria\\\/?s={search_term_string}\"},\"query-input\":{\"@type\":\"PropertyValueSpecification\",\"valueRequired\":true,\"valueName\":\"search_term_string\"}}],\"inLanguage\":\"es\"},{\"@type\":\"Person\",\"@id\":\"http:\\\/\\\/elregionalvm.com.ar\\\/noticias-villa-maria\\\/#\\\/schema\\\/person\\\/a0fb9c422317faca23d50163151bc354\",\"name\":\"Contenidos El Regional\",\"image\":{\"@type\":\"ImageObject\",\"inLanguage\":\"es\",\"@id\":\"https:\\\/\\\/secure.gravatar.com\\\/avatar\\\/265b27cb2209af7bb3a1318f03305787d7981a5cc6e6cd08fe5a4ecdf99d4b48?s=96&d=mm&r=g\",\"url\":\"https:\\\/\\\/secure.gravatar.com\\\/avatar\\\/265b27cb2209af7bb3a1318f03305787d7981a5cc6e6cd08fe5a4ecdf99d4b48?s=96&d=mm&r=g\",\"contentUrl\":\"https:\\\/\\\/secure.gravatar.com\\\/avatar\\\/265b27cb2209af7bb3a1318f03305787d7981a5cc6e6cd08fe5a4ecdf99d4b48?s=96&d=mm&r=g\",\"caption\":\"Contenidos El Regional\"},\"url\":\"https:\\\/\\\/elregionalvm.com.ar\\\/noticias-villa-maria\\\/author\\\/contenido\\\/\"}]}<\/script>\n<!-- \/ Yoast SEO plugin. -->","yoast_head_json":{"title":"\u00bfMessi al cine? Campanella cont\u00f3 por qu\u00e9 nunca pens\u00f3 en llevar su historia a la pantalla - El Regional","robots":{"index":"index","follow":"follow","max-snippet":"max-snippet:-1","max-image-preview":"max-image-preview:large","max-video-preview":"max-video-preview:-1"},"canonical":"https:\/\/elregionalvm.com.ar\/noticias-villa-maria\/messi-al-cine-campanella-conto-por-que-nunca-penso-en-llevar-su-historia-a-la-pantalla\/","og_locale":"es_ES","og_type":"article","og_title":"\u00bfMessi al cine? Campanella cont\u00f3 por qu\u00e9 nunca pens\u00f3 en llevar su historia a la pantalla - El Regional","og_description":"El reconocido director argentino se refiri\u00f3 al futuro del capit\u00e1n de la Selecci\u00f3n y explic\u00f3 qu\u00e9 piensa sobre llevar su historia al cine o a una serie. Juan Jos\u00e9 Campanella habl\u00f3 sobre Lionel Messi durante una entrevista con Cadena 3 y se refiri\u00f3 tanto al retiro del futbolista de la Selecci\u00f3n argentina como a la [&hellip;]","og_url":"https:\/\/elregionalvm.com.ar\/noticias-villa-maria\/messi-al-cine-campanella-conto-por-que-nunca-penso-en-llevar-su-historia-a-la-pantalla\/","og_site_name":"El Regional","article_publisher":"https:\/\/www.facebook.com\/elregionalvm","article_published_time":"2026-09-01T17:08:46+00:00","article_modified_time":"2026-09-01T17:08:47+00:00","og_image":[{"width":850,"height":550,"url":"https:\/\/elregionalvm.com.ar\/noticias-villa-maria\/wp-content\/uploads\/2026\/09\/Campanella.jpg","type":"image\/jpeg"}],"author":"Contenidos El Regional","twitter_card":"summary_large_image","twitter_creator":"@elregionalvm1","twitter_site":"@elregionalvm1","twitter_misc":{"Escrito por":"Contenidos El Regional","Tiempo de lectura":"2 minutos"},"schema":{"@context":"https:\/\/schema.org","@graph":[{"@type":"Article","@id":"https:\/\/elregionalvm.com.ar\/noticias-villa-maria\/messi-al-cine-campanella-conto-por-que-nunca-penso-en-llevar-su-historia-a-la-pantalla\/#article","isPartOf":{"@id":"https:\/\/elregionalvm.com.ar\/noticias-villa-maria\/messi-al-cine-campanella-conto-por-que-nunca-penso-en-llevar-su-historia-a-la-pantalla\/"},"author":{"name":"Contenidos El Regional","@id":"http:\/\/elregionalvm.com.ar\/noticias-villa-maria\/#\/schema\/person\/a0fb9c422317faca23d50163151bc354"},"headline":"\u00bfMessi al cine? Campanella cont\u00f3 por qu\u00e9 nunca pens\u00f3 en llevar su historia a la pantalla","datePublished":"2026-09-01T17:08:46+00:00","dateModified":"2026-09-01T17:08:47+00:00","mainEntityOfPage":{"@id":"https:\/\/elregionalvm.com.ar\/noticias-villa-maria\/messi-al-cine-campanella-conto-por-que-nunca-penso-en-llevar-su-historia-a-la-pantalla\/"},"wordCount":402,"commentCount":0,"image":{"@id":"https:\/\/elregionalvm.com.ar\/noticias-villa-maria\/messi-al-cine-campanella-conto-por-que-nunca-penso-en-llevar-su-historia-a-la-pantalla\/#primaryimage"},"thumbnailUrl":"https:\/\/i0.wp.com\/elregionalvm.com.ar\/noticias-villa-maria\/wp-content\/uploads\/2026\/09\/Campanella.jpg?fit=850%2C550&ssl=1","articleSection":["Cultura","destacado","Villa Mar\u00eda"],"inLanguage":"es","potentialAction":[{"@type":"CommentAction","name":"Comment","target":["https:\/\/elregionalvm.com.ar\/noticias-villa-maria\/messi-al-cine-campanella-conto-por-que-nunca-penso-en-llevar-su-historia-a-la-pantalla\/#respond"]}]},{"@type":"WebPage","@id":"https:\/\/elregionalvm.com.ar\/noticias-villa-maria\/messi-al-cine-campanella-conto-por-que-nunca-penso-en-llevar-su-historia-a-la-pantalla\/","url":"https:\/\/elregionalvm.com.ar\/noticias-villa-maria\/messi-al-cine-campanella-conto-por-que-nunca-penso-en-llevar-su-historia-a-la-pantalla\/","name":"\u00bfMessi al cine? Campanella cont\u00f3 por qu\u00e9 nunca pens\u00f3 en llevar su historia a la pantalla - El Regional","isPartOf":{"@id":"http:\/\/elregionalvm.com.ar\/noticias-villa-maria\/#website"},"primaryImageOfPage":{"@id":"https:\/\/elregionalvm.com.ar\/noticias-villa-maria\/messi-al-cine-campanella-conto-por-que-nunca-penso-en-llevar-su-historia-a-la-pantalla\/#primaryimage"},"image":{"@id":"https:\/\/elregionalvm.com.ar\/noticias-villa-maria\/messi-al-cine-campanella-conto-por-que-nunca-penso-en-llevar-su-historia-a-la-pantalla\/#primaryimage"},"thumbnailUrl":"https:\/\/i0.wp.com\/elregionalvm.com.ar\/noticias-villa-maria\/wp-content\/uploads\/2026\/09\/Campanella.jpg?fit=850%2C550&ssl=1","datePublished":"2026-09-01T17:08:46+00:00","dateModified":"2026-09-01T17:08:47+00:00","author":{"@id":"http:\/\/elregionalvm.com.ar\/noticias-villa-maria\/#\/schema\/person\/a0fb9c422317faca23d50163151bc354"},"breadcrumb":{"@id":"https:\/\/elregionalvm.com.ar\/noticias-villa-maria\/messi-al-cine-campanella-conto-por-que-nunca-penso-en-llevar-su-historia-a-la-pantalla\/#breadcrumb"},"inLanguage":"es","potentialAction":[{"@type":"ReadAction","target":["https:\/\/elregionalvm.com.ar\/noticias-villa-maria\/messi-al-cine-campanella-conto-por-que-nunca-penso-en-llevar-su-historia-a-la-pantalla\/"]}]},{"@type":"ImageObject","inLanguage":"es","@id":"https:\/\/elregionalvm.com.ar\/noticias-villa-maria\/messi-al-cine-campanella-conto-por-que-nunca-penso-en-llevar-su-historia-a-la-pantalla\/#primaryimage","url":"https:\/\/i0.wp.com\/elregionalvm.com.ar\/noticias-villa-maria\/wp-content\/uploads\/2026\/09\/Campanella.jpg?fit=850%2C550&ssl=1","contentUrl":"https:\/\/i0.wp.com\/elregionalvm.com.ar\/noticias-villa-maria\/wp-content\/uploads\/2026\/09\/Campanella.jpg?fit=850%2C550&ssl=1","width":850,"height":550},{"@type":"BreadcrumbList","@id":"https:\/\/elregionalvm.com.ar\/noticias-villa-maria\/messi-al-cine-campanella-conto-por-que-nunca-penso-en-llevar-su-historia-a-la-pantalla\/#breadcrumb","itemListElement":[{"@type":"ListItem","position":1,"name":"Portada","item":"https:\/\/elregionalvm.com.ar\/noticias-villa-maria\/"},{"@type":"ListItem","position":2,"name":"\u00bfMessi al cine? Campanella cont\u00f3 por qu\u00e9 nunca pens\u00f3 en llevar su historia a la pantalla"}]},{"@type":"WebSite","@id":"http:\/\/elregionalvm.com.ar\/noticias-villa-maria\/#website","url":"http:\/\/elregionalvm.com.ar\/noticias-villa-maria\/","name":"El Regional","description":"Mucho m\u00e1s que informaci\u00f3n","potentialAction":[{"@type":"SearchAction","target":{"@type":"EntryPoint","urlTemplate":"http:\/\/elregionalvm.com.ar\/noticias-villa-maria\/?s={search_term_string}"},"query-input":{"@type":"PropertyValueSpecification","valueRequired":true,"valueName":"search_term_string"}}],"inLanguage":"es"},{"@type":"Person","@id":"http:\/\/elregionalvm.com.ar\/noticias-villa-maria\/#\/schema\/person\/a0fb9c422317faca23d50163151bc354","name":"Contenidos El Regional","image":{"@type":"ImageObject","inLanguage":"es","@id":"https:\/\/secure.gravatar.com\/avatar\/265b27cb2209af7bb3a1318f03305787d7981a5cc6e6cd08fe5a4ecdf99d4b48?s=96&d=mm&r=g","url":"https:\/\/secure.gravatar.com\/avatar\/265b27cb2209af7bb3a1318f03305787d7981a5cc6e6cd08fe5a4ecdf99d4b48?s=96&d=mm&r=g","contentUrl":"https:\/\/secure.gravatar.com\/avatar\/265b27cb2209af7bb3a1318f03305787d7981a5cc6e6cd08fe5a4ecdf99d4b48?s=96&d=mm&r=g","caption":"Contenidos El Regional"},"url":"https:\/\/elregionalvm.com.ar\/noticias-villa-maria\/author\/contenido\/"}]}},"jetpack_sharing_enabled":true,"jetpack_featured_media_url":"https:\/\/i0.wp.com\/elregionalvm.com.ar\/noticias-villa-maria\/wp-content\/uploads\/2026\/09\/Campanella.jpg?fit=850%2C550&ssl=1","_links":{"self":[{"href":"https:\/\/elregionalvm.com.ar\/noticias-villa-maria\/wp-json\/wp\/v2\/posts\/118325","targetHints":{"allow":["GET"]}}],"collection":[{"href":"https:\/\/elregionalvm.com.ar\/noticias-villa-maria\/wp-json\/wp\/v2\/posts"}],"about":[{"href":"https:\/\/elregionalvm.com.ar\/noticias-villa-maria\/wp-json\/wp\/v2\/types\/post"}],"author":[{"embeddable":true,"href":"https:\/\/elregionalvm.com.ar\/noticias-villa-maria\/wp-json\/wp\/v2\/users\/4"}],"replies":[{"embeddable":true,"href":"https:\/\/elregionalvm.com.ar\/noticias-villa-maria\/wp-json\/wp\/v2\/comments?post=118325"}],"version-history":[{"count":1,"href":"https:\/\/elregionalvm.com.ar\/noticias-villa-maria\/wp-json\/wp\/v2\/posts\/118325\/revisions"}],"predecessor-version":[{"id":118327,"href":"https:\/\/elregionalvm.com.ar\/noticias-villa-maria\/wp-json\/wp\/v2\/posts\/118325\/revisions\/118327"}],"wp:featuredmedia":[{"embeddable":true,"href":"https:\/\/elregionalvm.com.ar\/noticias-villa-maria\/wp-json\/wp\/v2\/media\/118326"}],"wp:attachment":[{"href":"https:\/\/elregionalvm.com.ar\/noticias-villa-maria\/wp-json\/wp\/v2\/media?parent=118325"}],"wp:term":[{"taxonomy":"category","embeddable":true,"href":"https:\/\/elregionalvm.com.ar\/noticias-villa-maria\/wp-json\/wp\/v2\/categories?post=118325"},{"taxonomy":"post_tag","embeddable":true,"href":"https:\/\/elregionalvm.com.ar\/noticias-villa-maria\/wp-json\/wp\/v2\/tags?post=118325"}],"curies":[{"name":"wp","href":"https:\/\/api.w.org\/{rel}","templated":true}]}}