{"id":118347,"date":"2026-09-02T02:10:43","date_gmt":"2026-09-02T02:10:43","guid":{"rendered":"https:\/\/elregionalvm.com.ar\/noticias-villa-maria\/?p=118347"},"modified":"2026-09-02T02:10:51","modified_gmt":"2026-09-02T02:10:51","slug":"salud-leucemia-nueve-de-cada-diez-pacientes-no-reconocen-los-sintomas-antes-del-diagnostico","status":"publish","type":"post","link":"https:\/\/elregionalvm.com.ar\/noticias-villa-maria\/salud-leucemia-nueve-de-cada-diez-pacientes-no-reconocen-los-sintomas-antes-del-diagnostico\/","title":{"rendered":"[Salud] Leucemia: Nueve de cada diez pacientes no reconocen los s\u00edntomas antes del diagn\u00f3stico"},"content":{"rendered":"\n<h3 class=\"wp-block-heading\"><strong>Una encuesta internacional realizada a 846 personas con leucemia linfoc\u00edtica cr\u00f3nica revel\u00f3 importantes brechas de informaci\u00f3n: aunque el 69% hab\u00eda presentado s\u00edntomas antes del diagn\u00f3stico, el 89% no sab\u00eda que pod\u00edan estar relacionados con una leucemia. Adem\u00e1s, 1 de cada 4 manifest\u00f3 estar muy preocupado ante la indicaci\u00f3n de controlar la enfermedad sin iniciar tratamiento, lo que sucede inicialmente en cerca de dos tercios de los casos.<\/strong><\/h3>\n\n\n\n<p class=\"wp-block-paragraph\"><\/p>\n\n\n\n<p class=\"wp-block-paragraph\">Mientras persisten desaf\u00edos vinculados al conocimiento, la comprensi\u00f3n de la enfermedad y el acceso a la salud, el escenario terap\u00e9utico atraviesa una profunda transformaci\u00f3n. Desde la Asociaci\u00f3n Leucemia Mieloide Argentina (ALMA), destacaron que a nivel mundial la quimioterapia deja de estar recomendada cuando est\u00e1n disponibles los tratamientos dirigidos.<\/p>\n\n\n\n<p class=\"wp-block-paragraph\">La leucemia linfoc\u00edtica cr\u00f3nica (LLC) suele avanzar lentamente y, en sus primeras etapas, puede pasar inadvertida o manifestarse a trav\u00e9s de signos que las personas dif\u00edcilmente relacionen con una enfermedad oncohematol\u00f3gica.<\/p>\n\n\n\n<p class=\"wp-block-paragraph\">Una nueva encuesta internacional puso n\u00fameros a esta realidad: 7 de cada 10 pacientes hab\u00eda experimentado s\u00edntomas antes de recibir el diagn\u00f3stico, pero, entre ellos, el 89% ignoraba que pod\u00edan ser manifestaciones de una leucemia.<\/p>\n\n\n\n<p class=\"wp-block-paragraph\"><\/p>\n\n\n\n<figure class=\"wp-block-image size-full\"><img data-recalc-dims=\"1\" fetchpriority=\"high\" decoding=\"async\" width=\"1000\" height=\"562\" src=\"https:\/\/i0.wp.com\/elregionalvm.com.ar\/noticias-villa-maria\/wp-content\/uploads\/2021\/07\/Medico-atencion.jpg?resize=1000%2C562&#038;ssl=1\" alt=\"\" class=\"wp-image-40832\" srcset=\"https:\/\/i0.wp.com\/elregionalvm.com.ar\/noticias-villa-maria\/wp-content\/uploads\/2021\/07\/Medico-atencion.jpg?w=1000&amp;ssl=1 1000w, https:\/\/i0.wp.com\/elregionalvm.com.ar\/noticias-villa-maria\/wp-content\/uploads\/2021\/07\/Medico-atencion.jpg?resize=300%2C169&amp;ssl=1 300w, https:\/\/i0.wp.com\/elregionalvm.com.ar\/noticias-villa-maria\/wp-content\/uploads\/2021\/07\/Medico-atencion.jpg?resize=768%2C432&amp;ssl=1 768w\" sizes=\"(max-width: 1000px) 100vw, 1000px\" \/><\/figure>\n\n\n\n<p class=\"wp-block-paragraph\"><\/p>\n\n\n\n<p class=\"wp-block-paragraph\">El estudio, publicado en \u201cFrontiers in Hematology\u201d, analiz\u00f3 las respuestas de 846 personas con LLC de Brasil, Canad\u00e1, China, Dinamarca, Estados Unidos, Irlanda, Israel, Italia, Pa\u00edses Bajos, Reino Unido y Rep\u00fablica Checa, entre otros, que participaron de la Encuesta Global sobre la Experiencia con la Leucemia. La edad mediana de los pacientes fue de 66 a\u00f1os y el 84% ten\u00eda 56 a\u00f1os o m\u00e1s.<\/p>\n\n\n\n<p class=\"wp-block-paragraph\">Entre los s\u00edntomas referidos antes del diagn\u00f3stico, el m\u00e1s frecuente fue la fatiga, mencionada por el 40% de los encuestados, seguida por la inflamaci\u00f3n de los ganglios linf\u00e1ticos (27%) y la fiebre o sudoraci\u00f3n nocturna (19%). A su vez, en el 71% de los casos la leucemia fue detectada a partir de un an\u00e1lisis de sangre o un control de salud.<\/p>\n\n\n\n<p class=\"wp-block-paragraph\">\u201cAunque no haya datos argentinos en la encuesta, refleja una realidad que vemos con frecuencia: nadie tiene por qu\u00e9 saber que el cansancio, la transpiraci\u00f3n nocturna o un ganglio inflamado pueden estar asociados a una enfermedad de la sangre. Son manifestaciones muy inespec\u00edficas. Por eso es importante generar conocimiento, sin alarmar, para que las personas consulten y, ante determinados hallazgos, puedan llegar oportunamente al hemat\u00f3logo\u201d, se\u00f1al\u00f3 Fernando Piotrowski, paciente con leucemia y director ejecutivo de la Asociaci\u00f3n Leucemia Mieloide Argentina (ALMA).<\/p>\n\n\n\n<p class=\"wp-block-paragraph\"><\/p>\n\n\n\n<p class=\"wp-block-paragraph\"><strong>La enfermedad <\/strong><\/p>\n\n\n\n<p class=\"wp-block-paragraph\">La LLC es un tipo de c\u00e1ncer de la sangre que afecta a los linfocitos, un tipo de gl\u00f3bulo blanco; es m\u00e1s frecuente en adultos mayores. A diferencia de lo que ocurre con otros tipos de c\u00e1ncer, recibir el diagn\u00f3stico de LLC no significa necesariamente que deba iniciarse un tratamiento de inmediato.<\/p>\n\n\n\n<p class=\"wp-block-paragraph\">Precisamente, otro de los resultados destacados de la encuesta fue que el 84% de los pacientes hab\u00eda atravesado alguna vez una etapa de espera en observaci\u00f3n, una estrategia que consiste en realizar controles peri\u00f3dicos y postergar el inicio del tratamiento hasta que aparezcan signos de progresi\u00f3n o criterios cl\u00ednicos que justifiquen comenzarlo.<\/p>\n\n\n\n<p class=\"wp-block-paragraph\"><\/p>\n\n\n\n<figure class=\"wp-block-image size-full\"><img data-recalc-dims=\"1\" decoding=\"async\" width=\"1000\" height=\"563\" src=\"https:\/\/i0.wp.com\/elregionalvm.com.ar\/noticias-villa-maria\/wp-content\/uploads\/2023\/06\/medico-paciente-varon-sentado-cancer.jpg?resize=1000%2C563&#038;ssl=1\" alt=\"\" class=\"wp-image-78406\" srcset=\"https:\/\/i0.wp.com\/elregionalvm.com.ar\/noticias-villa-maria\/wp-content\/uploads\/2023\/06\/medico-paciente-varon-sentado-cancer.jpg?w=1000&amp;ssl=1 1000w, https:\/\/i0.wp.com\/elregionalvm.com.ar\/noticias-villa-maria\/wp-content\/uploads\/2023\/06\/medico-paciente-varon-sentado-cancer.jpg?resize=300%2C169&amp;ssl=1 300w, https:\/\/i0.wp.com\/elregionalvm.com.ar\/noticias-villa-maria\/wp-content\/uploads\/2023\/06\/medico-paciente-varon-sentado-cancer.jpg?resize=768%2C432&amp;ssl=1 768w\" sizes=\"(max-width: 1000px) 100vw, 1000px\" \/><\/figure>\n\n\n\n<p class=\"wp-block-paragraph\"><\/p>\n\n\n\n<p class=\"wp-block-paragraph\"><strong>Un tratamiento que cambi\u00f3 profundamente<\/strong><\/p>\n\n\n\n<p class=\"wp-block-paragraph\">La publicaci\u00f3n de esta encuesta coincide con una nueva etapa en el abordaje de la LLC. Este a\u00f1o, la \u201cEuropean Hematology Association\u201d actualiz\u00f3 sus gu\u00edas para el manejo de la enfermedad que reflejan el avance de los tratamientos. Entre sus recomendaciones, las gu\u00edas establecen que la quimioinmunoterapia ya no est\u00e1 recomendada cuando se dispone de tratamientos dirigidos.<\/p>\n\n\n\n<p class=\"wp-block-paragraph\">Esto consolida un cambio de paradigma: para muchos pacientes, tratar la LLC hoy puede significar recibir combinaciones de terapias dirigidas, libres de quimioterapia y durante un per\u00edodo previamente establecido. Una vez completado este, si la enfermedad se encuentra adecuadamente controlada, el paciente atraviesa una etapa sin medicaci\u00f3n, manteniendo los controles correspondientes.<\/p>\n\n\n\n<p class=\"wp-block-paragraph\">\u201cEl concepto de tratamiento finito tiene un valor enorme. Saber que existe un comienzo y un final previstos y que despu\u00e9s puede haber un per\u00edodo sin recibir medicaci\u00f3n cambia la manera de proyectar la vida alrededor de la enfermedad. Y que hoy esto pueda lograrse mediante esquemas libres de quimioterapia muestra cu\u00e1nto avanz\u00f3 el tratamiento en pocos a\u00f1os\u201d, sostuvo Piotrowski.<\/p>\n\n\n\n<p class=\"wp-block-paragraph\"><\/p>\n\n\n\n<p class=\"wp-block-paragraph\"><em>Fuente: Asociaci\u00f3n Leucemia Mieloide Argentina (ALMA)<\/em><\/p>\n\n\n\n<p class=\"wp-block-paragraph\"><\/p>\n","protected":false},"excerpt":{"rendered":"<p>Una encuesta internacional realizada a 846 personas con leucemia linfoc\u00edtica cr\u00f3nica revel\u00f3 importantes brechas de informaci\u00f3n: aunque el 69% hab\u00eda presentado s\u00edntomas antes del diagn\u00f3stico, el 89% no sab\u00eda que pod\u00edan estar relacionados con una leucemia. Adem\u00e1s, 1 de cada 4 manifest\u00f3 estar muy preocupado ante la indicaci\u00f3n de controlar la enfermedad sin iniciar tratamiento, [&hellip;]<\/p>\n","protected":false},"author":6,"featured_media":91371,"comment_status":"open","ping_status":"open","sticky":false,"template":"","format":"standard","meta":{"site-sidebar-layout":"default","site-content-layout":"","ast-site-content-layout":"default","site-content-style":"default","site-sidebar-style":"default","ast-global-header-display":"","ast-banner-title-visibility":"","ast-main-header-display":"","ast-hfb-above-header-display":"","ast-hfb-below-header-display":"","ast-hfb-mobile-header-display":"","site-post-title":"","ast-breadcrumbs-content":"","ast-featured-img":"","footer-sml-layout":"","ast-disable-related-posts":"","theme-transparent-header-meta":"","adv-header-id-meta":"","stick-header-meta":"","header-above-stick-meta":"","header-main-stick-meta":"","header-below-stick-meta":"","astra-migrate-meta-layouts":"set","ast-page-background-enabled":"default","ast-page-background-meta":{"desktop":{"background-color":"","background-image":"","background-repeat":"repeat","background-position":"center center","background-size":"auto","background-attachment":"scroll","background-type":"","background-media":"","overlay-type":"","overlay-color":"","overlay-opacity":"","overlay-gradient":""},"tablet":{"background-color":"","background-image":"","background-repeat":"repeat","background-position":"center center","background-size":"auto","background-attachment":"scroll","background-type":"","background-media":"","overlay-type":"","overlay-color":"","overlay-opacity":"","overlay-gradient":""},"mobile":{"background-color":"","background-image":"","background-repeat":"repeat","background-position":"center center","background-size":"auto","background-attachment":"scroll","background-type":"","background-media":"","overlay-type":"","overlay-color":"","overlay-opacity":"","overlay-gradient":""}},"ast-content-background-meta":{"desktop":{"background-color":"var(--ast-global-color-5)","background-image":"","background-repeat":"repeat","background-position":"center center","background-size":"auto","background-attachment":"scroll","background-type":"","background-media":"","overlay-type":"","overlay-color":"","overlay-opacity":"","overlay-gradient":""},"tablet":{"background-color":"var(--ast-global-color-5)","background-image":"","background-repeat":"repeat","background-position":"center center","background-size":"auto","background-attachment":"scroll","background-type":"","background-media":"","overlay-type":"","overlay-color":"","overlay-opacity":"","overlay-gradient":""},"mobile":{"background-color":"var(--ast-global-color-5)","background-image":"","background-repeat":"repeat","background-position":"center center","background-size":"auto","background-attachment":"scroll","background-type":"","background-media":"","overlay-type":"","overlay-color":"","overlay-opacity":"","overlay-gradient":""}},"_jetpack_newsletter_access":"","_jetpack_dont_email_post_to_subs":false,"_jetpack_newsletter_tier_id":0,"_jetpack_memberships_contains_paywalled_content":false,"_jetpack_memberships_contains_paid_content":false,"_joinchat":[],"footnotes":""},"categories":[1],"tags":[],"class_list":["post-118347","post","type-post","status-publish","format-standard","has-post-thumbnail","hentry","category-sin-categoria"],"yoast_head":"<!-- This site is optimized with the Yoast SEO plugin v28.4 - https:\/\/yoast.com\/product\/yoast-seo-wordpress\/ -->\n<title>[Salud] Leucemia: Nueve de cada diez pacientes no reconocen los s\u00edntomas antes del diagn\u00f3stico - El Regional<\/title>\n<meta name=\"robots\" content=\"index, follow, max-snippet:-1, max-image-preview:large, max-video-preview:-1\" \/>\n<link rel=\"canonical\" href=\"https:\/\/elregionalvm.com.ar\/noticias-villa-maria\/salud-leucemia-nueve-de-cada-diez-pacientes-no-reconocen-los-sintomas-antes-del-diagnostico\/\" \/>\n<meta property=\"og:locale\" content=\"es_ES\" \/>\n<meta property=\"og:type\" content=\"article\" \/>\n<meta property=\"og:title\" content=\"[Salud] Leucemia: Nueve de cada diez pacientes no reconocen los s\u00edntomas antes del diagn\u00f3stico - El Regional\" \/>\n<meta property=\"og:description\" content=\"Una encuesta internacional realizada a 846 personas con leucemia linfoc\u00edtica cr\u00f3nica revel\u00f3 importantes brechas de informaci\u00f3n: aunque el 69% hab\u00eda presentado s\u00edntomas antes del diagn\u00f3stico, el 89% no sab\u00eda que pod\u00edan estar relacionados con una leucemia. Adem\u00e1s, 1 de cada 4 manifest\u00f3 estar muy preocupado ante la indicaci\u00f3n de controlar la enfermedad sin iniciar tratamiento, [&hellip;]\" \/>\n<meta property=\"og:url\" content=\"https:\/\/elregionalvm.com.ar\/noticias-villa-maria\/salud-leucemia-nueve-de-cada-diez-pacientes-no-reconocen-los-sintomas-antes-del-diagnostico\/\" \/>\n<meta property=\"og:site_name\" content=\"El Regional\" \/>\n<meta property=\"article:publisher\" content=\"https:\/\/www.facebook.com\/elregionalvm\" \/>\n<meta property=\"article:published_time\" content=\"2026-09-02T02:10:43+00:00\" \/>\n<meta property=\"article:modified_time\" content=\"2026-09-02T02:10:51+00:00\" \/>\n<meta property=\"og:image\" content=\"https:\/\/elregionalvm.com.ar\/noticias-villa-maria\/wp-content\/uploads\/2024\/03\/endometriosis-mujer-medica-consulta-salud.jpg\" \/>\n\t<meta property=\"og:image:width\" content=\"1170\" \/>\n\t<meta property=\"og:image:height\" content=\"582\" \/>\n\t<meta property=\"og:image:type\" content=\"image\/jpeg\" \/>\n<meta name=\"author\" content=\"Germ\u00e1n Giacchero\" \/>\n<meta name=\"twitter:card\" content=\"summary_large_image\" \/>\n<meta name=\"twitter:creator\" content=\"@elregionalvm1\" \/>\n<meta name=\"twitter:site\" content=\"@elregionalvm1\" \/>\n<meta name=\"twitter:label1\" content=\"Escrito por\" \/>\n\t<meta name=\"twitter:data1\" content=\"Germ\u00e1n Giacchero\" \/>\n\t<meta name=\"twitter:label2\" content=\"Tiempo de lectura\" \/>\n\t<meta name=\"twitter:data2\" content=\"4 minutos\" \/>\n<script type=\"application\/ld+json\" class=\"yoast-schema-graph\">{\"@context\":\"https:\\\/\\\/schema.org\",\"@graph\":[{\"@type\":\"Article\",\"@id\":\"https:\\\/\\\/elregionalvm.com.ar\\\/noticias-villa-maria\\\/salud-leucemia-nueve-de-cada-diez-pacientes-no-reconocen-los-sintomas-antes-del-diagnostico\\\/#article\",\"isPartOf\":{\"@id\":\"https:\\\/\\\/elregionalvm.com.ar\\\/noticias-villa-maria\\\/salud-leucemia-nueve-de-cada-diez-pacientes-no-reconocen-los-sintomas-antes-del-diagnostico\\\/\"},\"author\":{\"name\":\"Germ\u00e1n Giacchero\",\"@id\":\"http:\\\/\\\/elregionalvm.com.ar\\\/noticias-villa-maria\\\/#\\\/schema\\\/person\\\/d5e4b04966154131701e52c45d3efec9\"},\"headline\":\"[Salud] Leucemia: Nueve de cada diez pacientes no reconocen los s\u00edntomas antes del diagn\u00f3stico\",\"datePublished\":\"2026-09-02T02:10:43+00:00\",\"dateModified\":\"2026-09-02T02:10:51+00:00\",\"mainEntityOfPage\":{\"@id\":\"https:\\\/\\\/elregionalvm.com.ar\\\/noticias-villa-maria\\\/salud-leucemia-nueve-de-cada-diez-pacientes-no-reconocen-los-sintomas-antes-del-diagnostico\\\/\"},\"wordCount\":737,\"commentCount\":0,\"image\":{\"@id\":\"https:\\\/\\\/elregionalvm.com.ar\\\/noticias-villa-maria\\\/salud-leucemia-nueve-de-cada-diez-pacientes-no-reconocen-los-sintomas-antes-del-diagnostico\\\/#primaryimage\"},\"thumbnailUrl\":\"https:\\\/\\\/i0.wp.com\\\/elregionalvm.com.ar\\\/noticias-villa-maria\\\/wp-content\\\/uploads\\\/2024\\\/03\\\/endometriosis-mujer-medica-consulta-salud.jpg?fit=1170%2C582&ssl=1\",\"inLanguage\":\"es\",\"potentialAction\":[{\"@type\":\"CommentAction\",\"name\":\"Comment\",\"target\":[\"https:\\\/\\\/elregionalvm.com.ar\\\/noticias-villa-maria\\\/salud-leucemia-nueve-de-cada-diez-pacientes-no-reconocen-los-sintomas-antes-del-diagnostico\\\/#respond\"]}]},{\"@type\":\"WebPage\",\"@id\":\"https:\\\/\\\/elregionalvm.com.ar\\\/noticias-villa-maria\\\/salud-leucemia-nueve-de-cada-diez-pacientes-no-reconocen-los-sintomas-antes-del-diagnostico\\\/\",\"url\":\"https:\\\/\\\/elregionalvm.com.ar\\\/noticias-villa-maria\\\/salud-leucemia-nueve-de-cada-diez-pacientes-no-reconocen-los-sintomas-antes-del-diagnostico\\\/\",\"name\":\"[Salud] Leucemia: Nueve de cada diez pacientes no reconocen los s\u00edntomas antes del diagn\u00f3stico - El Regional\",\"isPartOf\":{\"@id\":\"http:\\\/\\\/elregionalvm.com.ar\\\/noticias-villa-maria\\\/#website\"},\"primaryImageOfPage\":{\"@id\":\"https:\\\/\\\/elregionalvm.com.ar\\\/noticias-villa-maria\\\/salud-leucemia-nueve-de-cada-diez-pacientes-no-reconocen-los-sintomas-antes-del-diagnostico\\\/#primaryimage\"},\"image\":{\"@id\":\"https:\\\/\\\/elregionalvm.com.ar\\\/noticias-villa-maria\\\/salud-leucemia-nueve-de-cada-diez-pacientes-no-reconocen-los-sintomas-antes-del-diagnostico\\\/#primaryimage\"},\"thumbnailUrl\":\"https:\\\/\\\/i0.wp.com\\\/elregionalvm.com.ar\\\/noticias-villa-maria\\\/wp-content\\\/uploads\\\/2024\\\/03\\\/endometriosis-mujer-medica-consulta-salud.jpg?fit=1170%2C582&ssl=1\",\"datePublished\":\"2026-09-02T02:10:43+00:00\",\"dateModified\":\"2026-09-02T02:10:51+00:00\",\"author\":{\"@id\":\"http:\\\/\\\/elregionalvm.com.ar\\\/noticias-villa-maria\\\/#\\\/schema\\\/person\\\/d5e4b04966154131701e52c45d3efec9\"},\"breadcrumb\":{\"@id\":\"https:\\\/\\\/elregionalvm.com.ar\\\/noticias-villa-maria\\\/salud-leucemia-nueve-de-cada-diez-pacientes-no-reconocen-los-sintomas-antes-del-diagnostico\\\/#breadcrumb\"},\"inLanguage\":\"es\",\"potentialAction\":[{\"@type\":\"ReadAction\",\"target\":[\"https:\\\/\\\/elregionalvm.com.ar\\\/noticias-villa-maria\\\/salud-leucemia-nueve-de-cada-diez-pacientes-no-reconocen-los-sintomas-antes-del-diagnostico\\\/\"]}]},{\"@type\":\"ImageObject\",\"inLanguage\":\"es\",\"@id\":\"https:\\\/\\\/elregionalvm.com.ar\\\/noticias-villa-maria\\\/salud-leucemia-nueve-de-cada-diez-pacientes-no-reconocen-los-sintomas-antes-del-diagnostico\\\/#primaryimage\",\"url\":\"https:\\\/\\\/i0.wp.com\\\/elregionalvm.com.ar\\\/noticias-villa-maria\\\/wp-content\\\/uploads\\\/2024\\\/03\\\/endometriosis-mujer-medica-consulta-salud.jpg?fit=1170%2C582&ssl=1\",\"contentUrl\":\"https:\\\/\\\/i0.wp.com\\\/elregionalvm.com.ar\\\/noticias-villa-maria\\\/wp-content\\\/uploads\\\/2024\\\/03\\\/endometriosis-mujer-medica-consulta-salud.jpg?fit=1170%2C582&ssl=1\",\"width\":1170,\"height\":582},{\"@type\":\"BreadcrumbList\",\"@id\":\"https:\\\/\\\/elregionalvm.com.ar\\\/noticias-villa-maria\\\/salud-leucemia-nueve-de-cada-diez-pacientes-no-reconocen-los-sintomas-antes-del-diagnostico\\\/#breadcrumb\",\"itemListElement\":[{\"@type\":\"ListItem\",\"position\":1,\"name\":\"Portada\",\"item\":\"https:\\\/\\\/elregionalvm.com.ar\\\/noticias-villa-maria\\\/\"},{\"@type\":\"ListItem\",\"position\":2,\"name\":\"[Salud] Leucemia: Nueve de cada diez pacientes no reconocen los s\u00edntomas antes del diagn\u00f3stico\"}]},{\"@type\":\"WebSite\",\"@id\":\"http:\\\/\\\/elregionalvm.com.ar\\\/noticias-villa-maria\\\/#website\",\"url\":\"http:\\\/\\\/elregionalvm.com.ar\\\/noticias-villa-maria\\\/\",\"name\":\"El Regional\",\"description\":\"Mucho m\u00e1s que informaci\u00f3n\",\"potentialAction\":[{\"@type\":\"SearchAction\",\"target\":{\"@type\":\"EntryPoint\",\"urlTemplate\":\"http:\\\/\\\/elregionalvm.com.ar\\\/noticias-villa-maria\\\/?s={search_term_string}\"},\"query-input\":{\"@type\":\"PropertyValueSpecification\",\"valueRequired\":true,\"valueName\":\"search_term_string\"}}],\"inLanguage\":\"es\"},{\"@type\":\"Person\",\"@id\":\"http:\\\/\\\/elregionalvm.com.ar\\\/noticias-villa-maria\\\/#\\\/schema\\\/person\\\/d5e4b04966154131701e52c45d3efec9\",\"name\":\"Germ\u00e1n Giacchero\",\"image\":{\"@type\":\"ImageObject\",\"inLanguage\":\"es\",\"@id\":\"https:\\\/\\\/secure.gravatar.com\\\/avatar\\\/fda163ba5ef0307ee5be9846e10f83b6e83d0cfb260d3b2464830318894c6b04?s=96&d=mm&r=g\",\"url\":\"https:\\\/\\\/secure.gravatar.com\\\/avatar\\\/fda163ba5ef0307ee5be9846e10f83b6e83d0cfb260d3b2464830318894c6b04?s=96&d=mm&r=g\",\"contentUrl\":\"https:\\\/\\\/secure.gravatar.com\\\/avatar\\\/fda163ba5ef0307ee5be9846e10f83b6e83d0cfb260d3b2464830318894c6b04?s=96&d=mm&r=g\",\"caption\":\"Germ\u00e1n Giacchero\"},\"url\":\"https:\\\/\\\/elregionalvm.com.ar\\\/noticias-villa-maria\\\/author\\\/germangiacchero\\\/\"}]}<\/script>\n<!-- \/ Yoast SEO plugin. -->","yoast_head_json":{"title":"[Salud] Leucemia: Nueve de cada diez pacientes no reconocen los s\u00edntomas antes del diagn\u00f3stico - El Regional","robots":{"index":"index","follow":"follow","max-snippet":"max-snippet:-1","max-image-preview":"max-image-preview:large","max-video-preview":"max-video-preview:-1"},"canonical":"https:\/\/elregionalvm.com.ar\/noticias-villa-maria\/salud-leucemia-nueve-de-cada-diez-pacientes-no-reconocen-los-sintomas-antes-del-diagnostico\/","og_locale":"es_ES","og_type":"article","og_title":"[Salud] Leucemia: Nueve de cada diez pacientes no reconocen los s\u00edntomas antes del diagn\u00f3stico - El Regional","og_description":"Una encuesta internacional realizada a 846 personas con leucemia linfoc\u00edtica cr\u00f3nica revel\u00f3 importantes brechas de informaci\u00f3n: aunque el 69% hab\u00eda presentado s\u00edntomas antes del diagn\u00f3stico, el 89% no sab\u00eda que pod\u00edan estar relacionados con una leucemia. Adem\u00e1s, 1 de cada 4 manifest\u00f3 estar muy preocupado ante la indicaci\u00f3n de controlar la enfermedad sin iniciar tratamiento, [&hellip;]","og_url":"https:\/\/elregionalvm.com.ar\/noticias-villa-maria\/salud-leucemia-nueve-de-cada-diez-pacientes-no-reconocen-los-sintomas-antes-del-diagnostico\/","og_site_name":"El Regional","article_publisher":"https:\/\/www.facebook.com\/elregionalvm","article_published_time":"2026-09-02T02:10:43+00:00","article_modified_time":"2026-09-02T02:10:51+00:00","og_image":[{"width":1170,"height":582,"url":"https:\/\/elregionalvm.com.ar\/noticias-villa-maria\/wp-content\/uploads\/2024\/03\/endometriosis-mujer-medica-consulta-salud.jpg","type":"image\/jpeg"}],"author":"Germ\u00e1n Giacchero","twitter_card":"summary_large_image","twitter_creator":"@elregionalvm1","twitter_site":"@elregionalvm1","twitter_misc":{"Escrito por":"Germ\u00e1n Giacchero","Tiempo de lectura":"4 minutos"},"schema":{"@context":"https:\/\/schema.org","@graph":[{"@type":"Article","@id":"https:\/\/elregionalvm.com.ar\/noticias-villa-maria\/salud-leucemia-nueve-de-cada-diez-pacientes-no-reconocen-los-sintomas-antes-del-diagnostico\/#article","isPartOf":{"@id":"https:\/\/elregionalvm.com.ar\/noticias-villa-maria\/salud-leucemia-nueve-de-cada-diez-pacientes-no-reconocen-los-sintomas-antes-del-diagnostico\/"},"author":{"name":"Germ\u00e1n Giacchero","@id":"http:\/\/elregionalvm.com.ar\/noticias-villa-maria\/#\/schema\/person\/d5e4b04966154131701e52c45d3efec9"},"headline":"[Salud] Leucemia: Nueve de cada diez pacientes no reconocen los s\u00edntomas antes del diagn\u00f3stico","datePublished":"2026-09-02T02:10:43+00:00","dateModified":"2026-09-02T02:10:51+00:00","mainEntityOfPage":{"@id":"https:\/\/elregionalvm.com.ar\/noticias-villa-maria\/salud-leucemia-nueve-de-cada-diez-pacientes-no-reconocen-los-sintomas-antes-del-diagnostico\/"},"wordCount":737,"commentCount":0,"image":{"@id":"https:\/\/elregionalvm.com.ar\/noticias-villa-maria\/salud-leucemia-nueve-de-cada-diez-pacientes-no-reconocen-los-sintomas-antes-del-diagnostico\/#primaryimage"},"thumbnailUrl":"https:\/\/i0.wp.com\/elregionalvm.com.ar\/noticias-villa-maria\/wp-content\/uploads\/2024\/03\/endometriosis-mujer-medica-consulta-salud.jpg?fit=1170%2C582&ssl=1","inLanguage":"es","potentialAction":[{"@type":"CommentAction","name":"Comment","target":["https:\/\/elregionalvm.com.ar\/noticias-villa-maria\/salud-leucemia-nueve-de-cada-diez-pacientes-no-reconocen-los-sintomas-antes-del-diagnostico\/#respond"]}]},{"@type":"WebPage","@id":"https:\/\/elregionalvm.com.ar\/noticias-villa-maria\/salud-leucemia-nueve-de-cada-diez-pacientes-no-reconocen-los-sintomas-antes-del-diagnostico\/","url":"https:\/\/elregionalvm.com.ar\/noticias-villa-maria\/salud-leucemia-nueve-de-cada-diez-pacientes-no-reconocen-los-sintomas-antes-del-diagnostico\/","name":"[Salud] Leucemia: Nueve de cada diez pacientes no reconocen los s\u00edntomas antes del diagn\u00f3stico - El Regional","isPartOf":{"@id":"http:\/\/elregionalvm.com.ar\/noticias-villa-maria\/#website"},"primaryImageOfPage":{"@id":"https:\/\/elregionalvm.com.ar\/noticias-villa-maria\/salud-leucemia-nueve-de-cada-diez-pacientes-no-reconocen-los-sintomas-antes-del-diagnostico\/#primaryimage"},"image":{"@id":"https:\/\/elregionalvm.com.ar\/noticias-villa-maria\/salud-leucemia-nueve-de-cada-diez-pacientes-no-reconocen-los-sintomas-antes-del-diagnostico\/#primaryimage"},"thumbnailUrl":"https:\/\/i0.wp.com\/elregionalvm.com.ar\/noticias-villa-maria\/wp-content\/uploads\/2024\/03\/endometriosis-mujer-medica-consulta-salud.jpg?fit=1170%2C582&ssl=1","datePublished":"2026-09-02T02:10:43+00:00","dateModified":"2026-09-02T02:10:51+00:00","author":{"@id":"http:\/\/elregionalvm.com.ar\/noticias-villa-maria\/#\/schema\/person\/d5e4b04966154131701e52c45d3efec9"},"breadcrumb":{"@id":"https:\/\/elregionalvm.com.ar\/noticias-villa-maria\/salud-leucemia-nueve-de-cada-diez-pacientes-no-reconocen-los-sintomas-antes-del-diagnostico\/#breadcrumb"},"inLanguage":"es","potentialAction":[{"@type":"ReadAction","target":["https:\/\/elregionalvm.com.ar\/noticias-villa-maria\/salud-leucemia-nueve-de-cada-diez-pacientes-no-reconocen-los-sintomas-antes-del-diagnostico\/"]}]},{"@type":"ImageObject","inLanguage":"es","@id":"https:\/\/elregionalvm.com.ar\/noticias-villa-maria\/salud-leucemia-nueve-de-cada-diez-pacientes-no-reconocen-los-sintomas-antes-del-diagnostico\/#primaryimage","url":"https:\/\/i0.wp.com\/elregionalvm.com.ar\/noticias-villa-maria\/wp-content\/uploads\/2024\/03\/endometriosis-mujer-medica-consulta-salud.jpg?fit=1170%2C582&ssl=1","contentUrl":"https:\/\/i0.wp.com\/elregionalvm.com.ar\/noticias-villa-maria\/wp-content\/uploads\/2024\/03\/endometriosis-mujer-medica-consulta-salud.jpg?fit=1170%2C582&ssl=1","width":1170,"height":582},{"@type":"BreadcrumbList","@id":"https:\/\/elregionalvm.com.ar\/noticias-villa-maria\/salud-leucemia-nueve-de-cada-diez-pacientes-no-reconocen-los-sintomas-antes-del-diagnostico\/#breadcrumb","itemListElement":[{"@type":"ListItem","position":1,"name":"Portada","item":"https:\/\/elregionalvm.com.ar\/noticias-villa-maria\/"},{"@type":"ListItem","position":2,"name":"[Salud] Leucemia: Nueve de cada diez pacientes no reconocen los s\u00edntomas antes del diagn\u00f3stico"}]},{"@type":"WebSite","@id":"http:\/\/elregionalvm.com.ar\/noticias-villa-maria\/#website","url":"http:\/\/elregionalvm.com.ar\/noticias-villa-maria\/","name":"El Regional","description":"Mucho m\u00e1s que informaci\u00f3n","potentialAction":[{"@type":"SearchAction","target":{"@type":"EntryPoint","urlTemplate":"http:\/\/elregionalvm.com.ar\/noticias-villa-maria\/?s={search_term_string}"},"query-input":{"@type":"PropertyValueSpecification","valueRequired":true,"valueName":"search_term_string"}}],"inLanguage":"es"},{"@type":"Person","@id":"http:\/\/elregionalvm.com.ar\/noticias-villa-maria\/#\/schema\/person\/d5e4b04966154131701e52c45d3efec9","name":"Germ\u00e1n Giacchero","image":{"@type":"ImageObject","inLanguage":"es","@id":"https:\/\/secure.gravatar.com\/avatar\/fda163ba5ef0307ee5be9846e10f83b6e83d0cfb260d3b2464830318894c6b04?s=96&d=mm&r=g","url":"https:\/\/secure.gravatar.com\/avatar\/fda163ba5ef0307ee5be9846e10f83b6e83d0cfb260d3b2464830318894c6b04?s=96&d=mm&r=g","contentUrl":"https:\/\/secure.gravatar.com\/avatar\/fda163ba5ef0307ee5be9846e10f83b6e83d0cfb260d3b2464830318894c6b04?s=96&d=mm&r=g","caption":"Germ\u00e1n Giacchero"},"url":"https:\/\/elregionalvm.com.ar\/noticias-villa-maria\/author\/germangiacchero\/"}]}},"jetpack_sharing_enabled":true,"jetpack_featured_media_url":"https:\/\/i0.wp.com\/elregionalvm.com.ar\/noticias-villa-maria\/wp-content\/uploads\/2024\/03\/endometriosis-mujer-medica-consulta-salud.jpg?fit=1170%2C582&ssl=1","_links":{"self":[{"href":"https:\/\/elregionalvm.com.ar\/noticias-villa-maria\/wp-json\/wp\/v2\/posts\/118347","targetHints":{"allow":["GET"]}}],"collection":[{"href":"https:\/\/elregionalvm.com.ar\/noticias-villa-maria\/wp-json\/wp\/v2\/posts"}],"about":[{"href":"https:\/\/elregionalvm.com.ar\/noticias-villa-maria\/wp-json\/wp\/v2\/types\/post"}],"author":[{"embeddable":true,"href":"https:\/\/elregionalvm.com.ar\/noticias-villa-maria\/wp-json\/wp\/v2\/users\/6"}],"replies":[{"embeddable":true,"href":"https:\/\/elregionalvm.com.ar\/noticias-villa-maria\/wp-json\/wp\/v2\/comments?post=118347"}],"version-history":[{"count":2,"href":"https:\/\/elregionalvm.com.ar\/noticias-villa-maria\/wp-json\/wp\/v2\/posts\/118347\/revisions"}],"predecessor-version":[{"id":118349,"href":"https:\/\/elregionalvm.com.ar\/noticias-villa-maria\/wp-json\/wp\/v2\/posts\/118347\/revisions\/118349"}],"wp:featuredmedia":[{"embeddable":true,"href":"https:\/\/elregionalvm.com.ar\/noticias-villa-maria\/wp-json\/wp\/v2\/media\/91371"}],"wp:attachment":[{"href":"https:\/\/elregionalvm.com.ar\/noticias-villa-maria\/wp-json\/wp\/v2\/media?parent=118347"}],"wp:term":[{"taxonomy":"category","embeddable":true,"href":"https:\/\/elregionalvm.com.ar\/noticias-villa-maria\/wp-json\/wp\/v2\/categories?post=118347"},{"taxonomy":"post_tag","embeddable":true,"href":"https:\/\/elregionalvm.com.ar\/noticias-villa-maria\/wp-json\/wp\/v2\/tags?post=118347"}],"curies":[{"name":"wp","href":"https:\/\/api.w.org\/{rel}","templated":true}]}}