{"id":118350,"date":"2026-09-02T15:24:17","date_gmt":"2026-09-02T15:24:17","guid":{"rendered":"https:\/\/elregionalvm.com.ar\/noticias-villa-maria\/?p=118350"},"modified":"2026-09-02T15:25:38","modified_gmt":"2026-09-02T15:25:38","slug":"politica-se-roban-todo-de-la-dentadura-de-belgrano-y-las-manos-de-peron-al-anillo-de-menem-y-pertenencias-de-periodistas-en-la-rosada","status":"publish","type":"post","link":"https:\/\/elregionalvm.com.ar\/noticias-villa-maria\/politica-se-roban-todo-de-la-dentadura-de-belgrano-y-las-manos-de-peron-al-anillo-de-menem-y-pertenencias-de-periodistas-en-la-rosada\/","title":{"rendered":"[Pol\u00edtica] Se roban todo: De la dentadura de Belgrano y las manos de Per\u00f3n al anillo de Menem y pertenencias de periodistas en la Rosada"},"content":{"rendered":"\n<h3 class=\"wp-block-heading\"><strong>Anillos, joyas, dentaduras, cuerpos embalsamados, parte de cad\u00e1veres, bastones de mando y bandas presidenciales, hasta pertenencias de periodistas acreditados en la Casa Rosada en los \u00faltimos d\u00edas. Todo eso y mucho m\u00e1s que desconocemos, les robaron a figuras pol\u00edticas argentinas que van desde Belgrano y Per\u00f3n hasta Menem y Frondizi.<\/strong><\/h3>\n\n\n\n<p class=\"wp-block-paragraph\"><\/p>\n\n\n\n<p class=\"wp-block-paragraph\"><strong>Escribe: Germ\u00e1n Giacchero<\/strong><\/p>\n\n\n\n<p class=\"wp-block-paragraph\"><\/p>\n\n\n\n<p class=\"wp-block-paragraph\">M\u00e1s all\u00e1 de los millones y millones de pesos y d\u00f3lares que \u201cse afanaron\u201d nuestros funcionarios y amigotes en los \u00faltimos siglos, algunos probados y otros presentes en el imaginario popular, hay muestras de una tristemente c\u00e9lebre costumbre argentina que se repite en el tiempo, con episodios graves y truculentos que presenta la historia pol\u00edtica.<\/p>\n\n\n\n<p class=\"wp-block-paragraph\">Robar. Robar lo que sea. Con fines muy diversos: desde la pura maldad y el oportunismo idiota, hasta la intenci\u00f3n de querer quebrar al \u201cenemigo\u201d pol\u00edtico y cambiar el rumbo hist\u00f3rico del pa\u00eds.<\/p>\n\n\n\n<p class=\"wp-block-paragraph\">A Manuel Belgrano, dos ministros de la Naci\u00f3n le robaron piezas de su dentadura durante la exhumaci\u00f3n de sus restos, varios a\u00f1os despu\u00e9s de la muerte del General patriota. Ambos fueron obligados a devolver los dientes, pero el bochorno pas\u00f3 a la posteridad.<\/p>\n\n\n\n<p class=\"wp-block-paragraph\">La profanaci\u00f3n de la tumba de Juan Domingo Per\u00f3n y la desaparici\u00f3n de sus manos constituye otro evento vergonzoso, del que mucho se dijo, pero nada se comprob\u00f3 en materia judicial.<\/p>\n\n\n\n<p class=\"wp-block-paragraph\">Ni hablar del cad\u00e1ver de Mar\u00eda Eva Duarte de Per\u00f3n. El cuerpo embalsamado de Evita permaneci\u00f3 oculto durante 16 a\u00f1os, luego de ser sustra\u00eddo por agentes militares.<\/p>\n\n\n\n<p class=\"wp-block-paragraph\">Fue una pesadilla para los sucesivos gobiernos dictatoriales que no sab\u00edan qu\u00e9 hacer con los restos de la \u201cabanderada de los humildes\u201d. Hasta que, negociaci\u00f3n mediante, Per\u00f3n recibi\u00f3 el cad\u00e1ver que hab\u00eda estado enterrado en Italia durante algunos a\u00f1os.<\/p>\n\n\n\n<p class=\"wp-block-paragraph\"><\/p>\n\n\n\n<figure class=\"wp-block-image size-large\"><img data-recalc-dims=\"1\" fetchpriority=\"high\" decoding=\"async\" width=\"1024\" height=\"710\" src=\"https:\/\/i0.wp.com\/elregionalvm.com.ar\/noticias-villa-maria\/wp-content\/uploads\/2021\/07\/ciberdelito.jpg?resize=1024%2C710&#038;ssl=1\" alt=\"\" class=\"wp-image-41364\" srcset=\"https:\/\/i0.wp.com\/elregionalvm.com.ar\/noticias-villa-maria\/wp-content\/uploads\/2021\/07\/ciberdelito.jpg?resize=1024%2C710&amp;ssl=1 1024w, https:\/\/i0.wp.com\/elregionalvm.com.ar\/noticias-villa-maria\/wp-content\/uploads\/2021\/07\/ciberdelito.jpg?resize=300%2C208&amp;ssl=1 300w, https:\/\/i0.wp.com\/elregionalvm.com.ar\/noticias-villa-maria\/wp-content\/uploads\/2021\/07\/ciberdelito.jpg?resize=768%2C533&amp;ssl=1 768w, https:\/\/i0.wp.com\/elregionalvm.com.ar\/noticias-villa-maria\/wp-content\/uploads\/2021\/07\/ciberdelito.jpg?w=1194&amp;ssl=1 1194w\" sizes=\"(max-width: 1000px) 100vw, 1000px\" \/><\/figure>\n\n\n\n<p class=\"wp-block-paragraph\"><\/p>\n\n\n\n<p class=\"wp-block-paragraph\">Otros hechos m\u00e1s leves, pero no por eso menos reprobables estuvieron relacionados con figuras pol\u00edticas argentinas. En 2009, por ejemplo, se llevaron el bast\u00f3n y la banda presidencial de Arturo Frondizi del Museo Hist\u00f3rico de la Casa Rosada.<\/p>\n\n\n\n<p class=\"wp-block-paragraph\">Y la lista sigue, por supuesto.<\/p>\n\n\n\n<p class=\"wp-block-paragraph\">Hace unos d\u00edas nada m\u00e1s, los periodistas acreditados en la Casa Rosada se encontraron con una sorpresa: escritorios revueltos, pertenencias personales sustra\u00eddas y casilleros personales forzados.<\/p>\n\n\n\n<p class=\"wp-block-paragraph\">Nadie puede explicarse c\u00f3mo pas\u00f3 eso en la sede del gobierno argentino, donde la seguridad deber\u00eda ser intachable. En el sector no hay c\u00e1maras de seguridad, no hubo denuncia formal y solo una investigaci\u00f3n de oficio de la Polic\u00eda Federal.<\/p>\n\n\n\n<p class=\"wp-block-paragraph\">Medio raro todo, \u00bfno?<\/p>\n\n\n\n<p class=\"wp-block-paragraph\"><strong>El anillo<\/strong><\/p>\n\n\n\n<p class=\"wp-block-paragraph\">Carlos Menem falleci\u00f3 el 14 de febrero de 2021a los 90 a\u00f1os. Poco despu\u00e9s se conoci\u00f3 que le hab\u00edan sacado el anillo de oro que llevaba en una de sus manos. Las sospechas recayeron en un enfermero.<\/p>\n\n\n\n<p class=\"wp-block-paragraph\"><\/p>\n\n\n\n<figure class=\"wp-block-image size-large\"><img data-recalc-dims=\"1\" decoding=\"async\" width=\"1024\" height=\"637\" src=\"https:\/\/i0.wp.com\/elregionalvm.com.ar\/noticias-villa-maria\/wp-content\/uploads\/2021\/02\/anillo-menem-1.jpg?resize=1024%2C637&#038;ssl=1\" alt=\"\" class=\"wp-image-33119\" srcset=\"https:\/\/i0.wp.com\/elregionalvm.com.ar\/noticias-villa-maria\/wp-content\/uploads\/2021\/02\/anillo-menem-1.jpg?resize=1024%2C637&amp;ssl=1 1024w, https:\/\/i0.wp.com\/elregionalvm.com.ar\/noticias-villa-maria\/wp-content\/uploads\/2021\/02\/anillo-menem-1.jpg?resize=300%2C187&amp;ssl=1 300w, https:\/\/i0.wp.com\/elregionalvm.com.ar\/noticias-villa-maria\/wp-content\/uploads\/2021\/02\/anillo-menem-1.jpg?resize=768%2C477&amp;ssl=1 768w, https:\/\/i0.wp.com\/elregionalvm.com.ar\/noticias-villa-maria\/wp-content\/uploads\/2021\/02\/anillo-menem-1.jpg?w=1200&amp;ssl=1 1200w\" sizes=\"(max-width: 1000px) 100vw, 1000px\" \/><figcaption class=\"wp-element-caption\"><em>El cl\u00e1sico anillo de Menem fue devuelto por familiares del enfermero sospechoso.<\/em><\/figcaption><\/figure>\n\n\n\n<p class=\"wp-block-paragraph\"><\/p>\n\n\n\n<p class=\"wp-block-paragraph\">El objeto fue restituido por familiares del acusado, quien permaneci\u00f3 pr\u00f3fugo. Lo llevaron a una Comisar\u00eda, les tomaron testimonio y quedaron en libertad.<\/p>\n\n\n\n<p class=\"wp-block-paragraph\">El anillo estaba grabado con las inscripciones de los nombres de los hijos del expresidente.<\/p>\n\n\n\n<p class=\"wp-block-paragraph\">Una muestra m\u00e1s de la tristemente c\u00e9lebre viveza criolla.<\/p>\n\n\n\n<p class=\"wp-block-paragraph\">Pero, como ya lo dijimos, fue solo un cap\u00edtulo m\u00e1s de acontecimientos lamentables que siguieron la misma modalidad. No el peor, claro.<\/p>\n\n\n\n<p class=\"wp-block-paragraph\"><strong>Dientes y reloj<\/strong><\/p>\n\n\n\n<p class=\"wp-block-paragraph\">Belgrano muri\u00f3 en la m\u00e1s absoluta pobreza. Al H\u00e9roe de la Patria le enviaron una m\u00ednima cantidad de dinero cuando reclam\u00f3 al Gobierno la liquidaci\u00f3n de los sueldos adeudados.<\/p>\n\n\n\n<p class=\"wp-block-paragraph\">No hubo un funeral destacado ni grandes reconocimientos hasta varios a\u00f1os despu\u00e9s. En 1902, exhumaron sus restos para ser trasladados a un nuevo monumento por iniciativa del presidente Julio Argentino Roca.<\/p>\n\n\n\n<p class=\"wp-block-paragraph\">Algunos huesos y su dentadura se colocaron en una bandeja de plata. Ah\u00ed fue cuando los ministros del Interior y de Guerra, Gonz\u00e1lez y Ricchieri, se apropiaron cada uno de un diente de Belgrano. La excusa usada luego fue que era para mostrar las piezas dentales al general Bartolom\u00e9 Mitre.<\/p>\n\n\n\n<p class=\"wp-block-paragraph\"><\/p>\n\n\n\n<figure class=\"wp-block-image size-large\"><img data-recalc-dims=\"1\" decoding=\"async\" width=\"1024\" height=\"575\" src=\"https:\/\/i0.wp.com\/elregionalvm.com.ar\/noticias-villa-maria\/wp-content\/uploads\/2021\/02\/Dientes-de-Belgrano-caricatura.jpg?resize=1024%2C575&#038;ssl=1\" alt=\"\" class=\"wp-image-33115\" srcset=\"https:\/\/i0.wp.com\/elregionalvm.com.ar\/noticias-villa-maria\/wp-content\/uploads\/2021\/02\/Dientes-de-Belgrano-caricatura.jpg?resize=1024%2C575&amp;ssl=1 1024w, https:\/\/i0.wp.com\/elregionalvm.com.ar\/noticias-villa-maria\/wp-content\/uploads\/2021\/02\/Dientes-de-Belgrano-caricatura.jpg?resize=300%2C169&amp;ssl=1 300w, https:\/\/i0.wp.com\/elregionalvm.com.ar\/noticias-villa-maria\/wp-content\/uploads\/2021\/02\/Dientes-de-Belgrano-caricatura.jpg?resize=768%2C432&amp;ssl=1 768w, https:\/\/i0.wp.com\/elregionalvm.com.ar\/noticias-villa-maria\/wp-content\/uploads\/2021\/02\/Dientes-de-Belgrano-caricatura.jpg?w=1500&amp;ssl=1 1500w\" sizes=\"(max-width: 1000px) 100vw, 1000px\" \/><figcaption class=\"wp-element-caption\"><em>Una ilustraci\u00f3n de \u00abCaras y Caretas\u00bb expone el robo de los dientes de Belgrano.<\/em><\/figcaption><\/figure>\n\n\n\n<p class=\"wp-block-paragraph\"><\/p>\n\n\n\n<p class=\"wp-block-paragraph\">El reclamo de la prensa surti\u00f3 efecto y las restituyeron. \u201cQue devuelvan esos dientes al patriota que menos comi\u00f3 en su gloriosa vida con los dineros de la Naci\u00f3n\u201d, hab\u00eda publicado \u201cLa Prensa\u201d.<\/p>\n\n\n\n<p class=\"wp-block-paragraph\">Pero, el creador de la bandera nacional padeci\u00f3 otros infortunios. Un reloj de oro, con cadena, obsequio del rey Jorge III de Inglaterra, que le hab\u00eda obsequiado a su m\u00e9dico, el escoc\u00e9s Joseph Redhead, fue robado del Museo Hist\u00f3rico Nacional en junio de 2007.<\/p>\n\n\n\n<p class=\"wp-block-paragraph\">Mientras tanto, a\u00fan resta que se construya una de las cuatro escuelas con un dinero que destin\u00f3 con esa finalidad en 1.813. No lleg\u00f3 a ver ninguna construida. La de Tarija se levant\u00f3 en 1974, la de Tucum\u00e1n, en 1998, y la de Jujuy, en 2004. La de Santiago del Estero, brilla por su ausencia.<\/p>\n\n\n\n<p class=\"wp-block-paragraph\"><strong>Las manos<\/strong><\/p>\n\n\n\n<p class=\"wp-block-paragraph\">El 29 de junio de 1987, 13 a\u00f1os despu\u00e9s de su muerte, la tumba de Per\u00f3n en el cementerio de La Chacarita fue profanada. Se llevaron varios objetos, como la espada y su gorra militar, y tambi\u00e9n sus manos, que habr\u00edan sido cortadas con una sierra, seg\u00fan la investigaci\u00f3n judicial.<\/p>\n\n\n\n<p class=\"wp-block-paragraph\">Su f\u00e9retro estaba blindado con un vidrio de siete cent\u00edmetros de espesor y ten\u00eda cuatro cerraduras que se abr\u00edan usando 12 llaves. La tapa de madera estaba cubierta por una plancha de metal.<\/p>\n\n\n\n<p class=\"wp-block-paragraph\"><\/p>\n\n\n\n<figure class=\"wp-block-image size-large\"><img data-recalc-dims=\"1\" loading=\"lazy\" decoding=\"async\" width=\"1024\" height=\"576\" src=\"https:\/\/i0.wp.com\/elregionalvm.com.ar\/noticias-villa-maria\/wp-content\/uploads\/2021\/02\/Cadaver-Juan-Domingo-Peron-1920.jpg?resize=1024%2C576&#038;ssl=1\" alt=\"\" class=\"wp-image-33117\" srcset=\"https:\/\/i0.wp.com\/elregionalvm.com.ar\/noticias-villa-maria\/wp-content\/uploads\/2021\/02\/Cadaver-Juan-Domingo-Peron-1920.jpg?resize=1024%2C576&amp;ssl=1 1024w, https:\/\/i0.wp.com\/elregionalvm.com.ar\/noticias-villa-maria\/wp-content\/uploads\/2021\/02\/Cadaver-Juan-Domingo-Peron-1920.jpg?resize=300%2C169&amp;ssl=1 300w, https:\/\/i0.wp.com\/elregionalvm.com.ar\/noticias-villa-maria\/wp-content\/uploads\/2021\/02\/Cadaver-Juan-Domingo-Peron-1920.jpg?resize=768%2C432&amp;ssl=1 768w, https:\/\/i0.wp.com\/elregionalvm.com.ar\/noticias-villa-maria\/wp-content\/uploads\/2021\/02\/Cadaver-Juan-Domingo-Peron-1920.jpg?resize=1536%2C864&amp;ssl=1 1536w, https:\/\/i0.wp.com\/elregionalvm.com.ar\/noticias-villa-maria\/wp-content\/uploads\/2021\/02\/Cadaver-Juan-Domingo-Peron-1920.jpg?w=1920&amp;ssl=1 1920w\" sizes=\"(max-width: 1000px) 100vw, 1000px\" \/><figcaption class=\"wp-element-caption\"><em>El cuerpo embalsamado de Per\u00f3n fue profanado.<\/em><\/figcaption><\/figure>\n\n\n\n<p class=\"wp-block-paragraph\"><\/p>\n\n\n\n<p class=\"wp-block-paragraph\">Hubo un pedido de rescate inicial y sospechas de una \u201cvendetta\u201d por parte del italiano Licio Gelli, jefe de la logia Propaganda Due (P2), por un supuesto pacto incumplido por Per\u00f3n. Pero, la hip\u00f3tesis qued\u00f3 en la nada.<\/p>\n\n\n\n<p class=\"wp-block-paragraph\">Seis hombres fueron arrestados y cinco procesados, pero ninguno fue acusado formalmente. Los \u00faltimos fueron sobrese\u00eddos en 1990. Aunque se sostiene que hubo participaci\u00f3n de agentes de inteligencia militar, la causa no posee una pista s\u00f3lida ni tampoco imputados.<\/p>\n\n\n\n<p class=\"wp-block-paragraph\">Incluso, varias personas que participaron de la investigaci\u00f3n han muerto de manera sospechosa o asesinadas. El juez Jaime Far Suau, por caso, falleci\u00f3 el 22 de noviembre de 1988 en un accidente automovil\u00edstico.<\/p>\n\n\n\n<p class=\"wp-block-paragraph\"><strong>El cuerpo<\/strong><\/p>\n\n\n\n<p class=\"wp-block-paragraph\">El cad\u00e1ver embalsamado de Eva Per\u00f3n fue un bot\u00edn de guerra disputado entre los propios militares en el poder y el peronismo que resist\u00eda.<\/p>\n\n\n\n<p class=\"wp-block-paragraph\">Su cuerpo fue robado de la sede de la CGT y tuvo un peregrinaje err\u00e1tico y vergonzoso durante largos 16 a\u00f1os. Los militares no quer\u00edan enterrarla en un lugar donde se la pudiera venerar y se convirtiera en un s\u00edmbolo de la resistencia al poder de facto.<\/p>\n\n\n\n<p class=\"wp-block-paragraph\"><\/p>\n\n\n\n<figure class=\"wp-block-image size-full\"><img data-recalc-dims=\"1\" loading=\"lazy\" decoding=\"async\" width=\"1000\" height=\"750\" src=\"https:\/\/i0.wp.com\/elregionalvm.com.ar\/noticias-villa-maria\/wp-content\/uploads\/2022\/03\/Eva-Peron.jpg?resize=1000%2C750&#038;ssl=1\" alt=\"\" class=\"wp-image-53758\" srcset=\"https:\/\/i0.wp.com\/elregionalvm.com.ar\/noticias-villa-maria\/wp-content\/uploads\/2022\/03\/Eva-Peron.jpg?w=1000&amp;ssl=1 1000w, https:\/\/i0.wp.com\/elregionalvm.com.ar\/noticias-villa-maria\/wp-content\/uploads\/2022\/03\/Eva-Peron.jpg?resize=300%2C225&amp;ssl=1 300w, https:\/\/i0.wp.com\/elregionalvm.com.ar\/noticias-villa-maria\/wp-content\/uploads\/2022\/03\/Eva-Peron.jpg?resize=768%2C576&amp;ssl=1 768w\" sizes=\"(max-width: 1000px) 100vw, 1000px\" \/><figcaption class=\"wp-element-caption\"><em>El cuerpo embalsamado de Eva Per\u00f3n fue un bot\u00edn de guerra.<\/em><\/figcaption><\/figure>\n\n\n\n<p class=\"wp-block-paragraph\"><\/p>\n\n\n\n<p class=\"wp-block-paragraph\">Pesadilla y locura signific\u00f3 el cad\u00e1ver en manos de sus captores. Uno termin\u00f3 matando a su esposa embarazada cuando pens\u00f3 que alguien hab\u00eda descubierto el lugar secreto donde la ten\u00eda: el altillo de su casa. Y un jefe de inteligencia fue separado de su cargo cuando se descubri\u00f3 que manoseaba el cuerpo.<\/p>\n\n\n\n<p class=\"wp-block-paragraph\">Tras negociaciones con el Vaticano, Evita fue sepultada en un cementerio italiano con nombre y nacionalidad de ese pa\u00eds. El 3 de septiembre de 1971, Per\u00f3n recibi\u00f3 el f\u00e9retro con el cuerpo tras un derrotero de una d\u00e9cada y media.<\/p>\n\n\n\n<p class=\"wp-block-paragraph\">Sus restos descansan hoy en el Cementerio de la Recoleta.<\/p>\n\n\n\n<p class=\"wp-block-paragraph\"><strong>Otros robos<\/strong><\/p>\n\n\n\n<p class=\"wp-block-paragraph\">En agosto de 2007, se robaron del Museo de la Casa Rosada una lapicera del presidente Roberto Ortiz y dos relojes de Nicol\u00e1s Avellaneda y Agust\u00edn P. Justo.<\/p>\n\n\n\n<p class=\"wp-block-paragraph\">El reloj de Avellaneda era un Robert Roskell de Liverpool de bolsillo, con cadena de oro, chalequero y relicario.<\/p>\n\n\n\n<p class=\"wp-block-paragraph\">El de Justo era un Ulysse Nardin -marca suiza fundada en 1846 y a\u00fan activa-, de oro y pesaba 196 gramos.<\/p>\n\n\n\n<p class=\"wp-block-paragraph\">En octubre de ese a\u00f1o, faltaron cuatro medallones del a\u00f1o 1850 del Museo Fern\u00e1ndez Blanco.<\/p>\n\n\n\n<p class=\"wp-block-paragraph\">En febrero de 2008, tras un asalto al Museo Hist\u00f3rico y Numism\u00e1tico del Banco Naci\u00f3n, se alzaron con monedas valuadas en 100.000 pesos.<\/p>\n\n\n\n<p class=\"wp-block-paragraph\"><\/p>\n\n\n\n<figure class=\"wp-block-image size-large\"><img data-recalc-dims=\"1\" loading=\"lazy\" decoding=\"async\" width=\"1024\" height=\"683\" src=\"https:\/\/i0.wp.com\/elregionalvm.com.ar\/noticias-villa-maria\/wp-content\/uploads\/2021\/04\/Casa-Rosada-1.jpg?resize=1024%2C683&#038;ssl=1\" alt=\"\" class=\"wp-image-36726\" srcset=\"https:\/\/i0.wp.com\/elregionalvm.com.ar\/noticias-villa-maria\/wp-content\/uploads\/2021\/04\/Casa-Rosada-1.jpg?resize=1024%2C683&amp;ssl=1 1024w, https:\/\/i0.wp.com\/elregionalvm.com.ar\/noticias-villa-maria\/wp-content\/uploads\/2021\/04\/Casa-Rosada-1.jpg?resize=300%2C200&amp;ssl=1 300w, https:\/\/i0.wp.com\/elregionalvm.com.ar\/noticias-villa-maria\/wp-content\/uploads\/2021\/04\/Casa-Rosada-1.jpg?resize=768%2C512&amp;ssl=1 768w, https:\/\/i0.wp.com\/elregionalvm.com.ar\/noticias-villa-maria\/wp-content\/uploads\/2021\/04\/Casa-Rosada-1.jpg?w=1200&amp;ssl=1 1200w\" sizes=\"(max-width: 1000px) 100vw, 1000px\" \/><\/figure>\n\n\n\n<p class=\"wp-block-paragraph\"><\/p>\n\n\n\n<p class=\"wp-block-paragraph\">A comienzos de este a\u00f1o, hubo incluso algunos cruces entre integrantes de Las Fuerzas del Cielo mile\u00edstas por el faltante de un pote de miel, tazas y vasos t\u00e9rmicos, de un sector de la Casa Rosada.<\/p>\n\n\n\n<p class=\"wp-block-paragraph\">El suceso m\u00e1s reciente tuvo como v\u00edctimas a los periodistas acreditados en la sede del Ejecutivo nacional, con quienes los funcionarios del Gobierno, incluso el propio presidente Javier Milei, tienen una relaci\u00f3n bastante tensa.<\/p>\n\n\n\n<p class=\"wp-block-paragraph\">Durante el \u00faltimo fin de semana, desconocidos ingresaron a la Sala de Periodistas \u201cDecano Roberto Di Sandro\u201d, y los trabajadores de prensa se encontraron con un escenario desalentador: cajones de escritorios totalmente abiertos, mochilas movidas y pertenencias personales desparramadas por el suelo o faltantes.<\/p>\n\n\n\n<p class=\"wp-block-paragraph\">El hecho, como era de esperarse, reaviv\u00f3 de inmediato las denuncias por amedrentamiento y persecuci\u00f3n contra la prensa libre. Mientras la Polic\u00eda Federal inici\u00f3 una investigaci\u00f3n criminal de oficio, desde el Poder Ejecutivo mantuvieron un llamativo desentendimiento sobre lo ocurrido.<\/p>\n\n\n\n<p class=\"wp-block-paragraph\">Por lo visto, no se salva nada. Ni nadie.<\/p>\n\n\n\n<p class=\"wp-block-paragraph\">L\u00e1stima.<\/p>\n\n\n\n<p class=\"wp-block-paragraph\"><\/p>\n","protected":false},"excerpt":{"rendered":"<p>Anillos, joyas, dentaduras, cuerpos embalsamados, parte de cad\u00e1veres, bastones de mando y bandas presidenciales, hasta pertenencias de periodistas acreditados en la Casa Rosada en los \u00faltimos d\u00edas. Todo eso y mucho m\u00e1s que desconocemos, les robaron a figuras pol\u00edticas argentinas que van desde Belgrano y Per\u00f3n hasta Menem y Frondizi. Escribe: Germ\u00e1n Giacchero M\u00e1s all\u00e1 [&hellip;]<\/p>\n","protected":false},"author":6,"featured_media":66849,"comment_status":"open","ping_status":"open","sticky":false,"template":"","format":"standard","meta":{"site-sidebar-layout":"default","site-content-layout":"","ast-site-content-layout":"default","site-content-style":"default","site-sidebar-style":"default","ast-global-header-display":"","ast-banner-title-visibility":"","ast-main-header-display":"","ast-hfb-above-header-display":"","ast-hfb-below-header-display":"","ast-hfb-mobile-header-display":"","site-post-title":"","ast-breadcrumbs-content":"","ast-featured-img":"","footer-sml-layout":"","ast-disable-related-posts":"","theme-transparent-header-meta":"","adv-header-id-meta":"","stick-header-meta":"","header-above-stick-meta":"","header-main-stick-meta":"","header-below-stick-meta":"","astra-migrate-meta-layouts":"set","ast-page-background-enabled":"default","ast-page-background-meta":{"desktop":{"background-color":"","background-image":"","background-repeat":"repeat","background-position":"center center","background-size":"auto","background-attachment":"scroll","background-type":"","background-media":"","overlay-type":"","overlay-color":"","overlay-opacity":"","overlay-gradient":""},"tablet":{"background-color":"","background-image":"","background-repeat":"repeat","background-position":"center center","background-size":"auto","background-attachment":"scroll","background-type":"","background-media":"","overlay-type":"","overlay-color":"","overlay-opacity":"","overlay-gradient":""},"mobile":{"background-color":"","background-image":"","background-repeat":"repeat","background-position":"center center","background-size":"auto","background-attachment":"scroll","background-type":"","background-media":"","overlay-type":"","overlay-color":"","overlay-opacity":"","overlay-gradient":""}},"ast-content-background-meta":{"desktop":{"background-color":"var(--ast-global-color-5)","background-image":"","background-repeat":"repeat","background-position":"center center","background-size":"auto","background-attachment":"scroll","background-type":"","background-media":"","overlay-type":"","overlay-color":"","overlay-opacity":"","overlay-gradient":""},"tablet":{"background-color":"var(--ast-global-color-5)","background-image":"","background-repeat":"repeat","background-position":"center center","background-size":"auto","background-attachment":"scroll","background-type":"","background-media":"","overlay-type":"","overlay-color":"","overlay-opacity":"","overlay-gradient":""},"mobile":{"background-color":"var(--ast-global-color-5)","background-image":"","background-repeat":"repeat","background-position":"center center","background-size":"auto","background-attachment":"scroll","background-type":"","background-media":"","overlay-type":"","overlay-color":"","overlay-opacity":"","overlay-gradient":""}},"_jetpack_newsletter_access":"","_jetpack_dont_email_post_to_subs":false,"_jetpack_newsletter_tier_id":0,"_jetpack_memberships_contains_paywalled_content":false,"_jetpack_memberships_contains_paid_content":false,"_joinchat":[],"footnotes":""},"categories":[2234,2089],"tags":[25666,2250,1005,7352,3975,15352,661,381,519,2069,15656,1515],"class_list":["post-118350","post","type-post","status-publish","format-standard","has-post-thumbnail","hentry","category-policiales","category-politica","tag-anillo","tag-belgrano","tag-casa-rosada","tag-eva-peron","tag-insolito","tag-milei","tag-periodistas","tag-peron","tag-politica","tag-principal","tag-proceres","tag-robos"],"yoast_head":"<!-- This site is optimized with the Yoast SEO plugin v28.4 - https:\/\/yoast.com\/product\/yoast-seo-wordpress\/ -->\n<title>[Pol\u00edtica] Se roban todo: De la dentadura de Belgrano y las manos de Per\u00f3n al anillo de Menem y pertenencias de periodistas en la Rosada - El Regional<\/title>\n<meta name=\"robots\" content=\"index, follow, max-snippet:-1, max-image-preview:large, max-video-preview:-1\" \/>\n<link rel=\"canonical\" href=\"https:\/\/elregionalvm.com.ar\/noticias-villa-maria\/politica-se-roban-todo-de-la-dentadura-de-belgrano-y-las-manos-de-peron-al-anillo-de-menem-y-pertenencias-de-periodistas-en-la-rosada\/\" \/>\n<meta property=\"og:locale\" content=\"es_ES\" \/>\n<meta property=\"og:type\" content=\"article\" \/>\n<meta property=\"og:title\" content=\"[Pol\u00edtica] Se roban todo: De la dentadura de Belgrano y las manos de Per\u00f3n al anillo de Menem y pertenencias de periodistas en la Rosada - El Regional\" \/>\n<meta property=\"og:description\" content=\"Anillos, joyas, dentaduras, cuerpos embalsamados, parte de cad\u00e1veres, bastones de mando y bandas presidenciales, hasta pertenencias de periodistas acreditados en la Casa Rosada en los \u00faltimos d\u00edas. Todo eso y mucho m\u00e1s que desconocemos, les robaron a figuras pol\u00edticas argentinas que van desde Belgrano y Per\u00f3n hasta Menem y Frondizi. Escribe: Germ\u00e1n Giacchero M\u00e1s all\u00e1 [&hellip;]\" \/>\n<meta property=\"og:url\" content=\"https:\/\/elregionalvm.com.ar\/noticias-villa-maria\/politica-se-roban-todo-de-la-dentadura-de-belgrano-y-las-manos-de-peron-al-anillo-de-menem-y-pertenencias-de-periodistas-en-la-rosada\/\" \/>\n<meta property=\"og:site_name\" content=\"El Regional\" \/>\n<meta property=\"article:publisher\" content=\"https:\/\/www.facebook.com\/elregionalvm\" \/>\n<meta property=\"article:published_time\" content=\"2026-09-02T15:24:17+00:00\" \/>\n<meta property=\"article:modified_time\" content=\"2026-09-02T15:25:38+00:00\" \/>\n<meta property=\"og:image\" content=\"https:\/\/elregionalvm.com.ar\/noticias-villa-maria\/wp-content\/uploads\/2022\/11\/Casa-rosada-grieta.jpg\" \/>\n\t<meta property=\"og:image:width\" content=\"827\" \/>\n\t<meta property=\"og:image:height\" content=\"464\" \/>\n\t<meta property=\"og:image:type\" content=\"image\/jpeg\" \/>\n<meta name=\"author\" content=\"Germ\u00e1n Giacchero\" \/>\n<meta name=\"twitter:card\" content=\"summary_large_image\" \/>\n<meta name=\"twitter:creator\" content=\"@elregionalvm1\" \/>\n<meta name=\"twitter:site\" content=\"@elregionalvm1\" \/>\n<meta name=\"twitter:label1\" content=\"Escrito por\" \/>\n\t<meta name=\"twitter:data1\" content=\"Germ\u00e1n Giacchero\" \/>\n\t<meta name=\"twitter:label2\" content=\"Tiempo de lectura\" \/>\n\t<meta name=\"twitter:data2\" content=\"8 minutos\" \/>\n<script type=\"application\/ld+json\" class=\"yoast-schema-graph\">{\"@context\":\"https:\\\/\\\/schema.org\",\"@graph\":[{\"@type\":\"Article\",\"@id\":\"https:\\\/\\\/elregionalvm.com.ar\\\/noticias-villa-maria\\\/politica-se-roban-todo-de-la-dentadura-de-belgrano-y-las-manos-de-peron-al-anillo-de-menem-y-pertenencias-de-periodistas-en-la-rosada\\\/#article\",\"isPartOf\":{\"@id\":\"https:\\\/\\\/elregionalvm.com.ar\\\/noticias-villa-maria\\\/politica-se-roban-todo-de-la-dentadura-de-belgrano-y-las-manos-de-peron-al-anillo-de-menem-y-pertenencias-de-periodistas-en-la-rosada\\\/\"},\"author\":{\"name\":\"Germ\u00e1n Giacchero\",\"@id\":\"http:\\\/\\\/elregionalvm.com.ar\\\/noticias-villa-maria\\\/#\\\/schema\\\/person\\\/d5e4b04966154131701e52c45d3efec9\"},\"headline\":\"[Pol\u00edtica] Se roban todo: De la dentadura de Belgrano y las manos de Per\u00f3n al anillo de Menem y pertenencias de periodistas en la Rosada\",\"datePublished\":\"2026-09-02T15:24:17+00:00\",\"dateModified\":\"2026-09-02T15:25:38+00:00\",\"mainEntityOfPage\":{\"@id\":\"https:\\\/\\\/elregionalvm.com.ar\\\/noticias-villa-maria\\\/politica-se-roban-todo-de-la-dentadura-de-belgrano-y-las-manos-de-peron-al-anillo-de-menem-y-pertenencias-de-periodistas-en-la-rosada\\\/\"},\"wordCount\":1560,\"commentCount\":0,\"image\":{\"@id\":\"https:\\\/\\\/elregionalvm.com.ar\\\/noticias-villa-maria\\\/politica-se-roban-todo-de-la-dentadura-de-belgrano-y-las-manos-de-peron-al-anillo-de-menem-y-pertenencias-de-periodistas-en-la-rosada\\\/#primaryimage\"},\"thumbnailUrl\":\"https:\\\/\\\/i0.wp.com\\\/elregionalvm.com.ar\\\/noticias-villa-maria\\\/wp-content\\\/uploads\\\/2022\\\/11\\\/Casa-rosada-grieta.jpg?fit=827%2C464&ssl=1\",\"keywords\":[\"anillo\",\"Belgrano\",\"Casa Rosada\",\"Eva Per\u00f3n\",\"ins\u00f3lito\",\"Milei\",\"Periodistas\",\"Per\u00f3n\",\"Pol\u00edtica\",\"principal\",\"pr\u00f3ceres\",\"Robos\"],\"articleSection\":[\"Policiales\",\"Pol\u00edtica\"],\"inLanguage\":\"es\",\"potentialAction\":[{\"@type\":\"CommentAction\",\"name\":\"Comment\",\"target\":[\"https:\\\/\\\/elregionalvm.com.ar\\\/noticias-villa-maria\\\/politica-se-roban-todo-de-la-dentadura-de-belgrano-y-las-manos-de-peron-al-anillo-de-menem-y-pertenencias-de-periodistas-en-la-rosada\\\/#respond\"]}]},{\"@type\":\"WebPage\",\"@id\":\"https:\\\/\\\/elregionalvm.com.ar\\\/noticias-villa-maria\\\/politica-se-roban-todo-de-la-dentadura-de-belgrano-y-las-manos-de-peron-al-anillo-de-menem-y-pertenencias-de-periodistas-en-la-rosada\\\/\",\"url\":\"https:\\\/\\\/elregionalvm.com.ar\\\/noticias-villa-maria\\\/politica-se-roban-todo-de-la-dentadura-de-belgrano-y-las-manos-de-peron-al-anillo-de-menem-y-pertenencias-de-periodistas-en-la-rosada\\\/\",\"name\":\"[Pol\u00edtica] Se roban todo: De la dentadura de Belgrano y las manos de Per\u00f3n al anillo de Menem y pertenencias de periodistas en la Rosada - El Regional\",\"isPartOf\":{\"@id\":\"http:\\\/\\\/elregionalvm.com.ar\\\/noticias-villa-maria\\\/#website\"},\"primaryImageOfPage\":{\"@id\":\"https:\\\/\\\/elregionalvm.com.ar\\\/noticias-villa-maria\\\/politica-se-roban-todo-de-la-dentadura-de-belgrano-y-las-manos-de-peron-al-anillo-de-menem-y-pertenencias-de-periodistas-en-la-rosada\\\/#primaryimage\"},\"image\":{\"@id\":\"https:\\\/\\\/elregionalvm.com.ar\\\/noticias-villa-maria\\\/politica-se-roban-todo-de-la-dentadura-de-belgrano-y-las-manos-de-peron-al-anillo-de-menem-y-pertenencias-de-periodistas-en-la-rosada\\\/#primaryimage\"},\"thumbnailUrl\":\"https:\\\/\\\/i0.wp.com\\\/elregionalvm.com.ar\\\/noticias-villa-maria\\\/wp-content\\\/uploads\\\/2022\\\/11\\\/Casa-rosada-grieta.jpg?fit=827%2C464&ssl=1\",\"datePublished\":\"2026-09-02T15:24:17+00:00\",\"dateModified\":\"2026-09-02T15:25:38+00:00\",\"author\":{\"@id\":\"http:\\\/\\\/elregionalvm.com.ar\\\/noticias-villa-maria\\\/#\\\/schema\\\/person\\\/d5e4b04966154131701e52c45d3efec9\"},\"breadcrumb\":{\"@id\":\"https:\\\/\\\/elregionalvm.com.ar\\\/noticias-villa-maria\\\/politica-se-roban-todo-de-la-dentadura-de-belgrano-y-las-manos-de-peron-al-anillo-de-menem-y-pertenencias-de-periodistas-en-la-rosada\\\/#breadcrumb\"},\"inLanguage\":\"es\",\"potentialAction\":[{\"@type\":\"ReadAction\",\"target\":[\"https:\\\/\\\/elregionalvm.com.ar\\\/noticias-villa-maria\\\/politica-se-roban-todo-de-la-dentadura-de-belgrano-y-las-manos-de-peron-al-anillo-de-menem-y-pertenencias-de-periodistas-en-la-rosada\\\/\"]}]},{\"@type\":\"ImageObject\",\"inLanguage\":\"es\",\"@id\":\"https:\\\/\\\/elregionalvm.com.ar\\\/noticias-villa-maria\\\/politica-se-roban-todo-de-la-dentadura-de-belgrano-y-las-manos-de-peron-al-anillo-de-menem-y-pertenencias-de-periodistas-en-la-rosada\\\/#primaryimage\",\"url\":\"https:\\\/\\\/i0.wp.com\\\/elregionalvm.com.ar\\\/noticias-villa-maria\\\/wp-content\\\/uploads\\\/2022\\\/11\\\/Casa-rosada-grieta.jpg?fit=827%2C464&ssl=1\",\"contentUrl\":\"https:\\\/\\\/i0.wp.com\\\/elregionalvm.com.ar\\\/noticias-villa-maria\\\/wp-content\\\/uploads\\\/2022\\\/11\\\/Casa-rosada-grieta.jpg?fit=827%2C464&ssl=1\",\"width\":827,\"height\":464},{\"@type\":\"BreadcrumbList\",\"@id\":\"https:\\\/\\\/elregionalvm.com.ar\\\/noticias-villa-maria\\\/politica-se-roban-todo-de-la-dentadura-de-belgrano-y-las-manos-de-peron-al-anillo-de-menem-y-pertenencias-de-periodistas-en-la-rosada\\\/#breadcrumb\",\"itemListElement\":[{\"@type\":\"ListItem\",\"position\":1,\"name\":\"Portada\",\"item\":\"https:\\\/\\\/elregionalvm.com.ar\\\/noticias-villa-maria\\\/\"},{\"@type\":\"ListItem\",\"position\":2,\"name\":\"[Pol\u00edtica] Se roban todo: De la dentadura de Belgrano y las manos de Per\u00f3n al anillo de Menem y pertenencias de periodistas en la Rosada\"}]},{\"@type\":\"WebSite\",\"@id\":\"http:\\\/\\\/elregionalvm.com.ar\\\/noticias-villa-maria\\\/#website\",\"url\":\"http:\\\/\\\/elregionalvm.com.ar\\\/noticias-villa-maria\\\/\",\"name\":\"El Regional\",\"description\":\"Mucho m\u00e1s que informaci\u00f3n\",\"potentialAction\":[{\"@type\":\"SearchAction\",\"target\":{\"@type\":\"EntryPoint\",\"urlTemplate\":\"http:\\\/\\\/elregionalvm.com.ar\\\/noticias-villa-maria\\\/?s={search_term_string}\"},\"query-input\":{\"@type\":\"PropertyValueSpecification\",\"valueRequired\":true,\"valueName\":\"search_term_string\"}}],\"inLanguage\":\"es\"},{\"@type\":\"Person\",\"@id\":\"http:\\\/\\\/elregionalvm.com.ar\\\/noticias-villa-maria\\\/#\\\/schema\\\/person\\\/d5e4b04966154131701e52c45d3efec9\",\"name\":\"Germ\u00e1n Giacchero\",\"image\":{\"@type\":\"ImageObject\",\"inLanguage\":\"es\",\"@id\":\"https:\\\/\\\/secure.gravatar.com\\\/avatar\\\/fda163ba5ef0307ee5be9846e10f83b6e83d0cfb260d3b2464830318894c6b04?s=96&d=mm&r=g\",\"url\":\"https:\\\/\\\/secure.gravatar.com\\\/avatar\\\/fda163ba5ef0307ee5be9846e10f83b6e83d0cfb260d3b2464830318894c6b04?s=96&d=mm&r=g\",\"contentUrl\":\"https:\\\/\\\/secure.gravatar.com\\\/avatar\\\/fda163ba5ef0307ee5be9846e10f83b6e83d0cfb260d3b2464830318894c6b04?s=96&d=mm&r=g\",\"caption\":\"Germ\u00e1n Giacchero\"},\"url\":\"https:\\\/\\\/elregionalvm.com.ar\\\/noticias-villa-maria\\\/author\\\/germangiacchero\\\/\"}]}<\/script>\n<!-- \/ Yoast SEO plugin. -->","yoast_head_json":{"title":"[Pol\u00edtica] Se roban todo: De la dentadura de Belgrano y las manos de Per\u00f3n al anillo de Menem y pertenencias de periodistas en la Rosada - El Regional","robots":{"index":"index","follow":"follow","max-snippet":"max-snippet:-1","max-image-preview":"max-image-preview:large","max-video-preview":"max-video-preview:-1"},"canonical":"https:\/\/elregionalvm.com.ar\/noticias-villa-maria\/politica-se-roban-todo-de-la-dentadura-de-belgrano-y-las-manos-de-peron-al-anillo-de-menem-y-pertenencias-de-periodistas-en-la-rosada\/","og_locale":"es_ES","og_type":"article","og_title":"[Pol\u00edtica] Se roban todo: De la dentadura de Belgrano y las manos de Per\u00f3n al anillo de Menem y pertenencias de periodistas en la Rosada - El Regional","og_description":"Anillos, joyas, dentaduras, cuerpos embalsamados, parte de cad\u00e1veres, bastones de mando y bandas presidenciales, hasta pertenencias de periodistas acreditados en la Casa Rosada en los \u00faltimos d\u00edas. Todo eso y mucho m\u00e1s que desconocemos, les robaron a figuras pol\u00edticas argentinas que van desde Belgrano y Per\u00f3n hasta Menem y Frondizi. Escribe: Germ\u00e1n Giacchero M\u00e1s all\u00e1 [&hellip;]","og_url":"https:\/\/elregionalvm.com.ar\/noticias-villa-maria\/politica-se-roban-todo-de-la-dentadura-de-belgrano-y-las-manos-de-peron-al-anillo-de-menem-y-pertenencias-de-periodistas-en-la-rosada\/","og_site_name":"El Regional","article_publisher":"https:\/\/www.facebook.com\/elregionalvm","article_published_time":"2026-09-02T15:24:17+00:00","article_modified_time":"2026-09-02T15:25:38+00:00","og_image":[{"width":827,"height":464,"url":"https:\/\/elregionalvm.com.ar\/noticias-villa-maria\/wp-content\/uploads\/2022\/11\/Casa-rosada-grieta.jpg","type":"image\/jpeg"}],"author":"Germ\u00e1n Giacchero","twitter_card":"summary_large_image","twitter_creator":"@elregionalvm1","twitter_site":"@elregionalvm1","twitter_misc":{"Escrito por":"Germ\u00e1n Giacchero","Tiempo de lectura":"8 minutos"},"schema":{"@context":"https:\/\/schema.org","@graph":[{"@type":"Article","@id":"https:\/\/elregionalvm.com.ar\/noticias-villa-maria\/politica-se-roban-todo-de-la-dentadura-de-belgrano-y-las-manos-de-peron-al-anillo-de-menem-y-pertenencias-de-periodistas-en-la-rosada\/#article","isPartOf":{"@id":"https:\/\/elregionalvm.com.ar\/noticias-villa-maria\/politica-se-roban-todo-de-la-dentadura-de-belgrano-y-las-manos-de-peron-al-anillo-de-menem-y-pertenencias-de-periodistas-en-la-rosada\/"},"author":{"name":"Germ\u00e1n Giacchero","@id":"http:\/\/elregionalvm.com.ar\/noticias-villa-maria\/#\/schema\/person\/d5e4b04966154131701e52c45d3efec9"},"headline":"[Pol\u00edtica] Se roban todo: De la dentadura de Belgrano y las manos de Per\u00f3n al anillo de Menem y pertenencias de periodistas en la Rosada","datePublished":"2026-09-02T15:24:17+00:00","dateModified":"2026-09-02T15:25:38+00:00","mainEntityOfPage":{"@id":"https:\/\/elregionalvm.com.ar\/noticias-villa-maria\/politica-se-roban-todo-de-la-dentadura-de-belgrano-y-las-manos-de-peron-al-anillo-de-menem-y-pertenencias-de-periodistas-en-la-rosada\/"},"wordCount":1560,"commentCount":0,"image":{"@id":"https:\/\/elregionalvm.com.ar\/noticias-villa-maria\/politica-se-roban-todo-de-la-dentadura-de-belgrano-y-las-manos-de-peron-al-anillo-de-menem-y-pertenencias-de-periodistas-en-la-rosada\/#primaryimage"},"thumbnailUrl":"https:\/\/i0.wp.com\/elregionalvm.com.ar\/noticias-villa-maria\/wp-content\/uploads\/2022\/11\/Casa-rosada-grieta.jpg?fit=827%2C464&ssl=1","keywords":["anillo","Belgrano","Casa Rosada","Eva Per\u00f3n","ins\u00f3lito","Milei","Periodistas","Per\u00f3n","Pol\u00edtica","principal","pr\u00f3ceres","Robos"],"articleSection":["Policiales","Pol\u00edtica"],"inLanguage":"es","potentialAction":[{"@type":"CommentAction","name":"Comment","target":["https:\/\/elregionalvm.com.ar\/noticias-villa-maria\/politica-se-roban-todo-de-la-dentadura-de-belgrano-y-las-manos-de-peron-al-anillo-de-menem-y-pertenencias-de-periodistas-en-la-rosada\/#respond"]}]},{"@type":"WebPage","@id":"https:\/\/elregionalvm.com.ar\/noticias-villa-maria\/politica-se-roban-todo-de-la-dentadura-de-belgrano-y-las-manos-de-peron-al-anillo-de-menem-y-pertenencias-de-periodistas-en-la-rosada\/","url":"https:\/\/elregionalvm.com.ar\/noticias-villa-maria\/politica-se-roban-todo-de-la-dentadura-de-belgrano-y-las-manos-de-peron-al-anillo-de-menem-y-pertenencias-de-periodistas-en-la-rosada\/","name":"[Pol\u00edtica] Se roban todo: De la dentadura de Belgrano y las manos de Per\u00f3n al anillo de Menem y pertenencias de periodistas en la Rosada - El Regional","isPartOf":{"@id":"http:\/\/elregionalvm.com.ar\/noticias-villa-maria\/#website"},"primaryImageOfPage":{"@id":"https:\/\/elregionalvm.com.ar\/noticias-villa-maria\/politica-se-roban-todo-de-la-dentadura-de-belgrano-y-las-manos-de-peron-al-anillo-de-menem-y-pertenencias-de-periodistas-en-la-rosada\/#primaryimage"},"image":{"@id":"https:\/\/elregionalvm.com.ar\/noticias-villa-maria\/politica-se-roban-todo-de-la-dentadura-de-belgrano-y-las-manos-de-peron-al-anillo-de-menem-y-pertenencias-de-periodistas-en-la-rosada\/#primaryimage"},"thumbnailUrl":"https:\/\/i0.wp.com\/elregionalvm.com.ar\/noticias-villa-maria\/wp-content\/uploads\/2022\/11\/Casa-rosada-grieta.jpg?fit=827%2C464&ssl=1","datePublished":"2026-09-02T15:24:17+00:00","dateModified":"2026-09-02T15:25:38+00:00","author":{"@id":"http:\/\/elregionalvm.com.ar\/noticias-villa-maria\/#\/schema\/person\/d5e4b04966154131701e52c45d3efec9"},"breadcrumb":{"@id":"https:\/\/elregionalvm.com.ar\/noticias-villa-maria\/politica-se-roban-todo-de-la-dentadura-de-belgrano-y-las-manos-de-peron-al-anillo-de-menem-y-pertenencias-de-periodistas-en-la-rosada\/#breadcrumb"},"inLanguage":"es","potentialAction":[{"@type":"ReadAction","target":["https:\/\/elregionalvm.com.ar\/noticias-villa-maria\/politica-se-roban-todo-de-la-dentadura-de-belgrano-y-las-manos-de-peron-al-anillo-de-menem-y-pertenencias-de-periodistas-en-la-rosada\/"]}]},{"@type":"ImageObject","inLanguage":"es","@id":"https:\/\/elregionalvm.com.ar\/noticias-villa-maria\/politica-se-roban-todo-de-la-dentadura-de-belgrano-y-las-manos-de-peron-al-anillo-de-menem-y-pertenencias-de-periodistas-en-la-rosada\/#primaryimage","url":"https:\/\/i0.wp.com\/elregionalvm.com.ar\/noticias-villa-maria\/wp-content\/uploads\/2022\/11\/Casa-rosada-grieta.jpg?fit=827%2C464&ssl=1","contentUrl":"https:\/\/i0.wp.com\/elregionalvm.com.ar\/noticias-villa-maria\/wp-content\/uploads\/2022\/11\/Casa-rosada-grieta.jpg?fit=827%2C464&ssl=1","width":827,"height":464},{"@type":"BreadcrumbList","@id":"https:\/\/elregionalvm.com.ar\/noticias-villa-maria\/politica-se-roban-todo-de-la-dentadura-de-belgrano-y-las-manos-de-peron-al-anillo-de-menem-y-pertenencias-de-periodistas-en-la-rosada\/#breadcrumb","itemListElement":[{"@type":"ListItem","position":1,"name":"Portada","item":"https:\/\/elregionalvm.com.ar\/noticias-villa-maria\/"},{"@type":"ListItem","position":2,"name":"[Pol\u00edtica] Se roban todo: De la dentadura de Belgrano y las manos de Per\u00f3n al anillo de Menem y pertenencias de periodistas en la Rosada"}]},{"@type":"WebSite","@id":"http:\/\/elregionalvm.com.ar\/noticias-villa-maria\/#website","url":"http:\/\/elregionalvm.com.ar\/noticias-villa-maria\/","name":"El Regional","description":"Mucho m\u00e1s que informaci\u00f3n","potentialAction":[{"@type":"SearchAction","target":{"@type":"EntryPoint","urlTemplate":"http:\/\/elregionalvm.com.ar\/noticias-villa-maria\/?s={search_term_string}"},"query-input":{"@type":"PropertyValueSpecification","valueRequired":true,"valueName":"search_term_string"}}],"inLanguage":"es"},{"@type":"Person","@id":"http:\/\/elregionalvm.com.ar\/noticias-villa-maria\/#\/schema\/person\/d5e4b04966154131701e52c45d3efec9","name":"Germ\u00e1n Giacchero","image":{"@type":"ImageObject","inLanguage":"es","@id":"https:\/\/secure.gravatar.com\/avatar\/fda163ba5ef0307ee5be9846e10f83b6e83d0cfb260d3b2464830318894c6b04?s=96&d=mm&r=g","url":"https:\/\/secure.gravatar.com\/avatar\/fda163ba5ef0307ee5be9846e10f83b6e83d0cfb260d3b2464830318894c6b04?s=96&d=mm&r=g","contentUrl":"https:\/\/secure.gravatar.com\/avatar\/fda163ba5ef0307ee5be9846e10f83b6e83d0cfb260d3b2464830318894c6b04?s=96&d=mm&r=g","caption":"Germ\u00e1n Giacchero"},"url":"https:\/\/elregionalvm.com.ar\/noticias-villa-maria\/author\/germangiacchero\/"}]}},"jetpack_sharing_enabled":true,"jetpack_featured_media_url":"https:\/\/i0.wp.com\/elregionalvm.com.ar\/noticias-villa-maria\/wp-content\/uploads\/2022\/11\/Casa-rosada-grieta.jpg?fit=827%2C464&ssl=1","_links":{"self":[{"href":"https:\/\/elregionalvm.com.ar\/noticias-villa-maria\/wp-json\/wp\/v2\/posts\/118350","targetHints":{"allow":["GET"]}}],"collection":[{"href":"https:\/\/elregionalvm.com.ar\/noticias-villa-maria\/wp-json\/wp\/v2\/posts"}],"about":[{"href":"https:\/\/elregionalvm.com.ar\/noticias-villa-maria\/wp-json\/wp\/v2\/types\/post"}],"author":[{"embeddable":true,"href":"https:\/\/elregionalvm.com.ar\/noticias-villa-maria\/wp-json\/wp\/v2\/users\/6"}],"replies":[{"embeddable":true,"href":"https:\/\/elregionalvm.com.ar\/noticias-villa-maria\/wp-json\/wp\/v2\/comments?post=118350"}],"version-history":[{"count":3,"href":"https:\/\/elregionalvm.com.ar\/noticias-villa-maria\/wp-json\/wp\/v2\/posts\/118350\/revisions"}],"predecessor-version":[{"id":118354,"href":"https:\/\/elregionalvm.com.ar\/noticias-villa-maria\/wp-json\/wp\/v2\/posts\/118350\/revisions\/118354"}],"wp:featuredmedia":[{"embeddable":true,"href":"https:\/\/elregionalvm.com.ar\/noticias-villa-maria\/wp-json\/wp\/v2\/media\/66849"}],"wp:attachment":[{"href":"https:\/\/elregionalvm.com.ar\/noticias-villa-maria\/wp-json\/wp\/v2\/media?parent=118350"}],"wp:term":[{"taxonomy":"category","embeddable":true,"href":"https:\/\/elregionalvm.com.ar\/noticias-villa-maria\/wp-json\/wp\/v2\/categories?post=118350"},{"taxonomy":"post_tag","embeddable":true,"href":"https:\/\/elregionalvm.com.ar\/noticias-villa-maria\/wp-json\/wp\/v2\/tags?post=118350"}],"curies":[{"name":"wp","href":"https:\/\/api.w.org\/{rel}","templated":true}]}}