{"id":118364,"date":"2026-09-02T17:43:22","date_gmt":"2026-09-02T17:43:22","guid":{"rendered":"https:\/\/elregionalvm.com.ar\/noticias-villa-maria\/?p=118364"},"modified":"2026-09-02T17:43:24","modified_gmt":"2026-09-02T17:43:24","slug":"cinco-personas-fueron-aprehendidas-por-cuidar-vehiculos-sin-autorizacion","status":"publish","type":"post","link":"https:\/\/elregionalvm.com.ar\/noticias-villa-maria\/cinco-personas-fueron-aprehendidas-por-cuidar-vehiculos-sin-autorizacion\/","title":{"rendered":"Cinco personas fueron aprehendidas por cuidar veh\u00edculos sin autorizaci\u00f3n"},"content":{"rendered":"\n<h2 class=\"wp-block-heading\">Durante la madrugada de este mi\u00e9rcoles, personal policial realiz\u00f3 dos procedimientos en distintos sectores de Villa Mar\u00eda, donde fueron aprehendidas cinco personas acusadas de realizar cuidado de veh\u00edculos sin autorizaci\u00f3n.<\/h2>\n\n\n\n<p class=\"wp-block-paragraph\"><\/p>\n\n\n\n<p class=\"wp-block-paragraph\">Uno de los operativos tuvo lugar en la intersecci\u00f3n de <strong>Mendoza e Hip\u00f3lito Yrigoyen<\/strong>, mientras que el segundo se desarroll\u00f3 en la zona de <strong>Rioja y Colombia<\/strong>.<\/p>\n\n\n\n<p class=\"wp-block-paragraph\">Seg\u00fan inform\u00f3 la Departamental General San Mart\u00edn, los involucrados fueron detectados por <strong>operadores de la Central de Monitoreo<\/strong>, quienes observaron que se encontraban realizando tareas de cuidado de veh\u00edculos sin autorizaci\u00f3n.<\/p>\n\n\n\n<p class=\"wp-block-paragraph\">En total, fueron aprehendidos <strong>cuatro hombres de 28, 30, 33 y 49 a\u00f1os y una mujer de 33 a\u00f1os<\/strong>.<\/p>\n\n\n\n<p class=\"wp-block-paragraph\">La conducta se encuentra contemplada en el <strong>Art\u00edculo 60 Qu\u00e1ter del C\u00f3digo de Convivencia Ciudadana<\/strong>, referido al cuidado de veh\u00edculos sin autorizaci\u00f3n.<\/p>\n\n\n\n<p class=\"wp-block-paragraph\">Las cinco personas quedaron a disposici\u00f3n de la autoridad competente.<\/p>\n","protected":false},"excerpt":{"rendered":"<p>Durante la madrugada de este mi\u00e9rcoles, personal policial realiz\u00f3 dos procedimientos en distintos sectores de Villa Mar\u00eda, donde fueron aprehendidas cinco personas acusadas de realizar cuidado de veh\u00edculos sin autorizaci\u00f3n. Uno de los operativos tuvo lugar en la intersecci\u00f3n de Mendoza e Hip\u00f3lito Yrigoyen, mientras que el segundo se desarroll\u00f3 en la zona de Rioja [&hellip;]<\/p>\n","protected":false},"author":4,"featured_media":118365,"comment_status":"open","ping_status":"open","sticky":false,"template":"","format":"standard","meta":{"site-sidebar-layout":"default","site-content-layout":"","ast-site-content-layout":"default","site-content-style":"default","site-sidebar-style":"default","ast-global-header-display":"","ast-banner-title-visibility":"","ast-main-header-display":"","ast-hfb-above-header-display":"","ast-hfb-below-header-display":"","ast-hfb-mobile-header-display":"","site-post-title":"","ast-breadcrumbs-content":"","ast-featured-img":"","footer-sml-layout":"","ast-disable-related-posts":"","theme-transparent-header-meta":"","adv-header-id-meta":"","stick-header-meta":"","header-above-stick-meta":"","header-main-stick-meta":"","header-below-stick-meta":"","astra-migrate-meta-layouts":"set","ast-page-background-enabled":"default","ast-page-background-meta":{"desktop":{"background-color":"","background-image":"","background-repeat":"repeat","background-position":"center center","background-size":"auto","background-attachment":"scroll","background-type":"","background-media":"","overlay-type":"","overlay-color":"","overlay-opacity":"","overlay-gradient":""},"tablet":{"background-color":"","background-image":"","background-repeat":"repeat","background-position":"center center","background-size":"auto","background-attachment":"scroll","background-type":"","background-media":"","overlay-type":"","overlay-color":"","overlay-opacity":"","overlay-gradient":""},"mobile":{"background-color":"","background-image":"","background-repeat":"repeat","background-position":"center center","background-size":"auto","background-attachment":"scroll","background-type":"","background-media":"","overlay-type":"","overlay-color":"","overlay-opacity":"","overlay-gradient":""}},"ast-content-background-meta":{"desktop":{"background-color":"var(--ast-global-color-5)","background-image":"","background-repeat":"repeat","background-position":"center center","background-size":"auto","background-attachment":"scroll","background-type":"","background-media":"","overlay-type":"","overlay-color":"","overlay-opacity":"","overlay-gradient":""},"tablet":{"background-color":"var(--ast-global-color-5)","background-image":"","background-repeat":"repeat","background-position":"center center","background-size":"auto","background-attachment":"scroll","background-type":"","background-media":"","overlay-type":"","overlay-color":"","overlay-opacity":"","overlay-gradient":""},"mobile":{"background-color":"var(--ast-global-color-5)","background-image":"","background-repeat":"repeat","background-position":"center center","background-size":"auto","background-attachment":"scroll","background-type":"","background-media":"","overlay-type":"","overlay-color":"","overlay-opacity":"","overlay-gradient":""}},"_jetpack_newsletter_access":"","_jetpack_dont_email_post_to_subs":false,"_jetpack_newsletter_tier_id":0,"_jetpack_memberships_contains_paywalled_content":false,"_jetpack_memberships_contains_paid_content":false,"_joinchat":[],"footnotes":""},"categories":[15302,2234],"tags":[],"class_list":["post-118364","post","type-post","status-publish","format-standard","has-post-thumbnail","hentry","category-destacado","category-policiales"],"yoast_head":"<!-- This site is optimized with the Yoast SEO plugin v28.4 - https:\/\/yoast.com\/product\/yoast-seo-wordpress\/ -->\n<title>Cinco personas fueron aprehendidas por cuidar veh\u00edculos sin autorizaci\u00f3n - El Regional<\/title>\n<meta name=\"robots\" content=\"index, follow, max-snippet:-1, max-image-preview:large, max-video-preview:-1\" \/>\n<link rel=\"canonical\" href=\"https:\/\/elregionalvm.com.ar\/noticias-villa-maria\/cinco-personas-fueron-aprehendidas-por-cuidar-vehiculos-sin-autorizacion\/\" \/>\n<meta property=\"og:locale\" content=\"es_ES\" \/>\n<meta property=\"og:type\" content=\"article\" \/>\n<meta property=\"og:title\" content=\"Cinco personas fueron aprehendidas por cuidar veh\u00edculos sin autorizaci\u00f3n - El Regional\" \/>\n<meta property=\"og:description\" content=\"Durante la madrugada de este mi\u00e9rcoles, personal policial realiz\u00f3 dos procedimientos en distintos sectores de Villa Mar\u00eda, donde fueron aprehendidas cinco personas acusadas de realizar cuidado de veh\u00edculos sin autorizaci\u00f3n. Uno de los operativos tuvo lugar en la intersecci\u00f3n de Mendoza e Hip\u00f3lito Yrigoyen, mientras que el segundo se desarroll\u00f3 en la zona de Rioja [&hellip;]\" \/>\n<meta property=\"og:url\" content=\"https:\/\/elregionalvm.com.ar\/noticias-villa-maria\/cinco-personas-fueron-aprehendidas-por-cuidar-vehiculos-sin-autorizacion\/\" \/>\n<meta property=\"og:site_name\" content=\"El Regional\" \/>\n<meta property=\"article:publisher\" content=\"https:\/\/www.facebook.com\/elregionalvm\" \/>\n<meta property=\"article:published_time\" content=\"2026-09-02T17:43:22+00:00\" \/>\n<meta property=\"article:modified_time\" content=\"2026-09-02T17:43:24+00:00\" \/>\n<meta property=\"og:image\" content=\"https:\/\/elregionalvm.com.ar\/noticias-villa-maria\/wp-content\/uploads\/2026\/09\/detenidos.jpg\" \/>\n\t<meta property=\"og:image:width\" content=\"850\" \/>\n\t<meta property=\"og:image:height\" content=\"850\" \/>\n\t<meta property=\"og:image:type\" content=\"image\/jpeg\" \/>\n<meta name=\"author\" content=\"Contenidos El Regional\" \/>\n<meta name=\"twitter:card\" content=\"summary_large_image\" \/>\n<meta name=\"twitter:creator\" content=\"@elregionalvm1\" \/>\n<meta name=\"twitter:site\" content=\"@elregionalvm1\" \/>\n<meta name=\"twitter:label1\" content=\"Escrito por\" \/>\n\t<meta name=\"twitter:data1\" content=\"Contenidos El Regional\" \/>\n\t<meta name=\"twitter:label2\" content=\"Tiempo de lectura\" \/>\n\t<meta name=\"twitter:data2\" content=\"1 minuto\" \/>\n<script type=\"application\/ld+json\" class=\"yoast-schema-graph\">{\"@context\":\"https:\\\/\\\/schema.org\",\"@graph\":[{\"@type\":\"Article\",\"@id\":\"https:\\\/\\\/elregionalvm.com.ar\\\/noticias-villa-maria\\\/cinco-personas-fueron-aprehendidas-por-cuidar-vehiculos-sin-autorizacion\\\/#article\",\"isPartOf\":{\"@id\":\"https:\\\/\\\/elregionalvm.com.ar\\\/noticias-villa-maria\\\/cinco-personas-fueron-aprehendidas-por-cuidar-vehiculos-sin-autorizacion\\\/\"},\"author\":{\"name\":\"Contenidos El Regional\",\"@id\":\"http:\\\/\\\/elregionalvm.com.ar\\\/noticias-villa-maria\\\/#\\\/schema\\\/person\\\/a0fb9c422317faca23d50163151bc354\"},\"headline\":\"Cinco personas fueron aprehendidas por cuidar veh\u00edculos sin autorizaci\u00f3n\",\"datePublished\":\"2026-09-02T17:43:22+00:00\",\"dateModified\":\"2026-09-02T17:43:24+00:00\",\"mainEntityOfPage\":{\"@id\":\"https:\\\/\\\/elregionalvm.com.ar\\\/noticias-villa-maria\\\/cinco-personas-fueron-aprehendidas-por-cuidar-vehiculos-sin-autorizacion\\\/\"},\"wordCount\":162,\"commentCount\":0,\"image\":{\"@id\":\"https:\\\/\\\/elregionalvm.com.ar\\\/noticias-villa-maria\\\/cinco-personas-fueron-aprehendidas-por-cuidar-vehiculos-sin-autorizacion\\\/#primaryimage\"},\"thumbnailUrl\":\"https:\\\/\\\/i0.wp.com\\\/elregionalvm.com.ar\\\/noticias-villa-maria\\\/wp-content\\\/uploads\\\/2026\\\/09\\\/detenidos.jpg?fit=850%2C850&ssl=1\",\"articleSection\":[\"destacado\",\"Policiales\"],\"inLanguage\":\"es\",\"potentialAction\":[{\"@type\":\"CommentAction\",\"name\":\"Comment\",\"target\":[\"https:\\\/\\\/elregionalvm.com.ar\\\/noticias-villa-maria\\\/cinco-personas-fueron-aprehendidas-por-cuidar-vehiculos-sin-autorizacion\\\/#respond\"]}]},{\"@type\":\"WebPage\",\"@id\":\"https:\\\/\\\/elregionalvm.com.ar\\\/noticias-villa-maria\\\/cinco-personas-fueron-aprehendidas-por-cuidar-vehiculos-sin-autorizacion\\\/\",\"url\":\"https:\\\/\\\/elregionalvm.com.ar\\\/noticias-villa-maria\\\/cinco-personas-fueron-aprehendidas-por-cuidar-vehiculos-sin-autorizacion\\\/\",\"name\":\"Cinco personas fueron aprehendidas por cuidar veh\u00edculos sin autorizaci\u00f3n - El Regional\",\"isPartOf\":{\"@id\":\"http:\\\/\\\/elregionalvm.com.ar\\\/noticias-villa-maria\\\/#website\"},\"primaryImageOfPage\":{\"@id\":\"https:\\\/\\\/elregionalvm.com.ar\\\/noticias-villa-maria\\\/cinco-personas-fueron-aprehendidas-por-cuidar-vehiculos-sin-autorizacion\\\/#primaryimage\"},\"image\":{\"@id\":\"https:\\\/\\\/elregionalvm.com.ar\\\/noticias-villa-maria\\\/cinco-personas-fueron-aprehendidas-por-cuidar-vehiculos-sin-autorizacion\\\/#primaryimage\"},\"thumbnailUrl\":\"https:\\\/\\\/i0.wp.com\\\/elregionalvm.com.ar\\\/noticias-villa-maria\\\/wp-content\\\/uploads\\\/2026\\\/09\\\/detenidos.jpg?fit=850%2C850&ssl=1\",\"datePublished\":\"2026-09-02T17:43:22+00:00\",\"dateModified\":\"2026-09-02T17:43:24+00:00\",\"author\":{\"@id\":\"http:\\\/\\\/elregionalvm.com.ar\\\/noticias-villa-maria\\\/#\\\/schema\\\/person\\\/a0fb9c422317faca23d50163151bc354\"},\"breadcrumb\":{\"@id\":\"https:\\\/\\\/elregionalvm.com.ar\\\/noticias-villa-maria\\\/cinco-personas-fueron-aprehendidas-por-cuidar-vehiculos-sin-autorizacion\\\/#breadcrumb\"},\"inLanguage\":\"es\",\"potentialAction\":[{\"@type\":\"ReadAction\",\"target\":[\"https:\\\/\\\/elregionalvm.com.ar\\\/noticias-villa-maria\\\/cinco-personas-fueron-aprehendidas-por-cuidar-vehiculos-sin-autorizacion\\\/\"]}]},{\"@type\":\"ImageObject\",\"inLanguage\":\"es\",\"@id\":\"https:\\\/\\\/elregionalvm.com.ar\\\/noticias-villa-maria\\\/cinco-personas-fueron-aprehendidas-por-cuidar-vehiculos-sin-autorizacion\\\/#primaryimage\",\"url\":\"https:\\\/\\\/i0.wp.com\\\/elregionalvm.com.ar\\\/noticias-villa-maria\\\/wp-content\\\/uploads\\\/2026\\\/09\\\/detenidos.jpg?fit=850%2C850&ssl=1\",\"contentUrl\":\"https:\\\/\\\/i0.wp.com\\\/elregionalvm.com.ar\\\/noticias-villa-maria\\\/wp-content\\\/uploads\\\/2026\\\/09\\\/detenidos.jpg?fit=850%2C850&ssl=1\",\"width\":850,\"height\":850},{\"@type\":\"BreadcrumbList\",\"@id\":\"https:\\\/\\\/elregionalvm.com.ar\\\/noticias-villa-maria\\\/cinco-personas-fueron-aprehendidas-por-cuidar-vehiculos-sin-autorizacion\\\/#breadcrumb\",\"itemListElement\":[{\"@type\":\"ListItem\",\"position\":1,\"name\":\"Portada\",\"item\":\"https:\\\/\\\/elregionalvm.com.ar\\\/noticias-villa-maria\\\/\"},{\"@type\":\"ListItem\",\"position\":2,\"name\":\"Cinco personas fueron aprehendidas por cuidar veh\u00edculos sin autorizaci\u00f3n\"}]},{\"@type\":\"WebSite\",\"@id\":\"http:\\\/\\\/elregionalvm.com.ar\\\/noticias-villa-maria\\\/#website\",\"url\":\"http:\\\/\\\/elregionalvm.com.ar\\\/noticias-villa-maria\\\/\",\"name\":\"El Regional\",\"description\":\"Mucho m\u00e1s que informaci\u00f3n\",\"potentialAction\":[{\"@type\":\"SearchAction\",\"target\":{\"@type\":\"EntryPoint\",\"urlTemplate\":\"http:\\\/\\\/elregionalvm.com.ar\\\/noticias-villa-maria\\\/?s={search_term_string}\"},\"query-input\":{\"@type\":\"PropertyValueSpecification\",\"valueRequired\":true,\"valueName\":\"search_term_string\"}}],\"inLanguage\":\"es\"},{\"@type\":\"Person\",\"@id\":\"http:\\\/\\\/elregionalvm.com.ar\\\/noticias-villa-maria\\\/#\\\/schema\\\/person\\\/a0fb9c422317faca23d50163151bc354\",\"name\":\"Contenidos El Regional\",\"image\":{\"@type\":\"ImageObject\",\"inLanguage\":\"es\",\"@id\":\"https:\\\/\\\/secure.gravatar.com\\\/avatar\\\/265b27cb2209af7bb3a1318f03305787d7981a5cc6e6cd08fe5a4ecdf99d4b48?s=96&d=mm&r=g\",\"url\":\"https:\\\/\\\/secure.gravatar.com\\\/avatar\\\/265b27cb2209af7bb3a1318f03305787d7981a5cc6e6cd08fe5a4ecdf99d4b48?s=96&d=mm&r=g\",\"contentUrl\":\"https:\\\/\\\/secure.gravatar.com\\\/avatar\\\/265b27cb2209af7bb3a1318f03305787d7981a5cc6e6cd08fe5a4ecdf99d4b48?s=96&d=mm&r=g\",\"caption\":\"Contenidos El Regional\"},\"url\":\"https:\\\/\\\/elregionalvm.com.ar\\\/noticias-villa-maria\\\/author\\\/contenido\\\/\"}]}<\/script>\n<!-- \/ Yoast SEO plugin. -->","yoast_head_json":{"title":"Cinco personas fueron aprehendidas por cuidar veh\u00edculos sin autorizaci\u00f3n - El Regional","robots":{"index":"index","follow":"follow","max-snippet":"max-snippet:-1","max-image-preview":"max-image-preview:large","max-video-preview":"max-video-preview:-1"},"canonical":"https:\/\/elregionalvm.com.ar\/noticias-villa-maria\/cinco-personas-fueron-aprehendidas-por-cuidar-vehiculos-sin-autorizacion\/","og_locale":"es_ES","og_type":"article","og_title":"Cinco personas fueron aprehendidas por cuidar veh\u00edculos sin autorizaci\u00f3n - El Regional","og_description":"Durante la madrugada de este mi\u00e9rcoles, personal policial realiz\u00f3 dos procedimientos en distintos sectores de Villa Mar\u00eda, donde fueron aprehendidas cinco personas acusadas de realizar cuidado de veh\u00edculos sin autorizaci\u00f3n. Uno de los operativos tuvo lugar en la intersecci\u00f3n de Mendoza e Hip\u00f3lito Yrigoyen, mientras que el segundo se desarroll\u00f3 en la zona de Rioja [&hellip;]","og_url":"https:\/\/elregionalvm.com.ar\/noticias-villa-maria\/cinco-personas-fueron-aprehendidas-por-cuidar-vehiculos-sin-autorizacion\/","og_site_name":"El Regional","article_publisher":"https:\/\/www.facebook.com\/elregionalvm","article_published_time":"2026-09-02T17:43:22+00:00","article_modified_time":"2026-09-02T17:43:24+00:00","og_image":[{"width":850,"height":850,"url":"https:\/\/elregionalvm.com.ar\/noticias-villa-maria\/wp-content\/uploads\/2026\/09\/detenidos.jpg","type":"image\/jpeg"}],"author":"Contenidos El Regional","twitter_card":"summary_large_image","twitter_creator":"@elregionalvm1","twitter_site":"@elregionalvm1","twitter_misc":{"Escrito por":"Contenidos El Regional","Tiempo de lectura":"1 minuto"},"schema":{"@context":"https:\/\/schema.org","@graph":[{"@type":"Article","@id":"https:\/\/elregionalvm.com.ar\/noticias-villa-maria\/cinco-personas-fueron-aprehendidas-por-cuidar-vehiculos-sin-autorizacion\/#article","isPartOf":{"@id":"https:\/\/elregionalvm.com.ar\/noticias-villa-maria\/cinco-personas-fueron-aprehendidas-por-cuidar-vehiculos-sin-autorizacion\/"},"author":{"name":"Contenidos El Regional","@id":"http:\/\/elregionalvm.com.ar\/noticias-villa-maria\/#\/schema\/person\/a0fb9c422317faca23d50163151bc354"},"headline":"Cinco personas fueron aprehendidas por cuidar veh\u00edculos sin autorizaci\u00f3n","datePublished":"2026-09-02T17:43:22+00:00","dateModified":"2026-09-02T17:43:24+00:00","mainEntityOfPage":{"@id":"https:\/\/elregionalvm.com.ar\/noticias-villa-maria\/cinco-personas-fueron-aprehendidas-por-cuidar-vehiculos-sin-autorizacion\/"},"wordCount":162,"commentCount":0,"image":{"@id":"https:\/\/elregionalvm.com.ar\/noticias-villa-maria\/cinco-personas-fueron-aprehendidas-por-cuidar-vehiculos-sin-autorizacion\/#primaryimage"},"thumbnailUrl":"https:\/\/i0.wp.com\/elregionalvm.com.ar\/noticias-villa-maria\/wp-content\/uploads\/2026\/09\/detenidos.jpg?fit=850%2C850&ssl=1","articleSection":["destacado","Policiales"],"inLanguage":"es","potentialAction":[{"@type":"CommentAction","name":"Comment","target":["https:\/\/elregionalvm.com.ar\/noticias-villa-maria\/cinco-personas-fueron-aprehendidas-por-cuidar-vehiculos-sin-autorizacion\/#respond"]}]},{"@type":"WebPage","@id":"https:\/\/elregionalvm.com.ar\/noticias-villa-maria\/cinco-personas-fueron-aprehendidas-por-cuidar-vehiculos-sin-autorizacion\/","url":"https:\/\/elregionalvm.com.ar\/noticias-villa-maria\/cinco-personas-fueron-aprehendidas-por-cuidar-vehiculos-sin-autorizacion\/","name":"Cinco personas fueron aprehendidas por cuidar veh\u00edculos sin autorizaci\u00f3n - El Regional","isPartOf":{"@id":"http:\/\/elregionalvm.com.ar\/noticias-villa-maria\/#website"},"primaryImageOfPage":{"@id":"https:\/\/elregionalvm.com.ar\/noticias-villa-maria\/cinco-personas-fueron-aprehendidas-por-cuidar-vehiculos-sin-autorizacion\/#primaryimage"},"image":{"@id":"https:\/\/elregionalvm.com.ar\/noticias-villa-maria\/cinco-personas-fueron-aprehendidas-por-cuidar-vehiculos-sin-autorizacion\/#primaryimage"},"thumbnailUrl":"https:\/\/i0.wp.com\/elregionalvm.com.ar\/noticias-villa-maria\/wp-content\/uploads\/2026\/09\/detenidos.jpg?fit=850%2C850&ssl=1","datePublished":"2026-09-02T17:43:22+00:00","dateModified":"2026-09-02T17:43:24+00:00","author":{"@id":"http:\/\/elregionalvm.com.ar\/noticias-villa-maria\/#\/schema\/person\/a0fb9c422317faca23d50163151bc354"},"breadcrumb":{"@id":"https:\/\/elregionalvm.com.ar\/noticias-villa-maria\/cinco-personas-fueron-aprehendidas-por-cuidar-vehiculos-sin-autorizacion\/#breadcrumb"},"inLanguage":"es","potentialAction":[{"@type":"ReadAction","target":["https:\/\/elregionalvm.com.ar\/noticias-villa-maria\/cinco-personas-fueron-aprehendidas-por-cuidar-vehiculos-sin-autorizacion\/"]}]},{"@type":"ImageObject","inLanguage":"es","@id":"https:\/\/elregionalvm.com.ar\/noticias-villa-maria\/cinco-personas-fueron-aprehendidas-por-cuidar-vehiculos-sin-autorizacion\/#primaryimage","url":"https:\/\/i0.wp.com\/elregionalvm.com.ar\/noticias-villa-maria\/wp-content\/uploads\/2026\/09\/detenidos.jpg?fit=850%2C850&ssl=1","contentUrl":"https:\/\/i0.wp.com\/elregionalvm.com.ar\/noticias-villa-maria\/wp-content\/uploads\/2026\/09\/detenidos.jpg?fit=850%2C850&ssl=1","width":850,"height":850},{"@type":"BreadcrumbList","@id":"https:\/\/elregionalvm.com.ar\/noticias-villa-maria\/cinco-personas-fueron-aprehendidas-por-cuidar-vehiculos-sin-autorizacion\/#breadcrumb","itemListElement":[{"@type":"ListItem","position":1,"name":"Portada","item":"https:\/\/elregionalvm.com.ar\/noticias-villa-maria\/"},{"@type":"ListItem","position":2,"name":"Cinco personas fueron aprehendidas por cuidar veh\u00edculos sin autorizaci\u00f3n"}]},{"@type":"WebSite","@id":"http:\/\/elregionalvm.com.ar\/noticias-villa-maria\/#website","url":"http:\/\/elregionalvm.com.ar\/noticias-villa-maria\/","name":"El Regional","description":"Mucho m\u00e1s que informaci\u00f3n","potentialAction":[{"@type":"SearchAction","target":{"@type":"EntryPoint","urlTemplate":"http:\/\/elregionalvm.com.ar\/noticias-villa-maria\/?s={search_term_string}"},"query-input":{"@type":"PropertyValueSpecification","valueRequired":true,"valueName":"search_term_string"}}],"inLanguage":"es"},{"@type":"Person","@id":"http:\/\/elregionalvm.com.ar\/noticias-villa-maria\/#\/schema\/person\/a0fb9c422317faca23d50163151bc354","name":"Contenidos El Regional","image":{"@type":"ImageObject","inLanguage":"es","@id":"https:\/\/secure.gravatar.com\/avatar\/265b27cb2209af7bb3a1318f03305787d7981a5cc6e6cd08fe5a4ecdf99d4b48?s=96&d=mm&r=g","url":"https:\/\/secure.gravatar.com\/avatar\/265b27cb2209af7bb3a1318f03305787d7981a5cc6e6cd08fe5a4ecdf99d4b48?s=96&d=mm&r=g","contentUrl":"https:\/\/secure.gravatar.com\/avatar\/265b27cb2209af7bb3a1318f03305787d7981a5cc6e6cd08fe5a4ecdf99d4b48?s=96&d=mm&r=g","caption":"Contenidos El Regional"},"url":"https:\/\/elregionalvm.com.ar\/noticias-villa-maria\/author\/contenido\/"}]}},"jetpack_sharing_enabled":true,"jetpack_featured_media_url":"https:\/\/i0.wp.com\/elregionalvm.com.ar\/noticias-villa-maria\/wp-content\/uploads\/2026\/09\/detenidos.jpg?fit=850%2C850&ssl=1","_links":{"self":[{"href":"https:\/\/elregionalvm.com.ar\/noticias-villa-maria\/wp-json\/wp\/v2\/posts\/118364","targetHints":{"allow":["GET"]}}],"collection":[{"href":"https:\/\/elregionalvm.com.ar\/noticias-villa-maria\/wp-json\/wp\/v2\/posts"}],"about":[{"href":"https:\/\/elregionalvm.com.ar\/noticias-villa-maria\/wp-json\/wp\/v2\/types\/post"}],"author":[{"embeddable":true,"href":"https:\/\/elregionalvm.com.ar\/noticias-villa-maria\/wp-json\/wp\/v2\/users\/4"}],"replies":[{"embeddable":true,"href":"https:\/\/elregionalvm.com.ar\/noticias-villa-maria\/wp-json\/wp\/v2\/comments?post=118364"}],"version-history":[{"count":1,"href":"https:\/\/elregionalvm.com.ar\/noticias-villa-maria\/wp-json\/wp\/v2\/posts\/118364\/revisions"}],"predecessor-version":[{"id":118366,"href":"https:\/\/elregionalvm.com.ar\/noticias-villa-maria\/wp-json\/wp\/v2\/posts\/118364\/revisions\/118366"}],"wp:featuredmedia":[{"embeddable":true,"href":"https:\/\/elregionalvm.com.ar\/noticias-villa-maria\/wp-json\/wp\/v2\/media\/118365"}],"wp:attachment":[{"href":"https:\/\/elregionalvm.com.ar\/noticias-villa-maria\/wp-json\/wp\/v2\/media?parent=118364"}],"wp:term":[{"taxonomy":"category","embeddable":true,"href":"https:\/\/elregionalvm.com.ar\/noticias-villa-maria\/wp-json\/wp\/v2\/categories?post=118364"},{"taxonomy":"post_tag","embeddable":true,"href":"https:\/\/elregionalvm.com.ar\/noticias-villa-maria\/wp-json\/wp\/v2\/tags?post=118364"}],"curies":[{"name":"wp","href":"https:\/\/api.w.org\/{rel}","templated":true}]}}