{"id":118367,"date":"2026-09-02T18:04:50","date_gmt":"2026-09-02T18:04:50","guid":{"rendered":"https:\/\/elregionalvm.com.ar\/noticias-villa-maria\/?p=118367"},"modified":"2026-09-02T18:04:52","modified_gmt":"2026-09-02T18:04:52","slug":"salud-municipal-villa-maria-registro-mas-de-17-000-atenciones-durante-agosto","status":"publish","type":"post","link":"https:\/\/elregionalvm.com.ar\/noticias-villa-maria\/salud-municipal-villa-maria-registro-mas-de-17-000-atenciones-durante-agosto\/","title":{"rendered":"Salud municipal: Villa Mar\u00eda registr\u00f3 m\u00e1s de 17.000 atenciones durante agosto"},"content":{"rendered":"\n<h2 class=\"wp-block-heading\">La Municipalidad de Villa Mar\u00eda inform\u00f3 que durante agosto el sistema de salud municipal registr\u00f3 <strong>17.339 atenciones<\/strong> en los distintos dispositivos de la ciudad. Del total, <strong>12.334 correspondieron a personas sin cobertura de obra social<\/strong>.<\/h2>\n\n\n\n<p class=\"wp-block-paragraph\"><\/p>\n\n\n\n<p class=\"wp-block-paragraph\">La <strong>Asistencia P\u00fablica<\/strong> concentr\u00f3 la mayor cantidad de consultas, con <strong>9.712 atenciones<\/strong> entre sus distintos consultorios y la Guardia de Enfermer\u00eda.<\/p>\n\n\n\n<p class=\"wp-block-paragraph\">En los Centros de Atenci\u00f3n Primaria de la Salud (CAPS), los que registraron mayor demanda fueron:<\/p>\n\n\n\n<ul class=\"wp-block-list\">\n<li style=\"font-size:18px\"><strong>Las Playas:<\/strong> 732 atenciones.<\/li>\n\n\n\n<li style=\"font-size:18px\"><strong>Nicol\u00e1s Avellaneda:<\/strong> 660.<\/li>\n\n\n\n<li style=\"font-size:18px\"><strong>San Mart\u00edn:<\/strong> 472.<\/li>\n\n\n\n<li style=\"font-size:18px\"><strong>Los Olmos:<\/strong> 436.<\/li>\n\n\n\n<li style=\"font-size:18px\"><strong>Las Acacias:<\/strong> 433.<\/li>\n<\/ul>\n\n\n\n<p class=\"wp-block-paragraph\">Adem\u00e1s, el servicio de emergencias <strong>107VM realiz\u00f3 388 atenciones<\/strong>, mientras que el <strong>Hogar de D\u00eda Encuentro registr\u00f3 387<\/strong>.<\/p>\n\n\n\n<h3 class=\"wp-block-heading\">Enfermer\u00eda, la especialidad con m\u00e1s consultas<\/h3>\n\n\n\n<p class=\"wp-block-paragraph\"><\/p>\n\n\n\n<p class=\"wp-block-paragraph\">Entre las principales especialidades, <strong>Enfermer\u00eda<\/strong> concentr\u00f3 7.050 atenciones, seguida por <strong>Trabajo Social (1.620)<\/strong>, <strong>Cl\u00ednica M\u00e9dica (1.499)<\/strong>, <strong>Bioqu\u00edmica (735)<\/strong> y <strong>Medicina General (684)<\/strong>.<\/p>\n\n\n\n<p class=\"wp-block-paragraph\">Tambi\u00e9n se registraron consultas de <strong>Pediatr\u00eda (593), Psicolog\u00eda (529), Odontolog\u00eda (484), Diagn\u00f3stico por Im\u00e1genes (479), Obstetricia (282) y Ginecolog\u00eda (271)<\/strong>, entre otras.<\/p>\n\n\n\n<p class=\"wp-block-paragraph\">El secretario de Salud, <strong>Juli\u00e1n L\u00f3pez<\/strong>, destac\u00f3 que las cifras reflejan el funcionamiento de una red basada en la atenci\u00f3n primaria y en la b\u00fasqueda de un acceso temprano al sistema de salud.<\/p>\n\n\n\n<h3 class=\"wp-block-heading\">M\u00e1s de 1.000 atenciones en la Guardia Pedi\u00e1trica<\/h3>\n\n\n\n<p class=\"wp-block-paragraph\"><\/p>\n\n\n\n<p class=\"wp-block-paragraph\">La <strong>Guardia Pedi\u00e1trica Municipal<\/strong> registr\u00f3 <strong>1.006 atenciones durante agosto<\/strong>. El servicio funciona las 24 horas, los 365 d\u00edas del a\u00f1o, en las instalaciones del Grupo FAMM, ubicadas en <strong>San Juan 1364<\/strong>, y est\u00e1 destinado a ni\u00f1os y ni\u00f1as menores de 14 a\u00f1os.<\/p>\n\n\n\n<p class=\"wp-block-paragraph\">La atenci\u00f3n es gratuita para quienes no cuentan con obra social o cobertura de salud.<\/p>\n\n\n\n<p class=\"wp-block-paragraph\">Desde el Municipio se\u00f1alaron que la red sanitaria contin\u00faa articulando los distintos centros y servicios de la ciudad, con presencia en los barrios y prioridad en el acceso de las personas que no cuentan con cobertura.<\/p>\n","protected":false},"excerpt":{"rendered":"<p>La Municipalidad de Villa Mar\u00eda inform\u00f3 que durante agosto el sistema de salud municipal registr\u00f3 17.339 atenciones en los distintos dispositivos de la ciudad. Del total, 12.334 correspondieron a personas sin cobertura de obra social. La Asistencia P\u00fablica concentr\u00f3 la mayor cantidad de consultas, con 9.712 atenciones entre sus distintos consultorios y la Guardia de [&hellip;]<\/p>\n","protected":false},"author":4,"featured_media":118368,"comment_status":"open","ping_status":"open","sticky":false,"template":"","format":"standard","meta":{"site-sidebar-layout":"default","site-content-layout":"","ast-site-content-layout":"default","site-content-style":"default","site-sidebar-style":"default","ast-global-header-display":"","ast-banner-title-visibility":"","ast-main-header-display":"","ast-hfb-above-header-display":"","ast-hfb-below-header-display":"","ast-hfb-mobile-header-display":"","site-post-title":"","ast-breadcrumbs-content":"","ast-featured-img":"","footer-sml-layout":"","ast-disable-related-posts":"","theme-transparent-header-meta":"","adv-header-id-meta":"","stick-header-meta":"","header-above-stick-meta":"","header-main-stick-meta":"","header-below-stick-meta":"","astra-migrate-meta-layouts":"set","ast-page-background-enabled":"default","ast-page-background-meta":{"desktop":{"background-color":"","background-image":"","background-repeat":"repeat","background-position":"center center","background-size":"auto","background-attachment":"scroll","background-type":"","background-media":"","overlay-type":"","overlay-color":"","overlay-opacity":"","overlay-gradient":""},"tablet":{"background-color":"","background-image":"","background-repeat":"repeat","background-position":"center center","background-size":"auto","background-attachment":"scroll","background-type":"","background-media":"","overlay-type":"","overlay-color":"","overlay-opacity":"","overlay-gradient":""},"mobile":{"background-color":"","background-image":"","background-repeat":"repeat","background-position":"center center","background-size":"auto","background-attachment":"scroll","background-type":"","background-media":"","overlay-type":"","overlay-color":"","overlay-opacity":"","overlay-gradient":""}},"ast-content-background-meta":{"desktop":{"background-color":"var(--ast-global-color-5)","background-image":"","background-repeat":"repeat","background-position":"center center","background-size":"auto","background-attachment":"scroll","background-type":"","background-media":"","overlay-type":"","overlay-color":"","overlay-opacity":"","overlay-gradient":""},"tablet":{"background-color":"var(--ast-global-color-5)","background-image":"","background-repeat":"repeat","background-position":"center center","background-size":"auto","background-attachment":"scroll","background-type":"","background-media":"","overlay-type":"","overlay-color":"","overlay-opacity":"","overlay-gradient":""},"mobile":{"background-color":"var(--ast-global-color-5)","background-image":"","background-repeat":"repeat","background-position":"center center","background-size":"auto","background-attachment":"scroll","background-type":"","background-media":"","overlay-type":"","overlay-color":"","overlay-opacity":"","overlay-gradient":""}},"_jetpack_newsletter_access":"","_jetpack_dont_email_post_to_subs":false,"_jetpack_newsletter_tier_id":0,"_jetpack_memberships_contains_paywalled_content":false,"_jetpack_memberships_contains_paid_content":false,"_joinchat":[],"footnotes":""},"categories":[15302,2],"tags":[],"class_list":["post-118367","post","type-post","status-publish","format-standard","has-post-thumbnail","hentry","category-destacado","category-villa-maria"],"yoast_head":"<!-- This site is optimized with the Yoast SEO plugin v28.4 - https:\/\/yoast.com\/product\/yoast-seo-wordpress\/ -->\n<title>Salud municipal: Villa Mar\u00eda registr\u00f3 m\u00e1s de 17.000 atenciones durante agosto - El Regional<\/title>\n<meta name=\"robots\" content=\"index, follow, max-snippet:-1, max-image-preview:large, max-video-preview:-1\" \/>\n<link rel=\"canonical\" href=\"https:\/\/elregionalvm.com.ar\/noticias-villa-maria\/salud-municipal-villa-maria-registro-mas-de-17-000-atenciones-durante-agosto\/\" \/>\n<meta property=\"og:locale\" content=\"es_ES\" \/>\n<meta property=\"og:type\" content=\"article\" \/>\n<meta property=\"og:title\" content=\"Salud municipal: Villa Mar\u00eda registr\u00f3 m\u00e1s de 17.000 atenciones durante agosto - El Regional\" \/>\n<meta property=\"og:description\" content=\"La Municipalidad de Villa Mar\u00eda inform\u00f3 que durante agosto el sistema de salud municipal registr\u00f3 17.339 atenciones en los distintos dispositivos de la ciudad. Del total, 12.334 correspondieron a personas sin cobertura de obra social. La Asistencia P\u00fablica concentr\u00f3 la mayor cantidad de consultas, con 9.712 atenciones entre sus distintos consultorios y la Guardia de [&hellip;]\" \/>\n<meta property=\"og:url\" content=\"https:\/\/elregionalvm.com.ar\/noticias-villa-maria\/salud-municipal-villa-maria-registro-mas-de-17-000-atenciones-durante-agosto\/\" \/>\n<meta property=\"og:site_name\" content=\"El Regional\" \/>\n<meta property=\"article:publisher\" content=\"https:\/\/www.facebook.com\/elregionalvm\" \/>\n<meta property=\"article:published_time\" content=\"2026-09-02T18:04:50+00:00\" \/>\n<meta property=\"article:modified_time\" content=\"2026-09-02T18:04:52+00:00\" \/>\n<meta property=\"og:image\" content=\"https:\/\/elregionalvm.com.ar\/noticias-villa-maria\/wp-content\/uploads\/2026\/09\/guardia.jpg\" \/>\n\t<meta property=\"og:image:width\" content=\"850\" \/>\n\t<meta property=\"og:image:height\" content=\"638\" \/>\n\t<meta property=\"og:image:type\" content=\"image\/jpeg\" \/>\n<meta name=\"author\" content=\"Contenidos El Regional\" \/>\n<meta name=\"twitter:card\" content=\"summary_large_image\" \/>\n<meta name=\"twitter:creator\" content=\"@elregionalvm1\" \/>\n<meta name=\"twitter:site\" content=\"@elregionalvm1\" \/>\n<meta name=\"twitter:label1\" content=\"Escrito por\" \/>\n\t<meta name=\"twitter:data1\" content=\"Contenidos El Regional\" \/>\n\t<meta name=\"twitter:label2\" content=\"Tiempo de lectura\" \/>\n\t<meta name=\"twitter:data2\" content=\"2 minutos\" \/>\n<script type=\"application\/ld+json\" class=\"yoast-schema-graph\">{\"@context\":\"https:\\\/\\\/schema.org\",\"@graph\":[{\"@type\":\"Article\",\"@id\":\"https:\\\/\\\/elregionalvm.com.ar\\\/noticias-villa-maria\\\/salud-municipal-villa-maria-registro-mas-de-17-000-atenciones-durante-agosto\\\/#article\",\"isPartOf\":{\"@id\":\"https:\\\/\\\/elregionalvm.com.ar\\\/noticias-villa-maria\\\/salud-municipal-villa-maria-registro-mas-de-17-000-atenciones-durante-agosto\\\/\"},\"author\":{\"name\":\"Contenidos El Regional\",\"@id\":\"http:\\\/\\\/elregionalvm.com.ar\\\/noticias-villa-maria\\\/#\\\/schema\\\/person\\\/a0fb9c422317faca23d50163151bc354\"},\"headline\":\"Salud municipal: Villa Mar\u00eda registr\u00f3 m\u00e1s de 17.000 atenciones durante agosto\",\"datePublished\":\"2026-09-02T18:04:50+00:00\",\"dateModified\":\"2026-09-02T18:04:52+00:00\",\"mainEntityOfPage\":{\"@id\":\"https:\\\/\\\/elregionalvm.com.ar\\\/noticias-villa-maria\\\/salud-municipal-villa-maria-registro-mas-de-17-000-atenciones-durante-agosto\\\/\"},\"wordCount\":311,\"commentCount\":0,\"image\":{\"@id\":\"https:\\\/\\\/elregionalvm.com.ar\\\/noticias-villa-maria\\\/salud-municipal-villa-maria-registro-mas-de-17-000-atenciones-durante-agosto\\\/#primaryimage\"},\"thumbnailUrl\":\"https:\\\/\\\/i0.wp.com\\\/elregionalvm.com.ar\\\/noticias-villa-maria\\\/wp-content\\\/uploads\\\/2026\\\/09\\\/guardia.jpg?fit=850%2C638&ssl=1\",\"articleSection\":[\"destacado\",\"Villa Mar\u00eda\"],\"inLanguage\":\"es\",\"potentialAction\":[{\"@type\":\"CommentAction\",\"name\":\"Comment\",\"target\":[\"https:\\\/\\\/elregionalvm.com.ar\\\/noticias-villa-maria\\\/salud-municipal-villa-maria-registro-mas-de-17-000-atenciones-durante-agosto\\\/#respond\"]}]},{\"@type\":\"WebPage\",\"@id\":\"https:\\\/\\\/elregionalvm.com.ar\\\/noticias-villa-maria\\\/salud-municipal-villa-maria-registro-mas-de-17-000-atenciones-durante-agosto\\\/\",\"url\":\"https:\\\/\\\/elregionalvm.com.ar\\\/noticias-villa-maria\\\/salud-municipal-villa-maria-registro-mas-de-17-000-atenciones-durante-agosto\\\/\",\"name\":\"Salud municipal: Villa Mar\u00eda registr\u00f3 m\u00e1s de 17.000 atenciones durante agosto - El Regional\",\"isPartOf\":{\"@id\":\"http:\\\/\\\/elregionalvm.com.ar\\\/noticias-villa-maria\\\/#website\"},\"primaryImageOfPage\":{\"@id\":\"https:\\\/\\\/elregionalvm.com.ar\\\/noticias-villa-maria\\\/salud-municipal-villa-maria-registro-mas-de-17-000-atenciones-durante-agosto\\\/#primaryimage\"},\"image\":{\"@id\":\"https:\\\/\\\/elregionalvm.com.ar\\\/noticias-villa-maria\\\/salud-municipal-villa-maria-registro-mas-de-17-000-atenciones-durante-agosto\\\/#primaryimage\"},\"thumbnailUrl\":\"https:\\\/\\\/i0.wp.com\\\/elregionalvm.com.ar\\\/noticias-villa-maria\\\/wp-content\\\/uploads\\\/2026\\\/09\\\/guardia.jpg?fit=850%2C638&ssl=1\",\"datePublished\":\"2026-09-02T18:04:50+00:00\",\"dateModified\":\"2026-09-02T18:04:52+00:00\",\"author\":{\"@id\":\"http:\\\/\\\/elregionalvm.com.ar\\\/noticias-villa-maria\\\/#\\\/schema\\\/person\\\/a0fb9c422317faca23d50163151bc354\"},\"breadcrumb\":{\"@id\":\"https:\\\/\\\/elregionalvm.com.ar\\\/noticias-villa-maria\\\/salud-municipal-villa-maria-registro-mas-de-17-000-atenciones-durante-agosto\\\/#breadcrumb\"},\"inLanguage\":\"es\",\"potentialAction\":[{\"@type\":\"ReadAction\",\"target\":[\"https:\\\/\\\/elregionalvm.com.ar\\\/noticias-villa-maria\\\/salud-municipal-villa-maria-registro-mas-de-17-000-atenciones-durante-agosto\\\/\"]}]},{\"@type\":\"ImageObject\",\"inLanguage\":\"es\",\"@id\":\"https:\\\/\\\/elregionalvm.com.ar\\\/noticias-villa-maria\\\/salud-municipal-villa-maria-registro-mas-de-17-000-atenciones-durante-agosto\\\/#primaryimage\",\"url\":\"https:\\\/\\\/i0.wp.com\\\/elregionalvm.com.ar\\\/noticias-villa-maria\\\/wp-content\\\/uploads\\\/2026\\\/09\\\/guardia.jpg?fit=850%2C638&ssl=1\",\"contentUrl\":\"https:\\\/\\\/i0.wp.com\\\/elregionalvm.com.ar\\\/noticias-villa-maria\\\/wp-content\\\/uploads\\\/2026\\\/09\\\/guardia.jpg?fit=850%2C638&ssl=1\",\"width\":850,\"height\":638},{\"@type\":\"BreadcrumbList\",\"@id\":\"https:\\\/\\\/elregionalvm.com.ar\\\/noticias-villa-maria\\\/salud-municipal-villa-maria-registro-mas-de-17-000-atenciones-durante-agosto\\\/#breadcrumb\",\"itemListElement\":[{\"@type\":\"ListItem\",\"position\":1,\"name\":\"Portada\",\"item\":\"https:\\\/\\\/elregionalvm.com.ar\\\/noticias-villa-maria\\\/\"},{\"@type\":\"ListItem\",\"position\":2,\"name\":\"Salud municipal: Villa Mar\u00eda registr\u00f3 m\u00e1s de 17.000 atenciones durante agosto\"}]},{\"@type\":\"WebSite\",\"@id\":\"http:\\\/\\\/elregionalvm.com.ar\\\/noticias-villa-maria\\\/#website\",\"url\":\"http:\\\/\\\/elregionalvm.com.ar\\\/noticias-villa-maria\\\/\",\"name\":\"El Regional\",\"description\":\"Mucho m\u00e1s que informaci\u00f3n\",\"potentialAction\":[{\"@type\":\"SearchAction\",\"target\":{\"@type\":\"EntryPoint\",\"urlTemplate\":\"http:\\\/\\\/elregionalvm.com.ar\\\/noticias-villa-maria\\\/?s={search_term_string}\"},\"query-input\":{\"@type\":\"PropertyValueSpecification\",\"valueRequired\":true,\"valueName\":\"search_term_string\"}}],\"inLanguage\":\"es\"},{\"@type\":\"Person\",\"@id\":\"http:\\\/\\\/elregionalvm.com.ar\\\/noticias-villa-maria\\\/#\\\/schema\\\/person\\\/a0fb9c422317faca23d50163151bc354\",\"name\":\"Contenidos El Regional\",\"image\":{\"@type\":\"ImageObject\",\"inLanguage\":\"es\",\"@id\":\"https:\\\/\\\/secure.gravatar.com\\\/avatar\\\/265b27cb2209af7bb3a1318f03305787d7981a5cc6e6cd08fe5a4ecdf99d4b48?s=96&d=mm&r=g\",\"url\":\"https:\\\/\\\/secure.gravatar.com\\\/avatar\\\/265b27cb2209af7bb3a1318f03305787d7981a5cc6e6cd08fe5a4ecdf99d4b48?s=96&d=mm&r=g\",\"contentUrl\":\"https:\\\/\\\/secure.gravatar.com\\\/avatar\\\/265b27cb2209af7bb3a1318f03305787d7981a5cc6e6cd08fe5a4ecdf99d4b48?s=96&d=mm&r=g\",\"caption\":\"Contenidos El Regional\"},\"url\":\"https:\\\/\\\/elregionalvm.com.ar\\\/noticias-villa-maria\\\/author\\\/contenido\\\/\"}]}<\/script>\n<!-- \/ Yoast SEO plugin. -->","yoast_head_json":{"title":"Salud municipal: Villa Mar\u00eda registr\u00f3 m\u00e1s de 17.000 atenciones durante agosto - El Regional","robots":{"index":"index","follow":"follow","max-snippet":"max-snippet:-1","max-image-preview":"max-image-preview:large","max-video-preview":"max-video-preview:-1"},"canonical":"https:\/\/elregionalvm.com.ar\/noticias-villa-maria\/salud-municipal-villa-maria-registro-mas-de-17-000-atenciones-durante-agosto\/","og_locale":"es_ES","og_type":"article","og_title":"Salud municipal: Villa Mar\u00eda registr\u00f3 m\u00e1s de 17.000 atenciones durante agosto - El Regional","og_description":"La Municipalidad de Villa Mar\u00eda inform\u00f3 que durante agosto el sistema de salud municipal registr\u00f3 17.339 atenciones en los distintos dispositivos de la ciudad. Del total, 12.334 correspondieron a personas sin cobertura de obra social. La Asistencia P\u00fablica concentr\u00f3 la mayor cantidad de consultas, con 9.712 atenciones entre sus distintos consultorios y la Guardia de [&hellip;]","og_url":"https:\/\/elregionalvm.com.ar\/noticias-villa-maria\/salud-municipal-villa-maria-registro-mas-de-17-000-atenciones-durante-agosto\/","og_site_name":"El Regional","article_publisher":"https:\/\/www.facebook.com\/elregionalvm","article_published_time":"2026-09-02T18:04:50+00:00","article_modified_time":"2026-09-02T18:04:52+00:00","og_image":[{"width":850,"height":638,"url":"https:\/\/elregionalvm.com.ar\/noticias-villa-maria\/wp-content\/uploads\/2026\/09\/guardia.jpg","type":"image\/jpeg"}],"author":"Contenidos El Regional","twitter_card":"summary_large_image","twitter_creator":"@elregionalvm1","twitter_site":"@elregionalvm1","twitter_misc":{"Escrito por":"Contenidos El Regional","Tiempo de lectura":"2 minutos"},"schema":{"@context":"https:\/\/schema.org","@graph":[{"@type":"Article","@id":"https:\/\/elregionalvm.com.ar\/noticias-villa-maria\/salud-municipal-villa-maria-registro-mas-de-17-000-atenciones-durante-agosto\/#article","isPartOf":{"@id":"https:\/\/elregionalvm.com.ar\/noticias-villa-maria\/salud-municipal-villa-maria-registro-mas-de-17-000-atenciones-durante-agosto\/"},"author":{"name":"Contenidos El Regional","@id":"http:\/\/elregionalvm.com.ar\/noticias-villa-maria\/#\/schema\/person\/a0fb9c422317faca23d50163151bc354"},"headline":"Salud municipal: Villa Mar\u00eda registr\u00f3 m\u00e1s de 17.000 atenciones durante agosto","datePublished":"2026-09-02T18:04:50+00:00","dateModified":"2026-09-02T18:04:52+00:00","mainEntityOfPage":{"@id":"https:\/\/elregionalvm.com.ar\/noticias-villa-maria\/salud-municipal-villa-maria-registro-mas-de-17-000-atenciones-durante-agosto\/"},"wordCount":311,"commentCount":0,"image":{"@id":"https:\/\/elregionalvm.com.ar\/noticias-villa-maria\/salud-municipal-villa-maria-registro-mas-de-17-000-atenciones-durante-agosto\/#primaryimage"},"thumbnailUrl":"https:\/\/i0.wp.com\/elregionalvm.com.ar\/noticias-villa-maria\/wp-content\/uploads\/2026\/09\/guardia.jpg?fit=850%2C638&ssl=1","articleSection":["destacado","Villa Mar\u00eda"],"inLanguage":"es","potentialAction":[{"@type":"CommentAction","name":"Comment","target":["https:\/\/elregionalvm.com.ar\/noticias-villa-maria\/salud-municipal-villa-maria-registro-mas-de-17-000-atenciones-durante-agosto\/#respond"]}]},{"@type":"WebPage","@id":"https:\/\/elregionalvm.com.ar\/noticias-villa-maria\/salud-municipal-villa-maria-registro-mas-de-17-000-atenciones-durante-agosto\/","url":"https:\/\/elregionalvm.com.ar\/noticias-villa-maria\/salud-municipal-villa-maria-registro-mas-de-17-000-atenciones-durante-agosto\/","name":"Salud municipal: Villa Mar\u00eda registr\u00f3 m\u00e1s de 17.000 atenciones durante agosto - El Regional","isPartOf":{"@id":"http:\/\/elregionalvm.com.ar\/noticias-villa-maria\/#website"},"primaryImageOfPage":{"@id":"https:\/\/elregionalvm.com.ar\/noticias-villa-maria\/salud-municipal-villa-maria-registro-mas-de-17-000-atenciones-durante-agosto\/#primaryimage"},"image":{"@id":"https:\/\/elregionalvm.com.ar\/noticias-villa-maria\/salud-municipal-villa-maria-registro-mas-de-17-000-atenciones-durante-agosto\/#primaryimage"},"thumbnailUrl":"https:\/\/i0.wp.com\/elregionalvm.com.ar\/noticias-villa-maria\/wp-content\/uploads\/2026\/09\/guardia.jpg?fit=850%2C638&ssl=1","datePublished":"2026-09-02T18:04:50+00:00","dateModified":"2026-09-02T18:04:52+00:00","author":{"@id":"http:\/\/elregionalvm.com.ar\/noticias-villa-maria\/#\/schema\/person\/a0fb9c422317faca23d50163151bc354"},"breadcrumb":{"@id":"https:\/\/elregionalvm.com.ar\/noticias-villa-maria\/salud-municipal-villa-maria-registro-mas-de-17-000-atenciones-durante-agosto\/#breadcrumb"},"inLanguage":"es","potentialAction":[{"@type":"ReadAction","target":["https:\/\/elregionalvm.com.ar\/noticias-villa-maria\/salud-municipal-villa-maria-registro-mas-de-17-000-atenciones-durante-agosto\/"]}]},{"@type":"ImageObject","inLanguage":"es","@id":"https:\/\/elregionalvm.com.ar\/noticias-villa-maria\/salud-municipal-villa-maria-registro-mas-de-17-000-atenciones-durante-agosto\/#primaryimage","url":"https:\/\/i0.wp.com\/elregionalvm.com.ar\/noticias-villa-maria\/wp-content\/uploads\/2026\/09\/guardia.jpg?fit=850%2C638&ssl=1","contentUrl":"https:\/\/i0.wp.com\/elregionalvm.com.ar\/noticias-villa-maria\/wp-content\/uploads\/2026\/09\/guardia.jpg?fit=850%2C638&ssl=1","width":850,"height":638},{"@type":"BreadcrumbList","@id":"https:\/\/elregionalvm.com.ar\/noticias-villa-maria\/salud-municipal-villa-maria-registro-mas-de-17-000-atenciones-durante-agosto\/#breadcrumb","itemListElement":[{"@type":"ListItem","position":1,"name":"Portada","item":"https:\/\/elregionalvm.com.ar\/noticias-villa-maria\/"},{"@type":"ListItem","position":2,"name":"Salud municipal: Villa Mar\u00eda registr\u00f3 m\u00e1s de 17.000 atenciones durante agosto"}]},{"@type":"WebSite","@id":"http:\/\/elregionalvm.com.ar\/noticias-villa-maria\/#website","url":"http:\/\/elregionalvm.com.ar\/noticias-villa-maria\/","name":"El Regional","description":"Mucho m\u00e1s que informaci\u00f3n","potentialAction":[{"@type":"SearchAction","target":{"@type":"EntryPoint","urlTemplate":"http:\/\/elregionalvm.com.ar\/noticias-villa-maria\/?s={search_term_string}"},"query-input":{"@type":"PropertyValueSpecification","valueRequired":true,"valueName":"search_term_string"}}],"inLanguage":"es"},{"@type":"Person","@id":"http:\/\/elregionalvm.com.ar\/noticias-villa-maria\/#\/schema\/person\/a0fb9c422317faca23d50163151bc354","name":"Contenidos El Regional","image":{"@type":"ImageObject","inLanguage":"es","@id":"https:\/\/secure.gravatar.com\/avatar\/265b27cb2209af7bb3a1318f03305787d7981a5cc6e6cd08fe5a4ecdf99d4b48?s=96&d=mm&r=g","url":"https:\/\/secure.gravatar.com\/avatar\/265b27cb2209af7bb3a1318f03305787d7981a5cc6e6cd08fe5a4ecdf99d4b48?s=96&d=mm&r=g","contentUrl":"https:\/\/secure.gravatar.com\/avatar\/265b27cb2209af7bb3a1318f03305787d7981a5cc6e6cd08fe5a4ecdf99d4b48?s=96&d=mm&r=g","caption":"Contenidos El Regional"},"url":"https:\/\/elregionalvm.com.ar\/noticias-villa-maria\/author\/contenido\/"}]}},"jetpack_sharing_enabled":true,"jetpack_featured_media_url":"https:\/\/i0.wp.com\/elregionalvm.com.ar\/noticias-villa-maria\/wp-content\/uploads\/2026\/09\/guardia.jpg?fit=850%2C638&ssl=1","_links":{"self":[{"href":"https:\/\/elregionalvm.com.ar\/noticias-villa-maria\/wp-json\/wp\/v2\/posts\/118367","targetHints":{"allow":["GET"]}}],"collection":[{"href":"https:\/\/elregionalvm.com.ar\/noticias-villa-maria\/wp-json\/wp\/v2\/posts"}],"about":[{"href":"https:\/\/elregionalvm.com.ar\/noticias-villa-maria\/wp-json\/wp\/v2\/types\/post"}],"author":[{"embeddable":true,"href":"https:\/\/elregionalvm.com.ar\/noticias-villa-maria\/wp-json\/wp\/v2\/users\/4"}],"replies":[{"embeddable":true,"href":"https:\/\/elregionalvm.com.ar\/noticias-villa-maria\/wp-json\/wp\/v2\/comments?post=118367"}],"version-history":[{"count":1,"href":"https:\/\/elregionalvm.com.ar\/noticias-villa-maria\/wp-json\/wp\/v2\/posts\/118367\/revisions"}],"predecessor-version":[{"id":118369,"href":"https:\/\/elregionalvm.com.ar\/noticias-villa-maria\/wp-json\/wp\/v2\/posts\/118367\/revisions\/118369"}],"wp:featuredmedia":[{"embeddable":true,"href":"https:\/\/elregionalvm.com.ar\/noticias-villa-maria\/wp-json\/wp\/v2\/media\/118368"}],"wp:attachment":[{"href":"https:\/\/elregionalvm.com.ar\/noticias-villa-maria\/wp-json\/wp\/v2\/media?parent=118367"}],"wp:term":[{"taxonomy":"category","embeddable":true,"href":"https:\/\/elregionalvm.com.ar\/noticias-villa-maria\/wp-json\/wp\/v2\/categories?post=118367"},{"taxonomy":"post_tag","embeddable":true,"href":"https:\/\/elregionalvm.com.ar\/noticias-villa-maria\/wp-json\/wp\/v2\/tags?post=118367"}],"curies":[{"name":"wp","href":"https:\/\/api.w.org\/{rel}","templated":true}]}}