{"id":118373,"date":"2026-09-02T18:08:33","date_gmt":"2026-09-02T18:08:33","guid":{"rendered":"https:\/\/elregionalvm.com.ar\/noticias-villa-maria\/?p=118373"},"modified":"2026-09-02T18:08:36","modified_gmt":"2026-09-02T18:08:36","slug":"la-lista-2-fue-confirmada-al-frente-de-la-cta-autonoma-regional","status":"publish","type":"post","link":"https:\/\/elregionalvm.com.ar\/noticias-villa-maria\/la-lista-2-fue-confirmada-al-frente-de-la-cta-autonoma-regional\/","title":{"rendered":"La Lista 2 fue confirmada al frente de la CTA Aut\u00f3noma Regional"},"content":{"rendered":"\n<h2 class=\"wp-block-heading\">La Junta Electoral Nacional de la CTA Aut\u00f3noma confirm\u00f3 el triunfo de la <strong>Lista 2 \u2013 Unidad para Luchar<\/strong> en las elecciones de la central obrera a nivel regional, luego de resolver una impugnaci\u00f3n presentada sobre una de las urnas.<\/h2>\n\n\n\n<p class=\"wp-block-paragraph\"><\/p>\n\n\n\n<p class=\"wp-block-paragraph\">La resoluci\u00f3n estuvo vinculada a la <strong>urna 32, correspondiente a F\u00e1brica Militar<\/strong>, donde la Lista 2 hab\u00eda obtenido 95 votos frente a los 19 de la Lista 1. La Junta Electoral Nacional resolvi\u00f3 no hacer lugar a la impugnaci\u00f3n, por lo que el resultado qued\u00f3 confirmado.<\/p>\n\n\n\n<p class=\"wp-block-paragraph\">A esos votos se sumaron los resultados de las urnas 20 y 31, que registraron <strong>51 votos para la Lista 2 y 41 para la Lista 1<\/strong>.<\/p>\n\n\n\n<p class=\"wp-block-paragraph\">De esta manera, el resultado final en Villa Mar\u00eda qued\u00f3 conformado de la siguiente manera:<\/p>\n\n\n\n<ul class=\"wp-block-list\">\n<li><strong>Lista 2 \u2013 Unidad para Luchar: 146 votos<\/strong><\/li>\n\n\n\n<li><strong>Lista 1: 60 votos<\/strong><\/li>\n<\/ul>\n\n\n\n<p class=\"wp-block-paragraph\">Con estos resultados, qued\u00f3 ratificado el triunfo de la Lista 2, que tendr\u00e1 a <strong>Jos\u00e9 \u201cPocho\u201d Gorozo como secretario general y Silvana Torres como secretaria adjunta<\/strong> de la CTA Aut\u00f3noma Regional.<\/p>\n\n\n\n<p class=\"wp-block-paragraph\">La nueva conducci\u00f3n ejercer\u00e1 su mandato hasta <strong>agosto de 2030<\/strong>.<\/p>\n","protected":false},"excerpt":{"rendered":"<p>La Junta Electoral Nacional de la CTA Aut\u00f3noma confirm\u00f3 el triunfo de la Lista 2 \u2013 Unidad para Luchar en las elecciones de la central obrera a nivel regional, luego de resolver una impugnaci\u00f3n presentada sobre una de las urnas. La resoluci\u00f3n estuvo vinculada a la urna 32, correspondiente a F\u00e1brica Militar, donde la Lista [&hellip;]<\/p>\n","protected":false},"author":4,"featured_media":118374,"comment_status":"open","ping_status":"open","sticky":false,"template":"","format":"standard","meta":{"site-sidebar-layout":"default","site-content-layout":"","ast-site-content-layout":"default","site-content-style":"default","site-sidebar-style":"default","ast-global-header-display":"","ast-banner-title-visibility":"","ast-main-header-display":"","ast-hfb-above-header-display":"","ast-hfb-below-header-display":"","ast-hfb-mobile-header-display":"","site-post-title":"","ast-breadcrumbs-content":"","ast-featured-img":"","footer-sml-layout":"","ast-disable-related-posts":"","theme-transparent-header-meta":"","adv-header-id-meta":"","stick-header-meta":"","header-above-stick-meta":"","header-main-stick-meta":"","header-below-stick-meta":"","astra-migrate-meta-layouts":"set","ast-page-background-enabled":"default","ast-page-background-meta":{"desktop":{"background-color":"","background-image":"","background-repeat":"repeat","background-position":"center center","background-size":"auto","background-attachment":"scroll","background-type":"","background-media":"","overlay-type":"","overlay-color":"","overlay-opacity":"","overlay-gradient":""},"tablet":{"background-color":"","background-image":"","background-repeat":"repeat","background-position":"center center","background-size":"auto","background-attachment":"scroll","background-type":"","background-media":"","overlay-type":"","overlay-color":"","overlay-opacity":"","overlay-gradient":""},"mobile":{"background-color":"","background-image":"","background-repeat":"repeat","background-position":"center center","background-size":"auto","background-attachment":"scroll","background-type":"","background-media":"","overlay-type":"","overlay-color":"","overlay-opacity":"","overlay-gradient":""}},"ast-content-background-meta":{"desktop":{"background-color":"var(--ast-global-color-5)","background-image":"","background-repeat":"repeat","background-position":"center center","background-size":"auto","background-attachment":"scroll","background-type":"","background-media":"","overlay-type":"","overlay-color":"","overlay-opacity":"","overlay-gradient":""},"tablet":{"background-color":"var(--ast-global-color-5)","background-image":"","background-repeat":"repeat","background-position":"center center","background-size":"auto","background-attachment":"scroll","background-type":"","background-media":"","overlay-type":"","overlay-color":"","overlay-opacity":"","overlay-gradient":""},"mobile":{"background-color":"var(--ast-global-color-5)","background-image":"","background-repeat":"repeat","background-position":"center center","background-size":"auto","background-attachment":"scroll","background-type":"","background-media":"","overlay-type":"","overlay-color":"","overlay-opacity":"","overlay-gradient":""}},"_jetpack_newsletter_access":"","_jetpack_dont_email_post_to_subs":false,"_jetpack_newsletter_tier_id":0,"_jetpack_memberships_contains_paywalled_content":false,"_jetpack_memberships_contains_paid_content":false,"_joinchat":[],"footnotes":""},"categories":[15302,2],"tags":[],"class_list":["post-118373","post","type-post","status-publish","format-standard","has-post-thumbnail","hentry","category-destacado","category-villa-maria"],"yoast_head":"<!-- This site is optimized with the Yoast SEO plugin v28.4 - https:\/\/yoast.com\/product\/yoast-seo-wordpress\/ -->\n<title>La Lista 2 fue confirmada al frente de la CTA Aut\u00f3noma Regional - El Regional<\/title>\n<meta name=\"robots\" content=\"index, follow, max-snippet:-1, max-image-preview:large, max-video-preview:-1\" \/>\n<link rel=\"canonical\" href=\"https:\/\/elregionalvm.com.ar\/noticias-villa-maria\/la-lista-2-fue-confirmada-al-frente-de-la-cta-autonoma-regional\/\" \/>\n<meta property=\"og:locale\" content=\"es_ES\" \/>\n<meta property=\"og:type\" content=\"article\" \/>\n<meta property=\"og:title\" content=\"La Lista 2 fue confirmada al frente de la CTA Aut\u00f3noma Regional - El Regional\" \/>\n<meta property=\"og:description\" content=\"La Junta Electoral Nacional de la CTA Aut\u00f3noma confirm\u00f3 el triunfo de la Lista 2 \u2013 Unidad para Luchar en las elecciones de la central obrera a nivel regional, luego de resolver una impugnaci\u00f3n presentada sobre una de las urnas. La resoluci\u00f3n estuvo vinculada a la urna 32, correspondiente a F\u00e1brica Militar, donde la Lista [&hellip;]\" \/>\n<meta property=\"og:url\" content=\"https:\/\/elregionalvm.com.ar\/noticias-villa-maria\/la-lista-2-fue-confirmada-al-frente-de-la-cta-autonoma-regional\/\" \/>\n<meta property=\"og:site_name\" content=\"El Regional\" \/>\n<meta property=\"article:publisher\" content=\"https:\/\/www.facebook.com\/elregionalvm\" \/>\n<meta property=\"article:published_time\" content=\"2026-09-02T18:08:33+00:00\" \/>\n<meta property=\"article:modified_time\" content=\"2026-09-02T18:08:36+00:00\" \/>\n<meta property=\"og:image\" content=\"https:\/\/elregionalvm.com.ar\/noticias-villa-maria\/wp-content\/uploads\/2026\/09\/CTA.jpg\" \/>\n\t<meta property=\"og:image:width\" content=\"850\" \/>\n\t<meta property=\"og:image:height\" content=\"491\" \/>\n\t<meta property=\"og:image:type\" content=\"image\/jpeg\" \/>\n<meta name=\"author\" content=\"Contenidos El Regional\" \/>\n<meta name=\"twitter:card\" content=\"summary_large_image\" \/>\n<meta name=\"twitter:creator\" content=\"@elregionalvm1\" \/>\n<meta name=\"twitter:site\" content=\"@elregionalvm1\" \/>\n<meta name=\"twitter:label1\" content=\"Escrito por\" \/>\n\t<meta name=\"twitter:data1\" content=\"Contenidos El Regional\" \/>\n\t<meta name=\"twitter:label2\" content=\"Tiempo de lectura\" \/>\n\t<meta name=\"twitter:data2\" content=\"2 minutos\" \/>\n<script type=\"application\/ld+json\" class=\"yoast-schema-graph\">{\"@context\":\"https:\\\/\\\/schema.org\",\"@graph\":[{\"@type\":\"Article\",\"@id\":\"https:\\\/\\\/elregionalvm.com.ar\\\/noticias-villa-maria\\\/la-lista-2-fue-confirmada-al-frente-de-la-cta-autonoma-regional\\\/#article\",\"isPartOf\":{\"@id\":\"https:\\\/\\\/elregionalvm.com.ar\\\/noticias-villa-maria\\\/la-lista-2-fue-confirmada-al-frente-de-la-cta-autonoma-regional\\\/\"},\"author\":{\"name\":\"Contenidos El Regional\",\"@id\":\"http:\\\/\\\/elregionalvm.com.ar\\\/noticias-villa-maria\\\/#\\\/schema\\\/person\\\/a0fb9c422317faca23d50163151bc354\"},\"headline\":\"La Lista 2 fue confirmada al frente de la CTA Aut\u00f3noma Regional\",\"datePublished\":\"2026-09-02T18:08:33+00:00\",\"dateModified\":\"2026-09-02T18:08:36+00:00\",\"mainEntityOfPage\":{\"@id\":\"https:\\\/\\\/elregionalvm.com.ar\\\/noticias-villa-maria\\\/la-lista-2-fue-confirmada-al-frente-de-la-cta-autonoma-regional\\\/\"},\"wordCount\":182,\"commentCount\":0,\"image\":{\"@id\":\"https:\\\/\\\/elregionalvm.com.ar\\\/noticias-villa-maria\\\/la-lista-2-fue-confirmada-al-frente-de-la-cta-autonoma-regional\\\/#primaryimage\"},\"thumbnailUrl\":\"https:\\\/\\\/i0.wp.com\\\/elregionalvm.com.ar\\\/noticias-villa-maria\\\/wp-content\\\/uploads\\\/2026\\\/09\\\/CTA.jpg?fit=850%2C491&ssl=1\",\"articleSection\":[\"destacado\",\"Villa Mar\u00eda\"],\"inLanguage\":\"es\",\"potentialAction\":[{\"@type\":\"CommentAction\",\"name\":\"Comment\",\"target\":[\"https:\\\/\\\/elregionalvm.com.ar\\\/noticias-villa-maria\\\/la-lista-2-fue-confirmada-al-frente-de-la-cta-autonoma-regional\\\/#respond\"]}]},{\"@type\":\"WebPage\",\"@id\":\"https:\\\/\\\/elregionalvm.com.ar\\\/noticias-villa-maria\\\/la-lista-2-fue-confirmada-al-frente-de-la-cta-autonoma-regional\\\/\",\"url\":\"https:\\\/\\\/elregionalvm.com.ar\\\/noticias-villa-maria\\\/la-lista-2-fue-confirmada-al-frente-de-la-cta-autonoma-regional\\\/\",\"name\":\"La Lista 2 fue confirmada al frente de la CTA Aut\u00f3noma Regional - El Regional\",\"isPartOf\":{\"@id\":\"http:\\\/\\\/elregionalvm.com.ar\\\/noticias-villa-maria\\\/#website\"},\"primaryImageOfPage\":{\"@id\":\"https:\\\/\\\/elregionalvm.com.ar\\\/noticias-villa-maria\\\/la-lista-2-fue-confirmada-al-frente-de-la-cta-autonoma-regional\\\/#primaryimage\"},\"image\":{\"@id\":\"https:\\\/\\\/elregionalvm.com.ar\\\/noticias-villa-maria\\\/la-lista-2-fue-confirmada-al-frente-de-la-cta-autonoma-regional\\\/#primaryimage\"},\"thumbnailUrl\":\"https:\\\/\\\/i0.wp.com\\\/elregionalvm.com.ar\\\/noticias-villa-maria\\\/wp-content\\\/uploads\\\/2026\\\/09\\\/CTA.jpg?fit=850%2C491&ssl=1\",\"datePublished\":\"2026-09-02T18:08:33+00:00\",\"dateModified\":\"2026-09-02T18:08:36+00:00\",\"author\":{\"@id\":\"http:\\\/\\\/elregionalvm.com.ar\\\/noticias-villa-maria\\\/#\\\/schema\\\/person\\\/a0fb9c422317faca23d50163151bc354\"},\"breadcrumb\":{\"@id\":\"https:\\\/\\\/elregionalvm.com.ar\\\/noticias-villa-maria\\\/la-lista-2-fue-confirmada-al-frente-de-la-cta-autonoma-regional\\\/#breadcrumb\"},\"inLanguage\":\"es\",\"potentialAction\":[{\"@type\":\"ReadAction\",\"target\":[\"https:\\\/\\\/elregionalvm.com.ar\\\/noticias-villa-maria\\\/la-lista-2-fue-confirmada-al-frente-de-la-cta-autonoma-regional\\\/\"]}]},{\"@type\":\"ImageObject\",\"inLanguage\":\"es\",\"@id\":\"https:\\\/\\\/elregionalvm.com.ar\\\/noticias-villa-maria\\\/la-lista-2-fue-confirmada-al-frente-de-la-cta-autonoma-regional\\\/#primaryimage\",\"url\":\"https:\\\/\\\/i0.wp.com\\\/elregionalvm.com.ar\\\/noticias-villa-maria\\\/wp-content\\\/uploads\\\/2026\\\/09\\\/CTA.jpg?fit=850%2C491&ssl=1\",\"contentUrl\":\"https:\\\/\\\/i0.wp.com\\\/elregionalvm.com.ar\\\/noticias-villa-maria\\\/wp-content\\\/uploads\\\/2026\\\/09\\\/CTA.jpg?fit=850%2C491&ssl=1\",\"width\":850,\"height\":491},{\"@type\":\"BreadcrumbList\",\"@id\":\"https:\\\/\\\/elregionalvm.com.ar\\\/noticias-villa-maria\\\/la-lista-2-fue-confirmada-al-frente-de-la-cta-autonoma-regional\\\/#breadcrumb\",\"itemListElement\":[{\"@type\":\"ListItem\",\"position\":1,\"name\":\"Portada\",\"item\":\"https:\\\/\\\/elregionalvm.com.ar\\\/noticias-villa-maria\\\/\"},{\"@type\":\"ListItem\",\"position\":2,\"name\":\"La Lista 2 fue confirmada al frente de la CTA Aut\u00f3noma Regional\"}]},{\"@type\":\"WebSite\",\"@id\":\"http:\\\/\\\/elregionalvm.com.ar\\\/noticias-villa-maria\\\/#website\",\"url\":\"http:\\\/\\\/elregionalvm.com.ar\\\/noticias-villa-maria\\\/\",\"name\":\"El Regional\",\"description\":\"Mucho m\u00e1s que informaci\u00f3n\",\"potentialAction\":[{\"@type\":\"SearchAction\",\"target\":{\"@type\":\"EntryPoint\",\"urlTemplate\":\"http:\\\/\\\/elregionalvm.com.ar\\\/noticias-villa-maria\\\/?s={search_term_string}\"},\"query-input\":{\"@type\":\"PropertyValueSpecification\",\"valueRequired\":true,\"valueName\":\"search_term_string\"}}],\"inLanguage\":\"es\"},{\"@type\":\"Person\",\"@id\":\"http:\\\/\\\/elregionalvm.com.ar\\\/noticias-villa-maria\\\/#\\\/schema\\\/person\\\/a0fb9c422317faca23d50163151bc354\",\"name\":\"Contenidos El Regional\",\"image\":{\"@type\":\"ImageObject\",\"inLanguage\":\"es\",\"@id\":\"https:\\\/\\\/secure.gravatar.com\\\/avatar\\\/265b27cb2209af7bb3a1318f03305787d7981a5cc6e6cd08fe5a4ecdf99d4b48?s=96&d=mm&r=g\",\"url\":\"https:\\\/\\\/secure.gravatar.com\\\/avatar\\\/265b27cb2209af7bb3a1318f03305787d7981a5cc6e6cd08fe5a4ecdf99d4b48?s=96&d=mm&r=g\",\"contentUrl\":\"https:\\\/\\\/secure.gravatar.com\\\/avatar\\\/265b27cb2209af7bb3a1318f03305787d7981a5cc6e6cd08fe5a4ecdf99d4b48?s=96&d=mm&r=g\",\"caption\":\"Contenidos El Regional\"},\"url\":\"https:\\\/\\\/elregionalvm.com.ar\\\/noticias-villa-maria\\\/author\\\/contenido\\\/\"}]}<\/script>\n<!-- \/ Yoast SEO plugin. -->","yoast_head_json":{"title":"La Lista 2 fue confirmada al frente de la CTA Aut\u00f3noma Regional - El Regional","robots":{"index":"index","follow":"follow","max-snippet":"max-snippet:-1","max-image-preview":"max-image-preview:large","max-video-preview":"max-video-preview:-1"},"canonical":"https:\/\/elregionalvm.com.ar\/noticias-villa-maria\/la-lista-2-fue-confirmada-al-frente-de-la-cta-autonoma-regional\/","og_locale":"es_ES","og_type":"article","og_title":"La Lista 2 fue confirmada al frente de la CTA Aut\u00f3noma Regional - El Regional","og_description":"La Junta Electoral Nacional de la CTA Aut\u00f3noma confirm\u00f3 el triunfo de la Lista 2 \u2013 Unidad para Luchar en las elecciones de la central obrera a nivel regional, luego de resolver una impugnaci\u00f3n presentada sobre una de las urnas. La resoluci\u00f3n estuvo vinculada a la urna 32, correspondiente a F\u00e1brica Militar, donde la Lista [&hellip;]","og_url":"https:\/\/elregionalvm.com.ar\/noticias-villa-maria\/la-lista-2-fue-confirmada-al-frente-de-la-cta-autonoma-regional\/","og_site_name":"El Regional","article_publisher":"https:\/\/www.facebook.com\/elregionalvm","article_published_time":"2026-09-02T18:08:33+00:00","article_modified_time":"2026-09-02T18:08:36+00:00","og_image":[{"width":850,"height":491,"url":"https:\/\/elregionalvm.com.ar\/noticias-villa-maria\/wp-content\/uploads\/2026\/09\/CTA.jpg","type":"image\/jpeg"}],"author":"Contenidos El Regional","twitter_card":"summary_large_image","twitter_creator":"@elregionalvm1","twitter_site":"@elregionalvm1","twitter_misc":{"Escrito por":"Contenidos El Regional","Tiempo de lectura":"2 minutos"},"schema":{"@context":"https:\/\/schema.org","@graph":[{"@type":"Article","@id":"https:\/\/elregionalvm.com.ar\/noticias-villa-maria\/la-lista-2-fue-confirmada-al-frente-de-la-cta-autonoma-regional\/#article","isPartOf":{"@id":"https:\/\/elregionalvm.com.ar\/noticias-villa-maria\/la-lista-2-fue-confirmada-al-frente-de-la-cta-autonoma-regional\/"},"author":{"name":"Contenidos El Regional","@id":"http:\/\/elregionalvm.com.ar\/noticias-villa-maria\/#\/schema\/person\/a0fb9c422317faca23d50163151bc354"},"headline":"La Lista 2 fue confirmada al frente de la CTA Aut\u00f3noma Regional","datePublished":"2026-09-02T18:08:33+00:00","dateModified":"2026-09-02T18:08:36+00:00","mainEntityOfPage":{"@id":"https:\/\/elregionalvm.com.ar\/noticias-villa-maria\/la-lista-2-fue-confirmada-al-frente-de-la-cta-autonoma-regional\/"},"wordCount":182,"commentCount":0,"image":{"@id":"https:\/\/elregionalvm.com.ar\/noticias-villa-maria\/la-lista-2-fue-confirmada-al-frente-de-la-cta-autonoma-regional\/#primaryimage"},"thumbnailUrl":"https:\/\/i0.wp.com\/elregionalvm.com.ar\/noticias-villa-maria\/wp-content\/uploads\/2026\/09\/CTA.jpg?fit=850%2C491&ssl=1","articleSection":["destacado","Villa Mar\u00eda"],"inLanguage":"es","potentialAction":[{"@type":"CommentAction","name":"Comment","target":["https:\/\/elregionalvm.com.ar\/noticias-villa-maria\/la-lista-2-fue-confirmada-al-frente-de-la-cta-autonoma-regional\/#respond"]}]},{"@type":"WebPage","@id":"https:\/\/elregionalvm.com.ar\/noticias-villa-maria\/la-lista-2-fue-confirmada-al-frente-de-la-cta-autonoma-regional\/","url":"https:\/\/elregionalvm.com.ar\/noticias-villa-maria\/la-lista-2-fue-confirmada-al-frente-de-la-cta-autonoma-regional\/","name":"La Lista 2 fue confirmada al frente de la CTA Aut\u00f3noma Regional - El Regional","isPartOf":{"@id":"http:\/\/elregionalvm.com.ar\/noticias-villa-maria\/#website"},"primaryImageOfPage":{"@id":"https:\/\/elregionalvm.com.ar\/noticias-villa-maria\/la-lista-2-fue-confirmada-al-frente-de-la-cta-autonoma-regional\/#primaryimage"},"image":{"@id":"https:\/\/elregionalvm.com.ar\/noticias-villa-maria\/la-lista-2-fue-confirmada-al-frente-de-la-cta-autonoma-regional\/#primaryimage"},"thumbnailUrl":"https:\/\/i0.wp.com\/elregionalvm.com.ar\/noticias-villa-maria\/wp-content\/uploads\/2026\/09\/CTA.jpg?fit=850%2C491&ssl=1","datePublished":"2026-09-02T18:08:33+00:00","dateModified":"2026-09-02T18:08:36+00:00","author":{"@id":"http:\/\/elregionalvm.com.ar\/noticias-villa-maria\/#\/schema\/person\/a0fb9c422317faca23d50163151bc354"},"breadcrumb":{"@id":"https:\/\/elregionalvm.com.ar\/noticias-villa-maria\/la-lista-2-fue-confirmada-al-frente-de-la-cta-autonoma-regional\/#breadcrumb"},"inLanguage":"es","potentialAction":[{"@type":"ReadAction","target":["https:\/\/elregionalvm.com.ar\/noticias-villa-maria\/la-lista-2-fue-confirmada-al-frente-de-la-cta-autonoma-regional\/"]}]},{"@type":"ImageObject","inLanguage":"es","@id":"https:\/\/elregionalvm.com.ar\/noticias-villa-maria\/la-lista-2-fue-confirmada-al-frente-de-la-cta-autonoma-regional\/#primaryimage","url":"https:\/\/i0.wp.com\/elregionalvm.com.ar\/noticias-villa-maria\/wp-content\/uploads\/2026\/09\/CTA.jpg?fit=850%2C491&ssl=1","contentUrl":"https:\/\/i0.wp.com\/elregionalvm.com.ar\/noticias-villa-maria\/wp-content\/uploads\/2026\/09\/CTA.jpg?fit=850%2C491&ssl=1","width":850,"height":491},{"@type":"BreadcrumbList","@id":"https:\/\/elregionalvm.com.ar\/noticias-villa-maria\/la-lista-2-fue-confirmada-al-frente-de-la-cta-autonoma-regional\/#breadcrumb","itemListElement":[{"@type":"ListItem","position":1,"name":"Portada","item":"https:\/\/elregionalvm.com.ar\/noticias-villa-maria\/"},{"@type":"ListItem","position":2,"name":"La Lista 2 fue confirmada al frente de la CTA Aut\u00f3noma Regional"}]},{"@type":"WebSite","@id":"http:\/\/elregionalvm.com.ar\/noticias-villa-maria\/#website","url":"http:\/\/elregionalvm.com.ar\/noticias-villa-maria\/","name":"El Regional","description":"Mucho m\u00e1s que informaci\u00f3n","potentialAction":[{"@type":"SearchAction","target":{"@type":"EntryPoint","urlTemplate":"http:\/\/elregionalvm.com.ar\/noticias-villa-maria\/?s={search_term_string}"},"query-input":{"@type":"PropertyValueSpecification","valueRequired":true,"valueName":"search_term_string"}}],"inLanguage":"es"},{"@type":"Person","@id":"http:\/\/elregionalvm.com.ar\/noticias-villa-maria\/#\/schema\/person\/a0fb9c422317faca23d50163151bc354","name":"Contenidos El Regional","image":{"@type":"ImageObject","inLanguage":"es","@id":"https:\/\/secure.gravatar.com\/avatar\/265b27cb2209af7bb3a1318f03305787d7981a5cc6e6cd08fe5a4ecdf99d4b48?s=96&d=mm&r=g","url":"https:\/\/secure.gravatar.com\/avatar\/265b27cb2209af7bb3a1318f03305787d7981a5cc6e6cd08fe5a4ecdf99d4b48?s=96&d=mm&r=g","contentUrl":"https:\/\/secure.gravatar.com\/avatar\/265b27cb2209af7bb3a1318f03305787d7981a5cc6e6cd08fe5a4ecdf99d4b48?s=96&d=mm&r=g","caption":"Contenidos El Regional"},"url":"https:\/\/elregionalvm.com.ar\/noticias-villa-maria\/author\/contenido\/"}]}},"jetpack_sharing_enabled":true,"jetpack_featured_media_url":"https:\/\/i0.wp.com\/elregionalvm.com.ar\/noticias-villa-maria\/wp-content\/uploads\/2026\/09\/CTA.jpg?fit=850%2C491&ssl=1","_links":{"self":[{"href":"https:\/\/elregionalvm.com.ar\/noticias-villa-maria\/wp-json\/wp\/v2\/posts\/118373","targetHints":{"allow":["GET"]}}],"collection":[{"href":"https:\/\/elregionalvm.com.ar\/noticias-villa-maria\/wp-json\/wp\/v2\/posts"}],"about":[{"href":"https:\/\/elregionalvm.com.ar\/noticias-villa-maria\/wp-json\/wp\/v2\/types\/post"}],"author":[{"embeddable":true,"href":"https:\/\/elregionalvm.com.ar\/noticias-villa-maria\/wp-json\/wp\/v2\/users\/4"}],"replies":[{"embeddable":true,"href":"https:\/\/elregionalvm.com.ar\/noticias-villa-maria\/wp-json\/wp\/v2\/comments?post=118373"}],"version-history":[{"count":1,"href":"https:\/\/elregionalvm.com.ar\/noticias-villa-maria\/wp-json\/wp\/v2\/posts\/118373\/revisions"}],"predecessor-version":[{"id":118375,"href":"https:\/\/elregionalvm.com.ar\/noticias-villa-maria\/wp-json\/wp\/v2\/posts\/118373\/revisions\/118375"}],"wp:featuredmedia":[{"embeddable":true,"href":"https:\/\/elregionalvm.com.ar\/noticias-villa-maria\/wp-json\/wp\/v2\/media\/118374"}],"wp:attachment":[{"href":"https:\/\/elregionalvm.com.ar\/noticias-villa-maria\/wp-json\/wp\/v2\/media?parent=118373"}],"wp:term":[{"taxonomy":"category","embeddable":true,"href":"https:\/\/elregionalvm.com.ar\/noticias-villa-maria\/wp-json\/wp\/v2\/categories?post=118373"},{"taxonomy":"post_tag","embeddable":true,"href":"https:\/\/elregionalvm.com.ar\/noticias-villa-maria\/wp-json\/wp\/v2\/tags?post=118373"}],"curies":[{"name":"wp","href":"https:\/\/api.w.org\/{rel}","templated":true}]}}