{"id":118390,"date":"2026-09-03T18:10:08","date_gmt":"2026-09-03T18:10:08","guid":{"rendered":"https:\/\/elregionalvm.com.ar\/noticias-villa-maria\/?p=118390"},"modified":"2026-09-03T18:10:10","modified_gmt":"2026-09-03T18:10:10","slug":"la-meca-ya-abrio-sus-puertas-y-accastello-propuso-reducir-el-costo-de-la-energia","status":"publish","type":"post","link":"https:\/\/elregionalvm.com.ar\/noticias-villa-maria\/la-meca-ya-abrio-sus-puertas-y-accastello-propuso-reducir-el-costo-de-la-energia\/","title":{"rendered":"La MECA ya abri\u00f3 sus puertas y Accastello propuso reducir el costo de la energ\u00eda"},"content":{"rendered":"\n<h2 class=\"wp-block-heading\"><strong>La Mega Expo del Centro Argentino se desarrolla hasta el domingo en el predio de la Sociedad Rural de Villa Mar\u00eda, con la participaci\u00f3n de referentes del sector productivo, autoridades y distintas propuestas para el p\u00fablico.<\/strong><\/h2>\n\n\n\n<p class=\"wp-block-paragraph\"><\/p>\n\n\n\n<p class=\"wp-block-paragraph\">La <strong>Mega Expo del Centro Argentino (MECA)<\/strong> comenz\u00f3 este jueves en el predio de la Sociedad Rural de Villa Mar\u00eda y se extender\u00e1 hasta el domingo, con una agenda que re\u00fane al campo, la industria, la educaci\u00f3n y distintos actores vinculados a la producci\u00f3n regional.<\/p>\n\n\n\n<p class=\"wp-block-paragraph\">Durante la apertura estuvieron presentes el ministro de Bioagroindustria de C\u00f3rdoba, <strong>Sergio Busso<\/strong>, y el intendente de Villa Mar\u00eda, <strong>Eduardo Accastello<\/strong>, quienes destacaron el crecimiento de la exposici\u00f3n y el potencial productivo de la regi\u00f3n.<\/p>\n\n\n\n<p class=\"wp-block-paragraph\">Busso valor\u00f3 especialmente la convocatoria alcanzada por la muestra y sostuvo que Villa Mar\u00eda cuenta con caracter\u00edsticas particulares por su ubicaci\u00f3n y por el perfil productivo de la ciudad. En ese sentido, remarc\u00f3 la importancia de que la producci\u00f3n agropecuaria tenga como destino mejorar las condiciones de vida de la poblaci\u00f3n.<\/p>\n\n\n\n<p class=\"wp-block-paragraph\">Por su parte, Accastello aprovech\u00f3 la apertura para plantear la necesidad de avanzar en nuevas pol\u00edticas p\u00fablicas vinculadas al costo de la energ\u00eda. El intendente sostuvo que los recursos provenientes de actividades como el petr\u00f3leo, el gas y la miner\u00eda podr\u00edan utilizarse para generar beneficios que alcancen a consumidores y sectores productivos de todo el pa\u00eds.<\/p>\n\n\n\n<p class=\"wp-block-paragraph\">En particular, plante\u00f3 la posibilidad de que parte de las regal\u00edas generadas por esos recursos se destinen a reducir las tarifas energ\u00e9ticas y cuestion\u00f3 que los beneficios queden concentrados \u00fanicamente en algunas provincias.<\/p>\n\n\n\n<p class=\"wp-block-paragraph\"><em>\u201cFaltan pol\u00edticas p\u00fablicas que permitan proyectar acciones para el beneficio de los consumidores, los argentinos\u201d, <\/em>sostuvo Accastello, y agreg\u00f3 que el crecimiento econ\u00f3mico debe traducirse tambi\u00e9n en beneficios concretos para la poblaci\u00f3n.<\/p>\n\n\n\n<p class=\"wp-block-paragraph\">El intendente tambi\u00e9n destac\u00f3 el perfil productivo y educativo de Villa Mar\u00eda y se\u00f1al\u00f3 que la ciudad cuenta con la \u00fanica escuela de lecher\u00eda del pa\u00eds, que proyecta convertirse en una universidad especializada en la actividad l\u00e1ctea.<\/p>\n\n\n\n<p class=\"wp-block-paragraph\">Adem\u00e1s, anticip\u00f3 la intenci\u00f3n del Municipio de trabajar junto a la Sociedad Rural en la posibilidad de avanzar hacia un <strong>centro de exposiciones permanente<\/strong>, como una forma de darle continuidad a este tipo de encuentros durante todo el a\u00f1o.<\/p>\n\n\n\n<h3 class=\"wp-block-heading\">Una agenda con producci\u00f3n, educaci\u00f3n y tecnolog\u00eda<\/h3>\n\n\n\n<p class=\"wp-block-paragraph\"><\/p>\n\n\n\n<p class=\"wp-block-paragraph\">La programaci\u00f3n de la MECA continuar\u00e1 durante los pr\u00f3ximos d\u00edas con exposiciones, charlas y actividades vinculadas a la producci\u00f3n agropecuaria y la innovaci\u00f3n.<\/p>\n\n\n\n<p class=\"wp-block-paragraph\">Este jueves, entre las actividades previstas, se entregar\u00e1n al mediod\u00eda los premios de las <strong>Olimp\u00edadas Bioenerg\u00e9ticas y de Valor Agregado \u201cMario Bragachini\u201d<\/strong>, que repartir\u00e1n tres millones de pesos entre las escuelas ganadoras.<\/p>\n\n\n\n<p class=\"wp-block-paragraph\">Por la tarde, a las 15, ser\u00e1 el turno de <strong>Mario Navarro<\/strong>, director del Observatorio Meteorol\u00f3gico de Salsipuedes. Luego, a las 15.30, el ingeniero agr\u00f3nomo <strong>Manuel Vicondo<\/strong> brindar\u00e1 una charla sobre las caracter\u00edsticas y limitantes de los suelos lecheros de la regi\u00f3n.<\/p>\n\n\n\n<p class=\"wp-block-paragraph\">El cierre de la jornada estar\u00e1 a cargo del veterinario <strong>Hern\u00e1n Re<\/strong>, quien abordar\u00e1 estrategias para mitigar el impacto de las abundantes precipitaciones en tambos y feedlots.<\/p>\n\n\n\n<p class=\"wp-block-paragraph\">La MECA permanecer\u00e1 abierta hasta el <strong>domingo<\/strong>, con una propuesta que busca reunir en un mismo espacio a productores, empresas, instituciones educativas y la comunidad.<\/p>\n","protected":false},"excerpt":{"rendered":"<p>La Mega Expo del Centro Argentino se desarrolla hasta el domingo en el predio de la Sociedad Rural de Villa Mar\u00eda, con la participaci\u00f3n de referentes del sector productivo, autoridades y distintas propuestas para el p\u00fablico. La Mega Expo del Centro Argentino (MECA) comenz\u00f3 este jueves en el predio de la Sociedad Rural de Villa [&hellip;]<\/p>\n","protected":false},"author":3,"featured_media":118391,"comment_status":"open","ping_status":"open","sticky":false,"template":"","format":"standard","meta":{"site-sidebar-layout":"default","site-content-layout":"","ast-site-content-layout":"default","site-content-style":"default","site-sidebar-style":"default","ast-global-header-display":"","ast-banner-title-visibility":"","ast-main-header-display":"","ast-hfb-above-header-display":"","ast-hfb-below-header-display":"","ast-hfb-mobile-header-display":"","site-post-title":"","ast-breadcrumbs-content":"","ast-featured-img":"","footer-sml-layout":"","ast-disable-related-posts":"","theme-transparent-header-meta":"","adv-header-id-meta":"","stick-header-meta":"","header-above-stick-meta":"","header-main-stick-meta":"","header-below-stick-meta":"","astra-migrate-meta-layouts":"set","ast-page-background-enabled":"default","ast-page-background-meta":{"desktop":{"background-color":"","background-image":"","background-repeat":"repeat","background-position":"center center","background-size":"auto","background-attachment":"scroll","background-type":"","background-media":"","overlay-type":"","overlay-color":"","overlay-opacity":"","overlay-gradient":""},"tablet":{"background-color":"","background-image":"","background-repeat":"repeat","background-position":"center center","background-size":"auto","background-attachment":"scroll","background-type":"","background-media":"","overlay-type":"","overlay-color":"","overlay-opacity":"","overlay-gradient":""},"mobile":{"background-color":"","background-image":"","background-repeat":"repeat","background-position":"center center","background-size":"auto","background-attachment":"scroll","background-type":"","background-media":"","overlay-type":"","overlay-color":"","overlay-opacity":"","overlay-gradient":""}},"ast-content-background-meta":{"desktop":{"background-color":"var(--ast-global-color-5)","background-image":"","background-repeat":"repeat","background-position":"center center","background-size":"auto","background-attachment":"scroll","background-type":"","background-media":"","overlay-type":"","overlay-color":"","overlay-opacity":"","overlay-gradient":""},"tablet":{"background-color":"var(--ast-global-color-5)","background-image":"","background-repeat":"repeat","background-position":"center center","background-size":"auto","background-attachment":"scroll","background-type":"","background-media":"","overlay-type":"","overlay-color":"","overlay-opacity":"","overlay-gradient":""},"mobile":{"background-color":"var(--ast-global-color-5)","background-image":"","background-repeat":"repeat","background-position":"center center","background-size":"auto","background-attachment":"scroll","background-type":"","background-media":"","overlay-type":"","overlay-color":"","overlay-opacity":"","overlay-gradient":""}},"_jetpack_newsletter_access":"","_jetpack_dont_email_post_to_subs":false,"_jetpack_newsletter_tier_id":0,"_jetpack_memberships_contains_paywalled_content":false,"_jetpack_memberships_contains_paid_content":false,"_joinchat":[],"footnotes":""},"categories":[15302,2],"tags":[],"class_list":["post-118390","post","type-post","status-publish","format-standard","has-post-thumbnail","hentry","category-destacado","category-villa-maria"],"yoast_head":"<!-- This site is optimized with the Yoast SEO plugin v28.4 - https:\/\/yoast.com\/product\/yoast-seo-wordpress\/ -->\n<title>La MECA ya abri\u00f3 sus puertas y Accastello propuso reducir el costo de la energ\u00eda - El Regional<\/title>\n<meta name=\"robots\" content=\"index, follow, max-snippet:-1, max-image-preview:large, max-video-preview:-1\" \/>\n<link rel=\"canonical\" href=\"https:\/\/elregionalvm.com.ar\/noticias-villa-maria\/la-meca-ya-abrio-sus-puertas-y-accastello-propuso-reducir-el-costo-de-la-energia\/\" \/>\n<meta property=\"og:locale\" content=\"es_ES\" \/>\n<meta property=\"og:type\" content=\"article\" \/>\n<meta property=\"og:title\" content=\"La MECA ya abri\u00f3 sus puertas y Accastello propuso reducir el costo de la energ\u00eda - El Regional\" \/>\n<meta property=\"og:description\" content=\"La Mega Expo del Centro Argentino se desarrolla hasta el domingo en el predio de la Sociedad Rural de Villa Mar\u00eda, con la participaci\u00f3n de referentes del sector productivo, autoridades y distintas propuestas para el p\u00fablico. La Mega Expo del Centro Argentino (MECA) comenz\u00f3 este jueves en el predio de la Sociedad Rural de Villa [&hellip;]\" \/>\n<meta property=\"og:url\" content=\"https:\/\/elregionalvm.com.ar\/noticias-villa-maria\/la-meca-ya-abrio-sus-puertas-y-accastello-propuso-reducir-el-costo-de-la-energia\/\" \/>\n<meta property=\"og:site_name\" content=\"El Regional\" \/>\n<meta property=\"article:publisher\" content=\"https:\/\/www.facebook.com\/elregionalvm\" \/>\n<meta property=\"article:published_time\" content=\"2026-09-03T18:10:08+00:00\" \/>\n<meta property=\"article:modified_time\" content=\"2026-09-03T18:10:10+00:00\" \/>\n<meta property=\"og:image\" content=\"https:\/\/elregionalvm.com.ar\/noticias-villa-maria\/wp-content\/uploads\/2026\/09\/lameca.jpg\" \/>\n\t<meta property=\"og:image:width\" content=\"850\" \/>\n\t<meta property=\"og:image:height\" content=\"524\" \/>\n\t<meta property=\"og:image:type\" content=\"image\/jpeg\" \/>\n<meta name=\"author\" content=\"Veronica Falvo\" \/>\n<meta name=\"twitter:card\" content=\"summary_large_image\" \/>\n<meta name=\"twitter:creator\" content=\"@elregionalvm1\" \/>\n<meta name=\"twitter:site\" content=\"@elregionalvm1\" \/>\n<meta name=\"twitter:label1\" content=\"Escrito por\" \/>\n\t<meta name=\"twitter:data1\" content=\"Veronica Falvo\" \/>\n\t<meta name=\"twitter:label2\" content=\"Tiempo de lectura\" \/>\n\t<meta name=\"twitter:data2\" content=\"3 minutos\" \/>\n<script type=\"application\/ld+json\" class=\"yoast-schema-graph\">{\"@context\":\"https:\\\/\\\/schema.org\",\"@graph\":[{\"@type\":\"Article\",\"@id\":\"https:\\\/\\\/elregionalvm.com.ar\\\/noticias-villa-maria\\\/la-meca-ya-abrio-sus-puertas-y-accastello-propuso-reducir-el-costo-de-la-energia\\\/#article\",\"isPartOf\":{\"@id\":\"https:\\\/\\\/elregionalvm.com.ar\\\/noticias-villa-maria\\\/la-meca-ya-abrio-sus-puertas-y-accastello-propuso-reducir-el-costo-de-la-energia\\\/\"},\"author\":{\"name\":\"Veronica Falvo\",\"@id\":\"http:\\\/\\\/elregionalvm.com.ar\\\/noticias-villa-maria\\\/#\\\/schema\\\/person\\\/ae71d64bef3ad6e85b26323055676144\"},\"headline\":\"La MECA ya abri\u00f3 sus puertas y Accastello propuso reducir el costo de la energ\u00eda\",\"datePublished\":\"2026-09-03T18:10:08+00:00\",\"dateModified\":\"2026-09-03T18:10:10+00:00\",\"mainEntityOfPage\":{\"@id\":\"https:\\\/\\\/elregionalvm.com.ar\\\/noticias-villa-maria\\\/la-meca-ya-abrio-sus-puertas-y-accastello-propuso-reducir-el-costo-de-la-energia\\\/\"},\"wordCount\":591,\"commentCount\":0,\"image\":{\"@id\":\"https:\\\/\\\/elregionalvm.com.ar\\\/noticias-villa-maria\\\/la-meca-ya-abrio-sus-puertas-y-accastello-propuso-reducir-el-costo-de-la-energia\\\/#primaryimage\"},\"thumbnailUrl\":\"https:\\\/\\\/i0.wp.com\\\/elregionalvm.com.ar\\\/noticias-villa-maria\\\/wp-content\\\/uploads\\\/2026\\\/09\\\/lameca.jpg?fit=850%2C524&ssl=1\",\"articleSection\":[\"destacado\",\"Villa Mar\u00eda\"],\"inLanguage\":\"es\",\"potentialAction\":[{\"@type\":\"CommentAction\",\"name\":\"Comment\",\"target\":[\"https:\\\/\\\/elregionalvm.com.ar\\\/noticias-villa-maria\\\/la-meca-ya-abrio-sus-puertas-y-accastello-propuso-reducir-el-costo-de-la-energia\\\/#respond\"]}]},{\"@type\":\"WebPage\",\"@id\":\"https:\\\/\\\/elregionalvm.com.ar\\\/noticias-villa-maria\\\/la-meca-ya-abrio-sus-puertas-y-accastello-propuso-reducir-el-costo-de-la-energia\\\/\",\"url\":\"https:\\\/\\\/elregionalvm.com.ar\\\/noticias-villa-maria\\\/la-meca-ya-abrio-sus-puertas-y-accastello-propuso-reducir-el-costo-de-la-energia\\\/\",\"name\":\"La MECA ya abri\u00f3 sus puertas y Accastello propuso reducir el costo de la energ\u00eda - El Regional\",\"isPartOf\":{\"@id\":\"http:\\\/\\\/elregionalvm.com.ar\\\/noticias-villa-maria\\\/#website\"},\"primaryImageOfPage\":{\"@id\":\"https:\\\/\\\/elregionalvm.com.ar\\\/noticias-villa-maria\\\/la-meca-ya-abrio-sus-puertas-y-accastello-propuso-reducir-el-costo-de-la-energia\\\/#primaryimage\"},\"image\":{\"@id\":\"https:\\\/\\\/elregionalvm.com.ar\\\/noticias-villa-maria\\\/la-meca-ya-abrio-sus-puertas-y-accastello-propuso-reducir-el-costo-de-la-energia\\\/#primaryimage\"},\"thumbnailUrl\":\"https:\\\/\\\/i0.wp.com\\\/elregionalvm.com.ar\\\/noticias-villa-maria\\\/wp-content\\\/uploads\\\/2026\\\/09\\\/lameca.jpg?fit=850%2C524&ssl=1\",\"datePublished\":\"2026-09-03T18:10:08+00:00\",\"dateModified\":\"2026-09-03T18:10:10+00:00\",\"author\":{\"@id\":\"http:\\\/\\\/elregionalvm.com.ar\\\/noticias-villa-maria\\\/#\\\/schema\\\/person\\\/ae71d64bef3ad6e85b26323055676144\"},\"breadcrumb\":{\"@id\":\"https:\\\/\\\/elregionalvm.com.ar\\\/noticias-villa-maria\\\/la-meca-ya-abrio-sus-puertas-y-accastello-propuso-reducir-el-costo-de-la-energia\\\/#breadcrumb\"},\"inLanguage\":\"es\",\"potentialAction\":[{\"@type\":\"ReadAction\",\"target\":[\"https:\\\/\\\/elregionalvm.com.ar\\\/noticias-villa-maria\\\/la-meca-ya-abrio-sus-puertas-y-accastello-propuso-reducir-el-costo-de-la-energia\\\/\"]}]},{\"@type\":\"ImageObject\",\"inLanguage\":\"es\",\"@id\":\"https:\\\/\\\/elregionalvm.com.ar\\\/noticias-villa-maria\\\/la-meca-ya-abrio-sus-puertas-y-accastello-propuso-reducir-el-costo-de-la-energia\\\/#primaryimage\",\"url\":\"https:\\\/\\\/i0.wp.com\\\/elregionalvm.com.ar\\\/noticias-villa-maria\\\/wp-content\\\/uploads\\\/2026\\\/09\\\/lameca.jpg?fit=850%2C524&ssl=1\",\"contentUrl\":\"https:\\\/\\\/i0.wp.com\\\/elregionalvm.com.ar\\\/noticias-villa-maria\\\/wp-content\\\/uploads\\\/2026\\\/09\\\/lameca.jpg?fit=850%2C524&ssl=1\",\"width\":850,\"height\":524},{\"@type\":\"BreadcrumbList\",\"@id\":\"https:\\\/\\\/elregionalvm.com.ar\\\/noticias-villa-maria\\\/la-meca-ya-abrio-sus-puertas-y-accastello-propuso-reducir-el-costo-de-la-energia\\\/#breadcrumb\",\"itemListElement\":[{\"@type\":\"ListItem\",\"position\":1,\"name\":\"Portada\",\"item\":\"https:\\\/\\\/elregionalvm.com.ar\\\/noticias-villa-maria\\\/\"},{\"@type\":\"ListItem\",\"position\":2,\"name\":\"La MECA ya abri\u00f3 sus puertas y Accastello propuso reducir el costo de la energ\u00eda\"}]},{\"@type\":\"WebSite\",\"@id\":\"http:\\\/\\\/elregionalvm.com.ar\\\/noticias-villa-maria\\\/#website\",\"url\":\"http:\\\/\\\/elregionalvm.com.ar\\\/noticias-villa-maria\\\/\",\"name\":\"El Regional\",\"description\":\"Mucho m\u00e1s que informaci\u00f3n\",\"potentialAction\":[{\"@type\":\"SearchAction\",\"target\":{\"@type\":\"EntryPoint\",\"urlTemplate\":\"http:\\\/\\\/elregionalvm.com.ar\\\/noticias-villa-maria\\\/?s={search_term_string}\"},\"query-input\":{\"@type\":\"PropertyValueSpecification\",\"valueRequired\":true,\"valueName\":\"search_term_string\"}}],\"inLanguage\":\"es\"},{\"@type\":\"Person\",\"@id\":\"http:\\\/\\\/elregionalvm.com.ar\\\/noticias-villa-maria\\\/#\\\/schema\\\/person\\\/ae71d64bef3ad6e85b26323055676144\",\"name\":\"Veronica Falvo\",\"image\":{\"@type\":\"ImageObject\",\"inLanguage\":\"es\",\"@id\":\"https:\\\/\\\/secure.gravatar.com\\\/avatar\\\/2316ded45cb7100980f0e3e93676d541d67eb923e00794e395aa9b95fad3171d?s=96&d=mm&r=g\",\"url\":\"https:\\\/\\\/secure.gravatar.com\\\/avatar\\\/2316ded45cb7100980f0e3e93676d541d67eb923e00794e395aa9b95fad3171d?s=96&d=mm&r=g\",\"contentUrl\":\"https:\\\/\\\/secure.gravatar.com\\\/avatar\\\/2316ded45cb7100980f0e3e93676d541d67eb923e00794e395aa9b95fad3171d?s=96&d=mm&r=g\",\"caption\":\"Veronica Falvo\"},\"url\":\"https:\\\/\\\/elregionalvm.com.ar\\\/noticias-villa-maria\\\/author\\\/veronica\\\/\"}]}<\/script>\n<!-- \/ Yoast SEO plugin. -->","yoast_head_json":{"title":"La MECA ya abri\u00f3 sus puertas y Accastello propuso reducir el costo de la energ\u00eda - El Regional","robots":{"index":"index","follow":"follow","max-snippet":"max-snippet:-1","max-image-preview":"max-image-preview:large","max-video-preview":"max-video-preview:-1"},"canonical":"https:\/\/elregionalvm.com.ar\/noticias-villa-maria\/la-meca-ya-abrio-sus-puertas-y-accastello-propuso-reducir-el-costo-de-la-energia\/","og_locale":"es_ES","og_type":"article","og_title":"La MECA ya abri\u00f3 sus puertas y Accastello propuso reducir el costo de la energ\u00eda - El Regional","og_description":"La Mega Expo del Centro Argentino se desarrolla hasta el domingo en el predio de la Sociedad Rural de Villa Mar\u00eda, con la participaci\u00f3n de referentes del sector productivo, autoridades y distintas propuestas para el p\u00fablico. La Mega Expo del Centro Argentino (MECA) comenz\u00f3 este jueves en el predio de la Sociedad Rural de Villa [&hellip;]","og_url":"https:\/\/elregionalvm.com.ar\/noticias-villa-maria\/la-meca-ya-abrio-sus-puertas-y-accastello-propuso-reducir-el-costo-de-la-energia\/","og_site_name":"El Regional","article_publisher":"https:\/\/www.facebook.com\/elregionalvm","article_published_time":"2026-09-03T18:10:08+00:00","article_modified_time":"2026-09-03T18:10:10+00:00","og_image":[{"width":850,"height":524,"url":"https:\/\/elregionalvm.com.ar\/noticias-villa-maria\/wp-content\/uploads\/2026\/09\/lameca.jpg","type":"image\/jpeg"}],"author":"Veronica Falvo","twitter_card":"summary_large_image","twitter_creator":"@elregionalvm1","twitter_site":"@elregionalvm1","twitter_misc":{"Escrito por":"Veronica Falvo","Tiempo de lectura":"3 minutos"},"schema":{"@context":"https:\/\/schema.org","@graph":[{"@type":"Article","@id":"https:\/\/elregionalvm.com.ar\/noticias-villa-maria\/la-meca-ya-abrio-sus-puertas-y-accastello-propuso-reducir-el-costo-de-la-energia\/#article","isPartOf":{"@id":"https:\/\/elregionalvm.com.ar\/noticias-villa-maria\/la-meca-ya-abrio-sus-puertas-y-accastello-propuso-reducir-el-costo-de-la-energia\/"},"author":{"name":"Veronica Falvo","@id":"http:\/\/elregionalvm.com.ar\/noticias-villa-maria\/#\/schema\/person\/ae71d64bef3ad6e85b26323055676144"},"headline":"La MECA ya abri\u00f3 sus puertas y Accastello propuso reducir el costo de la energ\u00eda","datePublished":"2026-09-03T18:10:08+00:00","dateModified":"2026-09-03T18:10:10+00:00","mainEntityOfPage":{"@id":"https:\/\/elregionalvm.com.ar\/noticias-villa-maria\/la-meca-ya-abrio-sus-puertas-y-accastello-propuso-reducir-el-costo-de-la-energia\/"},"wordCount":591,"commentCount":0,"image":{"@id":"https:\/\/elregionalvm.com.ar\/noticias-villa-maria\/la-meca-ya-abrio-sus-puertas-y-accastello-propuso-reducir-el-costo-de-la-energia\/#primaryimage"},"thumbnailUrl":"https:\/\/i0.wp.com\/elregionalvm.com.ar\/noticias-villa-maria\/wp-content\/uploads\/2026\/09\/lameca.jpg?fit=850%2C524&ssl=1","articleSection":["destacado","Villa Mar\u00eda"],"inLanguage":"es","potentialAction":[{"@type":"CommentAction","name":"Comment","target":["https:\/\/elregionalvm.com.ar\/noticias-villa-maria\/la-meca-ya-abrio-sus-puertas-y-accastello-propuso-reducir-el-costo-de-la-energia\/#respond"]}]},{"@type":"WebPage","@id":"https:\/\/elregionalvm.com.ar\/noticias-villa-maria\/la-meca-ya-abrio-sus-puertas-y-accastello-propuso-reducir-el-costo-de-la-energia\/","url":"https:\/\/elregionalvm.com.ar\/noticias-villa-maria\/la-meca-ya-abrio-sus-puertas-y-accastello-propuso-reducir-el-costo-de-la-energia\/","name":"La MECA ya abri\u00f3 sus puertas y Accastello propuso reducir el costo de la energ\u00eda - El Regional","isPartOf":{"@id":"http:\/\/elregionalvm.com.ar\/noticias-villa-maria\/#website"},"primaryImageOfPage":{"@id":"https:\/\/elregionalvm.com.ar\/noticias-villa-maria\/la-meca-ya-abrio-sus-puertas-y-accastello-propuso-reducir-el-costo-de-la-energia\/#primaryimage"},"image":{"@id":"https:\/\/elregionalvm.com.ar\/noticias-villa-maria\/la-meca-ya-abrio-sus-puertas-y-accastello-propuso-reducir-el-costo-de-la-energia\/#primaryimage"},"thumbnailUrl":"https:\/\/i0.wp.com\/elregionalvm.com.ar\/noticias-villa-maria\/wp-content\/uploads\/2026\/09\/lameca.jpg?fit=850%2C524&ssl=1","datePublished":"2026-09-03T18:10:08+00:00","dateModified":"2026-09-03T18:10:10+00:00","author":{"@id":"http:\/\/elregionalvm.com.ar\/noticias-villa-maria\/#\/schema\/person\/ae71d64bef3ad6e85b26323055676144"},"breadcrumb":{"@id":"https:\/\/elregionalvm.com.ar\/noticias-villa-maria\/la-meca-ya-abrio-sus-puertas-y-accastello-propuso-reducir-el-costo-de-la-energia\/#breadcrumb"},"inLanguage":"es","potentialAction":[{"@type":"ReadAction","target":["https:\/\/elregionalvm.com.ar\/noticias-villa-maria\/la-meca-ya-abrio-sus-puertas-y-accastello-propuso-reducir-el-costo-de-la-energia\/"]}]},{"@type":"ImageObject","inLanguage":"es","@id":"https:\/\/elregionalvm.com.ar\/noticias-villa-maria\/la-meca-ya-abrio-sus-puertas-y-accastello-propuso-reducir-el-costo-de-la-energia\/#primaryimage","url":"https:\/\/i0.wp.com\/elregionalvm.com.ar\/noticias-villa-maria\/wp-content\/uploads\/2026\/09\/lameca.jpg?fit=850%2C524&ssl=1","contentUrl":"https:\/\/i0.wp.com\/elregionalvm.com.ar\/noticias-villa-maria\/wp-content\/uploads\/2026\/09\/lameca.jpg?fit=850%2C524&ssl=1","width":850,"height":524},{"@type":"BreadcrumbList","@id":"https:\/\/elregionalvm.com.ar\/noticias-villa-maria\/la-meca-ya-abrio-sus-puertas-y-accastello-propuso-reducir-el-costo-de-la-energia\/#breadcrumb","itemListElement":[{"@type":"ListItem","position":1,"name":"Portada","item":"https:\/\/elregionalvm.com.ar\/noticias-villa-maria\/"},{"@type":"ListItem","position":2,"name":"La MECA ya abri\u00f3 sus puertas y Accastello propuso reducir el costo de la energ\u00eda"}]},{"@type":"WebSite","@id":"http:\/\/elregionalvm.com.ar\/noticias-villa-maria\/#website","url":"http:\/\/elregionalvm.com.ar\/noticias-villa-maria\/","name":"El Regional","description":"Mucho m\u00e1s que informaci\u00f3n","potentialAction":[{"@type":"SearchAction","target":{"@type":"EntryPoint","urlTemplate":"http:\/\/elregionalvm.com.ar\/noticias-villa-maria\/?s={search_term_string}"},"query-input":{"@type":"PropertyValueSpecification","valueRequired":true,"valueName":"search_term_string"}}],"inLanguage":"es"},{"@type":"Person","@id":"http:\/\/elregionalvm.com.ar\/noticias-villa-maria\/#\/schema\/person\/ae71d64bef3ad6e85b26323055676144","name":"Veronica Falvo","image":{"@type":"ImageObject","inLanguage":"es","@id":"https:\/\/secure.gravatar.com\/avatar\/2316ded45cb7100980f0e3e93676d541d67eb923e00794e395aa9b95fad3171d?s=96&d=mm&r=g","url":"https:\/\/secure.gravatar.com\/avatar\/2316ded45cb7100980f0e3e93676d541d67eb923e00794e395aa9b95fad3171d?s=96&d=mm&r=g","contentUrl":"https:\/\/secure.gravatar.com\/avatar\/2316ded45cb7100980f0e3e93676d541d67eb923e00794e395aa9b95fad3171d?s=96&d=mm&r=g","caption":"Veronica Falvo"},"url":"https:\/\/elregionalvm.com.ar\/noticias-villa-maria\/author\/veronica\/"}]}},"jetpack_sharing_enabled":true,"jetpack_featured_media_url":"https:\/\/i0.wp.com\/elregionalvm.com.ar\/noticias-villa-maria\/wp-content\/uploads\/2026\/09\/lameca.jpg?fit=850%2C524&ssl=1","_links":{"self":[{"href":"https:\/\/elregionalvm.com.ar\/noticias-villa-maria\/wp-json\/wp\/v2\/posts\/118390","targetHints":{"allow":["GET"]}}],"collection":[{"href":"https:\/\/elregionalvm.com.ar\/noticias-villa-maria\/wp-json\/wp\/v2\/posts"}],"about":[{"href":"https:\/\/elregionalvm.com.ar\/noticias-villa-maria\/wp-json\/wp\/v2\/types\/post"}],"author":[{"embeddable":true,"href":"https:\/\/elregionalvm.com.ar\/noticias-villa-maria\/wp-json\/wp\/v2\/users\/3"}],"replies":[{"embeddable":true,"href":"https:\/\/elregionalvm.com.ar\/noticias-villa-maria\/wp-json\/wp\/v2\/comments?post=118390"}],"version-history":[{"count":1,"href":"https:\/\/elregionalvm.com.ar\/noticias-villa-maria\/wp-json\/wp\/v2\/posts\/118390\/revisions"}],"predecessor-version":[{"id":118392,"href":"https:\/\/elregionalvm.com.ar\/noticias-villa-maria\/wp-json\/wp\/v2\/posts\/118390\/revisions\/118392"}],"wp:featuredmedia":[{"embeddable":true,"href":"https:\/\/elregionalvm.com.ar\/noticias-villa-maria\/wp-json\/wp\/v2\/media\/118391"}],"wp:attachment":[{"href":"https:\/\/elregionalvm.com.ar\/noticias-villa-maria\/wp-json\/wp\/v2\/media?parent=118390"}],"wp:term":[{"taxonomy":"category","embeddable":true,"href":"https:\/\/elregionalvm.com.ar\/noticias-villa-maria\/wp-json\/wp\/v2\/categories?post=118390"},{"taxonomy":"post_tag","embeddable":true,"href":"https:\/\/elregionalvm.com.ar\/noticias-villa-maria\/wp-json\/wp\/v2\/tags?post=118390"}],"curies":[{"name":"wp","href":"https:\/\/api.w.org\/{rel}","templated":true}]}}