{"id":118402,"date":"2026-09-03T18:41:07","date_gmt":"2026-09-03T18:41:07","guid":{"rendered":"https:\/\/elregionalvm.com.ar\/noticias-villa-maria\/?p=118402"},"modified":"2026-09-03T18:41:08","modified_gmt":"2026-09-03T18:41:08","slug":"el-hipodromo-tendra-20-carreras-este-domingo","status":"publish","type":"post","link":"https:\/\/elregionalvm.com.ar\/noticias-villa-maria\/el-hipodromo-tendra-20-carreras-este-domingo\/","title":{"rendered":"El Hip\u00f3dromo tendr\u00e1 20 carreras este domingo"},"content":{"rendered":"\n<p class=\"wp-block-paragraph\"><strong>La jornada comenzar\u00e1 a las 9 y contar\u00e1 con cinco pruebas cl\u00e1sicas. La tradicional Carrera Aniversario se disputar\u00e1 a las 17:30, con la presencia de figuras destacadas del turf nacional e internacional.<\/strong><\/p>\n\n\n\n<p class=\"wp-block-paragraph\">El <strong>Hip\u00f3dromo de Villa Mar\u00eda<\/strong> se prepara para recibir este domingo 6 de septiembre una de las jornadas h\u00edpicas m\u00e1s importantes de su calendario, con un total de <strong>20 carreras<\/strong> y participantes provenientes de distintas localidades del pa\u00eds.<\/p>\n\n\n\n<p class=\"wp-block-paragraph\">La actividad comenzar\u00e1 a las <strong>9 y se extender\u00e1 hasta las 18<\/strong>, con una programaci\u00f3n organizada por la comisi\u00f3n del Jockey Club de Villa Mar\u00eda que incluir\u00e1 <strong>cinco competencias de categor\u00eda cl\u00e1sica<\/strong>. Entre ellas se encuentran el <strong>Premio Loter\u00eda de C\u00f3rdoba<\/strong> y el <strong>Cl\u00e1sico Municipalidad<\/strong>.<\/p>\n\n\n\n<p class=\"wp-block-paragraph\">Uno de los momentos centrales ser\u00e1 la <strong>Carrera Aniversario<\/strong>, prevista para las <strong>17:30<\/strong>, que reunir\u00e1 a reconocidos protagonistas del turf.<\/p>\n\n\n\n<p class=\"wp-block-paragraph\">Entre las figuras que llegar\u00e1n a la ciudad se destaca el brasile\u00f1o <strong>Jorge Ricardo<\/strong>, jockey que alcanz\u00f3 un r\u00e9cord Guinness por la cantidad de carreras ganadas a lo largo de su trayectoria. Tambi\u00e9n estar\u00e1 presente <strong>Juan Carlos Noriega<\/strong>, mientras que el reconocido ex jockey <strong>Jorge Valdivieso<\/strong> participar\u00e1 de una presentaci\u00f3n frente al p\u00fablico.<\/p>\n\n\n\n<p class=\"wp-block-paragraph\">Adem\u00e1s de las competencias, el evento contar\u00e1 con propuestas gastron\u00f3micas para quienes se acerquen al predio. Habr\u00e1 <strong>camiones gastron\u00f3micos<\/strong> y el buffet estar\u00e1 a cargo de la disciplina hockey del Jockey Club.<\/p>\n\n\n\n<p class=\"wp-block-paragraph\">La entrada tendr\u00e1 un valor de <strong>$15.000 por persona<\/strong> y la organizaci\u00f3n espera la llegada de p\u00fablico de Villa Mar\u00eda, localidades de la regi\u00f3n y otras provincias.<\/p>\n\n\n\n<p class=\"wp-block-paragraph\">Los detalles de la programaci\u00f3n fueron presentados por el dirigente <strong>Marcos Rodr\u00edguez<\/strong> y el representante municipal <strong>Alejandro Mana<\/strong>, quienes destacaron la magnitud de la jornada y la expectativa generada por el festival.<\/p>\n","protected":false},"excerpt":{"rendered":"<p>La jornada comenzar\u00e1 a las 9 y contar\u00e1 con cinco pruebas cl\u00e1sicas. La tradicional Carrera Aniversario se disputar\u00e1 a las 17:30, con la presencia de figuras destacadas del turf nacional e internacional. El Hip\u00f3dromo de Villa Mar\u00eda se prepara para recibir este domingo 6 de septiembre una de las jornadas h\u00edpicas m\u00e1s importantes de su [&hellip;]<\/p>\n","protected":false},"author":4,"featured_media":118403,"comment_status":"open","ping_status":"open","sticky":false,"template":"","format":"standard","meta":{"site-sidebar-layout":"default","site-content-layout":"","ast-site-content-layout":"default","site-content-style":"default","site-sidebar-style":"default","ast-global-header-display":"","ast-banner-title-visibility":"","ast-main-header-display":"","ast-hfb-above-header-display":"","ast-hfb-below-header-display":"","ast-hfb-mobile-header-display":"","site-post-title":"","ast-breadcrumbs-content":"","ast-featured-img":"","footer-sml-layout":"","ast-disable-related-posts":"","theme-transparent-header-meta":"","adv-header-id-meta":"","stick-header-meta":"","header-above-stick-meta":"","header-main-stick-meta":"","header-below-stick-meta":"","astra-migrate-meta-layouts":"set","ast-page-background-enabled":"default","ast-page-background-meta":{"desktop":{"background-color":"","background-image":"","background-repeat":"repeat","background-position":"center center","background-size":"auto","background-attachment":"scroll","background-type":"","background-media":"","overlay-type":"","overlay-color":"","overlay-opacity":"","overlay-gradient":""},"tablet":{"background-color":"","background-image":"","background-repeat":"repeat","background-position":"center center","background-size":"auto","background-attachment":"scroll","background-type":"","background-media":"","overlay-type":"","overlay-color":"","overlay-opacity":"","overlay-gradient":""},"mobile":{"background-color":"","background-image":"","background-repeat":"repeat","background-position":"center center","background-size":"auto","background-attachment":"scroll","background-type":"","background-media":"","overlay-type":"","overlay-color":"","overlay-opacity":"","overlay-gradient":""}},"ast-content-background-meta":{"desktop":{"background-color":"var(--ast-global-color-5)","background-image":"","background-repeat":"repeat","background-position":"center center","background-size":"auto","background-attachment":"scroll","background-type":"","background-media":"","overlay-type":"","overlay-color":"","overlay-opacity":"","overlay-gradient":""},"tablet":{"background-color":"var(--ast-global-color-5)","background-image":"","background-repeat":"repeat","background-position":"center center","background-size":"auto","background-attachment":"scroll","background-type":"","background-media":"","overlay-type":"","overlay-color":"","overlay-opacity":"","overlay-gradient":""},"mobile":{"background-color":"var(--ast-global-color-5)","background-image":"","background-repeat":"repeat","background-position":"center center","background-size":"auto","background-attachment":"scroll","background-type":"","background-media":"","overlay-type":"","overlay-color":"","overlay-opacity":"","overlay-gradient":""}},"_jetpack_newsletter_access":"","_jetpack_dont_email_post_to_subs":false,"_jetpack_newsletter_tier_id":0,"_jetpack_memberships_contains_paywalled_content":false,"_jetpack_memberships_contains_paid_content":false,"_joinchat":[],"footnotes":""},"categories":[15302,2],"tags":[],"class_list":["post-118402","post","type-post","status-publish","format-standard","has-post-thumbnail","hentry","category-destacado","category-villa-maria"],"yoast_head":"<!-- This site is optimized with the Yoast SEO plugin v28.4 - https:\/\/yoast.com\/product\/yoast-seo-wordpress\/ -->\n<title>El Hip\u00f3dromo tendr\u00e1 20 carreras este domingo - El Regional<\/title>\n<meta name=\"robots\" content=\"index, follow, max-snippet:-1, max-image-preview:large, max-video-preview:-1\" \/>\n<link rel=\"canonical\" href=\"https:\/\/elregionalvm.com.ar\/noticias-villa-maria\/el-hipodromo-tendra-20-carreras-este-domingo\/\" \/>\n<meta property=\"og:locale\" content=\"es_ES\" \/>\n<meta property=\"og:type\" content=\"article\" \/>\n<meta property=\"og:title\" content=\"El Hip\u00f3dromo tendr\u00e1 20 carreras este domingo - El Regional\" \/>\n<meta property=\"og:description\" content=\"La jornada comenzar\u00e1 a las 9 y contar\u00e1 con cinco pruebas cl\u00e1sicas. La tradicional Carrera Aniversario se disputar\u00e1 a las 17:30, con la presencia de figuras destacadas del turf nacional e internacional. El Hip\u00f3dromo de Villa Mar\u00eda se prepara para recibir este domingo 6 de septiembre una de las jornadas h\u00edpicas m\u00e1s importantes de su [&hellip;]\" \/>\n<meta property=\"og:url\" content=\"https:\/\/elregionalvm.com.ar\/noticias-villa-maria\/el-hipodromo-tendra-20-carreras-este-domingo\/\" \/>\n<meta property=\"og:site_name\" content=\"El Regional\" \/>\n<meta property=\"article:publisher\" content=\"https:\/\/www.facebook.com\/elregionalvm\" \/>\n<meta property=\"article:published_time\" content=\"2026-09-03T18:41:07+00:00\" \/>\n<meta property=\"article:modified_time\" content=\"2026-09-03T18:41:08+00:00\" \/>\n<meta property=\"og:image\" content=\"https:\/\/elregionalvm.com.ar\/noticias-villa-maria\/wp-content\/uploads\/2026\/09\/hipodromo.jpg\" \/>\n\t<meta property=\"og:image:width\" content=\"850\" \/>\n\t<meta property=\"og:image:height\" content=\"478\" \/>\n\t<meta property=\"og:image:type\" content=\"image\/jpeg\" \/>\n<meta name=\"author\" content=\"Contenidos El Regional\" \/>\n<meta name=\"twitter:card\" content=\"summary_large_image\" \/>\n<meta name=\"twitter:creator\" content=\"@elregionalvm1\" \/>\n<meta name=\"twitter:site\" content=\"@elregionalvm1\" \/>\n<meta name=\"twitter:label1\" content=\"Escrito por\" \/>\n\t<meta name=\"twitter:data1\" content=\"Contenidos El Regional\" \/>\n\t<meta name=\"twitter:label2\" content=\"Tiempo de lectura\" \/>\n\t<meta name=\"twitter:data2\" content=\"2 minutos\" \/>\n<script type=\"application\/ld+json\" class=\"yoast-schema-graph\">{\"@context\":\"https:\\\/\\\/schema.org\",\"@graph\":[{\"@type\":\"Article\",\"@id\":\"https:\\\/\\\/elregionalvm.com.ar\\\/noticias-villa-maria\\\/el-hipodromo-tendra-20-carreras-este-domingo\\\/#article\",\"isPartOf\":{\"@id\":\"https:\\\/\\\/elregionalvm.com.ar\\\/noticias-villa-maria\\\/el-hipodromo-tendra-20-carreras-este-domingo\\\/\"},\"author\":{\"name\":\"Contenidos El Regional\",\"@id\":\"http:\\\/\\\/elregionalvm.com.ar\\\/noticias-villa-maria\\\/#\\\/schema\\\/person\\\/a0fb9c422317faca23d50163151bc354\"},\"headline\":\"El Hip\u00f3dromo tendr\u00e1 20 carreras este domingo\",\"datePublished\":\"2026-09-03T18:41:07+00:00\",\"dateModified\":\"2026-09-03T18:41:08+00:00\",\"mainEntityOfPage\":{\"@id\":\"https:\\\/\\\/elregionalvm.com.ar\\\/noticias-villa-maria\\\/el-hipodromo-tendra-20-carreras-este-domingo\\\/\"},\"wordCount\":307,\"commentCount\":0,\"image\":{\"@id\":\"https:\\\/\\\/elregionalvm.com.ar\\\/noticias-villa-maria\\\/el-hipodromo-tendra-20-carreras-este-domingo\\\/#primaryimage\"},\"thumbnailUrl\":\"https:\\\/\\\/i0.wp.com\\\/elregionalvm.com.ar\\\/noticias-villa-maria\\\/wp-content\\\/uploads\\\/2026\\\/09\\\/hipodromo.jpg?fit=850%2C478&ssl=1\",\"articleSection\":[\"destacado\",\"Villa Mar\u00eda\"],\"inLanguage\":\"es\",\"potentialAction\":[{\"@type\":\"CommentAction\",\"name\":\"Comment\",\"target\":[\"https:\\\/\\\/elregionalvm.com.ar\\\/noticias-villa-maria\\\/el-hipodromo-tendra-20-carreras-este-domingo\\\/#respond\"]}]},{\"@type\":\"WebPage\",\"@id\":\"https:\\\/\\\/elregionalvm.com.ar\\\/noticias-villa-maria\\\/el-hipodromo-tendra-20-carreras-este-domingo\\\/\",\"url\":\"https:\\\/\\\/elregionalvm.com.ar\\\/noticias-villa-maria\\\/el-hipodromo-tendra-20-carreras-este-domingo\\\/\",\"name\":\"El Hip\u00f3dromo tendr\u00e1 20 carreras este domingo - El Regional\",\"isPartOf\":{\"@id\":\"http:\\\/\\\/elregionalvm.com.ar\\\/noticias-villa-maria\\\/#website\"},\"primaryImageOfPage\":{\"@id\":\"https:\\\/\\\/elregionalvm.com.ar\\\/noticias-villa-maria\\\/el-hipodromo-tendra-20-carreras-este-domingo\\\/#primaryimage\"},\"image\":{\"@id\":\"https:\\\/\\\/elregionalvm.com.ar\\\/noticias-villa-maria\\\/el-hipodromo-tendra-20-carreras-este-domingo\\\/#primaryimage\"},\"thumbnailUrl\":\"https:\\\/\\\/i0.wp.com\\\/elregionalvm.com.ar\\\/noticias-villa-maria\\\/wp-content\\\/uploads\\\/2026\\\/09\\\/hipodromo.jpg?fit=850%2C478&ssl=1\",\"datePublished\":\"2026-09-03T18:41:07+00:00\",\"dateModified\":\"2026-09-03T18:41:08+00:00\",\"author\":{\"@id\":\"http:\\\/\\\/elregionalvm.com.ar\\\/noticias-villa-maria\\\/#\\\/schema\\\/person\\\/a0fb9c422317faca23d50163151bc354\"},\"breadcrumb\":{\"@id\":\"https:\\\/\\\/elregionalvm.com.ar\\\/noticias-villa-maria\\\/el-hipodromo-tendra-20-carreras-este-domingo\\\/#breadcrumb\"},\"inLanguage\":\"es\",\"potentialAction\":[{\"@type\":\"ReadAction\",\"target\":[\"https:\\\/\\\/elregionalvm.com.ar\\\/noticias-villa-maria\\\/el-hipodromo-tendra-20-carreras-este-domingo\\\/\"]}]},{\"@type\":\"ImageObject\",\"inLanguage\":\"es\",\"@id\":\"https:\\\/\\\/elregionalvm.com.ar\\\/noticias-villa-maria\\\/el-hipodromo-tendra-20-carreras-este-domingo\\\/#primaryimage\",\"url\":\"https:\\\/\\\/i0.wp.com\\\/elregionalvm.com.ar\\\/noticias-villa-maria\\\/wp-content\\\/uploads\\\/2026\\\/09\\\/hipodromo.jpg?fit=850%2C478&ssl=1\",\"contentUrl\":\"https:\\\/\\\/i0.wp.com\\\/elregionalvm.com.ar\\\/noticias-villa-maria\\\/wp-content\\\/uploads\\\/2026\\\/09\\\/hipodromo.jpg?fit=850%2C478&ssl=1\",\"width\":850,\"height\":478},{\"@type\":\"BreadcrumbList\",\"@id\":\"https:\\\/\\\/elregionalvm.com.ar\\\/noticias-villa-maria\\\/el-hipodromo-tendra-20-carreras-este-domingo\\\/#breadcrumb\",\"itemListElement\":[{\"@type\":\"ListItem\",\"position\":1,\"name\":\"Portada\",\"item\":\"https:\\\/\\\/elregionalvm.com.ar\\\/noticias-villa-maria\\\/\"},{\"@type\":\"ListItem\",\"position\":2,\"name\":\"El Hip\u00f3dromo tendr\u00e1 20 carreras este domingo\"}]},{\"@type\":\"WebSite\",\"@id\":\"http:\\\/\\\/elregionalvm.com.ar\\\/noticias-villa-maria\\\/#website\",\"url\":\"http:\\\/\\\/elregionalvm.com.ar\\\/noticias-villa-maria\\\/\",\"name\":\"El Regional\",\"description\":\"Mucho m\u00e1s que informaci\u00f3n\",\"potentialAction\":[{\"@type\":\"SearchAction\",\"target\":{\"@type\":\"EntryPoint\",\"urlTemplate\":\"http:\\\/\\\/elregionalvm.com.ar\\\/noticias-villa-maria\\\/?s={search_term_string}\"},\"query-input\":{\"@type\":\"PropertyValueSpecification\",\"valueRequired\":true,\"valueName\":\"search_term_string\"}}],\"inLanguage\":\"es\"},{\"@type\":\"Person\",\"@id\":\"http:\\\/\\\/elregionalvm.com.ar\\\/noticias-villa-maria\\\/#\\\/schema\\\/person\\\/a0fb9c422317faca23d50163151bc354\",\"name\":\"Contenidos El Regional\",\"image\":{\"@type\":\"ImageObject\",\"inLanguage\":\"es\",\"@id\":\"https:\\\/\\\/secure.gravatar.com\\\/avatar\\\/265b27cb2209af7bb3a1318f03305787d7981a5cc6e6cd08fe5a4ecdf99d4b48?s=96&d=mm&r=g\",\"url\":\"https:\\\/\\\/secure.gravatar.com\\\/avatar\\\/265b27cb2209af7bb3a1318f03305787d7981a5cc6e6cd08fe5a4ecdf99d4b48?s=96&d=mm&r=g\",\"contentUrl\":\"https:\\\/\\\/secure.gravatar.com\\\/avatar\\\/265b27cb2209af7bb3a1318f03305787d7981a5cc6e6cd08fe5a4ecdf99d4b48?s=96&d=mm&r=g\",\"caption\":\"Contenidos El Regional\"},\"url\":\"https:\\\/\\\/elregionalvm.com.ar\\\/noticias-villa-maria\\\/author\\\/contenido\\\/\"}]}<\/script>\n<!-- \/ Yoast SEO plugin. -->","yoast_head_json":{"title":"El Hip\u00f3dromo tendr\u00e1 20 carreras este domingo - El Regional","robots":{"index":"index","follow":"follow","max-snippet":"max-snippet:-1","max-image-preview":"max-image-preview:large","max-video-preview":"max-video-preview:-1"},"canonical":"https:\/\/elregionalvm.com.ar\/noticias-villa-maria\/el-hipodromo-tendra-20-carreras-este-domingo\/","og_locale":"es_ES","og_type":"article","og_title":"El Hip\u00f3dromo tendr\u00e1 20 carreras este domingo - El Regional","og_description":"La jornada comenzar\u00e1 a las 9 y contar\u00e1 con cinco pruebas cl\u00e1sicas. La tradicional Carrera Aniversario se disputar\u00e1 a las 17:30, con la presencia de figuras destacadas del turf nacional e internacional. El Hip\u00f3dromo de Villa Mar\u00eda se prepara para recibir este domingo 6 de septiembre una de las jornadas h\u00edpicas m\u00e1s importantes de su [&hellip;]","og_url":"https:\/\/elregionalvm.com.ar\/noticias-villa-maria\/el-hipodromo-tendra-20-carreras-este-domingo\/","og_site_name":"El Regional","article_publisher":"https:\/\/www.facebook.com\/elregionalvm","article_published_time":"2026-09-03T18:41:07+00:00","article_modified_time":"2026-09-03T18:41:08+00:00","og_image":[{"width":850,"height":478,"url":"https:\/\/elregionalvm.com.ar\/noticias-villa-maria\/wp-content\/uploads\/2026\/09\/hipodromo.jpg","type":"image\/jpeg"}],"author":"Contenidos El Regional","twitter_card":"summary_large_image","twitter_creator":"@elregionalvm1","twitter_site":"@elregionalvm1","twitter_misc":{"Escrito por":"Contenidos El Regional","Tiempo de lectura":"2 minutos"},"schema":{"@context":"https:\/\/schema.org","@graph":[{"@type":"Article","@id":"https:\/\/elregionalvm.com.ar\/noticias-villa-maria\/el-hipodromo-tendra-20-carreras-este-domingo\/#article","isPartOf":{"@id":"https:\/\/elregionalvm.com.ar\/noticias-villa-maria\/el-hipodromo-tendra-20-carreras-este-domingo\/"},"author":{"name":"Contenidos El Regional","@id":"http:\/\/elregionalvm.com.ar\/noticias-villa-maria\/#\/schema\/person\/a0fb9c422317faca23d50163151bc354"},"headline":"El Hip\u00f3dromo tendr\u00e1 20 carreras este domingo","datePublished":"2026-09-03T18:41:07+00:00","dateModified":"2026-09-03T18:41:08+00:00","mainEntityOfPage":{"@id":"https:\/\/elregionalvm.com.ar\/noticias-villa-maria\/el-hipodromo-tendra-20-carreras-este-domingo\/"},"wordCount":307,"commentCount":0,"image":{"@id":"https:\/\/elregionalvm.com.ar\/noticias-villa-maria\/el-hipodromo-tendra-20-carreras-este-domingo\/#primaryimage"},"thumbnailUrl":"https:\/\/i0.wp.com\/elregionalvm.com.ar\/noticias-villa-maria\/wp-content\/uploads\/2026\/09\/hipodromo.jpg?fit=850%2C478&ssl=1","articleSection":["destacado","Villa Mar\u00eda"],"inLanguage":"es","potentialAction":[{"@type":"CommentAction","name":"Comment","target":["https:\/\/elregionalvm.com.ar\/noticias-villa-maria\/el-hipodromo-tendra-20-carreras-este-domingo\/#respond"]}]},{"@type":"WebPage","@id":"https:\/\/elregionalvm.com.ar\/noticias-villa-maria\/el-hipodromo-tendra-20-carreras-este-domingo\/","url":"https:\/\/elregionalvm.com.ar\/noticias-villa-maria\/el-hipodromo-tendra-20-carreras-este-domingo\/","name":"El Hip\u00f3dromo tendr\u00e1 20 carreras este domingo - El Regional","isPartOf":{"@id":"http:\/\/elregionalvm.com.ar\/noticias-villa-maria\/#website"},"primaryImageOfPage":{"@id":"https:\/\/elregionalvm.com.ar\/noticias-villa-maria\/el-hipodromo-tendra-20-carreras-este-domingo\/#primaryimage"},"image":{"@id":"https:\/\/elregionalvm.com.ar\/noticias-villa-maria\/el-hipodromo-tendra-20-carreras-este-domingo\/#primaryimage"},"thumbnailUrl":"https:\/\/i0.wp.com\/elregionalvm.com.ar\/noticias-villa-maria\/wp-content\/uploads\/2026\/09\/hipodromo.jpg?fit=850%2C478&ssl=1","datePublished":"2026-09-03T18:41:07+00:00","dateModified":"2026-09-03T18:41:08+00:00","author":{"@id":"http:\/\/elregionalvm.com.ar\/noticias-villa-maria\/#\/schema\/person\/a0fb9c422317faca23d50163151bc354"},"breadcrumb":{"@id":"https:\/\/elregionalvm.com.ar\/noticias-villa-maria\/el-hipodromo-tendra-20-carreras-este-domingo\/#breadcrumb"},"inLanguage":"es","potentialAction":[{"@type":"ReadAction","target":["https:\/\/elregionalvm.com.ar\/noticias-villa-maria\/el-hipodromo-tendra-20-carreras-este-domingo\/"]}]},{"@type":"ImageObject","inLanguage":"es","@id":"https:\/\/elregionalvm.com.ar\/noticias-villa-maria\/el-hipodromo-tendra-20-carreras-este-domingo\/#primaryimage","url":"https:\/\/i0.wp.com\/elregionalvm.com.ar\/noticias-villa-maria\/wp-content\/uploads\/2026\/09\/hipodromo.jpg?fit=850%2C478&ssl=1","contentUrl":"https:\/\/i0.wp.com\/elregionalvm.com.ar\/noticias-villa-maria\/wp-content\/uploads\/2026\/09\/hipodromo.jpg?fit=850%2C478&ssl=1","width":850,"height":478},{"@type":"BreadcrumbList","@id":"https:\/\/elregionalvm.com.ar\/noticias-villa-maria\/el-hipodromo-tendra-20-carreras-este-domingo\/#breadcrumb","itemListElement":[{"@type":"ListItem","position":1,"name":"Portada","item":"https:\/\/elregionalvm.com.ar\/noticias-villa-maria\/"},{"@type":"ListItem","position":2,"name":"El Hip\u00f3dromo tendr\u00e1 20 carreras este domingo"}]},{"@type":"WebSite","@id":"http:\/\/elregionalvm.com.ar\/noticias-villa-maria\/#website","url":"http:\/\/elregionalvm.com.ar\/noticias-villa-maria\/","name":"El Regional","description":"Mucho m\u00e1s que informaci\u00f3n","potentialAction":[{"@type":"SearchAction","target":{"@type":"EntryPoint","urlTemplate":"http:\/\/elregionalvm.com.ar\/noticias-villa-maria\/?s={search_term_string}"},"query-input":{"@type":"PropertyValueSpecification","valueRequired":true,"valueName":"search_term_string"}}],"inLanguage":"es"},{"@type":"Person","@id":"http:\/\/elregionalvm.com.ar\/noticias-villa-maria\/#\/schema\/person\/a0fb9c422317faca23d50163151bc354","name":"Contenidos El Regional","image":{"@type":"ImageObject","inLanguage":"es","@id":"https:\/\/secure.gravatar.com\/avatar\/265b27cb2209af7bb3a1318f03305787d7981a5cc6e6cd08fe5a4ecdf99d4b48?s=96&d=mm&r=g","url":"https:\/\/secure.gravatar.com\/avatar\/265b27cb2209af7bb3a1318f03305787d7981a5cc6e6cd08fe5a4ecdf99d4b48?s=96&d=mm&r=g","contentUrl":"https:\/\/secure.gravatar.com\/avatar\/265b27cb2209af7bb3a1318f03305787d7981a5cc6e6cd08fe5a4ecdf99d4b48?s=96&d=mm&r=g","caption":"Contenidos El Regional"},"url":"https:\/\/elregionalvm.com.ar\/noticias-villa-maria\/author\/contenido\/"}]}},"jetpack_sharing_enabled":true,"jetpack_featured_media_url":"https:\/\/i0.wp.com\/elregionalvm.com.ar\/noticias-villa-maria\/wp-content\/uploads\/2026\/09\/hipodromo.jpg?fit=850%2C478&ssl=1","_links":{"self":[{"href":"https:\/\/elregionalvm.com.ar\/noticias-villa-maria\/wp-json\/wp\/v2\/posts\/118402","targetHints":{"allow":["GET"]}}],"collection":[{"href":"https:\/\/elregionalvm.com.ar\/noticias-villa-maria\/wp-json\/wp\/v2\/posts"}],"about":[{"href":"https:\/\/elregionalvm.com.ar\/noticias-villa-maria\/wp-json\/wp\/v2\/types\/post"}],"author":[{"embeddable":true,"href":"https:\/\/elregionalvm.com.ar\/noticias-villa-maria\/wp-json\/wp\/v2\/users\/4"}],"replies":[{"embeddable":true,"href":"https:\/\/elregionalvm.com.ar\/noticias-villa-maria\/wp-json\/wp\/v2\/comments?post=118402"}],"version-history":[{"count":1,"href":"https:\/\/elregionalvm.com.ar\/noticias-villa-maria\/wp-json\/wp\/v2\/posts\/118402\/revisions"}],"predecessor-version":[{"id":118404,"href":"https:\/\/elregionalvm.com.ar\/noticias-villa-maria\/wp-json\/wp\/v2\/posts\/118402\/revisions\/118404"}],"wp:featuredmedia":[{"embeddable":true,"href":"https:\/\/elregionalvm.com.ar\/noticias-villa-maria\/wp-json\/wp\/v2\/media\/118403"}],"wp:attachment":[{"href":"https:\/\/elregionalvm.com.ar\/noticias-villa-maria\/wp-json\/wp\/v2\/media?parent=118402"}],"wp:term":[{"taxonomy":"category","embeddable":true,"href":"https:\/\/elregionalvm.com.ar\/noticias-villa-maria\/wp-json\/wp\/v2\/categories?post=118402"},{"taxonomy":"post_tag","embeddable":true,"href":"https:\/\/elregionalvm.com.ar\/noticias-villa-maria\/wp-json\/wp\/v2\/tags?post=118402"}],"curies":[{"name":"wp","href":"https:\/\/api.w.org\/{rel}","templated":true}]}}