{"id":118408,"date":"2026-09-04T17:46:42","date_gmt":"2026-09-04T17:46:42","guid":{"rendered":"https:\/\/elregionalvm.com.ar\/noticias-villa-maria\/?p=118408"},"modified":"2026-09-04T17:47:52","modified_gmt":"2026-09-04T17:47:52","slug":"el-lunes-abren-las-inscripciones-para-la-escuela-de-oficiales-de-policia","status":"publish","type":"post","link":"https:\/\/elregionalvm.com.ar\/noticias-villa-maria\/el-lunes-abren-las-inscripciones-para-la-escuela-de-oficiales-de-policia\/","title":{"rendered":"El lunes abren las inscripciones para la Escuela de Oficiales de Polic\u00eda"},"content":{"rendered":"\n<h2 class=\"wp-block-heading\"><strong>La postulaci\u00f3n para el ciclo lectivo 2027 podr\u00e1 realizarse de manera online hasta el 7 de octubre. Villa Mar\u00eda cuenta con la primera sede de la instituci\u00f3n en el interior de C\u00f3rdoba.<\/strong><\/h2>\n\n\n\n<p class=\"wp-block-paragraph\"><\/p>\n\n\n\n<p class=\"wp-block-paragraph\">Desde el pr\u00f3ximo <strong>lunes 7 de septiembre<\/strong> estar\u00e1n abiertas las inscripciones para ingresar a la <strong>Escuela de Oficiales de Polic\u00eda \u201cLibertador General Don Jos\u00e9 de San Mart\u00edn\u201d<\/strong> de la Polic\u00eda de C\u00f3rdoba.<\/p>\n\n\n\n<p class=\"wp-block-paragraph\">El proceso de postulaci\u00f3n ser\u00e1 completamente digital y permanecer\u00e1 habilitado hasta el <strong>7 de octubre<\/strong>, a trav\u00e9s del sitio oficial de la Polic\u00eda de C\u00f3rdoba.<\/p>\n\n\n\n<p class=\"wp-block-paragraph\">La apertura representa una nueva oportunidad para quienes buscan incorporarse a la formaci\u00f3n de oficiales sin tener que trasladarse a la capital provincial. Villa Mar\u00eda cuenta con la <strong>primera sede de la Escuela de Oficiales en el interior de C\u00f3rdoba<\/strong>, ubicada en el predio de la Escuela Granja.<\/p>\n\n\n\n<p class=\"wp-block-paragraph\">La instituci\u00f3n comenz\u00f3 a funcionar en la ciudad luego de 74 a\u00f1os de actividad exclusiva en C\u00f3rdoba Capital y actualmente se encuentra plenamente operativa. La sede villamariense tendr\u00e1 nuevos ingresantes para el <strong>ciclo lectivo 2027<\/strong>.<\/p>\n\n\n\n<p class=\"wp-block-paragraph\">Desde el Municipio destacaron que la llegada de esta propuesta formativa constituye un avance en la descentralizaci\u00f3n de la educaci\u00f3n policial y una alternativa especialmente importante para j\u00f3venes de Villa Mar\u00eda y de localidades del interior provincial.<\/p>\n\n\n\n<h3 class=\"wp-block-heading\">Requisitos para ingresar<\/h3>\n\n\n\n<p class=\"wp-block-paragraph\"><\/p>\n\n\n\n<p class=\"wp-block-paragraph\">Entre las condiciones generales para postularse se encuentran:<\/p>\n\n\n\n<ul class=\"wp-block-list\">\n<li style=\"margin-right:var(--wp--preset--spacing--40);margin-left:var(--wp--preset--spacing--40);font-size:17px\">Ser argentino, nativo o por opci\u00f3n.<\/li>\n\n\n\n<li style=\"margin-right:var(--wp--preset--spacing--40);margin-left:var(--wp--preset--spacing--40);font-size:17px\">Tener entre <strong>18 y 25 a\u00f1os al 30 de junio de 2027<\/strong>.<\/li>\n\n\n\n<li style=\"margin-right:var(--wp--preset--spacing--40);margin-left:var(--wp--preset--spacing--40);font-size:17px\">Contar con estudios secundarios completos.<\/li>\n\n\n\n<li style=\"margin-right:var(--wp--preset--spacing--40);margin-left:var(--wp--preset--spacing--40);font-size:17px\">No registrar antecedentes penales ni contravencionales.<\/li>\n\n\n\n<li style=\"margin-right:var(--wp--preset--spacing--40);margin-left:var(--wp--preset--spacing--40);font-size:17px\">Obtener un informe socioambiental favorable.<\/li>\n\n\n\n<li style=\"margin-right:var(--wp--preset--spacing--40);margin-left:var(--wp--preset--spacing--40);font-size:17px\">Completar el formulario de inscripci\u00f3n con car\u00e1cter de declaraci\u00f3n jurada.<\/li>\n<\/ul>\n\n\n\n<h3 class=\"wp-block-heading\">C\u00f3mo inscribirse<\/h3>\n\n\n\n<p class=\"wp-block-paragraph\"><\/p>\n\n\n\n<p class=\"wp-block-paragraph\">Los interesados podr\u00e1n realizar la postulaci\u00f3n online desde el <strong>7 de septiembre hasta el 7 de octubre<\/strong> a trav\u00e9s del sitio oficial de ingreso de la Polic\u00eda de C\u00f3rdoba.<\/p>\n\n\n\n<p class=\"wp-block-paragraph\">Para consultas tambi\u00e9n est\u00e1 disponible el tel\u00e9fono <strong>351-2031788<\/strong> y el correo electr\u00f3nico <a href=\"mailto:ingresospoliciales@gmail.com\"><strong>ingresospoliciales@gmail.com<\/strong><\/a>.<\/p>\n\n\n\n<p class=\"wp-block-paragraph\">La Escuela de Oficiales tiene como objetivo formar a los futuros cuadros superiores de la Polic\u00eda de C\u00f3rdoba, por lo que la propuesta constituye una alternativa de formaci\u00f3n profesional vinculada directamente con la carrera policial.<\/p>\n","protected":false},"excerpt":{"rendered":"<p>La postulaci\u00f3n para el ciclo lectivo 2027 podr\u00e1 realizarse de manera online hasta el 7 de octubre. Villa Mar\u00eda cuenta con la primera sede de la instituci\u00f3n en el interior de C\u00f3rdoba. Desde el pr\u00f3ximo lunes 7 de septiembre estar\u00e1n abiertas las inscripciones para ingresar a la Escuela de Oficiales de Polic\u00eda \u201cLibertador General Don [&hellip;]<\/p>\n","protected":false},"author":4,"featured_media":118409,"comment_status":"open","ping_status":"open","sticky":false,"template":"","format":"standard","meta":{"site-sidebar-layout":"default","site-content-layout":"","ast-site-content-layout":"default","site-content-style":"default","site-sidebar-style":"default","ast-global-header-display":"","ast-banner-title-visibility":"","ast-main-header-display":"","ast-hfb-above-header-display":"","ast-hfb-below-header-display":"","ast-hfb-mobile-header-display":"","site-post-title":"","ast-breadcrumbs-content":"","ast-featured-img":"","footer-sml-layout":"","ast-disable-related-posts":"","theme-transparent-header-meta":"","adv-header-id-meta":"","stick-header-meta":"","header-above-stick-meta":"","header-main-stick-meta":"","header-below-stick-meta":"","astra-migrate-meta-layouts":"set","ast-page-background-enabled":"default","ast-page-background-meta":{"desktop":{"background-color":"","background-image":"","background-repeat":"repeat","background-position":"center center","background-size":"auto","background-attachment":"scroll","background-type":"","background-media":"","overlay-type":"","overlay-color":"","overlay-opacity":"","overlay-gradient":""},"tablet":{"background-color":"","background-image":"","background-repeat":"repeat","background-position":"center center","background-size":"auto","background-attachment":"scroll","background-type":"","background-media":"","overlay-type":"","overlay-color":"","overlay-opacity":"","overlay-gradient":""},"mobile":{"background-color":"","background-image":"","background-repeat":"repeat","background-position":"center center","background-size":"auto","background-attachment":"scroll","background-type":"","background-media":"","overlay-type":"","overlay-color":"","overlay-opacity":"","overlay-gradient":""}},"ast-content-background-meta":{"desktop":{"background-color":"var(--ast-global-color-5)","background-image":"","background-repeat":"repeat","background-position":"center center","background-size":"auto","background-attachment":"scroll","background-type":"","background-media":"","overlay-type":"","overlay-color":"","overlay-opacity":"","overlay-gradient":""},"tablet":{"background-color":"var(--ast-global-color-5)","background-image":"","background-repeat":"repeat","background-position":"center center","background-size":"auto","background-attachment":"scroll","background-type":"","background-media":"","overlay-type":"","overlay-color":"","overlay-opacity":"","overlay-gradient":""},"mobile":{"background-color":"var(--ast-global-color-5)","background-image":"","background-repeat":"repeat","background-position":"center center","background-size":"auto","background-attachment":"scroll","background-type":"","background-media":"","overlay-type":"","overlay-color":"","overlay-opacity":"","overlay-gradient":""}},"_jetpack_newsletter_access":"","_jetpack_dont_email_post_to_subs":false,"_jetpack_newsletter_tier_id":0,"_jetpack_memberships_contains_paywalled_content":false,"_jetpack_memberships_contains_paid_content":false,"_joinchat":[],"footnotes":""},"categories":[15302,16095,2],"tags":[],"class_list":["post-118408","post","type-post","status-publish","format-standard","has-post-thumbnail","hentry","category-destacado","category-provinciales","category-villa-maria"],"yoast_head":"<!-- This site is optimized with the Yoast SEO plugin v28.4 - https:\/\/yoast.com\/product\/yoast-seo-wordpress\/ -->\n<title>El lunes abren las inscripciones para la Escuela de Oficiales de Polic\u00eda - El Regional<\/title>\n<meta name=\"robots\" content=\"index, follow, max-snippet:-1, max-image-preview:large, max-video-preview:-1\" \/>\n<link rel=\"canonical\" href=\"https:\/\/elregionalvm.com.ar\/noticias-villa-maria\/el-lunes-abren-las-inscripciones-para-la-escuela-de-oficiales-de-policia\/\" \/>\n<meta property=\"og:locale\" content=\"es_ES\" \/>\n<meta property=\"og:type\" content=\"article\" \/>\n<meta property=\"og:title\" content=\"El lunes abren las inscripciones para la Escuela de Oficiales de Polic\u00eda - El Regional\" \/>\n<meta property=\"og:description\" content=\"La postulaci\u00f3n para el ciclo lectivo 2027 podr\u00e1 realizarse de manera online hasta el 7 de octubre. Villa Mar\u00eda cuenta con la primera sede de la instituci\u00f3n en el interior de C\u00f3rdoba. Desde el pr\u00f3ximo lunes 7 de septiembre estar\u00e1n abiertas las inscripciones para ingresar a la Escuela de Oficiales de Polic\u00eda \u201cLibertador General Don [&hellip;]\" \/>\n<meta property=\"og:url\" content=\"https:\/\/elregionalvm.com.ar\/noticias-villa-maria\/el-lunes-abren-las-inscripciones-para-la-escuela-de-oficiales-de-policia\/\" \/>\n<meta property=\"og:site_name\" content=\"El Regional\" \/>\n<meta property=\"article:publisher\" content=\"https:\/\/www.facebook.com\/elregionalvm\" \/>\n<meta property=\"article:published_time\" content=\"2026-09-04T17:46:42+00:00\" \/>\n<meta property=\"article:modified_time\" content=\"2026-09-04T17:47:52+00:00\" \/>\n<meta property=\"og:image\" content=\"https:\/\/elregionalvm.com.ar\/noticias-villa-maria\/wp-content\/uploads\/2026\/09\/policia.jpg\" \/>\n\t<meta property=\"og:image:width\" content=\"850\" \/>\n\t<meta property=\"og:image:height\" content=\"566\" \/>\n\t<meta property=\"og:image:type\" content=\"image\/jpeg\" \/>\n<meta name=\"author\" content=\"Contenidos El Regional\" \/>\n<meta name=\"twitter:card\" content=\"summary_large_image\" \/>\n<meta name=\"twitter:creator\" content=\"@elregionalvm1\" \/>\n<meta name=\"twitter:site\" content=\"@elregionalvm1\" \/>\n<meta name=\"twitter:label1\" content=\"Escrito por\" \/>\n\t<meta name=\"twitter:data1\" content=\"Contenidos El Regional\" \/>\n\t<meta name=\"twitter:label2\" content=\"Tiempo de lectura\" \/>\n\t<meta name=\"twitter:data2\" content=\"2 minutos\" \/>\n<script type=\"application\/ld+json\" class=\"yoast-schema-graph\">{\"@context\":\"https:\\\/\\\/schema.org\",\"@graph\":[{\"@type\":\"Article\",\"@id\":\"https:\\\/\\\/elregionalvm.com.ar\\\/noticias-villa-maria\\\/el-lunes-abren-las-inscripciones-para-la-escuela-de-oficiales-de-policia\\\/#article\",\"isPartOf\":{\"@id\":\"https:\\\/\\\/elregionalvm.com.ar\\\/noticias-villa-maria\\\/el-lunes-abren-las-inscripciones-para-la-escuela-de-oficiales-de-policia\\\/\"},\"author\":{\"name\":\"Contenidos El Regional\",\"@id\":\"http:\\\/\\\/elregionalvm.com.ar\\\/noticias-villa-maria\\\/#\\\/schema\\\/person\\\/a0fb9c422317faca23d50163151bc354\"},\"headline\":\"El lunes abren las inscripciones para la Escuela de Oficiales de Polic\u00eda\",\"datePublished\":\"2026-09-04T17:46:42+00:00\",\"dateModified\":\"2026-09-04T17:47:52+00:00\",\"mainEntityOfPage\":{\"@id\":\"https:\\\/\\\/elregionalvm.com.ar\\\/noticias-villa-maria\\\/el-lunes-abren-las-inscripciones-para-la-escuela-de-oficiales-de-policia\\\/\"},\"wordCount\":387,\"commentCount\":0,\"image\":{\"@id\":\"https:\\\/\\\/elregionalvm.com.ar\\\/noticias-villa-maria\\\/el-lunes-abren-las-inscripciones-para-la-escuela-de-oficiales-de-policia\\\/#primaryimage\"},\"thumbnailUrl\":\"https:\\\/\\\/i0.wp.com\\\/elregionalvm.com.ar\\\/noticias-villa-maria\\\/wp-content\\\/uploads\\\/2026\\\/09\\\/policia.jpg?fit=850%2C566&ssl=1\",\"articleSection\":[\"destacado\",\"Provinciales\",\"Villa Mar\u00eda\"],\"inLanguage\":\"es\",\"potentialAction\":[{\"@type\":\"CommentAction\",\"name\":\"Comment\",\"target\":[\"https:\\\/\\\/elregionalvm.com.ar\\\/noticias-villa-maria\\\/el-lunes-abren-las-inscripciones-para-la-escuela-de-oficiales-de-policia\\\/#respond\"]}]},{\"@type\":\"WebPage\",\"@id\":\"https:\\\/\\\/elregionalvm.com.ar\\\/noticias-villa-maria\\\/el-lunes-abren-las-inscripciones-para-la-escuela-de-oficiales-de-policia\\\/\",\"url\":\"https:\\\/\\\/elregionalvm.com.ar\\\/noticias-villa-maria\\\/el-lunes-abren-las-inscripciones-para-la-escuela-de-oficiales-de-policia\\\/\",\"name\":\"El lunes abren las inscripciones para la Escuela de Oficiales de Polic\u00eda - El Regional\",\"isPartOf\":{\"@id\":\"http:\\\/\\\/elregionalvm.com.ar\\\/noticias-villa-maria\\\/#website\"},\"primaryImageOfPage\":{\"@id\":\"https:\\\/\\\/elregionalvm.com.ar\\\/noticias-villa-maria\\\/el-lunes-abren-las-inscripciones-para-la-escuela-de-oficiales-de-policia\\\/#primaryimage\"},\"image\":{\"@id\":\"https:\\\/\\\/elregionalvm.com.ar\\\/noticias-villa-maria\\\/el-lunes-abren-las-inscripciones-para-la-escuela-de-oficiales-de-policia\\\/#primaryimage\"},\"thumbnailUrl\":\"https:\\\/\\\/i0.wp.com\\\/elregionalvm.com.ar\\\/noticias-villa-maria\\\/wp-content\\\/uploads\\\/2026\\\/09\\\/policia.jpg?fit=850%2C566&ssl=1\",\"datePublished\":\"2026-09-04T17:46:42+00:00\",\"dateModified\":\"2026-09-04T17:47:52+00:00\",\"author\":{\"@id\":\"http:\\\/\\\/elregionalvm.com.ar\\\/noticias-villa-maria\\\/#\\\/schema\\\/person\\\/a0fb9c422317faca23d50163151bc354\"},\"breadcrumb\":{\"@id\":\"https:\\\/\\\/elregionalvm.com.ar\\\/noticias-villa-maria\\\/el-lunes-abren-las-inscripciones-para-la-escuela-de-oficiales-de-policia\\\/#breadcrumb\"},\"inLanguage\":\"es\",\"potentialAction\":[{\"@type\":\"ReadAction\",\"target\":[\"https:\\\/\\\/elregionalvm.com.ar\\\/noticias-villa-maria\\\/el-lunes-abren-las-inscripciones-para-la-escuela-de-oficiales-de-policia\\\/\"]}]},{\"@type\":\"ImageObject\",\"inLanguage\":\"es\",\"@id\":\"https:\\\/\\\/elregionalvm.com.ar\\\/noticias-villa-maria\\\/el-lunes-abren-las-inscripciones-para-la-escuela-de-oficiales-de-policia\\\/#primaryimage\",\"url\":\"https:\\\/\\\/i0.wp.com\\\/elregionalvm.com.ar\\\/noticias-villa-maria\\\/wp-content\\\/uploads\\\/2026\\\/09\\\/policia.jpg?fit=850%2C566&ssl=1\",\"contentUrl\":\"https:\\\/\\\/i0.wp.com\\\/elregionalvm.com.ar\\\/noticias-villa-maria\\\/wp-content\\\/uploads\\\/2026\\\/09\\\/policia.jpg?fit=850%2C566&ssl=1\",\"width\":850,\"height\":566},{\"@type\":\"BreadcrumbList\",\"@id\":\"https:\\\/\\\/elregionalvm.com.ar\\\/noticias-villa-maria\\\/el-lunes-abren-las-inscripciones-para-la-escuela-de-oficiales-de-policia\\\/#breadcrumb\",\"itemListElement\":[{\"@type\":\"ListItem\",\"position\":1,\"name\":\"Portada\",\"item\":\"https:\\\/\\\/elregionalvm.com.ar\\\/noticias-villa-maria\\\/\"},{\"@type\":\"ListItem\",\"position\":2,\"name\":\"El lunes abren las inscripciones para la Escuela de Oficiales de Polic\u00eda\"}]},{\"@type\":\"WebSite\",\"@id\":\"http:\\\/\\\/elregionalvm.com.ar\\\/noticias-villa-maria\\\/#website\",\"url\":\"http:\\\/\\\/elregionalvm.com.ar\\\/noticias-villa-maria\\\/\",\"name\":\"El Regional\",\"description\":\"Mucho m\u00e1s que informaci\u00f3n\",\"potentialAction\":[{\"@type\":\"SearchAction\",\"target\":{\"@type\":\"EntryPoint\",\"urlTemplate\":\"http:\\\/\\\/elregionalvm.com.ar\\\/noticias-villa-maria\\\/?s={search_term_string}\"},\"query-input\":{\"@type\":\"PropertyValueSpecification\",\"valueRequired\":true,\"valueName\":\"search_term_string\"}}],\"inLanguage\":\"es\"},{\"@type\":\"Person\",\"@id\":\"http:\\\/\\\/elregionalvm.com.ar\\\/noticias-villa-maria\\\/#\\\/schema\\\/person\\\/a0fb9c422317faca23d50163151bc354\",\"name\":\"Contenidos El Regional\",\"image\":{\"@type\":\"ImageObject\",\"inLanguage\":\"es\",\"@id\":\"https:\\\/\\\/secure.gravatar.com\\\/avatar\\\/265b27cb2209af7bb3a1318f03305787d7981a5cc6e6cd08fe5a4ecdf99d4b48?s=96&d=mm&r=g\",\"url\":\"https:\\\/\\\/secure.gravatar.com\\\/avatar\\\/265b27cb2209af7bb3a1318f03305787d7981a5cc6e6cd08fe5a4ecdf99d4b48?s=96&d=mm&r=g\",\"contentUrl\":\"https:\\\/\\\/secure.gravatar.com\\\/avatar\\\/265b27cb2209af7bb3a1318f03305787d7981a5cc6e6cd08fe5a4ecdf99d4b48?s=96&d=mm&r=g\",\"caption\":\"Contenidos El Regional\"},\"url\":\"https:\\\/\\\/elregionalvm.com.ar\\\/noticias-villa-maria\\\/author\\\/contenido\\\/\"}]}<\/script>\n<!-- \/ Yoast SEO plugin. -->","yoast_head_json":{"title":"El lunes abren las inscripciones para la Escuela de Oficiales de Polic\u00eda - El Regional","robots":{"index":"index","follow":"follow","max-snippet":"max-snippet:-1","max-image-preview":"max-image-preview:large","max-video-preview":"max-video-preview:-1"},"canonical":"https:\/\/elregionalvm.com.ar\/noticias-villa-maria\/el-lunes-abren-las-inscripciones-para-la-escuela-de-oficiales-de-policia\/","og_locale":"es_ES","og_type":"article","og_title":"El lunes abren las inscripciones para la Escuela de Oficiales de Polic\u00eda - El Regional","og_description":"La postulaci\u00f3n para el ciclo lectivo 2027 podr\u00e1 realizarse de manera online hasta el 7 de octubre. Villa Mar\u00eda cuenta con la primera sede de la instituci\u00f3n en el interior de C\u00f3rdoba. Desde el pr\u00f3ximo lunes 7 de septiembre estar\u00e1n abiertas las inscripciones para ingresar a la Escuela de Oficiales de Polic\u00eda \u201cLibertador General Don [&hellip;]","og_url":"https:\/\/elregionalvm.com.ar\/noticias-villa-maria\/el-lunes-abren-las-inscripciones-para-la-escuela-de-oficiales-de-policia\/","og_site_name":"El Regional","article_publisher":"https:\/\/www.facebook.com\/elregionalvm","article_published_time":"2026-09-04T17:46:42+00:00","article_modified_time":"2026-09-04T17:47:52+00:00","og_image":[{"width":850,"height":566,"url":"https:\/\/elregionalvm.com.ar\/noticias-villa-maria\/wp-content\/uploads\/2026\/09\/policia.jpg","type":"image\/jpeg"}],"author":"Contenidos El Regional","twitter_card":"summary_large_image","twitter_creator":"@elregionalvm1","twitter_site":"@elregionalvm1","twitter_misc":{"Escrito por":"Contenidos El Regional","Tiempo de lectura":"2 minutos"},"schema":{"@context":"https:\/\/schema.org","@graph":[{"@type":"Article","@id":"https:\/\/elregionalvm.com.ar\/noticias-villa-maria\/el-lunes-abren-las-inscripciones-para-la-escuela-de-oficiales-de-policia\/#article","isPartOf":{"@id":"https:\/\/elregionalvm.com.ar\/noticias-villa-maria\/el-lunes-abren-las-inscripciones-para-la-escuela-de-oficiales-de-policia\/"},"author":{"name":"Contenidos El Regional","@id":"http:\/\/elregionalvm.com.ar\/noticias-villa-maria\/#\/schema\/person\/a0fb9c422317faca23d50163151bc354"},"headline":"El lunes abren las inscripciones para la Escuela de Oficiales de Polic\u00eda","datePublished":"2026-09-04T17:46:42+00:00","dateModified":"2026-09-04T17:47:52+00:00","mainEntityOfPage":{"@id":"https:\/\/elregionalvm.com.ar\/noticias-villa-maria\/el-lunes-abren-las-inscripciones-para-la-escuela-de-oficiales-de-policia\/"},"wordCount":387,"commentCount":0,"image":{"@id":"https:\/\/elregionalvm.com.ar\/noticias-villa-maria\/el-lunes-abren-las-inscripciones-para-la-escuela-de-oficiales-de-policia\/#primaryimage"},"thumbnailUrl":"https:\/\/i0.wp.com\/elregionalvm.com.ar\/noticias-villa-maria\/wp-content\/uploads\/2026\/09\/policia.jpg?fit=850%2C566&ssl=1","articleSection":["destacado","Provinciales","Villa Mar\u00eda"],"inLanguage":"es","potentialAction":[{"@type":"CommentAction","name":"Comment","target":["https:\/\/elregionalvm.com.ar\/noticias-villa-maria\/el-lunes-abren-las-inscripciones-para-la-escuela-de-oficiales-de-policia\/#respond"]}]},{"@type":"WebPage","@id":"https:\/\/elregionalvm.com.ar\/noticias-villa-maria\/el-lunes-abren-las-inscripciones-para-la-escuela-de-oficiales-de-policia\/","url":"https:\/\/elregionalvm.com.ar\/noticias-villa-maria\/el-lunes-abren-las-inscripciones-para-la-escuela-de-oficiales-de-policia\/","name":"El lunes abren las inscripciones para la Escuela de Oficiales de Polic\u00eda - El Regional","isPartOf":{"@id":"http:\/\/elregionalvm.com.ar\/noticias-villa-maria\/#website"},"primaryImageOfPage":{"@id":"https:\/\/elregionalvm.com.ar\/noticias-villa-maria\/el-lunes-abren-las-inscripciones-para-la-escuela-de-oficiales-de-policia\/#primaryimage"},"image":{"@id":"https:\/\/elregionalvm.com.ar\/noticias-villa-maria\/el-lunes-abren-las-inscripciones-para-la-escuela-de-oficiales-de-policia\/#primaryimage"},"thumbnailUrl":"https:\/\/i0.wp.com\/elregionalvm.com.ar\/noticias-villa-maria\/wp-content\/uploads\/2026\/09\/policia.jpg?fit=850%2C566&ssl=1","datePublished":"2026-09-04T17:46:42+00:00","dateModified":"2026-09-04T17:47:52+00:00","author":{"@id":"http:\/\/elregionalvm.com.ar\/noticias-villa-maria\/#\/schema\/person\/a0fb9c422317faca23d50163151bc354"},"breadcrumb":{"@id":"https:\/\/elregionalvm.com.ar\/noticias-villa-maria\/el-lunes-abren-las-inscripciones-para-la-escuela-de-oficiales-de-policia\/#breadcrumb"},"inLanguage":"es","potentialAction":[{"@type":"ReadAction","target":["https:\/\/elregionalvm.com.ar\/noticias-villa-maria\/el-lunes-abren-las-inscripciones-para-la-escuela-de-oficiales-de-policia\/"]}]},{"@type":"ImageObject","inLanguage":"es","@id":"https:\/\/elregionalvm.com.ar\/noticias-villa-maria\/el-lunes-abren-las-inscripciones-para-la-escuela-de-oficiales-de-policia\/#primaryimage","url":"https:\/\/i0.wp.com\/elregionalvm.com.ar\/noticias-villa-maria\/wp-content\/uploads\/2026\/09\/policia.jpg?fit=850%2C566&ssl=1","contentUrl":"https:\/\/i0.wp.com\/elregionalvm.com.ar\/noticias-villa-maria\/wp-content\/uploads\/2026\/09\/policia.jpg?fit=850%2C566&ssl=1","width":850,"height":566},{"@type":"BreadcrumbList","@id":"https:\/\/elregionalvm.com.ar\/noticias-villa-maria\/el-lunes-abren-las-inscripciones-para-la-escuela-de-oficiales-de-policia\/#breadcrumb","itemListElement":[{"@type":"ListItem","position":1,"name":"Portada","item":"https:\/\/elregionalvm.com.ar\/noticias-villa-maria\/"},{"@type":"ListItem","position":2,"name":"El lunes abren las inscripciones para la Escuela de Oficiales de Polic\u00eda"}]},{"@type":"WebSite","@id":"http:\/\/elregionalvm.com.ar\/noticias-villa-maria\/#website","url":"http:\/\/elregionalvm.com.ar\/noticias-villa-maria\/","name":"El Regional","description":"Mucho m\u00e1s que informaci\u00f3n","potentialAction":[{"@type":"SearchAction","target":{"@type":"EntryPoint","urlTemplate":"http:\/\/elregionalvm.com.ar\/noticias-villa-maria\/?s={search_term_string}"},"query-input":{"@type":"PropertyValueSpecification","valueRequired":true,"valueName":"search_term_string"}}],"inLanguage":"es"},{"@type":"Person","@id":"http:\/\/elregionalvm.com.ar\/noticias-villa-maria\/#\/schema\/person\/a0fb9c422317faca23d50163151bc354","name":"Contenidos El Regional","image":{"@type":"ImageObject","inLanguage":"es","@id":"https:\/\/secure.gravatar.com\/avatar\/265b27cb2209af7bb3a1318f03305787d7981a5cc6e6cd08fe5a4ecdf99d4b48?s=96&d=mm&r=g","url":"https:\/\/secure.gravatar.com\/avatar\/265b27cb2209af7bb3a1318f03305787d7981a5cc6e6cd08fe5a4ecdf99d4b48?s=96&d=mm&r=g","contentUrl":"https:\/\/secure.gravatar.com\/avatar\/265b27cb2209af7bb3a1318f03305787d7981a5cc6e6cd08fe5a4ecdf99d4b48?s=96&d=mm&r=g","caption":"Contenidos El Regional"},"url":"https:\/\/elregionalvm.com.ar\/noticias-villa-maria\/author\/contenido\/"}]}},"jetpack_sharing_enabled":true,"jetpack_featured_media_url":"https:\/\/i0.wp.com\/elregionalvm.com.ar\/noticias-villa-maria\/wp-content\/uploads\/2026\/09\/policia.jpg?fit=850%2C566&ssl=1","_links":{"self":[{"href":"https:\/\/elregionalvm.com.ar\/noticias-villa-maria\/wp-json\/wp\/v2\/posts\/118408","targetHints":{"allow":["GET"]}}],"collection":[{"href":"https:\/\/elregionalvm.com.ar\/noticias-villa-maria\/wp-json\/wp\/v2\/posts"}],"about":[{"href":"https:\/\/elregionalvm.com.ar\/noticias-villa-maria\/wp-json\/wp\/v2\/types\/post"}],"author":[{"embeddable":true,"href":"https:\/\/elregionalvm.com.ar\/noticias-villa-maria\/wp-json\/wp\/v2\/users\/4"}],"replies":[{"embeddable":true,"href":"https:\/\/elregionalvm.com.ar\/noticias-villa-maria\/wp-json\/wp\/v2\/comments?post=118408"}],"version-history":[{"count":3,"href":"https:\/\/elregionalvm.com.ar\/noticias-villa-maria\/wp-json\/wp\/v2\/posts\/118408\/revisions"}],"predecessor-version":[{"id":118413,"href":"https:\/\/elregionalvm.com.ar\/noticias-villa-maria\/wp-json\/wp\/v2\/posts\/118408\/revisions\/118413"}],"wp:featuredmedia":[{"embeddable":true,"href":"https:\/\/elregionalvm.com.ar\/noticias-villa-maria\/wp-json\/wp\/v2\/media\/118409"}],"wp:attachment":[{"href":"https:\/\/elregionalvm.com.ar\/noticias-villa-maria\/wp-json\/wp\/v2\/media?parent=118408"}],"wp:term":[{"taxonomy":"category","embeddable":true,"href":"https:\/\/elregionalvm.com.ar\/noticias-villa-maria\/wp-json\/wp\/v2\/categories?post=118408"},{"taxonomy":"post_tag","embeddable":true,"href":"https:\/\/elregionalvm.com.ar\/noticias-villa-maria\/wp-json\/wp\/v2\/tags?post=118408"}],"curies":[{"name":"wp","href":"https:\/\/api.w.org\/{rel}","templated":true}]}}