{"id":118417,"date":"2026-09-04T17:53:23","date_gmt":"2026-09-04T17:53:23","guid":{"rendered":"https:\/\/elregionalvm.com.ar\/noticias-villa-maria\/?p=118417"},"modified":"2026-09-04T17:54:52","modified_gmt":"2026-09-04T17:54:52","slug":"nuevo-dni-electronico-quienes-deben-renovarlo-y-como-hacer-el-tramite","status":"publish","type":"post","link":"https:\/\/elregionalvm.com.ar\/noticias-villa-maria\/nuevo-dni-electronico-quienes-deben-renovarlo-y-como-hacer-el-tramite\/","title":{"rendered":"Nuevo DNI electr\u00f3nico: qui\u00e9nes deben renovarlo y c\u00f3mo hacer el tr\u00e1mite"},"content":{"rendered":"\n<h2 class=\"wp-block-heading\">El Registro Nacional de las Personas (Renaper) comenz\u00f3 a emitir el nuevo DNI electr\u00f3nico, que incorpora un chip sin contacto, datos biom\u00e9tricos y nuevas medidas de seguridad.<\/h2>\n\n\n\n<p class=\"wp-block-paragraph\"><\/p>\n\n\n\n<p class=\"wp-block-paragraph\">La implementaci\u00f3n ser\u00e1 progresiva y <strong>no es necesario renovar el documento \u00fanicamente por la aparici\u00f3n del nuevo formato<\/strong>. Los DNI actuales contin\u00faan siendo v\u00e1lidos hasta su fecha de vencimiento.<\/p>\n\n\n\n<h3 class=\"wp-block-heading\">\u00bfQui\u00e9nes deben renovarlo?<\/h3>\n\n\n\n<p class=\"wp-block-paragraph\"><\/p>\n\n\n\n<p class=\"wp-block-paragraph\">Deben tramitar un nuevo ejemplar:<\/p>\n\n\n\n<ul class=\"wp-block-list\">\n<li style=\"font-size:17px\">Personas cuyo DNI est\u00e9 vencido.<\/li>\n\n\n\n<li style=\"font-size:17px\">Menores que deban realizar las actualizaciones obligatorias, entre los 5 y 8 a\u00f1os y al cumplir los 14.<\/li>\n\n\n\n<li style=\"font-size:17px\">Quienes hayan cambiado de domicilio, nombre u otro dato filiatorio.<\/li>\n\n\n\n<li style=\"font-size:17px\">Personas que hayan perdido el documento o cuyo DNI est\u00e9 deteriorado y no permita una correcta identificaci\u00f3n.<\/li>\n<\/ul>\n\n\n\n<p class=\"wp-block-paragraph\">Cuando corresponda realizar la renovaci\u00f3n, el Renaper entregar\u00e1 el modelo vigente.<\/p>\n\n\n\n<h3 class=\"wp-block-heading\">\u00bfQu\u00e9 cambia con el nuevo DNI?<\/h3>\n\n\n\n<p class=\"wp-block-paragraph\"><\/p>\n\n\n\n<p class=\"wp-block-paragraph\">El documento est\u00e1 fabricado en policarbonato e incorpora un <strong>chip sin contacto<\/strong> que permite realizar verificaciones electr\u00f3nicas de identidad. Tambi\u00e9n suma informaci\u00f3n biom\u00e9trica y elementos de seguridad destinados a dificultar falsificaciones y adulteraciones.<\/p>\n\n\n\n<p class=\"wp-block-paragraph\">El dise\u00f1o incluye s\u00edmbolos y paisajes nacionales, entre ellos la escarapela, estrellas argentinas, el Sol de Mayo, glaciares, la Cordillera de los Andes y el mapa bicontinental.<\/p>\n\n\n\n<h3 class=\"wp-block-heading\">\u00bfC\u00f3mo se realiza el tr\u00e1mite?<\/h3>\n\n\n\n<p class=\"wp-block-paragraph\"><\/p>\n\n\n\n<p class=\"wp-block-paragraph\">Para renovar el DNI se debe:<\/p>\n\n\n\n<ol start=\"1\" class=\"wp-block-list\">\n<li style=\"font-size:17px\">Solicitar un turno en un centro de atenci\u00f3n habilitado a trav\u00e9s de los canales oficiales del Renaper o de Mi Argentina.<\/li>\n\n\n\n<li style=\"font-size:17px\">Abonar el arancel correspondiente.<\/li>\n\n\n\n<li style=\"font-size:17px\">Presentarse en la fecha asignada con la documentaci\u00f3n requerida.<\/li>\n\n\n\n<li style=\"font-size:17px\">Realizar la captura de huellas dactilares, fotograf\u00eda digital y firma electr\u00f3nica.<\/li>\n\n\n\n<li style=\"font-size:17px\">Recibir la constancia para realizar el seguimiento de la entrega.<\/li>\n<\/ol>\n\n\n\n<p class=\"wp-block-paragraph\">En el caso de los menores, deben concurrir acompa\u00f1ados por un adulto responsable y presentar la documentaci\u00f3n correspondiente.<\/p>\n\n\n\n<p class=\"wp-block-paragraph\">Tambi\u00e9n existen opciones de entrega r\u00e1pida para casos de urgencia, con costos y condiciones diferentes al tr\u00e1mite regular.<\/p>\n\n\n\n<p class=\"wp-block-paragraph\"><strong>En resumen: si tu DNI est\u00e1 vigente, no ten\u00e9s que cambiarlo de inmediato.<\/strong> El nuevo formato se incorporar\u00e1 progresivamente a medida que cada persona deba renovar su documento.<\/p>\n","protected":false},"excerpt":{"rendered":"<p>El Registro Nacional de las Personas (Renaper) comenz\u00f3 a emitir el nuevo DNI electr\u00f3nico, que incorpora un chip sin contacto, datos biom\u00e9tricos y nuevas medidas de seguridad. La implementaci\u00f3n ser\u00e1 progresiva y no es necesario renovar el documento \u00fanicamente por la aparici\u00f3n del nuevo formato. Los DNI actuales contin\u00faan siendo v\u00e1lidos hasta su fecha de [&hellip;]<\/p>\n","protected":false},"author":4,"featured_media":118418,"comment_status":"open","ping_status":"open","sticky":false,"template":"","format":"standard","meta":{"site-sidebar-layout":"default","site-content-layout":"","ast-site-content-layout":"default","site-content-style":"default","site-sidebar-style":"default","ast-global-header-display":"","ast-banner-title-visibility":"","ast-main-header-display":"","ast-hfb-above-header-display":"","ast-hfb-below-header-display":"","ast-hfb-mobile-header-display":"","site-post-title":"","ast-breadcrumbs-content":"","ast-featured-img":"","footer-sml-layout":"","ast-disable-related-posts":"","theme-transparent-header-meta":"","adv-header-id-meta":"","stick-header-meta":"","header-above-stick-meta":"","header-main-stick-meta":"","header-below-stick-meta":"","astra-migrate-meta-layouts":"set","ast-page-background-enabled":"default","ast-page-background-meta":{"desktop":{"background-color":"","background-image":"","background-repeat":"repeat","background-position":"center center","background-size":"auto","background-attachment":"scroll","background-type":"","background-media":"","overlay-type":"","overlay-color":"","overlay-opacity":"","overlay-gradient":""},"tablet":{"background-color":"","background-image":"","background-repeat":"repeat","background-position":"center center","background-size":"auto","background-attachment":"scroll","background-type":"","background-media":"","overlay-type":"","overlay-color":"","overlay-opacity":"","overlay-gradient":""},"mobile":{"background-color":"","background-image":"","background-repeat":"repeat","background-position":"center center","background-size":"auto","background-attachment":"scroll","background-type":"","background-media":"","overlay-type":"","overlay-color":"","overlay-opacity":"","overlay-gradient":""}},"ast-content-background-meta":{"desktop":{"background-color":"var(--ast-global-color-5)","background-image":"","background-repeat":"repeat","background-position":"center center","background-size":"auto","background-attachment":"scroll","background-type":"","background-media":"","overlay-type":"","overlay-color":"","overlay-opacity":"","overlay-gradient":""},"tablet":{"background-color":"var(--ast-global-color-5)","background-image":"","background-repeat":"repeat","background-position":"center center","background-size":"auto","background-attachment":"scroll","background-type":"","background-media":"","overlay-type":"","overlay-color":"","overlay-opacity":"","overlay-gradient":""},"mobile":{"background-color":"var(--ast-global-color-5)","background-image":"","background-repeat":"repeat","background-position":"center center","background-size":"auto","background-attachment":"scroll","background-type":"","background-media":"","overlay-type":"","overlay-color":"","overlay-opacity":"","overlay-gradient":""}},"_jetpack_newsletter_access":"","_jetpack_dont_email_post_to_subs":false,"_jetpack_newsletter_tier_id":0,"_jetpack_memberships_contains_paywalled_content":false,"_jetpack_memberships_contains_paid_content":false,"_joinchat":[],"footnotes":""},"categories":[15302,5],"tags":[],"class_list":["post-118417","post","type-post","status-publish","format-standard","has-post-thumbnail","hentry","category-destacado","category-sociedad"],"yoast_head":"<!-- This site is optimized with the Yoast SEO plugin v28.4 - https:\/\/yoast.com\/product\/yoast-seo-wordpress\/ -->\n<title>Nuevo DNI electr\u00f3nico: qui\u00e9nes deben renovarlo y c\u00f3mo hacer el tr\u00e1mite - El Regional<\/title>\n<meta name=\"robots\" content=\"index, follow, max-snippet:-1, max-image-preview:large, max-video-preview:-1\" \/>\n<link rel=\"canonical\" href=\"https:\/\/elregionalvm.com.ar\/noticias-villa-maria\/nuevo-dni-electronico-quienes-deben-renovarlo-y-como-hacer-el-tramite\/\" \/>\n<meta property=\"og:locale\" content=\"es_ES\" \/>\n<meta property=\"og:type\" content=\"article\" \/>\n<meta property=\"og:title\" content=\"Nuevo DNI electr\u00f3nico: qui\u00e9nes deben renovarlo y c\u00f3mo hacer el tr\u00e1mite - El Regional\" \/>\n<meta property=\"og:description\" content=\"El Registro Nacional de las Personas (Renaper) comenz\u00f3 a emitir el nuevo DNI electr\u00f3nico, que incorpora un chip sin contacto, datos biom\u00e9tricos y nuevas medidas de seguridad. La implementaci\u00f3n ser\u00e1 progresiva y no es necesario renovar el documento \u00fanicamente por la aparici\u00f3n del nuevo formato. Los DNI actuales contin\u00faan siendo v\u00e1lidos hasta su fecha de [&hellip;]\" \/>\n<meta property=\"og:url\" content=\"https:\/\/elregionalvm.com.ar\/noticias-villa-maria\/nuevo-dni-electronico-quienes-deben-renovarlo-y-como-hacer-el-tramite\/\" \/>\n<meta property=\"og:site_name\" content=\"El Regional\" \/>\n<meta property=\"article:publisher\" content=\"https:\/\/www.facebook.com\/elregionalvm\" \/>\n<meta property=\"article:published_time\" content=\"2026-09-04T17:53:23+00:00\" \/>\n<meta property=\"article:modified_time\" content=\"2026-09-04T17:54:52+00:00\" \/>\n<meta property=\"og:image\" content=\"https:\/\/elregionalvm.com.ar\/noticias-villa-maria\/wp-content\/uploads\/2026\/09\/dni.jpg\" \/>\n\t<meta property=\"og:image:width\" content=\"850\" \/>\n\t<meta property=\"og:image:height\" content=\"477\" \/>\n\t<meta property=\"og:image:type\" content=\"image\/jpeg\" \/>\n<meta name=\"author\" content=\"Contenidos El Regional\" \/>\n<meta name=\"twitter:card\" content=\"summary_large_image\" \/>\n<meta name=\"twitter:creator\" content=\"@elregionalvm1\" \/>\n<meta name=\"twitter:site\" content=\"@elregionalvm1\" \/>\n<meta name=\"twitter:label1\" content=\"Escrito por\" \/>\n\t<meta name=\"twitter:data1\" content=\"Contenidos El Regional\" \/>\n\t<meta name=\"twitter:label2\" content=\"Tiempo de lectura\" \/>\n\t<meta name=\"twitter:data2\" content=\"2 minutos\" \/>\n<script type=\"application\/ld+json\" class=\"yoast-schema-graph\">{\"@context\":\"https:\\\/\\\/schema.org\",\"@graph\":[{\"@type\":\"Article\",\"@id\":\"https:\\\/\\\/elregionalvm.com.ar\\\/noticias-villa-maria\\\/nuevo-dni-electronico-quienes-deben-renovarlo-y-como-hacer-el-tramite\\\/#article\",\"isPartOf\":{\"@id\":\"https:\\\/\\\/elregionalvm.com.ar\\\/noticias-villa-maria\\\/nuevo-dni-electronico-quienes-deben-renovarlo-y-como-hacer-el-tramite\\\/\"},\"author\":{\"name\":\"Contenidos El Regional\",\"@id\":\"http:\\\/\\\/elregionalvm.com.ar\\\/noticias-villa-maria\\\/#\\\/schema\\\/person\\\/a0fb9c422317faca23d50163151bc354\"},\"headline\":\"Nuevo DNI electr\u00f3nico: qui\u00e9nes deben renovarlo y c\u00f3mo hacer el tr\u00e1mite\",\"datePublished\":\"2026-09-04T17:53:23+00:00\",\"dateModified\":\"2026-09-04T17:54:52+00:00\",\"mainEntityOfPage\":{\"@id\":\"https:\\\/\\\/elregionalvm.com.ar\\\/noticias-villa-maria\\\/nuevo-dni-electronico-quienes-deben-renovarlo-y-como-hacer-el-tramite\\\/\"},\"wordCount\":362,\"commentCount\":0,\"image\":{\"@id\":\"https:\\\/\\\/elregionalvm.com.ar\\\/noticias-villa-maria\\\/nuevo-dni-electronico-quienes-deben-renovarlo-y-como-hacer-el-tramite\\\/#primaryimage\"},\"thumbnailUrl\":\"https:\\\/\\\/i0.wp.com\\\/elregionalvm.com.ar\\\/noticias-villa-maria\\\/wp-content\\\/uploads\\\/2026\\\/09\\\/dni.jpg?fit=850%2C477&ssl=1\",\"articleSection\":[\"destacado\",\"Sociedad\"],\"inLanguage\":\"es\",\"potentialAction\":[{\"@type\":\"CommentAction\",\"name\":\"Comment\",\"target\":[\"https:\\\/\\\/elregionalvm.com.ar\\\/noticias-villa-maria\\\/nuevo-dni-electronico-quienes-deben-renovarlo-y-como-hacer-el-tramite\\\/#respond\"]}]},{\"@type\":\"WebPage\",\"@id\":\"https:\\\/\\\/elregionalvm.com.ar\\\/noticias-villa-maria\\\/nuevo-dni-electronico-quienes-deben-renovarlo-y-como-hacer-el-tramite\\\/\",\"url\":\"https:\\\/\\\/elregionalvm.com.ar\\\/noticias-villa-maria\\\/nuevo-dni-electronico-quienes-deben-renovarlo-y-como-hacer-el-tramite\\\/\",\"name\":\"Nuevo DNI electr\u00f3nico: qui\u00e9nes deben renovarlo y c\u00f3mo hacer el tr\u00e1mite - El Regional\",\"isPartOf\":{\"@id\":\"http:\\\/\\\/elregionalvm.com.ar\\\/noticias-villa-maria\\\/#website\"},\"primaryImageOfPage\":{\"@id\":\"https:\\\/\\\/elregionalvm.com.ar\\\/noticias-villa-maria\\\/nuevo-dni-electronico-quienes-deben-renovarlo-y-como-hacer-el-tramite\\\/#primaryimage\"},\"image\":{\"@id\":\"https:\\\/\\\/elregionalvm.com.ar\\\/noticias-villa-maria\\\/nuevo-dni-electronico-quienes-deben-renovarlo-y-como-hacer-el-tramite\\\/#primaryimage\"},\"thumbnailUrl\":\"https:\\\/\\\/i0.wp.com\\\/elregionalvm.com.ar\\\/noticias-villa-maria\\\/wp-content\\\/uploads\\\/2026\\\/09\\\/dni.jpg?fit=850%2C477&ssl=1\",\"datePublished\":\"2026-09-04T17:53:23+00:00\",\"dateModified\":\"2026-09-04T17:54:52+00:00\",\"author\":{\"@id\":\"http:\\\/\\\/elregionalvm.com.ar\\\/noticias-villa-maria\\\/#\\\/schema\\\/person\\\/a0fb9c422317faca23d50163151bc354\"},\"breadcrumb\":{\"@id\":\"https:\\\/\\\/elregionalvm.com.ar\\\/noticias-villa-maria\\\/nuevo-dni-electronico-quienes-deben-renovarlo-y-como-hacer-el-tramite\\\/#breadcrumb\"},\"inLanguage\":\"es\",\"potentialAction\":[{\"@type\":\"ReadAction\",\"target\":[\"https:\\\/\\\/elregionalvm.com.ar\\\/noticias-villa-maria\\\/nuevo-dni-electronico-quienes-deben-renovarlo-y-como-hacer-el-tramite\\\/\"]}]},{\"@type\":\"ImageObject\",\"inLanguage\":\"es\",\"@id\":\"https:\\\/\\\/elregionalvm.com.ar\\\/noticias-villa-maria\\\/nuevo-dni-electronico-quienes-deben-renovarlo-y-como-hacer-el-tramite\\\/#primaryimage\",\"url\":\"https:\\\/\\\/i0.wp.com\\\/elregionalvm.com.ar\\\/noticias-villa-maria\\\/wp-content\\\/uploads\\\/2026\\\/09\\\/dni.jpg?fit=850%2C477&ssl=1\",\"contentUrl\":\"https:\\\/\\\/i0.wp.com\\\/elregionalvm.com.ar\\\/noticias-villa-maria\\\/wp-content\\\/uploads\\\/2026\\\/09\\\/dni.jpg?fit=850%2C477&ssl=1\",\"width\":850,\"height\":477},{\"@type\":\"BreadcrumbList\",\"@id\":\"https:\\\/\\\/elregionalvm.com.ar\\\/noticias-villa-maria\\\/nuevo-dni-electronico-quienes-deben-renovarlo-y-como-hacer-el-tramite\\\/#breadcrumb\",\"itemListElement\":[{\"@type\":\"ListItem\",\"position\":1,\"name\":\"Portada\",\"item\":\"https:\\\/\\\/elregionalvm.com.ar\\\/noticias-villa-maria\\\/\"},{\"@type\":\"ListItem\",\"position\":2,\"name\":\"Nuevo DNI electr\u00f3nico: qui\u00e9nes deben renovarlo y c\u00f3mo hacer el tr\u00e1mite\"}]},{\"@type\":\"WebSite\",\"@id\":\"http:\\\/\\\/elregionalvm.com.ar\\\/noticias-villa-maria\\\/#website\",\"url\":\"http:\\\/\\\/elregionalvm.com.ar\\\/noticias-villa-maria\\\/\",\"name\":\"El Regional\",\"description\":\"Mucho m\u00e1s que informaci\u00f3n\",\"potentialAction\":[{\"@type\":\"SearchAction\",\"target\":{\"@type\":\"EntryPoint\",\"urlTemplate\":\"http:\\\/\\\/elregionalvm.com.ar\\\/noticias-villa-maria\\\/?s={search_term_string}\"},\"query-input\":{\"@type\":\"PropertyValueSpecification\",\"valueRequired\":true,\"valueName\":\"search_term_string\"}}],\"inLanguage\":\"es\"},{\"@type\":\"Person\",\"@id\":\"http:\\\/\\\/elregionalvm.com.ar\\\/noticias-villa-maria\\\/#\\\/schema\\\/person\\\/a0fb9c422317faca23d50163151bc354\",\"name\":\"Contenidos El Regional\",\"image\":{\"@type\":\"ImageObject\",\"inLanguage\":\"es\",\"@id\":\"https:\\\/\\\/secure.gravatar.com\\\/avatar\\\/265b27cb2209af7bb3a1318f03305787d7981a5cc6e6cd08fe5a4ecdf99d4b48?s=96&d=mm&r=g\",\"url\":\"https:\\\/\\\/secure.gravatar.com\\\/avatar\\\/265b27cb2209af7bb3a1318f03305787d7981a5cc6e6cd08fe5a4ecdf99d4b48?s=96&d=mm&r=g\",\"contentUrl\":\"https:\\\/\\\/secure.gravatar.com\\\/avatar\\\/265b27cb2209af7bb3a1318f03305787d7981a5cc6e6cd08fe5a4ecdf99d4b48?s=96&d=mm&r=g\",\"caption\":\"Contenidos El Regional\"},\"url\":\"https:\\\/\\\/elregionalvm.com.ar\\\/noticias-villa-maria\\\/author\\\/contenido\\\/\"}]}<\/script>\n<!-- \/ Yoast SEO plugin. -->","yoast_head_json":{"title":"Nuevo DNI electr\u00f3nico: qui\u00e9nes deben renovarlo y c\u00f3mo hacer el tr\u00e1mite - El Regional","robots":{"index":"index","follow":"follow","max-snippet":"max-snippet:-1","max-image-preview":"max-image-preview:large","max-video-preview":"max-video-preview:-1"},"canonical":"https:\/\/elregionalvm.com.ar\/noticias-villa-maria\/nuevo-dni-electronico-quienes-deben-renovarlo-y-como-hacer-el-tramite\/","og_locale":"es_ES","og_type":"article","og_title":"Nuevo DNI electr\u00f3nico: qui\u00e9nes deben renovarlo y c\u00f3mo hacer el tr\u00e1mite - El Regional","og_description":"El Registro Nacional de las Personas (Renaper) comenz\u00f3 a emitir el nuevo DNI electr\u00f3nico, que incorpora un chip sin contacto, datos biom\u00e9tricos y nuevas medidas de seguridad. La implementaci\u00f3n ser\u00e1 progresiva y no es necesario renovar el documento \u00fanicamente por la aparici\u00f3n del nuevo formato. Los DNI actuales contin\u00faan siendo v\u00e1lidos hasta su fecha de [&hellip;]","og_url":"https:\/\/elregionalvm.com.ar\/noticias-villa-maria\/nuevo-dni-electronico-quienes-deben-renovarlo-y-como-hacer-el-tramite\/","og_site_name":"El Regional","article_publisher":"https:\/\/www.facebook.com\/elregionalvm","article_published_time":"2026-09-04T17:53:23+00:00","article_modified_time":"2026-09-04T17:54:52+00:00","og_image":[{"width":850,"height":477,"url":"https:\/\/elregionalvm.com.ar\/noticias-villa-maria\/wp-content\/uploads\/2026\/09\/dni.jpg","type":"image\/jpeg"}],"author":"Contenidos El Regional","twitter_card":"summary_large_image","twitter_creator":"@elregionalvm1","twitter_site":"@elregionalvm1","twitter_misc":{"Escrito por":"Contenidos El Regional","Tiempo de lectura":"2 minutos"},"schema":{"@context":"https:\/\/schema.org","@graph":[{"@type":"Article","@id":"https:\/\/elregionalvm.com.ar\/noticias-villa-maria\/nuevo-dni-electronico-quienes-deben-renovarlo-y-como-hacer-el-tramite\/#article","isPartOf":{"@id":"https:\/\/elregionalvm.com.ar\/noticias-villa-maria\/nuevo-dni-electronico-quienes-deben-renovarlo-y-como-hacer-el-tramite\/"},"author":{"name":"Contenidos El Regional","@id":"http:\/\/elregionalvm.com.ar\/noticias-villa-maria\/#\/schema\/person\/a0fb9c422317faca23d50163151bc354"},"headline":"Nuevo DNI electr\u00f3nico: qui\u00e9nes deben renovarlo y c\u00f3mo hacer el tr\u00e1mite","datePublished":"2026-09-04T17:53:23+00:00","dateModified":"2026-09-04T17:54:52+00:00","mainEntityOfPage":{"@id":"https:\/\/elregionalvm.com.ar\/noticias-villa-maria\/nuevo-dni-electronico-quienes-deben-renovarlo-y-como-hacer-el-tramite\/"},"wordCount":362,"commentCount":0,"image":{"@id":"https:\/\/elregionalvm.com.ar\/noticias-villa-maria\/nuevo-dni-electronico-quienes-deben-renovarlo-y-como-hacer-el-tramite\/#primaryimage"},"thumbnailUrl":"https:\/\/i0.wp.com\/elregionalvm.com.ar\/noticias-villa-maria\/wp-content\/uploads\/2026\/09\/dni.jpg?fit=850%2C477&ssl=1","articleSection":["destacado","Sociedad"],"inLanguage":"es","potentialAction":[{"@type":"CommentAction","name":"Comment","target":["https:\/\/elregionalvm.com.ar\/noticias-villa-maria\/nuevo-dni-electronico-quienes-deben-renovarlo-y-como-hacer-el-tramite\/#respond"]}]},{"@type":"WebPage","@id":"https:\/\/elregionalvm.com.ar\/noticias-villa-maria\/nuevo-dni-electronico-quienes-deben-renovarlo-y-como-hacer-el-tramite\/","url":"https:\/\/elregionalvm.com.ar\/noticias-villa-maria\/nuevo-dni-electronico-quienes-deben-renovarlo-y-como-hacer-el-tramite\/","name":"Nuevo DNI electr\u00f3nico: qui\u00e9nes deben renovarlo y c\u00f3mo hacer el tr\u00e1mite - El Regional","isPartOf":{"@id":"http:\/\/elregionalvm.com.ar\/noticias-villa-maria\/#website"},"primaryImageOfPage":{"@id":"https:\/\/elregionalvm.com.ar\/noticias-villa-maria\/nuevo-dni-electronico-quienes-deben-renovarlo-y-como-hacer-el-tramite\/#primaryimage"},"image":{"@id":"https:\/\/elregionalvm.com.ar\/noticias-villa-maria\/nuevo-dni-electronico-quienes-deben-renovarlo-y-como-hacer-el-tramite\/#primaryimage"},"thumbnailUrl":"https:\/\/i0.wp.com\/elregionalvm.com.ar\/noticias-villa-maria\/wp-content\/uploads\/2026\/09\/dni.jpg?fit=850%2C477&ssl=1","datePublished":"2026-09-04T17:53:23+00:00","dateModified":"2026-09-04T17:54:52+00:00","author":{"@id":"http:\/\/elregionalvm.com.ar\/noticias-villa-maria\/#\/schema\/person\/a0fb9c422317faca23d50163151bc354"},"breadcrumb":{"@id":"https:\/\/elregionalvm.com.ar\/noticias-villa-maria\/nuevo-dni-electronico-quienes-deben-renovarlo-y-como-hacer-el-tramite\/#breadcrumb"},"inLanguage":"es","potentialAction":[{"@type":"ReadAction","target":["https:\/\/elregionalvm.com.ar\/noticias-villa-maria\/nuevo-dni-electronico-quienes-deben-renovarlo-y-como-hacer-el-tramite\/"]}]},{"@type":"ImageObject","inLanguage":"es","@id":"https:\/\/elregionalvm.com.ar\/noticias-villa-maria\/nuevo-dni-electronico-quienes-deben-renovarlo-y-como-hacer-el-tramite\/#primaryimage","url":"https:\/\/i0.wp.com\/elregionalvm.com.ar\/noticias-villa-maria\/wp-content\/uploads\/2026\/09\/dni.jpg?fit=850%2C477&ssl=1","contentUrl":"https:\/\/i0.wp.com\/elregionalvm.com.ar\/noticias-villa-maria\/wp-content\/uploads\/2026\/09\/dni.jpg?fit=850%2C477&ssl=1","width":850,"height":477},{"@type":"BreadcrumbList","@id":"https:\/\/elregionalvm.com.ar\/noticias-villa-maria\/nuevo-dni-electronico-quienes-deben-renovarlo-y-como-hacer-el-tramite\/#breadcrumb","itemListElement":[{"@type":"ListItem","position":1,"name":"Portada","item":"https:\/\/elregionalvm.com.ar\/noticias-villa-maria\/"},{"@type":"ListItem","position":2,"name":"Nuevo DNI electr\u00f3nico: qui\u00e9nes deben renovarlo y c\u00f3mo hacer el tr\u00e1mite"}]},{"@type":"WebSite","@id":"http:\/\/elregionalvm.com.ar\/noticias-villa-maria\/#website","url":"http:\/\/elregionalvm.com.ar\/noticias-villa-maria\/","name":"El Regional","description":"Mucho m\u00e1s que informaci\u00f3n","potentialAction":[{"@type":"SearchAction","target":{"@type":"EntryPoint","urlTemplate":"http:\/\/elregionalvm.com.ar\/noticias-villa-maria\/?s={search_term_string}"},"query-input":{"@type":"PropertyValueSpecification","valueRequired":true,"valueName":"search_term_string"}}],"inLanguage":"es"},{"@type":"Person","@id":"http:\/\/elregionalvm.com.ar\/noticias-villa-maria\/#\/schema\/person\/a0fb9c422317faca23d50163151bc354","name":"Contenidos El Regional","image":{"@type":"ImageObject","inLanguage":"es","@id":"https:\/\/secure.gravatar.com\/avatar\/265b27cb2209af7bb3a1318f03305787d7981a5cc6e6cd08fe5a4ecdf99d4b48?s=96&d=mm&r=g","url":"https:\/\/secure.gravatar.com\/avatar\/265b27cb2209af7bb3a1318f03305787d7981a5cc6e6cd08fe5a4ecdf99d4b48?s=96&d=mm&r=g","contentUrl":"https:\/\/secure.gravatar.com\/avatar\/265b27cb2209af7bb3a1318f03305787d7981a5cc6e6cd08fe5a4ecdf99d4b48?s=96&d=mm&r=g","caption":"Contenidos El Regional"},"url":"https:\/\/elregionalvm.com.ar\/noticias-villa-maria\/author\/contenido\/"}]}},"jetpack_sharing_enabled":true,"jetpack_featured_media_url":"https:\/\/i0.wp.com\/elregionalvm.com.ar\/noticias-villa-maria\/wp-content\/uploads\/2026\/09\/dni.jpg?fit=850%2C477&ssl=1","_links":{"self":[{"href":"https:\/\/elregionalvm.com.ar\/noticias-villa-maria\/wp-json\/wp\/v2\/posts\/118417","targetHints":{"allow":["GET"]}}],"collection":[{"href":"https:\/\/elregionalvm.com.ar\/noticias-villa-maria\/wp-json\/wp\/v2\/posts"}],"about":[{"href":"https:\/\/elregionalvm.com.ar\/noticias-villa-maria\/wp-json\/wp\/v2\/types\/post"}],"author":[{"embeddable":true,"href":"https:\/\/elregionalvm.com.ar\/noticias-villa-maria\/wp-json\/wp\/v2\/users\/4"}],"replies":[{"embeddable":true,"href":"https:\/\/elregionalvm.com.ar\/noticias-villa-maria\/wp-json\/wp\/v2\/comments?post=118417"}],"version-history":[{"count":2,"href":"https:\/\/elregionalvm.com.ar\/noticias-villa-maria\/wp-json\/wp\/v2\/posts\/118417\/revisions"}],"predecessor-version":[{"id":118421,"href":"https:\/\/elregionalvm.com.ar\/noticias-villa-maria\/wp-json\/wp\/v2\/posts\/118417\/revisions\/118421"}],"wp:featuredmedia":[{"embeddable":true,"href":"https:\/\/elregionalvm.com.ar\/noticias-villa-maria\/wp-json\/wp\/v2\/media\/118418"}],"wp:attachment":[{"href":"https:\/\/elregionalvm.com.ar\/noticias-villa-maria\/wp-json\/wp\/v2\/media?parent=118417"}],"wp:term":[{"taxonomy":"category","embeddable":true,"href":"https:\/\/elregionalvm.com.ar\/noticias-villa-maria\/wp-json\/wp\/v2\/categories?post=118417"},{"taxonomy":"post_tag","embeddable":true,"href":"https:\/\/elregionalvm.com.ar\/noticias-villa-maria\/wp-json\/wp\/v2\/tags?post=118417"}],"curies":[{"name":"wp","href":"https:\/\/api.w.org\/{rel}","templated":true}]}}