{"id":118422,"date":"2026-09-04T18:03:51","date_gmt":"2026-09-04T18:03:51","guid":{"rendered":"https:\/\/elregionalvm.com.ar\/noticias-villa-maria\/?p=118422"},"modified":"2026-09-04T18:03:53","modified_gmt":"2026-09-04T18:03:53","slug":"llaryora-presento-con-vos-un-programa-para-prevenir-la-desvinculacion-escolar","status":"publish","type":"post","link":"https:\/\/elregionalvm.com.ar\/noticias-villa-maria\/llaryora-presento-con-vos-un-programa-para-prevenir-la-desvinculacion-escolar\/","title":{"rendered":"Llaryora present\u00f3 \u201cCon Vos\u201d, un programa para prevenir la desvinculaci\u00f3n escolar"},"content":{"rendered":"\n<h2 class=\"wp-block-heading\">El gobernador Mart\u00edn Llaryora present\u00f3 <strong>\u201cCon Vos\u201d<\/strong>, una iniciativa provincial destinada a prevenir el abandono escolar y fortalecer las trayectorias educativas de estudiantes secundarios.<\/h2>\n\n\n\n<p class=\"wp-block-paragraph\"><\/p>\n\n\n\n<p class=\"wp-block-paragraph\">En una primera etapa, el programa alcanzar\u00e1 a <strong>66 escuelas secundarias estatales de la ciudad de C\u00f3rdoba<\/strong>, especialmente en sectores con mayor vulnerabilidad socioeducativa.<\/p>\n\n\n\n<p class=\"wp-block-paragraph\">La propuesta contempla acompa\u00f1amiento a estudiantes y familias, espacios comunitarios de refuerzo escolar y equipos territoriales para detectar situaciones de inasistencias reiteradas o trayectorias interrumpidas y favorecer el regreso y la permanencia en la escuela.<\/p>\n\n\n\n<p class=\"wp-block-paragraph\">El programa se organiza en tres estrategias: <strong>Promoci\u00f3n del Cuidado de Trayectorias, Refuerzo Escolar Comunitario y Buscar-TE<\/strong>, orientada a la revinculaci\u00f3n y matriculaci\u00f3n de j\u00f3venes que dejaron de asistir.<\/p>\n\n\n\n<p class=\"wp-block-paragraph\">Adem\u00e1s, se habilitar\u00e1n cinco espacios de refuerzo escolar en <strong>Villa Rivera Indarte, El Chingolo, M\u00fcller, Villa El Libertador y San Roque<\/strong>, donde se brindar\u00e1 apoyo acad\u00e9mico y actividades recreativas en contraturno.<\/p>\n\n\n\n<p class=\"wp-block-paragraph\">Durante el lanzamiento, Llaryora remarc\u00f3 la importancia de que los j\u00f3venes puedan terminar la escuela secundaria y sostuvo que el objetivo es brindarles herramientas y acompa\u00f1amiento para evitar la deserci\u00f3n.<\/p>\n","protected":false},"excerpt":{"rendered":"<p>El gobernador Mart\u00edn Llaryora present\u00f3 \u201cCon Vos\u201d, una iniciativa provincial destinada a prevenir el abandono escolar y fortalecer las trayectorias educativas de estudiantes secundarios. En una primera etapa, el programa alcanzar\u00e1 a 66 escuelas secundarias estatales de la ciudad de C\u00f3rdoba, especialmente en sectores con mayor vulnerabilidad socioeducativa. La propuesta contempla acompa\u00f1amiento a estudiantes y [&hellip;]<\/p>\n","protected":false},"author":4,"featured_media":118423,"comment_status":"open","ping_status":"open","sticky":false,"template":"","format":"standard","meta":{"site-sidebar-layout":"default","site-content-layout":"","ast-site-content-layout":"default","site-content-style":"default","site-sidebar-style":"default","ast-global-header-display":"","ast-banner-title-visibility":"","ast-main-header-display":"","ast-hfb-above-header-display":"","ast-hfb-below-header-display":"","ast-hfb-mobile-header-display":"","site-post-title":"","ast-breadcrumbs-content":"","ast-featured-img":"","footer-sml-layout":"","ast-disable-related-posts":"","theme-transparent-header-meta":"","adv-header-id-meta":"","stick-header-meta":"","header-above-stick-meta":"","header-main-stick-meta":"","header-below-stick-meta":"","astra-migrate-meta-layouts":"set","ast-page-background-enabled":"default","ast-page-background-meta":{"desktop":{"background-color":"","background-image":"","background-repeat":"repeat","background-position":"center center","background-size":"auto","background-attachment":"scroll","background-type":"","background-media":"","overlay-type":"","overlay-color":"","overlay-opacity":"","overlay-gradient":""},"tablet":{"background-color":"","background-image":"","background-repeat":"repeat","background-position":"center center","background-size":"auto","background-attachment":"scroll","background-type":"","background-media":"","overlay-type":"","overlay-color":"","overlay-opacity":"","overlay-gradient":""},"mobile":{"background-color":"","background-image":"","background-repeat":"repeat","background-position":"center center","background-size":"auto","background-attachment":"scroll","background-type":"","background-media":"","overlay-type":"","overlay-color":"","overlay-opacity":"","overlay-gradient":""}},"ast-content-background-meta":{"desktop":{"background-color":"var(--ast-global-color-5)","background-image":"","background-repeat":"repeat","background-position":"center center","background-size":"auto","background-attachment":"scroll","background-type":"","background-media":"","overlay-type":"","overlay-color":"","overlay-opacity":"","overlay-gradient":""},"tablet":{"background-color":"var(--ast-global-color-5)","background-image":"","background-repeat":"repeat","background-position":"center center","background-size":"auto","background-attachment":"scroll","background-type":"","background-media":"","overlay-type":"","overlay-color":"","overlay-opacity":"","overlay-gradient":""},"mobile":{"background-color":"var(--ast-global-color-5)","background-image":"","background-repeat":"repeat","background-position":"center center","background-size":"auto","background-attachment":"scroll","background-type":"","background-media":"","overlay-type":"","overlay-color":"","overlay-opacity":"","overlay-gradient":""}},"_jetpack_newsletter_access":"","_jetpack_dont_email_post_to_subs":false,"_jetpack_newsletter_tier_id":0,"_jetpack_memberships_contains_paywalled_content":false,"_jetpack_memberships_contains_paid_content":false,"_joinchat":[],"footnotes":""},"categories":[15302,16095],"tags":[],"class_list":["post-118422","post","type-post","status-publish","format-standard","has-post-thumbnail","hentry","category-destacado","category-provinciales"],"yoast_head":"<!-- This site is optimized with the Yoast SEO plugin v28.4 - https:\/\/yoast.com\/product\/yoast-seo-wordpress\/ -->\n<title>Llaryora present\u00f3 \u201cCon Vos\u201d, un programa para prevenir la desvinculaci\u00f3n escolar - El Regional<\/title>\n<meta name=\"robots\" content=\"index, follow, max-snippet:-1, max-image-preview:large, max-video-preview:-1\" \/>\n<link rel=\"canonical\" href=\"https:\/\/elregionalvm.com.ar\/noticias-villa-maria\/llaryora-presento-con-vos-un-programa-para-prevenir-la-desvinculacion-escolar\/\" \/>\n<meta property=\"og:locale\" content=\"es_ES\" \/>\n<meta property=\"og:type\" content=\"article\" \/>\n<meta property=\"og:title\" content=\"Llaryora present\u00f3 \u201cCon Vos\u201d, un programa para prevenir la desvinculaci\u00f3n escolar - El Regional\" \/>\n<meta property=\"og:description\" content=\"El gobernador Mart\u00edn Llaryora present\u00f3 \u201cCon Vos\u201d, una iniciativa provincial destinada a prevenir el abandono escolar y fortalecer las trayectorias educativas de estudiantes secundarios. En una primera etapa, el programa alcanzar\u00e1 a 66 escuelas secundarias estatales de la ciudad de C\u00f3rdoba, especialmente en sectores con mayor vulnerabilidad socioeducativa. La propuesta contempla acompa\u00f1amiento a estudiantes y [&hellip;]\" \/>\n<meta property=\"og:url\" content=\"https:\/\/elregionalvm.com.ar\/noticias-villa-maria\/llaryora-presento-con-vos-un-programa-para-prevenir-la-desvinculacion-escolar\/\" \/>\n<meta property=\"og:site_name\" content=\"El Regional\" \/>\n<meta property=\"article:publisher\" content=\"https:\/\/www.facebook.com\/elregionalvm\" \/>\n<meta property=\"article:published_time\" content=\"2026-09-04T18:03:51+00:00\" \/>\n<meta property=\"article:modified_time\" content=\"2026-09-04T18:03:53+00:00\" \/>\n<meta property=\"og:image\" content=\"https:\/\/elregionalvm.com.ar\/noticias-villa-maria\/wp-content\/uploads\/2026\/09\/Llaryora-Con-Vos.jpg\" \/>\n\t<meta property=\"og:image:width\" content=\"850\" \/>\n\t<meta property=\"og:image:height\" content=\"534\" \/>\n\t<meta property=\"og:image:type\" content=\"image\/jpeg\" \/>\n<meta name=\"author\" content=\"Contenidos El Regional\" \/>\n<meta name=\"twitter:card\" content=\"summary_large_image\" \/>\n<meta name=\"twitter:creator\" content=\"@elregionalvm1\" \/>\n<meta name=\"twitter:site\" content=\"@elregionalvm1\" \/>\n<meta name=\"twitter:label1\" content=\"Escrito por\" \/>\n\t<meta name=\"twitter:data1\" content=\"Contenidos El Regional\" \/>\n\t<meta name=\"twitter:label2\" content=\"Tiempo de lectura\" \/>\n\t<meta name=\"twitter:data2\" content=\"1 minuto\" \/>\n<script type=\"application\/ld+json\" class=\"yoast-schema-graph\">{\"@context\":\"https:\\\/\\\/schema.org\",\"@graph\":[{\"@type\":\"Article\",\"@id\":\"https:\\\/\\\/elregionalvm.com.ar\\\/noticias-villa-maria\\\/llaryora-presento-con-vos-un-programa-para-prevenir-la-desvinculacion-escolar\\\/#article\",\"isPartOf\":{\"@id\":\"https:\\\/\\\/elregionalvm.com.ar\\\/noticias-villa-maria\\\/llaryora-presento-con-vos-un-programa-para-prevenir-la-desvinculacion-escolar\\\/\"},\"author\":{\"name\":\"Contenidos El Regional\",\"@id\":\"http:\\\/\\\/elregionalvm.com.ar\\\/noticias-villa-maria\\\/#\\\/schema\\\/person\\\/a0fb9c422317faca23d50163151bc354\"},\"headline\":\"Llaryora present\u00f3 \u201cCon Vos\u201d, un programa para prevenir la desvinculaci\u00f3n escolar\",\"datePublished\":\"2026-09-04T18:03:51+00:00\",\"dateModified\":\"2026-09-04T18:03:53+00:00\",\"mainEntityOfPage\":{\"@id\":\"https:\\\/\\\/elregionalvm.com.ar\\\/noticias-villa-maria\\\/llaryora-presento-con-vos-un-programa-para-prevenir-la-desvinculacion-escolar\\\/\"},\"wordCount\":198,\"commentCount\":0,\"image\":{\"@id\":\"https:\\\/\\\/elregionalvm.com.ar\\\/noticias-villa-maria\\\/llaryora-presento-con-vos-un-programa-para-prevenir-la-desvinculacion-escolar\\\/#primaryimage\"},\"thumbnailUrl\":\"https:\\\/\\\/i0.wp.com\\\/elregionalvm.com.ar\\\/noticias-villa-maria\\\/wp-content\\\/uploads\\\/2026\\\/09\\\/Llaryora-Con-Vos.jpg?fit=850%2C534&ssl=1\",\"articleSection\":[\"destacado\",\"Provinciales\"],\"inLanguage\":\"es\",\"potentialAction\":[{\"@type\":\"CommentAction\",\"name\":\"Comment\",\"target\":[\"https:\\\/\\\/elregionalvm.com.ar\\\/noticias-villa-maria\\\/llaryora-presento-con-vos-un-programa-para-prevenir-la-desvinculacion-escolar\\\/#respond\"]}]},{\"@type\":\"WebPage\",\"@id\":\"https:\\\/\\\/elregionalvm.com.ar\\\/noticias-villa-maria\\\/llaryora-presento-con-vos-un-programa-para-prevenir-la-desvinculacion-escolar\\\/\",\"url\":\"https:\\\/\\\/elregionalvm.com.ar\\\/noticias-villa-maria\\\/llaryora-presento-con-vos-un-programa-para-prevenir-la-desvinculacion-escolar\\\/\",\"name\":\"Llaryora present\u00f3 \u201cCon Vos\u201d, un programa para prevenir la desvinculaci\u00f3n escolar - El Regional\",\"isPartOf\":{\"@id\":\"http:\\\/\\\/elregionalvm.com.ar\\\/noticias-villa-maria\\\/#website\"},\"primaryImageOfPage\":{\"@id\":\"https:\\\/\\\/elregionalvm.com.ar\\\/noticias-villa-maria\\\/llaryora-presento-con-vos-un-programa-para-prevenir-la-desvinculacion-escolar\\\/#primaryimage\"},\"image\":{\"@id\":\"https:\\\/\\\/elregionalvm.com.ar\\\/noticias-villa-maria\\\/llaryora-presento-con-vos-un-programa-para-prevenir-la-desvinculacion-escolar\\\/#primaryimage\"},\"thumbnailUrl\":\"https:\\\/\\\/i0.wp.com\\\/elregionalvm.com.ar\\\/noticias-villa-maria\\\/wp-content\\\/uploads\\\/2026\\\/09\\\/Llaryora-Con-Vos.jpg?fit=850%2C534&ssl=1\",\"datePublished\":\"2026-09-04T18:03:51+00:00\",\"dateModified\":\"2026-09-04T18:03:53+00:00\",\"author\":{\"@id\":\"http:\\\/\\\/elregionalvm.com.ar\\\/noticias-villa-maria\\\/#\\\/schema\\\/person\\\/a0fb9c422317faca23d50163151bc354\"},\"breadcrumb\":{\"@id\":\"https:\\\/\\\/elregionalvm.com.ar\\\/noticias-villa-maria\\\/llaryora-presento-con-vos-un-programa-para-prevenir-la-desvinculacion-escolar\\\/#breadcrumb\"},\"inLanguage\":\"es\",\"potentialAction\":[{\"@type\":\"ReadAction\",\"target\":[\"https:\\\/\\\/elregionalvm.com.ar\\\/noticias-villa-maria\\\/llaryora-presento-con-vos-un-programa-para-prevenir-la-desvinculacion-escolar\\\/\"]}]},{\"@type\":\"ImageObject\",\"inLanguage\":\"es\",\"@id\":\"https:\\\/\\\/elregionalvm.com.ar\\\/noticias-villa-maria\\\/llaryora-presento-con-vos-un-programa-para-prevenir-la-desvinculacion-escolar\\\/#primaryimage\",\"url\":\"https:\\\/\\\/i0.wp.com\\\/elregionalvm.com.ar\\\/noticias-villa-maria\\\/wp-content\\\/uploads\\\/2026\\\/09\\\/Llaryora-Con-Vos.jpg?fit=850%2C534&ssl=1\",\"contentUrl\":\"https:\\\/\\\/i0.wp.com\\\/elregionalvm.com.ar\\\/noticias-villa-maria\\\/wp-content\\\/uploads\\\/2026\\\/09\\\/Llaryora-Con-Vos.jpg?fit=850%2C534&ssl=1\",\"width\":850,\"height\":534},{\"@type\":\"BreadcrumbList\",\"@id\":\"https:\\\/\\\/elregionalvm.com.ar\\\/noticias-villa-maria\\\/llaryora-presento-con-vos-un-programa-para-prevenir-la-desvinculacion-escolar\\\/#breadcrumb\",\"itemListElement\":[{\"@type\":\"ListItem\",\"position\":1,\"name\":\"Portada\",\"item\":\"https:\\\/\\\/elregionalvm.com.ar\\\/noticias-villa-maria\\\/\"},{\"@type\":\"ListItem\",\"position\":2,\"name\":\"Llaryora present\u00f3 \u201cCon Vos\u201d, un programa para prevenir la desvinculaci\u00f3n escolar\"}]},{\"@type\":\"WebSite\",\"@id\":\"http:\\\/\\\/elregionalvm.com.ar\\\/noticias-villa-maria\\\/#website\",\"url\":\"http:\\\/\\\/elregionalvm.com.ar\\\/noticias-villa-maria\\\/\",\"name\":\"El Regional\",\"description\":\"Mucho m\u00e1s que informaci\u00f3n\",\"potentialAction\":[{\"@type\":\"SearchAction\",\"target\":{\"@type\":\"EntryPoint\",\"urlTemplate\":\"http:\\\/\\\/elregionalvm.com.ar\\\/noticias-villa-maria\\\/?s={search_term_string}\"},\"query-input\":{\"@type\":\"PropertyValueSpecification\",\"valueRequired\":true,\"valueName\":\"search_term_string\"}}],\"inLanguage\":\"es\"},{\"@type\":\"Person\",\"@id\":\"http:\\\/\\\/elregionalvm.com.ar\\\/noticias-villa-maria\\\/#\\\/schema\\\/person\\\/a0fb9c422317faca23d50163151bc354\",\"name\":\"Contenidos El Regional\",\"image\":{\"@type\":\"ImageObject\",\"inLanguage\":\"es\",\"@id\":\"https:\\\/\\\/secure.gravatar.com\\\/avatar\\\/265b27cb2209af7bb3a1318f03305787d7981a5cc6e6cd08fe5a4ecdf99d4b48?s=96&d=mm&r=g\",\"url\":\"https:\\\/\\\/secure.gravatar.com\\\/avatar\\\/265b27cb2209af7bb3a1318f03305787d7981a5cc6e6cd08fe5a4ecdf99d4b48?s=96&d=mm&r=g\",\"contentUrl\":\"https:\\\/\\\/secure.gravatar.com\\\/avatar\\\/265b27cb2209af7bb3a1318f03305787d7981a5cc6e6cd08fe5a4ecdf99d4b48?s=96&d=mm&r=g\",\"caption\":\"Contenidos El Regional\"},\"url\":\"https:\\\/\\\/elregionalvm.com.ar\\\/noticias-villa-maria\\\/author\\\/contenido\\\/\"}]}<\/script>\n<!-- \/ Yoast SEO plugin. -->","yoast_head_json":{"title":"Llaryora present\u00f3 \u201cCon Vos\u201d, un programa para prevenir la desvinculaci\u00f3n escolar - El Regional","robots":{"index":"index","follow":"follow","max-snippet":"max-snippet:-1","max-image-preview":"max-image-preview:large","max-video-preview":"max-video-preview:-1"},"canonical":"https:\/\/elregionalvm.com.ar\/noticias-villa-maria\/llaryora-presento-con-vos-un-programa-para-prevenir-la-desvinculacion-escolar\/","og_locale":"es_ES","og_type":"article","og_title":"Llaryora present\u00f3 \u201cCon Vos\u201d, un programa para prevenir la desvinculaci\u00f3n escolar - El Regional","og_description":"El gobernador Mart\u00edn Llaryora present\u00f3 \u201cCon Vos\u201d, una iniciativa provincial destinada a prevenir el abandono escolar y fortalecer las trayectorias educativas de estudiantes secundarios. En una primera etapa, el programa alcanzar\u00e1 a 66 escuelas secundarias estatales de la ciudad de C\u00f3rdoba, especialmente en sectores con mayor vulnerabilidad socioeducativa. La propuesta contempla acompa\u00f1amiento a estudiantes y [&hellip;]","og_url":"https:\/\/elregionalvm.com.ar\/noticias-villa-maria\/llaryora-presento-con-vos-un-programa-para-prevenir-la-desvinculacion-escolar\/","og_site_name":"El Regional","article_publisher":"https:\/\/www.facebook.com\/elregionalvm","article_published_time":"2026-09-04T18:03:51+00:00","article_modified_time":"2026-09-04T18:03:53+00:00","og_image":[{"width":850,"height":534,"url":"https:\/\/elregionalvm.com.ar\/noticias-villa-maria\/wp-content\/uploads\/2026\/09\/Llaryora-Con-Vos.jpg","type":"image\/jpeg"}],"author":"Contenidos El Regional","twitter_card":"summary_large_image","twitter_creator":"@elregionalvm1","twitter_site":"@elregionalvm1","twitter_misc":{"Escrito por":"Contenidos El Regional","Tiempo de lectura":"1 minuto"},"schema":{"@context":"https:\/\/schema.org","@graph":[{"@type":"Article","@id":"https:\/\/elregionalvm.com.ar\/noticias-villa-maria\/llaryora-presento-con-vos-un-programa-para-prevenir-la-desvinculacion-escolar\/#article","isPartOf":{"@id":"https:\/\/elregionalvm.com.ar\/noticias-villa-maria\/llaryora-presento-con-vos-un-programa-para-prevenir-la-desvinculacion-escolar\/"},"author":{"name":"Contenidos El Regional","@id":"http:\/\/elregionalvm.com.ar\/noticias-villa-maria\/#\/schema\/person\/a0fb9c422317faca23d50163151bc354"},"headline":"Llaryora present\u00f3 \u201cCon Vos\u201d, un programa para prevenir la desvinculaci\u00f3n escolar","datePublished":"2026-09-04T18:03:51+00:00","dateModified":"2026-09-04T18:03:53+00:00","mainEntityOfPage":{"@id":"https:\/\/elregionalvm.com.ar\/noticias-villa-maria\/llaryora-presento-con-vos-un-programa-para-prevenir-la-desvinculacion-escolar\/"},"wordCount":198,"commentCount":0,"image":{"@id":"https:\/\/elregionalvm.com.ar\/noticias-villa-maria\/llaryora-presento-con-vos-un-programa-para-prevenir-la-desvinculacion-escolar\/#primaryimage"},"thumbnailUrl":"https:\/\/i0.wp.com\/elregionalvm.com.ar\/noticias-villa-maria\/wp-content\/uploads\/2026\/09\/Llaryora-Con-Vos.jpg?fit=850%2C534&ssl=1","articleSection":["destacado","Provinciales"],"inLanguage":"es","potentialAction":[{"@type":"CommentAction","name":"Comment","target":["https:\/\/elregionalvm.com.ar\/noticias-villa-maria\/llaryora-presento-con-vos-un-programa-para-prevenir-la-desvinculacion-escolar\/#respond"]}]},{"@type":"WebPage","@id":"https:\/\/elregionalvm.com.ar\/noticias-villa-maria\/llaryora-presento-con-vos-un-programa-para-prevenir-la-desvinculacion-escolar\/","url":"https:\/\/elregionalvm.com.ar\/noticias-villa-maria\/llaryora-presento-con-vos-un-programa-para-prevenir-la-desvinculacion-escolar\/","name":"Llaryora present\u00f3 \u201cCon Vos\u201d, un programa para prevenir la desvinculaci\u00f3n escolar - El Regional","isPartOf":{"@id":"http:\/\/elregionalvm.com.ar\/noticias-villa-maria\/#website"},"primaryImageOfPage":{"@id":"https:\/\/elregionalvm.com.ar\/noticias-villa-maria\/llaryora-presento-con-vos-un-programa-para-prevenir-la-desvinculacion-escolar\/#primaryimage"},"image":{"@id":"https:\/\/elregionalvm.com.ar\/noticias-villa-maria\/llaryora-presento-con-vos-un-programa-para-prevenir-la-desvinculacion-escolar\/#primaryimage"},"thumbnailUrl":"https:\/\/i0.wp.com\/elregionalvm.com.ar\/noticias-villa-maria\/wp-content\/uploads\/2026\/09\/Llaryora-Con-Vos.jpg?fit=850%2C534&ssl=1","datePublished":"2026-09-04T18:03:51+00:00","dateModified":"2026-09-04T18:03:53+00:00","author":{"@id":"http:\/\/elregionalvm.com.ar\/noticias-villa-maria\/#\/schema\/person\/a0fb9c422317faca23d50163151bc354"},"breadcrumb":{"@id":"https:\/\/elregionalvm.com.ar\/noticias-villa-maria\/llaryora-presento-con-vos-un-programa-para-prevenir-la-desvinculacion-escolar\/#breadcrumb"},"inLanguage":"es","potentialAction":[{"@type":"ReadAction","target":["https:\/\/elregionalvm.com.ar\/noticias-villa-maria\/llaryora-presento-con-vos-un-programa-para-prevenir-la-desvinculacion-escolar\/"]}]},{"@type":"ImageObject","inLanguage":"es","@id":"https:\/\/elregionalvm.com.ar\/noticias-villa-maria\/llaryora-presento-con-vos-un-programa-para-prevenir-la-desvinculacion-escolar\/#primaryimage","url":"https:\/\/i0.wp.com\/elregionalvm.com.ar\/noticias-villa-maria\/wp-content\/uploads\/2026\/09\/Llaryora-Con-Vos.jpg?fit=850%2C534&ssl=1","contentUrl":"https:\/\/i0.wp.com\/elregionalvm.com.ar\/noticias-villa-maria\/wp-content\/uploads\/2026\/09\/Llaryora-Con-Vos.jpg?fit=850%2C534&ssl=1","width":850,"height":534},{"@type":"BreadcrumbList","@id":"https:\/\/elregionalvm.com.ar\/noticias-villa-maria\/llaryora-presento-con-vos-un-programa-para-prevenir-la-desvinculacion-escolar\/#breadcrumb","itemListElement":[{"@type":"ListItem","position":1,"name":"Portada","item":"https:\/\/elregionalvm.com.ar\/noticias-villa-maria\/"},{"@type":"ListItem","position":2,"name":"Llaryora present\u00f3 \u201cCon Vos\u201d, un programa para prevenir la desvinculaci\u00f3n escolar"}]},{"@type":"WebSite","@id":"http:\/\/elregionalvm.com.ar\/noticias-villa-maria\/#website","url":"http:\/\/elregionalvm.com.ar\/noticias-villa-maria\/","name":"El Regional","description":"Mucho m\u00e1s que informaci\u00f3n","potentialAction":[{"@type":"SearchAction","target":{"@type":"EntryPoint","urlTemplate":"http:\/\/elregionalvm.com.ar\/noticias-villa-maria\/?s={search_term_string}"},"query-input":{"@type":"PropertyValueSpecification","valueRequired":true,"valueName":"search_term_string"}}],"inLanguage":"es"},{"@type":"Person","@id":"http:\/\/elregionalvm.com.ar\/noticias-villa-maria\/#\/schema\/person\/a0fb9c422317faca23d50163151bc354","name":"Contenidos El Regional","image":{"@type":"ImageObject","inLanguage":"es","@id":"https:\/\/secure.gravatar.com\/avatar\/265b27cb2209af7bb3a1318f03305787d7981a5cc6e6cd08fe5a4ecdf99d4b48?s=96&d=mm&r=g","url":"https:\/\/secure.gravatar.com\/avatar\/265b27cb2209af7bb3a1318f03305787d7981a5cc6e6cd08fe5a4ecdf99d4b48?s=96&d=mm&r=g","contentUrl":"https:\/\/secure.gravatar.com\/avatar\/265b27cb2209af7bb3a1318f03305787d7981a5cc6e6cd08fe5a4ecdf99d4b48?s=96&d=mm&r=g","caption":"Contenidos El Regional"},"url":"https:\/\/elregionalvm.com.ar\/noticias-villa-maria\/author\/contenido\/"}]}},"jetpack_sharing_enabled":true,"jetpack_featured_media_url":"https:\/\/i0.wp.com\/elregionalvm.com.ar\/noticias-villa-maria\/wp-content\/uploads\/2026\/09\/Llaryora-Con-Vos.jpg?fit=850%2C534&ssl=1","_links":{"self":[{"href":"https:\/\/elregionalvm.com.ar\/noticias-villa-maria\/wp-json\/wp\/v2\/posts\/118422","targetHints":{"allow":["GET"]}}],"collection":[{"href":"https:\/\/elregionalvm.com.ar\/noticias-villa-maria\/wp-json\/wp\/v2\/posts"}],"about":[{"href":"https:\/\/elregionalvm.com.ar\/noticias-villa-maria\/wp-json\/wp\/v2\/types\/post"}],"author":[{"embeddable":true,"href":"https:\/\/elregionalvm.com.ar\/noticias-villa-maria\/wp-json\/wp\/v2\/users\/4"}],"replies":[{"embeddable":true,"href":"https:\/\/elregionalvm.com.ar\/noticias-villa-maria\/wp-json\/wp\/v2\/comments?post=118422"}],"version-history":[{"count":1,"href":"https:\/\/elregionalvm.com.ar\/noticias-villa-maria\/wp-json\/wp\/v2\/posts\/118422\/revisions"}],"predecessor-version":[{"id":118424,"href":"https:\/\/elregionalvm.com.ar\/noticias-villa-maria\/wp-json\/wp\/v2\/posts\/118422\/revisions\/118424"}],"wp:featuredmedia":[{"embeddable":true,"href":"https:\/\/elregionalvm.com.ar\/noticias-villa-maria\/wp-json\/wp\/v2\/media\/118423"}],"wp:attachment":[{"href":"https:\/\/elregionalvm.com.ar\/noticias-villa-maria\/wp-json\/wp\/v2\/media?parent=118422"}],"wp:term":[{"taxonomy":"category","embeddable":true,"href":"https:\/\/elregionalvm.com.ar\/noticias-villa-maria\/wp-json\/wp\/v2\/categories?post=118422"},{"taxonomy":"post_tag","embeddable":true,"href":"https:\/\/elregionalvm.com.ar\/noticias-villa-maria\/wp-json\/wp\/v2\/tags?post=118422"}],"curies":[{"name":"wp","href":"https:\/\/api.w.org\/{rel}","templated":true}]}}