{"id":15726,"date":"2020-05-07T21:58:21","date_gmt":"2020-05-07T21:58:21","guid":{"rendered":"http:\/\/www.elregionalvm.com.ar\/?p=15726"},"modified":"2020-06-16T19:08:34","modified_gmt":"2020-06-16T19:08:34","slug":"ciclon-del-99","status":"publish","type":"post","link":"https:\/\/elregionalvm.com.ar\/noticias-villa-maria\/ciclon-del-99\/","title":{"rendered":"Cicl\u00f3n del 99&#8230;"},"content":{"rendered":"\n\t\t\t\t<![CDATA[\n<p><strong>Escribe: Julio\nBen\u00edtez<\/strong><strong><\/strong><\/p>\n\n\n<p>\u201cEl despertar del martes\n2 de noviembre de 1999, fue muy triste, apenas si el sol nos quiso regalar una\nsonrisa o un consuelo, como queriendo darnos fuerzas para volver a empezar. La\nciudad qued\u00f3 destrozada, desolada, amargamente lastimada.<\/p>\n\n\n<p>El viento del\nlunes nos peg\u00f3 con todo, en todas partes, nos destroz\u00f3 mortalmente miles de\n\u00e1rboles, volte\u00f3 carteles, rompi\u00f3 vidrieras, vol\u00f3 techos. Las fotos muestran el\ndesastre por doquier, por ejemplo la plaza Independencia aparec\u00eda a la vista\nsimple de los vecinos como si fuera un bosque. Y en cada rinc\u00f3n de la ciudad,\nde Villa Nueva y la regi\u00f3n que nos rodea, cada poblador sufri\u00f3 la furia del\nviento muy de cerca. Una tapia ca\u00edda, una antena, un techo, muchos \u00e1rboles en\nla cuadra. <\/p>\n\n\n<p>Las sensaciones\nvividas se fueron, de a poco, soportando, pero al llegar la noche sin luz\u2026 \u00bfQu\u00e9\nhacer? Nada lamentablemente, esperar el amanecer.. Los da\u00f1os materiales en\nnuestra ciudad fueron innumerables, pero el mayor da\u00f1o estall\u00f3 en nuestros\ncorazones al ver esta ma\u00f1ana una ciudad desolada y triste. Cada villamariense\ncedi\u00f3 por la fuerza del viento y muchos coincidimos en afirmar que lo vivido\ndif\u00edcilmente podamos olvidar.<\/p>\n\n\n<p>Quedar\u00e1n para la\nhistoria&nbsp; y en el tiempo, todas las\nim\u00e1genes desoladoras que se destacan del desastre. Solamente en el sector de la\nF\u00e1brica Militar, qued\u00f3 todo obstruido al tr\u00e1nsito, all\u00ed se calcula que cayeron\nunos 400 \u00e1rboles. El sector del Anfiteatro Municipal tambi\u00e9n sufri\u00f3 los embates\ndel viento, lo mismo que en el centro y todos los barrios. Lo raro de la\nsituaci\u00f3n vivida es que el Servicio Meteorol\u00f3gico no haya adelantado lo que\npod\u00eda suceder, ahora con los adelantos tecnol\u00f3gicos que cada fen\u00f3meno natural\nsuele anunciar con exactitud.<\/p>\n\n\n<p>Los Bomberos\nVoluntarios de nuestra ciudad, tuvieron esa noche m\u00e1s de 400 llamadas y\ntrabajaron haciendo un gran esfuerzo, con 80 efectivos y todas sus unidades en\nla calle, atendiendo llamados y\/o para prevenir posibles ca\u00eddas de postes,\n\u00e1rboles que quedaron a media ca\u00edda o por alguna tapia por vencer su vertical.\nEntre tantas cosas que produjo el vendaval, y que llam\u00f3 la atenci\u00f3n, fue la\nvoladura del globo de la Plaza de las Am\u00e9ricas, cuyos pedazos llegaron a casi\ndos cuadras.<\/p>\n\n\n<p>La zona de la\ncostanera, de punta a punta, sufri\u00f3 sever\u00edsimos da\u00f1os y qued\u00f3 pr\u00e1cticamente\ndesmantelada. Y continuando con la recorrida general, se pudo comprobar que no\nhubo sector de la ciudad y de Villa Nueva que no escaparon del desastre. Un\ngalp\u00f3n lindero al parque Pereira y Dom\u00ednguez no soport\u00f3 la fuerza del viento y\nsus restos cayeron sin ninguna resistencia. En la ciudad cayeron unos 2.000\n\u00e1rboles, muchos de ellos arrancados de ra\u00edz y otros rotos o quebrados, algunos\nten\u00edan m\u00e1s de 20 a\u00f1os de antig\u00fcedad. Es posible que la gran cantidad de \u00e1rboles\nda\u00f1ados fue porque las ra\u00edces sufrieron el ablandamiento por la gran ca\u00edda de\nagua durante dos d\u00edas, de otra forma muchos de ellos podr\u00edan haber quedado de\npie\u201d.<\/p>\n\n\n<p>FUENTE: <em>\u201cEl Diario Especial\u201d del martes 2 de\nnoviembre de 1999<\/em>.<\/p>\n]]>\t\t","protected":false},"excerpt":{"rendered":"<p>\t\t\t\t<![CDATA[]]>\t\t<\/p>\n","protected":false},"author":5,"featured_media":15727,"comment_status":"open","ping_status":"open","sticky":false,"template":"","format":"standard","meta":{"site-sidebar-layout":"default","site-content-layout":"","ast-site-content-layout":"default","site-content-style":"default","site-sidebar-style":"default","ast-global-header-display":"","ast-banner-title-visibility":"","ast-main-header-display":"","ast-hfb-above-header-display":"","ast-hfb-below-header-display":"","ast-hfb-mobile-header-display":"","site-post-title":"","ast-breadcrumbs-content":"","ast-featured-img":"","footer-sml-layout":"","ast-disable-related-posts":"","theme-transparent-header-meta":"","adv-header-id-meta":"","stick-header-meta":"","header-above-stick-meta":"","header-main-stick-meta":"","header-below-stick-meta":"","astra-migrate-meta-layouts":"default","ast-page-background-enabled":"default","ast-page-background-meta":{"desktop":{"background-color":"","background-image":"","background-repeat":"repeat","background-position":"center center","background-size":"auto","background-attachment":"scroll","background-type":"","background-media":"","overlay-type":"","overlay-color":"","overlay-opacity":"","overlay-gradient":""},"tablet":{"background-color":"","background-image":"","background-repeat":"repeat","background-position":"center center","background-size":"auto","background-attachment":"scroll","background-type":"","background-media":"","overlay-type":"","overlay-color":"","overlay-opacity":"","overlay-gradient":""},"mobile":{"background-color":"","background-image":"","background-repeat":"repeat","background-position":"center center","background-size":"auto","background-attachment":"scroll","background-type":"","background-media":"","overlay-type":"","overlay-color":"","overlay-opacity":"","overlay-gradient":""}},"ast-content-background-meta":{"desktop":{"background-color":"var(--ast-global-color-5)","background-image":"","background-repeat":"repeat","background-position":"center center","background-size":"auto","background-attachment":"scroll","background-type":"","background-media":"","overlay-type":"","overlay-color":"","overlay-opacity":"","overlay-gradient":""},"tablet":{"background-color":"var(--ast-global-color-5)","background-image":"","background-repeat":"repeat","background-position":"center center","background-size":"auto","background-attachment":"scroll","background-type":"","background-media":"","overlay-type":"","overlay-color":"","overlay-opacity":"","overlay-gradient":""},"mobile":{"background-color":"var(--ast-global-color-5)","background-image":"","background-repeat":"repeat","background-position":"center center","background-size":"auto","background-attachment":"scroll","background-type":"","background-media":"","overlay-type":"","overlay-color":"","overlay-opacity":"","overlay-gradient":""}},"_jetpack_memberships_contains_paid_content":false,"_joinchat":[],"footnotes":""},"categories":[2098],"tags":[],"class_list":["post-15726","post","type-post","status-publish","format-standard","has-post-thumbnail","hentry","category-historias"],"yoast_head":"<!-- This site is optimized with the Yoast SEO plugin v26.8 - https:\/\/yoast.com\/product\/yoast-seo-wordpress\/ -->\n<title>Cicl\u00f3n del 99... - El Regional<\/title>\n<meta name=\"robots\" content=\"index, follow, max-snippet:-1, max-image-preview:large, max-video-preview:-1\" \/>\n<link rel=\"canonical\" href=\"http:\/\/elregionalvm.com.ar\/noticias-villa-maria\/ciclon-del-99\/\" \/>\n<meta property=\"og:locale\" content=\"es_ES\" \/>\n<meta property=\"og:type\" content=\"article\" \/>\n<meta property=\"og:title\" content=\"Cicl\u00f3n del 99... - El Regional\" \/>\n<meta property=\"og:url\" content=\"http:\/\/elregionalvm.com.ar\/noticias-villa-maria\/ciclon-del-99\/\" \/>\n<meta property=\"og:site_name\" content=\"El Regional\" \/>\n<meta property=\"article:publisher\" content=\"https:\/\/www.facebook.com\/elregionalvm\" \/>\n<meta property=\"article:published_time\" content=\"2020-05-07T21:58:21+00:00\" \/>\n<meta property=\"article:modified_time\" content=\"2020-06-16T19:08:34+00:00\" \/>\n<meta name=\"author\" content=\"Miguel Andreis\" \/>\n<meta name=\"twitter:card\" content=\"summary_large_image\" \/>\n<meta name=\"twitter:creator\" content=\"@elregionalvm1\" \/>\n<meta name=\"twitter:site\" content=\"@elregionalvm1\" \/>\n<meta name=\"twitter:label1\" content=\"Escrito por\" \/>\n\t<meta name=\"twitter:data1\" content=\"Miguel Andreis\" \/>\n\t<meta name=\"twitter:label2\" content=\"Tiempo de lectura\" \/>\n\t<meta name=\"twitter:data2\" content=\"3 minutos\" \/>\n<script type=\"application\/ld+json\" class=\"yoast-schema-graph\">{\"@context\":\"https:\/\/schema.org\",\"@graph\":[{\"@type\":\"Article\",\"@id\":\"http:\/\/elregionalvm.com.ar\/noticias-villa-maria\/ciclon-del-99\/#article\",\"isPartOf\":{\"@id\":\"http:\/\/elregionalvm.com.ar\/noticias-villa-maria\/ciclon-del-99\/\"},\"author\":{\"name\":\"Miguel Andreis\",\"@id\":\"http:\/\/elregionalvm.com.ar\/noticias-villa-maria\/#\/schema\/person\/df5ff3f005acf29788aed9cb359f1193\"},\"headline\":\"Cicl\u00f3n del 99&#8230;\",\"datePublished\":\"2020-05-07T21:58:21+00:00\",\"dateModified\":\"2020-06-16T19:08:34+00:00\",\"mainEntityOfPage\":{\"@id\":\"http:\/\/elregionalvm.com.ar\/noticias-villa-maria\/ciclon-del-99\/\"},\"wordCount\":537,\"commentCount\":0,\"image\":{\"@id\":\"http:\/\/elregionalvm.com.ar\/noticias-villa-maria\/ciclon-del-99\/#primaryimage\"},\"thumbnailUrl\":\"\",\"articleSection\":[\"Historias\"],\"inLanguage\":\"es\",\"potentialAction\":[{\"@type\":\"CommentAction\",\"name\":\"Comment\",\"target\":[\"http:\/\/elregionalvm.com.ar\/noticias-villa-maria\/ciclon-del-99\/#respond\"]}]},{\"@type\":\"WebPage\",\"@id\":\"http:\/\/elregionalvm.com.ar\/noticias-villa-maria\/ciclon-del-99\/\",\"url\":\"http:\/\/elregionalvm.com.ar\/noticias-villa-maria\/ciclon-del-99\/\",\"name\":\"Cicl\u00f3n del 99... - El Regional\",\"isPartOf\":{\"@id\":\"http:\/\/elregionalvm.com.ar\/noticias-villa-maria\/#website\"},\"primaryImageOfPage\":{\"@id\":\"http:\/\/elregionalvm.com.ar\/noticias-villa-maria\/ciclon-del-99\/#primaryimage\"},\"image\":{\"@id\":\"http:\/\/elregionalvm.com.ar\/noticias-villa-maria\/ciclon-del-99\/#primaryimage\"},\"thumbnailUrl\":\"\",\"datePublished\":\"2020-05-07T21:58:21+00:00\",\"dateModified\":\"2020-06-16T19:08:34+00:00\",\"author\":{\"@id\":\"http:\/\/elregionalvm.com.ar\/noticias-villa-maria\/#\/schema\/person\/df5ff3f005acf29788aed9cb359f1193\"},\"breadcrumb\":{\"@id\":\"http:\/\/elregionalvm.com.ar\/noticias-villa-maria\/ciclon-del-99\/#breadcrumb\"},\"inLanguage\":\"es\",\"potentialAction\":[{\"@type\":\"ReadAction\",\"target\":[\"http:\/\/elregionalvm.com.ar\/noticias-villa-maria\/ciclon-del-99\/\"]}]},{\"@type\":\"ImageObject\",\"inLanguage\":\"es\",\"@id\":\"http:\/\/elregionalvm.com.ar\/noticias-villa-maria\/ciclon-del-99\/#primaryimage\",\"url\":\"\",\"contentUrl\":\"\"},{\"@type\":\"BreadcrumbList\",\"@id\":\"http:\/\/elregionalvm.com.ar\/noticias-villa-maria\/ciclon-del-99\/#breadcrumb\",\"itemListElement\":[{\"@type\":\"ListItem\",\"position\":1,\"name\":\"Portada\",\"item\":\"https:\/\/elregionalvm.com.ar\/noticias-villa-maria\/\"},{\"@type\":\"ListItem\",\"position\":2,\"name\":\"Cicl\u00f3n del 99&#8230;\"}]},{\"@type\":\"WebSite\",\"@id\":\"http:\/\/elregionalvm.com.ar\/noticias-villa-maria\/#website\",\"url\":\"http:\/\/elregionalvm.com.ar\/noticias-villa-maria\/\",\"name\":\"El Regional\",\"description\":\"Mucho m\u00e1s que informaci\u00f3n\",\"potentialAction\":[{\"@type\":\"SearchAction\",\"target\":{\"@type\":\"EntryPoint\",\"urlTemplate\":\"http:\/\/elregionalvm.com.ar\/noticias-villa-maria\/?s={search_term_string}\"},\"query-input\":{\"@type\":\"PropertyValueSpecification\",\"valueRequired\":true,\"valueName\":\"search_term_string\"}}],\"inLanguage\":\"es\"},{\"@type\":\"Person\",\"@id\":\"http:\/\/elregionalvm.com.ar\/noticias-villa-maria\/#\/schema\/person\/df5ff3f005acf29788aed9cb359f1193\",\"name\":\"Miguel Andreis\",\"image\":{\"@type\":\"ImageObject\",\"inLanguage\":\"es\",\"@id\":\"http:\/\/elregionalvm.com.ar\/noticias-villa-maria\/#\/schema\/person\/image\/\",\"url\":\"https:\/\/secure.gravatar.com\/avatar\/c643381cd03da38327c6407e6886e7182d881f2ecf94a7902ca262c41f9d8884?s=96&d=mm&r=g\",\"contentUrl\":\"https:\/\/secure.gravatar.com\/avatar\/c643381cd03da38327c6407e6886e7182d881f2ecf94a7902ca262c41f9d8884?s=96&d=mm&r=g\",\"caption\":\"Miguel Andreis\"},\"url\":\"https:\/\/elregionalvm.com.ar\/noticias-villa-maria\/author\/miguelandreis\/\"}]}<\/script>\n<!-- \/ Yoast SEO plugin. -->","yoast_head_json":{"title":"Cicl\u00f3n del 99... - El Regional","robots":{"index":"index","follow":"follow","max-snippet":"max-snippet:-1","max-image-preview":"max-image-preview:large","max-video-preview":"max-video-preview:-1"},"canonical":"http:\/\/elregionalvm.com.ar\/noticias-villa-maria\/ciclon-del-99\/","og_locale":"es_ES","og_type":"article","og_title":"Cicl\u00f3n del 99... - El Regional","og_url":"http:\/\/elregionalvm.com.ar\/noticias-villa-maria\/ciclon-del-99\/","og_site_name":"El Regional","article_publisher":"https:\/\/www.facebook.com\/elregionalvm","article_published_time":"2020-05-07T21:58:21+00:00","article_modified_time":"2020-06-16T19:08:34+00:00","author":"Miguel Andreis","twitter_card":"summary_large_image","twitter_creator":"@elregionalvm1","twitter_site":"@elregionalvm1","twitter_misc":{"Escrito por":"Miguel Andreis","Tiempo de lectura":"3 minutos"},"schema":{"@context":"https:\/\/schema.org","@graph":[{"@type":"Article","@id":"http:\/\/elregionalvm.com.ar\/noticias-villa-maria\/ciclon-del-99\/#article","isPartOf":{"@id":"http:\/\/elregionalvm.com.ar\/noticias-villa-maria\/ciclon-del-99\/"},"author":{"name":"Miguel Andreis","@id":"http:\/\/elregionalvm.com.ar\/noticias-villa-maria\/#\/schema\/person\/df5ff3f005acf29788aed9cb359f1193"},"headline":"Cicl\u00f3n del 99&#8230;","datePublished":"2020-05-07T21:58:21+00:00","dateModified":"2020-06-16T19:08:34+00:00","mainEntityOfPage":{"@id":"http:\/\/elregionalvm.com.ar\/noticias-villa-maria\/ciclon-del-99\/"},"wordCount":537,"commentCount":0,"image":{"@id":"http:\/\/elregionalvm.com.ar\/noticias-villa-maria\/ciclon-del-99\/#primaryimage"},"thumbnailUrl":"","articleSection":["Historias"],"inLanguage":"es","potentialAction":[{"@type":"CommentAction","name":"Comment","target":["http:\/\/elregionalvm.com.ar\/noticias-villa-maria\/ciclon-del-99\/#respond"]}]},{"@type":"WebPage","@id":"http:\/\/elregionalvm.com.ar\/noticias-villa-maria\/ciclon-del-99\/","url":"http:\/\/elregionalvm.com.ar\/noticias-villa-maria\/ciclon-del-99\/","name":"Cicl\u00f3n del 99... - El Regional","isPartOf":{"@id":"http:\/\/elregionalvm.com.ar\/noticias-villa-maria\/#website"},"primaryImageOfPage":{"@id":"http:\/\/elregionalvm.com.ar\/noticias-villa-maria\/ciclon-del-99\/#primaryimage"},"image":{"@id":"http:\/\/elregionalvm.com.ar\/noticias-villa-maria\/ciclon-del-99\/#primaryimage"},"thumbnailUrl":"","datePublished":"2020-05-07T21:58:21+00:00","dateModified":"2020-06-16T19:08:34+00:00","author":{"@id":"http:\/\/elregionalvm.com.ar\/noticias-villa-maria\/#\/schema\/person\/df5ff3f005acf29788aed9cb359f1193"},"breadcrumb":{"@id":"http:\/\/elregionalvm.com.ar\/noticias-villa-maria\/ciclon-del-99\/#breadcrumb"},"inLanguage":"es","potentialAction":[{"@type":"ReadAction","target":["http:\/\/elregionalvm.com.ar\/noticias-villa-maria\/ciclon-del-99\/"]}]},{"@type":"ImageObject","inLanguage":"es","@id":"http:\/\/elregionalvm.com.ar\/noticias-villa-maria\/ciclon-del-99\/#primaryimage","url":"","contentUrl":""},{"@type":"BreadcrumbList","@id":"http:\/\/elregionalvm.com.ar\/noticias-villa-maria\/ciclon-del-99\/#breadcrumb","itemListElement":[{"@type":"ListItem","position":1,"name":"Portada","item":"https:\/\/elregionalvm.com.ar\/noticias-villa-maria\/"},{"@type":"ListItem","position":2,"name":"Cicl\u00f3n del 99&#8230;"}]},{"@type":"WebSite","@id":"http:\/\/elregionalvm.com.ar\/noticias-villa-maria\/#website","url":"http:\/\/elregionalvm.com.ar\/noticias-villa-maria\/","name":"El Regional","description":"Mucho m\u00e1s que informaci\u00f3n","potentialAction":[{"@type":"SearchAction","target":{"@type":"EntryPoint","urlTemplate":"http:\/\/elregionalvm.com.ar\/noticias-villa-maria\/?s={search_term_string}"},"query-input":{"@type":"PropertyValueSpecification","valueRequired":true,"valueName":"search_term_string"}}],"inLanguage":"es"},{"@type":"Person","@id":"http:\/\/elregionalvm.com.ar\/noticias-villa-maria\/#\/schema\/person\/df5ff3f005acf29788aed9cb359f1193","name":"Miguel Andreis","image":{"@type":"ImageObject","inLanguage":"es","@id":"http:\/\/elregionalvm.com.ar\/noticias-villa-maria\/#\/schema\/person\/image\/","url":"https:\/\/secure.gravatar.com\/avatar\/c643381cd03da38327c6407e6886e7182d881f2ecf94a7902ca262c41f9d8884?s=96&d=mm&r=g","contentUrl":"https:\/\/secure.gravatar.com\/avatar\/c643381cd03da38327c6407e6886e7182d881f2ecf94a7902ca262c41f9d8884?s=96&d=mm&r=g","caption":"Miguel Andreis"},"url":"https:\/\/elregionalvm.com.ar\/noticias-villa-maria\/author\/miguelandreis\/"}]}},"jetpack_featured_media_url":"","jetpack_sharing_enabled":true,"_links":{"self":[{"href":"https:\/\/elregionalvm.com.ar\/noticias-villa-maria\/wp-json\/wp\/v2\/posts\/15726","targetHints":{"allow":["GET"]}}],"collection":[{"href":"https:\/\/elregionalvm.com.ar\/noticias-villa-maria\/wp-json\/wp\/v2\/posts"}],"about":[{"href":"https:\/\/elregionalvm.com.ar\/noticias-villa-maria\/wp-json\/wp\/v2\/types\/post"}],"author":[{"embeddable":true,"href":"https:\/\/elregionalvm.com.ar\/noticias-villa-maria\/wp-json\/wp\/v2\/users\/5"}],"replies":[{"embeddable":true,"href":"https:\/\/elregionalvm.com.ar\/noticias-villa-maria\/wp-json\/wp\/v2\/comments?post=15726"}],"version-history":[{"count":1,"href":"https:\/\/elregionalvm.com.ar\/noticias-villa-maria\/wp-json\/wp\/v2\/posts\/15726\/revisions"}],"predecessor-version":[{"id":18127,"href":"https:\/\/elregionalvm.com.ar\/noticias-villa-maria\/wp-json\/wp\/v2\/posts\/15726\/revisions\/18127"}],"wp:featuredmedia":[{"embeddable":true,"href":"https:\/\/elregionalvm.com.ar\/noticias-villa-maria\/wp-json\/"}],"wp:attachment":[{"href":"https:\/\/elregionalvm.com.ar\/noticias-villa-maria\/wp-json\/wp\/v2\/media?parent=15726"}],"wp:term":[{"taxonomy":"category","embeddable":true,"href":"https:\/\/elregionalvm.com.ar\/noticias-villa-maria\/wp-json\/wp\/v2\/categories?post=15726"},{"taxonomy":"post_tag","embeddable":true,"href":"https:\/\/elregionalvm.com.ar\/noticias-villa-maria\/wp-json\/wp\/v2\/tags?post=15726"}],"curies":[{"name":"wp","href":"https:\/\/api.w.org\/{rel}","templated":true}]}}