{"id":15800,"date":"2020-05-11T00:14:07","date_gmt":"2020-05-11T00:14:07","guid":{"rendered":"http:\/\/www.elregionalvm.com.ar\/?p=15800"},"modified":"2020-06-25T23:14:02","modified_gmt":"2020-06-25T23:14:02","slug":"coronavirus-investigadores-cordobeses-a-la-vanguardia-en-la-lucha-contra-covid-19","status":"publish","type":"post","link":"https:\/\/elregionalvm.com.ar\/noticias-villa-maria\/coronavirus-investigadores-cordobeses-a-la-vanguardia-en-la-lucha-contra-covid-19\/","title":{"rendered":"Coronavirus: \u00bf\u201cInvestigadores cordobeses a  la vanguardia en la lucha contra COVID 19\u201d?"},"content":{"rendered":"<p><!--[CDATA[\n<\/p--><\/p>\n\n\n<p><strong>Luarprofeno\u2026 Un medicamento que puede hacer historia<\/strong><\/p>\n\n\n\n<p><strong>Escribe: M.A<\/strong><\/p>\n\n\n\n<p>El domingo 10, por la ma\u00f1ana en el programa de la Centro\n-99.3, \u201cLa Rebeli\u00f3n de los viejos\u201d, se entrevist\u00f3 al Ministro de Ciencia y\nTecnolog\u00eda de la Provincia el Ingeniero Pablo De Chiara (foto). El \u00e1rea\ninvestigativa en salud que est\u00e1 bajo su \u00f3rbita dio a conocer un novedoso\ndescubrimiento, que podr\u00eda ser un punto de inflexi\u00f3n en la cura del COVID 19\n(Coronavirus). Sucede que dos videos con voces de cient\u00edficos, recorr\u00edan las\nredes sociales del pa\u00eds mientras los grandes medios nacionales casi no hac\u00edan\nreferencia a la tem\u00e1tica. De Chiara indic\u00f3 que efectivamente lo que se indicaba,\nera real.&nbsp; <\/p>\n\n\n\n<p><strong>Una\npropuesta entre lo p\u00fablico y lo privado<\/strong><\/p>\n\n\n\n<p>M\u00e1s adelante explic\u00f3 que \u201cse viene trabajando\nconjuntamente a trav\u00e9s del CEPROCOR y el CONICET, m\u00e1s un laboratorio privado,\nQu\u00edmica Luar. En una acci\u00f3n colaborativa entre el Gobierno de C\u00f3rdoba,\ncient\u00edficos locales y el aporte de empresarios farmac\u00e9uticos, quienes desarrollaron\na\u00f1os atr\u00e1s un tratamiento que se aplicaba para otras afecciones pulmonares y\nque hoy podr\u00eda funcionar para mejorar los cuadros del Covid-19\u201d<\/p>\n\n\n\n<p>En el mismo orden explic\u00f3 que se trata f\u00f3rmula que\ncontiene \u201cibuprofeno, una droga que no es disoluble en agua, pero que los\ninvestigadores lograron transformarla, creando as\u00ed una soluci\u00f3n con alta\nconcentraci\u00f3n de sal que se coloca en nebulizadores especiales y se somete a\nlos pacientes a un tratamiento. Sus propiedades tienen capacidades mucol\u00edticas.\nEs muy eficiente en patolog\u00edas pulmonares como epoc y fibrosis qu\u00edstica\u201d, remarc\u00f3.<\/p>\n\n\n\n<p><strong>Las pruebas muestran su\neficacia<\/strong><\/p>\n\n\n\n<p>\u201cYa se la prob\u00f3 con resultados marcadamente positivos en\nnueve pacientes con Covid-19. Los mismos mejoraron su cuadro respiratorio y\nfueron negativizados en cinco d\u00edas\u201d.<\/p>\n\n\n\n<p>No ocult\u00f3 el entusiasmo que se ha generado en el marco de\nla investigaci\u00f3n, por estas horas ya se ha comenzado con 40 infectados en el\nHospital San Roque. Un material m\u00e1s que interesante para frenar dicho flagelo.\nNo obstante, expuso que \u201csi bien es una informaci\u00f3n altamente relevante,\ndebemos ir paso a paso, en esto las evidencias son fundamentales para de esa\nforma aplicarlo con todos los protocolos pertinentes\u201d. <\/p>\n\n\n\n<p>Se\u00f1alando adem\u00e1s que \u201ctal iniciativa nace de un proyecto\ninvestigativo del \u00e1rea de Biociencias del doctor Dante Beltramo y la doctora\nRoxana Alasino. Hay una gran vocaci\u00f3n de transferir conocimiento y unir el\ncapital investigativo por parte del Estado\u201d, sentenci\u00f3 el ministro.<\/p>\n\n\n\n<p>Por una resoluci\u00f3n del Gobierno se implement\u00f3 un formulismo\nde uso compasivo ampliado que, permiti\u00f3 este tratamiento con un test externo.<\/p>\n\n\n\n<p>\u201cLos pacientes han mejorado no solo su cuadro qu\u00edmico, si\nno algunos lograron una negativizaci\u00f3n temprana. Antes de los siete d\u00edas,\nmostraron mejoras en sus cuadros\u201d, explic\u00f3.<\/p>\n\n\n\n<p>Este avance fue presentado oficialmente el pasado jueves\n7 del corriente, en el ministerio de Ciencia y Tecnolog\u00eda de C\u00f3rdoba, \u201cTodas\nlas investigaciones con sus respectivos resultados est\u00e1n ya en manos del Anmat,\nque es el \u00e1rea responsable de hacer un seguimiento para luego otorgarle la\nfacultad de su uso ya verificada su eficacia\u201d<\/p>\n\n\n\n<p>\u201cHay que seguir probando. Todo nos hace presumir que\nvamos por un muy buen camino y que el producto cordob\u00e9s, apoyado totalmente por\nel Gobierno de Juan Schiaretti, marcar\u00e1 un antes y un despu\u00e9s para el coronavirus\u201d<\/p>\n\n\n\n<p><strong>www.elregionalvm.com.ar<\/strong><\/p>\n\n\n\n<p><\/p>\n\n\n<p>]]&gt;<\/p>","protected":false},"excerpt":{"rendered":"<p>Luarprofeno\u2026 Un medicamento que puede hacer historia Escribe: M.A El domingo 10, por la ma\u00f1ana en el programa de la Centro -99.3, \u201cLa Rebeli\u00f3n de los viejos\u201d, se entrevist\u00f3 al Ministro de Ciencia y Tecnolog\u00eda de la Provincia el Ingeniero Pablo De Chiara (foto). El \u00e1rea investigativa en salud que est\u00e1 bajo su \u00f3rbita dio [&hellip;]<\/p>\n","protected":false},"author":5,"featured_media":0,"comment_status":"open","ping_status":"open","sticky":false,"template":"","format":"standard","meta":{"site-sidebar-layout":"default","site-content-layout":"default","ast-site-content-layout":"default","site-content-style":"default","site-sidebar-style":"default","ast-global-header-display":"","ast-banner-title-visibility":"","ast-main-header-display":"","ast-hfb-above-header-display":"","ast-hfb-below-header-display":"","ast-hfb-mobile-header-display":"","site-post-title":"","ast-breadcrumbs-content":"","ast-featured-img":"","footer-sml-layout":"","ast-disable-related-posts":"","theme-transparent-header-meta":"default","adv-header-id-meta":"","stick-header-meta":"","header-above-stick-meta":"","header-main-stick-meta":"","header-below-stick-meta":"","astra-migrate-meta-layouts":"default","ast-page-background-enabled":"default","ast-page-background-meta":{"desktop":{"background-color":"","background-image":"","background-repeat":"repeat","background-position":"center center","background-size":"auto","background-attachment":"scroll","background-type":"","background-media":"","overlay-type":"","overlay-color":"","overlay-opacity":"","overlay-gradient":""},"tablet":{"background-color":"","background-image":"","background-repeat":"repeat","background-position":"center center","background-size":"auto","background-attachment":"scroll","background-type":"","background-media":"","overlay-type":"","overlay-color":"","overlay-opacity":"","overlay-gradient":""},"mobile":{"background-color":"","background-image":"","background-repeat":"repeat","background-position":"center center","background-size":"auto","background-attachment":"scroll","background-type":"","background-media":"","overlay-type":"","overlay-color":"","overlay-opacity":"","overlay-gradient":""}},"ast-content-background-meta":{"desktop":{"background-color":"var(--ast-global-color-5)","background-image":"","background-repeat":"repeat","background-position":"center center","background-size":"auto","background-attachment":"scroll","background-type":"","background-media":"","overlay-type":"","overlay-color":"","overlay-opacity":"","overlay-gradient":""},"tablet":{"background-color":"var(--ast-global-color-5)","background-image":"","background-repeat":"repeat","background-position":"center center","background-size":"auto","background-attachment":"scroll","background-type":"","background-media":"","overlay-type":"","overlay-color":"","overlay-opacity":"","overlay-gradient":""},"mobile":{"background-color":"var(--ast-global-color-5)","background-image":"","background-repeat":"repeat","background-position":"center center","background-size":"auto","background-attachment":"scroll","background-type":"","background-media":"","overlay-type":"","overlay-color":"","overlay-opacity":"","overlay-gradient":""}},"_jetpack_memberships_contains_paid_content":false,"_joinchat":[],"footnotes":""},"categories":[2256,5],"tags":[2150],"class_list":["post-15800","post","type-post","status-publish","format-standard","hentry","category-coronavirus","category-sociedad","tag-luarprofeno-medicamento-que-puede-hacer-historia"],"yoast_head":"<!-- This site is optimized with the Yoast SEO plugin v26.8 - https:\/\/yoast.com\/product\/yoast-seo-wordpress\/ -->\n<title>Coronavirus: \u00bf\u201cInvestigadores cordobeses a la vanguardia en la lucha contra COVID 19\u201d? - El Regional<\/title>\n<meta name=\"robots\" content=\"index, follow, max-snippet:-1, max-image-preview:large, max-video-preview:-1\" \/>\n<link rel=\"canonical\" href=\"http:\/\/elregionalvm.com.ar\/noticias-villa-maria\/coronavirus-investigadores-cordobeses-a-la-vanguardia-en-la-lucha-contra-covid-19\/\" \/>\n<meta property=\"og:locale\" content=\"es_ES\" \/>\n<meta property=\"og:type\" content=\"article\" \/>\n<meta property=\"og:title\" content=\"Coronavirus: \u00bf\u201cInvestigadores cordobeses a la vanguardia en la lucha contra COVID 19\u201d? - El Regional\" \/>\n<meta property=\"og:description\" content=\"Luarprofeno\u2026 Un medicamento que puede hacer historia Escribe: M.A El domingo 10, por la ma\u00f1ana en el programa de la Centro -99.3, \u201cLa Rebeli\u00f3n de los viejos\u201d, se entrevist\u00f3 al Ministro de Ciencia y Tecnolog\u00eda de la Provincia el Ingeniero Pablo De Chiara (foto). El \u00e1rea investigativa en salud que est\u00e1 bajo su \u00f3rbita dio [&hellip;]\" \/>\n<meta property=\"og:url\" content=\"http:\/\/elregionalvm.com.ar\/noticias-villa-maria\/coronavirus-investigadores-cordobeses-a-la-vanguardia-en-la-lucha-contra-covid-19\/\" \/>\n<meta property=\"og:site_name\" content=\"El Regional\" \/>\n<meta property=\"article:publisher\" content=\"https:\/\/www.facebook.com\/elregionalvm\" \/>\n<meta property=\"article:published_time\" content=\"2020-05-11T00:14:07+00:00\" \/>\n<meta property=\"article:modified_time\" content=\"2020-06-25T23:14:02+00:00\" \/>\n<meta property=\"og:image\" content=\"http:\/\/elregionalvm.com.ar\/noticias-villa-maria\/wp-content\/uploads\/2020\/05\/De-Chiara-ministro-de-Ciencia-y-Tecnolog\u00eda.gif\" \/>\n\t<meta property=\"og:image:width\" content=\"2500\" \/>\n\t<meta property=\"og:image:height\" content=\"1373\" \/>\n\t<meta property=\"og:image:type\" content=\"image\/gif\" \/>\n<meta name=\"author\" content=\"Miguel Andreis\" \/>\n<meta name=\"twitter:card\" content=\"summary_large_image\" \/>\n<meta name=\"twitter:creator\" content=\"@elregionalvm1\" \/>\n<meta name=\"twitter:site\" content=\"@elregionalvm1\" \/>\n<meta name=\"twitter:label1\" content=\"Escrito por\" \/>\n\t<meta name=\"twitter:data1\" content=\"Miguel Andreis\" \/>\n\t<meta name=\"twitter:label2\" content=\"Tiempo de lectura\" \/>\n\t<meta name=\"twitter:data2\" content=\"3 minutos\" \/>\n<script type=\"application\/ld+json\" class=\"yoast-schema-graph\">{\"@context\":\"https:\/\/schema.org\",\"@graph\":[{\"@type\":\"Article\",\"@id\":\"http:\/\/elregionalvm.com.ar\/noticias-villa-maria\/coronavirus-investigadores-cordobeses-a-la-vanguardia-en-la-lucha-contra-covid-19\/#article\",\"isPartOf\":{\"@id\":\"http:\/\/elregionalvm.com.ar\/noticias-villa-maria\/coronavirus-investigadores-cordobeses-a-la-vanguardia-en-la-lucha-contra-covid-19\/\"},\"author\":{\"name\":\"Miguel Andreis\",\"@id\":\"http:\/\/elregionalvm.com.ar\/noticias-villa-maria\/#\/schema\/person\/df5ff3f005acf29788aed9cb359f1193\"},\"headline\":\"Coronavirus: \u00bf\u201cInvestigadores cordobeses a la vanguardia en la lucha contra COVID 19\u201d?\",\"datePublished\":\"2020-05-11T00:14:07+00:00\",\"dateModified\":\"2020-06-25T23:14:02+00:00\",\"mainEntityOfPage\":{\"@id\":\"http:\/\/elregionalvm.com.ar\/noticias-villa-maria\/coronavirus-investigadores-cordobeses-a-la-vanguardia-en-la-lucha-contra-covid-19\/\"},\"wordCount\":587,\"commentCount\":0,\"keywords\":[\"luarprofeno.- medicamento que puede hacer historia\"],\"articleSection\":[\"Coronavirus\",\"Sociedad\"],\"inLanguage\":\"es\",\"potentialAction\":[{\"@type\":\"CommentAction\",\"name\":\"Comment\",\"target\":[\"http:\/\/elregionalvm.com.ar\/noticias-villa-maria\/coronavirus-investigadores-cordobeses-a-la-vanguardia-en-la-lucha-contra-covid-19\/#respond\"]}]},{\"@type\":\"WebPage\",\"@id\":\"http:\/\/elregionalvm.com.ar\/noticias-villa-maria\/coronavirus-investigadores-cordobeses-a-la-vanguardia-en-la-lucha-contra-covid-19\/\",\"url\":\"http:\/\/elregionalvm.com.ar\/noticias-villa-maria\/coronavirus-investigadores-cordobeses-a-la-vanguardia-en-la-lucha-contra-covid-19\/\",\"name\":\"Coronavirus: \u00bf\u201cInvestigadores cordobeses a la vanguardia en la lucha contra COVID 19\u201d? - El Regional\",\"isPartOf\":{\"@id\":\"http:\/\/elregionalvm.com.ar\/noticias-villa-maria\/#website\"},\"datePublished\":\"2020-05-11T00:14:07+00:00\",\"dateModified\":\"2020-06-25T23:14:02+00:00\",\"author\":{\"@id\":\"http:\/\/elregionalvm.com.ar\/noticias-villa-maria\/#\/schema\/person\/df5ff3f005acf29788aed9cb359f1193\"},\"breadcrumb\":{\"@id\":\"http:\/\/elregionalvm.com.ar\/noticias-villa-maria\/coronavirus-investigadores-cordobeses-a-la-vanguardia-en-la-lucha-contra-covid-19\/#breadcrumb\"},\"inLanguage\":\"es\",\"potentialAction\":[{\"@type\":\"ReadAction\",\"target\":[\"http:\/\/elregionalvm.com.ar\/noticias-villa-maria\/coronavirus-investigadores-cordobeses-a-la-vanguardia-en-la-lucha-contra-covid-19\/\"]}]},{\"@type\":\"BreadcrumbList\",\"@id\":\"http:\/\/elregionalvm.com.ar\/noticias-villa-maria\/coronavirus-investigadores-cordobeses-a-la-vanguardia-en-la-lucha-contra-covid-19\/#breadcrumb\",\"itemListElement\":[{\"@type\":\"ListItem\",\"position\":1,\"name\":\"Portada\",\"item\":\"https:\/\/elregionalvm.com.ar\/noticias-villa-maria\/\"},{\"@type\":\"ListItem\",\"position\":2,\"name\":\"Coronavirus: \u00bf\u201cInvestigadores cordobeses a la vanguardia en la lucha contra COVID 19\u201d?\"}]},{\"@type\":\"WebSite\",\"@id\":\"http:\/\/elregionalvm.com.ar\/noticias-villa-maria\/#website\",\"url\":\"http:\/\/elregionalvm.com.ar\/noticias-villa-maria\/\",\"name\":\"El Regional\",\"description\":\"Mucho m\u00e1s que informaci\u00f3n\",\"potentialAction\":[{\"@type\":\"SearchAction\",\"target\":{\"@type\":\"EntryPoint\",\"urlTemplate\":\"http:\/\/elregionalvm.com.ar\/noticias-villa-maria\/?s={search_term_string}\"},\"query-input\":{\"@type\":\"PropertyValueSpecification\",\"valueRequired\":true,\"valueName\":\"search_term_string\"}}],\"inLanguage\":\"es\"},{\"@type\":\"Person\",\"@id\":\"http:\/\/elregionalvm.com.ar\/noticias-villa-maria\/#\/schema\/person\/df5ff3f005acf29788aed9cb359f1193\",\"name\":\"Miguel Andreis\",\"image\":{\"@type\":\"ImageObject\",\"inLanguage\":\"es\",\"@id\":\"http:\/\/elregionalvm.com.ar\/noticias-villa-maria\/#\/schema\/person\/image\/\",\"url\":\"https:\/\/secure.gravatar.com\/avatar\/c643381cd03da38327c6407e6886e7182d881f2ecf94a7902ca262c41f9d8884?s=96&d=mm&r=g\",\"contentUrl\":\"https:\/\/secure.gravatar.com\/avatar\/c643381cd03da38327c6407e6886e7182d881f2ecf94a7902ca262c41f9d8884?s=96&d=mm&r=g\",\"caption\":\"Miguel Andreis\"},\"url\":\"https:\/\/elregionalvm.com.ar\/noticias-villa-maria\/author\/miguelandreis\/\"}]}<\/script>\n<!-- \/ Yoast SEO plugin. -->","yoast_head_json":{"title":"Coronavirus: \u00bf\u201cInvestigadores cordobeses a la vanguardia en la lucha contra COVID 19\u201d? - El Regional","robots":{"index":"index","follow":"follow","max-snippet":"max-snippet:-1","max-image-preview":"max-image-preview:large","max-video-preview":"max-video-preview:-1"},"canonical":"http:\/\/elregionalvm.com.ar\/noticias-villa-maria\/coronavirus-investigadores-cordobeses-a-la-vanguardia-en-la-lucha-contra-covid-19\/","og_locale":"es_ES","og_type":"article","og_title":"Coronavirus: \u00bf\u201cInvestigadores cordobeses a la vanguardia en la lucha contra COVID 19\u201d? - El Regional","og_description":"Luarprofeno\u2026 Un medicamento que puede hacer historia Escribe: M.A El domingo 10, por la ma\u00f1ana en el programa de la Centro -99.3, \u201cLa Rebeli\u00f3n de los viejos\u201d, se entrevist\u00f3 al Ministro de Ciencia y Tecnolog\u00eda de la Provincia el Ingeniero Pablo De Chiara (foto). El \u00e1rea investigativa en salud que est\u00e1 bajo su \u00f3rbita dio [&hellip;]","og_url":"http:\/\/elregionalvm.com.ar\/noticias-villa-maria\/coronavirus-investigadores-cordobeses-a-la-vanguardia-en-la-lucha-contra-covid-19\/","og_site_name":"El Regional","article_publisher":"https:\/\/www.facebook.com\/elregionalvm","article_published_time":"2020-05-11T00:14:07+00:00","article_modified_time":"2020-06-25T23:14:02+00:00","og_image":[{"width":2500,"height":1373,"url":"http:\/\/elregionalvm.com.ar\/noticias-villa-maria\/wp-content\/uploads\/2020\/05\/De-Chiara-ministro-de-Ciencia-y-Tecnolog\u00eda.gif","type":"image\/gif"}],"author":"Miguel Andreis","twitter_card":"summary_large_image","twitter_creator":"@elregionalvm1","twitter_site":"@elregionalvm1","twitter_misc":{"Escrito por":"Miguel Andreis","Tiempo de lectura":"3 minutos"},"schema":{"@context":"https:\/\/schema.org","@graph":[{"@type":"Article","@id":"http:\/\/elregionalvm.com.ar\/noticias-villa-maria\/coronavirus-investigadores-cordobeses-a-la-vanguardia-en-la-lucha-contra-covid-19\/#article","isPartOf":{"@id":"http:\/\/elregionalvm.com.ar\/noticias-villa-maria\/coronavirus-investigadores-cordobeses-a-la-vanguardia-en-la-lucha-contra-covid-19\/"},"author":{"name":"Miguel Andreis","@id":"http:\/\/elregionalvm.com.ar\/noticias-villa-maria\/#\/schema\/person\/df5ff3f005acf29788aed9cb359f1193"},"headline":"Coronavirus: \u00bf\u201cInvestigadores cordobeses a la vanguardia en la lucha contra COVID 19\u201d?","datePublished":"2020-05-11T00:14:07+00:00","dateModified":"2020-06-25T23:14:02+00:00","mainEntityOfPage":{"@id":"http:\/\/elregionalvm.com.ar\/noticias-villa-maria\/coronavirus-investigadores-cordobeses-a-la-vanguardia-en-la-lucha-contra-covid-19\/"},"wordCount":587,"commentCount":0,"keywords":["luarprofeno.- medicamento que puede hacer historia"],"articleSection":["Coronavirus","Sociedad"],"inLanguage":"es","potentialAction":[{"@type":"CommentAction","name":"Comment","target":["http:\/\/elregionalvm.com.ar\/noticias-villa-maria\/coronavirus-investigadores-cordobeses-a-la-vanguardia-en-la-lucha-contra-covid-19\/#respond"]}]},{"@type":"WebPage","@id":"http:\/\/elregionalvm.com.ar\/noticias-villa-maria\/coronavirus-investigadores-cordobeses-a-la-vanguardia-en-la-lucha-contra-covid-19\/","url":"http:\/\/elregionalvm.com.ar\/noticias-villa-maria\/coronavirus-investigadores-cordobeses-a-la-vanguardia-en-la-lucha-contra-covid-19\/","name":"Coronavirus: \u00bf\u201cInvestigadores cordobeses a la vanguardia en la lucha contra COVID 19\u201d? - El Regional","isPartOf":{"@id":"http:\/\/elregionalvm.com.ar\/noticias-villa-maria\/#website"},"datePublished":"2020-05-11T00:14:07+00:00","dateModified":"2020-06-25T23:14:02+00:00","author":{"@id":"http:\/\/elregionalvm.com.ar\/noticias-villa-maria\/#\/schema\/person\/df5ff3f005acf29788aed9cb359f1193"},"breadcrumb":{"@id":"http:\/\/elregionalvm.com.ar\/noticias-villa-maria\/coronavirus-investigadores-cordobeses-a-la-vanguardia-en-la-lucha-contra-covid-19\/#breadcrumb"},"inLanguage":"es","potentialAction":[{"@type":"ReadAction","target":["http:\/\/elregionalvm.com.ar\/noticias-villa-maria\/coronavirus-investigadores-cordobeses-a-la-vanguardia-en-la-lucha-contra-covid-19\/"]}]},{"@type":"BreadcrumbList","@id":"http:\/\/elregionalvm.com.ar\/noticias-villa-maria\/coronavirus-investigadores-cordobeses-a-la-vanguardia-en-la-lucha-contra-covid-19\/#breadcrumb","itemListElement":[{"@type":"ListItem","position":1,"name":"Portada","item":"https:\/\/elregionalvm.com.ar\/noticias-villa-maria\/"},{"@type":"ListItem","position":2,"name":"Coronavirus: \u00bf\u201cInvestigadores cordobeses a la vanguardia en la lucha contra COVID 19\u201d?"}]},{"@type":"WebSite","@id":"http:\/\/elregionalvm.com.ar\/noticias-villa-maria\/#website","url":"http:\/\/elregionalvm.com.ar\/noticias-villa-maria\/","name":"El Regional","description":"Mucho m\u00e1s que informaci\u00f3n","potentialAction":[{"@type":"SearchAction","target":{"@type":"EntryPoint","urlTemplate":"http:\/\/elregionalvm.com.ar\/noticias-villa-maria\/?s={search_term_string}"},"query-input":{"@type":"PropertyValueSpecification","valueRequired":true,"valueName":"search_term_string"}}],"inLanguage":"es"},{"@type":"Person","@id":"http:\/\/elregionalvm.com.ar\/noticias-villa-maria\/#\/schema\/person\/df5ff3f005acf29788aed9cb359f1193","name":"Miguel Andreis","image":{"@type":"ImageObject","inLanguage":"es","@id":"http:\/\/elregionalvm.com.ar\/noticias-villa-maria\/#\/schema\/person\/image\/","url":"https:\/\/secure.gravatar.com\/avatar\/c643381cd03da38327c6407e6886e7182d881f2ecf94a7902ca262c41f9d8884?s=96&d=mm&r=g","contentUrl":"https:\/\/secure.gravatar.com\/avatar\/c643381cd03da38327c6407e6886e7182d881f2ecf94a7902ca262c41f9d8884?s=96&d=mm&r=g","caption":"Miguel Andreis"},"url":"https:\/\/elregionalvm.com.ar\/noticias-villa-maria\/author\/miguelandreis\/"}]}},"jetpack_featured_media_url":"","jetpack_sharing_enabled":true,"_links":{"self":[{"href":"https:\/\/elregionalvm.com.ar\/noticias-villa-maria\/wp-json\/wp\/v2\/posts\/15800","targetHints":{"allow":["GET"]}}],"collection":[{"href":"https:\/\/elregionalvm.com.ar\/noticias-villa-maria\/wp-json\/wp\/v2\/posts"}],"about":[{"href":"https:\/\/elregionalvm.com.ar\/noticias-villa-maria\/wp-json\/wp\/v2\/types\/post"}],"author":[{"embeddable":true,"href":"https:\/\/elregionalvm.com.ar\/noticias-villa-maria\/wp-json\/wp\/v2\/users\/5"}],"replies":[{"embeddable":true,"href":"https:\/\/elregionalvm.com.ar\/noticias-villa-maria\/wp-json\/wp\/v2\/comments?post=15800"}],"version-history":[{"count":2,"href":"https:\/\/elregionalvm.com.ar\/noticias-villa-maria\/wp-json\/wp\/v2\/posts\/15800\/revisions"}],"predecessor-version":[{"id":18582,"href":"https:\/\/elregionalvm.com.ar\/noticias-villa-maria\/wp-json\/wp\/v2\/posts\/15800\/revisions\/18582"}],"wp:attachment":[{"href":"https:\/\/elregionalvm.com.ar\/noticias-villa-maria\/wp-json\/wp\/v2\/media?parent=15800"}],"wp:term":[{"taxonomy":"category","embeddable":true,"href":"https:\/\/elregionalvm.com.ar\/noticias-villa-maria\/wp-json\/wp\/v2\/categories?post=15800"},{"taxonomy":"post_tag","embeddable":true,"href":"https:\/\/elregionalvm.com.ar\/noticias-villa-maria\/wp-json\/wp\/v2\/tags?post=15800"}],"curies":[{"name":"wp","href":"https:\/\/api.w.org\/{rel}","templated":true}]}}