{"id":15930,"date":"2020-05-23T00:41:40","date_gmt":"2020-05-23T00:41:40","guid":{"rendered":"http:\/\/www.elregionalvm.com.ar\/?p=15930"},"modified":"2020-06-16T18:49:12","modified_gmt":"2020-06-16T18:49:12","slug":"quienes-aportan-para-jubilarse-tendran-a-quien-cobrarle","status":"publish","type":"post","link":"https:\/\/elregionalvm.com.ar\/noticias-villa-maria\/quienes-aportan-para-jubilarse-tendran-a-quien-cobrarle\/","title":{"rendered":"Quienes aportan para jubilarse:  \u00bfTendr\u00e1n a qui\u00e9n cobrarle?"},"content":{"rendered":"\n\t\t\t\t<![CDATA[\n<p><strong>Escribe: El Jej\u00e9n<\/strong><\/p>\n\n\n<p><strong>Hola Tupa, \u00bfc\u00f3mo lo trata el encierro? Ya a un paso de\nla demencia total.&nbsp; Hemos batido un\nr\u00e9cord mundial y, algunos, lo toman como un gran logro. \u201cLa cuarentena m\u00e1s\nlarga del mundo\u201d. Es una joda. Felices porque nos dicen que nos cuidan. En el\nmomento que nos demos cuenta de lo que est\u00e1n haciendo con el pa\u00eds, ya va a ser\ntarde. Nos empoman en hilera. Atenti que no estoy hablando solamente de lo\necon\u00f3mico, que eso nos condenara a estar encerrados, pero por secos. Volver a\nponer en marcha este pa\u00eds, va a ser un desaf\u00edo tit\u00e1nico. El aparato \u201cgebeliano\u201d\nha sido perfecto para someternos. &nbsp;No\nhablamos de otra cosa que no sea el coronavirus.&nbsp;&nbsp; Es tanto el miedo, el p\u00e1nico existente que\nla sociedad se encuentra en situaci\u00f3n de paraplej\u00eda. Inerte. Ya no distingo si\nle tenemos pavor al COVID 19 o a que te metan en cana o te escrachen porque\nfuiste a la esquina a comprar dos caramelos\u2026 Esto es un Estado de Sitio disfrazado.<\/strong><\/p>\n\n\n<p><em>Sinceramente nunca imagin\u00e9 vivir un contexto como\n\u00e9ste. La paranoia del colectivo social, es un flagelo m\u00e1s extendido que el\nvirus de los chinos. D\u00edas pasados, alguien me dec\u00eda, cu\u00e1ntos enfermos por el\ncoronavirus, o muertos conoc\u00e9s o conoc\u00edas por esta pandemia. Repas\u00e9\ninteriormente y no record\u00e9 ninguno. En Villa Mar\u00eda no hay un solo muerto, me\nalegrar\u00eda m\u00e1s, si no hubiese existido una solo fallecido en ninguna parte. Sin\nembargo, a los villamarienses y otros puntos del pa\u00eds, donde la pandemia\nafortunadamente hasta el momento, no ha tenido la morbosidad de los muertos\nimaginarios que nos vendieron hace tres meses, nos tiran los mismos\ncondicionamientos y prohibiciones, que a los que est\u00e1n muchos m\u00e1s expuestos,\ncomo son aquellos que viven en villas de emergencia. &nbsp;A quienes, desde una confortable oficina, les\nordenan, por casi una cadena nacional, \u201cEst\u00e9n adentro, no pueden salir. Es\npreciso mantener el aislamiento\u2026\u201d y en una pieza viven cinco personas. De qu\u00e9\naislamiento me hablan. &nbsp;Y subsisten con\nla indigencia a cuestas porque hace setenta a\u00f1os o m\u00e1s, con aquello de la\n\u201cinvasi\u00f3n de las cabecitas negras\u201d, a los que se los despreci\u00f3, degrad\u00f3 de\nentrada, que fue cuando arribaron norte\u00f1os que ven\u00edan en la b\u00fasqueda de un\nlaburo que no encontraban en su tierra, los distintos gobiernos, los fueron\namontonando, hacinando y olvidando, excepto, a la hora de pedirles su voto,\nsubsidio mediante. Se multiplicaron y paralelamente estuvieron los que tambi\u00e9n\nacrecentaron su poder pol\u00edtico aprovechando el imperio excepcional que da la\n\u201cindustria de la pobreza\u201d. C\u00f3mo se les va a pedir a esa gente aislamiento.\nAunque quieran no lo pueden lograr. Hoy, se los usa como los principales multiplicadores\ndel virus. Y posiblemente sea as\u00ed. Cualquier medio de comunicaci\u00f3n, no te habla\nde otra cosa que, del Coronavirus, y eso no es gratis. Millones de argentinos\nest\u00e1n aterrados y psic\u00f3ticos. Claro que es peligroso, ahora me pregunto: \u00bfEste\nes un juego inocente que baja del T\u00edo Alberto y socios- adversarios\u2026? No lo\ncreo. Tampoco me creo que NO sepan que esto va camino a una rebeli\u00f3n del\npueblo, una insurrecci\u00f3n contra el encierro, por miles se cuentan los negocios\ny empresas que cerrar\u00e1n definitivamente. Industrias que nunca m\u00e1s levantar\u00e1n\nsus persianas. Millones de personas que no encontraron un nuevo laburo por\na\u00f1os. Sin embargo, los mandatos que bajan desde los distintos poderes, me\nrefiero al Presidencial, a los provinciales y municipales, todos tienen un\nmismo lineamiento. Ya lograron una cosa, un gran paso hacia la suma de los\npoderes p\u00fablicos, algo que ven\u00edan deseando desde el mandato de CFK. <\/em><\/p>\n\n\n<p><strong>Solamente f\u00edjate en situaciones que no son peque\u00f1os\ndetalles, sino se\u00f1ales del pa\u00eds que quieren los mismos que nos gobiernan. La\ndiputada nacional del Frente para Todos, Fernanda Vallejos, es decir,\nrepresentante de Alberto y Cristina, sali\u00f3 a explicar que su proyecto, que no\nes otra cosa que el Estado Nacional, se quede con una participaci\u00f3n en las empresas\nque asistieron por la pandemia. Y salieron a apoyarlas monstruos de m\u00e1s peso.\nEl Ministro de Econom\u00eda entre otros. &nbsp;Una\nlocura total. Como para aliviar la situaci\u00f3n dijeron que no tocar\u00edan las Pymes\n(por ahora). No creo que exista un usurero, al menos entre los que se mueven en\nla villa, capaces de hacer esto, pero adem\u00e1s lo que estableci\u00f3 el gobierno fue\ndarles un pr\u00e9stamo que tienen que devolver. Ahora, claro, no faltan quienes\nsostienen \u201cque estiran la cuarentena para lograr el fundimiento de la mayor\ncantidad de empresas y luego apoderarse de las mismas\u201d. No creo que esa teor\u00eda\npueda ser aplicable, pero que lo quieren hacer, lo quieren, que lo puedan\nconcretar es otra cosa \u2026<\/strong><\/p>\n\n\n<p><em>C\u00f3mo es este tema de los jubilados, te sacuden\nputeadas de un lado y otro, encuentro gente que gana 30 lucas y como es anti schiarettista,\nlo insultan en 5 idiomas. Te lo resumo para que haya mal entendidos. A esta\nley, votada por la Unicameral, casi sin oposici\u00f3n, y apelando a movimientos no\nde los m\u00e1s democr\u00e1ticos, con triqui\u00f1uelas muy comunes en una y otra orilla,\napuntaron a un recorte de un 5 o 6%, para todos aquellos que ganan m\u00e1s de\n68.000 pesos, algo de eso, no s\u00e9 cu\u00e1nto ir\u00eda para los que cobran la m\u00ednima, 17.000\nmil pesos. La medida en s\u00ed, puede ser discutible o no, solo que me pregunto,\ncu\u00e1ndo y qui\u00e9n va a salir a movilizar y defender a los que ganan menos de\n40.000, ni hablar de los de la m\u00ednima. \u00bfD\u00f3nde est\u00e1n los gremios? Vociferan tres\nd\u00edas y despu\u00e9s se hacen los tontos como perros que voltearon la olla. Y\nfij\u00e9monos para qui\u00e9n juegan en tiempo de elecciones. No me como este\ncaramelito. &nbsp;Me encontr\u00e9 con montones de\nconocidos y desconocidos que lo putean a Schiaretti, solo por una cuesti\u00f3n\npol\u00edtica, porque a ellos, jubilados provinciales, no llegan al m\u00ednimo de los\nque entrar\u00e1n a la ronda de minis recortes. Convengamos que el fundamentalismo\nque vivimos en el pa\u00eds, no proviene solo del kirchnerismo. Que son bastantes jodidos,\nes cierto, pero los anti kirchneristas no son menos fundamentalistas. Te repito,\nque me cuestione un juez que cobra 300 mil al mes, un fiscal, algunos de otras\nempresas o bancos, con cifras similares, lo acepto, ahora, que alguien que me\nputee porque no me sumo a las puteadas al gobierno de C\u00f3rdoba y, cobra 25 lucas\npor mes\u2026&nbsp; sinceramente, me dan pena. <\/em><\/p>\n\n\n<p><strong>Te voy a hacer una sola acotaci\u00f3n, si se trata de\ninsultar y descalificar por medidas que involucran a los privilegiados, no me\nvoy a sumar. Que lo hagan los afectados. Lo que tengo en claro, es que todos\naquellos que vivimos de un laburo independiente, incluyendo a los docentes y\ntantos m\u00e1s, pensamos m\u00e1s de una vez es estirar la fecha del retiro, para\njubilarse y cobrar 25.000 si sos un afortunado. Nosotros, quienes estamos entre\nla m\u00ednima y un poquito m\u00e1s, tenemos que pensar en otro laburo para poder seguir\nviviendo, porque con la jubilaci\u00f3n te garc\u00e1s de hambre. A quienes les\ndescuentan ese problema no lo tienen. &nbsp;Aqu\u00ed, a muchos, a millones, nos condenan a\nlaburar hasta que las fuerzas no nos den m\u00e1s. Hasta el d\u00eda en que te ponen el\nsobretodo de madera y, de eso no es solamente culpable este gobierno. Fueron\nmuchos quienes de a poco nos fueron condenando a la exclusi\u00f3n. Si este\ndescuento, que no les va a cambiar la vida a nadie, alcanza para mejorar una\npeque\u00f1ez entre los que menos reciben, no me contento, pero estoy de acuerdo\u2026\nclaro, habr\u00e1 que seguir exponiendo los pensamientos para que un d\u00eda, la\ncercan\u00eda a un ut\u00f3pico equilibrio, sea una realidad\u2026 As\u00ed como vamos, a no\nextra\u00f1arse que en cinco a\u00f1os o menos, la caja de jubilaciones e la Provincia,\nse transforme en una fuente de la historia que todos se encargaron de romper\npoco a poco\u2026 Entonces ya no sabremos de qu\u00e9 vivir\u00e1n los que hoy aportan\npensando en la vejez\u2026 Hablemos de eso tambi\u00e9n. <\/strong><\/p>\n]]>\t\t","protected":false},"excerpt":{"rendered":"<p>\t\t\t\t<![CDATA[]]>\t\t<\/p>\n","protected":false},"author":5,"featured_media":0,"comment_status":"open","ping_status":"open","sticky":false,"template":"","format":"standard","meta":{"site-sidebar-layout":"default","site-content-layout":"","ast-site-content-layout":"default","site-content-style":"default","site-sidebar-style":"default","ast-global-header-display":"","ast-banner-title-visibility":"","ast-main-header-display":"","ast-hfb-above-header-display":"","ast-hfb-below-header-display":"","ast-hfb-mobile-header-display":"","site-post-title":"","ast-breadcrumbs-content":"","ast-featured-img":"","footer-sml-layout":"","ast-disable-related-posts":"","theme-transparent-header-meta":"","adv-header-id-meta":"","stick-header-meta":"","header-above-stick-meta":"","header-main-stick-meta":"","header-below-stick-meta":"","astra-migrate-meta-layouts":"default","ast-page-background-enabled":"default","ast-page-background-meta":{"desktop":{"background-color":"","background-image":"","background-repeat":"repeat","background-position":"center center","background-size":"auto","background-attachment":"scroll","background-type":"","background-media":"","overlay-type":"","overlay-color":"","overlay-opacity":"","overlay-gradient":""},"tablet":{"background-color":"","background-image":"","background-repeat":"repeat","background-position":"center center","background-size":"auto","background-attachment":"scroll","background-type":"","background-media":"","overlay-type":"","overlay-color":"","overlay-opacity":"","overlay-gradient":""},"mobile":{"background-color":"","background-image":"","background-repeat":"repeat","background-position":"center center","background-size":"auto","background-attachment":"scroll","background-type":"","background-media":"","overlay-type":"","overlay-color":"","overlay-opacity":"","overlay-gradient":""}},"ast-content-background-meta":{"desktop":{"background-color":"var(--ast-global-color-5)","background-image":"","background-repeat":"repeat","background-position":"center center","background-size":"auto","background-attachment":"scroll","background-type":"","background-media":"","overlay-type":"","overlay-color":"","overlay-opacity":"","overlay-gradient":""},"tablet":{"background-color":"var(--ast-global-color-5)","background-image":"","background-repeat":"repeat","background-position":"center center","background-size":"auto","background-attachment":"scroll","background-type":"","background-media":"","overlay-type":"","overlay-color":"","overlay-opacity":"","overlay-gradient":""},"mobile":{"background-color":"var(--ast-global-color-5)","background-image":"","background-repeat":"repeat","background-position":"center center","background-size":"auto","background-attachment":"scroll","background-type":"","background-media":"","overlay-type":"","overlay-color":"","overlay-opacity":"","overlay-gradient":""}},"_jetpack_memberships_contains_paid_content":false,"_joinchat":[],"footnotes":""},"categories":[2089],"tags":[1504],"class_list":["post-15930","post","type-post","status-publish","format-standard","hentry","category-politica","tag-jubilados"],"yoast_head":"<!-- This site is optimized with the Yoast SEO plugin v26.8 - https:\/\/yoast.com\/product\/yoast-seo-wordpress\/ -->\n<title>Quienes aportan para jubilarse: \u00bfTendr\u00e1n a qui\u00e9n cobrarle? - El Regional<\/title>\n<meta name=\"robots\" content=\"index, follow, max-snippet:-1, max-image-preview:large, max-video-preview:-1\" \/>\n<link rel=\"canonical\" href=\"http:\/\/elregionalvm.com.ar\/noticias-villa-maria\/quienes-aportan-para-jubilarse-tendran-a-quien-cobrarle\/\" \/>\n<meta property=\"og:locale\" content=\"es_ES\" \/>\n<meta property=\"og:type\" content=\"article\" \/>\n<meta property=\"og:title\" content=\"Quienes aportan para jubilarse: \u00bfTendr\u00e1n a qui\u00e9n cobrarle? - El Regional\" \/>\n<meta property=\"og:url\" content=\"http:\/\/elregionalvm.com.ar\/noticias-villa-maria\/quienes-aportan-para-jubilarse-tendran-a-quien-cobrarle\/\" \/>\n<meta property=\"og:site_name\" content=\"El Regional\" \/>\n<meta property=\"article:publisher\" content=\"https:\/\/www.facebook.com\/elregionalvm\" \/>\n<meta property=\"article:published_time\" content=\"2020-05-23T00:41:40+00:00\" \/>\n<meta property=\"article:modified_time\" content=\"2020-06-16T18:49:12+00:00\" \/>\n<meta property=\"og:image\" content=\"http:\/\/elregionalvm.com.ar\/noticias-villa-maria\/wp-content\/uploads\/2020\/05\/flecha.png\" \/>\n\t<meta property=\"og:image:width\" content=\"45\" \/>\n\t<meta property=\"og:image:height\" content=\"36\" \/>\n\t<meta property=\"og:image:type\" content=\"image\/png\" \/>\n<meta name=\"author\" content=\"Miguel Andreis\" \/>\n<meta name=\"twitter:card\" content=\"summary_large_image\" \/>\n<meta name=\"twitter:creator\" content=\"@elregionalvm1\" \/>\n<meta name=\"twitter:site\" content=\"@elregionalvm1\" \/>\n<meta name=\"twitter:label1\" content=\"Escrito por\" \/>\n\t<meta name=\"twitter:data1\" content=\"Miguel Andreis\" \/>\n\t<meta name=\"twitter:label2\" content=\"Tiempo de lectura\" \/>\n\t<meta name=\"twitter:data2\" content=\"7 minutos\" \/>\n<script type=\"application\/ld+json\" class=\"yoast-schema-graph\">{\"@context\":\"https:\/\/schema.org\",\"@graph\":[{\"@type\":\"Article\",\"@id\":\"http:\/\/elregionalvm.com.ar\/noticias-villa-maria\/quienes-aportan-para-jubilarse-tendran-a-quien-cobrarle\/#article\",\"isPartOf\":{\"@id\":\"http:\/\/elregionalvm.com.ar\/noticias-villa-maria\/quienes-aportan-para-jubilarse-tendran-a-quien-cobrarle\/\"},\"author\":{\"name\":\"Miguel Andreis\",\"@id\":\"http:\/\/elregionalvm.com.ar\/noticias-villa-maria\/#\/schema\/person\/df5ff3f005acf29788aed9cb359f1193\"},\"headline\":\"Quienes aportan para jubilarse: \u00bfTendr\u00e1n a qui\u00e9n cobrarle?\",\"datePublished\":\"2020-05-23T00:41:40+00:00\",\"dateModified\":\"2020-06-16T18:49:12+00:00\",\"mainEntityOfPage\":{\"@id\":\"http:\/\/elregionalvm.com.ar\/noticias-villa-maria\/quienes-aportan-para-jubilarse-tendran-a-quien-cobrarle\/\"},\"wordCount\":1440,\"commentCount\":3,\"keywords\":[\"Jubilados\"],\"articleSection\":[\"Pol\u00edtica\"],\"inLanguage\":\"es\",\"potentialAction\":[{\"@type\":\"CommentAction\",\"name\":\"Comment\",\"target\":[\"http:\/\/elregionalvm.com.ar\/noticias-villa-maria\/quienes-aportan-para-jubilarse-tendran-a-quien-cobrarle\/#respond\"]}]},{\"@type\":\"WebPage\",\"@id\":\"http:\/\/elregionalvm.com.ar\/noticias-villa-maria\/quienes-aportan-para-jubilarse-tendran-a-quien-cobrarle\/\",\"url\":\"http:\/\/elregionalvm.com.ar\/noticias-villa-maria\/quienes-aportan-para-jubilarse-tendran-a-quien-cobrarle\/\",\"name\":\"Quienes aportan para jubilarse: \u00bfTendr\u00e1n a qui\u00e9n cobrarle? - El Regional\",\"isPartOf\":{\"@id\":\"http:\/\/elregionalvm.com.ar\/noticias-villa-maria\/#website\"},\"datePublished\":\"2020-05-23T00:41:40+00:00\",\"dateModified\":\"2020-06-16T18:49:12+00:00\",\"author\":{\"@id\":\"http:\/\/elregionalvm.com.ar\/noticias-villa-maria\/#\/schema\/person\/df5ff3f005acf29788aed9cb359f1193\"},\"breadcrumb\":{\"@id\":\"http:\/\/elregionalvm.com.ar\/noticias-villa-maria\/quienes-aportan-para-jubilarse-tendran-a-quien-cobrarle\/#breadcrumb\"},\"inLanguage\":\"es\",\"potentialAction\":[{\"@type\":\"ReadAction\",\"target\":[\"http:\/\/elregionalvm.com.ar\/noticias-villa-maria\/quienes-aportan-para-jubilarse-tendran-a-quien-cobrarle\/\"]}]},{\"@type\":\"BreadcrumbList\",\"@id\":\"http:\/\/elregionalvm.com.ar\/noticias-villa-maria\/quienes-aportan-para-jubilarse-tendran-a-quien-cobrarle\/#breadcrumb\",\"itemListElement\":[{\"@type\":\"ListItem\",\"position\":1,\"name\":\"Portada\",\"item\":\"https:\/\/elregionalvm.com.ar\/noticias-villa-maria\/\"},{\"@type\":\"ListItem\",\"position\":2,\"name\":\"Quienes aportan para jubilarse: \u00bfTendr\u00e1n a qui\u00e9n cobrarle?\"}]},{\"@type\":\"WebSite\",\"@id\":\"http:\/\/elregionalvm.com.ar\/noticias-villa-maria\/#website\",\"url\":\"http:\/\/elregionalvm.com.ar\/noticias-villa-maria\/\",\"name\":\"El Regional\",\"description\":\"Mucho m\u00e1s que informaci\u00f3n\",\"potentialAction\":[{\"@type\":\"SearchAction\",\"target\":{\"@type\":\"EntryPoint\",\"urlTemplate\":\"http:\/\/elregionalvm.com.ar\/noticias-villa-maria\/?s={search_term_string}\"},\"query-input\":{\"@type\":\"PropertyValueSpecification\",\"valueRequired\":true,\"valueName\":\"search_term_string\"}}],\"inLanguage\":\"es\"},{\"@type\":\"Person\",\"@id\":\"http:\/\/elregionalvm.com.ar\/noticias-villa-maria\/#\/schema\/person\/df5ff3f005acf29788aed9cb359f1193\",\"name\":\"Miguel Andreis\",\"image\":{\"@type\":\"ImageObject\",\"inLanguage\":\"es\",\"@id\":\"http:\/\/elregionalvm.com.ar\/noticias-villa-maria\/#\/schema\/person\/image\/\",\"url\":\"https:\/\/secure.gravatar.com\/avatar\/c643381cd03da38327c6407e6886e7182d881f2ecf94a7902ca262c41f9d8884?s=96&d=mm&r=g\",\"contentUrl\":\"https:\/\/secure.gravatar.com\/avatar\/c643381cd03da38327c6407e6886e7182d881f2ecf94a7902ca262c41f9d8884?s=96&d=mm&r=g\",\"caption\":\"Miguel Andreis\"},\"url\":\"https:\/\/elregionalvm.com.ar\/noticias-villa-maria\/author\/miguelandreis\/\"}]}<\/script>\n<!-- \/ Yoast SEO plugin. -->","yoast_head_json":{"title":"Quienes aportan para jubilarse: \u00bfTendr\u00e1n a qui\u00e9n cobrarle? - El Regional","robots":{"index":"index","follow":"follow","max-snippet":"max-snippet:-1","max-image-preview":"max-image-preview:large","max-video-preview":"max-video-preview:-1"},"canonical":"http:\/\/elregionalvm.com.ar\/noticias-villa-maria\/quienes-aportan-para-jubilarse-tendran-a-quien-cobrarle\/","og_locale":"es_ES","og_type":"article","og_title":"Quienes aportan para jubilarse: \u00bfTendr\u00e1n a qui\u00e9n cobrarle? - El Regional","og_url":"http:\/\/elregionalvm.com.ar\/noticias-villa-maria\/quienes-aportan-para-jubilarse-tendran-a-quien-cobrarle\/","og_site_name":"El Regional","article_publisher":"https:\/\/www.facebook.com\/elregionalvm","article_published_time":"2020-05-23T00:41:40+00:00","article_modified_time":"2020-06-16T18:49:12+00:00","og_image":[{"width":45,"height":36,"url":"http:\/\/elregionalvm.com.ar\/noticias-villa-maria\/wp-content\/uploads\/2020\/05\/flecha.png","type":"image\/png"}],"author":"Miguel Andreis","twitter_card":"summary_large_image","twitter_creator":"@elregionalvm1","twitter_site":"@elregionalvm1","twitter_misc":{"Escrito por":"Miguel Andreis","Tiempo de lectura":"7 minutos"},"schema":{"@context":"https:\/\/schema.org","@graph":[{"@type":"Article","@id":"http:\/\/elregionalvm.com.ar\/noticias-villa-maria\/quienes-aportan-para-jubilarse-tendran-a-quien-cobrarle\/#article","isPartOf":{"@id":"http:\/\/elregionalvm.com.ar\/noticias-villa-maria\/quienes-aportan-para-jubilarse-tendran-a-quien-cobrarle\/"},"author":{"name":"Miguel Andreis","@id":"http:\/\/elregionalvm.com.ar\/noticias-villa-maria\/#\/schema\/person\/df5ff3f005acf29788aed9cb359f1193"},"headline":"Quienes aportan para jubilarse: \u00bfTendr\u00e1n a qui\u00e9n cobrarle?","datePublished":"2020-05-23T00:41:40+00:00","dateModified":"2020-06-16T18:49:12+00:00","mainEntityOfPage":{"@id":"http:\/\/elregionalvm.com.ar\/noticias-villa-maria\/quienes-aportan-para-jubilarse-tendran-a-quien-cobrarle\/"},"wordCount":1440,"commentCount":3,"keywords":["Jubilados"],"articleSection":["Pol\u00edtica"],"inLanguage":"es","potentialAction":[{"@type":"CommentAction","name":"Comment","target":["http:\/\/elregionalvm.com.ar\/noticias-villa-maria\/quienes-aportan-para-jubilarse-tendran-a-quien-cobrarle\/#respond"]}]},{"@type":"WebPage","@id":"http:\/\/elregionalvm.com.ar\/noticias-villa-maria\/quienes-aportan-para-jubilarse-tendran-a-quien-cobrarle\/","url":"http:\/\/elregionalvm.com.ar\/noticias-villa-maria\/quienes-aportan-para-jubilarse-tendran-a-quien-cobrarle\/","name":"Quienes aportan para jubilarse: \u00bfTendr\u00e1n a qui\u00e9n cobrarle? - El Regional","isPartOf":{"@id":"http:\/\/elregionalvm.com.ar\/noticias-villa-maria\/#website"},"datePublished":"2020-05-23T00:41:40+00:00","dateModified":"2020-06-16T18:49:12+00:00","author":{"@id":"http:\/\/elregionalvm.com.ar\/noticias-villa-maria\/#\/schema\/person\/df5ff3f005acf29788aed9cb359f1193"},"breadcrumb":{"@id":"http:\/\/elregionalvm.com.ar\/noticias-villa-maria\/quienes-aportan-para-jubilarse-tendran-a-quien-cobrarle\/#breadcrumb"},"inLanguage":"es","potentialAction":[{"@type":"ReadAction","target":["http:\/\/elregionalvm.com.ar\/noticias-villa-maria\/quienes-aportan-para-jubilarse-tendran-a-quien-cobrarle\/"]}]},{"@type":"BreadcrumbList","@id":"http:\/\/elregionalvm.com.ar\/noticias-villa-maria\/quienes-aportan-para-jubilarse-tendran-a-quien-cobrarle\/#breadcrumb","itemListElement":[{"@type":"ListItem","position":1,"name":"Portada","item":"https:\/\/elregionalvm.com.ar\/noticias-villa-maria\/"},{"@type":"ListItem","position":2,"name":"Quienes aportan para jubilarse: \u00bfTendr\u00e1n a qui\u00e9n cobrarle?"}]},{"@type":"WebSite","@id":"http:\/\/elregionalvm.com.ar\/noticias-villa-maria\/#website","url":"http:\/\/elregionalvm.com.ar\/noticias-villa-maria\/","name":"El Regional","description":"Mucho m\u00e1s que informaci\u00f3n","potentialAction":[{"@type":"SearchAction","target":{"@type":"EntryPoint","urlTemplate":"http:\/\/elregionalvm.com.ar\/noticias-villa-maria\/?s={search_term_string}"},"query-input":{"@type":"PropertyValueSpecification","valueRequired":true,"valueName":"search_term_string"}}],"inLanguage":"es"},{"@type":"Person","@id":"http:\/\/elregionalvm.com.ar\/noticias-villa-maria\/#\/schema\/person\/df5ff3f005acf29788aed9cb359f1193","name":"Miguel Andreis","image":{"@type":"ImageObject","inLanguage":"es","@id":"http:\/\/elregionalvm.com.ar\/noticias-villa-maria\/#\/schema\/person\/image\/","url":"https:\/\/secure.gravatar.com\/avatar\/c643381cd03da38327c6407e6886e7182d881f2ecf94a7902ca262c41f9d8884?s=96&d=mm&r=g","contentUrl":"https:\/\/secure.gravatar.com\/avatar\/c643381cd03da38327c6407e6886e7182d881f2ecf94a7902ca262c41f9d8884?s=96&d=mm&r=g","caption":"Miguel Andreis"},"url":"https:\/\/elregionalvm.com.ar\/noticias-villa-maria\/author\/miguelandreis\/"}]}},"jetpack_featured_media_url":"","jetpack_sharing_enabled":true,"_links":{"self":[{"href":"https:\/\/elregionalvm.com.ar\/noticias-villa-maria\/wp-json\/wp\/v2\/posts\/15930","targetHints":{"allow":["GET"]}}],"collection":[{"href":"https:\/\/elregionalvm.com.ar\/noticias-villa-maria\/wp-json\/wp\/v2\/posts"}],"about":[{"href":"https:\/\/elregionalvm.com.ar\/noticias-villa-maria\/wp-json\/wp\/v2\/types\/post"}],"author":[{"embeddable":true,"href":"https:\/\/elregionalvm.com.ar\/noticias-villa-maria\/wp-json\/wp\/v2\/users\/5"}],"replies":[{"embeddable":true,"href":"https:\/\/elregionalvm.com.ar\/noticias-villa-maria\/wp-json\/wp\/v2\/comments?post=15930"}],"version-history":[{"count":1,"href":"https:\/\/elregionalvm.com.ar\/noticias-villa-maria\/wp-json\/wp\/v2\/posts\/15930\/revisions"}],"predecessor-version":[{"id":18100,"href":"https:\/\/elregionalvm.com.ar\/noticias-villa-maria\/wp-json\/wp\/v2\/posts\/15930\/revisions\/18100"}],"wp:attachment":[{"href":"https:\/\/elregionalvm.com.ar\/noticias-villa-maria\/wp-json\/wp\/v2\/media?parent=15930"}],"wp:term":[{"taxonomy":"category","embeddable":true,"href":"https:\/\/elregionalvm.com.ar\/noticias-villa-maria\/wp-json\/wp\/v2\/categories?post=15930"},{"taxonomy":"post_tag","embeddable":true,"href":"https:\/\/elregionalvm.com.ar\/noticias-villa-maria\/wp-json\/wp\/v2\/tags?post=15930"}],"curies":[{"name":"wp","href":"https:\/\/api.w.org\/{rel}","templated":true}]}}