{"id":16012,"date":"2020-05-29T23:43:52","date_gmt":"2020-05-29T23:43:52","guid":{"rendered":"http:\/\/www.elregionalvm.com.ar\/?p=16012"},"modified":"2020-06-16T18:45:19","modified_gmt":"2020-06-16T18:45:19","slug":"beatificacion-de-madre-transito-cabanillas","status":"publish","type":"post","link":"https:\/\/elregionalvm.com.ar\/noticias-villa-maria\/beatificacion-de-madre-transito-cabanillas\/","title":{"rendered":"Beatificaci\u00f3n de Madre  Tr\u00e1nsito Cabanillas"},"content":{"rendered":"\n\t\t\t\t<![CDATA[\n<p>La virgen de la canastita&#8230;  <\/p>\n\n\n<p><\/p>\n\n\n<p>El anuncio de que el 12 de abril de 2002, el Papa Juan\nPablo II proclamar\u00e1 la Beatificaci\u00f3n de Madre TR\u00c1NSITO CABANILLAS, \u00abnos ha\nllenado el coraz\u00f3n de un gozo profundo y nos ha comunicado vivo entusiasmo y\ngran dinamismo espiritual y cultural\u00bb indican feligreses &nbsp;seguidoras de la misma.<\/p>\n\n\n<p>\u00abNo s\u00f3lo est\u00e1n de fiesta y gozo las Hermanas\nTerciarias Misioneras Franciscanas, fundadas por Madre Mar\u00eda del Tr\u00e1nsito, sino\ntoda la Iglesia y la patria, porque toda Beatificaci\u00f3n es una gloria para la\nIglesia un lucero de esperanza y de aliento para el pa\u00eds, especialmente en\nestos momentos de crisis y de contrastes sociales y econ\u00f3micos.<\/p>\n\n\n<p>En la Argentina ya veneramos a la Beata Laura Vicu\u00f1a y a\nSan H\u00e9ctor Valdivieso, pero la primera es un divino regalo de Chile a la\nArgentina, y el segundo es un divino regalo de Argentina a Espa\u00f1a. La\nBeatificaci\u00f3n de Madre Tr\u00e1nsito tiene un significado particular, porque ella\nnaci\u00f3, creci\u00f3, vivi\u00f3, trabaj\u00f3, luch\u00f3, sufri\u00f3 y muri\u00f3 en el pa\u00eds.<\/p>\n\n\n<p><strong>\u00bfQu\u00e9 es la Beatificaci\u00f3n?<\/strong><\/p>\n\n\n<p>La Beatificaci\u00f3n es una proclama solemne, por la cual se\ndeclara que la Madre Mar\u00eda del tr\u00e1nsito ya est\u00e1 gozando en el cielo, de la\nfelicidad de los bienaventurados, que puede ser venerada con culto p\u00fablico y\noficial, que es intercesora ante el trono de Dios a favor de nuestras\nnecesidades, que bien merece ser conocida, admirada, venerada, invocada e\nimitada.<\/p>\n\n\n<p><strong>Etapas del Proceso de Beatificaci\u00f3n<\/strong><\/p>\n\n\n<p>A la muerte de un cristiano muy piadoso, caritativo, servicial\ny solidario con los pobres y con los que sufren, la gente se conmueve y lo\nsigue recordando y comienza a invocarlo a menudo en sus problemas y\nnecesidades. Lo ve y lo juzga como un amigo de Dios y por ende, capaz de\ncomprenderlo y ayudarlo. Los frutos de esa fe, de esa confianza, de esas\ns\u00faplicas y hasta de esas l\u00e1grimas son una floraci\u00f3n de gracias, favores,\nbeneficios de orden espiritual y material.<\/p>\n\n\n<p>Los beneficiados comunican a otros, oralmente y a trav\u00e9s\nde estampas y folletos, los favores recibidos, provocando simpat\u00edas y\nadhesiones. Todo esto crea la fama de santidad, que obliga a los obispos a\nestudiar la vida y la obra de ese siervo de Dios, sus virtudes y las gracias\nrecibidas. Algunos ya en vida tienen esa fama de santidad, como el Padre P\u00edo,\nMadre Teresa; pero otros la logran despu\u00e9s de su muerte.<\/p>\n\n\n<p>Se hacen estudios profundos de la causa con los que se\nelabora un compendio que se llama Positio, para el examen en particular de las\nvirtudes teologales (Fe, Esperanza y Caridad), de las virtudes cardinales\n(justicia, prudencia, fortaleza, templanza) y de las virtudes morales.&nbsp; Esa Positio se somete a la consideraci\u00f3n y al\nan\u00e1lisis de una comisi\u00f3n de te\u00f3logos.<\/p>\n\n\n<p>Si el resultado es positivo, toda la carpeta pasa a\nestudio del Papa, quien decidir\u00e1 acerca de la heroicidad de virtudes.&nbsp; Si el resultado es dudoso o insuficiente, se\nvuelve a reexaminar el problema<\/p>\n\n\n<p><strong>Bosquejo\nbiogr\u00e1fico<\/strong><\/p>\n\n\n<p>Tr\u00e1nsito Cabanillas naci\u00f3 el 15 de agosto de 1821 en la\nestancia Santa Leocadia, en lo que hoy llamamos Villa Carlos Paz, junto al Lago\nSan Roque (C\u00f3rdoba).&nbsp; Sus padres, Felipe\nCabanillas y Francisca Antonia S\u00e1nchez eran de rancio abolengo cordob\u00e9s y,\nsobre todo, de admirable vivencia cristiana.<\/p>\n\n\n<p>He aqu\u00ed algunos rasgos de su personalidad. Fue\ncolaboradora devota en la obra de los Ejercicios Espirituales, infatigable\ncatequista de los ni\u00f1os de su familia y de la parroquia, buena samaritana al\nservicio de los enfermos, fervorosa disc\u00edpula de San Francisco de As\u00eds como\nTerciaria Franciscana, abnegada enfermera durante las terribles epidemias del\nc\u00f3lera en el a\u00f1o 1867 y de la fiebre amarilla en el a\u00f1o 1871, caritativa\nvicentina en las visitas a las familias necesitadas.<\/p>\n\n\n<p>En el a\u00f1o 1870, el Se\u00f1or le inspir\u00f3 fundar una Casa de\nPenitencia de San Francisco, pero como no ten\u00eda ning\u00fan recurso intent\u00f3\nresponder a la llamada vocacional entrando primero entre las carmelitas de\nBuenos Aire y despu\u00e9s entre las Hermanas de la Visitaci\u00f3n de Montevideo, pero\nla enfermedad la oblig\u00f3 a salir del claustro porque el Se\u00f1or la destinaba a una\nmisi\u00f3n m\u00e1s grande.<\/p>\n\n\n<p>l a\u00f1o 1978 fue el a\u00f1o de la fundaci\u00f3n de las Hermanas\nTerciarias Misioneras Franciscanas. Dado su gran amor a la inmaculada, la Madre\nTr\u00e1nsito fund\u00f3 el Instituto el 8 de diciembre. El se\u00f1or Agust\u00edn Garz\u00f3n secund\u00f3\nel deseo de la fundaci\u00f3n y le don\u00f3 una manzana de terreno en el barrio San\nVicente de C\u00f3rdoba. Con el dinerillo que le dej\u00f3 en herencia su hermano\nsacerdote Emiliano y algunos recursos personales, la Madre Tr\u00e1nsito comenz\u00f3 la\nconstrucci\u00f3n de un min\u00fasculo convento, al servicio de la ni\u00f1ez desvalida. Poco\na poco el Instituto progres\u00f3, se expandi\u00f3 y fund\u00f3 el Colegio del Carmen de R\u00edo\nCuarto y el Colegio Inmaculada Concepci\u00f3n de Villa Nueva, ambos en la provincia\nde C\u00f3rdoba.<\/p>\n\n\n<p>En el convento franciscano de R\u00edo Cuarto viv\u00eda el padre\nQu\u00edrico Porreca, personalidad polifac\u00e9tica y avasallante, misionero audaz y\ndin\u00e1mico, constructor de iglesias y escuelas, infatigable propulsor de toda\nobra buena. La Madre Tr\u00e1nsito le solicit\u00f3 la direcci\u00f3n de la nueva\ncongregaci\u00f3n. El Padre Qu\u00edrico acept\u00f3 gustoso el cargo; pero poco a poco,\ndesplaz\u00f3 a la fundadora y comenz\u00f3 a mandar \u00e9l. La pobre Mar\u00eda del Tr\u00e1nsito,\ncomo ten\u00eda presente que \u00abla uni\u00f3n nace de los corazones humildes\u00bb,\nacept\u00f3 la humillaci\u00f3n para evitar problemas y dificultades al Instituto y se\nretir\u00f3 a una pobre celda, llevando una vida de silencio, de oraci\u00f3n y de\nlabores femeninas. Ella quer\u00eda ser la humilde servidora del Se\u00f1or y una l\u00e1mpara\nviviente del sagrario. Ese heroico gesto de humildad y de mansedumbre purific\u00f3\ny hermose\u00f3 el coraz\u00f3n de la Madre Tr\u00e1nsito, como ya se lo dec\u00eda Jes\u00fas\n\u00abAprendan de m\u00ed que soy manso y humilde de coraz\u00f3n\u00bb&nbsp; (Mt. 11,29). Antes de morir hizo esta hermosa\npromesa: \u00abHermanas, yo ya no les hago falta, porque no puedo hacer nada.\nPero cuando muera, desde el cielo les har\u00e9 mucho bien\u00bb.<\/p>\n\n\n<p>Madre Transito Cabanillas muri\u00f3 santamente el 25 de\nagosto de 1885, fiesta de San Luis Rey de Francia, Patrono principal de la\nTercera Orden Franciscana.<\/p>\n]]>\t\t","protected":false},"excerpt":{"rendered":"<p>\t\t\t\t<![CDATA[]]>\t\t<\/p>\n","protected":false},"author":5,"featured_media":16013,"comment_status":"open","ping_status":"open","sticky":false,"template":"","format":"standard","meta":{"site-sidebar-layout":"default","site-content-layout":"","ast-site-content-layout":"default","site-content-style":"default","site-sidebar-style":"default","ast-global-header-display":"","ast-banner-title-visibility":"","ast-main-header-display":"","ast-hfb-above-header-display":"","ast-hfb-below-header-display":"","ast-hfb-mobile-header-display":"","site-post-title":"","ast-breadcrumbs-content":"","ast-featured-img":"","footer-sml-layout":"","ast-disable-related-posts":"","theme-transparent-header-meta":"","adv-header-id-meta":"","stick-header-meta":"","header-above-stick-meta":"","header-main-stick-meta":"","header-below-stick-meta":"","astra-migrate-meta-layouts":"default","ast-page-background-enabled":"default","ast-page-background-meta":{"desktop":{"background-color":"","background-image":"","background-repeat":"repeat","background-position":"center center","background-size":"auto","background-attachment":"scroll","background-type":"","background-media":"","overlay-type":"","overlay-color":"","overlay-opacity":"","overlay-gradient":""},"tablet":{"background-color":"","background-image":"","background-repeat":"repeat","background-position":"center center","background-size":"auto","background-attachment":"scroll","background-type":"","background-media":"","overlay-type":"","overlay-color":"","overlay-opacity":"","overlay-gradient":""},"mobile":{"background-color":"","background-image":"","background-repeat":"repeat","background-position":"center center","background-size":"auto","background-attachment":"scroll","background-type":"","background-media":"","overlay-type":"","overlay-color":"","overlay-opacity":"","overlay-gradient":""}},"ast-content-background-meta":{"desktop":{"background-color":"var(--ast-global-color-5)","background-image":"","background-repeat":"repeat","background-position":"center center","background-size":"auto","background-attachment":"scroll","background-type":"","background-media":"","overlay-type":"","overlay-color":"","overlay-opacity":"","overlay-gradient":""},"tablet":{"background-color":"var(--ast-global-color-5)","background-image":"","background-repeat":"repeat","background-position":"center center","background-size":"auto","background-attachment":"scroll","background-type":"","background-media":"","overlay-type":"","overlay-color":"","overlay-opacity":"","overlay-gradient":""},"mobile":{"background-color":"var(--ast-global-color-5)","background-image":"","background-repeat":"repeat","background-position":"center center","background-size":"auto","background-attachment":"scroll","background-type":"","background-media":"","overlay-type":"","overlay-color":"","overlay-opacity":"","overlay-gradient":""}},"_jetpack_memberships_contains_paid_content":false,"_joinchat":[],"footnotes":""},"categories":[2068],"tags":[],"class_list":["post-16012","post","type-post","status-publish","format-standard","has-post-thumbnail","hentry","category-cultura-deporte"],"yoast_head":"<!-- This site is optimized with the Yoast SEO plugin v26.8 - https:\/\/yoast.com\/product\/yoast-seo-wordpress\/ -->\n<title>Beatificaci\u00f3n de Madre Tr\u00e1nsito Cabanillas - El Regional<\/title>\n<meta name=\"robots\" content=\"index, follow, max-snippet:-1, max-image-preview:large, max-video-preview:-1\" \/>\n<link rel=\"canonical\" href=\"http:\/\/elregionalvm.com.ar\/noticias-villa-maria\/beatificacion-de-madre-transito-cabanillas\/\" \/>\n<meta property=\"og:locale\" content=\"es_ES\" \/>\n<meta property=\"og:type\" content=\"article\" \/>\n<meta property=\"og:title\" content=\"Beatificaci\u00f3n de Madre Tr\u00e1nsito Cabanillas - El Regional\" \/>\n<meta property=\"og:url\" content=\"http:\/\/elregionalvm.com.ar\/noticias-villa-maria\/beatificacion-de-madre-transito-cabanillas\/\" \/>\n<meta property=\"og:site_name\" content=\"El Regional\" \/>\n<meta property=\"article:publisher\" content=\"https:\/\/www.facebook.com\/elregionalvm\" \/>\n<meta property=\"article:published_time\" content=\"2020-05-29T23:43:52+00:00\" \/>\n<meta property=\"article:modified_time\" content=\"2020-06-16T18:45:19+00:00\" \/>\n<meta name=\"author\" content=\"Miguel Andreis\" \/>\n<meta name=\"twitter:card\" content=\"summary_large_image\" \/>\n<meta name=\"twitter:creator\" content=\"@elregionalvm1\" \/>\n<meta name=\"twitter:site\" content=\"@elregionalvm1\" \/>\n<meta name=\"twitter:label1\" content=\"Escrito por\" \/>\n\t<meta name=\"twitter:data1\" content=\"Miguel Andreis\" \/>\n\t<meta name=\"twitter:label2\" content=\"Tiempo de lectura\" \/>\n\t<meta name=\"twitter:data2\" content=\"5 minutos\" \/>\n<script type=\"application\/ld+json\" class=\"yoast-schema-graph\">{\"@context\":\"https:\/\/schema.org\",\"@graph\":[{\"@type\":\"Article\",\"@id\":\"http:\/\/elregionalvm.com.ar\/noticias-villa-maria\/beatificacion-de-madre-transito-cabanillas\/#article\",\"isPartOf\":{\"@id\":\"http:\/\/elregionalvm.com.ar\/noticias-villa-maria\/beatificacion-de-madre-transito-cabanillas\/\"},\"author\":{\"name\":\"Miguel Andreis\",\"@id\":\"http:\/\/elregionalvm.com.ar\/noticias-villa-maria\/#\/schema\/person\/df5ff3f005acf29788aed9cb359f1193\"},\"headline\":\"Beatificaci\u00f3n de Madre Tr\u00e1nsito Cabanillas\",\"datePublished\":\"2020-05-29T23:43:52+00:00\",\"dateModified\":\"2020-06-16T18:45:19+00:00\",\"mainEntityOfPage\":{\"@id\":\"http:\/\/elregionalvm.com.ar\/noticias-villa-maria\/beatificacion-de-madre-transito-cabanillas\/\"},\"wordCount\":1102,\"commentCount\":0,\"image\":{\"@id\":\"http:\/\/elregionalvm.com.ar\/noticias-villa-maria\/beatificacion-de-madre-transito-cabanillas\/#primaryimage\"},\"thumbnailUrl\":\"\",\"articleSection\":[\"Cultura\"],\"inLanguage\":\"es\",\"potentialAction\":[{\"@type\":\"CommentAction\",\"name\":\"Comment\",\"target\":[\"http:\/\/elregionalvm.com.ar\/noticias-villa-maria\/beatificacion-de-madre-transito-cabanillas\/#respond\"]}]},{\"@type\":\"WebPage\",\"@id\":\"http:\/\/elregionalvm.com.ar\/noticias-villa-maria\/beatificacion-de-madre-transito-cabanillas\/\",\"url\":\"http:\/\/elregionalvm.com.ar\/noticias-villa-maria\/beatificacion-de-madre-transito-cabanillas\/\",\"name\":\"Beatificaci\u00f3n de Madre Tr\u00e1nsito Cabanillas - El Regional\",\"isPartOf\":{\"@id\":\"http:\/\/elregionalvm.com.ar\/noticias-villa-maria\/#website\"},\"primaryImageOfPage\":{\"@id\":\"http:\/\/elregionalvm.com.ar\/noticias-villa-maria\/beatificacion-de-madre-transito-cabanillas\/#primaryimage\"},\"image\":{\"@id\":\"http:\/\/elregionalvm.com.ar\/noticias-villa-maria\/beatificacion-de-madre-transito-cabanillas\/#primaryimage\"},\"thumbnailUrl\":\"\",\"datePublished\":\"2020-05-29T23:43:52+00:00\",\"dateModified\":\"2020-06-16T18:45:19+00:00\",\"author\":{\"@id\":\"http:\/\/elregionalvm.com.ar\/noticias-villa-maria\/#\/schema\/person\/df5ff3f005acf29788aed9cb359f1193\"},\"breadcrumb\":{\"@id\":\"http:\/\/elregionalvm.com.ar\/noticias-villa-maria\/beatificacion-de-madre-transito-cabanillas\/#breadcrumb\"},\"inLanguage\":\"es\",\"potentialAction\":[{\"@type\":\"ReadAction\",\"target\":[\"http:\/\/elregionalvm.com.ar\/noticias-villa-maria\/beatificacion-de-madre-transito-cabanillas\/\"]}]},{\"@type\":\"ImageObject\",\"inLanguage\":\"es\",\"@id\":\"http:\/\/elregionalvm.com.ar\/noticias-villa-maria\/beatificacion-de-madre-transito-cabanillas\/#primaryimage\",\"url\":\"\",\"contentUrl\":\"\"},{\"@type\":\"BreadcrumbList\",\"@id\":\"http:\/\/elregionalvm.com.ar\/noticias-villa-maria\/beatificacion-de-madre-transito-cabanillas\/#breadcrumb\",\"itemListElement\":[{\"@type\":\"ListItem\",\"position\":1,\"name\":\"Portada\",\"item\":\"https:\/\/elregionalvm.com.ar\/noticias-villa-maria\/\"},{\"@type\":\"ListItem\",\"position\":2,\"name\":\"Beatificaci\u00f3n de Madre Tr\u00e1nsito Cabanillas\"}]},{\"@type\":\"WebSite\",\"@id\":\"http:\/\/elregionalvm.com.ar\/noticias-villa-maria\/#website\",\"url\":\"http:\/\/elregionalvm.com.ar\/noticias-villa-maria\/\",\"name\":\"El Regional\",\"description\":\"Mucho m\u00e1s que informaci\u00f3n\",\"potentialAction\":[{\"@type\":\"SearchAction\",\"target\":{\"@type\":\"EntryPoint\",\"urlTemplate\":\"http:\/\/elregionalvm.com.ar\/noticias-villa-maria\/?s={search_term_string}\"},\"query-input\":{\"@type\":\"PropertyValueSpecification\",\"valueRequired\":true,\"valueName\":\"search_term_string\"}}],\"inLanguage\":\"es\"},{\"@type\":\"Person\",\"@id\":\"http:\/\/elregionalvm.com.ar\/noticias-villa-maria\/#\/schema\/person\/df5ff3f005acf29788aed9cb359f1193\",\"name\":\"Miguel Andreis\",\"image\":{\"@type\":\"ImageObject\",\"inLanguage\":\"es\",\"@id\":\"http:\/\/elregionalvm.com.ar\/noticias-villa-maria\/#\/schema\/person\/image\/\",\"url\":\"https:\/\/secure.gravatar.com\/avatar\/c643381cd03da38327c6407e6886e7182d881f2ecf94a7902ca262c41f9d8884?s=96&d=mm&r=g\",\"contentUrl\":\"https:\/\/secure.gravatar.com\/avatar\/c643381cd03da38327c6407e6886e7182d881f2ecf94a7902ca262c41f9d8884?s=96&d=mm&r=g\",\"caption\":\"Miguel Andreis\"},\"url\":\"https:\/\/elregionalvm.com.ar\/noticias-villa-maria\/author\/miguelandreis\/\"}]}<\/script>\n<!-- \/ Yoast SEO plugin. -->","yoast_head_json":{"title":"Beatificaci\u00f3n de Madre Tr\u00e1nsito Cabanillas - El Regional","robots":{"index":"index","follow":"follow","max-snippet":"max-snippet:-1","max-image-preview":"max-image-preview:large","max-video-preview":"max-video-preview:-1"},"canonical":"http:\/\/elregionalvm.com.ar\/noticias-villa-maria\/beatificacion-de-madre-transito-cabanillas\/","og_locale":"es_ES","og_type":"article","og_title":"Beatificaci\u00f3n de Madre Tr\u00e1nsito Cabanillas - El Regional","og_url":"http:\/\/elregionalvm.com.ar\/noticias-villa-maria\/beatificacion-de-madre-transito-cabanillas\/","og_site_name":"El Regional","article_publisher":"https:\/\/www.facebook.com\/elregionalvm","article_published_time":"2020-05-29T23:43:52+00:00","article_modified_time":"2020-06-16T18:45:19+00:00","author":"Miguel Andreis","twitter_card":"summary_large_image","twitter_creator":"@elregionalvm1","twitter_site":"@elregionalvm1","twitter_misc":{"Escrito por":"Miguel Andreis","Tiempo de lectura":"5 minutos"},"schema":{"@context":"https:\/\/schema.org","@graph":[{"@type":"Article","@id":"http:\/\/elregionalvm.com.ar\/noticias-villa-maria\/beatificacion-de-madre-transito-cabanillas\/#article","isPartOf":{"@id":"http:\/\/elregionalvm.com.ar\/noticias-villa-maria\/beatificacion-de-madre-transito-cabanillas\/"},"author":{"name":"Miguel Andreis","@id":"http:\/\/elregionalvm.com.ar\/noticias-villa-maria\/#\/schema\/person\/df5ff3f005acf29788aed9cb359f1193"},"headline":"Beatificaci\u00f3n de Madre Tr\u00e1nsito Cabanillas","datePublished":"2020-05-29T23:43:52+00:00","dateModified":"2020-06-16T18:45:19+00:00","mainEntityOfPage":{"@id":"http:\/\/elregionalvm.com.ar\/noticias-villa-maria\/beatificacion-de-madre-transito-cabanillas\/"},"wordCount":1102,"commentCount":0,"image":{"@id":"http:\/\/elregionalvm.com.ar\/noticias-villa-maria\/beatificacion-de-madre-transito-cabanillas\/#primaryimage"},"thumbnailUrl":"","articleSection":["Cultura"],"inLanguage":"es","potentialAction":[{"@type":"CommentAction","name":"Comment","target":["http:\/\/elregionalvm.com.ar\/noticias-villa-maria\/beatificacion-de-madre-transito-cabanillas\/#respond"]}]},{"@type":"WebPage","@id":"http:\/\/elregionalvm.com.ar\/noticias-villa-maria\/beatificacion-de-madre-transito-cabanillas\/","url":"http:\/\/elregionalvm.com.ar\/noticias-villa-maria\/beatificacion-de-madre-transito-cabanillas\/","name":"Beatificaci\u00f3n de Madre Tr\u00e1nsito Cabanillas - El Regional","isPartOf":{"@id":"http:\/\/elregionalvm.com.ar\/noticias-villa-maria\/#website"},"primaryImageOfPage":{"@id":"http:\/\/elregionalvm.com.ar\/noticias-villa-maria\/beatificacion-de-madre-transito-cabanillas\/#primaryimage"},"image":{"@id":"http:\/\/elregionalvm.com.ar\/noticias-villa-maria\/beatificacion-de-madre-transito-cabanillas\/#primaryimage"},"thumbnailUrl":"","datePublished":"2020-05-29T23:43:52+00:00","dateModified":"2020-06-16T18:45:19+00:00","author":{"@id":"http:\/\/elregionalvm.com.ar\/noticias-villa-maria\/#\/schema\/person\/df5ff3f005acf29788aed9cb359f1193"},"breadcrumb":{"@id":"http:\/\/elregionalvm.com.ar\/noticias-villa-maria\/beatificacion-de-madre-transito-cabanillas\/#breadcrumb"},"inLanguage":"es","potentialAction":[{"@type":"ReadAction","target":["http:\/\/elregionalvm.com.ar\/noticias-villa-maria\/beatificacion-de-madre-transito-cabanillas\/"]}]},{"@type":"ImageObject","inLanguage":"es","@id":"http:\/\/elregionalvm.com.ar\/noticias-villa-maria\/beatificacion-de-madre-transito-cabanillas\/#primaryimage","url":"","contentUrl":""},{"@type":"BreadcrumbList","@id":"http:\/\/elregionalvm.com.ar\/noticias-villa-maria\/beatificacion-de-madre-transito-cabanillas\/#breadcrumb","itemListElement":[{"@type":"ListItem","position":1,"name":"Portada","item":"https:\/\/elregionalvm.com.ar\/noticias-villa-maria\/"},{"@type":"ListItem","position":2,"name":"Beatificaci\u00f3n de Madre Tr\u00e1nsito Cabanillas"}]},{"@type":"WebSite","@id":"http:\/\/elregionalvm.com.ar\/noticias-villa-maria\/#website","url":"http:\/\/elregionalvm.com.ar\/noticias-villa-maria\/","name":"El Regional","description":"Mucho m\u00e1s que informaci\u00f3n","potentialAction":[{"@type":"SearchAction","target":{"@type":"EntryPoint","urlTemplate":"http:\/\/elregionalvm.com.ar\/noticias-villa-maria\/?s={search_term_string}"},"query-input":{"@type":"PropertyValueSpecification","valueRequired":true,"valueName":"search_term_string"}}],"inLanguage":"es"},{"@type":"Person","@id":"http:\/\/elregionalvm.com.ar\/noticias-villa-maria\/#\/schema\/person\/df5ff3f005acf29788aed9cb359f1193","name":"Miguel Andreis","image":{"@type":"ImageObject","inLanguage":"es","@id":"http:\/\/elregionalvm.com.ar\/noticias-villa-maria\/#\/schema\/person\/image\/","url":"https:\/\/secure.gravatar.com\/avatar\/c643381cd03da38327c6407e6886e7182d881f2ecf94a7902ca262c41f9d8884?s=96&d=mm&r=g","contentUrl":"https:\/\/secure.gravatar.com\/avatar\/c643381cd03da38327c6407e6886e7182d881f2ecf94a7902ca262c41f9d8884?s=96&d=mm&r=g","caption":"Miguel Andreis"},"url":"https:\/\/elregionalvm.com.ar\/noticias-villa-maria\/author\/miguelandreis\/"}]}},"jetpack_featured_media_url":"","jetpack_sharing_enabled":true,"_links":{"self":[{"href":"https:\/\/elregionalvm.com.ar\/noticias-villa-maria\/wp-json\/wp\/v2\/posts\/16012","targetHints":{"allow":["GET"]}}],"collection":[{"href":"https:\/\/elregionalvm.com.ar\/noticias-villa-maria\/wp-json\/wp\/v2\/posts"}],"about":[{"href":"https:\/\/elregionalvm.com.ar\/noticias-villa-maria\/wp-json\/wp\/v2\/types\/post"}],"author":[{"embeddable":true,"href":"https:\/\/elregionalvm.com.ar\/noticias-villa-maria\/wp-json\/wp\/v2\/users\/5"}],"replies":[{"embeddable":true,"href":"https:\/\/elregionalvm.com.ar\/noticias-villa-maria\/wp-json\/wp\/v2\/comments?post=16012"}],"version-history":[{"count":1,"href":"https:\/\/elregionalvm.com.ar\/noticias-villa-maria\/wp-json\/wp\/v2\/posts\/16012\/revisions"}],"predecessor-version":[{"id":18093,"href":"https:\/\/elregionalvm.com.ar\/noticias-villa-maria\/wp-json\/wp\/v2\/posts\/16012\/revisions\/18093"}],"wp:featuredmedia":[{"embeddable":true,"href":"https:\/\/elregionalvm.com.ar\/noticias-villa-maria\/wp-json\/"}],"wp:attachment":[{"href":"https:\/\/elregionalvm.com.ar\/noticias-villa-maria\/wp-json\/wp\/v2\/media?parent=16012"}],"wp:term":[{"taxonomy":"category","embeddable":true,"href":"https:\/\/elregionalvm.com.ar\/noticias-villa-maria\/wp-json\/wp\/v2\/categories?post=16012"},{"taxonomy":"post_tag","embeddable":true,"href":"https:\/\/elregionalvm.com.ar\/noticias-villa-maria\/wp-json\/wp\/v2\/tags?post=16012"}],"curies":[{"name":"wp","href":"https:\/\/api.w.org\/{rel}","templated":true}]}}