{"id":16016,"date":"2020-05-29T23:59:50","date_gmt":"2020-05-29T23:59:50","guid":{"rendered":"http:\/\/www.elregionalvm.com.ar\/?p=16016"},"modified":"2020-06-16T16:59:20","modified_gmt":"2020-06-16T16:59:20","slug":"erasmo-ramirez-y-el-distrito-militar-de-la-villa","status":"publish","type":"post","link":"https:\/\/elregionalvm.com.ar\/noticias-villa-maria\/erasmo-ramirez-y-el-distrito-militar-de-la-villa\/","title":{"rendered":"Erasmo Ram\u00edrez y el Distrito Militar de la villa\u2026"},"content":{"rendered":"\n\t\t\t\t<![CDATA[\n<p>Escribe: Julio Ben\u00edtez<\/p>\n\n\n<p>El 25 de Mayo de 1810, al\nestablecerse el Primer Gobierno Patrio, se cre\u00f3 el Departamento de Guerra, cuyo\ntitular fue don Mariano Moreno, quien &nbsp;estableci\u00f3, por Bando N\u00b0 1, &nbsp;que los civiles entregaran todas las armas en\nsu poder.<\/p>\n\n\n<p>Cuatro d\u00edas despu\u00e9s decret\u00f3 la\nformaci\u00f3n de cuerpos militares sobre la base de los batallones preexistentes,\ncreados para luchar contra los ingleses en 1806\/1807. As\u00ed surgieron el\nRegimiento 1; el 2, Patricios; el 3, Arribe\u00f1os; 4 de los Monta\u00f1istas y el 5\nproveniente del Batall\u00f3n de los Andaluces.<\/p>\n\n\n<p>En Pig\u00fc\u00e9, en 1896, el 15 de abril,\n8.000 soldados realizaron lo que ser\u00eda el primer servicio militar, en el Valle\ndel Cura Malal Grande, haciendo ejercicios militares por una eventual guerra\ncon Chile.<\/p>\n\n\n<p>Y en 1901, siendo presidente\nJulio Argentino Roca, se sancion\u00f3 la Ley del S.M.O., estableciendo tambi\u00e9n una\nbase de la Armada en Puerto Belgrano, que cubr\u00eda todo el litoral patag\u00f3nico,\nante la posibilidad de un ataque mar\u00edtimo.<\/p>\n\n\n<p>Este movimiento de soldados,\nrequer\u00eda una administraci\u00f3n descentralizada del poder central, por lo que se\ncrearon los Distritos Militares, siendo designado con el N\u00b0 45 el que se\nestableci\u00f3 en nuestra ciudad, en calle Tucum\u00e1n 1068.<\/p>\n\n\n<p>Oportunamente entrevistamos al\nse\u00f1or Erasmo Omar Ram\u00edrez (Fotograf\u00eda, que falleci\u00f3 al poco tiempo de\nrealizarse esta nota) que nos hab\u00eda manifestado: \u201cAscend\u00ed a Sargento Ayudante\nOficinista de 2da. (R). Hab\u00eda ingresado &nbsp;en dicha instituci\u00f3n el 31 de diciembre de 1956.\n&nbsp;El DM.45 ten\u00eda jurisdicci\u00f3n en los\nDepartamentos General San Mart\u00edn, Ju\u00e1rez Celman,&nbsp; Tercero Arriba y Calamuchita. <\/p>\n\n\n<p>Se distribu\u00eda en Secciones, en la\n1ra.: Oficina Central, Mesa de Entradas y Administraci\u00f3n; en la 2da., Oficina\nOperaciones y Movilizaci\u00f3n; 3ra., Reclutamiento e Incorporaciones, Enrolamiento\ny Cambios de Domicilio, Encargado del dep\u00f3sito de ropa y armas del personal del\nDistrito.<\/p>\n\n\n<p><strong>Los\nsorteos<\/strong><\/p>\n\n\n<p>&#8211; Por a\u00f1o se convocaba a unos\n2800 j\u00f3venes para revisaci\u00f3n m\u00e9dica, que se efectuaba con toda seriedad, es decir\nque el tema salud de nuestros j\u00f3venes estaba controlado, tanto en enfermedades\ninfecciosas como &nbsp;cr\u00f3nicas. Al joven que\npresentaba alg\u00fan mal o dolencia, lo derivaban al Hospital Militar de C\u00f3rdoba,\ndonde lo internaban y trataban hasta su total recuperaci\u00f3n, todo un tema muy\nimportante para quienes, por distintos motivos, no &nbsp;pod\u00edan realizarse los chequeos necesarios, una\nloable tarea que cumpl\u00edan&nbsp; Ej\u00e9rcito,&nbsp; Armada y &nbsp;Aeron\u00e1utica. &nbsp;El sorteo se realizaba en el mes de mayo, el\nchequeo m\u00e9dico en setiembre y la fecha de&nbsp;\nincorporaci\u00f3n estaba determinaba&nbsp; por\nla necesidad del servicio. En el DM.45, cumpl\u00edan con su SMO., unos &nbsp;20 a 30 soldados, en &nbsp;tareas administrativas, quienes recib\u00edan la\ncorrespondiente instrucci\u00f3n militar.<\/p>\n\n\n<p>En 1959 fui trasladado al D.M.19\nubicado en la ciudad de La Plata, y en el a\u00f1o 1961 volv\u00ed a Villa Mar\u00eda, hasta\nSetiembre de 1965, en que fueron fusionados los DM.44 (Bell Ville), 45 y 46 (R\u00edo\nCuarto), hasta el a\u00f1o 1970, cuando pasamos a depender del Batall\u00f3n de Arsenales\n141 ubicado en Holberg, &nbsp;que despu\u00e9s, en\n1975, fue designado como DM. R\u00edo Cuarto\u201d.<\/p>\n\n\n<p>Tambi\u00e9n tuvimos oportunidad de\nconversar con el ex \u2013 soldado clase 1931, se\u00f1or Rolando Vogler, que nos ha\nproporcionado la foto del equipo de f\u00fatbol &nbsp;del a\u00f1o 1952, que compet\u00eda con conjuntos de\ncomercio y\/o instituciones oficiales, en la Plaza de Ejercicios F\u00edsicos.<\/p>\n\n\n<p>NOTA: Datos primeros cinco\np\u00e1rrafos \u201cHistoria Oficial\u201d \u2013 Archivo Hist\u00f3rico Nacioal.<\/p>\n]]>\t\t","protected":false},"excerpt":{"rendered":"<p>\t\t\t\t<![CDATA[]]>\t\t<\/p>\n","protected":false},"author":5,"featured_media":16017,"comment_status":"open","ping_status":"open","sticky":false,"template":"","format":"standard","meta":{"site-sidebar-layout":"default","site-content-layout":"","ast-site-content-layout":"default","site-content-style":"default","site-sidebar-style":"default","ast-global-header-display":"","ast-banner-title-visibility":"","ast-main-header-display":"","ast-hfb-above-header-display":"","ast-hfb-below-header-display":"","ast-hfb-mobile-header-display":"","site-post-title":"","ast-breadcrumbs-content":"","ast-featured-img":"","footer-sml-layout":"","ast-disable-related-posts":"","theme-transparent-header-meta":"","adv-header-id-meta":"","stick-header-meta":"","header-above-stick-meta":"","header-main-stick-meta":"","header-below-stick-meta":"","astra-migrate-meta-layouts":"default","ast-page-background-enabled":"default","ast-page-background-meta":{"desktop":{"background-color":"","background-image":"","background-repeat":"repeat","background-position":"center center","background-size":"auto","background-attachment":"scroll","background-type":"","background-media":"","overlay-type":"","overlay-color":"","overlay-opacity":"","overlay-gradient":""},"tablet":{"background-color":"","background-image":"","background-repeat":"repeat","background-position":"center center","background-size":"auto","background-attachment":"scroll","background-type":"","background-media":"","overlay-type":"","overlay-color":"","overlay-opacity":"","overlay-gradient":""},"mobile":{"background-color":"","background-image":"","background-repeat":"repeat","background-position":"center center","background-size":"auto","background-attachment":"scroll","background-type":"","background-media":"","overlay-type":"","overlay-color":"","overlay-opacity":"","overlay-gradient":""}},"ast-content-background-meta":{"desktop":{"background-color":"var(--ast-global-color-5)","background-image":"","background-repeat":"repeat","background-position":"center center","background-size":"auto","background-attachment":"scroll","background-type":"","background-media":"","overlay-type":"","overlay-color":"","overlay-opacity":"","overlay-gradient":""},"tablet":{"background-color":"var(--ast-global-color-5)","background-image":"","background-repeat":"repeat","background-position":"center center","background-size":"auto","background-attachment":"scroll","background-type":"","background-media":"","overlay-type":"","overlay-color":"","overlay-opacity":"","overlay-gradient":""},"mobile":{"background-color":"var(--ast-global-color-5)","background-image":"","background-repeat":"repeat","background-position":"center center","background-size":"auto","background-attachment":"scroll","background-type":"","background-media":"","overlay-type":"","overlay-color":"","overlay-opacity":"","overlay-gradient":""}},"_jetpack_memberships_contains_paid_content":false,"_joinchat":[],"footnotes":""},"categories":[5],"tags":[],"class_list":["post-16016","post","type-post","status-publish","format-standard","has-post-thumbnail","hentry","category-sociedad"],"yoast_head":"<!-- This site is optimized with the Yoast SEO plugin v26.8 - https:\/\/yoast.com\/product\/yoast-seo-wordpress\/ -->\n<title>Erasmo Ram\u00edrez y el Distrito Militar de la villa\u2026 - El Regional<\/title>\n<meta name=\"robots\" content=\"index, follow, max-snippet:-1, max-image-preview:large, max-video-preview:-1\" \/>\n<link rel=\"canonical\" href=\"http:\/\/elregionalvm.com.ar\/noticias-villa-maria\/erasmo-ramirez-y-el-distrito-militar-de-la-villa\/\" \/>\n<meta property=\"og:locale\" content=\"es_ES\" \/>\n<meta property=\"og:type\" content=\"article\" \/>\n<meta property=\"og:title\" content=\"Erasmo Ram\u00edrez y el Distrito Militar de la villa\u2026 - El Regional\" \/>\n<meta property=\"og:url\" content=\"http:\/\/elregionalvm.com.ar\/noticias-villa-maria\/erasmo-ramirez-y-el-distrito-militar-de-la-villa\/\" \/>\n<meta property=\"og:site_name\" content=\"El Regional\" \/>\n<meta property=\"article:publisher\" content=\"https:\/\/www.facebook.com\/elregionalvm\" \/>\n<meta property=\"article:published_time\" content=\"2020-05-29T23:59:50+00:00\" \/>\n<meta property=\"article:modified_time\" content=\"2020-06-16T16:59:20+00:00\" \/>\n<meta name=\"author\" content=\"Miguel Andreis\" \/>\n<meta name=\"twitter:card\" content=\"summary_large_image\" \/>\n<meta name=\"twitter:creator\" content=\"@elregionalvm1\" \/>\n<meta name=\"twitter:site\" content=\"@elregionalvm1\" \/>\n<meta name=\"twitter:label1\" content=\"Escrito por\" \/>\n\t<meta name=\"twitter:data1\" content=\"Miguel Andreis\" \/>\n\t<meta name=\"twitter:label2\" content=\"Tiempo de lectura\" \/>\n\t<meta name=\"twitter:data2\" content=\"3 minutos\" \/>\n<script type=\"application\/ld+json\" class=\"yoast-schema-graph\">{\"@context\":\"https:\/\/schema.org\",\"@graph\":[{\"@type\":\"Article\",\"@id\":\"http:\/\/elregionalvm.com.ar\/noticias-villa-maria\/erasmo-ramirez-y-el-distrito-militar-de-la-villa\/#article\",\"isPartOf\":{\"@id\":\"http:\/\/elregionalvm.com.ar\/noticias-villa-maria\/erasmo-ramirez-y-el-distrito-militar-de-la-villa\/\"},\"author\":{\"name\":\"Miguel Andreis\",\"@id\":\"http:\/\/elregionalvm.com.ar\/noticias-villa-maria\/#\/schema\/person\/df5ff3f005acf29788aed9cb359f1193\"},\"headline\":\"Erasmo Ram\u00edrez y el Distrito Militar de la villa\u2026\",\"datePublished\":\"2020-05-29T23:59:50+00:00\",\"dateModified\":\"2020-06-16T16:59:20+00:00\",\"mainEntityOfPage\":{\"@id\":\"http:\/\/elregionalvm.com.ar\/noticias-villa-maria\/erasmo-ramirez-y-el-distrito-militar-de-la-villa\/\"},\"wordCount\":608,\"commentCount\":0,\"image\":{\"@id\":\"http:\/\/elregionalvm.com.ar\/noticias-villa-maria\/erasmo-ramirez-y-el-distrito-militar-de-la-villa\/#primaryimage\"},\"thumbnailUrl\":\"\",\"articleSection\":[\"Sociedad\"],\"inLanguage\":\"es\",\"potentialAction\":[{\"@type\":\"CommentAction\",\"name\":\"Comment\",\"target\":[\"http:\/\/elregionalvm.com.ar\/noticias-villa-maria\/erasmo-ramirez-y-el-distrito-militar-de-la-villa\/#respond\"]}]},{\"@type\":\"WebPage\",\"@id\":\"http:\/\/elregionalvm.com.ar\/noticias-villa-maria\/erasmo-ramirez-y-el-distrito-militar-de-la-villa\/\",\"url\":\"http:\/\/elregionalvm.com.ar\/noticias-villa-maria\/erasmo-ramirez-y-el-distrito-militar-de-la-villa\/\",\"name\":\"Erasmo Ram\u00edrez y el Distrito Militar de la villa\u2026 - El Regional\",\"isPartOf\":{\"@id\":\"http:\/\/elregionalvm.com.ar\/noticias-villa-maria\/#website\"},\"primaryImageOfPage\":{\"@id\":\"http:\/\/elregionalvm.com.ar\/noticias-villa-maria\/erasmo-ramirez-y-el-distrito-militar-de-la-villa\/#primaryimage\"},\"image\":{\"@id\":\"http:\/\/elregionalvm.com.ar\/noticias-villa-maria\/erasmo-ramirez-y-el-distrito-militar-de-la-villa\/#primaryimage\"},\"thumbnailUrl\":\"\",\"datePublished\":\"2020-05-29T23:59:50+00:00\",\"dateModified\":\"2020-06-16T16:59:20+00:00\",\"author\":{\"@id\":\"http:\/\/elregionalvm.com.ar\/noticias-villa-maria\/#\/schema\/person\/df5ff3f005acf29788aed9cb359f1193\"},\"breadcrumb\":{\"@id\":\"http:\/\/elregionalvm.com.ar\/noticias-villa-maria\/erasmo-ramirez-y-el-distrito-militar-de-la-villa\/#breadcrumb\"},\"inLanguage\":\"es\",\"potentialAction\":[{\"@type\":\"ReadAction\",\"target\":[\"http:\/\/elregionalvm.com.ar\/noticias-villa-maria\/erasmo-ramirez-y-el-distrito-militar-de-la-villa\/\"]}]},{\"@type\":\"ImageObject\",\"inLanguage\":\"es\",\"@id\":\"http:\/\/elregionalvm.com.ar\/noticias-villa-maria\/erasmo-ramirez-y-el-distrito-militar-de-la-villa\/#primaryimage\",\"url\":\"\",\"contentUrl\":\"\"},{\"@type\":\"BreadcrumbList\",\"@id\":\"http:\/\/elregionalvm.com.ar\/noticias-villa-maria\/erasmo-ramirez-y-el-distrito-militar-de-la-villa\/#breadcrumb\",\"itemListElement\":[{\"@type\":\"ListItem\",\"position\":1,\"name\":\"Portada\",\"item\":\"https:\/\/elregionalvm.com.ar\/noticias-villa-maria\/\"},{\"@type\":\"ListItem\",\"position\":2,\"name\":\"Erasmo Ram\u00edrez y el Distrito Militar de la villa\u2026\"}]},{\"@type\":\"WebSite\",\"@id\":\"http:\/\/elregionalvm.com.ar\/noticias-villa-maria\/#website\",\"url\":\"http:\/\/elregionalvm.com.ar\/noticias-villa-maria\/\",\"name\":\"El Regional\",\"description\":\"Mucho m\u00e1s que informaci\u00f3n\",\"potentialAction\":[{\"@type\":\"SearchAction\",\"target\":{\"@type\":\"EntryPoint\",\"urlTemplate\":\"http:\/\/elregionalvm.com.ar\/noticias-villa-maria\/?s={search_term_string}\"},\"query-input\":{\"@type\":\"PropertyValueSpecification\",\"valueRequired\":true,\"valueName\":\"search_term_string\"}}],\"inLanguage\":\"es\"},{\"@type\":\"Person\",\"@id\":\"http:\/\/elregionalvm.com.ar\/noticias-villa-maria\/#\/schema\/person\/df5ff3f005acf29788aed9cb359f1193\",\"name\":\"Miguel Andreis\",\"image\":{\"@type\":\"ImageObject\",\"inLanguage\":\"es\",\"@id\":\"http:\/\/elregionalvm.com.ar\/noticias-villa-maria\/#\/schema\/person\/image\/\",\"url\":\"https:\/\/secure.gravatar.com\/avatar\/c643381cd03da38327c6407e6886e7182d881f2ecf94a7902ca262c41f9d8884?s=96&d=mm&r=g\",\"contentUrl\":\"https:\/\/secure.gravatar.com\/avatar\/c643381cd03da38327c6407e6886e7182d881f2ecf94a7902ca262c41f9d8884?s=96&d=mm&r=g\",\"caption\":\"Miguel Andreis\"},\"url\":\"https:\/\/elregionalvm.com.ar\/noticias-villa-maria\/author\/miguelandreis\/\"}]}<\/script>\n<!-- \/ Yoast SEO plugin. -->","yoast_head_json":{"title":"Erasmo Ram\u00edrez y el Distrito Militar de la villa\u2026 - El Regional","robots":{"index":"index","follow":"follow","max-snippet":"max-snippet:-1","max-image-preview":"max-image-preview:large","max-video-preview":"max-video-preview:-1"},"canonical":"http:\/\/elregionalvm.com.ar\/noticias-villa-maria\/erasmo-ramirez-y-el-distrito-militar-de-la-villa\/","og_locale":"es_ES","og_type":"article","og_title":"Erasmo Ram\u00edrez y el Distrito Militar de la villa\u2026 - El Regional","og_url":"http:\/\/elregionalvm.com.ar\/noticias-villa-maria\/erasmo-ramirez-y-el-distrito-militar-de-la-villa\/","og_site_name":"El Regional","article_publisher":"https:\/\/www.facebook.com\/elregionalvm","article_published_time":"2020-05-29T23:59:50+00:00","article_modified_time":"2020-06-16T16:59:20+00:00","author":"Miguel Andreis","twitter_card":"summary_large_image","twitter_creator":"@elregionalvm1","twitter_site":"@elregionalvm1","twitter_misc":{"Escrito por":"Miguel Andreis","Tiempo de lectura":"3 minutos"},"schema":{"@context":"https:\/\/schema.org","@graph":[{"@type":"Article","@id":"http:\/\/elregionalvm.com.ar\/noticias-villa-maria\/erasmo-ramirez-y-el-distrito-militar-de-la-villa\/#article","isPartOf":{"@id":"http:\/\/elregionalvm.com.ar\/noticias-villa-maria\/erasmo-ramirez-y-el-distrito-militar-de-la-villa\/"},"author":{"name":"Miguel Andreis","@id":"http:\/\/elregionalvm.com.ar\/noticias-villa-maria\/#\/schema\/person\/df5ff3f005acf29788aed9cb359f1193"},"headline":"Erasmo Ram\u00edrez y el Distrito Militar de la villa\u2026","datePublished":"2020-05-29T23:59:50+00:00","dateModified":"2020-06-16T16:59:20+00:00","mainEntityOfPage":{"@id":"http:\/\/elregionalvm.com.ar\/noticias-villa-maria\/erasmo-ramirez-y-el-distrito-militar-de-la-villa\/"},"wordCount":608,"commentCount":0,"image":{"@id":"http:\/\/elregionalvm.com.ar\/noticias-villa-maria\/erasmo-ramirez-y-el-distrito-militar-de-la-villa\/#primaryimage"},"thumbnailUrl":"","articleSection":["Sociedad"],"inLanguage":"es","potentialAction":[{"@type":"CommentAction","name":"Comment","target":["http:\/\/elregionalvm.com.ar\/noticias-villa-maria\/erasmo-ramirez-y-el-distrito-militar-de-la-villa\/#respond"]}]},{"@type":"WebPage","@id":"http:\/\/elregionalvm.com.ar\/noticias-villa-maria\/erasmo-ramirez-y-el-distrito-militar-de-la-villa\/","url":"http:\/\/elregionalvm.com.ar\/noticias-villa-maria\/erasmo-ramirez-y-el-distrito-militar-de-la-villa\/","name":"Erasmo Ram\u00edrez y el Distrito Militar de la villa\u2026 - El Regional","isPartOf":{"@id":"http:\/\/elregionalvm.com.ar\/noticias-villa-maria\/#website"},"primaryImageOfPage":{"@id":"http:\/\/elregionalvm.com.ar\/noticias-villa-maria\/erasmo-ramirez-y-el-distrito-militar-de-la-villa\/#primaryimage"},"image":{"@id":"http:\/\/elregionalvm.com.ar\/noticias-villa-maria\/erasmo-ramirez-y-el-distrito-militar-de-la-villa\/#primaryimage"},"thumbnailUrl":"","datePublished":"2020-05-29T23:59:50+00:00","dateModified":"2020-06-16T16:59:20+00:00","author":{"@id":"http:\/\/elregionalvm.com.ar\/noticias-villa-maria\/#\/schema\/person\/df5ff3f005acf29788aed9cb359f1193"},"breadcrumb":{"@id":"http:\/\/elregionalvm.com.ar\/noticias-villa-maria\/erasmo-ramirez-y-el-distrito-militar-de-la-villa\/#breadcrumb"},"inLanguage":"es","potentialAction":[{"@type":"ReadAction","target":["http:\/\/elregionalvm.com.ar\/noticias-villa-maria\/erasmo-ramirez-y-el-distrito-militar-de-la-villa\/"]}]},{"@type":"ImageObject","inLanguage":"es","@id":"http:\/\/elregionalvm.com.ar\/noticias-villa-maria\/erasmo-ramirez-y-el-distrito-militar-de-la-villa\/#primaryimage","url":"","contentUrl":""},{"@type":"BreadcrumbList","@id":"http:\/\/elregionalvm.com.ar\/noticias-villa-maria\/erasmo-ramirez-y-el-distrito-militar-de-la-villa\/#breadcrumb","itemListElement":[{"@type":"ListItem","position":1,"name":"Portada","item":"https:\/\/elregionalvm.com.ar\/noticias-villa-maria\/"},{"@type":"ListItem","position":2,"name":"Erasmo Ram\u00edrez y el Distrito Militar de la villa\u2026"}]},{"@type":"WebSite","@id":"http:\/\/elregionalvm.com.ar\/noticias-villa-maria\/#website","url":"http:\/\/elregionalvm.com.ar\/noticias-villa-maria\/","name":"El Regional","description":"Mucho m\u00e1s que informaci\u00f3n","potentialAction":[{"@type":"SearchAction","target":{"@type":"EntryPoint","urlTemplate":"http:\/\/elregionalvm.com.ar\/noticias-villa-maria\/?s={search_term_string}"},"query-input":{"@type":"PropertyValueSpecification","valueRequired":true,"valueName":"search_term_string"}}],"inLanguage":"es"},{"@type":"Person","@id":"http:\/\/elregionalvm.com.ar\/noticias-villa-maria\/#\/schema\/person\/df5ff3f005acf29788aed9cb359f1193","name":"Miguel Andreis","image":{"@type":"ImageObject","inLanguage":"es","@id":"http:\/\/elregionalvm.com.ar\/noticias-villa-maria\/#\/schema\/person\/image\/","url":"https:\/\/secure.gravatar.com\/avatar\/c643381cd03da38327c6407e6886e7182d881f2ecf94a7902ca262c41f9d8884?s=96&d=mm&r=g","contentUrl":"https:\/\/secure.gravatar.com\/avatar\/c643381cd03da38327c6407e6886e7182d881f2ecf94a7902ca262c41f9d8884?s=96&d=mm&r=g","caption":"Miguel Andreis"},"url":"https:\/\/elregionalvm.com.ar\/noticias-villa-maria\/author\/miguelandreis\/"}]}},"jetpack_featured_media_url":"","jetpack_sharing_enabled":true,"_links":{"self":[{"href":"https:\/\/elregionalvm.com.ar\/noticias-villa-maria\/wp-json\/wp\/v2\/posts\/16016","targetHints":{"allow":["GET"]}}],"collection":[{"href":"https:\/\/elregionalvm.com.ar\/noticias-villa-maria\/wp-json\/wp\/v2\/posts"}],"about":[{"href":"https:\/\/elregionalvm.com.ar\/noticias-villa-maria\/wp-json\/wp\/v2\/types\/post"}],"author":[{"embeddable":true,"href":"https:\/\/elregionalvm.com.ar\/noticias-villa-maria\/wp-json\/wp\/v2\/users\/5"}],"replies":[{"embeddable":true,"href":"https:\/\/elregionalvm.com.ar\/noticias-villa-maria\/wp-json\/wp\/v2\/comments?post=16016"}],"version-history":[{"count":1,"href":"https:\/\/elregionalvm.com.ar\/noticias-villa-maria\/wp-json\/wp\/v2\/posts\/16016\/revisions"}],"predecessor-version":[{"id":18084,"href":"https:\/\/elregionalvm.com.ar\/noticias-villa-maria\/wp-json\/wp\/v2\/posts\/16016\/revisions\/18084"}],"wp:featuredmedia":[{"embeddable":true,"href":"https:\/\/elregionalvm.com.ar\/noticias-villa-maria\/wp-json\/"}],"wp:attachment":[{"href":"https:\/\/elregionalvm.com.ar\/noticias-villa-maria\/wp-json\/wp\/v2\/media?parent=16016"}],"wp:term":[{"taxonomy":"category","embeddable":true,"href":"https:\/\/elregionalvm.com.ar\/noticias-villa-maria\/wp-json\/wp\/v2\/categories?post=16016"},{"taxonomy":"post_tag","embeddable":true,"href":"https:\/\/elregionalvm.com.ar\/noticias-villa-maria\/wp-json\/wp\/v2\/tags?post=16016"}],"curies":[{"name":"wp","href":"https:\/\/api.w.org\/{rel}","templated":true}]}}