{"id":16034,"date":"2020-06-02T02:16:39","date_gmt":"2020-06-02T02:16:39","guid":{"rendered":"http:\/\/www.elregionalvm.com.ar\/?p=16034"},"modified":"2020-06-16T16:59:09","modified_gmt":"2020-06-16T16:59:09","slug":"dos-jovenes-mas-muertos-por-la-merca-y-van","status":"publish","type":"post","link":"https:\/\/elregionalvm.com.ar\/noticias-villa-maria\/dos-jovenes-mas-muertos-por-la-merca-y-van\/","title":{"rendered":"Dos j\u00f3venes  m\u00e1s muertos por la \u201cMerca\u201d, \u00bf\u00a1Y van!?"},"content":{"rendered":"\n\t\t\t\t<![CDATA[\n<p>La droga, peor que el peor virus\u2026<\/p>\n\n\n<p><\/p>\n\n\n<p><strong>Escribe:\nMiguel Andreis<\/strong><\/p>\n\n\n<p>La \u00faltima semana de junio fue extremadamente nefasta para\nVilla Mar\u00eda.&nbsp; Dos j\u00f3venes muertos por una\nviolencia que desde hace tiempo se escap\u00f3 de las manos de los distintos\npoderes. Dos j\u00f3venes con pocas horas de diferencia perdieron sus vidas. En el\nmedio la droga. Es ella la que aprieta al gatillo o asesta un mortal golpe en\nla nuca de alguien que ya no responder\u00e1. Podr\u00eda decirse que aqu\u00ed, en estos dos\ncasos, los actores fueron de diferentes clases sociales, la intermediaria en la\nlocura, el mismo y blanco componente. El mismo disparador. La coca\u00edna. Polvo\nmaldito. La que rasgu\u00f1a las v\u00edsceras por dentro.&nbsp; La que destruye familias.&nbsp; Las que condena a una enfermedad de incierto\nregreso. En el medio, una sociedad absolutamente extraviada. Familiares\nexhaustos de golpear puertas sin encontrar respuestas.&nbsp; No hay vacunas ni aislamiento\nobligatorio.&nbsp; Casi no se habla de la\nletalidad de la misma, que mata por lejos, m\u00e1s que el peor de los virus. <\/p>\n\n\n<p>Por la misma causa, en esas horas hubo heridos en otros\nbarrios, armas blancas, piedras y alg\u00fan que otro ca\u00f1o humeante. Nos acongoja la\nnoticia. \u00bfPor cu\u00e1nto tiempo? Quiz\u00e1s hasta que otra vida se apague\ndefinitivamente.&nbsp; Hablar\u00e1n nuestros\nprejuicios. La palabra adicto se multiplicar\u00e1. Pocos, muy pocos asumir\u00e1n a la\nmisma como una enfermedad. La padece el que mata y el que muere tambi\u00e9n. \u201cEs\nrica, te dicen, es efectiva\u2026\u201d Tan efectiva que te lleva la vida.&nbsp; No se observan, apenas unos pocos, amagando\ncon el llamar a la ciudadan\u00eda toda, para llevar adelante una lucha. Con lo que\nexiste, sincer\u00e9monos, no es suficiente. Ya no es un problema de voluntad. No es\nnecesario el plantear nada que pase por encima las fuerzas de la Ley; ni creer\nque esto se puede solucionar por manos propias. Menos a\u00fan, quedarse solamente\nen la cr\u00edtica. Tal vez sea hora que no pocos se atrevan a conformar, alguna\norganizaci\u00f3n que represente a los padres o familiares que padecen\ncotidianamente los desvar\u00edos de un enfermo de su ADN; tal vez sea necesario que\nalgunos comiencen a juntarse. A dar el primer paso. A exigir mayores\nresultados.&nbsp; Convengamos que hace tiempo\nno se sabe, de que fueron detenidos quienes mueven los cargamentos m\u00e1s\nimportantes. Posiblemente esto tambi\u00e9n les venga bien a la Justicia, que\nquieran reconocerlo o no, est\u00e1n en la mira de la ciudadan\u00eda. Con raz\u00f3n o sin\nella. Se\u00f1ores de uniformes de diferentes colores, sobre ustedes tambi\u00e9n existe\nsuspicacia. Ayuden a que esa observancia desaparezca de la faz social.\nLamentablemente no se escuchan voces de los que est\u00e1n en el poder de turno. Se\nvuelve llamativo el silencio. La inacci\u00f3n. No alcanza con lo que hacen. Es\nabsolutamente insuficiente.&nbsp; Posiblemente\nvolvamos a reflexionar y a conmovernos cuando un hecho m\u00e1s de estas caracter\u00edsticas\nnos vuelva a convocar. Cada quien, sabe que los plazos ser\u00e1n m\u00e1s cortos.&nbsp; Los enfermos se multiplican y el negocio\nsigue siendo redituable para quienes no piensan en las consecuencias. Tal vez, sea\nhora de pensar que al final de la cuarentena, con sus consecuencias de\ninexorables p\u00e9rdidas econ\u00f3micas y de trabajos, eso de repartir muerte en cuotas,\nsea una \u201csalida laboral\u201d para no pocos j\u00f3venes. Los muertos, en su\nirracionalidad y desvar\u00edo, vendr\u00e1n solos. Y, continuaremos esperando que los\notros, siempre los otros, frenen ese tren descarrilado que transita sobre\nrieles de carne humana, que nos enferma a los hijos, se frene por sus propios\nmedios\u2026 Ese tren no tiene frenos ni l\u00edmites de velocidad. Para ellos no existen\nlas barreras.<\/p>\n]]>\t\t","protected":false},"excerpt":{"rendered":"<p>\t\t\t\t<![CDATA[]]>\t\t<\/p>\n","protected":false},"author":5,"featured_media":16035,"comment_status":"open","ping_status":"open","sticky":false,"template":"","format":"standard","meta":{"site-sidebar-layout":"default","site-content-layout":"","ast-site-content-layout":"default","site-content-style":"default","site-sidebar-style":"default","ast-global-header-display":"","ast-banner-title-visibility":"","ast-main-header-display":"","ast-hfb-above-header-display":"","ast-hfb-below-header-display":"","ast-hfb-mobile-header-display":"","site-post-title":"","ast-breadcrumbs-content":"","ast-featured-img":"","footer-sml-layout":"","ast-disable-related-posts":"","theme-transparent-header-meta":"","adv-header-id-meta":"","stick-header-meta":"","header-above-stick-meta":"","header-main-stick-meta":"","header-below-stick-meta":"","astra-migrate-meta-layouts":"default","ast-page-background-enabled":"default","ast-page-background-meta":{"desktop":{"background-color":"","background-image":"","background-repeat":"repeat","background-position":"center center","background-size":"auto","background-attachment":"scroll","background-type":"","background-media":"","overlay-type":"","overlay-color":"","overlay-opacity":"","overlay-gradient":""},"tablet":{"background-color":"","background-image":"","background-repeat":"repeat","background-position":"center center","background-size":"auto","background-attachment":"scroll","background-type":"","background-media":"","overlay-type":"","overlay-color":"","overlay-opacity":"","overlay-gradient":""},"mobile":{"background-color":"","background-image":"","background-repeat":"repeat","background-position":"center center","background-size":"auto","background-attachment":"scroll","background-type":"","background-media":"","overlay-type":"","overlay-color":"","overlay-opacity":"","overlay-gradient":""}},"ast-content-background-meta":{"desktop":{"background-color":"var(--ast-global-color-5)","background-image":"","background-repeat":"repeat","background-position":"center center","background-size":"auto","background-attachment":"scroll","background-type":"","background-media":"","overlay-type":"","overlay-color":"","overlay-opacity":"","overlay-gradient":""},"tablet":{"background-color":"var(--ast-global-color-5)","background-image":"","background-repeat":"repeat","background-position":"center center","background-size":"auto","background-attachment":"scroll","background-type":"","background-media":"","overlay-type":"","overlay-color":"","overlay-opacity":"","overlay-gradient":""},"mobile":{"background-color":"var(--ast-global-color-5)","background-image":"","background-repeat":"repeat","background-position":"center center","background-size":"auto","background-attachment":"scroll","background-type":"","background-media":"","overlay-type":"","overlay-color":"","overlay-opacity":"","overlay-gradient":""}},"_jetpack_memberships_contains_paid_content":false,"_joinchat":[],"footnotes":""},"categories":[5],"tags":[],"class_list":["post-16034","post","type-post","status-publish","format-standard","has-post-thumbnail","hentry","category-sociedad"],"yoast_head":"<!-- This site is optimized with the Yoast SEO plugin v26.8 - https:\/\/yoast.com\/product\/yoast-seo-wordpress\/ -->\n<title>Dos j\u00f3venes m\u00e1s muertos por la \u201cMerca\u201d, \u00bf\u00a1Y van!? - El Regional<\/title>\n<meta name=\"robots\" content=\"index, follow, max-snippet:-1, max-image-preview:large, max-video-preview:-1\" \/>\n<link rel=\"canonical\" href=\"http:\/\/elregionalvm.com.ar\/noticias-villa-maria\/dos-jovenes-mas-muertos-por-la-merca-y-van\/\" \/>\n<meta property=\"og:locale\" content=\"es_ES\" \/>\n<meta property=\"og:type\" content=\"article\" \/>\n<meta property=\"og:title\" content=\"Dos j\u00f3venes m\u00e1s muertos por la \u201cMerca\u201d, \u00bf\u00a1Y van!? - El Regional\" \/>\n<meta property=\"og:url\" content=\"http:\/\/elregionalvm.com.ar\/noticias-villa-maria\/dos-jovenes-mas-muertos-por-la-merca-y-van\/\" \/>\n<meta property=\"og:site_name\" content=\"El Regional\" \/>\n<meta property=\"article:publisher\" content=\"https:\/\/www.facebook.com\/elregionalvm\" \/>\n<meta property=\"article:published_time\" content=\"2020-06-02T02:16:39+00:00\" \/>\n<meta property=\"article:modified_time\" content=\"2020-06-16T16:59:09+00:00\" \/>\n<meta name=\"author\" content=\"Miguel Andreis\" \/>\n<meta name=\"twitter:card\" content=\"summary_large_image\" \/>\n<meta name=\"twitter:creator\" content=\"@elregionalvm1\" \/>\n<meta name=\"twitter:site\" content=\"@elregionalvm1\" \/>\n<meta name=\"twitter:label1\" content=\"Escrito por\" \/>\n\t<meta name=\"twitter:data1\" content=\"Miguel Andreis\" \/>\n\t<meta name=\"twitter:label2\" content=\"Tiempo de lectura\" \/>\n\t<meta name=\"twitter:data2\" content=\"3 minutos\" \/>\n<script type=\"application\/ld+json\" class=\"yoast-schema-graph\">{\"@context\":\"https:\/\/schema.org\",\"@graph\":[{\"@type\":\"Article\",\"@id\":\"http:\/\/elregionalvm.com.ar\/noticias-villa-maria\/dos-jovenes-mas-muertos-por-la-merca-y-van\/#article\",\"isPartOf\":{\"@id\":\"http:\/\/elregionalvm.com.ar\/noticias-villa-maria\/dos-jovenes-mas-muertos-por-la-merca-y-van\/\"},\"author\":{\"name\":\"Miguel Andreis\",\"@id\":\"http:\/\/elregionalvm.com.ar\/noticias-villa-maria\/#\/schema\/person\/df5ff3f005acf29788aed9cb359f1193\"},\"headline\":\"Dos j\u00f3venes m\u00e1s muertos por la \u201cMerca\u201d, \u00bf\u00a1Y van!?\",\"datePublished\":\"2020-06-02T02:16:39+00:00\",\"dateModified\":\"2020-06-16T16:59:09+00:00\",\"mainEntityOfPage\":{\"@id\":\"http:\/\/elregionalvm.com.ar\/noticias-villa-maria\/dos-jovenes-mas-muertos-por-la-merca-y-van\/\"},\"wordCount\":653,\"commentCount\":0,\"image\":{\"@id\":\"http:\/\/elregionalvm.com.ar\/noticias-villa-maria\/dos-jovenes-mas-muertos-por-la-merca-y-van\/#primaryimage\"},\"thumbnailUrl\":\"\",\"articleSection\":[\"Sociedad\"],\"inLanguage\":\"es\",\"potentialAction\":[{\"@type\":\"CommentAction\",\"name\":\"Comment\",\"target\":[\"http:\/\/elregionalvm.com.ar\/noticias-villa-maria\/dos-jovenes-mas-muertos-por-la-merca-y-van\/#respond\"]}]},{\"@type\":\"WebPage\",\"@id\":\"http:\/\/elregionalvm.com.ar\/noticias-villa-maria\/dos-jovenes-mas-muertos-por-la-merca-y-van\/\",\"url\":\"http:\/\/elregionalvm.com.ar\/noticias-villa-maria\/dos-jovenes-mas-muertos-por-la-merca-y-van\/\",\"name\":\"Dos j\u00f3venes m\u00e1s muertos por la \u201cMerca\u201d, \u00bf\u00a1Y van!? - El Regional\",\"isPartOf\":{\"@id\":\"http:\/\/elregionalvm.com.ar\/noticias-villa-maria\/#website\"},\"primaryImageOfPage\":{\"@id\":\"http:\/\/elregionalvm.com.ar\/noticias-villa-maria\/dos-jovenes-mas-muertos-por-la-merca-y-van\/#primaryimage\"},\"image\":{\"@id\":\"http:\/\/elregionalvm.com.ar\/noticias-villa-maria\/dos-jovenes-mas-muertos-por-la-merca-y-van\/#primaryimage\"},\"thumbnailUrl\":\"\",\"datePublished\":\"2020-06-02T02:16:39+00:00\",\"dateModified\":\"2020-06-16T16:59:09+00:00\",\"author\":{\"@id\":\"http:\/\/elregionalvm.com.ar\/noticias-villa-maria\/#\/schema\/person\/df5ff3f005acf29788aed9cb359f1193\"},\"breadcrumb\":{\"@id\":\"http:\/\/elregionalvm.com.ar\/noticias-villa-maria\/dos-jovenes-mas-muertos-por-la-merca-y-van\/#breadcrumb\"},\"inLanguage\":\"es\",\"potentialAction\":[{\"@type\":\"ReadAction\",\"target\":[\"http:\/\/elregionalvm.com.ar\/noticias-villa-maria\/dos-jovenes-mas-muertos-por-la-merca-y-van\/\"]}]},{\"@type\":\"ImageObject\",\"inLanguage\":\"es\",\"@id\":\"http:\/\/elregionalvm.com.ar\/noticias-villa-maria\/dos-jovenes-mas-muertos-por-la-merca-y-van\/#primaryimage\",\"url\":\"\",\"contentUrl\":\"\"},{\"@type\":\"BreadcrumbList\",\"@id\":\"http:\/\/elregionalvm.com.ar\/noticias-villa-maria\/dos-jovenes-mas-muertos-por-la-merca-y-van\/#breadcrumb\",\"itemListElement\":[{\"@type\":\"ListItem\",\"position\":1,\"name\":\"Portada\",\"item\":\"https:\/\/elregionalvm.com.ar\/noticias-villa-maria\/\"},{\"@type\":\"ListItem\",\"position\":2,\"name\":\"Dos j\u00f3venes m\u00e1s muertos por la \u201cMerca\u201d, \u00bf\u00a1Y van!?\"}]},{\"@type\":\"WebSite\",\"@id\":\"http:\/\/elregionalvm.com.ar\/noticias-villa-maria\/#website\",\"url\":\"http:\/\/elregionalvm.com.ar\/noticias-villa-maria\/\",\"name\":\"El Regional\",\"description\":\"Mucho m\u00e1s que informaci\u00f3n\",\"potentialAction\":[{\"@type\":\"SearchAction\",\"target\":{\"@type\":\"EntryPoint\",\"urlTemplate\":\"http:\/\/elregionalvm.com.ar\/noticias-villa-maria\/?s={search_term_string}\"},\"query-input\":{\"@type\":\"PropertyValueSpecification\",\"valueRequired\":true,\"valueName\":\"search_term_string\"}}],\"inLanguage\":\"es\"},{\"@type\":\"Person\",\"@id\":\"http:\/\/elregionalvm.com.ar\/noticias-villa-maria\/#\/schema\/person\/df5ff3f005acf29788aed9cb359f1193\",\"name\":\"Miguel Andreis\",\"image\":{\"@type\":\"ImageObject\",\"inLanguage\":\"es\",\"@id\":\"http:\/\/elregionalvm.com.ar\/noticias-villa-maria\/#\/schema\/person\/image\/\",\"url\":\"https:\/\/secure.gravatar.com\/avatar\/c643381cd03da38327c6407e6886e7182d881f2ecf94a7902ca262c41f9d8884?s=96&d=mm&r=g\",\"contentUrl\":\"https:\/\/secure.gravatar.com\/avatar\/c643381cd03da38327c6407e6886e7182d881f2ecf94a7902ca262c41f9d8884?s=96&d=mm&r=g\",\"caption\":\"Miguel Andreis\"},\"url\":\"https:\/\/elregionalvm.com.ar\/noticias-villa-maria\/author\/miguelandreis\/\"}]}<\/script>\n<!-- \/ Yoast SEO plugin. -->","yoast_head_json":{"title":"Dos j\u00f3venes m\u00e1s muertos por la \u201cMerca\u201d, \u00bf\u00a1Y van!? - El Regional","robots":{"index":"index","follow":"follow","max-snippet":"max-snippet:-1","max-image-preview":"max-image-preview:large","max-video-preview":"max-video-preview:-1"},"canonical":"http:\/\/elregionalvm.com.ar\/noticias-villa-maria\/dos-jovenes-mas-muertos-por-la-merca-y-van\/","og_locale":"es_ES","og_type":"article","og_title":"Dos j\u00f3venes m\u00e1s muertos por la \u201cMerca\u201d, \u00bf\u00a1Y van!? - El Regional","og_url":"http:\/\/elregionalvm.com.ar\/noticias-villa-maria\/dos-jovenes-mas-muertos-por-la-merca-y-van\/","og_site_name":"El Regional","article_publisher":"https:\/\/www.facebook.com\/elregionalvm","article_published_time":"2020-06-02T02:16:39+00:00","article_modified_time":"2020-06-16T16:59:09+00:00","author":"Miguel Andreis","twitter_card":"summary_large_image","twitter_creator":"@elregionalvm1","twitter_site":"@elregionalvm1","twitter_misc":{"Escrito por":"Miguel Andreis","Tiempo de lectura":"3 minutos"},"schema":{"@context":"https:\/\/schema.org","@graph":[{"@type":"Article","@id":"http:\/\/elregionalvm.com.ar\/noticias-villa-maria\/dos-jovenes-mas-muertos-por-la-merca-y-van\/#article","isPartOf":{"@id":"http:\/\/elregionalvm.com.ar\/noticias-villa-maria\/dos-jovenes-mas-muertos-por-la-merca-y-van\/"},"author":{"name":"Miguel Andreis","@id":"http:\/\/elregionalvm.com.ar\/noticias-villa-maria\/#\/schema\/person\/df5ff3f005acf29788aed9cb359f1193"},"headline":"Dos j\u00f3venes m\u00e1s muertos por la \u201cMerca\u201d, \u00bf\u00a1Y van!?","datePublished":"2020-06-02T02:16:39+00:00","dateModified":"2020-06-16T16:59:09+00:00","mainEntityOfPage":{"@id":"http:\/\/elregionalvm.com.ar\/noticias-villa-maria\/dos-jovenes-mas-muertos-por-la-merca-y-van\/"},"wordCount":653,"commentCount":0,"image":{"@id":"http:\/\/elregionalvm.com.ar\/noticias-villa-maria\/dos-jovenes-mas-muertos-por-la-merca-y-van\/#primaryimage"},"thumbnailUrl":"","articleSection":["Sociedad"],"inLanguage":"es","potentialAction":[{"@type":"CommentAction","name":"Comment","target":["http:\/\/elregionalvm.com.ar\/noticias-villa-maria\/dos-jovenes-mas-muertos-por-la-merca-y-van\/#respond"]}]},{"@type":"WebPage","@id":"http:\/\/elregionalvm.com.ar\/noticias-villa-maria\/dos-jovenes-mas-muertos-por-la-merca-y-van\/","url":"http:\/\/elregionalvm.com.ar\/noticias-villa-maria\/dos-jovenes-mas-muertos-por-la-merca-y-van\/","name":"Dos j\u00f3venes m\u00e1s muertos por la \u201cMerca\u201d, \u00bf\u00a1Y van!? - El Regional","isPartOf":{"@id":"http:\/\/elregionalvm.com.ar\/noticias-villa-maria\/#website"},"primaryImageOfPage":{"@id":"http:\/\/elregionalvm.com.ar\/noticias-villa-maria\/dos-jovenes-mas-muertos-por-la-merca-y-van\/#primaryimage"},"image":{"@id":"http:\/\/elregionalvm.com.ar\/noticias-villa-maria\/dos-jovenes-mas-muertos-por-la-merca-y-van\/#primaryimage"},"thumbnailUrl":"","datePublished":"2020-06-02T02:16:39+00:00","dateModified":"2020-06-16T16:59:09+00:00","author":{"@id":"http:\/\/elregionalvm.com.ar\/noticias-villa-maria\/#\/schema\/person\/df5ff3f005acf29788aed9cb359f1193"},"breadcrumb":{"@id":"http:\/\/elregionalvm.com.ar\/noticias-villa-maria\/dos-jovenes-mas-muertos-por-la-merca-y-van\/#breadcrumb"},"inLanguage":"es","potentialAction":[{"@type":"ReadAction","target":["http:\/\/elregionalvm.com.ar\/noticias-villa-maria\/dos-jovenes-mas-muertos-por-la-merca-y-van\/"]}]},{"@type":"ImageObject","inLanguage":"es","@id":"http:\/\/elregionalvm.com.ar\/noticias-villa-maria\/dos-jovenes-mas-muertos-por-la-merca-y-van\/#primaryimage","url":"","contentUrl":""},{"@type":"BreadcrumbList","@id":"http:\/\/elregionalvm.com.ar\/noticias-villa-maria\/dos-jovenes-mas-muertos-por-la-merca-y-van\/#breadcrumb","itemListElement":[{"@type":"ListItem","position":1,"name":"Portada","item":"https:\/\/elregionalvm.com.ar\/noticias-villa-maria\/"},{"@type":"ListItem","position":2,"name":"Dos j\u00f3venes m\u00e1s muertos por la \u201cMerca\u201d, \u00bf\u00a1Y van!?"}]},{"@type":"WebSite","@id":"http:\/\/elregionalvm.com.ar\/noticias-villa-maria\/#website","url":"http:\/\/elregionalvm.com.ar\/noticias-villa-maria\/","name":"El Regional","description":"Mucho m\u00e1s que informaci\u00f3n","potentialAction":[{"@type":"SearchAction","target":{"@type":"EntryPoint","urlTemplate":"http:\/\/elregionalvm.com.ar\/noticias-villa-maria\/?s={search_term_string}"},"query-input":{"@type":"PropertyValueSpecification","valueRequired":true,"valueName":"search_term_string"}}],"inLanguage":"es"},{"@type":"Person","@id":"http:\/\/elregionalvm.com.ar\/noticias-villa-maria\/#\/schema\/person\/df5ff3f005acf29788aed9cb359f1193","name":"Miguel Andreis","image":{"@type":"ImageObject","inLanguage":"es","@id":"http:\/\/elregionalvm.com.ar\/noticias-villa-maria\/#\/schema\/person\/image\/","url":"https:\/\/secure.gravatar.com\/avatar\/c643381cd03da38327c6407e6886e7182d881f2ecf94a7902ca262c41f9d8884?s=96&d=mm&r=g","contentUrl":"https:\/\/secure.gravatar.com\/avatar\/c643381cd03da38327c6407e6886e7182d881f2ecf94a7902ca262c41f9d8884?s=96&d=mm&r=g","caption":"Miguel Andreis"},"url":"https:\/\/elregionalvm.com.ar\/noticias-villa-maria\/author\/miguelandreis\/"}]}},"jetpack_featured_media_url":"","jetpack_sharing_enabled":true,"_links":{"self":[{"href":"https:\/\/elregionalvm.com.ar\/noticias-villa-maria\/wp-json\/wp\/v2\/posts\/16034","targetHints":{"allow":["GET"]}}],"collection":[{"href":"https:\/\/elregionalvm.com.ar\/noticias-villa-maria\/wp-json\/wp\/v2\/posts"}],"about":[{"href":"https:\/\/elregionalvm.com.ar\/noticias-villa-maria\/wp-json\/wp\/v2\/types\/post"}],"author":[{"embeddable":true,"href":"https:\/\/elregionalvm.com.ar\/noticias-villa-maria\/wp-json\/wp\/v2\/users\/5"}],"replies":[{"embeddable":true,"href":"https:\/\/elregionalvm.com.ar\/noticias-villa-maria\/wp-json\/wp\/v2\/comments?post=16034"}],"version-history":[{"count":1,"href":"https:\/\/elregionalvm.com.ar\/noticias-villa-maria\/wp-json\/wp\/v2\/posts\/16034\/revisions"}],"predecessor-version":[{"id":18083,"href":"https:\/\/elregionalvm.com.ar\/noticias-villa-maria\/wp-json\/wp\/v2\/posts\/16034\/revisions\/18083"}],"wp:featuredmedia":[{"embeddable":true,"href":"https:\/\/elregionalvm.com.ar\/noticias-villa-maria\/wp-json\/"}],"wp:attachment":[{"href":"https:\/\/elregionalvm.com.ar\/noticias-villa-maria\/wp-json\/wp\/v2\/media?parent=16034"}],"wp:term":[{"taxonomy":"category","embeddable":true,"href":"https:\/\/elregionalvm.com.ar\/noticias-villa-maria\/wp-json\/wp\/v2\/categories?post=16034"},{"taxonomy":"post_tag","embeddable":true,"href":"https:\/\/elregionalvm.com.ar\/noticias-villa-maria\/wp-json\/wp\/v2\/tags?post=16034"}],"curies":[{"name":"wp","href":"https:\/\/api.w.org\/{rel}","templated":true}]}}