{"id":16088,"date":"2020-06-07T23:25:36","date_gmt":"2020-06-07T23:25:36","guid":{"rendered":"http:\/\/www.elregionalvm.com.ar\/?p=16088"},"modified":"2020-06-16T16:56:37","modified_gmt":"2020-06-16T16:56:37","slug":"7-de-junio-dia-del-periodista-de-lo-que-poco-se-conoce","status":"publish","type":"post","link":"https:\/\/elregionalvm.com.ar\/noticias-villa-maria\/7-de-junio-dia-del-periodista-de-lo-que-poco-se-conoce\/","title":{"rendered":"7 de junio: D\u00eda del periodista: De lo que poco se conoce\u2026"},"content":{"rendered":"\n\t\t\t\t<![CDATA[\n<p><strong>1938,<\/strong>\na\u00f1o en que qued\u00f3 instituido el \u00abD\u00eda del Periodista\u00bb en todo el pa\u00eds. El\nhecho tiene como disparador en el marco de homenaje, a la fecha de aparici\u00f3n\ndel primer n\u00famero, en el a\u00f1o 1810, de la \u00abGazeta de Buenos Aires\u00bb,\n\u00f3rgano de prensa y vocero de la Revoluci\u00f3n de Mayo, creado e inspirado por\nMariano Moreno. La conmemoraci\u00f3n anual de este d\u00eda, destinado a \u00abafirmar\nla libertad de prensa sin la cual no se concibe un periodismo digno y\neficaz\u00bb, fue adoptada por el Primer Congreso Nacional de Periodismo,\nreunido en C\u00f3rdoba, entre el 25 y el 27 de mayo de 1938.&nbsp; La particularidad de aquel encuentro fue la\ndelegaci\u00f3n de periodistas villamarienses, que asistieron representando a la\nciudad y en nombre del Centro de Periodistas de Villa Mar\u00eda. Los asistentes\nlocales desplegaron un activo protagonismo. Los escribas que asistieron fueron:\n<strong>Eneas Alvarez Igarzabal,\nJuan Jos\u00e9 Hern\u00e1ndez Arregui, Gregorio Parra y Armando Castillo<\/strong><strong>.<\/strong><strong> Sum\u00e1ndose a los nombrados, como\noyente, un joven din\u00e1mico y hacedor, nos referimos a Victoriano Godoy. &nbsp;<\/strong>Precisamente, se debe a una\niniciativa del villamariense Alvarez Igarzabal, la propuesta de crear la\nFederaci\u00f3n Argentina de Periodistas, que represent\u00f3 durante varias d\u00e9cadas a\nlos hombres de prensa de todo el pa\u00eds. De esos hombres emerge la idea de establecer\nel 7 de como D\u00eda del Periodista. Como dato aleatorio, el 7 junio de 1956 se\nimpuso el nombre de \u00abPeriodistas Argentinos\u00bb a una de las calles de\nla ciudad de Villa Mar\u00eda. &nbsp;S\u00edntesis de un\ntrabajo de recopilaci\u00f3n realizado por Bernardino Santiago Calvo en su libro \u201cLa\nciudad y sus barrios. Precisamente Dino Calvo fue por varios a\u00f1os presidente\ndel Centro de Periodistas Lucio Capdevila, hoy usado como sede de una\ndelegaci\u00f3n de hinchas de f\u00fatbol del Club San Lorenzo de Almagro.<\/p>\n\n\n<p>&#8212;&#8212;&#8212;&#8212;&#8212;&#8212;&#8212;&#8212;<\/p>\n\n\n<p><strong>De ayer a hoy. Los parecidos<\/strong><\/p>\n\n\n<p>La primera vez que los periodistas argentinos decidieron\ntener un d\u00eda en el calendario tuvo una clara intenci\u00f3n: se\u00f1alar un parto. Lo\nque as\u00ed nac\u00eda era una visi\u00f3n del rol pol\u00edtico y social de la comunicaci\u00f3n y sus\nactores, que hoy conviene recordar porque las circunstancias se repiten\nburdamente. Por entonces, lo que aquellos periodistas pretend\u00edan era un marco\nlegal acorde con las transformaciones que hab\u00edan convertido la producci\u00f3n de la\nnoticia es un negocio monumental e impune, amparado en protecciones y prebendas\nque se justificaban con el escudo de la libertad de expresi\u00f3n. Aquellos\nperiodistas se hicieron entonces una pregunta clave: \u00bfson las empresas las que\ngarantizan ese derecho social? \u00bfO se amparan en \u00e9l para defender sus\nprivilegios?&nbsp; Para responder este dilema,\nel C\u00edrculo de la Prensa de C\u00f3rdoba organiz\u00f3 un Congreso Nacional de Periodistas\nque se llev\u00f3 a cabo en la capital mediterr\u00e1nea el 25 de mayo de 1938. La\ninvitaci\u00f3n ten\u00eda objetivos concretos: evitar \u201clas formulaciones l\u00edricas\u201d y\nobtener \u201cresultados pr\u00e1cticos\u201d. El trabajo de los delegados dio como resultado\nel borrador del Estatuto del Periodista \u2013que lograron imponer seis a\u00f1os\ndespu\u00e9s- y la consagraci\u00f3n del 7 de junio como la fecha marcada en el\ncalendario para pensar qu\u00e9 representa \u201cla libertad de pensamiento\u201d, tal como\ndefini\u00f3 uno de los principales impulsores del encuentro, el periodista Octavio\nPalazzolo. Las dos cosas fueron resultado del cambio de paradigma con el que\naquel Congreso enfrent\u00f3 la cuesti\u00f3n: el Estado garantiza la libertad de\nexpresi\u00f3n cuando protege la labor de los periodistas y no a las empresas.<\/p>\n\n\n<p>El cambio que representa esta mirada es producto de dos\ncuestiones centrales: una definici\u00f3n clara sobre la identidad del periodista\nprofesional y una coyuntura hist\u00f3rica tan excepcional como la de hoy. As\u00ed se\nproclam\u00f3 el D\u00eda del Periodista y se redact\u00f3 el Estatuto profesional. C\u00f3mo se\nlogr\u00f3 que se convierta en ley es otra historia que tambi\u00e9n se parece a lo que\nse est\u00e1 vivencia en la actualidad.<\/p>\n]]>\t\t","protected":false},"excerpt":{"rendered":"<p>\t\t\t\t<![CDATA[]]>\t\t<\/p>\n","protected":false},"author":5,"featured_media":16090,"comment_status":"open","ping_status":"open","sticky":false,"template":"","format":"standard","meta":{"site-sidebar-layout":"default","site-content-layout":"","ast-site-content-layout":"default","site-content-style":"default","site-sidebar-style":"default","ast-global-header-display":"","ast-banner-title-visibility":"","ast-main-header-display":"","ast-hfb-above-header-display":"","ast-hfb-below-header-display":"","ast-hfb-mobile-header-display":"","site-post-title":"","ast-breadcrumbs-content":"","ast-featured-img":"","footer-sml-layout":"","ast-disable-related-posts":"","theme-transparent-header-meta":"","adv-header-id-meta":"","stick-header-meta":"","header-above-stick-meta":"","header-main-stick-meta":"","header-below-stick-meta":"","astra-migrate-meta-layouts":"default","ast-page-background-enabled":"default","ast-page-background-meta":{"desktop":{"background-color":"","background-image":"","background-repeat":"repeat","background-position":"center center","background-size":"auto","background-attachment":"scroll","background-type":"","background-media":"","overlay-type":"","overlay-color":"","overlay-opacity":"","overlay-gradient":""},"tablet":{"background-color":"","background-image":"","background-repeat":"repeat","background-position":"center center","background-size":"auto","background-attachment":"scroll","background-type":"","background-media":"","overlay-type":"","overlay-color":"","overlay-opacity":"","overlay-gradient":""},"mobile":{"background-color":"","background-image":"","background-repeat":"repeat","background-position":"center center","background-size":"auto","background-attachment":"scroll","background-type":"","background-media":"","overlay-type":"","overlay-color":"","overlay-opacity":"","overlay-gradient":""}},"ast-content-background-meta":{"desktop":{"background-color":"var(--ast-global-color-5)","background-image":"","background-repeat":"repeat","background-position":"center center","background-size":"auto","background-attachment":"scroll","background-type":"","background-media":"","overlay-type":"","overlay-color":"","overlay-opacity":"","overlay-gradient":""},"tablet":{"background-color":"var(--ast-global-color-5)","background-image":"","background-repeat":"repeat","background-position":"center center","background-size":"auto","background-attachment":"scroll","background-type":"","background-media":"","overlay-type":"","overlay-color":"","overlay-opacity":"","overlay-gradient":""},"mobile":{"background-color":"var(--ast-global-color-5)","background-image":"","background-repeat":"repeat","background-position":"center center","background-size":"auto","background-attachment":"scroll","background-type":"","background-media":"","overlay-type":"","overlay-color":"","overlay-opacity":"","overlay-gradient":""}},"_jetpack_memberships_contains_paid_content":false,"_joinchat":[],"footnotes":""},"categories":[5],"tags":[],"class_list":["post-16088","post","type-post","status-publish","format-standard","has-post-thumbnail","hentry","category-sociedad"],"yoast_head":"<!-- This site is optimized with the Yoast SEO plugin v26.8 - https:\/\/yoast.com\/product\/yoast-seo-wordpress\/ -->\n<title>7 de junio: D\u00eda del periodista: De lo que poco se conoce\u2026 - El Regional<\/title>\n<meta name=\"robots\" content=\"index, follow, max-snippet:-1, max-image-preview:large, max-video-preview:-1\" \/>\n<link rel=\"canonical\" href=\"http:\/\/elregionalvm.com.ar\/noticias-villa-maria\/7-de-junio-dia-del-periodista-de-lo-que-poco-se-conoce\/\" \/>\n<meta property=\"og:locale\" content=\"es_ES\" \/>\n<meta property=\"og:type\" content=\"article\" \/>\n<meta property=\"og:title\" content=\"7 de junio: D\u00eda del periodista: De lo que poco se conoce\u2026 - El Regional\" \/>\n<meta property=\"og:url\" content=\"http:\/\/elregionalvm.com.ar\/noticias-villa-maria\/7-de-junio-dia-del-periodista-de-lo-que-poco-se-conoce\/\" \/>\n<meta property=\"og:site_name\" content=\"El Regional\" \/>\n<meta property=\"article:publisher\" content=\"https:\/\/www.facebook.com\/elregionalvm\" \/>\n<meta property=\"article:published_time\" content=\"2020-06-07T23:25:36+00:00\" \/>\n<meta property=\"article:modified_time\" content=\"2020-06-16T16:56:37+00:00\" \/>\n<meta name=\"author\" content=\"Miguel Andreis\" \/>\n<meta name=\"twitter:card\" content=\"summary_large_image\" \/>\n<meta name=\"twitter:creator\" content=\"@elregionalvm1\" \/>\n<meta name=\"twitter:site\" content=\"@elregionalvm1\" \/>\n<meta name=\"twitter:label1\" content=\"Escrito por\" \/>\n\t<meta name=\"twitter:data1\" content=\"Miguel Andreis\" \/>\n\t<meta name=\"twitter:label2\" content=\"Tiempo de lectura\" \/>\n\t<meta name=\"twitter:data2\" content=\"3 minutos\" \/>\n<script type=\"application\/ld+json\" class=\"yoast-schema-graph\">{\"@context\":\"https:\/\/schema.org\",\"@graph\":[{\"@type\":\"Article\",\"@id\":\"http:\/\/elregionalvm.com.ar\/noticias-villa-maria\/7-de-junio-dia-del-periodista-de-lo-que-poco-se-conoce\/#article\",\"isPartOf\":{\"@id\":\"http:\/\/elregionalvm.com.ar\/noticias-villa-maria\/7-de-junio-dia-del-periodista-de-lo-que-poco-se-conoce\/\"},\"author\":{\"name\":\"Miguel Andreis\",\"@id\":\"http:\/\/elregionalvm.com.ar\/noticias-villa-maria\/#\/schema\/person\/df5ff3f005acf29788aed9cb359f1193\"},\"headline\":\"7 de junio: D\u00eda del periodista: De lo que poco se conoce\u2026\",\"datePublished\":\"2020-06-07T23:25:36+00:00\",\"dateModified\":\"2020-06-16T16:56:37+00:00\",\"mainEntityOfPage\":{\"@id\":\"http:\/\/elregionalvm.com.ar\/noticias-villa-maria\/7-de-junio-dia-del-periodista-de-lo-que-poco-se-conoce\/\"},\"wordCount\":685,\"commentCount\":0,\"image\":{\"@id\":\"http:\/\/elregionalvm.com.ar\/noticias-villa-maria\/7-de-junio-dia-del-periodista-de-lo-que-poco-se-conoce\/#primaryimage\"},\"thumbnailUrl\":\"\",\"articleSection\":[\"Sociedad\"],\"inLanguage\":\"es\",\"potentialAction\":[{\"@type\":\"CommentAction\",\"name\":\"Comment\",\"target\":[\"http:\/\/elregionalvm.com.ar\/noticias-villa-maria\/7-de-junio-dia-del-periodista-de-lo-que-poco-se-conoce\/#respond\"]}]},{\"@type\":\"WebPage\",\"@id\":\"http:\/\/elregionalvm.com.ar\/noticias-villa-maria\/7-de-junio-dia-del-periodista-de-lo-que-poco-se-conoce\/\",\"url\":\"http:\/\/elregionalvm.com.ar\/noticias-villa-maria\/7-de-junio-dia-del-periodista-de-lo-que-poco-se-conoce\/\",\"name\":\"7 de junio: D\u00eda del periodista: De lo que poco se conoce\u2026 - El Regional\",\"isPartOf\":{\"@id\":\"http:\/\/elregionalvm.com.ar\/noticias-villa-maria\/#website\"},\"primaryImageOfPage\":{\"@id\":\"http:\/\/elregionalvm.com.ar\/noticias-villa-maria\/7-de-junio-dia-del-periodista-de-lo-que-poco-se-conoce\/#primaryimage\"},\"image\":{\"@id\":\"http:\/\/elregionalvm.com.ar\/noticias-villa-maria\/7-de-junio-dia-del-periodista-de-lo-que-poco-se-conoce\/#primaryimage\"},\"thumbnailUrl\":\"\",\"datePublished\":\"2020-06-07T23:25:36+00:00\",\"dateModified\":\"2020-06-16T16:56:37+00:00\",\"author\":{\"@id\":\"http:\/\/elregionalvm.com.ar\/noticias-villa-maria\/#\/schema\/person\/df5ff3f005acf29788aed9cb359f1193\"},\"breadcrumb\":{\"@id\":\"http:\/\/elregionalvm.com.ar\/noticias-villa-maria\/7-de-junio-dia-del-periodista-de-lo-que-poco-se-conoce\/#breadcrumb\"},\"inLanguage\":\"es\",\"potentialAction\":[{\"@type\":\"ReadAction\",\"target\":[\"http:\/\/elregionalvm.com.ar\/noticias-villa-maria\/7-de-junio-dia-del-periodista-de-lo-que-poco-se-conoce\/\"]}]},{\"@type\":\"ImageObject\",\"inLanguage\":\"es\",\"@id\":\"http:\/\/elregionalvm.com.ar\/noticias-villa-maria\/7-de-junio-dia-del-periodista-de-lo-que-poco-se-conoce\/#primaryimage\",\"url\":\"\",\"contentUrl\":\"\"},{\"@type\":\"BreadcrumbList\",\"@id\":\"http:\/\/elregionalvm.com.ar\/noticias-villa-maria\/7-de-junio-dia-del-periodista-de-lo-que-poco-se-conoce\/#breadcrumb\",\"itemListElement\":[{\"@type\":\"ListItem\",\"position\":1,\"name\":\"Portada\",\"item\":\"https:\/\/elregionalvm.com.ar\/noticias-villa-maria\/\"},{\"@type\":\"ListItem\",\"position\":2,\"name\":\"7 de junio: D\u00eda del periodista: De lo que poco se conoce\u2026\"}]},{\"@type\":\"WebSite\",\"@id\":\"http:\/\/elregionalvm.com.ar\/noticias-villa-maria\/#website\",\"url\":\"http:\/\/elregionalvm.com.ar\/noticias-villa-maria\/\",\"name\":\"El Regional\",\"description\":\"Mucho m\u00e1s que informaci\u00f3n\",\"potentialAction\":[{\"@type\":\"SearchAction\",\"target\":{\"@type\":\"EntryPoint\",\"urlTemplate\":\"http:\/\/elregionalvm.com.ar\/noticias-villa-maria\/?s={search_term_string}\"},\"query-input\":{\"@type\":\"PropertyValueSpecification\",\"valueRequired\":true,\"valueName\":\"search_term_string\"}}],\"inLanguage\":\"es\"},{\"@type\":\"Person\",\"@id\":\"http:\/\/elregionalvm.com.ar\/noticias-villa-maria\/#\/schema\/person\/df5ff3f005acf29788aed9cb359f1193\",\"name\":\"Miguel Andreis\",\"image\":{\"@type\":\"ImageObject\",\"inLanguage\":\"es\",\"@id\":\"http:\/\/elregionalvm.com.ar\/noticias-villa-maria\/#\/schema\/person\/image\/\",\"url\":\"https:\/\/secure.gravatar.com\/avatar\/c643381cd03da38327c6407e6886e7182d881f2ecf94a7902ca262c41f9d8884?s=96&d=mm&r=g\",\"contentUrl\":\"https:\/\/secure.gravatar.com\/avatar\/c643381cd03da38327c6407e6886e7182d881f2ecf94a7902ca262c41f9d8884?s=96&d=mm&r=g\",\"caption\":\"Miguel Andreis\"},\"url\":\"https:\/\/elregionalvm.com.ar\/noticias-villa-maria\/author\/miguelandreis\/\"}]}<\/script>\n<!-- \/ Yoast SEO plugin. -->","yoast_head_json":{"title":"7 de junio: D\u00eda del periodista: De lo que poco se conoce\u2026 - El Regional","robots":{"index":"index","follow":"follow","max-snippet":"max-snippet:-1","max-image-preview":"max-image-preview:large","max-video-preview":"max-video-preview:-1"},"canonical":"http:\/\/elregionalvm.com.ar\/noticias-villa-maria\/7-de-junio-dia-del-periodista-de-lo-que-poco-se-conoce\/","og_locale":"es_ES","og_type":"article","og_title":"7 de junio: D\u00eda del periodista: De lo que poco se conoce\u2026 - El Regional","og_url":"http:\/\/elregionalvm.com.ar\/noticias-villa-maria\/7-de-junio-dia-del-periodista-de-lo-que-poco-se-conoce\/","og_site_name":"El Regional","article_publisher":"https:\/\/www.facebook.com\/elregionalvm","article_published_time":"2020-06-07T23:25:36+00:00","article_modified_time":"2020-06-16T16:56:37+00:00","author":"Miguel Andreis","twitter_card":"summary_large_image","twitter_creator":"@elregionalvm1","twitter_site":"@elregionalvm1","twitter_misc":{"Escrito por":"Miguel Andreis","Tiempo de lectura":"3 minutos"},"schema":{"@context":"https:\/\/schema.org","@graph":[{"@type":"Article","@id":"http:\/\/elregionalvm.com.ar\/noticias-villa-maria\/7-de-junio-dia-del-periodista-de-lo-que-poco-se-conoce\/#article","isPartOf":{"@id":"http:\/\/elregionalvm.com.ar\/noticias-villa-maria\/7-de-junio-dia-del-periodista-de-lo-que-poco-se-conoce\/"},"author":{"name":"Miguel Andreis","@id":"http:\/\/elregionalvm.com.ar\/noticias-villa-maria\/#\/schema\/person\/df5ff3f005acf29788aed9cb359f1193"},"headline":"7 de junio: D\u00eda del periodista: De lo que poco se conoce\u2026","datePublished":"2020-06-07T23:25:36+00:00","dateModified":"2020-06-16T16:56:37+00:00","mainEntityOfPage":{"@id":"http:\/\/elregionalvm.com.ar\/noticias-villa-maria\/7-de-junio-dia-del-periodista-de-lo-que-poco-se-conoce\/"},"wordCount":685,"commentCount":0,"image":{"@id":"http:\/\/elregionalvm.com.ar\/noticias-villa-maria\/7-de-junio-dia-del-periodista-de-lo-que-poco-se-conoce\/#primaryimage"},"thumbnailUrl":"","articleSection":["Sociedad"],"inLanguage":"es","potentialAction":[{"@type":"CommentAction","name":"Comment","target":["http:\/\/elregionalvm.com.ar\/noticias-villa-maria\/7-de-junio-dia-del-periodista-de-lo-que-poco-se-conoce\/#respond"]}]},{"@type":"WebPage","@id":"http:\/\/elregionalvm.com.ar\/noticias-villa-maria\/7-de-junio-dia-del-periodista-de-lo-que-poco-se-conoce\/","url":"http:\/\/elregionalvm.com.ar\/noticias-villa-maria\/7-de-junio-dia-del-periodista-de-lo-que-poco-se-conoce\/","name":"7 de junio: D\u00eda del periodista: De lo que poco se conoce\u2026 - El Regional","isPartOf":{"@id":"http:\/\/elregionalvm.com.ar\/noticias-villa-maria\/#website"},"primaryImageOfPage":{"@id":"http:\/\/elregionalvm.com.ar\/noticias-villa-maria\/7-de-junio-dia-del-periodista-de-lo-que-poco-se-conoce\/#primaryimage"},"image":{"@id":"http:\/\/elregionalvm.com.ar\/noticias-villa-maria\/7-de-junio-dia-del-periodista-de-lo-que-poco-se-conoce\/#primaryimage"},"thumbnailUrl":"","datePublished":"2020-06-07T23:25:36+00:00","dateModified":"2020-06-16T16:56:37+00:00","author":{"@id":"http:\/\/elregionalvm.com.ar\/noticias-villa-maria\/#\/schema\/person\/df5ff3f005acf29788aed9cb359f1193"},"breadcrumb":{"@id":"http:\/\/elregionalvm.com.ar\/noticias-villa-maria\/7-de-junio-dia-del-periodista-de-lo-que-poco-se-conoce\/#breadcrumb"},"inLanguage":"es","potentialAction":[{"@type":"ReadAction","target":["http:\/\/elregionalvm.com.ar\/noticias-villa-maria\/7-de-junio-dia-del-periodista-de-lo-que-poco-se-conoce\/"]}]},{"@type":"ImageObject","inLanguage":"es","@id":"http:\/\/elregionalvm.com.ar\/noticias-villa-maria\/7-de-junio-dia-del-periodista-de-lo-que-poco-se-conoce\/#primaryimage","url":"","contentUrl":""},{"@type":"BreadcrumbList","@id":"http:\/\/elregionalvm.com.ar\/noticias-villa-maria\/7-de-junio-dia-del-periodista-de-lo-que-poco-se-conoce\/#breadcrumb","itemListElement":[{"@type":"ListItem","position":1,"name":"Portada","item":"https:\/\/elregionalvm.com.ar\/noticias-villa-maria\/"},{"@type":"ListItem","position":2,"name":"7 de junio: D\u00eda del periodista: De lo que poco se conoce\u2026"}]},{"@type":"WebSite","@id":"http:\/\/elregionalvm.com.ar\/noticias-villa-maria\/#website","url":"http:\/\/elregionalvm.com.ar\/noticias-villa-maria\/","name":"El Regional","description":"Mucho m\u00e1s que informaci\u00f3n","potentialAction":[{"@type":"SearchAction","target":{"@type":"EntryPoint","urlTemplate":"http:\/\/elregionalvm.com.ar\/noticias-villa-maria\/?s={search_term_string}"},"query-input":{"@type":"PropertyValueSpecification","valueRequired":true,"valueName":"search_term_string"}}],"inLanguage":"es"},{"@type":"Person","@id":"http:\/\/elregionalvm.com.ar\/noticias-villa-maria\/#\/schema\/person\/df5ff3f005acf29788aed9cb359f1193","name":"Miguel Andreis","image":{"@type":"ImageObject","inLanguage":"es","@id":"http:\/\/elregionalvm.com.ar\/noticias-villa-maria\/#\/schema\/person\/image\/","url":"https:\/\/secure.gravatar.com\/avatar\/c643381cd03da38327c6407e6886e7182d881f2ecf94a7902ca262c41f9d8884?s=96&d=mm&r=g","contentUrl":"https:\/\/secure.gravatar.com\/avatar\/c643381cd03da38327c6407e6886e7182d881f2ecf94a7902ca262c41f9d8884?s=96&d=mm&r=g","caption":"Miguel Andreis"},"url":"https:\/\/elregionalvm.com.ar\/noticias-villa-maria\/author\/miguelandreis\/"}]}},"jetpack_featured_media_url":"","jetpack_sharing_enabled":true,"_links":{"self":[{"href":"https:\/\/elregionalvm.com.ar\/noticias-villa-maria\/wp-json\/wp\/v2\/posts\/16088","targetHints":{"allow":["GET"]}}],"collection":[{"href":"https:\/\/elregionalvm.com.ar\/noticias-villa-maria\/wp-json\/wp\/v2\/posts"}],"about":[{"href":"https:\/\/elregionalvm.com.ar\/noticias-villa-maria\/wp-json\/wp\/v2\/types\/post"}],"author":[{"embeddable":true,"href":"https:\/\/elregionalvm.com.ar\/noticias-villa-maria\/wp-json\/wp\/v2\/users\/5"}],"replies":[{"embeddable":true,"href":"https:\/\/elregionalvm.com.ar\/noticias-villa-maria\/wp-json\/wp\/v2\/comments?post=16088"}],"version-history":[{"count":1,"href":"https:\/\/elregionalvm.com.ar\/noticias-villa-maria\/wp-json\/wp\/v2\/posts\/16088\/revisions"}],"predecessor-version":[{"id":18077,"href":"https:\/\/elregionalvm.com.ar\/noticias-villa-maria\/wp-json\/wp\/v2\/posts\/16088\/revisions\/18077"}],"wp:featuredmedia":[{"embeddable":true,"href":"https:\/\/elregionalvm.com.ar\/noticias-villa-maria\/wp-json\/"}],"wp:attachment":[{"href":"https:\/\/elregionalvm.com.ar\/noticias-villa-maria\/wp-json\/wp\/v2\/media?parent=16088"}],"wp:term":[{"taxonomy":"category","embeddable":true,"href":"https:\/\/elregionalvm.com.ar\/noticias-villa-maria\/wp-json\/wp\/v2\/categories?post=16088"},{"taxonomy":"post_tag","embeddable":true,"href":"https:\/\/elregionalvm.com.ar\/noticias-villa-maria\/wp-json\/wp\/v2\/tags?post=16088"}],"curies":[{"name":"wp","href":"https:\/\/api.w.org\/{rel}","templated":true}]}}