{"id":17727,"date":"2020-05-01T15:55:29","date_gmt":"2020-05-01T15:55:29","guid":{"rendered":"http:\/\/www.elregionalvm.com.ar\/?p=15639"},"modified":"2020-06-18T02:26:40","modified_gmt":"2020-06-18T02:26:40","slug":"la-realidad-que-no-se-muestra","status":"publish","type":"post","link":"https:\/\/elregionalvm.com.ar\/noticias-villa-maria\/la-realidad-que-no-se-muestra\/","title":{"rendered":"La realidad que no se muestra\u2026."},"content":{"rendered":"\n\t\t\t\t<![CDATA[\n<p class=\"has-medium-font-size\"><strong>La\ncuarentena\u2026 \u00bfExacerbaci\u00f3n de una medida?<\/strong><\/p>\n\n\n<figure class=\"wp-block-image\"><img data-recalc-dims=\"1\" decoding=\"async\" src=\"https:\/\/i0.wp.com\/www.elregionalvm.com.ar\/wp-content\/uploads\/2020\/05\/regional01.jpg\" alt=\"\" class=\"wp-image-15640\" \/><\/figure>\n\n\n<p>1 de Mayo. Uno de los d\u00edas m\u00e1s emblem\u00e1ticos que tiene la\nhumanidad. Estoy sentado frente al teclado ante la duda si contar o no de lo\nque fui testigo en el la jornada de ayer. S\u00e9 que esto molestar\u00e1 a muchos.\nEspecialmente al fundamentalismo del poder. <\/p>\n\n\n<p>Un mensaje de texto proveniente M\u00e9xico, un amigo que ha\nquedado varado en dicho pa\u00eds. Hab\u00eda llegado mucho antes que esto de la pandemia\nse fuera extendiendo a lo largo del mundo. <\/p>\n\n\n<p>Sabiendo que como comunicador poseo un permiso para\nmovilizarme en la ciudad, me pide que vaya a ver a un amigo de \u00e9l -que yo no\nconoc\u00eda-. Una persona de unos cuarenta a\u00f1os. Hace unas semanas le hab\u00eda dado un\nACV. Su vivienda, muy precaria se ubica en donde termina el barrio Los Olmos.\nNo fue f\u00e1cil hallarlo. A quien busc\u00e1bamos, sobrevive de changas y tiene a su\ncargo un hermano con discapacidad. \u00c1spero panorama. La misi\u00f3n era llevarle\nalgunos medicamentos, adem\u00e1s de otras cosas. Cruzamos la ciudad y, puedo\njactarme de conocerla bastante, a esta no la ten\u00eda registrada, me conmov\u00ed. No solo\npor la pobreza que nos esconden. De la que no se habla. Sino que por los\ndistintos barrios que atravesamos para dar con su paradero, la cuarentena no\nexiste. Esto lo puede comprobar cualquier lector comprob\u00e1ndolo por s\u00ed mismo. No\nhablemos de tapa bocas, m\u00e1scaras o barbijos. De guardar distancia a\u00fan menos. La\nvida en esos lugares, digamos enormes cantidades de barrios, no sabe del\naislamiento. No existe. En algunos por el hacinamiento en que viven.&nbsp; 6 o 7 en una pieza. Est\u00e1n afuera o adentro le\nda lo mismo, sino que una gran porci\u00f3n de esos vecinos viven de trabajos\ninformales; sin recursos y con una estigmatizaci\u00f3n paralizante. Nadie respeta\nnada. Tampoco como sociedad los hemos respetado a ellos. Cada vez nos\nencontramos con mayor exclusi\u00f3n hacia el abismo. <\/p>\n\n\n<p><strong>Buscando\ngente<\/strong><\/p>\n\n\n<p>Encontramos a Claudio, a\u00fan con todo ese mal busca alg\u00fan\nlaburito para que los platos no se conformen en tazas de verde l\u00edquido y alg\u00fan\nbollito de pan, si ese d\u00eda ha tenido fortuna de hallar, aunque sea, pasar una\nbordeadora de pastos para ganarse dos mangos. Est\u00e1 contento porque ya puede\nmover uno de los brazos y piernas que le hab\u00edan quedado paralizados. <\/p>\n\n\n<p>Lo llamativo es que todos los negocios, comercios, en su\nmayor\u00eda peque\u00f1os y no tanto, estaban abiertos y con gente. Respetaban el de\ningresar por orden de llegada. No m\u00e1s de dos (en caso de que el lugar as\u00ed lo\npermitiese), manteniendo las distancias. Bastar\u00e1 recorrer arterias como la\nMendoza o Sarmiento, para observar que por all\u00ed nada est\u00e1 cerrado. Por all\u00ed se\nven rostros semi tapados. TIENEN QUE SOBREVIVIR\u2026 y me alegr\u00f3 que se atrevieran\na romper con un cerco que se lo pusieron al centro. Casi un desatino de\nindiferencia para los que, en ese coraz\u00f3n de la ciudad, al que le hace falta,\nal menos varios by pass, lo han condenado. Es casi fantasmal ver los ingresos de\nnegocios llenos de facturas de servicios a medio asomar bajo la puertas. Las\nempresas nunca dejaron de enviarlos. Gran parte de los que habitan el centro\nhan quedado condenados a la extinci\u00f3n comercial. Unos y otros, pero principalmente\nel gobierno, los confina, casi como si existiera un dejo de resentimiento, a\nperder lo logrado en a\u00f1os y a\u00f1os de esfuerzos no siempre reconocidos.<\/p>\n\n\n<p><strong>Observar\ny conocer antes de juzgar<\/strong><\/p>\n\n\n<p>Las dos im\u00e1genes son chocantes. En Villa Mar\u00eda,\nafortunadamente no tenemos, hasta hoy muertos por el COVID 19; citar\u00e1n a la\nmujer de La Playosa que, poco se dijo, ten\u00eda una enfermedad preexistente. <\/p>\n\n\n<p>Nos hicieron creer que se ven\u00eda el fin del mundo. Mientras\ntanto nos fuimos olvidando de los olvidados, el miedo nos entorpece; bloquea,\nnos hace creer que todo lo que viene del poder en cualquiera de sus \u00f3rdenes es\nreal. <\/p>\n\n\n<p>Y digo esto, parapetado en un pensamiento, casi la mitad de\nla ciudad no cumpli\u00f3 PORQUE NO PUEDE, con la cuarentena, es decir que eso de\nque el municipio nos cuida, es absolutamente relativo. Y en esto ser\u00eda de\nnecios que el COVID 19 NO mata. En algunos pocos casos es letal; &nbsp;claro que nunca nos explican las estad\u00edsticas\nfehacientes. Hay 800 veces m\u00e1s posibilidades de fallecer en un accidente de tr\u00e1nsito\nque de coronavirus. <\/p>\n\n\n<p>Si unos cumplieron o cumplimos con el aislamiento y gran\nparte no, (\u00a1\u00a1cuidado, en la misma ciudad!!), algo no queda en claro. Deber\u00edamos\nestar todos contagiados. (Afortunadamente no) O hubo una exacerbaci\u00f3n de las\nmedidas o existe un parte que no se nos cont\u00f3. No solo eso, tambi\u00e9n en esto han\nmetido la grieta de los que consideran que est\u00e1 bien continuar encerrados y\notros que indefectiblemente tienen que saber que el hambre es m\u00e1s da\u00f1ino. <\/p>\n\n\n<p>Reci\u00e9n estamos viendo una parte de lo que est\u00e1 sucediendo.\nSer\u00eda fant\u00e1stico que este escrito fuera ridiculizado con cifras concretas por\naquellos que piensan que todo lo que nos bajan de las usinas del poder,&nbsp; forma parte de la m\u00e1s sincera verdad. Lo que\nnos indican las casu\u00edsticas que el nivel de muertes en el mundo, 7.500 millones\nde personas, es de 0,023 %. En principio se habl\u00f3 que como m\u00ednimo llegar\u00edas a\nun 1,80%. &nbsp;En Argentina, donde hacen todo\nperfecto, pero un d\u00eda sin protecci\u00f3n alguna y &nbsp;largan 2 millones de jubilados a que est\u00e9n 12\nhoras juntos y sin ning\u00fan tipo de protecci\u00f3n, las cifras son a\u00fan -por suerte-\nm\u00e1s bajas.. Eso lo hizo el gobierno no la rebeli\u00f3n de la gente.<\/p>\n\n\n<p>Lo absoluto es que Villa Mar\u00eda est\u00e1 en zona roja, por lo que\nnos siguen restringiendo la libertad de salir a caminar 30 minutos, algunas\nelementales medidas, &nbsp;el estar encerrado\nenloquece, en otros casos, como los de Claudio, es imposible porque la realidad\ndel comer as\u00ed se lo manda. No s\u00e9 si alguna vez alguien les pedir\u00e1 a los\ngobernantes que rindan cuentas. Posiblemente muchos nos hayan querido cuidar,\npero dejen que la gente se cuide sola, por lo visto hay m\u00e1s sentido com\u00fan en el\nllano que en la c\u00faspide de donde se disparan las \u00f3rdenes.<\/p>\n\n\n<p>Cierro indic\u00e1ndoles que, les guste o no, algunos nunca\ncumplieron con la cuarentena y otros, muy posiblemente, ante los hechos, ya,\ncon raz\u00f3n o sin ella, comenzaron a romperla \u2026<\/p>\n]]>\t\t","protected":false},"excerpt":{"rendered":"<p>\t\t\t\t<![CDATA[]]>\t\t<\/p>\n","protected":false},"author":5,"featured_media":15640,"comment_status":"open","ping_status":"open","sticky":false,"template":"","format":"standard","meta":{"site-sidebar-layout":"default","site-content-layout":"","ast-site-content-layout":"default","site-content-style":"default","site-sidebar-style":"default","ast-global-header-display":"","ast-banner-title-visibility":"","ast-main-header-display":"","ast-hfb-above-header-display":"","ast-hfb-below-header-display":"","ast-hfb-mobile-header-display":"","site-post-title":"","ast-breadcrumbs-content":"","ast-featured-img":"","footer-sml-layout":"","ast-disable-related-posts":"","theme-transparent-header-meta":"","adv-header-id-meta":"","stick-header-meta":"","header-above-stick-meta":"","header-main-stick-meta":"","header-below-stick-meta":"","astra-migrate-meta-layouts":"default","ast-page-background-enabled":"default","ast-page-background-meta":{"desktop":{"background-color":"","background-image":"","background-repeat":"repeat","background-position":"center center","background-size":"auto","background-attachment":"scroll","background-type":"","background-media":"","overlay-type":"","overlay-color":"","overlay-opacity":"","overlay-gradient":""},"tablet":{"background-color":"","background-image":"","background-repeat":"repeat","background-position":"center center","background-size":"auto","background-attachment":"scroll","background-type":"","background-media":"","overlay-type":"","overlay-color":"","overlay-opacity":"","overlay-gradient":""},"mobile":{"background-color":"","background-image":"","background-repeat":"repeat","background-position":"center center","background-size":"auto","background-attachment":"scroll","background-type":"","background-media":"","overlay-type":"","overlay-color":"","overlay-opacity":"","overlay-gradient":""}},"ast-content-background-meta":{"desktop":{"background-color":"var(--ast-global-color-5)","background-image":"","background-repeat":"repeat","background-position":"center center","background-size":"auto","background-attachment":"scroll","background-type":"","background-media":"","overlay-type":"","overlay-color":"","overlay-opacity":"","overlay-gradient":""},"tablet":{"background-color":"var(--ast-global-color-5)","background-image":"","background-repeat":"repeat","background-position":"center center","background-size":"auto","background-attachment":"scroll","background-type":"","background-media":"","overlay-type":"","overlay-color":"","overlay-opacity":"","overlay-gradient":""},"mobile":{"background-color":"var(--ast-global-color-5)","background-image":"","background-repeat":"repeat","background-position":"center center","background-size":"auto","background-attachment":"scroll","background-type":"","background-media":"","overlay-type":"","overlay-color":"","overlay-opacity":"","overlay-gradient":""}},"_jetpack_memberships_contains_paid_content":false,"_joinchat":[],"footnotes":""},"categories":[5],"tags":[],"class_list":["post-17727","post","type-post","status-publish","format-standard","has-post-thumbnail","hentry","category-sociedad"],"yoast_head":"<!-- This site is optimized with the Yoast SEO plugin v26.8 - https:\/\/yoast.com\/product\/yoast-seo-wordpress\/ -->\n<title>La realidad que no se muestra\u2026. - El Regional<\/title>\n<meta name=\"robots\" content=\"index, follow, max-snippet:-1, max-image-preview:large, max-video-preview:-1\" \/>\n<link rel=\"canonical\" href=\"http:\/\/elregionalvm.com.ar\/noticias-villa-maria\/la-realidad-que-no-se-muestra\/\" \/>\n<meta property=\"og:locale\" content=\"es_ES\" \/>\n<meta property=\"og:type\" content=\"article\" \/>\n<meta property=\"og:title\" content=\"La realidad que no se muestra\u2026. - El Regional\" \/>\n<meta property=\"og:url\" content=\"http:\/\/elregionalvm.com.ar\/noticias-villa-maria\/la-realidad-que-no-se-muestra\/\" \/>\n<meta property=\"og:site_name\" content=\"El Regional\" \/>\n<meta property=\"article:publisher\" content=\"https:\/\/www.facebook.com\/elregionalvm\" \/>\n<meta property=\"article:published_time\" content=\"2020-05-01T15:55:29+00:00\" \/>\n<meta property=\"article:modified_time\" content=\"2020-06-18T02:26:40+00:00\" \/>\n<meta name=\"author\" content=\"Miguel Andreis\" \/>\n<meta name=\"twitter:card\" content=\"summary_large_image\" \/>\n<meta name=\"twitter:creator\" content=\"@elregionalvm1\" \/>\n<meta name=\"twitter:site\" content=\"@elregionalvm1\" \/>\n<meta name=\"twitter:label1\" content=\"Escrito por\" \/>\n\t<meta name=\"twitter:data1\" content=\"Miguel Andreis\" \/>\n\t<meta name=\"twitter:label2\" content=\"Tiempo de lectura\" \/>\n\t<meta name=\"twitter:data2\" content=\"6 minutos\" \/>\n<script type=\"application\/ld+json\" class=\"yoast-schema-graph\">{\"@context\":\"https:\/\/schema.org\",\"@graph\":[{\"@type\":\"Article\",\"@id\":\"http:\/\/elregionalvm.com.ar\/noticias-villa-maria\/la-realidad-que-no-se-muestra\/#article\",\"isPartOf\":{\"@id\":\"http:\/\/elregionalvm.com.ar\/noticias-villa-maria\/la-realidad-que-no-se-muestra\/\"},\"author\":{\"name\":\"Miguel Andreis\",\"@id\":\"http:\/\/elregionalvm.com.ar\/noticias-villa-maria\/#\/schema\/person\/df5ff3f005acf29788aed9cb359f1193\"},\"headline\":\"La realidad que no se muestra\u2026.\",\"datePublished\":\"2020-05-01T15:55:29+00:00\",\"dateModified\":\"2020-06-18T02:26:40+00:00\",\"mainEntityOfPage\":{\"@id\":\"http:\/\/elregionalvm.com.ar\/noticias-villa-maria\/la-realidad-que-no-se-muestra\/\"},\"wordCount\":1118,\"commentCount\":1,\"image\":{\"@id\":\"http:\/\/elregionalvm.com.ar\/noticias-villa-maria\/la-realidad-que-no-se-muestra\/#primaryimage\"},\"thumbnailUrl\":\"\",\"articleSection\":[\"Sociedad\"],\"inLanguage\":\"es\",\"potentialAction\":[{\"@type\":\"CommentAction\",\"name\":\"Comment\",\"target\":[\"http:\/\/elregionalvm.com.ar\/noticias-villa-maria\/la-realidad-que-no-se-muestra\/#respond\"]}]},{\"@type\":\"WebPage\",\"@id\":\"http:\/\/elregionalvm.com.ar\/noticias-villa-maria\/la-realidad-que-no-se-muestra\/\",\"url\":\"http:\/\/elregionalvm.com.ar\/noticias-villa-maria\/la-realidad-que-no-se-muestra\/\",\"name\":\"La realidad que no se muestra\u2026. - El Regional\",\"isPartOf\":{\"@id\":\"http:\/\/elregionalvm.com.ar\/noticias-villa-maria\/#website\"},\"primaryImageOfPage\":{\"@id\":\"http:\/\/elregionalvm.com.ar\/noticias-villa-maria\/la-realidad-que-no-se-muestra\/#primaryimage\"},\"image\":{\"@id\":\"http:\/\/elregionalvm.com.ar\/noticias-villa-maria\/la-realidad-que-no-se-muestra\/#primaryimage\"},\"thumbnailUrl\":\"\",\"datePublished\":\"2020-05-01T15:55:29+00:00\",\"dateModified\":\"2020-06-18T02:26:40+00:00\",\"author\":{\"@id\":\"http:\/\/elregionalvm.com.ar\/noticias-villa-maria\/#\/schema\/person\/df5ff3f005acf29788aed9cb359f1193\"},\"breadcrumb\":{\"@id\":\"http:\/\/elregionalvm.com.ar\/noticias-villa-maria\/la-realidad-que-no-se-muestra\/#breadcrumb\"},\"inLanguage\":\"es\",\"potentialAction\":[{\"@type\":\"ReadAction\",\"target\":[\"http:\/\/elregionalvm.com.ar\/noticias-villa-maria\/la-realidad-que-no-se-muestra\/\"]}]},{\"@type\":\"ImageObject\",\"inLanguage\":\"es\",\"@id\":\"http:\/\/elregionalvm.com.ar\/noticias-villa-maria\/la-realidad-que-no-se-muestra\/#primaryimage\",\"url\":\"\",\"contentUrl\":\"\"},{\"@type\":\"BreadcrumbList\",\"@id\":\"http:\/\/elregionalvm.com.ar\/noticias-villa-maria\/la-realidad-que-no-se-muestra\/#breadcrumb\",\"itemListElement\":[{\"@type\":\"ListItem\",\"position\":1,\"name\":\"Portada\",\"item\":\"https:\/\/elregionalvm.com.ar\/noticias-villa-maria\/\"},{\"@type\":\"ListItem\",\"position\":2,\"name\":\"La realidad que no se muestra\u2026.\"}]},{\"@type\":\"WebSite\",\"@id\":\"http:\/\/elregionalvm.com.ar\/noticias-villa-maria\/#website\",\"url\":\"http:\/\/elregionalvm.com.ar\/noticias-villa-maria\/\",\"name\":\"El Regional\",\"description\":\"Mucho m\u00e1s que informaci\u00f3n\",\"potentialAction\":[{\"@type\":\"SearchAction\",\"target\":{\"@type\":\"EntryPoint\",\"urlTemplate\":\"http:\/\/elregionalvm.com.ar\/noticias-villa-maria\/?s={search_term_string}\"},\"query-input\":{\"@type\":\"PropertyValueSpecification\",\"valueRequired\":true,\"valueName\":\"search_term_string\"}}],\"inLanguage\":\"es\"},{\"@type\":\"Person\",\"@id\":\"http:\/\/elregionalvm.com.ar\/noticias-villa-maria\/#\/schema\/person\/df5ff3f005acf29788aed9cb359f1193\",\"name\":\"Miguel Andreis\",\"image\":{\"@type\":\"ImageObject\",\"inLanguage\":\"es\",\"@id\":\"http:\/\/elregionalvm.com.ar\/noticias-villa-maria\/#\/schema\/person\/image\/\",\"url\":\"https:\/\/secure.gravatar.com\/avatar\/c643381cd03da38327c6407e6886e7182d881f2ecf94a7902ca262c41f9d8884?s=96&d=mm&r=g\",\"contentUrl\":\"https:\/\/secure.gravatar.com\/avatar\/c643381cd03da38327c6407e6886e7182d881f2ecf94a7902ca262c41f9d8884?s=96&d=mm&r=g\",\"caption\":\"Miguel Andreis\"},\"url\":\"https:\/\/elregionalvm.com.ar\/noticias-villa-maria\/author\/miguelandreis\/\"}]}<\/script>\n<!-- \/ Yoast SEO plugin. -->","yoast_head_json":{"title":"La realidad que no se muestra\u2026. - El Regional","robots":{"index":"index","follow":"follow","max-snippet":"max-snippet:-1","max-image-preview":"max-image-preview:large","max-video-preview":"max-video-preview:-1"},"canonical":"http:\/\/elregionalvm.com.ar\/noticias-villa-maria\/la-realidad-que-no-se-muestra\/","og_locale":"es_ES","og_type":"article","og_title":"La realidad que no se muestra\u2026. - El Regional","og_url":"http:\/\/elregionalvm.com.ar\/noticias-villa-maria\/la-realidad-que-no-se-muestra\/","og_site_name":"El Regional","article_publisher":"https:\/\/www.facebook.com\/elregionalvm","article_published_time":"2020-05-01T15:55:29+00:00","article_modified_time":"2020-06-18T02:26:40+00:00","author":"Miguel Andreis","twitter_card":"summary_large_image","twitter_creator":"@elregionalvm1","twitter_site":"@elregionalvm1","twitter_misc":{"Escrito por":"Miguel Andreis","Tiempo de lectura":"6 minutos"},"schema":{"@context":"https:\/\/schema.org","@graph":[{"@type":"Article","@id":"http:\/\/elregionalvm.com.ar\/noticias-villa-maria\/la-realidad-que-no-se-muestra\/#article","isPartOf":{"@id":"http:\/\/elregionalvm.com.ar\/noticias-villa-maria\/la-realidad-que-no-se-muestra\/"},"author":{"name":"Miguel Andreis","@id":"http:\/\/elregionalvm.com.ar\/noticias-villa-maria\/#\/schema\/person\/df5ff3f005acf29788aed9cb359f1193"},"headline":"La realidad que no se muestra\u2026.","datePublished":"2020-05-01T15:55:29+00:00","dateModified":"2020-06-18T02:26:40+00:00","mainEntityOfPage":{"@id":"http:\/\/elregionalvm.com.ar\/noticias-villa-maria\/la-realidad-que-no-se-muestra\/"},"wordCount":1118,"commentCount":1,"image":{"@id":"http:\/\/elregionalvm.com.ar\/noticias-villa-maria\/la-realidad-que-no-se-muestra\/#primaryimage"},"thumbnailUrl":"","articleSection":["Sociedad"],"inLanguage":"es","potentialAction":[{"@type":"CommentAction","name":"Comment","target":["http:\/\/elregionalvm.com.ar\/noticias-villa-maria\/la-realidad-que-no-se-muestra\/#respond"]}]},{"@type":"WebPage","@id":"http:\/\/elregionalvm.com.ar\/noticias-villa-maria\/la-realidad-que-no-se-muestra\/","url":"http:\/\/elregionalvm.com.ar\/noticias-villa-maria\/la-realidad-que-no-se-muestra\/","name":"La realidad que no se muestra\u2026. - El Regional","isPartOf":{"@id":"http:\/\/elregionalvm.com.ar\/noticias-villa-maria\/#website"},"primaryImageOfPage":{"@id":"http:\/\/elregionalvm.com.ar\/noticias-villa-maria\/la-realidad-que-no-se-muestra\/#primaryimage"},"image":{"@id":"http:\/\/elregionalvm.com.ar\/noticias-villa-maria\/la-realidad-que-no-se-muestra\/#primaryimage"},"thumbnailUrl":"","datePublished":"2020-05-01T15:55:29+00:00","dateModified":"2020-06-18T02:26:40+00:00","author":{"@id":"http:\/\/elregionalvm.com.ar\/noticias-villa-maria\/#\/schema\/person\/df5ff3f005acf29788aed9cb359f1193"},"breadcrumb":{"@id":"http:\/\/elregionalvm.com.ar\/noticias-villa-maria\/la-realidad-que-no-se-muestra\/#breadcrumb"},"inLanguage":"es","potentialAction":[{"@type":"ReadAction","target":["http:\/\/elregionalvm.com.ar\/noticias-villa-maria\/la-realidad-que-no-se-muestra\/"]}]},{"@type":"ImageObject","inLanguage":"es","@id":"http:\/\/elregionalvm.com.ar\/noticias-villa-maria\/la-realidad-que-no-se-muestra\/#primaryimage","url":"","contentUrl":""},{"@type":"BreadcrumbList","@id":"http:\/\/elregionalvm.com.ar\/noticias-villa-maria\/la-realidad-que-no-se-muestra\/#breadcrumb","itemListElement":[{"@type":"ListItem","position":1,"name":"Portada","item":"https:\/\/elregionalvm.com.ar\/noticias-villa-maria\/"},{"@type":"ListItem","position":2,"name":"La realidad que no se muestra\u2026."}]},{"@type":"WebSite","@id":"http:\/\/elregionalvm.com.ar\/noticias-villa-maria\/#website","url":"http:\/\/elregionalvm.com.ar\/noticias-villa-maria\/","name":"El Regional","description":"Mucho m\u00e1s que informaci\u00f3n","potentialAction":[{"@type":"SearchAction","target":{"@type":"EntryPoint","urlTemplate":"http:\/\/elregionalvm.com.ar\/noticias-villa-maria\/?s={search_term_string}"},"query-input":{"@type":"PropertyValueSpecification","valueRequired":true,"valueName":"search_term_string"}}],"inLanguage":"es"},{"@type":"Person","@id":"http:\/\/elregionalvm.com.ar\/noticias-villa-maria\/#\/schema\/person\/df5ff3f005acf29788aed9cb359f1193","name":"Miguel Andreis","image":{"@type":"ImageObject","inLanguage":"es","@id":"http:\/\/elregionalvm.com.ar\/noticias-villa-maria\/#\/schema\/person\/image\/","url":"https:\/\/secure.gravatar.com\/avatar\/c643381cd03da38327c6407e6886e7182d881f2ecf94a7902ca262c41f9d8884?s=96&d=mm&r=g","contentUrl":"https:\/\/secure.gravatar.com\/avatar\/c643381cd03da38327c6407e6886e7182d881f2ecf94a7902ca262c41f9d8884?s=96&d=mm&r=g","caption":"Miguel Andreis"},"url":"https:\/\/elregionalvm.com.ar\/noticias-villa-maria\/author\/miguelandreis\/"}]}},"jetpack_featured_media_url":"","jetpack_sharing_enabled":true,"_links":{"self":[{"href":"https:\/\/elregionalvm.com.ar\/noticias-villa-maria\/wp-json\/wp\/v2\/posts\/17727","targetHints":{"allow":["GET"]}}],"collection":[{"href":"https:\/\/elregionalvm.com.ar\/noticias-villa-maria\/wp-json\/wp\/v2\/posts"}],"about":[{"href":"https:\/\/elregionalvm.com.ar\/noticias-villa-maria\/wp-json\/wp\/v2\/types\/post"}],"author":[{"embeddable":true,"href":"https:\/\/elregionalvm.com.ar\/noticias-villa-maria\/wp-json\/wp\/v2\/users\/5"}],"replies":[{"embeddable":true,"href":"https:\/\/elregionalvm.com.ar\/noticias-villa-maria\/wp-json\/wp\/v2\/comments?post=17727"}],"version-history":[{"count":1,"href":"https:\/\/elregionalvm.com.ar\/noticias-villa-maria\/wp-json\/wp\/v2\/posts\/17727\/revisions"}],"predecessor-version":[{"id":18212,"href":"https:\/\/elregionalvm.com.ar\/noticias-villa-maria\/wp-json\/wp\/v2\/posts\/17727\/revisions\/18212"}],"wp:featuredmedia":[{"embeddable":true,"href":"https:\/\/elregionalvm.com.ar\/noticias-villa-maria\/wp-json\/"}],"wp:attachment":[{"href":"https:\/\/elregionalvm.com.ar\/noticias-villa-maria\/wp-json\/wp\/v2\/media?parent=17727"}],"wp:term":[{"taxonomy":"category","embeddable":true,"href":"https:\/\/elregionalvm.com.ar\/noticias-villa-maria\/wp-json\/wp\/v2\/categories?post=17727"},{"taxonomy":"post_tag","embeddable":true,"href":"https:\/\/elregionalvm.com.ar\/noticias-villa-maria\/wp-json\/wp\/v2\/tags?post=17727"}],"curies":[{"name":"wp","href":"https:\/\/api.w.org\/{rel}","templated":true}]}}