{"id":17733,"date":"2020-05-04T17:20:35","date_gmt":"2020-05-04T17:20:35","guid":{"rendered":"http:\/\/www.elregionalvm.com.ar\/?p=15677"},"modified":"2020-06-18T02:25:29","modified_gmt":"2020-06-18T02:25:29","slug":"la-odisea-de-una-villamariense-para-ser-atendida-por-sintomas-semejantes-a-covid-19","status":"publish","type":"post","link":"https:\/\/elregionalvm.com.ar\/noticias-villa-maria\/la-odisea-de-una-villamariense-para-ser-atendida-por-sintomas-semejantes-a-covid-19\/","title":{"rendered":"La odisea de una villamariense para ser  atendida por s\u00edntomas semejantes a COVID-19"},"content":{"rendered":"\n\t\t\t\t<![CDATA[\n<p><strong>Vecina de barrio Ameghino en di\u00e1logo con El Regional,\nexpres\u00f3 malestar \u201cpor los procedimientos del sistema de salud p\u00fablico\u201d y\nsostuvo \u201cno sentirse protegida ante situaciones que tuvo que atravesar por\ns\u00edntomas semejantes a COVID-19\u201d.<\/strong><\/p>\n\n\n<p>Escribe: Carolina Durand<\/p>\n\n\n<p>Ivana Rapaccioni ya est\u00e1 m\u00e1s tranquila. El resultado de COVID-19 dio negativo (ver foto). Pero, para llegar a este desenlace tuvo que atravesar varios episodios que lamenta a lo largo de dos semanas por padecer s\u00edntomas similares a COVID-19. <\/p>\n\n\n<ul class=\"wp-block-gallery columns-1 is-cropped wp-block-gallery-1 is-layout-flex wp-block-gallery-is-layout-flex\"><li class=\"blocks-gallery-item\"><figure><img data-recalc-dims=\"1\" decoding=\"async\" src=\"https:\/\/i0.wp.com\/www.elregionalvm.com.ar\/wp-content\/uploads\/2020\/05\/Resultado-coronavirus-negativo-Ivana-Rapaccioni-editado.jpg\" alt=\"\" data-id=\"15681\" data-link=\"http:\/\/www.elregionalvm.com.ar\/?attachment_id=15681\" class=\"wp-image-15681\" \/><\/figure><\/li><\/ul>\n\n\n<p>La vecina de Villa Mar\u00eda tiene 47 a\u00f1os y vive sola. Desde el 20 de abril dijo sentir febr\u00edcula (fiebre prolongada, moderada, de 37\u00b0), falta de aire desde un primer momento y \u201cchuchos\u201d de fr\u00edo.<\/p>\n\n\n<p>\u201cEl dolor de\ncabeza no era el habitual que siento generalmente, ya que soy de padecer\nmigra\u00f1as por un accidente sufrido hace a\u00f1os. Ten\u00eda ardor en la vista, dolor de\ncabeza, de garganta y falta del aire. No fumo, sol\u00eda andar en bici, por lo que\nsoy de buen estado f\u00edsico. Pens\u00e9 que pod\u00eda tener una gripe, pero no ten\u00eda resfr\u00edo\ny este cuadro, sumado a la febr\u00edcula continua, me empez\u00f3 a asustar\u201d, explic\u00f3. <\/p>\n\n\n<p>A ra\u00edz de sus\nmigra\u00f1as, Ivana toma a diario paracetamol, por lo que la febr\u00edcula oscilante\nentre 37\u00b0 y 37,5\u00b0 pod\u00eda ser atenuada por el medicamento que toma habitualmente,\ny ella no saberlo. &nbsp;<\/p>\n\n\n<p>El viernes 24\nde abril, llam\u00f3 al 107 porque el malestar no cesaba. \u201cAntes de llamar por\ntel\u00e9fono, llam\u00e9 a mi ginec\u00f3logo, consultando si la operaci\u00f3n por c\u00e1ncer de\n\u00fatero que tuve el a\u00f1o pasado, podr\u00eda estar despertando alguna infecci\u00f3n. Me\ndijo que no era factible y que llame a emergencias, ante mis s\u00edntomas\npermanentes\u201d.<\/p>\n\n\n<p><strong>\u201cDe la Asistencia me mandaron al Hospital\u201d<\/strong><\/p>\n\n\n<p>Rapaccioni\nasegur\u00f3 que al llamar al 107, de manera correcta le dijeron que \u201csus s\u00edntomas\neran a\u00fan leves, por lo que deb\u00eda comunicarse con el 0-800, ya que ellos estaban\npara casos de s\u00edntomas m\u00e1s graves, como fiebre alta y problemas respiratorios,\ndonde act\u00faan de urgencia activando el protocolo\u201d. <\/p>\n\n\n<p>Entendiendo\nlas atenciones de las l\u00edneas, \u201cme comuniqu\u00e9 con el 0800 cerca de las 23 horas y\nuna infect\u00f3loga me consult\u00f3 s\u00edntomas y me dijo que tomara cada 6 horas\nparacetamol y esperara al lunes, si la fiebre sub\u00eda en 38\u00b0-39\u00b0 el fin de\nsemana, que volviera a llamar\u201d. <\/p>\n\n\n<p>El fin de\nsemana siguiente y en el transcurso de la semana, la vecina asever\u00f3 que su\nfiebre no exced\u00eda a los 37,5\u00b0, pero su malestar en el cuerpo y la falta de aire\nsigui\u00f3 siendo una constante. El d\u00eda de trabajador, Rapaccioni necesitaba saber\nqu\u00e9 cuadro de salud era el que hac\u00eda 10 d\u00edas la ten\u00eda tan preocupada. <\/p>\n\n\n<p>\u201cPens\u00e9 lo\npeor, por c\u00f3mo me sent\u00eda, por lo que retir\u00e9 una medicaci\u00f3n en la farmacia, que\ntomo habitualmente, por si lo m\u00edo era grave, as\u00ed ya la ten\u00eda conmigo y me fui a\nla Asistencia\u201d, coment\u00f3.<\/p>\n\n\n<p>Fue entonces,\ncuando telef\u00f3nicamente este medio escuch\u00f3 a la vecina acongojada, por lo\nocurrido.<\/p>\n\n\n<p>\u201cFui a la Asistencia\nalrededor de las 10 de la ma\u00f1ana. Cont\u00e9 lo ocurrido a una enfermera quien me\nderiv\u00f3 con otra doctora. A ra\u00edz de la febr\u00edcula constante y dem\u00e1s s\u00edntomas, me\nhicieron pasar a un sector de casos febriles\u201d. Y sigui\u00f3: \u201cLa Dra. que me\natendi\u00f3, me mand\u00f3 al Hospital (Pasteur) para hacer unos an\u00e1lisis. Respond\u00ed no\npoder irme caminando hasta all\u00ed y no contar con dinero para el remis\u201d, a lo que\nla Dra. le habr\u00eda contestado de mala manera, \u201cque alg\u00fan familiar deb\u00eda tener\npara buscarla y llevarla\u201d. <\/p>\n\n\n<p>Ante esto, la\nmujer se ofusc\u00f3 y le dijo que estando en cuarentena no pod\u00eda pedirle al padre\nde 70 a\u00f1os que la lleve en auto y que, mandarla al hospital siendo que hab\u00eda\ns\u00edntomas que alertaban una sospecha de COVID-19, \u201cera una inconciencia\u201d. Era el\nmediod\u00eda, y a\u00fan hab\u00eda dudas de activar el protocolo.<\/p>\n\n\n<p><strong>Protocolo por COVID-19, primera vez<\/strong><\/p>\n\n\n<p>Sin \u00e1nimos de\nsobrellevar el episodio, Rapaccioni asegur\u00f3 que \u201cde muy mala manera\u201d, la m\u00e9dica\nle avis\u00f3 que se hab\u00eda activado y que deb\u00eda esperar a que llegase la ambulancia\nde Corpus. \u201cQuise ir al ba\u00f1o despu\u00e9s de 2 horas y no me dejaban porque pod\u00eda\ntocar y contagiar si llegase a tener coronavirus\u201d. <\/p>\n\n\n<p>Seg\u00fan su\nrelato, despu\u00e9s de 4 horas de espera, sentada, porque no la dejaban recostarse\nen la camilla, lleg\u00f3 la ambulancia. Camino al hospital, la mujer pens\u00f3 que en\npocos minutos m\u00e1s, sabr\u00eda qu\u00e9 suced\u00eda con su cuerpo y habr\u00eda una soluci\u00f3n para\ncalmar los s\u00edntomas que la aquejaban. <\/p>\n\n\n<p>\u201cDe Corpus me\nindicaron c\u00f3mo bajar y qu\u00e9 pasillo seguir. La Dra. generalista V.G.\ncordialmente me pregunt\u00f3 mis s\u00edntomas y r\u00e1pidamente le expliqu\u00e9 lo ocurrido\ndesde el 20 de abril a la fecha. Para este entonces se sumaron s\u00edntomas de tos,\ny el malestar para respirar era inaguantable\u201d, remarc\u00f3. <\/p>\n\n\n<p>La revisaron,\nle midieron la presi\u00f3n, pidieron una radiograf\u00eda y le dieron un pedido de\nan\u00e1lisis, para los cuales deb\u00eda esperar los resultados unas horas m\u00e1s. \u201cPregunt\u00e9\npor el hisopado y me dijeron que no iban a hacerlo porque no ten\u00eda s\u00edntomas tan\ngraves, por lo que habiendo pasado 6 horas, sin desayunar, sin almorzar, con la\nactivaci\u00f3n de un protocolo y que no lo hicieran para quedarnos todos seguros,\nme provoc\u00f3 mucha impotencia. Me guard\u00e9 el pedido de an\u00e1lisis para constancia de\nque fui al hospital y dos polic\u00edas me salieron al cruce, afirmando que si me\niba pod\u00eda ir presa\u201d. <\/p>\n\n\n<p>\u201cNo me dieron\ncertificado que estuve all\u00ed y el hisopado no se iba a hacer. Con impotencia me\ntermine yendo alrededor de las 19 horas a mi casa por mi cuenta, necesitaba\ncomer algo, y acostarme, mi cuerpo lo ped\u00eda a gritos\u201d. <\/p>\n\n\n<p><strong>Activaci\u00f3n del protocolo por segunda vez <\/strong><\/p>\n\n\n<p>Ivana se tom\u00f3\nun remis, que pag\u00f3 al llegar a su casa porque no ten\u00eda dinero encima. Alrededor\nde las 20.30 horas recibi\u00f3 un llamado del Hospital. \u201cMe dijeron que necesitaban\nque vuelva porque luego de evaluar mi caso, iban a hacerme el hisopado\ncorrespondiente. En un principio no quise, por todo lo que viv\u00ed, pero al hablar\ncon la Dra. V. G., y luego de unas disculpas, acced\u00ed. Me dijeron que llame al\n107, que ellos iban a trasladarme sin inconvenientes, y as\u00ed fue. Me prepar\u00e9 un\nbolso con mis cosas personales porque esperaba lo peor, tener que quedarme\nhasta que obtuvieran el resultado. Corpus iba a activar protocolo por segunda\nvez con la misma persona\u201d. <\/p>\n\n\n<p>Llegada al Hospital\nalrededor de las 22 horas esper\u00f3 en el consultorio 2. \u201cPara entonces llegu\u00e9 con\nmucha tos, cansada, y me faltaba el aire, pas\u00e9 muchos nervios\u201d. Esta vez me\natendieron muy bien, me hicieron los an\u00e1lisis y el hisopado. Mientras se\npreparaban, escuchaba desde la puerta las indicaciones que le daban al joven\nque iba a hacer por primera vez un hisopado. Creo, era pasante\u201d. <\/p>\n\n\n<p><strong>A su casa, en remis <\/strong><\/p>\n\n\n<p>Respecto al\nresultado de los an\u00e1lisis, la Dra. le explic\u00f3 que parecer\u00eda tener una \u201cpeque\u00f1a infecci\u00f3n\nrespiratoria\u201d, y una \u201cinfecci\u00f3n en la sangre\u201d que tendr\u00edan que seguir\nanalizando. \u201cEste panorama me lo explic\u00f3 verbalmente\u201d. <\/p>\n\n\n<p>\u201cLa odisea\ntermin\u00f3 a las 2 de la ma\u00f1ana. Me dijeron que me fuera a mi casa, que lunes o\nmartes llamara para saber el resultado. Con bolso en mano, esperando que me\ntrasladen a mi casa, me dijeron que me tome un remis y que no le dijera al\nremisero por qu\u00e9 estaba a esa hora en el Hospital, sino no iban a querer\nllevarme\u201d, culmin\u00f3. <\/p>\n\n\n<p>El lunes 4 de\nmayo se enter\u00f3 del resultado negativo v\u00eda telef\u00f3nica. Solicit\u00f3 que le enviaran\nel resultado por escrito y lo recibi\u00f3 por correo electr\u00f3nico. Se qued\u00f3\ntranquila por el resultado, pero su malestar persist\u00eda por lo que sigui\u00f3\nrequiriendo atenci\u00f3n m\u00e9dica. <\/p>\n]]>\t\t","protected":false},"excerpt":{"rendered":"<p>\t\t\t\t<![CDATA[]]>\t\t<\/p>\n","protected":false},"author":6,"featured_media":15680,"comment_status":"open","ping_status":"open","sticky":false,"template":"","format":"standard","meta":{"site-sidebar-layout":"default","site-content-layout":"","ast-site-content-layout":"default","site-content-style":"default","site-sidebar-style":"default","ast-global-header-display":"","ast-banner-title-visibility":"","ast-main-header-display":"","ast-hfb-above-header-display":"","ast-hfb-below-header-display":"","ast-hfb-mobile-header-display":"","site-post-title":"","ast-breadcrumbs-content":"","ast-featured-img":"","footer-sml-layout":"","ast-disable-related-posts":"","theme-transparent-header-meta":"","adv-header-id-meta":"","stick-header-meta":"","header-above-stick-meta":"","header-main-stick-meta":"","header-below-stick-meta":"","astra-migrate-meta-layouts":"default","ast-page-background-enabled":"default","ast-page-background-meta":{"desktop":{"background-color":"","background-image":"","background-repeat":"repeat","background-position":"center center","background-size":"auto","background-attachment":"scroll","background-type":"","background-media":"","overlay-type":"","overlay-color":"","overlay-opacity":"","overlay-gradient":""},"tablet":{"background-color":"","background-image":"","background-repeat":"repeat","background-position":"center center","background-size":"auto","background-attachment":"scroll","background-type":"","background-media":"","overlay-type":"","overlay-color":"","overlay-opacity":"","overlay-gradient":""},"mobile":{"background-color":"","background-image":"","background-repeat":"repeat","background-position":"center center","background-size":"auto","background-attachment":"scroll","background-type":"","background-media":"","overlay-type":"","overlay-color":"","overlay-opacity":"","overlay-gradient":""}},"ast-content-background-meta":{"desktop":{"background-color":"var(--ast-global-color-5)","background-image":"","background-repeat":"repeat","background-position":"center center","background-size":"auto","background-attachment":"scroll","background-type":"","background-media":"","overlay-type":"","overlay-color":"","overlay-opacity":"","overlay-gradient":""},"tablet":{"background-color":"var(--ast-global-color-5)","background-image":"","background-repeat":"repeat","background-position":"center center","background-size":"auto","background-attachment":"scroll","background-type":"","background-media":"","overlay-type":"","overlay-color":"","overlay-opacity":"","overlay-gradient":""},"mobile":{"background-color":"var(--ast-global-color-5)","background-image":"","background-repeat":"repeat","background-position":"center center","background-size":"auto","background-attachment":"scroll","background-type":"","background-media":"","overlay-type":"","overlay-color":"","overlay-opacity":"","overlay-gradient":""}},"_jetpack_memberships_contains_paid_content":false,"_joinchat":[],"footnotes":""},"categories":[2],"tags":[2128,1997,2054,917,2129,2130,2131,1998,2132,2133,534],"class_list":["post-17733","post","type-post","status-publish","format-standard","has-post-thumbnail","hentry","category-villa-maria","tag-asistencia-publica","tag-coronavirus","tag-covid-19","tag-criticas","tag-hisopado","tag-hospital-pasteur","tag-odisea","tag-pandemia","tag-protocolo","tag-salud","tag-villa-maria"],"yoast_head":"<!-- This site is optimized with the Yoast SEO plugin v26.8 - https:\/\/yoast.com\/product\/yoast-seo-wordpress\/ -->\n<title>La odisea de una villamariense para ser atendida por s\u00edntomas semejantes a COVID-19 - El Regional<\/title>\n<meta name=\"robots\" content=\"index, follow, max-snippet:-1, max-image-preview:large, max-video-preview:-1\" \/>\n<link rel=\"canonical\" href=\"http:\/\/elregionalvm.com.ar\/noticias-villa-maria\/la-odisea-de-una-villamariense-para-ser-atendida-por-sintomas-semejantes-a-covid-19\/\" \/>\n<meta property=\"og:locale\" content=\"es_ES\" \/>\n<meta property=\"og:type\" content=\"article\" \/>\n<meta property=\"og:title\" content=\"La odisea de una villamariense para ser atendida por s\u00edntomas semejantes a COVID-19 - El Regional\" \/>\n<meta property=\"og:url\" content=\"http:\/\/elregionalvm.com.ar\/noticias-villa-maria\/la-odisea-de-una-villamariense-para-ser-atendida-por-sintomas-semejantes-a-covid-19\/\" \/>\n<meta property=\"og:site_name\" content=\"El Regional\" \/>\n<meta property=\"article:publisher\" content=\"https:\/\/www.facebook.com\/elregionalvm\" \/>\n<meta property=\"article:published_time\" content=\"2020-05-04T17:20:35+00:00\" \/>\n<meta property=\"article:modified_time\" content=\"2020-06-18T02:25:29+00:00\" \/>\n<meta name=\"author\" content=\"Germ\u00e1n Giacchero\" \/>\n<meta name=\"twitter:card\" content=\"summary_large_image\" \/>\n<meta name=\"twitter:creator\" content=\"@elregionalvm1\" \/>\n<meta name=\"twitter:site\" content=\"@elregionalvm1\" \/>\n<meta name=\"twitter:label1\" content=\"Escrito por\" \/>\n\t<meta name=\"twitter:data1\" content=\"Germ\u00e1n Giacchero\" \/>\n\t<meta name=\"twitter:label2\" content=\"Tiempo de lectura\" \/>\n\t<meta name=\"twitter:data2\" content=\"7 minutos\" \/>\n<script type=\"application\/ld+json\" class=\"yoast-schema-graph\">{\"@context\":\"https:\/\/schema.org\",\"@graph\":[{\"@type\":\"Article\",\"@id\":\"http:\/\/elregionalvm.com.ar\/noticias-villa-maria\/la-odisea-de-una-villamariense-para-ser-atendida-por-sintomas-semejantes-a-covid-19\/#article\",\"isPartOf\":{\"@id\":\"http:\/\/elregionalvm.com.ar\/noticias-villa-maria\/la-odisea-de-una-villamariense-para-ser-atendida-por-sintomas-semejantes-a-covid-19\/\"},\"author\":{\"name\":\"Germ\u00e1n Giacchero\",\"@id\":\"http:\/\/elregionalvm.com.ar\/noticias-villa-maria\/#\/schema\/person\/d5e4b04966154131701e52c45d3efec9\"},\"headline\":\"La odisea de una villamariense para ser atendida por s\u00edntomas semejantes a COVID-19\",\"datePublished\":\"2020-05-04T17:20:35+00:00\",\"dateModified\":\"2020-06-18T02:25:29+00:00\",\"mainEntityOfPage\":{\"@id\":\"http:\/\/elregionalvm.com.ar\/noticias-villa-maria\/la-odisea-de-una-villamariense-para-ser-atendida-por-sintomas-semejantes-a-covid-19\/\"},\"wordCount\":1379,\"commentCount\":0,\"image\":{\"@id\":\"http:\/\/elregionalvm.com.ar\/noticias-villa-maria\/la-odisea-de-una-villamariense-para-ser-atendida-por-sintomas-semejantes-a-covid-19\/#primaryimage\"},\"thumbnailUrl\":\"\",\"keywords\":[\"Asistencia P\u00fablica\",\"Coronavirus\",\"Covid-19\",\"Criticas\",\"Hisopado\",\"Hospital Pasteur\",\"Odisea\",\"pandemia\",\"Protocolo\",\"salud\",\"villa maria\"],\"articleSection\":[\"Villa Mar\u00eda\"],\"inLanguage\":\"es\",\"potentialAction\":[{\"@type\":\"CommentAction\",\"name\":\"Comment\",\"target\":[\"http:\/\/elregionalvm.com.ar\/noticias-villa-maria\/la-odisea-de-una-villamariense-para-ser-atendida-por-sintomas-semejantes-a-covid-19\/#respond\"]}]},{\"@type\":\"WebPage\",\"@id\":\"http:\/\/elregionalvm.com.ar\/noticias-villa-maria\/la-odisea-de-una-villamariense-para-ser-atendida-por-sintomas-semejantes-a-covid-19\/\",\"url\":\"http:\/\/elregionalvm.com.ar\/noticias-villa-maria\/la-odisea-de-una-villamariense-para-ser-atendida-por-sintomas-semejantes-a-covid-19\/\",\"name\":\"La odisea de una villamariense para ser atendida por s\u00edntomas semejantes a COVID-19 - El Regional\",\"isPartOf\":{\"@id\":\"http:\/\/elregionalvm.com.ar\/noticias-villa-maria\/#website\"},\"primaryImageOfPage\":{\"@id\":\"http:\/\/elregionalvm.com.ar\/noticias-villa-maria\/la-odisea-de-una-villamariense-para-ser-atendida-por-sintomas-semejantes-a-covid-19\/#primaryimage\"},\"image\":{\"@id\":\"http:\/\/elregionalvm.com.ar\/noticias-villa-maria\/la-odisea-de-una-villamariense-para-ser-atendida-por-sintomas-semejantes-a-covid-19\/#primaryimage\"},\"thumbnailUrl\":\"\",\"datePublished\":\"2020-05-04T17:20:35+00:00\",\"dateModified\":\"2020-06-18T02:25:29+00:00\",\"author\":{\"@id\":\"http:\/\/elregionalvm.com.ar\/noticias-villa-maria\/#\/schema\/person\/d5e4b04966154131701e52c45d3efec9\"},\"breadcrumb\":{\"@id\":\"http:\/\/elregionalvm.com.ar\/noticias-villa-maria\/la-odisea-de-una-villamariense-para-ser-atendida-por-sintomas-semejantes-a-covid-19\/#breadcrumb\"},\"inLanguage\":\"es\",\"potentialAction\":[{\"@type\":\"ReadAction\",\"target\":[\"http:\/\/elregionalvm.com.ar\/noticias-villa-maria\/la-odisea-de-una-villamariense-para-ser-atendida-por-sintomas-semejantes-a-covid-19\/\"]}]},{\"@type\":\"ImageObject\",\"inLanguage\":\"es\",\"@id\":\"http:\/\/elregionalvm.com.ar\/noticias-villa-maria\/la-odisea-de-una-villamariense-para-ser-atendida-por-sintomas-semejantes-a-covid-19\/#primaryimage\",\"url\":\"\",\"contentUrl\":\"\"},{\"@type\":\"BreadcrumbList\",\"@id\":\"http:\/\/elregionalvm.com.ar\/noticias-villa-maria\/la-odisea-de-una-villamariense-para-ser-atendida-por-sintomas-semejantes-a-covid-19\/#breadcrumb\",\"itemListElement\":[{\"@type\":\"ListItem\",\"position\":1,\"name\":\"Portada\",\"item\":\"https:\/\/elregionalvm.com.ar\/noticias-villa-maria\/\"},{\"@type\":\"ListItem\",\"position\":2,\"name\":\"La odisea de una villamariense para ser atendida por s\u00edntomas semejantes a COVID-19\"}]},{\"@type\":\"WebSite\",\"@id\":\"http:\/\/elregionalvm.com.ar\/noticias-villa-maria\/#website\",\"url\":\"http:\/\/elregionalvm.com.ar\/noticias-villa-maria\/\",\"name\":\"El Regional\",\"description\":\"Mucho m\u00e1s que informaci\u00f3n\",\"potentialAction\":[{\"@type\":\"SearchAction\",\"target\":{\"@type\":\"EntryPoint\",\"urlTemplate\":\"http:\/\/elregionalvm.com.ar\/noticias-villa-maria\/?s={search_term_string}\"},\"query-input\":{\"@type\":\"PropertyValueSpecification\",\"valueRequired\":true,\"valueName\":\"search_term_string\"}}],\"inLanguage\":\"es\"},{\"@type\":\"Person\",\"@id\":\"http:\/\/elregionalvm.com.ar\/noticias-villa-maria\/#\/schema\/person\/d5e4b04966154131701e52c45d3efec9\",\"name\":\"Germ\u00e1n Giacchero\",\"image\":{\"@type\":\"ImageObject\",\"inLanguage\":\"es\",\"@id\":\"http:\/\/elregionalvm.com.ar\/noticias-villa-maria\/#\/schema\/person\/image\/\",\"url\":\"https:\/\/secure.gravatar.com\/avatar\/fda163ba5ef0307ee5be9846e10f83b6e83d0cfb260d3b2464830318894c6b04?s=96&d=mm&r=g\",\"contentUrl\":\"https:\/\/secure.gravatar.com\/avatar\/fda163ba5ef0307ee5be9846e10f83b6e83d0cfb260d3b2464830318894c6b04?s=96&d=mm&r=g\",\"caption\":\"Germ\u00e1n Giacchero\"},\"url\":\"https:\/\/elregionalvm.com.ar\/noticias-villa-maria\/author\/germangiacchero\/\"}]}<\/script>\n<!-- \/ Yoast SEO plugin. -->","yoast_head_json":{"title":"La odisea de una villamariense para ser atendida por s\u00edntomas semejantes a COVID-19 - El Regional","robots":{"index":"index","follow":"follow","max-snippet":"max-snippet:-1","max-image-preview":"max-image-preview:large","max-video-preview":"max-video-preview:-1"},"canonical":"http:\/\/elregionalvm.com.ar\/noticias-villa-maria\/la-odisea-de-una-villamariense-para-ser-atendida-por-sintomas-semejantes-a-covid-19\/","og_locale":"es_ES","og_type":"article","og_title":"La odisea de una villamariense para ser atendida por s\u00edntomas semejantes a COVID-19 - El Regional","og_url":"http:\/\/elregionalvm.com.ar\/noticias-villa-maria\/la-odisea-de-una-villamariense-para-ser-atendida-por-sintomas-semejantes-a-covid-19\/","og_site_name":"El Regional","article_publisher":"https:\/\/www.facebook.com\/elregionalvm","article_published_time":"2020-05-04T17:20:35+00:00","article_modified_time":"2020-06-18T02:25:29+00:00","author":"Germ\u00e1n Giacchero","twitter_card":"summary_large_image","twitter_creator":"@elregionalvm1","twitter_site":"@elregionalvm1","twitter_misc":{"Escrito por":"Germ\u00e1n Giacchero","Tiempo de lectura":"7 minutos"},"schema":{"@context":"https:\/\/schema.org","@graph":[{"@type":"Article","@id":"http:\/\/elregionalvm.com.ar\/noticias-villa-maria\/la-odisea-de-una-villamariense-para-ser-atendida-por-sintomas-semejantes-a-covid-19\/#article","isPartOf":{"@id":"http:\/\/elregionalvm.com.ar\/noticias-villa-maria\/la-odisea-de-una-villamariense-para-ser-atendida-por-sintomas-semejantes-a-covid-19\/"},"author":{"name":"Germ\u00e1n Giacchero","@id":"http:\/\/elregionalvm.com.ar\/noticias-villa-maria\/#\/schema\/person\/d5e4b04966154131701e52c45d3efec9"},"headline":"La odisea de una villamariense para ser atendida por s\u00edntomas semejantes a COVID-19","datePublished":"2020-05-04T17:20:35+00:00","dateModified":"2020-06-18T02:25:29+00:00","mainEntityOfPage":{"@id":"http:\/\/elregionalvm.com.ar\/noticias-villa-maria\/la-odisea-de-una-villamariense-para-ser-atendida-por-sintomas-semejantes-a-covid-19\/"},"wordCount":1379,"commentCount":0,"image":{"@id":"http:\/\/elregionalvm.com.ar\/noticias-villa-maria\/la-odisea-de-una-villamariense-para-ser-atendida-por-sintomas-semejantes-a-covid-19\/#primaryimage"},"thumbnailUrl":"","keywords":["Asistencia P\u00fablica","Coronavirus","Covid-19","Criticas","Hisopado","Hospital Pasteur","Odisea","pandemia","Protocolo","salud","villa maria"],"articleSection":["Villa Mar\u00eda"],"inLanguage":"es","potentialAction":[{"@type":"CommentAction","name":"Comment","target":["http:\/\/elregionalvm.com.ar\/noticias-villa-maria\/la-odisea-de-una-villamariense-para-ser-atendida-por-sintomas-semejantes-a-covid-19\/#respond"]}]},{"@type":"WebPage","@id":"http:\/\/elregionalvm.com.ar\/noticias-villa-maria\/la-odisea-de-una-villamariense-para-ser-atendida-por-sintomas-semejantes-a-covid-19\/","url":"http:\/\/elregionalvm.com.ar\/noticias-villa-maria\/la-odisea-de-una-villamariense-para-ser-atendida-por-sintomas-semejantes-a-covid-19\/","name":"La odisea de una villamariense para ser atendida por s\u00edntomas semejantes a COVID-19 - El Regional","isPartOf":{"@id":"http:\/\/elregionalvm.com.ar\/noticias-villa-maria\/#website"},"primaryImageOfPage":{"@id":"http:\/\/elregionalvm.com.ar\/noticias-villa-maria\/la-odisea-de-una-villamariense-para-ser-atendida-por-sintomas-semejantes-a-covid-19\/#primaryimage"},"image":{"@id":"http:\/\/elregionalvm.com.ar\/noticias-villa-maria\/la-odisea-de-una-villamariense-para-ser-atendida-por-sintomas-semejantes-a-covid-19\/#primaryimage"},"thumbnailUrl":"","datePublished":"2020-05-04T17:20:35+00:00","dateModified":"2020-06-18T02:25:29+00:00","author":{"@id":"http:\/\/elregionalvm.com.ar\/noticias-villa-maria\/#\/schema\/person\/d5e4b04966154131701e52c45d3efec9"},"breadcrumb":{"@id":"http:\/\/elregionalvm.com.ar\/noticias-villa-maria\/la-odisea-de-una-villamariense-para-ser-atendida-por-sintomas-semejantes-a-covid-19\/#breadcrumb"},"inLanguage":"es","potentialAction":[{"@type":"ReadAction","target":["http:\/\/elregionalvm.com.ar\/noticias-villa-maria\/la-odisea-de-una-villamariense-para-ser-atendida-por-sintomas-semejantes-a-covid-19\/"]}]},{"@type":"ImageObject","inLanguage":"es","@id":"http:\/\/elregionalvm.com.ar\/noticias-villa-maria\/la-odisea-de-una-villamariense-para-ser-atendida-por-sintomas-semejantes-a-covid-19\/#primaryimage","url":"","contentUrl":""},{"@type":"BreadcrumbList","@id":"http:\/\/elregionalvm.com.ar\/noticias-villa-maria\/la-odisea-de-una-villamariense-para-ser-atendida-por-sintomas-semejantes-a-covid-19\/#breadcrumb","itemListElement":[{"@type":"ListItem","position":1,"name":"Portada","item":"https:\/\/elregionalvm.com.ar\/noticias-villa-maria\/"},{"@type":"ListItem","position":2,"name":"La odisea de una villamariense para ser atendida por s\u00edntomas semejantes a COVID-19"}]},{"@type":"WebSite","@id":"http:\/\/elregionalvm.com.ar\/noticias-villa-maria\/#website","url":"http:\/\/elregionalvm.com.ar\/noticias-villa-maria\/","name":"El Regional","description":"Mucho m\u00e1s que informaci\u00f3n","potentialAction":[{"@type":"SearchAction","target":{"@type":"EntryPoint","urlTemplate":"http:\/\/elregionalvm.com.ar\/noticias-villa-maria\/?s={search_term_string}"},"query-input":{"@type":"PropertyValueSpecification","valueRequired":true,"valueName":"search_term_string"}}],"inLanguage":"es"},{"@type":"Person","@id":"http:\/\/elregionalvm.com.ar\/noticias-villa-maria\/#\/schema\/person\/d5e4b04966154131701e52c45d3efec9","name":"Germ\u00e1n Giacchero","image":{"@type":"ImageObject","inLanguage":"es","@id":"http:\/\/elregionalvm.com.ar\/noticias-villa-maria\/#\/schema\/person\/image\/","url":"https:\/\/secure.gravatar.com\/avatar\/fda163ba5ef0307ee5be9846e10f83b6e83d0cfb260d3b2464830318894c6b04?s=96&d=mm&r=g","contentUrl":"https:\/\/secure.gravatar.com\/avatar\/fda163ba5ef0307ee5be9846e10f83b6e83d0cfb260d3b2464830318894c6b04?s=96&d=mm&r=g","caption":"Germ\u00e1n Giacchero"},"url":"https:\/\/elregionalvm.com.ar\/noticias-villa-maria\/author\/germangiacchero\/"}]}},"jetpack_featured_media_url":"","jetpack_sharing_enabled":true,"_links":{"self":[{"href":"https:\/\/elregionalvm.com.ar\/noticias-villa-maria\/wp-json\/wp\/v2\/posts\/17733","targetHints":{"allow":["GET"]}}],"collection":[{"href":"https:\/\/elregionalvm.com.ar\/noticias-villa-maria\/wp-json\/wp\/v2\/posts"}],"about":[{"href":"https:\/\/elregionalvm.com.ar\/noticias-villa-maria\/wp-json\/wp\/v2\/types\/post"}],"author":[{"embeddable":true,"href":"https:\/\/elregionalvm.com.ar\/noticias-villa-maria\/wp-json\/wp\/v2\/users\/6"}],"replies":[{"embeddable":true,"href":"https:\/\/elregionalvm.com.ar\/noticias-villa-maria\/wp-json\/wp\/v2\/comments?post=17733"}],"version-history":[{"count":1,"href":"https:\/\/elregionalvm.com.ar\/noticias-villa-maria\/wp-json\/wp\/v2\/posts\/17733\/revisions"}],"predecessor-version":[{"id":18209,"href":"https:\/\/elregionalvm.com.ar\/noticias-villa-maria\/wp-json\/wp\/v2\/posts\/17733\/revisions\/18209"}],"wp:featuredmedia":[{"embeddable":true,"href":"https:\/\/elregionalvm.com.ar\/noticias-villa-maria\/wp-json\/"}],"wp:attachment":[{"href":"https:\/\/elregionalvm.com.ar\/noticias-villa-maria\/wp-json\/wp\/v2\/media?parent=17733"}],"wp:term":[{"taxonomy":"category","embeddable":true,"href":"https:\/\/elregionalvm.com.ar\/noticias-villa-maria\/wp-json\/wp\/v2\/categories?post=17733"},{"taxonomy":"post_tag","embeddable":true,"href":"https:\/\/elregionalvm.com.ar\/noticias-villa-maria\/wp-json\/wp\/v2\/tags?post=17733"}],"curies":[{"name":"wp","href":"https:\/\/api.w.org\/{rel}","templated":true}]}}