{"id":17734,"date":"2020-05-04T18:43:14","date_gmt":"2020-05-04T18:43:14","guid":{"rendered":"http:\/\/www.elregionalvm.com.ar\/?p=15683"},"modified":"2020-06-16T19:10:26","modified_gmt":"2020-06-16T19:10:26","slug":"covid19-un-flagelo-importante-y-una-exacerbacion-del-temor","status":"publish","type":"post","link":"https:\/\/elregionalvm.com.ar\/noticias-villa-maria\/covid19-un-flagelo-importante-y-una-exacerbacion-del-temor\/","title":{"rendered":"Covid19, un flagelo importante y una                exacerbaci\u00f3n del temor\u2026"},"content":{"rendered":"\n\t\t\t\t<![CDATA[\n<p><strong>Escribe: Fern\u00e1ndo Gar\u00f3falo<\/strong><\/p>\n\n\n<p><strong>M\u00e9dico Veterinario<\/strong><\/p>\n\n\n<p><strong>Los argentinos, casi como una perspectiva cultural hist\u00f3rica, tenemos en nuestro ADN, el de opinar de todo y de todos. Con conocimiento fehaciente, o de puro pico nomas. Podemos formar la Selecci\u00f3n de F\u00fatbol mucho m\u00e1s eficientemente que el m\u00e1s exitoso de los entrenadores. Que el Lole Reutemann perdi\u00f3, su gran carrera en Argentina, porque le falt\u00f3 valor; que Boca es el mejor equipo del mundo y River es un pecho fr\u00edo. En honor a la verdad no tenemos ni idea. Posiblemente alguien diga lo mismo por este escrito que lleva mi firma sobre el Covid 19.<\/strong><\/p>\n\n\n<p><strong>Los da\u00f1os del mismo\nhombre<\/strong><\/p>\n\n\n<p>El hombre ha destruido en gran manera sobre los\necosistemas naturales. Campos o bosques. Entre otras cosas disminuyendo la\nposibilidad de alimentaci\u00f3n en las distintas especies silvestres. Nos\nencontramos que algunos de los agentes etiol\u00f3gicos cambian de hu\u00e9sped, ya que\nson zoon\u00f3ticos (que se trasmiten a los humanos) donde florecen nuevas\nenfermedades.<\/p>\n\n\n<p>El COVID 19 es un virus nuevo, para el que no tenemos\ndefensas, no existen vacunas o medicamentos que act\u00faen espec\u00edficamente. La\nciencia desde que se conoci\u00f3 la aparici\u00f3n del mismo ha trabajado denodadamente\ncontra el tiempo. Los ant\u00eddotos a\u00fan no est\u00e1n al alcance del mundo. Al\ndesconocer c\u00f3mo se desarrolla la epidemia, casi al un\u00edsono se despiertan las\nhip\u00f3tesis. Se la compara con otras epidemias de la historia. Tomaron de una de\nellas, la importancia del distanciamiento de las personas.&nbsp; Herramienta importante.<\/p>\n\n\n<p>Este virus no tiene otro reservorio, siendo diferente al\nDengue o al Zica, que tienen los mosquitos como agentes. Se determin\u00f3 que se\ntrata de un virus relativamente pesado, por lo que se aconseja mantener\ndistancia de otra persona superior a 1,5 metros.&nbsp; Otros virus llegan a esparcirse hasta 15\nkil\u00f3metros. A \u00e9stos \u00faltimos se los conoce mucho en veterinaria. <\/p>\n\n\n<p>El numerador en la ecuaci\u00f3n matem\u00e1tica de la\nepidemiolog\u00eda, tiene una estrecha relaci\u00f3n con <strong>la concentraci\u00f3n del virus<\/strong>&nbsp; <strong>e inversa con la<\/strong> carga inmunitaria de\ndefensa poblacional, &nbsp;influencia de la vacuna y la cantidad\nde terap\u00e9uticos necesarios para combatir ese agente.<\/p>\n\n\n<p>Todo se dimensiona a trav\u00e9s del factor tiempo en el\nintento de encontrar alguna cura, cuando la ciencia carece de respuestas. El\ntranscurrir de los d\u00edas la acci\u00f3n del agente aumenta considerablemente, ergo, la\nepidemia se vuelve insostenible, como paso en Italia, Espa\u00f1a o Estados Unidos.<\/p>\n\n\n<p><strong>Medidas positivas<\/strong><\/p>\n\n\n<p>El hecho de cerrar los aeropuertos, por donde entr\u00f3 el\nagente, hace que los casos se pudieran focalizar, sumado a la cuarentena\nobligatoria. No obstante, no hemos sido muy pulcros en este contexto de la\nobediencia.<\/p>\n\n\n<p>As\u00ed comenz\u00f3 un debate entre los cient\u00edficos \u00bfBarbijo si,\nbarbijo no? Se perdi\u00f3 un tiempo fenomenal. Error de las autoridades de darle\ntanta ventaja al virus al &nbsp;<strong>no<\/strong> tomar como obligatorio el uso &nbsp;del barbijo, cuando se est\u00e1 en contacto con\notras personas. Se dej\u00f3 sin barreras el avance del \u201cbichito\u201d. Todo terminaba en\ndiscusiones de televisi\u00f3n. El distanciamiento es fundamental, a\u00fan mucho m\u00e1s que\nquedarse en la casa.<\/p>\n\n\n<p>El interrogante que nos sobrevuela es \u00bfQu\u00e9 capacidad\ntiene el virus de mutar? Si no muta, los recuperados sirven para recuperar los\ninfectados, pero si muta, un recuperado puede enfermarse nuevamente.<\/p>\n\n\n<p>Una mutaci\u00f3n y un virus diferente es lo mismo. Los\nanticuerpos ya no podr\u00e1n defenderlo de esa nueva versi\u00f3n. Aqu\u00ed surge otra\npregunta, \u00bfLas defensas generadas al curarse son para siempre o por un tiempo?<\/p>\n\n\n<p>Las epidemias tienen un desarrollo que se representa por\nun modelo matem\u00e1tico, en la cual el aumento de los contagiados tiene una\nelevaci\u00f3n que puede ser lineal, como es hasta este momento en Argentina o\nlogar\u00edtmica como es en Estados Unidos, la diferencia son los muertos.<\/p>\n\n\n<p><strong>Continuamos con otras\ninc\u00f3gnitas <\/strong><\/p>\n\n\n<p>\u00bfSe logr\u00f3 manejar la replicaci\u00f3n viral en la poblaci\u00f3n?, \u00bfLa\ncantidad de testeos refleja la realidad de la replicaci\u00f3n viral? Todo parecer\u00eda\nque s\u00ed, o sea el numerador est\u00e1 controlado, ahora, y sin irnos del contexto de\nla pandemia \u00bfLa econom\u00eda soporta m\u00e1s tiempo el Aislamiento Social obligatorio?<\/p>\n\n\n<p>Es sabido, que la exposici\u00f3n a bajas dosis funciona como\nuna vacuna natural donde los sistemas de defensa generando inmunidad activa.\nPosiblemente &nbsp;tengamos m\u00e1s contagiados\nasintom\u00e1ticos, que los detectados como portadores.<\/p>\n\n\n<p>Si las personas est\u00e1n dentro de su casa, \u00bfc\u00f3mo va a ser\nexpuesta a una dosis m\u00ednima del agente? Si no hay vacunas y no hay exposici\u00f3n,\nno hay aumento de las defensas. De esta manera seguiremos recluidos y sin\ndefensas vaya a saber cu\u00e1nto tiempo.<\/p>\n\n\n<p>O sea, es como que la concentraci\u00f3n viral no crece, pero\nno hacemos nada para defender la capacidad de resistencia poblacional. hay poco\nvirus, pero nada de defensas.<\/p>\n\n\n<p>Muchas recordar\u00e1n cuando chicos and\u00e1bamos descalzos y en\nel barro, pleno invierno, agua helada. Nos retaban nuestros padres, pero era la\nmanera de generarnos las defensas contra cualquier virus.<\/p>\n\n\n<p><strong>El encierro y la\nparanoia<\/strong><\/p>\n\n\n<p>Seguir con el encierro no nos permitir\u00e1 desarrollas las\ndefensas. Aumenta el mal humor de la sociedad. La paranoia. La paralizaci\u00f3n\nproductiva que nos llevar\u00e1 a un contexto de descalabro econ\u00f3mico tan o m\u00e1s\nda\u00f1ino que la propia pandemia.<\/p>\n\n\n<p>Entiendo que nada ser\u00e1 f\u00e1cil, pero es posible si tomamos algunos\nelementos como una salida organizada del aislamiento, todos con barbijos o\ntapabocas, distanciamiento, aperturas de comercios resguardando cantidad de\npersonas y espacios. Comenzar a naturalizar este flagelo.&nbsp; <\/p>\n\n\n<p>Claro que el COVID 19 ha causado muertes, pero es preciso\nindicar que otras enfermedades, como gripes, neumon\u00edas, epoc, y tantas m\u00e1s,\ngeneran una cifra de mortandad que, si las conoci\u00e9ramos realmente, vivir\u00edamos\ndebajo de las camas.<\/p>\n\n\n<p>Por otra parte, tampoco ha sido acertado permitir que\ncada provincia con sus respectivos caudillos, manejaran las mismas a su antojo,\nentre otras cosas prohibiendo la circulaci\u00f3n de una geograf\u00eda a otra,\nolvid\u00e1ndose de los que indica la Constituci\u00f3n Nacional. Tristemente han\nolvidado que esto es un Aislamiento Social Obligatorio, no hemos perdido\nnuestros derechos constitucionales. Los perdemos a todos, cuando se dictamina\nel \u201cEstado de sitio\u201d; es de esperar que esa decisi\u00f3n no llegue nunca.<\/p>\n]]>\t\t","protected":false},"excerpt":{"rendered":"<p>\t\t\t\t<![CDATA[]]>\t\t<\/p>\n","protected":false},"author":5,"featured_media":15363,"comment_status":"open","ping_status":"open","sticky":false,"template":"","format":"standard","meta":{"site-sidebar-layout":"default","site-content-layout":"","ast-site-content-layout":"default","site-content-style":"default","site-sidebar-style":"default","ast-global-header-display":"","ast-banner-title-visibility":"","ast-main-header-display":"","ast-hfb-above-header-display":"","ast-hfb-below-header-display":"","ast-hfb-mobile-header-display":"","site-post-title":"","ast-breadcrumbs-content":"","ast-featured-img":"","footer-sml-layout":"","ast-disable-related-posts":"","theme-transparent-header-meta":"","adv-header-id-meta":"","stick-header-meta":"","header-above-stick-meta":"","header-main-stick-meta":"","header-below-stick-meta":"","astra-migrate-meta-layouts":"default","ast-page-background-enabled":"default","ast-page-background-meta":{"desktop":{"background-color":"","background-image":"","background-repeat":"repeat","background-position":"center center","background-size":"auto","background-attachment":"scroll","background-type":"","background-media":"","overlay-type":"","overlay-color":"","overlay-opacity":"","overlay-gradient":""},"tablet":{"background-color":"","background-image":"","background-repeat":"repeat","background-position":"center center","background-size":"auto","background-attachment":"scroll","background-type":"","background-media":"","overlay-type":"","overlay-color":"","overlay-opacity":"","overlay-gradient":""},"mobile":{"background-color":"","background-image":"","background-repeat":"repeat","background-position":"center center","background-size":"auto","background-attachment":"scroll","background-type":"","background-media":"","overlay-type":"","overlay-color":"","overlay-opacity":"","overlay-gradient":""}},"ast-content-background-meta":{"desktop":{"background-color":"var(--ast-global-color-5)","background-image":"","background-repeat":"repeat","background-position":"center center","background-size":"auto","background-attachment":"scroll","background-type":"","background-media":"","overlay-type":"","overlay-color":"","overlay-opacity":"","overlay-gradient":""},"tablet":{"background-color":"var(--ast-global-color-5)","background-image":"","background-repeat":"repeat","background-position":"center center","background-size":"auto","background-attachment":"scroll","background-type":"","background-media":"","overlay-type":"","overlay-color":"","overlay-opacity":"","overlay-gradient":""},"mobile":{"background-color":"var(--ast-global-color-5)","background-image":"","background-repeat":"repeat","background-position":"center center","background-size":"auto","background-attachment":"scroll","background-type":"","background-media":"","overlay-type":"","overlay-color":"","overlay-opacity":"","overlay-gradient":""}},"_jetpack_memberships_contains_paid_content":false,"_joinchat":[],"footnotes":""},"categories":[2089],"tags":[2134],"class_list":["post-17734","post","type-post","status-publish","format-standard","has-post-thumbnail","hentry","category-politica","tag-covid-19-una-mentira-y-la-exacerbacion"],"yoast_head":"<!-- This site is optimized with the Yoast SEO plugin v26.8 - https:\/\/yoast.com\/product\/yoast-seo-wordpress\/ -->\n<title>Covid19, un flagelo importante y una        exacerbaci\u00f3n del temor\u2026 - El Regional<\/title>\n<meta name=\"robots\" content=\"index, follow, max-snippet:-1, max-image-preview:large, max-video-preview:-1\" \/>\n<link rel=\"canonical\" href=\"http:\/\/elregionalvm.com.ar\/noticias-villa-maria\/covid19-un-flagelo-importante-y-una-exacerbacion-del-temor\/\" \/>\n<meta property=\"og:locale\" content=\"es_ES\" \/>\n<meta property=\"og:type\" content=\"article\" \/>\n<meta property=\"og:title\" content=\"Covid19, un flagelo importante y una        exacerbaci\u00f3n del temor\u2026 - El Regional\" \/>\n<meta property=\"og:url\" content=\"http:\/\/elregionalvm.com.ar\/noticias-villa-maria\/covid19-un-flagelo-importante-y-una-exacerbacion-del-temor\/\" \/>\n<meta property=\"og:site_name\" content=\"El Regional\" \/>\n<meta property=\"article:publisher\" content=\"https:\/\/www.facebook.com\/elregionalvm\" \/>\n<meta property=\"article:published_time\" content=\"2020-05-04T18:43:14+00:00\" \/>\n<meta property=\"article:modified_time\" content=\"2020-06-16T19:10:26+00:00\" \/>\n<meta name=\"author\" content=\"Miguel Andreis\" \/>\n<meta name=\"twitter:card\" content=\"summary_large_image\" \/>\n<meta name=\"twitter:creator\" content=\"@elregionalvm1\" \/>\n<meta name=\"twitter:site\" content=\"@elregionalvm1\" \/>\n<meta name=\"twitter:label1\" content=\"Escrito por\" \/>\n\t<meta name=\"twitter:data1\" content=\"Miguel Andreis\" \/>\n\t<meta name=\"twitter:label2\" content=\"Tiempo de lectura\" \/>\n\t<meta name=\"twitter:data2\" content=\"5 minutos\" \/>\n<script type=\"application\/ld+json\" class=\"yoast-schema-graph\">{\"@context\":\"https:\/\/schema.org\",\"@graph\":[{\"@type\":\"Article\",\"@id\":\"http:\/\/elregionalvm.com.ar\/noticias-villa-maria\/covid19-un-flagelo-importante-y-una-exacerbacion-del-temor\/#article\",\"isPartOf\":{\"@id\":\"http:\/\/elregionalvm.com.ar\/noticias-villa-maria\/covid19-un-flagelo-importante-y-una-exacerbacion-del-temor\/\"},\"author\":{\"name\":\"Miguel Andreis\",\"@id\":\"http:\/\/elregionalvm.com.ar\/noticias-villa-maria\/#\/schema\/person\/df5ff3f005acf29788aed9cb359f1193\"},\"headline\":\"Covid19, un flagelo importante y una exacerbaci\u00f3n del temor\u2026\",\"datePublished\":\"2020-05-04T18:43:14+00:00\",\"dateModified\":\"2020-06-16T19:10:26+00:00\",\"mainEntityOfPage\":{\"@id\":\"http:\/\/elregionalvm.com.ar\/noticias-villa-maria\/covid19-un-flagelo-importante-y-una-exacerbacion-del-temor\/\"},\"wordCount\":1078,\"commentCount\":0,\"image\":{\"@id\":\"http:\/\/elregionalvm.com.ar\/noticias-villa-maria\/covid19-un-flagelo-importante-y-una-exacerbacion-del-temor\/#primaryimage\"},\"thumbnailUrl\":\"\",\"keywords\":[\"covid 19- una mentira y la exacerbaci\u00f3n\"],\"articleSection\":[\"Pol\u00edtica\"],\"inLanguage\":\"es\",\"potentialAction\":[{\"@type\":\"CommentAction\",\"name\":\"Comment\",\"target\":[\"http:\/\/elregionalvm.com.ar\/noticias-villa-maria\/covid19-un-flagelo-importante-y-una-exacerbacion-del-temor\/#respond\"]}]},{\"@type\":\"WebPage\",\"@id\":\"http:\/\/elregionalvm.com.ar\/noticias-villa-maria\/covid19-un-flagelo-importante-y-una-exacerbacion-del-temor\/\",\"url\":\"http:\/\/elregionalvm.com.ar\/noticias-villa-maria\/covid19-un-flagelo-importante-y-una-exacerbacion-del-temor\/\",\"name\":\"Covid19, un flagelo importante y una exacerbaci\u00f3n del temor\u2026 - El Regional\",\"isPartOf\":{\"@id\":\"http:\/\/elregionalvm.com.ar\/noticias-villa-maria\/#website\"},\"primaryImageOfPage\":{\"@id\":\"http:\/\/elregionalvm.com.ar\/noticias-villa-maria\/covid19-un-flagelo-importante-y-una-exacerbacion-del-temor\/#primaryimage\"},\"image\":{\"@id\":\"http:\/\/elregionalvm.com.ar\/noticias-villa-maria\/covid19-un-flagelo-importante-y-una-exacerbacion-del-temor\/#primaryimage\"},\"thumbnailUrl\":\"\",\"datePublished\":\"2020-05-04T18:43:14+00:00\",\"dateModified\":\"2020-06-16T19:10:26+00:00\",\"author\":{\"@id\":\"http:\/\/elregionalvm.com.ar\/noticias-villa-maria\/#\/schema\/person\/df5ff3f005acf29788aed9cb359f1193\"},\"breadcrumb\":{\"@id\":\"http:\/\/elregionalvm.com.ar\/noticias-villa-maria\/covid19-un-flagelo-importante-y-una-exacerbacion-del-temor\/#breadcrumb\"},\"inLanguage\":\"es\",\"potentialAction\":[{\"@type\":\"ReadAction\",\"target\":[\"http:\/\/elregionalvm.com.ar\/noticias-villa-maria\/covid19-un-flagelo-importante-y-una-exacerbacion-del-temor\/\"]}]},{\"@type\":\"ImageObject\",\"inLanguage\":\"es\",\"@id\":\"http:\/\/elregionalvm.com.ar\/noticias-villa-maria\/covid19-un-flagelo-importante-y-una-exacerbacion-del-temor\/#primaryimage\",\"url\":\"\",\"contentUrl\":\"\"},{\"@type\":\"BreadcrumbList\",\"@id\":\"http:\/\/elregionalvm.com.ar\/noticias-villa-maria\/covid19-un-flagelo-importante-y-una-exacerbacion-del-temor\/#breadcrumb\",\"itemListElement\":[{\"@type\":\"ListItem\",\"position\":1,\"name\":\"Portada\",\"item\":\"https:\/\/elregionalvm.com.ar\/noticias-villa-maria\/\"},{\"@type\":\"ListItem\",\"position\":2,\"name\":\"Covid19, un flagelo importante y una exacerbaci\u00f3n del temor\u2026\"}]},{\"@type\":\"WebSite\",\"@id\":\"http:\/\/elregionalvm.com.ar\/noticias-villa-maria\/#website\",\"url\":\"http:\/\/elregionalvm.com.ar\/noticias-villa-maria\/\",\"name\":\"El Regional\",\"description\":\"Mucho m\u00e1s que informaci\u00f3n\",\"potentialAction\":[{\"@type\":\"SearchAction\",\"target\":{\"@type\":\"EntryPoint\",\"urlTemplate\":\"http:\/\/elregionalvm.com.ar\/noticias-villa-maria\/?s={search_term_string}\"},\"query-input\":{\"@type\":\"PropertyValueSpecification\",\"valueRequired\":true,\"valueName\":\"search_term_string\"}}],\"inLanguage\":\"es\"},{\"@type\":\"Person\",\"@id\":\"http:\/\/elregionalvm.com.ar\/noticias-villa-maria\/#\/schema\/person\/df5ff3f005acf29788aed9cb359f1193\",\"name\":\"Miguel Andreis\",\"image\":{\"@type\":\"ImageObject\",\"inLanguage\":\"es\",\"@id\":\"http:\/\/elregionalvm.com.ar\/noticias-villa-maria\/#\/schema\/person\/image\/\",\"url\":\"https:\/\/secure.gravatar.com\/avatar\/c643381cd03da38327c6407e6886e7182d881f2ecf94a7902ca262c41f9d8884?s=96&d=mm&r=g\",\"contentUrl\":\"https:\/\/secure.gravatar.com\/avatar\/c643381cd03da38327c6407e6886e7182d881f2ecf94a7902ca262c41f9d8884?s=96&d=mm&r=g\",\"caption\":\"Miguel Andreis\"},\"url\":\"https:\/\/elregionalvm.com.ar\/noticias-villa-maria\/author\/miguelandreis\/\"}]}<\/script>\n<!-- \/ Yoast SEO plugin. -->","yoast_head_json":{"title":"Covid19, un flagelo importante y una        exacerbaci\u00f3n del temor\u2026 - El Regional","robots":{"index":"index","follow":"follow","max-snippet":"max-snippet:-1","max-image-preview":"max-image-preview:large","max-video-preview":"max-video-preview:-1"},"canonical":"http:\/\/elregionalvm.com.ar\/noticias-villa-maria\/covid19-un-flagelo-importante-y-una-exacerbacion-del-temor\/","og_locale":"es_ES","og_type":"article","og_title":"Covid19, un flagelo importante y una        exacerbaci\u00f3n del temor\u2026 - El Regional","og_url":"http:\/\/elregionalvm.com.ar\/noticias-villa-maria\/covid19-un-flagelo-importante-y-una-exacerbacion-del-temor\/","og_site_name":"El Regional","article_publisher":"https:\/\/www.facebook.com\/elregionalvm","article_published_time":"2020-05-04T18:43:14+00:00","article_modified_time":"2020-06-16T19:10:26+00:00","author":"Miguel Andreis","twitter_card":"summary_large_image","twitter_creator":"@elregionalvm1","twitter_site":"@elregionalvm1","twitter_misc":{"Escrito por":"Miguel Andreis","Tiempo de lectura":"5 minutos"},"schema":{"@context":"https:\/\/schema.org","@graph":[{"@type":"Article","@id":"http:\/\/elregionalvm.com.ar\/noticias-villa-maria\/covid19-un-flagelo-importante-y-una-exacerbacion-del-temor\/#article","isPartOf":{"@id":"http:\/\/elregionalvm.com.ar\/noticias-villa-maria\/covid19-un-flagelo-importante-y-una-exacerbacion-del-temor\/"},"author":{"name":"Miguel Andreis","@id":"http:\/\/elregionalvm.com.ar\/noticias-villa-maria\/#\/schema\/person\/df5ff3f005acf29788aed9cb359f1193"},"headline":"Covid19, un flagelo importante y una exacerbaci\u00f3n del temor\u2026","datePublished":"2020-05-04T18:43:14+00:00","dateModified":"2020-06-16T19:10:26+00:00","mainEntityOfPage":{"@id":"http:\/\/elregionalvm.com.ar\/noticias-villa-maria\/covid19-un-flagelo-importante-y-una-exacerbacion-del-temor\/"},"wordCount":1078,"commentCount":0,"image":{"@id":"http:\/\/elregionalvm.com.ar\/noticias-villa-maria\/covid19-un-flagelo-importante-y-una-exacerbacion-del-temor\/#primaryimage"},"thumbnailUrl":"","keywords":["covid 19- una mentira y la exacerbaci\u00f3n"],"articleSection":["Pol\u00edtica"],"inLanguage":"es","potentialAction":[{"@type":"CommentAction","name":"Comment","target":["http:\/\/elregionalvm.com.ar\/noticias-villa-maria\/covid19-un-flagelo-importante-y-una-exacerbacion-del-temor\/#respond"]}]},{"@type":"WebPage","@id":"http:\/\/elregionalvm.com.ar\/noticias-villa-maria\/covid19-un-flagelo-importante-y-una-exacerbacion-del-temor\/","url":"http:\/\/elregionalvm.com.ar\/noticias-villa-maria\/covid19-un-flagelo-importante-y-una-exacerbacion-del-temor\/","name":"Covid19, un flagelo importante y una exacerbaci\u00f3n del temor\u2026 - El Regional","isPartOf":{"@id":"http:\/\/elregionalvm.com.ar\/noticias-villa-maria\/#website"},"primaryImageOfPage":{"@id":"http:\/\/elregionalvm.com.ar\/noticias-villa-maria\/covid19-un-flagelo-importante-y-una-exacerbacion-del-temor\/#primaryimage"},"image":{"@id":"http:\/\/elregionalvm.com.ar\/noticias-villa-maria\/covid19-un-flagelo-importante-y-una-exacerbacion-del-temor\/#primaryimage"},"thumbnailUrl":"","datePublished":"2020-05-04T18:43:14+00:00","dateModified":"2020-06-16T19:10:26+00:00","author":{"@id":"http:\/\/elregionalvm.com.ar\/noticias-villa-maria\/#\/schema\/person\/df5ff3f005acf29788aed9cb359f1193"},"breadcrumb":{"@id":"http:\/\/elregionalvm.com.ar\/noticias-villa-maria\/covid19-un-flagelo-importante-y-una-exacerbacion-del-temor\/#breadcrumb"},"inLanguage":"es","potentialAction":[{"@type":"ReadAction","target":["http:\/\/elregionalvm.com.ar\/noticias-villa-maria\/covid19-un-flagelo-importante-y-una-exacerbacion-del-temor\/"]}]},{"@type":"ImageObject","inLanguage":"es","@id":"http:\/\/elregionalvm.com.ar\/noticias-villa-maria\/covid19-un-flagelo-importante-y-una-exacerbacion-del-temor\/#primaryimage","url":"","contentUrl":""},{"@type":"BreadcrumbList","@id":"http:\/\/elregionalvm.com.ar\/noticias-villa-maria\/covid19-un-flagelo-importante-y-una-exacerbacion-del-temor\/#breadcrumb","itemListElement":[{"@type":"ListItem","position":1,"name":"Portada","item":"https:\/\/elregionalvm.com.ar\/noticias-villa-maria\/"},{"@type":"ListItem","position":2,"name":"Covid19, un flagelo importante y una exacerbaci\u00f3n del temor\u2026"}]},{"@type":"WebSite","@id":"http:\/\/elregionalvm.com.ar\/noticias-villa-maria\/#website","url":"http:\/\/elregionalvm.com.ar\/noticias-villa-maria\/","name":"El Regional","description":"Mucho m\u00e1s que informaci\u00f3n","potentialAction":[{"@type":"SearchAction","target":{"@type":"EntryPoint","urlTemplate":"http:\/\/elregionalvm.com.ar\/noticias-villa-maria\/?s={search_term_string}"},"query-input":{"@type":"PropertyValueSpecification","valueRequired":true,"valueName":"search_term_string"}}],"inLanguage":"es"},{"@type":"Person","@id":"http:\/\/elregionalvm.com.ar\/noticias-villa-maria\/#\/schema\/person\/df5ff3f005acf29788aed9cb359f1193","name":"Miguel Andreis","image":{"@type":"ImageObject","inLanguage":"es","@id":"http:\/\/elregionalvm.com.ar\/noticias-villa-maria\/#\/schema\/person\/image\/","url":"https:\/\/secure.gravatar.com\/avatar\/c643381cd03da38327c6407e6886e7182d881f2ecf94a7902ca262c41f9d8884?s=96&d=mm&r=g","contentUrl":"https:\/\/secure.gravatar.com\/avatar\/c643381cd03da38327c6407e6886e7182d881f2ecf94a7902ca262c41f9d8884?s=96&d=mm&r=g","caption":"Miguel Andreis"},"url":"https:\/\/elregionalvm.com.ar\/noticias-villa-maria\/author\/miguelandreis\/"}]}},"jetpack_featured_media_url":"","jetpack_sharing_enabled":true,"_links":{"self":[{"href":"https:\/\/elregionalvm.com.ar\/noticias-villa-maria\/wp-json\/wp\/v2\/posts\/17734","targetHints":{"allow":["GET"]}}],"collection":[{"href":"https:\/\/elregionalvm.com.ar\/noticias-villa-maria\/wp-json\/wp\/v2\/posts"}],"about":[{"href":"https:\/\/elregionalvm.com.ar\/noticias-villa-maria\/wp-json\/wp\/v2\/types\/post"}],"author":[{"embeddable":true,"href":"https:\/\/elregionalvm.com.ar\/noticias-villa-maria\/wp-json\/wp\/v2\/users\/5"}],"replies":[{"embeddable":true,"href":"https:\/\/elregionalvm.com.ar\/noticias-villa-maria\/wp-json\/wp\/v2\/comments?post=17734"}],"version-history":[{"count":1,"href":"https:\/\/elregionalvm.com.ar\/noticias-villa-maria\/wp-json\/wp\/v2\/posts\/17734\/revisions"}],"predecessor-version":[{"id":18133,"href":"https:\/\/elregionalvm.com.ar\/noticias-villa-maria\/wp-json\/wp\/v2\/posts\/17734\/revisions\/18133"}],"wp:featuredmedia":[{"embeddable":true,"href":"https:\/\/elregionalvm.com.ar\/noticias-villa-maria\/wp-json\/"}],"wp:attachment":[{"href":"https:\/\/elregionalvm.com.ar\/noticias-villa-maria\/wp-json\/wp\/v2\/media?parent=17734"}],"wp:term":[{"taxonomy":"category","embeddable":true,"href":"https:\/\/elregionalvm.com.ar\/noticias-villa-maria\/wp-json\/wp\/v2\/categories?post=17734"},{"taxonomy":"post_tag","embeddable":true,"href":"https:\/\/elregionalvm.com.ar\/noticias-villa-maria\/wp-json\/wp\/v2\/tags?post=17734"}],"curies":[{"name":"wp","href":"https:\/\/api.w.org\/{rel}","templated":true}]}}