{"id":17739,"date":"2020-05-06T02:58:55","date_gmt":"2020-05-06T02:58:55","guid":{"rendered":"http:\/\/www.elregionalvm.com.ar\/?p=15709"},"modified":"2020-06-16T19:09:25","modified_gmt":"2020-06-16T19:09:25","slug":"fundamentos-dr-sergio-vesco-medico-neurologo-mp-25185-9-me-9340","status":"publish","type":"post","link":"https:\/\/elregionalvm.com.ar\/noticias-villa-maria\/fundamentos-dr-sergio-vesco-medico-neurologo-mp-25185-9-me-9340\/","title":{"rendered":"FUNDAMENTOS\u2026 Dr Sergio Vesco- M\u00e9dico neur\u00f3logo MP 25185\/9 ME 9340.."},"content":{"rendered":"\n\t\t\t\t<![CDATA[\n<p>Quiz\u00e1s fue por desconocimiento, quiz\u00e1s por mal\nasesoramiento, quiz\u00e1s por presiones, quiz\u00e1s por negligencia o lo peor por\ndinero o poder. Quiz\u00e1s nunca lo sabremos. Yo me inclino a pensar en una enorme\nfalta de \u00e9tica y de instrucci\u00f3n.<\/p>\n\n\n<p>Pero el hecho es que un juez (o varios) decide dejar en\nlibertad a un determinado n\u00famero de delincuentes con frondosos prontuarios solo\npor el hecho de que \u00abconsidera que est\u00e1n en riesgo de contraer Covid\n19\u00bb, ignorando lo que la ciencia viene estudiando hace d\u00e9cadas y d\u00e9cadas.<\/p>\n\n\n<p>El cerebro de un asesino, un violador, un psic\u00f3pata no\nfunciona fisiol\u00f3gicamente como el de un individuo \u00abnormal\u00bb (podr\u00edamos\ndiscutir este punto un rato largo). Determinadas \u00e1reas del cerebro no funcionan\nmetab\u00f3licamente como uno normal. Su sensaci\u00f3n de placer, de recompensa, de\nfuria, de alegr\u00eda o de cualquier otra emoci\u00f3n activa \u00e1reas del cerebro en menor\nmedida. Utiliza menos glucosa y ox\u00edgeno en determinadas regiones y hay cambios\nanat\u00f3micos como atrofia u otras anomal\u00edas. Por eso su sentido de la culpa y su\nescala de valores y el de la vida misma opera en otros niveles no comprendidos\nen muchos casos.<\/p>\n\n\n<p>Quiz\u00e1s estos jueces no saben (o no quieren saberlo) que\nmuchos por no decir TODOS volver\u00e1n a delinquir, est\u00e1 en su gen\u00e9tica y\nneurofisiolog\u00eda. Un psic\u00f3pata social es irrecuperable. Lo sabe la ciencia, lo\nsaben los abogados, lo sabe la justicia&#8230;\u00bf\u00bbpero no lo saben\u00bb ciertos\njueces???<\/p>\n\n\n<p>A mis casi 50 a\u00f1os ya he dejado de creer en muchas cosas.\nUna de ellas es el \u00ab\u00e9xito judicial\u00bb, m\u00e1s bien creo en jueces\ncorruptos operando \u00abbajo presiones o tendencias\u00bb lo cual es a\u00fan peor.<\/p>\n\n\n<p>Solo espero que la propia justicia sea quien ponga a\nestos se\u00f1ores jueces bajo la lupa y les aplique TODO el peso de la ley.<\/p>\n\n\n<p>Por todas las v\u00edctimas de estos criminales, por su\nmemoria, por respeto a ellos y sus familias, \u00e9sto es lo que deber\u00eda ocurrir.<\/p>\n\n\n<p>A\u00fan no escuch\u00e9 ninguna voz firme y contundente poniendo\nfreno a esta estupidez humana.<\/p>\n\n\n<p>Y si me ponen en la disyuntiva&#8230;.yo prefiero proteger a\ngente sana y que no ha infringido la ley que a delincuentes \u00aben\nriesgo\u00bb de infecci\u00f3n.<\/p>\n\n\n<p>Llegado el caso tendr\u00e1n la atenci\u00f3n de los equipos\nm\u00e9dicos preparados para tratar \u00aba todos los pacientes por igual\u00bb. As\u00ed\nlo juramos ante la biblia en mi caso o ante los valores que cada quien crea.<\/p>\n\n\n<p>Los libros son las \u00fanicas armas que utilizamos quienes\ndeseamos vivir en sociedad. All\u00ed est\u00e1n para instruirnos y educarnos. H\u00e1ganle\nllegar algunos a estos humanoides de la justicia.<\/p>\n\n\n<p>(Nota tomada de la portada del autor)<\/p>\n\n\n<p><\/p>\n]]>\t\t","protected":false},"excerpt":{"rendered":"<p>\t\t\t\t<![CDATA[]]>\t\t<\/p>\n","protected":false},"author":5,"featured_media":15710,"comment_status":"open","ping_status":"open","sticky":false,"template":"","format":"standard","meta":{"site-sidebar-layout":"default","site-content-layout":"","ast-site-content-layout":"default","site-content-style":"default","site-sidebar-style":"default","ast-global-header-display":"","ast-banner-title-visibility":"","ast-main-header-display":"","ast-hfb-above-header-display":"","ast-hfb-below-header-display":"","ast-hfb-mobile-header-display":"","site-post-title":"","ast-breadcrumbs-content":"","ast-featured-img":"","footer-sml-layout":"","ast-disable-related-posts":"","theme-transparent-header-meta":"","adv-header-id-meta":"","stick-header-meta":"","header-above-stick-meta":"","header-main-stick-meta":"","header-below-stick-meta":"","astra-migrate-meta-layouts":"default","ast-page-background-enabled":"default","ast-page-background-meta":{"desktop":{"background-color":"","background-image":"","background-repeat":"repeat","background-position":"center center","background-size":"auto","background-attachment":"scroll","background-type":"","background-media":"","overlay-type":"","overlay-color":"","overlay-opacity":"","overlay-gradient":""},"tablet":{"background-color":"","background-image":"","background-repeat":"repeat","background-position":"center center","background-size":"auto","background-attachment":"scroll","background-type":"","background-media":"","overlay-type":"","overlay-color":"","overlay-opacity":"","overlay-gradient":""},"mobile":{"background-color":"","background-image":"","background-repeat":"repeat","background-position":"center center","background-size":"auto","background-attachment":"scroll","background-type":"","background-media":"","overlay-type":"","overlay-color":"","overlay-opacity":"","overlay-gradient":""}},"ast-content-background-meta":{"desktop":{"background-color":"var(--ast-global-color-5)","background-image":"","background-repeat":"repeat","background-position":"center center","background-size":"auto","background-attachment":"scroll","background-type":"","background-media":"","overlay-type":"","overlay-color":"","overlay-opacity":"","overlay-gradient":""},"tablet":{"background-color":"var(--ast-global-color-5)","background-image":"","background-repeat":"repeat","background-position":"center center","background-size":"auto","background-attachment":"scroll","background-type":"","background-media":"","overlay-type":"","overlay-color":"","overlay-opacity":"","overlay-gradient":""},"mobile":{"background-color":"var(--ast-global-color-5)","background-image":"","background-repeat":"repeat","background-position":"center center","background-size":"auto","background-attachment":"scroll","background-type":"","background-media":"","overlay-type":"","overlay-color":"","overlay-opacity":"","overlay-gradient":""}},"_jetpack_memberships_contains_paid_content":false,"_joinchat":[],"footnotes":""},"categories":[365],"tags":[],"class_list":["post-17739","post","type-post","status-publish","format-standard","has-post-thumbnail","hentry","category-opinion"],"yoast_head":"<!-- This site is optimized with the Yoast SEO plugin v26.8 - https:\/\/yoast.com\/product\/yoast-seo-wordpress\/ -->\n<title>FUNDAMENTOS\u2026 Dr Sergio Vesco- M\u00e9dico neur\u00f3logo MP 25185\/9 ME 9340.. - El Regional<\/title>\n<meta name=\"robots\" content=\"index, follow, max-snippet:-1, max-image-preview:large, max-video-preview:-1\" \/>\n<link rel=\"canonical\" href=\"http:\/\/elregionalvm.com.ar\/noticias-villa-maria\/fundamentos-dr-sergio-vesco-medico-neurologo-mp-25185-9-me-9340\/\" \/>\n<meta property=\"og:locale\" content=\"es_ES\" \/>\n<meta property=\"og:type\" content=\"article\" \/>\n<meta property=\"og:title\" content=\"FUNDAMENTOS\u2026 Dr Sergio Vesco- M\u00e9dico neur\u00f3logo MP 25185\/9 ME 9340.. - El Regional\" \/>\n<meta property=\"og:url\" content=\"http:\/\/elregionalvm.com.ar\/noticias-villa-maria\/fundamentos-dr-sergio-vesco-medico-neurologo-mp-25185-9-me-9340\/\" \/>\n<meta property=\"og:site_name\" content=\"El Regional\" \/>\n<meta property=\"article:publisher\" content=\"https:\/\/www.facebook.com\/elregionalvm\" \/>\n<meta property=\"article:published_time\" content=\"2020-05-06T02:58:55+00:00\" \/>\n<meta property=\"article:modified_time\" content=\"2020-06-16T19:09:25+00:00\" \/>\n<meta name=\"author\" content=\"Miguel Andreis\" \/>\n<meta name=\"twitter:card\" content=\"summary_large_image\" \/>\n<meta name=\"twitter:creator\" content=\"@elregionalvm1\" \/>\n<meta name=\"twitter:site\" content=\"@elregionalvm1\" \/>\n<meta name=\"twitter:label1\" content=\"Escrito por\" \/>\n\t<meta name=\"twitter:data1\" content=\"Miguel Andreis\" \/>\n\t<meta name=\"twitter:label2\" content=\"Tiempo de lectura\" \/>\n\t<meta name=\"twitter:data2\" content=\"2 minutos\" \/>\n<script type=\"application\/ld+json\" class=\"yoast-schema-graph\">{\"@context\":\"https:\/\/schema.org\",\"@graph\":[{\"@type\":\"Article\",\"@id\":\"http:\/\/elregionalvm.com.ar\/noticias-villa-maria\/fundamentos-dr-sergio-vesco-medico-neurologo-mp-25185-9-me-9340\/#article\",\"isPartOf\":{\"@id\":\"http:\/\/elregionalvm.com.ar\/noticias-villa-maria\/fundamentos-dr-sergio-vesco-medico-neurologo-mp-25185-9-me-9340\/\"},\"author\":{\"name\":\"Miguel Andreis\",\"@id\":\"http:\/\/elregionalvm.com.ar\/noticias-villa-maria\/#\/schema\/person\/df5ff3f005acf29788aed9cb359f1193\"},\"headline\":\"FUNDAMENTOS\u2026 Dr Sergio Vesco- M\u00e9dico neur\u00f3logo MP 25185\/9 ME 9340..\",\"datePublished\":\"2020-05-06T02:58:55+00:00\",\"dateModified\":\"2020-06-16T19:09:25+00:00\",\"mainEntityOfPage\":{\"@id\":\"http:\/\/elregionalvm.com.ar\/noticias-villa-maria\/fundamentos-dr-sergio-vesco-medico-neurologo-mp-25185-9-me-9340\/\"},\"wordCount\":477,\"commentCount\":0,\"image\":{\"@id\":\"http:\/\/elregionalvm.com.ar\/noticias-villa-maria\/fundamentos-dr-sergio-vesco-medico-neurologo-mp-25185-9-me-9340\/#primaryimage\"},\"thumbnailUrl\":\"\",\"articleSection\":[\"Opini\u00f3n\"],\"inLanguage\":\"es\",\"potentialAction\":[{\"@type\":\"CommentAction\",\"name\":\"Comment\",\"target\":[\"http:\/\/elregionalvm.com.ar\/noticias-villa-maria\/fundamentos-dr-sergio-vesco-medico-neurologo-mp-25185-9-me-9340\/#respond\"]}]},{\"@type\":\"WebPage\",\"@id\":\"http:\/\/elregionalvm.com.ar\/noticias-villa-maria\/fundamentos-dr-sergio-vesco-medico-neurologo-mp-25185-9-me-9340\/\",\"url\":\"http:\/\/elregionalvm.com.ar\/noticias-villa-maria\/fundamentos-dr-sergio-vesco-medico-neurologo-mp-25185-9-me-9340\/\",\"name\":\"FUNDAMENTOS\u2026 Dr Sergio Vesco- M\u00e9dico neur\u00f3logo MP 25185\/9 ME 9340.. - El Regional\",\"isPartOf\":{\"@id\":\"http:\/\/elregionalvm.com.ar\/noticias-villa-maria\/#website\"},\"primaryImageOfPage\":{\"@id\":\"http:\/\/elregionalvm.com.ar\/noticias-villa-maria\/fundamentos-dr-sergio-vesco-medico-neurologo-mp-25185-9-me-9340\/#primaryimage\"},\"image\":{\"@id\":\"http:\/\/elregionalvm.com.ar\/noticias-villa-maria\/fundamentos-dr-sergio-vesco-medico-neurologo-mp-25185-9-me-9340\/#primaryimage\"},\"thumbnailUrl\":\"\",\"datePublished\":\"2020-05-06T02:58:55+00:00\",\"dateModified\":\"2020-06-16T19:09:25+00:00\",\"author\":{\"@id\":\"http:\/\/elregionalvm.com.ar\/noticias-villa-maria\/#\/schema\/person\/df5ff3f005acf29788aed9cb359f1193\"},\"breadcrumb\":{\"@id\":\"http:\/\/elregionalvm.com.ar\/noticias-villa-maria\/fundamentos-dr-sergio-vesco-medico-neurologo-mp-25185-9-me-9340\/#breadcrumb\"},\"inLanguage\":\"es\",\"potentialAction\":[{\"@type\":\"ReadAction\",\"target\":[\"http:\/\/elregionalvm.com.ar\/noticias-villa-maria\/fundamentos-dr-sergio-vesco-medico-neurologo-mp-25185-9-me-9340\/\"]}]},{\"@type\":\"ImageObject\",\"inLanguage\":\"es\",\"@id\":\"http:\/\/elregionalvm.com.ar\/noticias-villa-maria\/fundamentos-dr-sergio-vesco-medico-neurologo-mp-25185-9-me-9340\/#primaryimage\",\"url\":\"\",\"contentUrl\":\"\"},{\"@type\":\"BreadcrumbList\",\"@id\":\"http:\/\/elregionalvm.com.ar\/noticias-villa-maria\/fundamentos-dr-sergio-vesco-medico-neurologo-mp-25185-9-me-9340\/#breadcrumb\",\"itemListElement\":[{\"@type\":\"ListItem\",\"position\":1,\"name\":\"Portada\",\"item\":\"https:\/\/elregionalvm.com.ar\/noticias-villa-maria\/\"},{\"@type\":\"ListItem\",\"position\":2,\"name\":\"FUNDAMENTOS\u2026 Dr Sergio Vesco- M\u00e9dico neur\u00f3logo MP 25185\/9 ME 9340..\"}]},{\"@type\":\"WebSite\",\"@id\":\"http:\/\/elregionalvm.com.ar\/noticias-villa-maria\/#website\",\"url\":\"http:\/\/elregionalvm.com.ar\/noticias-villa-maria\/\",\"name\":\"El Regional\",\"description\":\"Mucho m\u00e1s que informaci\u00f3n\",\"potentialAction\":[{\"@type\":\"SearchAction\",\"target\":{\"@type\":\"EntryPoint\",\"urlTemplate\":\"http:\/\/elregionalvm.com.ar\/noticias-villa-maria\/?s={search_term_string}\"},\"query-input\":{\"@type\":\"PropertyValueSpecification\",\"valueRequired\":true,\"valueName\":\"search_term_string\"}}],\"inLanguage\":\"es\"},{\"@type\":\"Person\",\"@id\":\"http:\/\/elregionalvm.com.ar\/noticias-villa-maria\/#\/schema\/person\/df5ff3f005acf29788aed9cb359f1193\",\"name\":\"Miguel Andreis\",\"image\":{\"@type\":\"ImageObject\",\"inLanguage\":\"es\",\"@id\":\"http:\/\/elregionalvm.com.ar\/noticias-villa-maria\/#\/schema\/person\/image\/\",\"url\":\"https:\/\/secure.gravatar.com\/avatar\/c643381cd03da38327c6407e6886e7182d881f2ecf94a7902ca262c41f9d8884?s=96&d=mm&r=g\",\"contentUrl\":\"https:\/\/secure.gravatar.com\/avatar\/c643381cd03da38327c6407e6886e7182d881f2ecf94a7902ca262c41f9d8884?s=96&d=mm&r=g\",\"caption\":\"Miguel Andreis\"},\"url\":\"https:\/\/elregionalvm.com.ar\/noticias-villa-maria\/author\/miguelandreis\/\"}]}<\/script>\n<!-- \/ Yoast SEO plugin. -->","yoast_head_json":{"title":"FUNDAMENTOS\u2026 Dr Sergio Vesco- M\u00e9dico neur\u00f3logo MP 25185\/9 ME 9340.. - El Regional","robots":{"index":"index","follow":"follow","max-snippet":"max-snippet:-1","max-image-preview":"max-image-preview:large","max-video-preview":"max-video-preview:-1"},"canonical":"http:\/\/elregionalvm.com.ar\/noticias-villa-maria\/fundamentos-dr-sergio-vesco-medico-neurologo-mp-25185-9-me-9340\/","og_locale":"es_ES","og_type":"article","og_title":"FUNDAMENTOS\u2026 Dr Sergio Vesco- M\u00e9dico neur\u00f3logo MP 25185\/9 ME 9340.. - El Regional","og_url":"http:\/\/elregionalvm.com.ar\/noticias-villa-maria\/fundamentos-dr-sergio-vesco-medico-neurologo-mp-25185-9-me-9340\/","og_site_name":"El Regional","article_publisher":"https:\/\/www.facebook.com\/elregionalvm","article_published_time":"2020-05-06T02:58:55+00:00","article_modified_time":"2020-06-16T19:09:25+00:00","author":"Miguel Andreis","twitter_card":"summary_large_image","twitter_creator":"@elregionalvm1","twitter_site":"@elregionalvm1","twitter_misc":{"Escrito por":"Miguel Andreis","Tiempo de lectura":"2 minutos"},"schema":{"@context":"https:\/\/schema.org","@graph":[{"@type":"Article","@id":"http:\/\/elregionalvm.com.ar\/noticias-villa-maria\/fundamentos-dr-sergio-vesco-medico-neurologo-mp-25185-9-me-9340\/#article","isPartOf":{"@id":"http:\/\/elregionalvm.com.ar\/noticias-villa-maria\/fundamentos-dr-sergio-vesco-medico-neurologo-mp-25185-9-me-9340\/"},"author":{"name":"Miguel Andreis","@id":"http:\/\/elregionalvm.com.ar\/noticias-villa-maria\/#\/schema\/person\/df5ff3f005acf29788aed9cb359f1193"},"headline":"FUNDAMENTOS\u2026 Dr Sergio Vesco- M\u00e9dico neur\u00f3logo MP 25185\/9 ME 9340..","datePublished":"2020-05-06T02:58:55+00:00","dateModified":"2020-06-16T19:09:25+00:00","mainEntityOfPage":{"@id":"http:\/\/elregionalvm.com.ar\/noticias-villa-maria\/fundamentos-dr-sergio-vesco-medico-neurologo-mp-25185-9-me-9340\/"},"wordCount":477,"commentCount":0,"image":{"@id":"http:\/\/elregionalvm.com.ar\/noticias-villa-maria\/fundamentos-dr-sergio-vesco-medico-neurologo-mp-25185-9-me-9340\/#primaryimage"},"thumbnailUrl":"","articleSection":["Opini\u00f3n"],"inLanguage":"es","potentialAction":[{"@type":"CommentAction","name":"Comment","target":["http:\/\/elregionalvm.com.ar\/noticias-villa-maria\/fundamentos-dr-sergio-vesco-medico-neurologo-mp-25185-9-me-9340\/#respond"]}]},{"@type":"WebPage","@id":"http:\/\/elregionalvm.com.ar\/noticias-villa-maria\/fundamentos-dr-sergio-vesco-medico-neurologo-mp-25185-9-me-9340\/","url":"http:\/\/elregionalvm.com.ar\/noticias-villa-maria\/fundamentos-dr-sergio-vesco-medico-neurologo-mp-25185-9-me-9340\/","name":"FUNDAMENTOS\u2026 Dr Sergio Vesco- M\u00e9dico neur\u00f3logo MP 25185\/9 ME 9340.. - El Regional","isPartOf":{"@id":"http:\/\/elregionalvm.com.ar\/noticias-villa-maria\/#website"},"primaryImageOfPage":{"@id":"http:\/\/elregionalvm.com.ar\/noticias-villa-maria\/fundamentos-dr-sergio-vesco-medico-neurologo-mp-25185-9-me-9340\/#primaryimage"},"image":{"@id":"http:\/\/elregionalvm.com.ar\/noticias-villa-maria\/fundamentos-dr-sergio-vesco-medico-neurologo-mp-25185-9-me-9340\/#primaryimage"},"thumbnailUrl":"","datePublished":"2020-05-06T02:58:55+00:00","dateModified":"2020-06-16T19:09:25+00:00","author":{"@id":"http:\/\/elregionalvm.com.ar\/noticias-villa-maria\/#\/schema\/person\/df5ff3f005acf29788aed9cb359f1193"},"breadcrumb":{"@id":"http:\/\/elregionalvm.com.ar\/noticias-villa-maria\/fundamentos-dr-sergio-vesco-medico-neurologo-mp-25185-9-me-9340\/#breadcrumb"},"inLanguage":"es","potentialAction":[{"@type":"ReadAction","target":["http:\/\/elregionalvm.com.ar\/noticias-villa-maria\/fundamentos-dr-sergio-vesco-medico-neurologo-mp-25185-9-me-9340\/"]}]},{"@type":"ImageObject","inLanguage":"es","@id":"http:\/\/elregionalvm.com.ar\/noticias-villa-maria\/fundamentos-dr-sergio-vesco-medico-neurologo-mp-25185-9-me-9340\/#primaryimage","url":"","contentUrl":""},{"@type":"BreadcrumbList","@id":"http:\/\/elregionalvm.com.ar\/noticias-villa-maria\/fundamentos-dr-sergio-vesco-medico-neurologo-mp-25185-9-me-9340\/#breadcrumb","itemListElement":[{"@type":"ListItem","position":1,"name":"Portada","item":"https:\/\/elregionalvm.com.ar\/noticias-villa-maria\/"},{"@type":"ListItem","position":2,"name":"FUNDAMENTOS\u2026 Dr Sergio Vesco- M\u00e9dico neur\u00f3logo MP 25185\/9 ME 9340.."}]},{"@type":"WebSite","@id":"http:\/\/elregionalvm.com.ar\/noticias-villa-maria\/#website","url":"http:\/\/elregionalvm.com.ar\/noticias-villa-maria\/","name":"El Regional","description":"Mucho m\u00e1s que informaci\u00f3n","potentialAction":[{"@type":"SearchAction","target":{"@type":"EntryPoint","urlTemplate":"http:\/\/elregionalvm.com.ar\/noticias-villa-maria\/?s={search_term_string}"},"query-input":{"@type":"PropertyValueSpecification","valueRequired":true,"valueName":"search_term_string"}}],"inLanguage":"es"},{"@type":"Person","@id":"http:\/\/elregionalvm.com.ar\/noticias-villa-maria\/#\/schema\/person\/df5ff3f005acf29788aed9cb359f1193","name":"Miguel Andreis","image":{"@type":"ImageObject","inLanguage":"es","@id":"http:\/\/elregionalvm.com.ar\/noticias-villa-maria\/#\/schema\/person\/image\/","url":"https:\/\/secure.gravatar.com\/avatar\/c643381cd03da38327c6407e6886e7182d881f2ecf94a7902ca262c41f9d8884?s=96&d=mm&r=g","contentUrl":"https:\/\/secure.gravatar.com\/avatar\/c643381cd03da38327c6407e6886e7182d881f2ecf94a7902ca262c41f9d8884?s=96&d=mm&r=g","caption":"Miguel Andreis"},"url":"https:\/\/elregionalvm.com.ar\/noticias-villa-maria\/author\/miguelandreis\/"}]}},"jetpack_featured_media_url":"","jetpack_sharing_enabled":true,"_links":{"self":[{"href":"https:\/\/elregionalvm.com.ar\/noticias-villa-maria\/wp-json\/wp\/v2\/posts\/17739","targetHints":{"allow":["GET"]}}],"collection":[{"href":"https:\/\/elregionalvm.com.ar\/noticias-villa-maria\/wp-json\/wp\/v2\/posts"}],"about":[{"href":"https:\/\/elregionalvm.com.ar\/noticias-villa-maria\/wp-json\/wp\/v2\/types\/post"}],"author":[{"embeddable":true,"href":"https:\/\/elregionalvm.com.ar\/noticias-villa-maria\/wp-json\/wp\/v2\/users\/5"}],"replies":[{"embeddable":true,"href":"https:\/\/elregionalvm.com.ar\/noticias-villa-maria\/wp-json\/wp\/v2\/comments?post=17739"}],"version-history":[{"count":1,"href":"https:\/\/elregionalvm.com.ar\/noticias-villa-maria\/wp-json\/wp\/v2\/posts\/17739\/revisions"}],"predecessor-version":[{"id":18129,"href":"https:\/\/elregionalvm.com.ar\/noticias-villa-maria\/wp-json\/wp\/v2\/posts\/17739\/revisions\/18129"}],"wp:featuredmedia":[{"embeddable":true,"href":"https:\/\/elregionalvm.com.ar\/noticias-villa-maria\/wp-json\/"}],"wp:attachment":[{"href":"https:\/\/elregionalvm.com.ar\/noticias-villa-maria\/wp-json\/wp\/v2\/media?parent=17739"}],"wp:term":[{"taxonomy":"category","embeddable":true,"href":"https:\/\/elregionalvm.com.ar\/noticias-villa-maria\/wp-json\/wp\/v2\/categories?post=17739"},{"taxonomy":"post_tag","embeddable":true,"href":"https:\/\/elregionalvm.com.ar\/noticias-villa-maria\/wp-json\/wp\/v2\/tags?post=17739"}],"curies":[{"name":"wp","href":"https:\/\/api.w.org\/{rel}","templated":true}]}}