{"id":17740,"date":"2020-05-07T03:31:30","date_gmt":"2020-05-07T03:31:30","guid":{"rendered":"http:\/\/www.elregionalvm.com.ar\/?p=15722"},"modified":"2020-06-18T02:24:32","modified_gmt":"2020-06-18T02:24:32","slug":"pestes-eternas-la-viruela-y-la-lepra-nunca-se-fueron","status":"publish","type":"post","link":"https:\/\/elregionalvm.com.ar\/noticias-villa-maria\/pestes-eternas-la-viruela-y-la-lepra-nunca-se-fueron\/","title":{"rendered":"Pestes eternas: la viruela y la lepra nunca se fueron"},"content":{"rendered":"\n\t\t\t\t<![CDATA[\n<p><strong>El nuevo\ncoronavirus lleg\u00f3 para quedarse. Una nueva peste se suma a la lista negra.\nPero, hay otras que nunca se fueron, a pesar de que no escuchamos hablar m\u00e1s de\nellas o creemos que han sido erradicadas para siempre.<\/strong><\/p>\n\n\n<p><strong>Escribe:\nGerm\u00e1n Giacchero<\/strong><\/p>\n\n\n<p>Adivina,\nadivinador\u2026<\/p>\n\n\n<p>\u00bfSab\u00edas que una de\nlas grandes pestes que asolaron a la humanidad a\u00fan goza de buena salud? \u00bfSab\u00edas\nque una de las enfermedades m\u00e1s letales de la historia a\u00fan no se fue del todo\nporque se conservan muestras del virus en laboratorios supuestamente s\u00faper\nseguros?<\/p>\n\n\n<p>La lepra, en\nprimer caso, y la viruela, en el segundo, nunca se fueron del todo. A pesar de\nque las creamos desterradas para siempre, a su modo, a\u00fan est\u00e1n entre nosotros.\nYa no son una amenaza como anta\u00f1o, pero no hay que bajar la guardia. <\/p>\n\n\n<p>La lepra, esa brutal\nenfermedad que estigmatiz\u00f3 a millones de personas a lo largo de la historia,\nconden\u00e1ndolas al destierro y la soledad de los leprosarios, sigue aqu\u00ed. Est\u00e1\ncontrolada, ya no representa una amenaza, pero contin\u00faa en pie.<\/p>\n\n\n<p>A finales de 2019,\nexist\u00edan unos 436 pacientes en tratamiento, aunque podr\u00eda haber personas no\ndiagnosticadas, claro. Seg\u00fan la Sociedad Argentina de Dermatolog\u00eda, citada por\nel sitio web Chequeado, en la \u00faltima d\u00e9cada se detect\u00f3 cada a\u00f1o entre 300 y 400\nnuevos casos en nuestro pa\u00eds. <\/p>\n\n\n<p>Pero desde hace\nrato no supone un problema de salud p\u00fablica, de acuerdo con los est\u00e1ndares de\nla Organizaci\u00f3n Panamericana de la Salud. Salvo en Brasil, el lugar con mayor\ncantidad de casos, en el resto de los pa\u00edses de la regi\u00f3n hay menos de 1\ndiagn\u00f3stico confirmado de lepra cada 10 mil habitantes a nivel nacional.<\/p>\n\n\n<p>Para tranquilidad\nde todos, la lepra es curable, no deja secuelas si es agarrada a tiempo, no es\naltamente contagiosa y, seg\u00fan el Ministerio de Salud, alrededor del 80% de la\npoblaci\u00f3n tiene defensas naturales contra la patolog\u00eda.&nbsp; <\/p>\n\n\n<p>De todos modos, es\nuna materia pendiente su erradicaci\u00f3n definitiva. <\/p>\n\n\n<p><strong>Virus\nresguardado <\/strong><\/p>\n\n\n<p>La noticia pas\u00f3\ndesapercibida para la mayor parte del globo en septiembre del a\u00f1o pasado. Un laboratorio\nruso ubicado en la Siberia hab\u00eda sufrido un incendio y explosi\u00f3n en uno de sus\nsectores. Enseguida se encendi\u00f3 la voz de alarma en el universo cient\u00edfico. Es\nque en ese sitio se mantiene a resguardo una de las dos muestras del poderoso\nvirus de la viruela, entre otros m\u00e1s. <\/p>\n\n\n<p>Se trata del Centro\nNacional de Investigaci\u00f3n de Virolog\u00eda y Biotecnolog\u00eda, el ex Instituto Vector\nen tiempos de la Guerra Fr\u00eda. La otra muestra del virus que sobrevivi\u00f3 a la\nextinci\u00f3n de la enfermedad de la faz de la Tierra se reserva en un laboratorio\nestadounidense, en Atlanta. S\u00ed se\u00f1oras y se\u00f1ores, la viruela no desapareci\u00f3, en\nsentido estricto de la palabra, como la mayor parte de nosotros cree.<\/p>\n\n\n<p>Se dice que la\nenfermedad, tra\u00edda por los conquistadores europeos a tierras americanas, tuvo\nsu \u00faltima v\u00edctima humana en 1978, mientras que dos a\u00f1os despu\u00e9s, la Organizaci\u00f3n\nMundial de la Salud (OMS) acept\u00f3 el informe final de su erradicaci\u00f3n. Se\ncerraba as\u00ed un cap\u00edtulo triste para la historia universal en relaci\u00f3n con la\nenfermedad.<\/p>\n\n\n<p>Claro que no del\ntodo. En 1983, la OMS, hoy cuestionada por su papel frente al COVID-19, decidi\u00f3,\npresi\u00f3n de las superpotencias de la \u00e9poca mediante, preservar dos muestras\ncongeladas del virus en dos laboratorios diferentes de Estados Unidos y la ex\nUni\u00f3n Sovi\u00e9tica. <\/p>\n\n\n<p>Cuenta el\ncient\u00edfico Mario Lozano en el libro \u201cAh\u00ed viene la plaga\u201d, que no se vacun\u00f3 m\u00e1s\na ninguna persona desde 1983. Pero, aclara que ya no est\u00e1n inmunes porque los\nefectos de la acci\u00f3n preventiva tienen una duraci\u00f3n limitada. Si el virus\nllegara a reaparecer, por alguna raz\u00f3n, causar\u00eda una cat\u00e1strofe mundial. En una\npoblaci\u00f3n nunca vacunada, la enfermedad tendr\u00eda en principio el 90% de\nmortalidad. Es decir, nueve de cada diez infectados morir\u00edan.<\/p>\n\n\n<p>Yanquis y rusos se\nhab\u00edan comprometido a destruir las cepas guardadas en el a\u00f1o 2000, pero nada de\neso ocurri\u00f3. Es m\u00e1s, postergaron la decisi\u00f3n por tiempo indefinido. \u201cLo que\nsospechan los especialistas de la OMS es que existen pa\u00edses que han cultivado\nclandestinamente el virus de la viruela. As\u00ed podr\u00edan desencadenar una guerra\nbiol\u00f3gica, para la que los restantes pa\u00edses no estar\u00edan preparados\u201d, cuenta\nLozano.<\/p>\n\n\n<p>\u201cEl miedo a no\npoder fabricar suficientes vacunas (para lo que se podr\u00edan necesitar las\nmuestras resguardadas) ha sido el principal impulso a esta moratoria (en la\ndestrucci\u00f3n del virus)\u201d, agrega el especialista.<\/p>\n\n\n<p>Tras la ca\u00edda del\nmuro de Berl\u00edn y la disoluci\u00f3n del conglomerado sovi\u00e9tico, se cree que Rusia no\ntendr\u00eda el total control de la cepa del virus. Lozano advierte que algunas\nmuestras podr\u00edan haber sido vendidas al mejor postor, como las mafias o incluso\nCorea del Norte. Pero, que Estados Unidos no se quedar\u00eda atr\u00e1s con sus\njugarretas para sacar ventaja de la situaci\u00f3n.<\/p>\n\n\n<p>\u201cEl problema\nfundamental es que, si alguien dispersara el virus de la viruela en el\nambiente, se encontrar\u00eda con una poblaci\u00f3n virgen. Sobre esta poblaci\u00f3n, el\nvirus tendr\u00eda inicialmente un 90% de mortalidad. Aun cuando desde las\norganizaciones internacionales se intentara una producci\u00f3n de vacunas, aquellos\npa\u00edses con menor infraestructura sanitaria (como la mayor\u00eda de los pa\u00edses\nlatinoamericanos) se ver\u00edan mucho m\u00e1s afectados en la posible epidemia\u201d,\nconcluy\u00f3 el profesional en su libro.<\/p>\n\n\n<p>Seg\u00fan public\u00f3 la\nBBC, el a\u00f1o pasado la Administraci\u00f3n de Alimentos y Medicamentos de\nEstados Unidos (FDA, por sus siglas en ingl\u00e9s) aprob\u00f3 un medicamento para\ncombatir el virus de la viruela. <\/p>\n\n\n<p>Adivina,\nadivinador\u2026<\/p>\n\n\n<p>Hmmm\u2026 \u00bfPor qu\u00e9\nser\u00e1? <\/p>\n\n\n<p><em>Fuentes:\nMinisterio de Salud de la Naci\u00f3n; BBC.com; Chequeado.com; \u201cAh\u00ed viene la plaga\u201d,\npor Mario Lozano; Semanario El Regional. <\/em><\/p>\n]]>\t\t","protected":false},"excerpt":{"rendered":"<p>\t\t\t\t<![CDATA[]]>\t\t<\/p>\n","protected":false},"author":6,"featured_media":15724,"comment_status":"open","ping_status":"open","sticky":false,"template":"","format":"standard","meta":{"site-sidebar-layout":"default","site-content-layout":"","ast-site-content-layout":"default","site-content-style":"default","site-sidebar-style":"default","ast-global-header-display":"","ast-banner-title-visibility":"","ast-main-header-display":"","ast-hfb-above-header-display":"","ast-hfb-below-header-display":"","ast-hfb-mobile-header-display":"","site-post-title":"","ast-breadcrumbs-content":"","ast-featured-img":"","footer-sml-layout":"","ast-disable-related-posts":"","theme-transparent-header-meta":"","adv-header-id-meta":"","stick-header-meta":"","header-above-stick-meta":"","header-main-stick-meta":"","header-below-stick-meta":"","astra-migrate-meta-layouts":"default","ast-page-background-enabled":"default","ast-page-background-meta":{"desktop":{"background-color":"","background-image":"","background-repeat":"repeat","background-position":"center center","background-size":"auto","background-attachment":"scroll","background-type":"","background-media":"","overlay-type":"","overlay-color":"","overlay-opacity":"","overlay-gradient":""},"tablet":{"background-color":"","background-image":"","background-repeat":"repeat","background-position":"center center","background-size":"auto","background-attachment":"scroll","background-type":"","background-media":"","overlay-type":"","overlay-color":"","overlay-opacity":"","overlay-gradient":""},"mobile":{"background-color":"","background-image":"","background-repeat":"repeat","background-position":"center center","background-size":"auto","background-attachment":"scroll","background-type":"","background-media":"","overlay-type":"","overlay-color":"","overlay-opacity":"","overlay-gradient":""}},"ast-content-background-meta":{"desktop":{"background-color":"var(--ast-global-color-5)","background-image":"","background-repeat":"repeat","background-position":"center center","background-size":"auto","background-attachment":"scroll","background-type":"","background-media":"","overlay-type":"","overlay-color":"","overlay-opacity":"","overlay-gradient":""},"tablet":{"background-color":"var(--ast-global-color-5)","background-image":"","background-repeat":"repeat","background-position":"center center","background-size":"auto","background-attachment":"scroll","background-type":"","background-media":"","overlay-type":"","overlay-color":"","overlay-opacity":"","overlay-gradient":""},"mobile":{"background-color":"var(--ast-global-color-5)","background-image":"","background-repeat":"repeat","background-position":"center center","background-size":"auto","background-attachment":"scroll","background-type":"","background-media":"","overlay-type":"","overlay-color":"","overlay-opacity":"","overlay-gradient":""}},"_jetpack_memberships_contains_paid_content":false,"_joinchat":[],"footnotes":""},"categories":[5],"tags":[1997,2054,1481,2137,2138,2139,2140,1998,2141,2133,2142,2143],"class_list":["post-17740","post","type-post","status-publish","format-standard","has-post-thumbnail","hentry","category-sociedad","tag-coronavirus","tag-covid-19","tag-enfermedades","tag-epidemias","tag-erradicacion","tag-lepra","tag-oms","tag-pandemia","tag-pestes","tag-salud","tag-viruela","tag-virus"],"yoast_head":"<!-- This site is optimized with the Yoast SEO plugin v26.8 - https:\/\/yoast.com\/product\/yoast-seo-wordpress\/ -->\n<title>Pestes eternas: la viruela y la lepra nunca se fueron - El Regional<\/title>\n<meta name=\"robots\" content=\"index, follow, max-snippet:-1, max-image-preview:large, max-video-preview:-1\" \/>\n<link rel=\"canonical\" href=\"http:\/\/elregionalvm.com.ar\/noticias-villa-maria\/pestes-eternas-la-viruela-y-la-lepra-nunca-se-fueron\/\" \/>\n<meta property=\"og:locale\" content=\"es_ES\" \/>\n<meta property=\"og:type\" content=\"article\" \/>\n<meta property=\"og:title\" content=\"Pestes eternas: la viruela y la lepra nunca se fueron - El Regional\" \/>\n<meta property=\"og:url\" content=\"http:\/\/elregionalvm.com.ar\/noticias-villa-maria\/pestes-eternas-la-viruela-y-la-lepra-nunca-se-fueron\/\" \/>\n<meta property=\"og:site_name\" content=\"El Regional\" \/>\n<meta property=\"article:publisher\" content=\"https:\/\/www.facebook.com\/elregionalvm\" \/>\n<meta property=\"article:published_time\" content=\"2020-05-07T03:31:30+00:00\" \/>\n<meta property=\"article:modified_time\" content=\"2020-06-18T02:24:32+00:00\" \/>\n<meta name=\"author\" content=\"Germ\u00e1n Giacchero\" \/>\n<meta name=\"twitter:card\" content=\"summary_large_image\" \/>\n<meta name=\"twitter:creator\" content=\"@elregionalvm1\" \/>\n<meta name=\"twitter:site\" content=\"@elregionalvm1\" \/>\n<meta name=\"twitter:label1\" content=\"Escrito por\" \/>\n\t<meta name=\"twitter:data1\" content=\"Germ\u00e1n Giacchero\" \/>\n\t<meta name=\"twitter:label2\" content=\"Tiempo de lectura\" \/>\n\t<meta name=\"twitter:data2\" content=\"5 minutos\" \/>\n<script type=\"application\/ld+json\" class=\"yoast-schema-graph\">{\"@context\":\"https:\/\/schema.org\",\"@graph\":[{\"@type\":\"Article\",\"@id\":\"http:\/\/elregionalvm.com.ar\/noticias-villa-maria\/pestes-eternas-la-viruela-y-la-lepra-nunca-se-fueron\/#article\",\"isPartOf\":{\"@id\":\"http:\/\/elregionalvm.com.ar\/noticias-villa-maria\/pestes-eternas-la-viruela-y-la-lepra-nunca-se-fueron\/\"},\"author\":{\"name\":\"Germ\u00e1n Giacchero\",\"@id\":\"http:\/\/elregionalvm.com.ar\/noticias-villa-maria\/#\/schema\/person\/d5e4b04966154131701e52c45d3efec9\"},\"headline\":\"Pestes eternas: la viruela y la lepra nunca se fueron\",\"datePublished\":\"2020-05-07T03:31:30+00:00\",\"dateModified\":\"2020-06-18T02:24:32+00:00\",\"mainEntityOfPage\":{\"@id\":\"http:\/\/elregionalvm.com.ar\/noticias-villa-maria\/pestes-eternas-la-viruela-y-la-lepra-nunca-se-fueron\/\"},\"wordCount\":1029,\"commentCount\":0,\"image\":{\"@id\":\"http:\/\/elregionalvm.com.ar\/noticias-villa-maria\/pestes-eternas-la-viruela-y-la-lepra-nunca-se-fueron\/#primaryimage\"},\"thumbnailUrl\":\"\",\"keywords\":[\"Coronavirus\",\"Covid-19\",\"Enfermedades\",\"epidemias\",\"erradicaci\u00f3n\",\"Lepra\",\"OMS\",\"pandemia\",\"pestes\",\"salud\",\"Viruela\",\"virus\"],\"articleSection\":[\"Sociedad\"],\"inLanguage\":\"es\",\"potentialAction\":[{\"@type\":\"CommentAction\",\"name\":\"Comment\",\"target\":[\"http:\/\/elregionalvm.com.ar\/noticias-villa-maria\/pestes-eternas-la-viruela-y-la-lepra-nunca-se-fueron\/#respond\"]}]},{\"@type\":\"WebPage\",\"@id\":\"http:\/\/elregionalvm.com.ar\/noticias-villa-maria\/pestes-eternas-la-viruela-y-la-lepra-nunca-se-fueron\/\",\"url\":\"http:\/\/elregionalvm.com.ar\/noticias-villa-maria\/pestes-eternas-la-viruela-y-la-lepra-nunca-se-fueron\/\",\"name\":\"Pestes eternas: la viruela y la lepra nunca se fueron - El Regional\",\"isPartOf\":{\"@id\":\"http:\/\/elregionalvm.com.ar\/noticias-villa-maria\/#website\"},\"primaryImageOfPage\":{\"@id\":\"http:\/\/elregionalvm.com.ar\/noticias-villa-maria\/pestes-eternas-la-viruela-y-la-lepra-nunca-se-fueron\/#primaryimage\"},\"image\":{\"@id\":\"http:\/\/elregionalvm.com.ar\/noticias-villa-maria\/pestes-eternas-la-viruela-y-la-lepra-nunca-se-fueron\/#primaryimage\"},\"thumbnailUrl\":\"\",\"datePublished\":\"2020-05-07T03:31:30+00:00\",\"dateModified\":\"2020-06-18T02:24:32+00:00\",\"author\":{\"@id\":\"http:\/\/elregionalvm.com.ar\/noticias-villa-maria\/#\/schema\/person\/d5e4b04966154131701e52c45d3efec9\"},\"breadcrumb\":{\"@id\":\"http:\/\/elregionalvm.com.ar\/noticias-villa-maria\/pestes-eternas-la-viruela-y-la-lepra-nunca-se-fueron\/#breadcrumb\"},\"inLanguage\":\"es\",\"potentialAction\":[{\"@type\":\"ReadAction\",\"target\":[\"http:\/\/elregionalvm.com.ar\/noticias-villa-maria\/pestes-eternas-la-viruela-y-la-lepra-nunca-se-fueron\/\"]}]},{\"@type\":\"ImageObject\",\"inLanguage\":\"es\",\"@id\":\"http:\/\/elregionalvm.com.ar\/noticias-villa-maria\/pestes-eternas-la-viruela-y-la-lepra-nunca-se-fueron\/#primaryimage\",\"url\":\"\",\"contentUrl\":\"\"},{\"@type\":\"BreadcrumbList\",\"@id\":\"http:\/\/elregionalvm.com.ar\/noticias-villa-maria\/pestes-eternas-la-viruela-y-la-lepra-nunca-se-fueron\/#breadcrumb\",\"itemListElement\":[{\"@type\":\"ListItem\",\"position\":1,\"name\":\"Portada\",\"item\":\"https:\/\/elregionalvm.com.ar\/noticias-villa-maria\/\"},{\"@type\":\"ListItem\",\"position\":2,\"name\":\"Pestes eternas: la viruela y la lepra nunca se fueron\"}]},{\"@type\":\"WebSite\",\"@id\":\"http:\/\/elregionalvm.com.ar\/noticias-villa-maria\/#website\",\"url\":\"http:\/\/elregionalvm.com.ar\/noticias-villa-maria\/\",\"name\":\"El Regional\",\"description\":\"Mucho m\u00e1s que informaci\u00f3n\",\"potentialAction\":[{\"@type\":\"SearchAction\",\"target\":{\"@type\":\"EntryPoint\",\"urlTemplate\":\"http:\/\/elregionalvm.com.ar\/noticias-villa-maria\/?s={search_term_string}\"},\"query-input\":{\"@type\":\"PropertyValueSpecification\",\"valueRequired\":true,\"valueName\":\"search_term_string\"}}],\"inLanguage\":\"es\"},{\"@type\":\"Person\",\"@id\":\"http:\/\/elregionalvm.com.ar\/noticias-villa-maria\/#\/schema\/person\/d5e4b04966154131701e52c45d3efec9\",\"name\":\"Germ\u00e1n Giacchero\",\"image\":{\"@type\":\"ImageObject\",\"inLanguage\":\"es\",\"@id\":\"http:\/\/elregionalvm.com.ar\/noticias-villa-maria\/#\/schema\/person\/image\/\",\"url\":\"https:\/\/secure.gravatar.com\/avatar\/fda163ba5ef0307ee5be9846e10f83b6e83d0cfb260d3b2464830318894c6b04?s=96&d=mm&r=g\",\"contentUrl\":\"https:\/\/secure.gravatar.com\/avatar\/fda163ba5ef0307ee5be9846e10f83b6e83d0cfb260d3b2464830318894c6b04?s=96&d=mm&r=g\",\"caption\":\"Germ\u00e1n Giacchero\"},\"url\":\"https:\/\/elregionalvm.com.ar\/noticias-villa-maria\/author\/germangiacchero\/\"}]}<\/script>\n<!-- \/ Yoast SEO plugin. -->","yoast_head_json":{"title":"Pestes eternas: la viruela y la lepra nunca se fueron - El Regional","robots":{"index":"index","follow":"follow","max-snippet":"max-snippet:-1","max-image-preview":"max-image-preview:large","max-video-preview":"max-video-preview:-1"},"canonical":"http:\/\/elregionalvm.com.ar\/noticias-villa-maria\/pestes-eternas-la-viruela-y-la-lepra-nunca-se-fueron\/","og_locale":"es_ES","og_type":"article","og_title":"Pestes eternas: la viruela y la lepra nunca se fueron - El Regional","og_url":"http:\/\/elregionalvm.com.ar\/noticias-villa-maria\/pestes-eternas-la-viruela-y-la-lepra-nunca-se-fueron\/","og_site_name":"El Regional","article_publisher":"https:\/\/www.facebook.com\/elregionalvm","article_published_time":"2020-05-07T03:31:30+00:00","article_modified_time":"2020-06-18T02:24:32+00:00","author":"Germ\u00e1n Giacchero","twitter_card":"summary_large_image","twitter_creator":"@elregionalvm1","twitter_site":"@elregionalvm1","twitter_misc":{"Escrito por":"Germ\u00e1n Giacchero","Tiempo de lectura":"5 minutos"},"schema":{"@context":"https:\/\/schema.org","@graph":[{"@type":"Article","@id":"http:\/\/elregionalvm.com.ar\/noticias-villa-maria\/pestes-eternas-la-viruela-y-la-lepra-nunca-se-fueron\/#article","isPartOf":{"@id":"http:\/\/elregionalvm.com.ar\/noticias-villa-maria\/pestes-eternas-la-viruela-y-la-lepra-nunca-se-fueron\/"},"author":{"name":"Germ\u00e1n Giacchero","@id":"http:\/\/elregionalvm.com.ar\/noticias-villa-maria\/#\/schema\/person\/d5e4b04966154131701e52c45d3efec9"},"headline":"Pestes eternas: la viruela y la lepra nunca se fueron","datePublished":"2020-05-07T03:31:30+00:00","dateModified":"2020-06-18T02:24:32+00:00","mainEntityOfPage":{"@id":"http:\/\/elregionalvm.com.ar\/noticias-villa-maria\/pestes-eternas-la-viruela-y-la-lepra-nunca-se-fueron\/"},"wordCount":1029,"commentCount":0,"image":{"@id":"http:\/\/elregionalvm.com.ar\/noticias-villa-maria\/pestes-eternas-la-viruela-y-la-lepra-nunca-se-fueron\/#primaryimage"},"thumbnailUrl":"","keywords":["Coronavirus","Covid-19","Enfermedades","epidemias","erradicaci\u00f3n","Lepra","OMS","pandemia","pestes","salud","Viruela","virus"],"articleSection":["Sociedad"],"inLanguage":"es","potentialAction":[{"@type":"CommentAction","name":"Comment","target":["http:\/\/elregionalvm.com.ar\/noticias-villa-maria\/pestes-eternas-la-viruela-y-la-lepra-nunca-se-fueron\/#respond"]}]},{"@type":"WebPage","@id":"http:\/\/elregionalvm.com.ar\/noticias-villa-maria\/pestes-eternas-la-viruela-y-la-lepra-nunca-se-fueron\/","url":"http:\/\/elregionalvm.com.ar\/noticias-villa-maria\/pestes-eternas-la-viruela-y-la-lepra-nunca-se-fueron\/","name":"Pestes eternas: la viruela y la lepra nunca se fueron - El Regional","isPartOf":{"@id":"http:\/\/elregionalvm.com.ar\/noticias-villa-maria\/#website"},"primaryImageOfPage":{"@id":"http:\/\/elregionalvm.com.ar\/noticias-villa-maria\/pestes-eternas-la-viruela-y-la-lepra-nunca-se-fueron\/#primaryimage"},"image":{"@id":"http:\/\/elregionalvm.com.ar\/noticias-villa-maria\/pestes-eternas-la-viruela-y-la-lepra-nunca-se-fueron\/#primaryimage"},"thumbnailUrl":"","datePublished":"2020-05-07T03:31:30+00:00","dateModified":"2020-06-18T02:24:32+00:00","author":{"@id":"http:\/\/elregionalvm.com.ar\/noticias-villa-maria\/#\/schema\/person\/d5e4b04966154131701e52c45d3efec9"},"breadcrumb":{"@id":"http:\/\/elregionalvm.com.ar\/noticias-villa-maria\/pestes-eternas-la-viruela-y-la-lepra-nunca-se-fueron\/#breadcrumb"},"inLanguage":"es","potentialAction":[{"@type":"ReadAction","target":["http:\/\/elregionalvm.com.ar\/noticias-villa-maria\/pestes-eternas-la-viruela-y-la-lepra-nunca-se-fueron\/"]}]},{"@type":"ImageObject","inLanguage":"es","@id":"http:\/\/elregionalvm.com.ar\/noticias-villa-maria\/pestes-eternas-la-viruela-y-la-lepra-nunca-se-fueron\/#primaryimage","url":"","contentUrl":""},{"@type":"BreadcrumbList","@id":"http:\/\/elregionalvm.com.ar\/noticias-villa-maria\/pestes-eternas-la-viruela-y-la-lepra-nunca-se-fueron\/#breadcrumb","itemListElement":[{"@type":"ListItem","position":1,"name":"Portada","item":"https:\/\/elregionalvm.com.ar\/noticias-villa-maria\/"},{"@type":"ListItem","position":2,"name":"Pestes eternas: la viruela y la lepra nunca se fueron"}]},{"@type":"WebSite","@id":"http:\/\/elregionalvm.com.ar\/noticias-villa-maria\/#website","url":"http:\/\/elregionalvm.com.ar\/noticias-villa-maria\/","name":"El Regional","description":"Mucho m\u00e1s que informaci\u00f3n","potentialAction":[{"@type":"SearchAction","target":{"@type":"EntryPoint","urlTemplate":"http:\/\/elregionalvm.com.ar\/noticias-villa-maria\/?s={search_term_string}"},"query-input":{"@type":"PropertyValueSpecification","valueRequired":true,"valueName":"search_term_string"}}],"inLanguage":"es"},{"@type":"Person","@id":"http:\/\/elregionalvm.com.ar\/noticias-villa-maria\/#\/schema\/person\/d5e4b04966154131701e52c45d3efec9","name":"Germ\u00e1n Giacchero","image":{"@type":"ImageObject","inLanguage":"es","@id":"http:\/\/elregionalvm.com.ar\/noticias-villa-maria\/#\/schema\/person\/image\/","url":"https:\/\/secure.gravatar.com\/avatar\/fda163ba5ef0307ee5be9846e10f83b6e83d0cfb260d3b2464830318894c6b04?s=96&d=mm&r=g","contentUrl":"https:\/\/secure.gravatar.com\/avatar\/fda163ba5ef0307ee5be9846e10f83b6e83d0cfb260d3b2464830318894c6b04?s=96&d=mm&r=g","caption":"Germ\u00e1n Giacchero"},"url":"https:\/\/elregionalvm.com.ar\/noticias-villa-maria\/author\/germangiacchero\/"}]}},"jetpack_featured_media_url":"","jetpack_sharing_enabled":true,"_links":{"self":[{"href":"https:\/\/elregionalvm.com.ar\/noticias-villa-maria\/wp-json\/wp\/v2\/posts\/17740","targetHints":{"allow":["GET"]}}],"collection":[{"href":"https:\/\/elregionalvm.com.ar\/noticias-villa-maria\/wp-json\/wp\/v2\/posts"}],"about":[{"href":"https:\/\/elregionalvm.com.ar\/noticias-villa-maria\/wp-json\/wp\/v2\/types\/post"}],"author":[{"embeddable":true,"href":"https:\/\/elregionalvm.com.ar\/noticias-villa-maria\/wp-json\/wp\/v2\/users\/6"}],"replies":[{"embeddable":true,"href":"https:\/\/elregionalvm.com.ar\/noticias-villa-maria\/wp-json\/wp\/v2\/comments?post=17740"}],"version-history":[{"count":1,"href":"https:\/\/elregionalvm.com.ar\/noticias-villa-maria\/wp-json\/wp\/v2\/posts\/17740\/revisions"}],"predecessor-version":[{"id":18206,"href":"https:\/\/elregionalvm.com.ar\/noticias-villa-maria\/wp-json\/wp\/v2\/posts\/17740\/revisions\/18206"}],"wp:featuredmedia":[{"embeddable":true,"href":"https:\/\/elregionalvm.com.ar\/noticias-villa-maria\/wp-json\/"}],"wp:attachment":[{"href":"https:\/\/elregionalvm.com.ar\/noticias-villa-maria\/wp-json\/wp\/v2\/media?parent=17740"}],"wp:term":[{"taxonomy":"category","embeddable":true,"href":"https:\/\/elregionalvm.com.ar\/noticias-villa-maria\/wp-json\/wp\/v2\/categories?post=17740"},{"taxonomy":"post_tag","embeddable":true,"href":"https:\/\/elregionalvm.com.ar\/noticias-villa-maria\/wp-json\/wp\/v2\/tags?post=17740"}],"curies":[{"name":"wp","href":"https:\/\/api.w.org\/{rel}","templated":true}]}}