{"id":17741,"date":"2020-05-07T23:52:53","date_gmt":"2020-05-07T23:52:53","guid":{"rendered":"http:\/\/www.elregionalvm.com.ar\/?p=15732"},"modified":"2020-06-18T02:16:33","modified_gmt":"2020-06-18T02:16:33","slug":"malena-canta-el-tango-como-ninguna","status":"publish","type":"post","link":"https:\/\/elregionalvm.com.ar\/noticias-villa-maria\/malena-canta-el-tango-como-ninguna\/","title":{"rendered":"Malena canta el tango como ninguna"},"content":{"rendered":"\n\t\t\t\t<![CDATA[\n<p> <\/p>\n\n\n<p>In memoria del Dr Carlos Trotta- autor de la nota<\/p>\n\n\n<p>Existen muchas historias respecto a su verdadera identidad.\nLa mayor\u00eda sostiene que su nombre era Mar\u00eda Elena Tortorello , santafecina&nbsp; radicada en Bs. Aires y emigrada m\u00e1s tarde a\nPorto Alegre. Otros, en cambio, dicen que era chilena o hija de andaluces y de\napellido Tortolero. Algunos agregan que no ten\u00eda un lugar cierto de nacimiento\ny que su ni\u00f1ez&nbsp; transcurri\u00f3 en el sur de\nBrasil. Sin embargo, todos concuerdan en que se hac\u00eda llamar Malena Toledo.<\/p>\n\n\n<p>El tango no es s\u00f3lo la belleza de su letra y de su m\u00fasica.&nbsp; Tambi\u00e9n se alimenta de historias y leyendas,\nen partes ciertas y en partes libradas a la imaginaci\u00f3n popular. Por eso\u201c\nMalena\u201d siempre ser\u00e1 un misterio que Homero Manzi, se llev\u00f3 consigo cuando\nmuri\u00f3 en 1951 a los 44 a\u00f1os.<\/p>\n\n\n<p>Quienes han investigado esta historia no se ponen de acuerdo\nsi fue en un cabaret de San Pablo o en un cafet\u00edn de Porto Alegre, donde Manzi\nla escuch\u00f3. <\/p>\n\n\n<p>Lucio Demare fallecido en 1974 fue protagonista indiscutible\nde esta historia, ya que puso la m\u00fasica a los inmortales versos de Manzi.\nTampoco aport\u00f3 mucho en cuanto a la identidad y a la historia&nbsp; <\/p>\n\n\n<p>Malena canta el tango como ninguna,&#8230; dicen los versos, lo\ncual no significa que necesariamente cantara bien. El maestro Osvaldo Pugliese\nafirmaba: \u201cEs verdad que Malena canta el tango como ninguna,&nbsp; es que nadie puede hacerlo tan mal\u201d. \u00c9l\npersonalmente lo hab\u00eda comprobado acompa\u00f1\u00e1ndola al piano en un viejo sexteto,\nse asegura. Sin embargo hay quienes la conocieron viviendo en Venezuela y\nrecuerdan que Malena Toledo, era due\u00f1a de una bella figura, elegante, con buena\nvoz y que cantaba en castellano y&nbsp;\nportugu\u00e9s.<\/p>\n\n\n<p>Muchos afirman que la hero\u00edna del tango \u201cMalena\u201dno es otra\ncosa que la\u201ds\u00edntesis po\u00e9tica de las mujeres que am\u00f3 Homero Manzi\u201d.<\/p>\n\n\n<p>All\u00ed en el bar&#8230;<\/p>\n\n\n<p>Pero todo cuanto pueda decirse su vida ser\u00e1 tan peque\u00f1o, tan\nescaso que resulta innecesario buscar m\u00e1s, por que la trascendencia hist\u00f3rica\nno est\u00e1 precisamente all\u00ed.<\/p>\n\n\n<p>H\u00e9ctor Benedetti, es un librero que&nbsp; recopil\u00f3 historias de muchos tangos. Cuenta\nque: Corr\u00edan los primeros a\u00f1os de la d\u00e9cada del 40 y Homero Manzi regresaba a\nBs.Aires, despu\u00e9s de una gira por Centroam\u00e9rica. Decidi\u00f3 junto a su grupo,\nconcurrir a un bar donde cantaba tangos una argentina. Mar\u00eda Elena Tortorello (\nMalena Toledo para la escasa concurrencia). Malena a secas, para la eternidad.<\/p>\n\n\n<p>\u201cA Pugliese le doli\u00f3 el o\u00eddo cuando la oy\u00f3 cantar y a Homero\nManzi, esa noche, le llor\u00f3 el coraz\u00f3n. De inmediato desenfund\u00f3 una lapicera,\npidi\u00f3 una servilleta y garabate\u00f3 unas l\u00edneas memorables. Ponele m\u00fasica, le\npidi\u00f3 al pianista Lucio Demare. \u00c9ste asinti\u00f3 con su cabeza y sin mirar, las\nguard\u00f3 en el bolsillo del saco\u201d.<\/p>\n\n\n<p>Nunca supo que la canci\u00f3n hablaba de ella<\/p>\n\n\n<p>\u201cDe regreso en Bs.Aires, nadie se acordaba de&nbsp; aquella noche de juerga en Brasil y menos de\nlos versos.\u201dTiempo despu\u00e9s, antes de salir de su casa, Demare se pone aquel\nsaco y manejando por Palermo, su auto se descompone. Entr\u00f3 al bar El Guindado y\nmientras esperaba que llegase la gr\u00faa, encontr\u00f3 aquel papel de Manzi. Antes que\nreparasen el auto, ya ten\u00eda terminada la melod\u00eda. Algunos afirman que m\u00e1s\nadelante, Mar\u00eda Elena Tortorello, cantaba ese tango en su repertorio, sin\nsiquiera sospechar que la canci\u00f3n hablaba de ella. Un d\u00eda, alguien le cont\u00f3 la\nverdad y en ese mismo momento, dicen que Malena dej\u00f3 de cantar para siempre\u201d.<\/p>\n\n\n<p>MALENA <\/p>\n\n\n<p>(tango) <\/p>\n\n\n<p>Letra de Homero Manzi M\u00fasica de Lucio Demare &#8211; <\/p>\n\n\n<p>Malena canta el tango como ninguna \u00a0y en cada verso pone su coraz\u00f3n. A yuyo de suburbio su voz perfuma. \u00a0Malena tiene pena de bandone\u00f3n. <\/p>\n\n\n<p>Tal vez all\u00e1, en la infancia, su voz de \u00a0alondra tom\u00f3 ese tomo oscuro de callej\u00f3n; \u00a0o acaso aquel romance que s\u00f3lo nombra \u00a0cuando se pone triste con el alcohol&#8230; \u00a0Malena canta el tango con voz de sombra; \u00a0Malena tiene pena de bandone\u00f3n <\/p>\n\n\n<p>Tu canci\u00f3n &nbsp;tiene el\nfr\u00edo del \u00faltimo encuentro. Tu canci\u00f3n &nbsp;se hace\namarga en la sal del recuerdo. <\/p>\n\n\n<p>Yo no s\u00e9 &nbsp;si tu voz es\nla flor de una pena; s\u00f3lo s\u00e9 &nbsp;que al rumor\nde tus tangos, Malena te siento m\u00e1s buena, &nbsp;m\u00e1s\nbuena que yo. <\/p>\n\n\n<p>Tus ojos son oscuros como el olvido; &nbsp;tus labios, apretados como el rencor; tus manos, dos palomas que sienten fr\u00edo; &nbsp;tus venas tienen sangre de bandone\u00f3n&#8230; <\/p>\n\n\n<p>Tus tangos son criaturas abandonadas \u00a0que cruzan sobre el barro del callej\u00f3n, cuando todas las puertas est\u00e1n cerradas \u00a0y ladran los fantasmas de la canci\u00f3n.  Malena canta el tango con voz quebrada; \u00a0Malena tiene pena de bandone\u00f3n.<\/p>\n]]>\t\t","protected":false},"excerpt":{"rendered":"<p>\t\t\t\t<![CDATA[]]>\t\t<\/p>\n","protected":false},"author":5,"featured_media":0,"comment_status":"open","ping_status":"open","sticky":false,"template":"","format":"standard","meta":{"site-sidebar-layout":"default","site-content-layout":"","ast-site-content-layout":"default","site-content-style":"default","site-sidebar-style":"default","ast-global-header-display":"","ast-banner-title-visibility":"","ast-main-header-display":"","ast-hfb-above-header-display":"","ast-hfb-below-header-display":"","ast-hfb-mobile-header-display":"","site-post-title":"","ast-breadcrumbs-content":"","ast-featured-img":"","footer-sml-layout":"","ast-disable-related-posts":"","theme-transparent-header-meta":"","adv-header-id-meta":"","stick-header-meta":"","header-above-stick-meta":"","header-main-stick-meta":"","header-below-stick-meta":"","astra-migrate-meta-layouts":"default","ast-page-background-enabled":"default","ast-page-background-meta":{"desktop":{"background-color":"","background-image":"","background-repeat":"repeat","background-position":"center center","background-size":"auto","background-attachment":"scroll","background-type":"","background-media":"","overlay-type":"","overlay-color":"","overlay-opacity":"","overlay-gradient":""},"tablet":{"background-color":"","background-image":"","background-repeat":"repeat","background-position":"center center","background-size":"auto","background-attachment":"scroll","background-type":"","background-media":"","overlay-type":"","overlay-color":"","overlay-opacity":"","overlay-gradient":""},"mobile":{"background-color":"","background-image":"","background-repeat":"repeat","background-position":"center center","background-size":"auto","background-attachment":"scroll","background-type":"","background-media":"","overlay-type":"","overlay-color":"","overlay-opacity":"","overlay-gradient":""}},"ast-content-background-meta":{"desktop":{"background-color":"var(--ast-global-color-5)","background-image":"","background-repeat":"repeat","background-position":"center center","background-size":"auto","background-attachment":"scroll","background-type":"","background-media":"","overlay-type":"","overlay-color":"","overlay-opacity":"","overlay-gradient":""},"tablet":{"background-color":"var(--ast-global-color-5)","background-image":"","background-repeat":"repeat","background-position":"center center","background-size":"auto","background-attachment":"scroll","background-type":"","background-media":"","overlay-type":"","overlay-color":"","overlay-opacity":"","overlay-gradient":""},"mobile":{"background-color":"var(--ast-global-color-5)","background-image":"","background-repeat":"repeat","background-position":"center center","background-size":"auto","background-attachment":"scroll","background-type":"","background-media":"","overlay-type":"","overlay-color":"","overlay-opacity":"","overlay-gradient":""}},"_jetpack_memberships_contains_paid_content":false,"_joinchat":[],"footnotes":""},"categories":[2098],"tags":[],"class_list":["post-17741","post","type-post","status-publish","format-standard","hentry","category-historias"],"yoast_head":"<!-- This site is optimized with the Yoast SEO plugin v26.8 - https:\/\/yoast.com\/product\/yoast-seo-wordpress\/ -->\n<title>Malena canta el tango como ninguna - El Regional<\/title>\n<meta name=\"robots\" content=\"index, follow, max-snippet:-1, max-image-preview:large, max-video-preview:-1\" \/>\n<link rel=\"canonical\" href=\"http:\/\/elregionalvm.com.ar\/noticias-villa-maria\/malena-canta-el-tango-como-ninguna\/\" \/>\n<meta property=\"og:locale\" content=\"es_ES\" \/>\n<meta property=\"og:type\" content=\"article\" \/>\n<meta property=\"og:title\" content=\"Malena canta el tango como ninguna - El Regional\" \/>\n<meta property=\"og:url\" content=\"http:\/\/elregionalvm.com.ar\/noticias-villa-maria\/malena-canta-el-tango-como-ninguna\/\" \/>\n<meta property=\"og:site_name\" content=\"El Regional\" \/>\n<meta property=\"article:publisher\" content=\"https:\/\/www.facebook.com\/elregionalvm\" \/>\n<meta property=\"article:published_time\" content=\"2020-05-07T23:52:53+00:00\" \/>\n<meta property=\"article:modified_time\" content=\"2020-06-18T02:16:33+00:00\" \/>\n<meta name=\"author\" content=\"Miguel Andreis\" \/>\n<meta name=\"twitter:card\" content=\"summary_large_image\" \/>\n<meta name=\"twitter:creator\" content=\"@elregionalvm1\" \/>\n<meta name=\"twitter:site\" content=\"@elregionalvm1\" \/>\n<meta name=\"twitter:label1\" content=\"Escrito por\" \/>\n\t<meta name=\"twitter:data1\" content=\"Miguel Andreis\" \/>\n\t<meta name=\"twitter:label2\" content=\"Tiempo de lectura\" \/>\n\t<meta name=\"twitter:data2\" content=\"4 minutos\" \/>\n<script type=\"application\/ld+json\" class=\"yoast-schema-graph\">{\"@context\":\"https:\/\/schema.org\",\"@graph\":[{\"@type\":\"Article\",\"@id\":\"http:\/\/elregionalvm.com.ar\/noticias-villa-maria\/malena-canta-el-tango-como-ninguna\/#article\",\"isPartOf\":{\"@id\":\"http:\/\/elregionalvm.com.ar\/noticias-villa-maria\/malena-canta-el-tango-como-ninguna\/\"},\"author\":{\"name\":\"Miguel Andreis\",\"@id\":\"http:\/\/elregionalvm.com.ar\/noticias-villa-maria\/#\/schema\/person\/df5ff3f005acf29788aed9cb359f1193\"},\"headline\":\"Malena canta el tango como ninguna\",\"datePublished\":\"2020-05-07T23:52:53+00:00\",\"dateModified\":\"2020-06-18T02:16:33+00:00\",\"mainEntityOfPage\":{\"@id\":\"http:\/\/elregionalvm.com.ar\/noticias-villa-maria\/malena-canta-el-tango-como-ninguna\/\"},\"wordCount\":844,\"commentCount\":0,\"articleSection\":[\"Historias\"],\"inLanguage\":\"es\",\"potentialAction\":[{\"@type\":\"CommentAction\",\"name\":\"Comment\",\"target\":[\"http:\/\/elregionalvm.com.ar\/noticias-villa-maria\/malena-canta-el-tango-como-ninguna\/#respond\"]}]},{\"@type\":\"WebPage\",\"@id\":\"http:\/\/elregionalvm.com.ar\/noticias-villa-maria\/malena-canta-el-tango-como-ninguna\/\",\"url\":\"http:\/\/elregionalvm.com.ar\/noticias-villa-maria\/malena-canta-el-tango-como-ninguna\/\",\"name\":\"Malena canta el tango como ninguna - El Regional\",\"isPartOf\":{\"@id\":\"http:\/\/elregionalvm.com.ar\/noticias-villa-maria\/#website\"},\"datePublished\":\"2020-05-07T23:52:53+00:00\",\"dateModified\":\"2020-06-18T02:16:33+00:00\",\"author\":{\"@id\":\"http:\/\/elregionalvm.com.ar\/noticias-villa-maria\/#\/schema\/person\/df5ff3f005acf29788aed9cb359f1193\"},\"breadcrumb\":{\"@id\":\"http:\/\/elregionalvm.com.ar\/noticias-villa-maria\/malena-canta-el-tango-como-ninguna\/#breadcrumb\"},\"inLanguage\":\"es\",\"potentialAction\":[{\"@type\":\"ReadAction\",\"target\":[\"http:\/\/elregionalvm.com.ar\/noticias-villa-maria\/malena-canta-el-tango-como-ninguna\/\"]}]},{\"@type\":\"BreadcrumbList\",\"@id\":\"http:\/\/elregionalvm.com.ar\/noticias-villa-maria\/malena-canta-el-tango-como-ninguna\/#breadcrumb\",\"itemListElement\":[{\"@type\":\"ListItem\",\"position\":1,\"name\":\"Portada\",\"item\":\"https:\/\/elregionalvm.com.ar\/noticias-villa-maria\/\"},{\"@type\":\"ListItem\",\"position\":2,\"name\":\"Malena canta el tango como ninguna\"}]},{\"@type\":\"WebSite\",\"@id\":\"http:\/\/elregionalvm.com.ar\/noticias-villa-maria\/#website\",\"url\":\"http:\/\/elregionalvm.com.ar\/noticias-villa-maria\/\",\"name\":\"El Regional\",\"description\":\"Mucho m\u00e1s que informaci\u00f3n\",\"potentialAction\":[{\"@type\":\"SearchAction\",\"target\":{\"@type\":\"EntryPoint\",\"urlTemplate\":\"http:\/\/elregionalvm.com.ar\/noticias-villa-maria\/?s={search_term_string}\"},\"query-input\":{\"@type\":\"PropertyValueSpecification\",\"valueRequired\":true,\"valueName\":\"search_term_string\"}}],\"inLanguage\":\"es\"},{\"@type\":\"Person\",\"@id\":\"http:\/\/elregionalvm.com.ar\/noticias-villa-maria\/#\/schema\/person\/df5ff3f005acf29788aed9cb359f1193\",\"name\":\"Miguel Andreis\",\"image\":{\"@type\":\"ImageObject\",\"inLanguage\":\"es\",\"@id\":\"http:\/\/elregionalvm.com.ar\/noticias-villa-maria\/#\/schema\/person\/image\/\",\"url\":\"https:\/\/secure.gravatar.com\/avatar\/c643381cd03da38327c6407e6886e7182d881f2ecf94a7902ca262c41f9d8884?s=96&d=mm&r=g\",\"contentUrl\":\"https:\/\/secure.gravatar.com\/avatar\/c643381cd03da38327c6407e6886e7182d881f2ecf94a7902ca262c41f9d8884?s=96&d=mm&r=g\",\"caption\":\"Miguel Andreis\"},\"url\":\"https:\/\/elregionalvm.com.ar\/noticias-villa-maria\/author\/miguelandreis\/\"}]}<\/script>\n<!-- \/ Yoast SEO plugin. -->","yoast_head_json":{"title":"Malena canta el tango como ninguna - El Regional","robots":{"index":"index","follow":"follow","max-snippet":"max-snippet:-1","max-image-preview":"max-image-preview:large","max-video-preview":"max-video-preview:-1"},"canonical":"http:\/\/elregionalvm.com.ar\/noticias-villa-maria\/malena-canta-el-tango-como-ninguna\/","og_locale":"es_ES","og_type":"article","og_title":"Malena canta el tango como ninguna - El Regional","og_url":"http:\/\/elregionalvm.com.ar\/noticias-villa-maria\/malena-canta-el-tango-como-ninguna\/","og_site_name":"El Regional","article_publisher":"https:\/\/www.facebook.com\/elregionalvm","article_published_time":"2020-05-07T23:52:53+00:00","article_modified_time":"2020-06-18T02:16:33+00:00","author":"Miguel Andreis","twitter_card":"summary_large_image","twitter_creator":"@elregionalvm1","twitter_site":"@elregionalvm1","twitter_misc":{"Escrito por":"Miguel Andreis","Tiempo de lectura":"4 minutos"},"schema":{"@context":"https:\/\/schema.org","@graph":[{"@type":"Article","@id":"http:\/\/elregionalvm.com.ar\/noticias-villa-maria\/malena-canta-el-tango-como-ninguna\/#article","isPartOf":{"@id":"http:\/\/elregionalvm.com.ar\/noticias-villa-maria\/malena-canta-el-tango-como-ninguna\/"},"author":{"name":"Miguel Andreis","@id":"http:\/\/elregionalvm.com.ar\/noticias-villa-maria\/#\/schema\/person\/df5ff3f005acf29788aed9cb359f1193"},"headline":"Malena canta el tango como ninguna","datePublished":"2020-05-07T23:52:53+00:00","dateModified":"2020-06-18T02:16:33+00:00","mainEntityOfPage":{"@id":"http:\/\/elregionalvm.com.ar\/noticias-villa-maria\/malena-canta-el-tango-como-ninguna\/"},"wordCount":844,"commentCount":0,"articleSection":["Historias"],"inLanguage":"es","potentialAction":[{"@type":"CommentAction","name":"Comment","target":["http:\/\/elregionalvm.com.ar\/noticias-villa-maria\/malena-canta-el-tango-como-ninguna\/#respond"]}]},{"@type":"WebPage","@id":"http:\/\/elregionalvm.com.ar\/noticias-villa-maria\/malena-canta-el-tango-como-ninguna\/","url":"http:\/\/elregionalvm.com.ar\/noticias-villa-maria\/malena-canta-el-tango-como-ninguna\/","name":"Malena canta el tango como ninguna - El Regional","isPartOf":{"@id":"http:\/\/elregionalvm.com.ar\/noticias-villa-maria\/#website"},"datePublished":"2020-05-07T23:52:53+00:00","dateModified":"2020-06-18T02:16:33+00:00","author":{"@id":"http:\/\/elregionalvm.com.ar\/noticias-villa-maria\/#\/schema\/person\/df5ff3f005acf29788aed9cb359f1193"},"breadcrumb":{"@id":"http:\/\/elregionalvm.com.ar\/noticias-villa-maria\/malena-canta-el-tango-como-ninguna\/#breadcrumb"},"inLanguage":"es","potentialAction":[{"@type":"ReadAction","target":["http:\/\/elregionalvm.com.ar\/noticias-villa-maria\/malena-canta-el-tango-como-ninguna\/"]}]},{"@type":"BreadcrumbList","@id":"http:\/\/elregionalvm.com.ar\/noticias-villa-maria\/malena-canta-el-tango-como-ninguna\/#breadcrumb","itemListElement":[{"@type":"ListItem","position":1,"name":"Portada","item":"https:\/\/elregionalvm.com.ar\/noticias-villa-maria\/"},{"@type":"ListItem","position":2,"name":"Malena canta el tango como ninguna"}]},{"@type":"WebSite","@id":"http:\/\/elregionalvm.com.ar\/noticias-villa-maria\/#website","url":"http:\/\/elregionalvm.com.ar\/noticias-villa-maria\/","name":"El Regional","description":"Mucho m\u00e1s que informaci\u00f3n","potentialAction":[{"@type":"SearchAction","target":{"@type":"EntryPoint","urlTemplate":"http:\/\/elregionalvm.com.ar\/noticias-villa-maria\/?s={search_term_string}"},"query-input":{"@type":"PropertyValueSpecification","valueRequired":true,"valueName":"search_term_string"}}],"inLanguage":"es"},{"@type":"Person","@id":"http:\/\/elregionalvm.com.ar\/noticias-villa-maria\/#\/schema\/person\/df5ff3f005acf29788aed9cb359f1193","name":"Miguel Andreis","image":{"@type":"ImageObject","inLanguage":"es","@id":"http:\/\/elregionalvm.com.ar\/noticias-villa-maria\/#\/schema\/person\/image\/","url":"https:\/\/secure.gravatar.com\/avatar\/c643381cd03da38327c6407e6886e7182d881f2ecf94a7902ca262c41f9d8884?s=96&d=mm&r=g","contentUrl":"https:\/\/secure.gravatar.com\/avatar\/c643381cd03da38327c6407e6886e7182d881f2ecf94a7902ca262c41f9d8884?s=96&d=mm&r=g","caption":"Miguel Andreis"},"url":"https:\/\/elregionalvm.com.ar\/noticias-villa-maria\/author\/miguelandreis\/"}]}},"jetpack_featured_media_url":"","jetpack_sharing_enabled":true,"_links":{"self":[{"href":"https:\/\/elregionalvm.com.ar\/noticias-villa-maria\/wp-json\/wp\/v2\/posts\/17741","targetHints":{"allow":["GET"]}}],"collection":[{"href":"https:\/\/elregionalvm.com.ar\/noticias-villa-maria\/wp-json\/wp\/v2\/posts"}],"about":[{"href":"https:\/\/elregionalvm.com.ar\/noticias-villa-maria\/wp-json\/wp\/v2\/types\/post"}],"author":[{"embeddable":true,"href":"https:\/\/elregionalvm.com.ar\/noticias-villa-maria\/wp-json\/wp\/v2\/users\/5"}],"replies":[{"embeddable":true,"href":"https:\/\/elregionalvm.com.ar\/noticias-villa-maria\/wp-json\/wp\/v2\/comments?post=17741"}],"version-history":[{"count":1,"href":"https:\/\/elregionalvm.com.ar\/noticias-villa-maria\/wp-json\/wp\/v2\/posts\/17741\/revisions"}],"predecessor-version":[{"id":18196,"href":"https:\/\/elregionalvm.com.ar\/noticias-villa-maria\/wp-json\/wp\/v2\/posts\/17741\/revisions\/18196"}],"wp:attachment":[{"href":"https:\/\/elregionalvm.com.ar\/noticias-villa-maria\/wp-json\/wp\/v2\/media?parent=17741"}],"wp:term":[{"taxonomy":"category","embeddable":true,"href":"https:\/\/elregionalvm.com.ar\/noticias-villa-maria\/wp-json\/wp\/v2\/categories?post=17741"},{"taxonomy":"post_tag","embeddable":true,"href":"https:\/\/elregionalvm.com.ar\/noticias-villa-maria\/wp-json\/wp\/v2\/tags?post=17741"}],"curies":[{"name":"wp","href":"https:\/\/api.w.org\/{rel}","templated":true}]}}