{"id":17742,"date":"2020-05-08T02:02:21","date_gmt":"2020-05-08T02:02:21","guid":{"rendered":"http:\/\/www.elregionalvm.com.ar\/?p=15738"},"modified":"2020-06-16T19:09:16","modified_gmt":"2020-06-16T19:09:16","slug":"lo-que-vendria-detras-de-la-cuarentena","status":"publish","type":"post","link":"https:\/\/elregionalvm.com.ar\/noticias-villa-maria\/lo-que-vendria-detras-de-la-cuarentena\/","title":{"rendered":"\u00a1\u00a1 Lo que vendr\u00eda detr\u00e1s de la cuarentena!!"},"content":{"rendered":"\n\t\t\t\t<![CDATA[\n<p>Camino a la ceguera masiva<\/p>\n\n\n<p><strong>Escribe:\nMiguel Andreis<\/strong><\/p>\n\n\n<p>La frase, se dice, es tan vieja como el pa\u00eds: \u201cSiempre hay\nque andar con los zapatos lustrados, aunque los pantalones est\u00e9n rotos, dan una\npresencia distinta\u201d. M\u00e1s cerca en el tiempo cobra vigencia otra expresi\u00f3n: \u201cAs\u00ed\nel auto est\u00e9 sucio, limpi\u00e1le los vidrios, todos miramos hac\u00eda all\u00ed porque nos\ninteresa saber qui\u00e9n viaja adentro\u201d. Somos una sociedad de apariencias, aunque\nla desechamos y la imitamos a la vez&#8230; <\/p>\n\n\n<p>A\u00fan caminando hacia ninguna parte, estamos transitando hacia\nalg\u00fan lado, posiblemente ese alg\u00fan lado, sea mucho peor que la \u201cposta\u201d, donde\npor el momento estamos parados y solo se ve el desierto.<\/p>\n\n\n<p>En un momento el General Julio A. Roca se perdi\u00f3 con su\ntropa en medio del desierto. Uno de sus cuatro gu\u00edas, ya viejo, comenz\u00f3 a\ndesvariar. \u00c9l, como conductor ten\u00eda la obligaci\u00f3n de aparentar que todo estaba\nen orden. En su interior sab\u00edan que iban hacia territorio del cacique Mariano\nRozas y sus chuzas bravas. Llam\u00f3 aparte a Ludovico Carbonillas \u2013su baqueano\npreferido e interpel\u00f3-. El hombre no estaba en sus cabales. Pens\u00f3 en qui\u00e9n de\nsus otros tres gu\u00edas pod\u00eda convertirse en el responsable del camino a seguir.\nEl viento y el fr\u00edo se volv\u00edan tan riesgosos como los \u201ccrenchudos\u201d. Algo hab\u00eda\ncambiado en la topograf\u00eda, m\u00e9danos que tapaban \u00e1rboles, y postas que no\naparec\u00edan. Los tres expertos dudaron. Solo uno intent\u00f3 aparentar que conoc\u00eda el\nlugar d\u00f3nde estaban. Fue \u00e9l, quien comenz\u00f3 a galopar al lado del comandante.\nRoca sab\u00eda que unos a\u00f1os antes a Alsina le hab\u00eda pasado algo similar y que\ntermin\u00f3 cost\u00e1ndole varias vidas. \u00bfQu\u00e9 hacer?<\/p>\n\n\n<p>El ahora referente, Ram\u00f3n Pedernera, mulato criado en el\nsur bonaerense, ten\u00eda unos cuarenta a\u00f1os, era bajo y locuaz. Precisamente esa\ncondici\u00f3n \u2013 la de locuaz- le preocupaba a Roca. Dos d\u00edas despu\u00e9s divisaron dos\nindios \u201cbomberos\u201d. Los alaridos les llegaron de golpe. Combatieron a pleno sol.\nSi bien salieron victoriosos, tuvieron una veintena de soldados de baja.<\/p>\n\n\n<p>La idea original del militar era pasar por un territorio\nalejado de los caciquejos.<\/p>\n\n\n<p>Muy molesto llam\u00f3 a Pedernera para reprenderlo. \u00bf\u00a1No me\ndijo usted que sab\u00eda ad\u00f3nde \u00edbamos!? \u00bf\u00a1Tiene idea del costo en vidas que\ntuvimos!?<\/p>\n\n\n<p>El baqueano sin levantar la vista respondi\u00f3: \u201cmi\ncomandante, en apariencia \u00edbamos por el camino correcto. Usted podr\u00eda haber\noptado tambi\u00e9n por el de los otros gu\u00edas\u2026\u201d<\/p>\n\n\n<p>Pedernera ten\u00eda raz\u00f3n, si alguien se deja guiar por las\napariencias, sabiendo que es solo eso, apariencias, la responsabilidad pasa a\nser compartida, porque se ve solamente lo que se quiere\u2026\u201d<\/p>\n\n\n<p><strong>Nuestro pa\u00eds es un enorme muestrario <\/strong><\/p>\n\n\n<p><strong>de apariencias y con postas imaginarias<\/strong><\/p>\n\n\n<p>Creer que el presidente Alberto Fern\u00e1ndez es el hermano\nmenor de Satan\u00e1s, no es otra cosa que intentar ver con los ojos llenos de\narena. Pedernera ve\u00eda lo que Roca le permit\u00eda ver.&nbsp; <\/p>\n\n\n<p>Poco se sabe de la reciente reuni\u00f3n en Olivos con CFK. Lo\ntrascendido es irrelevante. Lo que quiz\u00e1s o, seguramente, no lo sea, es sobre que\ndialogaron. Ambos saben que la m\u00e1s cruda realidad llegar\u00e1 una vez que finalice\nla \u201cCuarentena\u201d. No pocos sospechan que se quedar\u00edan vivir con ella. Lo\nmatem\u00e1tica de los muertos desnudaron una realidad que desfiguraron de un\nprincipio. La sobre exacerbaci\u00f3n en una pandemia riesgosa, pero lejos de la\nhipot\u00e9tica mortalidad que nos prometieron. Afortunadamente no fue como nos\ncontaron con anticipaci\u00f3n. Claro que igualmente se confin\u00f3 a una poblaci\u00f3n con\nel mismo grado de estado de sitio. Impusieron el temor y la obediencia debida,\ncomo si se tratar\u00e1 de los pecados capitales con los que las religiones someten\na lo pueblos.&nbsp; Ahora vendr\u00e1 la\nradiograf\u00eda de una econom\u00eda comatosa y sus graves consecuencias. Pocos, muy\npocos saldremos ilesos \u00bfCu\u00e1ntos cientos de miles se sumar\u00e1n a los millones de\ndesocupados? \u00bfCu\u00e1ntos negocios ya no volver\u00e1n abrir sus puertas? Nada de eso\nser\u00e1 gratuito. Lo sospechado, en car\u00e1cter de estrategia por el mismo gobierno,\ndan cuenta podr\u00eda verse en las pr\u00f3ximas semanas o meses. <\/p>\n\n\n<p>&nbsp;&nbsp;Alfiles o caballos, nunca peones. Importantes,\npero no fundamentales.<\/p>\n\n\n<p>CFK y su s\u00e9quito con apetito de poder de un obeso insaciable\nvan manoteando todo lo que encuentran a su paso. Cargos p\u00fablicos y parcelas de\npoder. Dulce o salado les viene bien. Tal vez presuman que no es demasiado el\ntiempo que les queda al beso de las buenas noches que se dan con Alberto. Nadie\nsabr\u00e1, por el momento, si sue\u00f1an con la misma sinton\u00eda. Hay actos del primer\nmandatario que llevan a sospechar que van por la misma senda y otros, que ella\nya no se conforma con la vicepresidencia. Quiere el trono. La impunidad de\nellas y sus fuerzas ya la logr\u00f3. Normativiz\u00f3 la corrupci\u00f3n.<\/p>\n\n\n<p>Ni el extrav\u00edo logra aunar criterios<\/p>\n\n\n<p>Sigue habiendo opositores, no oposici\u00f3n. Muchos \u201cbaqueanos\u201d\nque no acuerdan en el mismo camino y una ciudadan\u00eda vac\u00eda de voces que los\ngu\u00eden. &nbsp;Aparentan que no hay\ndesesperaci\u00f3n, pero en su intimidad saben que la desesperaci\u00f3n est\u00e1. \u00bfC\u00f3mo\nllegar a la posta que pretenden? <\/p>\n\n\n<p>Da la impresi\u00f3n que el caballo del poder se ha desbocado y\nla \u201ccautiva\u201d puede cabalgar parada. Tambi\u00e9n sabe ella, que el gran costo, del\nbombardeo ap\u00f3crifo que cay\u00f3 sobre el pa\u00eds, lo deber\u00e1 pagar su socio Alberto. En\nsus manos tiene los \u00faltimos sondeos de opini\u00f3n. As\u00ed como creci\u00f3 su imagen\npresidencial con el inicio de la pandemia, se le fue derrumbando cuando la\noscuridad de la cuarentena inmovilizaba todo rasgo de productividad. <\/p>\n\n\n<p>El cacique ya no cuenta con las prebendas a granel que pod\u00eda\nrepartir (aguardiente, sal, charqui, y tambi\u00e9n mujeres para los m\u00e1s\nsublevados). Se les acortan los tiempos de las apariencias. Van perdiendo\nlanzas en la huida hacia adelante. A\u00fan a los trancos, desconociendo el\nhorizonte, se transita en la b\u00fasqueda de algo. Huir siempre es algo, claro que\nm\u00e1s digno que huir es dar batalla\u2026<\/p>\n\n\n<p>&#8212;&#8212;&#8212;&#8212;-<\/p>\n\n\n<p>Roca hizo armar su carpa de campa\u00f1a y sac\u00f3 un banco de\nmadera que llevaba expresamente con la intenci\u00f3n de observar el firmamento. La\nCruz del Sur; Las Tres Mar\u00edas; Centauro, era el mismo cielo \u201cmeridional\u201d. Por\nm\u00e1s que intent\u00f3 nunca pudo leerlo como los baqueanos. No lo logr\u00f3. Ya era\ntarde.<\/p>\n\n\n<p>&#8212;&#8212;&#8212;&#8212;<\/p>\n\n\n<p>Curiosamente ya nadie habla de urnas. El temor que subyace\nes que caciquejos del poder vayan por la construcci\u00f3n de un nuevo pa\u00eds, con\notros paradigmas, para lo que, deber\u00e1n romper todo atisbo de democracia, de\nconstitucionalidad, parecer\u00edan que van por la suma de los poderes p\u00fablicos, el\nsilencio de los divergentes y varios etc. Varios de esos objetivos ya lo\nlograron, pero lo m\u00e1s profundo es como van desnudando su inexistente apego por\nel republicanismo. Para eso se han lustrado los zapatos e intentan que los\nvidrios no tengan barro. A\u00fan precisan que los vean. Esp\u00edan el s\u00f3tano y descubren\nque las provisiones ya no llenan las estanter\u00edas como en otros tiempos.\nComenzar\u00e1 a escasear el aguardiente, la sal y el charque. No les ser\u00e1 f\u00e1cil\nconducir a los lanceros\u2026<\/p>\n\n\n<p><strong>Opositores quieren aparentar que van camino a ser\noposici\u00f3n<\/strong><\/p>\n\n\n<p>Hasta el momento solo aparentan. Ninguno se atreve, por eso\nde las apariencias, a presagiar que el caballo desbocado de la \u201ccautiva\u201d del\ncacique no reviente antes de alcanzar la meta, el dominio de una sociedad\ndesconocida hasta el momento. El animal no tiene riendas. Y galopa hacia la\nnada. Medanales y profundas cortadas est\u00e1n en el camino. Se puede aparentar que\nno hay riesgo alguno. Pero el riesgo est\u00e1. Y es un trance hacia lo desconocido.<\/p>\n\n\n<p>Roca ech\u00f3 de sus filas a Ram\u00f3n Pedernera. Lo conden\u00f3 al m\u00e1s\nindigno de los regresos: sin caballo. Con el tiempo se enter\u00f3 que Pedernera\nhac\u00eda tiempo que estaba casi ciego. Que no lo dijo por temor a que lo\nsepararan. Aquel aparentar le hab\u00eda costado m\u00e1s de 20 vidas y una expedici\u00f3n\nfracasada. Roca debi\u00f3 saberlo antes. Para eso era el comandante\u2026<\/p>\n\n\n<p>Mientras que como sociedad o estructuras pol\u00edticas sigamos\nconvencidos que lo importante son los zapatos lustrados y los vidrios de los\nautos impecables \u2013aunque abajo el barro los apeste- seguir\u00e1n los que pretenden\nuna sociedad, como otras que se vieron en el mundo anteriormente. Quienes\nafirman que de esto no se sale sin una dura confrontaci\u00f3n social, donde todo\nvale, pueden estar equivocados o muy equivocados, claro con que acierten\nsolamente, en una peque\u00f1a parte, descuidar el futuro como ciudadanos, no ser\u00eda\notra cosa que la alegor\u00eda de los extraviados. Tal vez los argentinos tengamos\nque atravesar la met\u00e1fora de Pedernera, dejar que los ciegos nos gu\u00eden.<\/p>\n]]>\t\t","protected":false},"excerpt":{"rendered":"<p>\t\t\t\t<![CDATA[]]>\t\t<\/p>\n","protected":false},"author":5,"featured_media":15739,"comment_status":"open","ping_status":"open","sticky":false,"template":"","format":"standard","meta":{"site-sidebar-layout":"default","site-content-layout":"","ast-site-content-layout":"default","site-content-style":"default","site-sidebar-style":"default","ast-global-header-display":"","ast-banner-title-visibility":"","ast-main-header-display":"","ast-hfb-above-header-display":"","ast-hfb-below-header-display":"","ast-hfb-mobile-header-display":"","site-post-title":"","ast-breadcrumbs-content":"","ast-featured-img":"","footer-sml-layout":"","ast-disable-related-posts":"","theme-transparent-header-meta":"","adv-header-id-meta":"","stick-header-meta":"","header-above-stick-meta":"","header-main-stick-meta":"","header-below-stick-meta":"","astra-migrate-meta-layouts":"default","ast-page-background-enabled":"default","ast-page-background-meta":{"desktop":{"background-color":"","background-image":"","background-repeat":"repeat","background-position":"center center","background-size":"auto","background-attachment":"scroll","background-type":"","background-media":"","overlay-type":"","overlay-color":"","overlay-opacity":"","overlay-gradient":""},"tablet":{"background-color":"","background-image":"","background-repeat":"repeat","background-position":"center center","background-size":"auto","background-attachment":"scroll","background-type":"","background-media":"","overlay-type":"","overlay-color":"","overlay-opacity":"","overlay-gradient":""},"mobile":{"background-color":"","background-image":"","background-repeat":"repeat","background-position":"center center","background-size":"auto","background-attachment":"scroll","background-type":"","background-media":"","overlay-type":"","overlay-color":"","overlay-opacity":"","overlay-gradient":""}},"ast-content-background-meta":{"desktop":{"background-color":"var(--ast-global-color-5)","background-image":"","background-repeat":"repeat","background-position":"center center","background-size":"auto","background-attachment":"scroll","background-type":"","background-media":"","overlay-type":"","overlay-color":"","overlay-opacity":"","overlay-gradient":""},"tablet":{"background-color":"var(--ast-global-color-5)","background-image":"","background-repeat":"repeat","background-position":"center center","background-size":"auto","background-attachment":"scroll","background-type":"","background-media":"","overlay-type":"","overlay-color":"","overlay-opacity":"","overlay-gradient":""},"mobile":{"background-color":"var(--ast-global-color-5)","background-image":"","background-repeat":"repeat","background-position":"center center","background-size":"auto","background-attachment":"scroll","background-type":"","background-media":"","overlay-type":"","overlay-color":"","overlay-opacity":"","overlay-gradient":""}},"_jetpack_memberships_contains_paid_content":false,"_joinchat":[],"footnotes":""},"categories":[365],"tags":[],"class_list":["post-17742","post","type-post","status-publish","format-standard","has-post-thumbnail","hentry","category-opinion"],"yoast_head":"<!-- This site is optimized with the Yoast SEO plugin v26.8 - https:\/\/yoast.com\/product\/yoast-seo-wordpress\/ -->\n<title>\u00a1\u00a1 Lo que vendr\u00eda detr\u00e1s de la cuarentena!! - El Regional<\/title>\n<meta name=\"robots\" content=\"index, follow, max-snippet:-1, max-image-preview:large, max-video-preview:-1\" \/>\n<link rel=\"canonical\" href=\"http:\/\/elregionalvm.com.ar\/noticias-villa-maria\/lo-que-vendria-detras-de-la-cuarentena\/\" \/>\n<meta property=\"og:locale\" content=\"es_ES\" \/>\n<meta property=\"og:type\" content=\"article\" \/>\n<meta property=\"og:title\" content=\"\u00a1\u00a1 Lo que vendr\u00eda detr\u00e1s de la cuarentena!! - El Regional\" \/>\n<meta property=\"og:url\" content=\"http:\/\/elregionalvm.com.ar\/noticias-villa-maria\/lo-que-vendria-detras-de-la-cuarentena\/\" \/>\n<meta property=\"og:site_name\" content=\"El Regional\" \/>\n<meta property=\"article:publisher\" content=\"https:\/\/www.facebook.com\/elregionalvm\" \/>\n<meta property=\"article:published_time\" content=\"2020-05-08T02:02:21+00:00\" \/>\n<meta property=\"article:modified_time\" content=\"2020-06-16T19:09:16+00:00\" \/>\n<meta name=\"author\" content=\"Miguel Andreis\" \/>\n<meta name=\"twitter:card\" content=\"summary_large_image\" \/>\n<meta name=\"twitter:creator\" content=\"@elregionalvm1\" \/>\n<meta name=\"twitter:site\" content=\"@elregionalvm1\" \/>\n<meta name=\"twitter:label1\" content=\"Escrito por\" \/>\n\t<meta name=\"twitter:data1\" content=\"Miguel Andreis\" \/>\n\t<meta name=\"twitter:label2\" content=\"Tiempo de lectura\" \/>\n\t<meta name=\"twitter:data2\" content=\"8 minutos\" \/>\n<script type=\"application\/ld+json\" class=\"yoast-schema-graph\">{\"@context\":\"https:\/\/schema.org\",\"@graph\":[{\"@type\":\"Article\",\"@id\":\"http:\/\/elregionalvm.com.ar\/noticias-villa-maria\/lo-que-vendria-detras-de-la-cuarentena\/#article\",\"isPartOf\":{\"@id\":\"http:\/\/elregionalvm.com.ar\/noticias-villa-maria\/lo-que-vendria-detras-de-la-cuarentena\/\"},\"author\":{\"name\":\"Miguel Andreis\",\"@id\":\"http:\/\/elregionalvm.com.ar\/noticias-villa-maria\/#\/schema\/person\/df5ff3f005acf29788aed9cb359f1193\"},\"headline\":\"\u00a1\u00a1 Lo que vendr\u00eda detr\u00e1s de la cuarentena!!\",\"datePublished\":\"2020-05-08T02:02:21+00:00\",\"dateModified\":\"2020-06-16T19:09:16+00:00\",\"mainEntityOfPage\":{\"@id\":\"http:\/\/elregionalvm.com.ar\/noticias-villa-maria\/lo-que-vendria-detras-de-la-cuarentena\/\"},\"wordCount\":1539,\"commentCount\":0,\"image\":{\"@id\":\"http:\/\/elregionalvm.com.ar\/noticias-villa-maria\/lo-que-vendria-detras-de-la-cuarentena\/#primaryimage\"},\"thumbnailUrl\":\"\",\"articleSection\":[\"Opini\u00f3n\"],\"inLanguage\":\"es\",\"potentialAction\":[{\"@type\":\"CommentAction\",\"name\":\"Comment\",\"target\":[\"http:\/\/elregionalvm.com.ar\/noticias-villa-maria\/lo-que-vendria-detras-de-la-cuarentena\/#respond\"]}]},{\"@type\":\"WebPage\",\"@id\":\"http:\/\/elregionalvm.com.ar\/noticias-villa-maria\/lo-que-vendria-detras-de-la-cuarentena\/\",\"url\":\"http:\/\/elregionalvm.com.ar\/noticias-villa-maria\/lo-que-vendria-detras-de-la-cuarentena\/\",\"name\":\"\u00a1\u00a1 Lo que vendr\u00eda detr\u00e1s de la cuarentena!! - El Regional\",\"isPartOf\":{\"@id\":\"http:\/\/elregionalvm.com.ar\/noticias-villa-maria\/#website\"},\"primaryImageOfPage\":{\"@id\":\"http:\/\/elregionalvm.com.ar\/noticias-villa-maria\/lo-que-vendria-detras-de-la-cuarentena\/#primaryimage\"},\"image\":{\"@id\":\"http:\/\/elregionalvm.com.ar\/noticias-villa-maria\/lo-que-vendria-detras-de-la-cuarentena\/#primaryimage\"},\"thumbnailUrl\":\"\",\"datePublished\":\"2020-05-08T02:02:21+00:00\",\"dateModified\":\"2020-06-16T19:09:16+00:00\",\"author\":{\"@id\":\"http:\/\/elregionalvm.com.ar\/noticias-villa-maria\/#\/schema\/person\/df5ff3f005acf29788aed9cb359f1193\"},\"breadcrumb\":{\"@id\":\"http:\/\/elregionalvm.com.ar\/noticias-villa-maria\/lo-que-vendria-detras-de-la-cuarentena\/#breadcrumb\"},\"inLanguage\":\"es\",\"potentialAction\":[{\"@type\":\"ReadAction\",\"target\":[\"http:\/\/elregionalvm.com.ar\/noticias-villa-maria\/lo-que-vendria-detras-de-la-cuarentena\/\"]}]},{\"@type\":\"ImageObject\",\"inLanguage\":\"es\",\"@id\":\"http:\/\/elregionalvm.com.ar\/noticias-villa-maria\/lo-que-vendria-detras-de-la-cuarentena\/#primaryimage\",\"url\":\"\",\"contentUrl\":\"\"},{\"@type\":\"BreadcrumbList\",\"@id\":\"http:\/\/elregionalvm.com.ar\/noticias-villa-maria\/lo-que-vendria-detras-de-la-cuarentena\/#breadcrumb\",\"itemListElement\":[{\"@type\":\"ListItem\",\"position\":1,\"name\":\"Portada\",\"item\":\"https:\/\/elregionalvm.com.ar\/noticias-villa-maria\/\"},{\"@type\":\"ListItem\",\"position\":2,\"name\":\"\u00a1\u00a1 Lo que vendr\u00eda detr\u00e1s de la cuarentena!!\"}]},{\"@type\":\"WebSite\",\"@id\":\"http:\/\/elregionalvm.com.ar\/noticias-villa-maria\/#website\",\"url\":\"http:\/\/elregionalvm.com.ar\/noticias-villa-maria\/\",\"name\":\"El Regional\",\"description\":\"Mucho m\u00e1s que informaci\u00f3n\",\"potentialAction\":[{\"@type\":\"SearchAction\",\"target\":{\"@type\":\"EntryPoint\",\"urlTemplate\":\"http:\/\/elregionalvm.com.ar\/noticias-villa-maria\/?s={search_term_string}\"},\"query-input\":{\"@type\":\"PropertyValueSpecification\",\"valueRequired\":true,\"valueName\":\"search_term_string\"}}],\"inLanguage\":\"es\"},{\"@type\":\"Person\",\"@id\":\"http:\/\/elregionalvm.com.ar\/noticias-villa-maria\/#\/schema\/person\/df5ff3f005acf29788aed9cb359f1193\",\"name\":\"Miguel Andreis\",\"image\":{\"@type\":\"ImageObject\",\"inLanguage\":\"es\",\"@id\":\"http:\/\/elregionalvm.com.ar\/noticias-villa-maria\/#\/schema\/person\/image\/\",\"url\":\"https:\/\/secure.gravatar.com\/avatar\/c643381cd03da38327c6407e6886e7182d881f2ecf94a7902ca262c41f9d8884?s=96&d=mm&r=g\",\"contentUrl\":\"https:\/\/secure.gravatar.com\/avatar\/c643381cd03da38327c6407e6886e7182d881f2ecf94a7902ca262c41f9d8884?s=96&d=mm&r=g\",\"caption\":\"Miguel Andreis\"},\"url\":\"https:\/\/elregionalvm.com.ar\/noticias-villa-maria\/author\/miguelandreis\/\"}]}<\/script>\n<!-- \/ Yoast SEO plugin. -->","yoast_head_json":{"title":"\u00a1\u00a1 Lo que vendr\u00eda detr\u00e1s de la cuarentena!! - El Regional","robots":{"index":"index","follow":"follow","max-snippet":"max-snippet:-1","max-image-preview":"max-image-preview:large","max-video-preview":"max-video-preview:-1"},"canonical":"http:\/\/elregionalvm.com.ar\/noticias-villa-maria\/lo-que-vendria-detras-de-la-cuarentena\/","og_locale":"es_ES","og_type":"article","og_title":"\u00a1\u00a1 Lo que vendr\u00eda detr\u00e1s de la cuarentena!! - El Regional","og_url":"http:\/\/elregionalvm.com.ar\/noticias-villa-maria\/lo-que-vendria-detras-de-la-cuarentena\/","og_site_name":"El Regional","article_publisher":"https:\/\/www.facebook.com\/elregionalvm","article_published_time":"2020-05-08T02:02:21+00:00","article_modified_time":"2020-06-16T19:09:16+00:00","author":"Miguel Andreis","twitter_card":"summary_large_image","twitter_creator":"@elregionalvm1","twitter_site":"@elregionalvm1","twitter_misc":{"Escrito por":"Miguel Andreis","Tiempo de lectura":"8 minutos"},"schema":{"@context":"https:\/\/schema.org","@graph":[{"@type":"Article","@id":"http:\/\/elregionalvm.com.ar\/noticias-villa-maria\/lo-que-vendria-detras-de-la-cuarentena\/#article","isPartOf":{"@id":"http:\/\/elregionalvm.com.ar\/noticias-villa-maria\/lo-que-vendria-detras-de-la-cuarentena\/"},"author":{"name":"Miguel Andreis","@id":"http:\/\/elregionalvm.com.ar\/noticias-villa-maria\/#\/schema\/person\/df5ff3f005acf29788aed9cb359f1193"},"headline":"\u00a1\u00a1 Lo que vendr\u00eda detr\u00e1s de la cuarentena!!","datePublished":"2020-05-08T02:02:21+00:00","dateModified":"2020-06-16T19:09:16+00:00","mainEntityOfPage":{"@id":"http:\/\/elregionalvm.com.ar\/noticias-villa-maria\/lo-que-vendria-detras-de-la-cuarentena\/"},"wordCount":1539,"commentCount":0,"image":{"@id":"http:\/\/elregionalvm.com.ar\/noticias-villa-maria\/lo-que-vendria-detras-de-la-cuarentena\/#primaryimage"},"thumbnailUrl":"","articleSection":["Opini\u00f3n"],"inLanguage":"es","potentialAction":[{"@type":"CommentAction","name":"Comment","target":["http:\/\/elregionalvm.com.ar\/noticias-villa-maria\/lo-que-vendria-detras-de-la-cuarentena\/#respond"]}]},{"@type":"WebPage","@id":"http:\/\/elregionalvm.com.ar\/noticias-villa-maria\/lo-que-vendria-detras-de-la-cuarentena\/","url":"http:\/\/elregionalvm.com.ar\/noticias-villa-maria\/lo-que-vendria-detras-de-la-cuarentena\/","name":"\u00a1\u00a1 Lo que vendr\u00eda detr\u00e1s de la cuarentena!! - El Regional","isPartOf":{"@id":"http:\/\/elregionalvm.com.ar\/noticias-villa-maria\/#website"},"primaryImageOfPage":{"@id":"http:\/\/elregionalvm.com.ar\/noticias-villa-maria\/lo-que-vendria-detras-de-la-cuarentena\/#primaryimage"},"image":{"@id":"http:\/\/elregionalvm.com.ar\/noticias-villa-maria\/lo-que-vendria-detras-de-la-cuarentena\/#primaryimage"},"thumbnailUrl":"","datePublished":"2020-05-08T02:02:21+00:00","dateModified":"2020-06-16T19:09:16+00:00","author":{"@id":"http:\/\/elregionalvm.com.ar\/noticias-villa-maria\/#\/schema\/person\/df5ff3f005acf29788aed9cb359f1193"},"breadcrumb":{"@id":"http:\/\/elregionalvm.com.ar\/noticias-villa-maria\/lo-que-vendria-detras-de-la-cuarentena\/#breadcrumb"},"inLanguage":"es","potentialAction":[{"@type":"ReadAction","target":["http:\/\/elregionalvm.com.ar\/noticias-villa-maria\/lo-que-vendria-detras-de-la-cuarentena\/"]}]},{"@type":"ImageObject","inLanguage":"es","@id":"http:\/\/elregionalvm.com.ar\/noticias-villa-maria\/lo-que-vendria-detras-de-la-cuarentena\/#primaryimage","url":"","contentUrl":""},{"@type":"BreadcrumbList","@id":"http:\/\/elregionalvm.com.ar\/noticias-villa-maria\/lo-que-vendria-detras-de-la-cuarentena\/#breadcrumb","itemListElement":[{"@type":"ListItem","position":1,"name":"Portada","item":"https:\/\/elregionalvm.com.ar\/noticias-villa-maria\/"},{"@type":"ListItem","position":2,"name":"\u00a1\u00a1 Lo que vendr\u00eda detr\u00e1s de la cuarentena!!"}]},{"@type":"WebSite","@id":"http:\/\/elregionalvm.com.ar\/noticias-villa-maria\/#website","url":"http:\/\/elregionalvm.com.ar\/noticias-villa-maria\/","name":"El Regional","description":"Mucho m\u00e1s que informaci\u00f3n","potentialAction":[{"@type":"SearchAction","target":{"@type":"EntryPoint","urlTemplate":"http:\/\/elregionalvm.com.ar\/noticias-villa-maria\/?s={search_term_string}"},"query-input":{"@type":"PropertyValueSpecification","valueRequired":true,"valueName":"search_term_string"}}],"inLanguage":"es"},{"@type":"Person","@id":"http:\/\/elregionalvm.com.ar\/noticias-villa-maria\/#\/schema\/person\/df5ff3f005acf29788aed9cb359f1193","name":"Miguel Andreis","image":{"@type":"ImageObject","inLanguage":"es","@id":"http:\/\/elregionalvm.com.ar\/noticias-villa-maria\/#\/schema\/person\/image\/","url":"https:\/\/secure.gravatar.com\/avatar\/c643381cd03da38327c6407e6886e7182d881f2ecf94a7902ca262c41f9d8884?s=96&d=mm&r=g","contentUrl":"https:\/\/secure.gravatar.com\/avatar\/c643381cd03da38327c6407e6886e7182d881f2ecf94a7902ca262c41f9d8884?s=96&d=mm&r=g","caption":"Miguel Andreis"},"url":"https:\/\/elregionalvm.com.ar\/noticias-villa-maria\/author\/miguelandreis\/"}]}},"jetpack_featured_media_url":"","jetpack_sharing_enabled":true,"_links":{"self":[{"href":"https:\/\/elregionalvm.com.ar\/noticias-villa-maria\/wp-json\/wp\/v2\/posts\/17742","targetHints":{"allow":["GET"]}}],"collection":[{"href":"https:\/\/elregionalvm.com.ar\/noticias-villa-maria\/wp-json\/wp\/v2\/posts"}],"about":[{"href":"https:\/\/elregionalvm.com.ar\/noticias-villa-maria\/wp-json\/wp\/v2\/types\/post"}],"author":[{"embeddable":true,"href":"https:\/\/elregionalvm.com.ar\/noticias-villa-maria\/wp-json\/wp\/v2\/users\/5"}],"replies":[{"embeddable":true,"href":"https:\/\/elregionalvm.com.ar\/noticias-villa-maria\/wp-json\/wp\/v2\/comments?post=17742"}],"version-history":[{"count":1,"href":"https:\/\/elregionalvm.com.ar\/noticias-villa-maria\/wp-json\/wp\/v2\/posts\/17742\/revisions"}],"predecessor-version":[{"id":18128,"href":"https:\/\/elregionalvm.com.ar\/noticias-villa-maria\/wp-json\/wp\/v2\/posts\/17742\/revisions\/18128"}],"wp:featuredmedia":[{"embeddable":true,"href":"https:\/\/elregionalvm.com.ar\/noticias-villa-maria\/wp-json\/"}],"wp:attachment":[{"href":"https:\/\/elregionalvm.com.ar\/noticias-villa-maria\/wp-json\/wp\/v2\/media?parent=17742"}],"wp:term":[{"taxonomy":"category","embeddable":true,"href":"https:\/\/elregionalvm.com.ar\/noticias-villa-maria\/wp-json\/wp\/v2\/categories?post=17742"},{"taxonomy":"post_tag","embeddable":true,"href":"https:\/\/elregionalvm.com.ar\/noticias-villa-maria\/wp-json\/wp\/v2\/tags?post=17742"}],"curies":[{"name":"wp","href":"https:\/\/api.w.org\/{rel}","templated":true}]}}