{"id":17744,"date":"2020-05-08T02:43:36","date_gmt":"2020-05-08T02:43:36","guid":{"rendered":"http:\/\/www.elregionalvm.com.ar\/?p=15749"},"modified":"2020-06-18T11:59:59","modified_gmt":"2020-06-18T11:59:59","slug":"villa-nueva-que-dice-la-carta-organica-sobre-infracciones-privadas-de-funcionarios","status":"publish","type":"post","link":"https:\/\/elregionalvm.com.ar\/noticias-villa-maria\/villa-nueva-que-dice-la-carta-organica-sobre-infracciones-privadas-de-funcionarios\/","title":{"rendered":"Villa Nueva: \u00bfQu\u00e9 dice la Carta Org\u00e1nica  sobre infracciones privadas de funcionarios?"},"content":{"rendered":"<p><!--[CDATA[\n<\/p--><\/p>\n\n\n<p style=\"background-color:#fbd429\" class=\"has-background\"><strong>El caso de la tribuno de Cuentas<\/strong><\/p>\n\n\n\n<p><strong>Nada. La Carta Org\u00e1nica de Villa Nueva habla de juicio\npol\u00edtico al funcionario que cometa \u201cirregularidad en el desempe\u00f1o de sus funciones\no negligencias\u201d. La violaci\u00f3n a la cuarentena, el incumplimiento del decreto\npresidencial 297\/20, es una infracci\u00f3n que se aplica a todas las personas, no\npor ser funcionario p\u00fablico sino por su condici\u00f3n de habitante de la naci\u00f3n. <\/strong><\/p>\n\n\n\n<p><strong>Escribe:\nCarolina Durand<\/strong><\/p>\n\n\n\n<p class=\"has-drop-cap\">Abril\ntermin\u00f3 convulsionado en Villa Nueva y mayo lo empez\u00f3 a\u00fan m\u00e1s. Pero este\npanorama no fue por la pandemia de COVID-19 que atraves\u00f3 al planeta casi en su\ntotalidad y que hasta el momento en Argentina deja 5.000 infectados: o por los casi 3 mil\nconfirmados de&nbsp;<em>dengue<\/em>,\no los 158 casos de sarampi\u00f3n. No. Sino por la grieta generada en las\nredes, donde los propios vecinos, han esgrimido un ataque y contraataque de\nexpresiones violentas y faltas de respeto innumerables.<\/p>\n\n\n\n<p>Donde\nlos trolls est\u00e1n a la orden del d\u00eda y la misma sociedad vomita su desacuerdo de\nbandera pol\u00edtica, en defensa de funcionarios que, en muchas ocasiones, solo\nvisualizan mediante un espacio en Facebook. &nbsp;&nbsp;<\/p>\n\n\n\n<p><strong>Reporte policial<\/strong><\/p>\n\n\n\n<p style=\"font-size:-1px\">La\nsemana pasada, algunos portales digitales se hicieron eco de una noticia que\npuso en el ojo de la tormenta al tribuno de Cuentas del oficialismo,&nbsp;<strong>Romina Libeccio (foto). El cuestionamiento a la\nfuncionaria fue por haber estado en reuni\u00f3n de amigos y guitarreada, en\ninmediaciones de un reconocido comercio de la ciudad, incumpliendo la medida de\naislamiento social obligatorio. Sin embargo, no hay declaraciones, de los\ndue\u00f1os del lugar, si el hecho ocurri\u00f3 en sus instalaciones. <\/strong><strong><\/strong><\/p>\n\n\n\n<p><strong>En principio fue el reporte policial el\nque cit\u00f3 la direcci\u00f3n e inform\u00f3 la realizaci\u00f3n de \u201cuna fiesta privada con consumo\nde alcohol, alrededor de las 4 de la ma\u00f1ana, identificando a cuatro mujeres de\n34, 38, 41 y 44 a\u00f1os y siete hombres de 30, 37, 38, 39, 40 41 y 47 a\u00f1os,\ninici\u00e1ndose actuaciones por el art\u00edculo 205 del C.P. con conocimiento e\nintervenci\u00f3n de la Fiscal\u00eda de turno\u201d.<\/strong><strong><\/strong><\/p>\n\n\n\n<p><strong>La tribuno de Cuentas hizo silencio ante\nla comunidad por su comportamiento, pero puertas adentro habr\u00eda mantenido la\ncorrespondiente reuni\u00f3n con el intendente Natalio Graglia por su accionar, el\ncual queda a conciencia propia por haber violado el decreto. <\/strong><strong><\/strong><\/p>\n\n\n\n<p><strong>\u00bfCorresponde juicio pol\u00edtico?<\/strong><strong><\/strong><\/p>\n\n\n\n<p><strong>Desde las redes sociales de los\nvillanovenses se viralizaron miles de interrogantes al intendente y al\nmunicipio respecto a la contemplaci\u00f3n de \u201cecharla\u201d. En este contexto, vale\npreguntarse.<\/strong><strong><\/strong><\/p>\n\n\n\n<p><strong>\u00bfSomos honestos con este pedido? \u00bfEstamos\nlimpios de haber violado la cuarentena para pedir \u201cla cabeza de la\nfuncionaria\u201d? Algunos afirman que s\u00ed, ya que el reclamo a que sea despedida no\nha cesado ni un solo d\u00eda desde que se conoci\u00f3 el hecho.<\/strong><strong><\/strong><\/p>\n\n\n\n<p><strong>\u00bfTiene el Ejecutivo el poder, las\nherramientas y la decisi\u00f3n de relevar del cargo a la Tribuna de cuentas? No. Solo\npuede hacerse mediante un juicio pol\u00edtico, que el deliberativo deber\u00e1 llevar a\ncabo, si hubiera recibido por parte de concejales o dem\u00e1s tribunos, el pedido\ndel mismo. &nbsp;<\/strong><strong><\/strong><\/p>\n\n\n\n<p><strong>La <\/strong>Carta Org\u00e1nica municipal, describe en su <em>T\u00edtulo V, cap\u00edtulo II, <\/em>Art. 89: \u201cEl Intendente, los Concejales, miembros del Tribunal de Cuentas, Secretarios, Asesor Letrado, Juez de Faltas y Defensor del Pueblo, podr\u00e1n ser denunciados ante el Concejo Deliberante en cualquier tipo de sesi\u00f3n y momento de sus mandatos, por uno o m\u00e1s de sus miembros por ineptitud, seria irregularidad en el desempe\u00f1o de sus funciones o negligencias\u201d. <\/p>\n\n\n\n<p>Las\n\u00faltimas palabras del art\u00edculo responden el interrogante de fondo. El juicio\npol\u00edtico, solo podr\u00eda pedirse y llevarse a cabo, si Libeccio hubiese incumplido\nen su desempe\u00f1o como tribuna. Desobedecer el aislamiento social, responde a un\njuicio moral propio y no a su calidad de funcionaria. El incumplimiento que la\ncondena es el mismo que le corresponde a un vecino cualquiera. &nbsp;<\/p>\n\n\n\n<p>Fuentes\ncercanas al Concejo Deliberante, aseveraron que no hubo denuncia por parte de\nfuncionarios oficialistas ni radicales. El motivo legal ser\u00eda porque no\ncorresponde elevar el pedido, por no ser \u201cen cumplimiento de su funci\u00f3n como\ntribuna\u201d que incumpli\u00f3 el decreto. <\/p>\n\n\n<p>]]&gt;<\/p>","protected":false},"excerpt":{"rendered":"<p>El caso de la tribuno de Cuentas Nada. La Carta Org\u00e1nica de Villa Nueva habla de juicio pol\u00edtico al funcionario que cometa \u201cirregularidad en el desempe\u00f1o de sus funciones o negligencias\u201d. La violaci\u00f3n a la cuarentena, el incumplimiento del decreto presidencial 297\/20, es una infracci\u00f3n que se aplica a todas las personas, no por ser [&hellip;]<\/p>\n","protected":false},"author":6,"featured_media":18311,"comment_status":"open","ping_status":"open","sticky":false,"template":"","format":"standard","meta":{"site-sidebar-layout":"default","site-content-layout":"default","ast-site-content-layout":"default","site-content-style":"default","site-sidebar-style":"default","ast-global-header-display":"","ast-banner-title-visibility":"","ast-main-header-display":"","ast-hfb-above-header-display":"","ast-hfb-below-header-display":"","ast-hfb-mobile-header-display":"","site-post-title":"","ast-breadcrumbs-content":"","ast-featured-img":"","footer-sml-layout":"","ast-disable-related-posts":"","theme-transparent-header-meta":"default","adv-header-id-meta":"","stick-header-meta":"","header-above-stick-meta":"","header-main-stick-meta":"","header-below-stick-meta":"","astra-migrate-meta-layouts":"default","ast-page-background-enabled":"default","ast-page-background-meta":{"desktop":{"background-color":"","background-image":"","background-repeat":"repeat","background-position":"center center","background-size":"auto","background-attachment":"scroll","background-type":"","background-media":"","overlay-type":"","overlay-color":"","overlay-opacity":"","overlay-gradient":""},"tablet":{"background-color":"","background-image":"","background-repeat":"repeat","background-position":"center center","background-size":"auto","background-attachment":"scroll","background-type":"","background-media":"","overlay-type":"","overlay-color":"","overlay-opacity":"","overlay-gradient":""},"mobile":{"background-color":"","background-image":"","background-repeat":"repeat","background-position":"center center","background-size":"auto","background-attachment":"scroll","background-type":"","background-media":"","overlay-type":"","overlay-color":"","overlay-opacity":"","overlay-gradient":""}},"ast-content-background-meta":{"desktop":{"background-color":"var(--ast-global-color-5)","background-image":"","background-repeat":"repeat","background-position":"center center","background-size":"auto","background-attachment":"scroll","background-type":"","background-media":"","overlay-type":"","overlay-color":"","overlay-opacity":"","overlay-gradient":""},"tablet":{"background-color":"var(--ast-global-color-5)","background-image":"","background-repeat":"repeat","background-position":"center center","background-size":"auto","background-attachment":"scroll","background-type":"","background-media":"","overlay-type":"","overlay-color":"","overlay-opacity":"","overlay-gradient":""},"mobile":{"background-color":"var(--ast-global-color-5)","background-image":"","background-repeat":"repeat","background-position":"center center","background-size":"auto","background-attachment":"scroll","background-type":"","background-media":"","overlay-type":"","overlay-color":"","overlay-opacity":"","overlay-gradient":""}},"_jetpack_memberships_contains_paid_content":false,"_joinchat":[],"footnotes":""},"categories":[1408],"tags":[1961,1997,2035,553,2144,2145,2146,232],"class_list":["post-17744","post","type-post","status-publish","format-standard","has-post-thumbnail","hentry","category-villa-nueva","tag-carta-organica","tag-coronavirus","tag-cuarentena","tag-funcionarios","tag-guitarreada","tag-infraccion","tag-tribunal-de-cuentas","tag-villa-nueva"],"yoast_head":"<!-- This site is optimized with the Yoast SEO plugin v26.8 - https:\/\/yoast.com\/product\/yoast-seo-wordpress\/ -->\n<title>Villa Nueva: \u00bfQu\u00e9 dice la Carta Org\u00e1nica sobre infracciones privadas de funcionarios? - El Regional<\/title>\n<meta name=\"robots\" content=\"index, follow, max-snippet:-1, max-image-preview:large, max-video-preview:-1\" \/>\n<link rel=\"canonical\" href=\"http:\/\/elregionalvm.com.ar\/noticias-villa-maria\/villa-nueva-que-dice-la-carta-organica-sobre-infracciones-privadas-de-funcionarios\/\" \/>\n<meta property=\"og:locale\" content=\"es_ES\" \/>\n<meta property=\"og:type\" content=\"article\" \/>\n<meta property=\"og:title\" content=\"Villa Nueva: \u00bfQu\u00e9 dice la Carta Org\u00e1nica sobre infracciones privadas de funcionarios? - El Regional\" \/>\n<meta property=\"og:description\" content=\"El caso de la tribuno de Cuentas Nada. La Carta Org\u00e1nica de Villa Nueva habla de juicio pol\u00edtico al funcionario que cometa \u201cirregularidad en el desempe\u00f1o de sus funciones o negligencias\u201d. La violaci\u00f3n a la cuarentena, el incumplimiento del decreto presidencial 297\/20, es una infracci\u00f3n que se aplica a todas las personas, no por ser [&hellip;]\" \/>\n<meta property=\"og:url\" content=\"http:\/\/elregionalvm.com.ar\/noticias-villa-maria\/villa-nueva-que-dice-la-carta-organica-sobre-infracciones-privadas-de-funcionarios\/\" \/>\n<meta property=\"og:site_name\" content=\"El Regional\" \/>\n<meta property=\"article:publisher\" content=\"https:\/\/www.facebook.com\/elregionalvm\" \/>\n<meta property=\"article:published_time\" content=\"2020-05-08T02:43:36+00:00\" \/>\n<meta property=\"article:modified_time\" content=\"2020-06-18T11:59:59+00:00\" \/>\n<meta property=\"og:image\" content=\"http:\/\/elregionalvm.com.ar\/noticias-villa-maria\/wp-content\/uploads\/2020\/05\/libeccio.jpg\" \/>\n\t<meta property=\"og:image:width\" content=\"504\" \/>\n\t<meta property=\"og:image:height\" content=\"469\" \/>\n\t<meta property=\"og:image:type\" content=\"image\/jpeg\" \/>\n<meta name=\"author\" content=\"Germ\u00e1n Giacchero\" \/>\n<meta name=\"twitter:card\" content=\"summary_large_image\" \/>\n<meta name=\"twitter:creator\" content=\"@elregionalvm1\" \/>\n<meta name=\"twitter:site\" content=\"@elregionalvm1\" \/>\n<meta name=\"twitter:label1\" content=\"Escrito por\" \/>\n\t<meta name=\"twitter:data1\" content=\"Germ\u00e1n Giacchero\" \/>\n\t<meta name=\"twitter:label2\" content=\"Tiempo de lectura\" \/>\n\t<meta name=\"twitter:data2\" content=\"4 minutos\" \/>\n<script type=\"application\/ld+json\" class=\"yoast-schema-graph\">{\"@context\":\"https:\/\/schema.org\",\"@graph\":[{\"@type\":\"Article\",\"@id\":\"http:\/\/elregionalvm.com.ar\/noticias-villa-maria\/villa-nueva-que-dice-la-carta-organica-sobre-infracciones-privadas-de-funcionarios\/#article\",\"isPartOf\":{\"@id\":\"http:\/\/elregionalvm.com.ar\/noticias-villa-maria\/villa-nueva-que-dice-la-carta-organica-sobre-infracciones-privadas-de-funcionarios\/\"},\"author\":{\"name\":\"Germ\u00e1n Giacchero\",\"@id\":\"http:\/\/elregionalvm.com.ar\/noticias-villa-maria\/#\/schema\/person\/d5e4b04966154131701e52c45d3efec9\"},\"headline\":\"Villa Nueva: \u00bfQu\u00e9 dice la Carta Org\u00e1nica sobre infracciones privadas de funcionarios?\",\"datePublished\":\"2020-05-08T02:43:36+00:00\",\"dateModified\":\"2020-06-18T11:59:59+00:00\",\"mainEntityOfPage\":{\"@id\":\"http:\/\/elregionalvm.com.ar\/noticias-villa-maria\/villa-nueva-que-dice-la-carta-organica-sobre-infracciones-privadas-de-funcionarios\/\"},\"wordCount\":716,\"commentCount\":0,\"image\":{\"@id\":\"http:\/\/elregionalvm.com.ar\/noticias-villa-maria\/villa-nueva-que-dice-la-carta-organica-sobre-infracciones-privadas-de-funcionarios\/#primaryimage\"},\"thumbnailUrl\":\"https:\/\/i0.wp.com\/elregionalvm.com.ar\/noticias-villa-maria\/wp-content\/uploads\/2020\/05\/libeccio.jpg?fit=504%2C469&ssl=1\",\"keywords\":[\"carta organica\",\"Coronavirus\",\"cuarentena\",\"Funcionarios\",\"guitarreada\",\"infracci\u00f3n\",\"Tribunal de Cuentas\",\"VILLA NUEVA\"],\"articleSection\":[\"Villa Nueva\"],\"inLanguage\":\"es\",\"potentialAction\":[{\"@type\":\"CommentAction\",\"name\":\"Comment\",\"target\":[\"http:\/\/elregionalvm.com.ar\/noticias-villa-maria\/villa-nueva-que-dice-la-carta-organica-sobre-infracciones-privadas-de-funcionarios\/#respond\"]}]},{\"@type\":\"WebPage\",\"@id\":\"http:\/\/elregionalvm.com.ar\/noticias-villa-maria\/villa-nueva-que-dice-la-carta-organica-sobre-infracciones-privadas-de-funcionarios\/\",\"url\":\"http:\/\/elregionalvm.com.ar\/noticias-villa-maria\/villa-nueva-que-dice-la-carta-organica-sobre-infracciones-privadas-de-funcionarios\/\",\"name\":\"Villa Nueva: \u00bfQu\u00e9 dice la Carta Org\u00e1nica sobre infracciones privadas de funcionarios? - El Regional\",\"isPartOf\":{\"@id\":\"http:\/\/elregionalvm.com.ar\/noticias-villa-maria\/#website\"},\"primaryImageOfPage\":{\"@id\":\"http:\/\/elregionalvm.com.ar\/noticias-villa-maria\/villa-nueva-que-dice-la-carta-organica-sobre-infracciones-privadas-de-funcionarios\/#primaryimage\"},\"image\":{\"@id\":\"http:\/\/elregionalvm.com.ar\/noticias-villa-maria\/villa-nueva-que-dice-la-carta-organica-sobre-infracciones-privadas-de-funcionarios\/#primaryimage\"},\"thumbnailUrl\":\"https:\/\/i0.wp.com\/elregionalvm.com.ar\/noticias-villa-maria\/wp-content\/uploads\/2020\/05\/libeccio.jpg?fit=504%2C469&ssl=1\",\"datePublished\":\"2020-05-08T02:43:36+00:00\",\"dateModified\":\"2020-06-18T11:59:59+00:00\",\"author\":{\"@id\":\"http:\/\/elregionalvm.com.ar\/noticias-villa-maria\/#\/schema\/person\/d5e4b04966154131701e52c45d3efec9\"},\"breadcrumb\":{\"@id\":\"http:\/\/elregionalvm.com.ar\/noticias-villa-maria\/villa-nueva-que-dice-la-carta-organica-sobre-infracciones-privadas-de-funcionarios\/#breadcrumb\"},\"inLanguage\":\"es\",\"potentialAction\":[{\"@type\":\"ReadAction\",\"target\":[\"http:\/\/elregionalvm.com.ar\/noticias-villa-maria\/villa-nueva-que-dice-la-carta-organica-sobre-infracciones-privadas-de-funcionarios\/\"]}]},{\"@type\":\"ImageObject\",\"inLanguage\":\"es\",\"@id\":\"http:\/\/elregionalvm.com.ar\/noticias-villa-maria\/villa-nueva-que-dice-la-carta-organica-sobre-infracciones-privadas-de-funcionarios\/#primaryimage\",\"url\":\"https:\/\/i0.wp.com\/elregionalvm.com.ar\/noticias-villa-maria\/wp-content\/uploads\/2020\/05\/libeccio.jpg?fit=504%2C469&ssl=1\",\"contentUrl\":\"https:\/\/i0.wp.com\/elregionalvm.com.ar\/noticias-villa-maria\/wp-content\/uploads\/2020\/05\/libeccio.jpg?fit=504%2C469&ssl=1\",\"width\":504,\"height\":469},{\"@type\":\"BreadcrumbList\",\"@id\":\"http:\/\/elregionalvm.com.ar\/noticias-villa-maria\/villa-nueva-que-dice-la-carta-organica-sobre-infracciones-privadas-de-funcionarios\/#breadcrumb\",\"itemListElement\":[{\"@type\":\"ListItem\",\"position\":1,\"name\":\"Portada\",\"item\":\"https:\/\/elregionalvm.com.ar\/noticias-villa-maria\/\"},{\"@type\":\"ListItem\",\"position\":2,\"name\":\"Villa Nueva: \u00bfQu\u00e9 dice la Carta Org\u00e1nica sobre infracciones privadas de funcionarios?\"}]},{\"@type\":\"WebSite\",\"@id\":\"http:\/\/elregionalvm.com.ar\/noticias-villa-maria\/#website\",\"url\":\"http:\/\/elregionalvm.com.ar\/noticias-villa-maria\/\",\"name\":\"El Regional\",\"description\":\"Mucho m\u00e1s que informaci\u00f3n\",\"potentialAction\":[{\"@type\":\"SearchAction\",\"target\":{\"@type\":\"EntryPoint\",\"urlTemplate\":\"http:\/\/elregionalvm.com.ar\/noticias-villa-maria\/?s={search_term_string}\"},\"query-input\":{\"@type\":\"PropertyValueSpecification\",\"valueRequired\":true,\"valueName\":\"search_term_string\"}}],\"inLanguage\":\"es\"},{\"@type\":\"Person\",\"@id\":\"http:\/\/elregionalvm.com.ar\/noticias-villa-maria\/#\/schema\/person\/d5e4b04966154131701e52c45d3efec9\",\"name\":\"Germ\u00e1n Giacchero\",\"image\":{\"@type\":\"ImageObject\",\"inLanguage\":\"es\",\"@id\":\"http:\/\/elregionalvm.com.ar\/noticias-villa-maria\/#\/schema\/person\/image\/\",\"url\":\"https:\/\/secure.gravatar.com\/avatar\/fda163ba5ef0307ee5be9846e10f83b6e83d0cfb260d3b2464830318894c6b04?s=96&d=mm&r=g\",\"contentUrl\":\"https:\/\/secure.gravatar.com\/avatar\/fda163ba5ef0307ee5be9846e10f83b6e83d0cfb260d3b2464830318894c6b04?s=96&d=mm&r=g\",\"caption\":\"Germ\u00e1n Giacchero\"},\"url\":\"https:\/\/elregionalvm.com.ar\/noticias-villa-maria\/author\/germangiacchero\/\"}]}<\/script>\n<!-- \/ Yoast SEO plugin. -->","yoast_head_json":{"title":"Villa Nueva: \u00bfQu\u00e9 dice la Carta Org\u00e1nica sobre infracciones privadas de funcionarios? - El Regional","robots":{"index":"index","follow":"follow","max-snippet":"max-snippet:-1","max-image-preview":"max-image-preview:large","max-video-preview":"max-video-preview:-1"},"canonical":"http:\/\/elregionalvm.com.ar\/noticias-villa-maria\/villa-nueva-que-dice-la-carta-organica-sobre-infracciones-privadas-de-funcionarios\/","og_locale":"es_ES","og_type":"article","og_title":"Villa Nueva: \u00bfQu\u00e9 dice la Carta Org\u00e1nica sobre infracciones privadas de funcionarios? - El Regional","og_description":"El caso de la tribuno de Cuentas Nada. La Carta Org\u00e1nica de Villa Nueva habla de juicio pol\u00edtico al funcionario que cometa \u201cirregularidad en el desempe\u00f1o de sus funciones o negligencias\u201d. La violaci\u00f3n a la cuarentena, el incumplimiento del decreto presidencial 297\/20, es una infracci\u00f3n que se aplica a todas las personas, no por ser [&hellip;]","og_url":"http:\/\/elregionalvm.com.ar\/noticias-villa-maria\/villa-nueva-que-dice-la-carta-organica-sobre-infracciones-privadas-de-funcionarios\/","og_site_name":"El Regional","article_publisher":"https:\/\/www.facebook.com\/elregionalvm","article_published_time":"2020-05-08T02:43:36+00:00","article_modified_time":"2020-06-18T11:59:59+00:00","og_image":[{"width":504,"height":469,"url":"http:\/\/elregionalvm.com.ar\/noticias-villa-maria\/wp-content\/uploads\/2020\/05\/libeccio.jpg","type":"image\/jpeg"}],"author":"Germ\u00e1n Giacchero","twitter_card":"summary_large_image","twitter_creator":"@elregionalvm1","twitter_site":"@elregionalvm1","twitter_misc":{"Escrito por":"Germ\u00e1n Giacchero","Tiempo de lectura":"4 minutos"},"schema":{"@context":"https:\/\/schema.org","@graph":[{"@type":"Article","@id":"http:\/\/elregionalvm.com.ar\/noticias-villa-maria\/villa-nueva-que-dice-la-carta-organica-sobre-infracciones-privadas-de-funcionarios\/#article","isPartOf":{"@id":"http:\/\/elregionalvm.com.ar\/noticias-villa-maria\/villa-nueva-que-dice-la-carta-organica-sobre-infracciones-privadas-de-funcionarios\/"},"author":{"name":"Germ\u00e1n Giacchero","@id":"http:\/\/elregionalvm.com.ar\/noticias-villa-maria\/#\/schema\/person\/d5e4b04966154131701e52c45d3efec9"},"headline":"Villa Nueva: \u00bfQu\u00e9 dice la Carta Org\u00e1nica sobre infracciones privadas de funcionarios?","datePublished":"2020-05-08T02:43:36+00:00","dateModified":"2020-06-18T11:59:59+00:00","mainEntityOfPage":{"@id":"http:\/\/elregionalvm.com.ar\/noticias-villa-maria\/villa-nueva-que-dice-la-carta-organica-sobre-infracciones-privadas-de-funcionarios\/"},"wordCount":716,"commentCount":0,"image":{"@id":"http:\/\/elregionalvm.com.ar\/noticias-villa-maria\/villa-nueva-que-dice-la-carta-organica-sobre-infracciones-privadas-de-funcionarios\/#primaryimage"},"thumbnailUrl":"https:\/\/i0.wp.com\/elregionalvm.com.ar\/noticias-villa-maria\/wp-content\/uploads\/2020\/05\/libeccio.jpg?fit=504%2C469&ssl=1","keywords":["carta organica","Coronavirus","cuarentena","Funcionarios","guitarreada","infracci\u00f3n","Tribunal de Cuentas","VILLA NUEVA"],"articleSection":["Villa Nueva"],"inLanguage":"es","potentialAction":[{"@type":"CommentAction","name":"Comment","target":["http:\/\/elregionalvm.com.ar\/noticias-villa-maria\/villa-nueva-que-dice-la-carta-organica-sobre-infracciones-privadas-de-funcionarios\/#respond"]}]},{"@type":"WebPage","@id":"http:\/\/elregionalvm.com.ar\/noticias-villa-maria\/villa-nueva-que-dice-la-carta-organica-sobre-infracciones-privadas-de-funcionarios\/","url":"http:\/\/elregionalvm.com.ar\/noticias-villa-maria\/villa-nueva-que-dice-la-carta-organica-sobre-infracciones-privadas-de-funcionarios\/","name":"Villa Nueva: \u00bfQu\u00e9 dice la Carta Org\u00e1nica sobre infracciones privadas de funcionarios? - El Regional","isPartOf":{"@id":"http:\/\/elregionalvm.com.ar\/noticias-villa-maria\/#website"},"primaryImageOfPage":{"@id":"http:\/\/elregionalvm.com.ar\/noticias-villa-maria\/villa-nueva-que-dice-la-carta-organica-sobre-infracciones-privadas-de-funcionarios\/#primaryimage"},"image":{"@id":"http:\/\/elregionalvm.com.ar\/noticias-villa-maria\/villa-nueva-que-dice-la-carta-organica-sobre-infracciones-privadas-de-funcionarios\/#primaryimage"},"thumbnailUrl":"https:\/\/i0.wp.com\/elregionalvm.com.ar\/noticias-villa-maria\/wp-content\/uploads\/2020\/05\/libeccio.jpg?fit=504%2C469&ssl=1","datePublished":"2020-05-08T02:43:36+00:00","dateModified":"2020-06-18T11:59:59+00:00","author":{"@id":"http:\/\/elregionalvm.com.ar\/noticias-villa-maria\/#\/schema\/person\/d5e4b04966154131701e52c45d3efec9"},"breadcrumb":{"@id":"http:\/\/elregionalvm.com.ar\/noticias-villa-maria\/villa-nueva-que-dice-la-carta-organica-sobre-infracciones-privadas-de-funcionarios\/#breadcrumb"},"inLanguage":"es","potentialAction":[{"@type":"ReadAction","target":["http:\/\/elregionalvm.com.ar\/noticias-villa-maria\/villa-nueva-que-dice-la-carta-organica-sobre-infracciones-privadas-de-funcionarios\/"]}]},{"@type":"ImageObject","inLanguage":"es","@id":"http:\/\/elregionalvm.com.ar\/noticias-villa-maria\/villa-nueva-que-dice-la-carta-organica-sobre-infracciones-privadas-de-funcionarios\/#primaryimage","url":"https:\/\/i0.wp.com\/elregionalvm.com.ar\/noticias-villa-maria\/wp-content\/uploads\/2020\/05\/libeccio.jpg?fit=504%2C469&ssl=1","contentUrl":"https:\/\/i0.wp.com\/elregionalvm.com.ar\/noticias-villa-maria\/wp-content\/uploads\/2020\/05\/libeccio.jpg?fit=504%2C469&ssl=1","width":504,"height":469},{"@type":"BreadcrumbList","@id":"http:\/\/elregionalvm.com.ar\/noticias-villa-maria\/villa-nueva-que-dice-la-carta-organica-sobre-infracciones-privadas-de-funcionarios\/#breadcrumb","itemListElement":[{"@type":"ListItem","position":1,"name":"Portada","item":"https:\/\/elregionalvm.com.ar\/noticias-villa-maria\/"},{"@type":"ListItem","position":2,"name":"Villa Nueva: \u00bfQu\u00e9 dice la Carta Org\u00e1nica sobre infracciones privadas de funcionarios?"}]},{"@type":"WebSite","@id":"http:\/\/elregionalvm.com.ar\/noticias-villa-maria\/#website","url":"http:\/\/elregionalvm.com.ar\/noticias-villa-maria\/","name":"El Regional","description":"Mucho m\u00e1s que informaci\u00f3n","potentialAction":[{"@type":"SearchAction","target":{"@type":"EntryPoint","urlTemplate":"http:\/\/elregionalvm.com.ar\/noticias-villa-maria\/?s={search_term_string}"},"query-input":{"@type":"PropertyValueSpecification","valueRequired":true,"valueName":"search_term_string"}}],"inLanguage":"es"},{"@type":"Person","@id":"http:\/\/elregionalvm.com.ar\/noticias-villa-maria\/#\/schema\/person\/d5e4b04966154131701e52c45d3efec9","name":"Germ\u00e1n Giacchero","image":{"@type":"ImageObject","inLanguage":"es","@id":"http:\/\/elregionalvm.com.ar\/noticias-villa-maria\/#\/schema\/person\/image\/","url":"https:\/\/secure.gravatar.com\/avatar\/fda163ba5ef0307ee5be9846e10f83b6e83d0cfb260d3b2464830318894c6b04?s=96&d=mm&r=g","contentUrl":"https:\/\/secure.gravatar.com\/avatar\/fda163ba5ef0307ee5be9846e10f83b6e83d0cfb260d3b2464830318894c6b04?s=96&d=mm&r=g","caption":"Germ\u00e1n Giacchero"},"url":"https:\/\/elregionalvm.com.ar\/noticias-villa-maria\/author\/germangiacchero\/"}]}},"jetpack_featured_media_url":"https:\/\/i0.wp.com\/elregionalvm.com.ar\/noticias-villa-maria\/wp-content\/uploads\/2020\/05\/libeccio.jpg?fit=504%2C469&ssl=1","jetpack_sharing_enabled":true,"_links":{"self":[{"href":"https:\/\/elregionalvm.com.ar\/noticias-villa-maria\/wp-json\/wp\/v2\/posts\/17744","targetHints":{"allow":["GET"]}}],"collection":[{"href":"https:\/\/elregionalvm.com.ar\/noticias-villa-maria\/wp-json\/wp\/v2\/posts"}],"about":[{"href":"https:\/\/elregionalvm.com.ar\/noticias-villa-maria\/wp-json\/wp\/v2\/types\/post"}],"author":[{"embeddable":true,"href":"https:\/\/elregionalvm.com.ar\/noticias-villa-maria\/wp-json\/wp\/v2\/users\/6"}],"replies":[{"embeddable":true,"href":"https:\/\/elregionalvm.com.ar\/noticias-villa-maria\/wp-json\/wp\/v2\/comments?post=17744"}],"version-history":[{"count":2,"href":"https:\/\/elregionalvm.com.ar\/noticias-villa-maria\/wp-json\/wp\/v2\/posts\/17744\/revisions"}],"predecessor-version":[{"id":18310,"href":"https:\/\/elregionalvm.com.ar\/noticias-villa-maria\/wp-json\/wp\/v2\/posts\/17744\/revisions\/18310"}],"wp:featuredmedia":[{"embeddable":true,"href":"https:\/\/elregionalvm.com.ar\/noticias-villa-maria\/wp-json\/wp\/v2\/media\/18311"}],"wp:attachment":[{"href":"https:\/\/elregionalvm.com.ar\/noticias-villa-maria\/wp-json\/wp\/v2\/media?parent=17744"}],"wp:term":[{"taxonomy":"category","embeddable":true,"href":"https:\/\/elregionalvm.com.ar\/noticias-villa-maria\/wp-json\/wp\/v2\/categories?post=17744"},{"taxonomy":"post_tag","embeddable":true,"href":"https:\/\/elregionalvm.com.ar\/noticias-villa-maria\/wp-json\/wp\/v2\/tags?post=17744"}],"curies":[{"name":"wp","href":"https:\/\/api.w.org\/{rel}","templated":true}]}}