{"id":17745,"date":"2020-05-08T17:53:55","date_gmt":"2020-05-08T17:53:55","guid":{"rendered":"http:\/\/www.elregionalvm.com.ar\/?p=15753"},"modified":"2020-06-16T19:07:53","modified_gmt":"2020-06-16T19:07:53","slug":"todo-pasa-todo-y-las-consecuencias","status":"publish","type":"post","link":"https:\/\/elregionalvm.com.ar\/noticias-villa-maria\/todo-pasa-todo-y-las-consecuencias\/","title":{"rendered":"\u00a1Todo pasa&#8230; todo. \u00bfY las consecuencias!"},"content":{"rendered":"\n\t\t\t\t<![CDATA[\n<p>Miguel Andreis   (Nota del 24 de diciembre de  2001)<\/p>\n\n\n<p>No ser\u00e1 este un primero de enero m\u00e1s. El paso del tiempo se encargar\u00e1 de rescatarlo como el m\u00e1s caliente de la historia del pa\u00eds, y no precisamente por los grados que marc\u00f3 el term\u00f3metro. Fueron tantos los hechos de violencia y la desesperaci\u00f3n de las \u00faltimas semanas, que todo diagn\u00f3stico aparece como desconcertante. Podr\u00eda decirse que solamente en los a\u00f1os setenta el temor se instal\u00f3 de tal manera, aunque con otras caracter\u00edsticas. Esta vor\u00e1gine de acontecimientos,  que como una m\u00e1quina insaciable se deglute hombres con apetencias de poder y propuestas con m\u00e1s pasado que futuro, no es otra cosa que el final de una etapa y seguramente el nacimiento de otra. \u00bfMejor o peor?.  Se sabe que no existe parto sin dolor. Podr\u00e1 doler m\u00e1s o menos, pero no se puede obviar que doler\u00e1. \u00bfCu\u00e1nto doler\u00e1? Es el interrogante que subyace entre la esperanza y la verdad de la realidad cotidiana. En menos de 15 d\u00edas, 5 presidentes, una cifra poco halagadora para la democracia de una naci\u00f3n que no puede evitar su diagn\u00f3stico de esclerosis m\u00faltiple. Es posible que el tan reclamado d\u00e9ficit cero quede relegado por la tolerancia cero de gobernados a sus gobernantes. De ahora en m\u00e1s,  todo es factible, alguien extrajo de la paleta del pintor el color gris pint\u00e1ndonos a todos. Entre tantas cosas que nos esfumaron desde el poder, se llevaron en sus bolsones, adem\u00e1s, la posibilidad de la confrontaci\u00f3n de la palabra, esencia de la pol\u00edtica y garaje de la esperanza. Podr\u00eda llenar varias hojas el analizar lo que el lector ya analiz\u00f3 desde su propia perspectiva de bolsillo. La que nunca falta a la verdad. Este primero de enero no ser\u00e1 un d\u00eda m\u00e1s. Y quisimos iniciar el a\u00f1o con una reflexi\u00f3n cuyo autor desconocemos, pero que entendemos puede ser un elemento simb\u00f3lico de lo que esperamos, sin desesperar y pensando en ese ma\u00f1ana que nos est\u00e1 envolviendo:<br \/> \u00bb Hace muchos a\u00f1os un rey que le dijo a su corte de sabios; \u00b4estoy fabricando un anillo muy costoso, y quiero guardar oculto en el mismo alg\u00fan mensaje que pueda ayudarme en momentos de desesperaci\u00f3n total, y que ayude a mis herederos, y a los herederos de mis herederos, para siempre. Tiene que ser un mensaje muy breve para que quepa en el anillo\u00b4.<br \/> Sabios y eruditos se pusieron a pensar qu\u00e9 escribir. No era simple en dos o tres palabras encontrar la frase que los ayudara en los momentos de desesperaci\u00f3n total.<br \/> El rey ten\u00eda en su corte un anciano sirviente que tambi\u00e9n hab\u00eda sido sirviente de su padre, y que adem\u00e1s lo hab\u00eda criado. Era casi parte de la familia. Sent\u00eda mucho respeto por \u00e9l. Tambi\u00e9n lo consult\u00f3. El hombrecito, entrado en a\u00f1os, le respondi\u00f3 que durante su larga vida en el palacio se hab\u00eda encontrado con todo tipo de gente. Y le cont\u00f3 que en una ocasi\u00f3n que visitaban al desaparecido rey, comparti\u00f3 una charla con una persona de llamativa m\u00edstica que le dijo una frase que no olvid\u00f3 jam\u00e1s. Escribi\u00f3 la misma en un peque\u00f1o papel, lo dobl\u00f3 y se la entreg\u00f3 al rey recomend\u00e1ndole: \u00b4la tienes que leer solamente cuando creas que ya no encuentras la salida\u00b4<br \/> Ese momento no tard\u00f3 en llegar. El pa\u00eds fue invadido y el rey perdi\u00f3 el reino. Hu\u00eda desesperado en su caballo perseguido por sus enemigos. Estaba s\u00f3lo y los perseguidores eran numerosos. Lleg\u00f3 a un punto donde el camino se acababa, no hab\u00eda salida. Escuchaba el trotar de los caballos. En ese preciso instante se acord\u00f3 del anillo, levant\u00f3 el diamante y desdobl\u00f3 el papel donde simplemente dec\u00eda: \u00abESTO TAMBI\u00c9N PASAR\u00c1\u00bb. Sin darse cuenta el silencio lo fue invadiendo. Quienes lo persegu\u00edan seguramente se extraviaron en el bosque, tal vez se equivocaron de camino. Ya no o\u00eda los cascos de los caballos.<br \/> Volvi\u00f3 a poner el papel en el anillo. Pas\u00f3 el tiempo, reuni\u00f3 a sus ej\u00e9rcitos y reconquist\u00f3 el reino. Y el d\u00eda que entraba de nuevo victorioso en la capital, hubo una fenomenal celebraci\u00f3n\u2026 \u00e9l se sent\u00eda muy orgulloso de s\u00ed mismo.<br \/> El anciano que le escribiera aquello estaba a su lado, en el carro, sonriente le dijo:<br \/> -Este momento tambi\u00e9n es adecuado: vuelve a mirar el mensaje.<br \/> -\u00bfQu\u00e9 quieres decir? -pregunt\u00f3 el rey-. Ahora estoy victorioso, la gente celebra mi vuelta, no estoy desesperado, no me encuentro en una situaci\u00f3n sin salida.<br \/> -Escucha &#8211; murmur\u00f3 el anciano-, este mensaje no es s\u00f3lo para situaciones desesperadas; tambi\u00e9n es para situaciones placenteras. No es s\u00f3lo para cuando est\u00e9s derrotado; tambi\u00e9n es para cuando te sientas victorioso. No es s\u00f3lo para cuando eres el \u00faltimo; tambi\u00e9n lo es para cuando seas el primero.<br \/> El rey abri\u00f3 el anillo y ley\u00f3 el mensaje: \u00abESTO TAMBI\u00c9N PASAR\u00c1\u00bb, y nuevamente sinti\u00f3 la misma paz, el mismo silencio, en medio de la muchedumbre que celebraba y bailaba, pero el orgullo, el ego, hab\u00eda desaparecido. <br \/> El anciano continu\u00f3: Recuerda que todo pasa. Ninguna cosa ni ninguna emoci\u00f3n son permanentes. Como el d\u00eda y la noche, hay momentos de alegr\u00eda y momentos de tristeza. Ac\u00e9ptalos como parte de la dualidad de la naturaleza porque es  la naturaleza misma de las cosas\u00bb.<br \/> Casi que es nuestra obligaci\u00f3n suponer que \u00abESTO TAMBI\u00c9N PASAR\u00c1\u00bb, al menos ser\u00eda importante que quienes gobiernan, comprendan este mensaje.                                                                <\/p>\n\n\n<p>La Direcci\u00f3n <\/p>\n]]>\t\t","protected":false},"excerpt":{"rendered":"<p>\t\t\t\t<![CDATA[]]>\t\t<\/p>\n","protected":false},"author":5,"featured_media":14771,"comment_status":"open","ping_status":"open","sticky":false,"template":"","format":"standard","meta":{"site-sidebar-layout":"default","site-content-layout":"","ast-site-content-layout":"default","site-content-style":"default","site-sidebar-style":"default","ast-global-header-display":"","ast-banner-title-visibility":"","ast-main-header-display":"","ast-hfb-above-header-display":"","ast-hfb-below-header-display":"","ast-hfb-mobile-header-display":"","site-post-title":"","ast-breadcrumbs-content":"","ast-featured-img":"","footer-sml-layout":"","ast-disable-related-posts":"","theme-transparent-header-meta":"","adv-header-id-meta":"","stick-header-meta":"","header-above-stick-meta":"","header-main-stick-meta":"","header-below-stick-meta":"","astra-migrate-meta-layouts":"default","ast-page-background-enabled":"default","ast-page-background-meta":{"desktop":{"background-color":"","background-image":"","background-repeat":"repeat","background-position":"center center","background-size":"auto","background-attachment":"scroll","background-type":"","background-media":"","overlay-type":"","overlay-color":"","overlay-opacity":"","overlay-gradient":""},"tablet":{"background-color":"","background-image":"","background-repeat":"repeat","background-position":"center center","background-size":"auto","background-attachment":"scroll","background-type":"","background-media":"","overlay-type":"","overlay-color":"","overlay-opacity":"","overlay-gradient":""},"mobile":{"background-color":"","background-image":"","background-repeat":"repeat","background-position":"center center","background-size":"auto","background-attachment":"scroll","background-type":"","background-media":"","overlay-type":"","overlay-color":"","overlay-opacity":"","overlay-gradient":""}},"ast-content-background-meta":{"desktop":{"background-color":"var(--ast-global-color-5)","background-image":"","background-repeat":"repeat","background-position":"center center","background-size":"auto","background-attachment":"scroll","background-type":"","background-media":"","overlay-type":"","overlay-color":"","overlay-opacity":"","overlay-gradient":""},"tablet":{"background-color":"var(--ast-global-color-5)","background-image":"","background-repeat":"repeat","background-position":"center center","background-size":"auto","background-attachment":"scroll","background-type":"","background-media":"","overlay-type":"","overlay-color":"","overlay-opacity":"","overlay-gradient":""},"mobile":{"background-color":"var(--ast-global-color-5)","background-image":"","background-repeat":"repeat","background-position":"center center","background-size":"auto","background-attachment":"scroll","background-type":"","background-media":"","overlay-type":"","overlay-color":"","overlay-opacity":"","overlay-gradient":""}},"_jetpack_memberships_contains_paid_content":false,"_joinchat":[],"footnotes":""},"categories":[365],"tags":[],"class_list":["post-17745","post","type-post","status-publish","format-standard","has-post-thumbnail","hentry","category-opinion"],"yoast_head":"<!-- This site is optimized with the Yoast SEO plugin v26.8 - https:\/\/yoast.com\/product\/yoast-seo-wordpress\/ -->\n<title>\u00a1Todo pasa... todo. \u00bfY las consecuencias! - El Regional<\/title>\n<meta name=\"robots\" content=\"index, follow, max-snippet:-1, max-image-preview:large, max-video-preview:-1\" \/>\n<link rel=\"canonical\" href=\"http:\/\/elregionalvm.com.ar\/noticias-villa-maria\/todo-pasa-todo-y-las-consecuencias\/\" \/>\n<meta property=\"og:locale\" content=\"es_ES\" \/>\n<meta property=\"og:type\" content=\"article\" \/>\n<meta property=\"og:title\" content=\"\u00a1Todo pasa... todo. \u00bfY las consecuencias! - El Regional\" \/>\n<meta property=\"og:url\" content=\"http:\/\/elregionalvm.com.ar\/noticias-villa-maria\/todo-pasa-todo-y-las-consecuencias\/\" \/>\n<meta property=\"og:site_name\" content=\"El Regional\" \/>\n<meta property=\"article:publisher\" content=\"https:\/\/www.facebook.com\/elregionalvm\" \/>\n<meta property=\"article:published_time\" content=\"2020-05-08T17:53:55+00:00\" \/>\n<meta property=\"article:modified_time\" content=\"2020-06-16T19:07:53+00:00\" \/>\n<meta name=\"author\" content=\"Miguel Andreis\" \/>\n<meta name=\"twitter:card\" content=\"summary_large_image\" \/>\n<meta name=\"twitter:creator\" content=\"@elregionalvm1\" \/>\n<meta name=\"twitter:site\" content=\"@elregionalvm1\" \/>\n<meta name=\"twitter:label1\" content=\"Escrito por\" \/>\n\t<meta name=\"twitter:data1\" content=\"Miguel Andreis\" \/>\n\t<meta name=\"twitter:label2\" content=\"Tiempo de lectura\" \/>\n\t<meta name=\"twitter:data2\" content=\"5 minutos\" \/>\n<script type=\"application\/ld+json\" class=\"yoast-schema-graph\">{\"@context\":\"https:\/\/schema.org\",\"@graph\":[{\"@type\":\"Article\",\"@id\":\"http:\/\/elregionalvm.com.ar\/noticias-villa-maria\/todo-pasa-todo-y-las-consecuencias\/#article\",\"isPartOf\":{\"@id\":\"http:\/\/elregionalvm.com.ar\/noticias-villa-maria\/todo-pasa-todo-y-las-consecuencias\/\"},\"author\":{\"name\":\"Miguel Andreis\",\"@id\":\"http:\/\/elregionalvm.com.ar\/noticias-villa-maria\/#\/schema\/person\/df5ff3f005acf29788aed9cb359f1193\"},\"headline\":\"\u00a1Todo pasa&#8230; todo. \u00bfY las consecuencias!\",\"datePublished\":\"2020-05-08T17:53:55+00:00\",\"dateModified\":\"2020-06-16T19:07:53+00:00\",\"mainEntityOfPage\":{\"@id\":\"http:\/\/elregionalvm.com.ar\/noticias-villa-maria\/todo-pasa-todo-y-las-consecuencias\/\"},\"wordCount\":968,\"commentCount\":0,\"image\":{\"@id\":\"http:\/\/elregionalvm.com.ar\/noticias-villa-maria\/todo-pasa-todo-y-las-consecuencias\/#primaryimage\"},\"thumbnailUrl\":\"\",\"articleSection\":[\"Opini\u00f3n\"],\"inLanguage\":\"es\",\"potentialAction\":[{\"@type\":\"CommentAction\",\"name\":\"Comment\",\"target\":[\"http:\/\/elregionalvm.com.ar\/noticias-villa-maria\/todo-pasa-todo-y-las-consecuencias\/#respond\"]}]},{\"@type\":\"WebPage\",\"@id\":\"http:\/\/elregionalvm.com.ar\/noticias-villa-maria\/todo-pasa-todo-y-las-consecuencias\/\",\"url\":\"http:\/\/elregionalvm.com.ar\/noticias-villa-maria\/todo-pasa-todo-y-las-consecuencias\/\",\"name\":\"\u00a1Todo pasa... todo. \u00bfY las consecuencias! - El Regional\",\"isPartOf\":{\"@id\":\"http:\/\/elregionalvm.com.ar\/noticias-villa-maria\/#website\"},\"primaryImageOfPage\":{\"@id\":\"http:\/\/elregionalvm.com.ar\/noticias-villa-maria\/todo-pasa-todo-y-las-consecuencias\/#primaryimage\"},\"image\":{\"@id\":\"http:\/\/elregionalvm.com.ar\/noticias-villa-maria\/todo-pasa-todo-y-las-consecuencias\/#primaryimage\"},\"thumbnailUrl\":\"\",\"datePublished\":\"2020-05-08T17:53:55+00:00\",\"dateModified\":\"2020-06-16T19:07:53+00:00\",\"author\":{\"@id\":\"http:\/\/elregionalvm.com.ar\/noticias-villa-maria\/#\/schema\/person\/df5ff3f005acf29788aed9cb359f1193\"},\"breadcrumb\":{\"@id\":\"http:\/\/elregionalvm.com.ar\/noticias-villa-maria\/todo-pasa-todo-y-las-consecuencias\/#breadcrumb\"},\"inLanguage\":\"es\",\"potentialAction\":[{\"@type\":\"ReadAction\",\"target\":[\"http:\/\/elregionalvm.com.ar\/noticias-villa-maria\/todo-pasa-todo-y-las-consecuencias\/\"]}]},{\"@type\":\"ImageObject\",\"inLanguage\":\"es\",\"@id\":\"http:\/\/elregionalvm.com.ar\/noticias-villa-maria\/todo-pasa-todo-y-las-consecuencias\/#primaryimage\",\"url\":\"\",\"contentUrl\":\"\"},{\"@type\":\"BreadcrumbList\",\"@id\":\"http:\/\/elregionalvm.com.ar\/noticias-villa-maria\/todo-pasa-todo-y-las-consecuencias\/#breadcrumb\",\"itemListElement\":[{\"@type\":\"ListItem\",\"position\":1,\"name\":\"Portada\",\"item\":\"https:\/\/elregionalvm.com.ar\/noticias-villa-maria\/\"},{\"@type\":\"ListItem\",\"position\":2,\"name\":\"\u00a1Todo pasa&#8230; todo. \u00bfY las consecuencias!\"}]},{\"@type\":\"WebSite\",\"@id\":\"http:\/\/elregionalvm.com.ar\/noticias-villa-maria\/#website\",\"url\":\"http:\/\/elregionalvm.com.ar\/noticias-villa-maria\/\",\"name\":\"El Regional\",\"description\":\"Mucho m\u00e1s que informaci\u00f3n\",\"potentialAction\":[{\"@type\":\"SearchAction\",\"target\":{\"@type\":\"EntryPoint\",\"urlTemplate\":\"http:\/\/elregionalvm.com.ar\/noticias-villa-maria\/?s={search_term_string}\"},\"query-input\":{\"@type\":\"PropertyValueSpecification\",\"valueRequired\":true,\"valueName\":\"search_term_string\"}}],\"inLanguage\":\"es\"},{\"@type\":\"Person\",\"@id\":\"http:\/\/elregionalvm.com.ar\/noticias-villa-maria\/#\/schema\/person\/df5ff3f005acf29788aed9cb359f1193\",\"name\":\"Miguel Andreis\",\"image\":{\"@type\":\"ImageObject\",\"inLanguage\":\"es\",\"@id\":\"http:\/\/elregionalvm.com.ar\/noticias-villa-maria\/#\/schema\/person\/image\/\",\"url\":\"https:\/\/secure.gravatar.com\/avatar\/c643381cd03da38327c6407e6886e7182d881f2ecf94a7902ca262c41f9d8884?s=96&d=mm&r=g\",\"contentUrl\":\"https:\/\/secure.gravatar.com\/avatar\/c643381cd03da38327c6407e6886e7182d881f2ecf94a7902ca262c41f9d8884?s=96&d=mm&r=g\",\"caption\":\"Miguel Andreis\"},\"url\":\"https:\/\/elregionalvm.com.ar\/noticias-villa-maria\/author\/miguelandreis\/\"}]}<\/script>\n<!-- \/ Yoast SEO plugin. -->","yoast_head_json":{"title":"\u00a1Todo pasa... todo. \u00bfY las consecuencias! - El Regional","robots":{"index":"index","follow":"follow","max-snippet":"max-snippet:-1","max-image-preview":"max-image-preview:large","max-video-preview":"max-video-preview:-1"},"canonical":"http:\/\/elregionalvm.com.ar\/noticias-villa-maria\/todo-pasa-todo-y-las-consecuencias\/","og_locale":"es_ES","og_type":"article","og_title":"\u00a1Todo pasa... todo. \u00bfY las consecuencias! - El Regional","og_url":"http:\/\/elregionalvm.com.ar\/noticias-villa-maria\/todo-pasa-todo-y-las-consecuencias\/","og_site_name":"El Regional","article_publisher":"https:\/\/www.facebook.com\/elregionalvm","article_published_time":"2020-05-08T17:53:55+00:00","article_modified_time":"2020-06-16T19:07:53+00:00","author":"Miguel Andreis","twitter_card":"summary_large_image","twitter_creator":"@elregionalvm1","twitter_site":"@elregionalvm1","twitter_misc":{"Escrito por":"Miguel Andreis","Tiempo de lectura":"5 minutos"},"schema":{"@context":"https:\/\/schema.org","@graph":[{"@type":"Article","@id":"http:\/\/elregionalvm.com.ar\/noticias-villa-maria\/todo-pasa-todo-y-las-consecuencias\/#article","isPartOf":{"@id":"http:\/\/elregionalvm.com.ar\/noticias-villa-maria\/todo-pasa-todo-y-las-consecuencias\/"},"author":{"name":"Miguel Andreis","@id":"http:\/\/elregionalvm.com.ar\/noticias-villa-maria\/#\/schema\/person\/df5ff3f005acf29788aed9cb359f1193"},"headline":"\u00a1Todo pasa&#8230; todo. \u00bfY las consecuencias!","datePublished":"2020-05-08T17:53:55+00:00","dateModified":"2020-06-16T19:07:53+00:00","mainEntityOfPage":{"@id":"http:\/\/elregionalvm.com.ar\/noticias-villa-maria\/todo-pasa-todo-y-las-consecuencias\/"},"wordCount":968,"commentCount":0,"image":{"@id":"http:\/\/elregionalvm.com.ar\/noticias-villa-maria\/todo-pasa-todo-y-las-consecuencias\/#primaryimage"},"thumbnailUrl":"","articleSection":["Opini\u00f3n"],"inLanguage":"es","potentialAction":[{"@type":"CommentAction","name":"Comment","target":["http:\/\/elregionalvm.com.ar\/noticias-villa-maria\/todo-pasa-todo-y-las-consecuencias\/#respond"]}]},{"@type":"WebPage","@id":"http:\/\/elregionalvm.com.ar\/noticias-villa-maria\/todo-pasa-todo-y-las-consecuencias\/","url":"http:\/\/elregionalvm.com.ar\/noticias-villa-maria\/todo-pasa-todo-y-las-consecuencias\/","name":"\u00a1Todo pasa... todo. \u00bfY las consecuencias! - El Regional","isPartOf":{"@id":"http:\/\/elregionalvm.com.ar\/noticias-villa-maria\/#website"},"primaryImageOfPage":{"@id":"http:\/\/elregionalvm.com.ar\/noticias-villa-maria\/todo-pasa-todo-y-las-consecuencias\/#primaryimage"},"image":{"@id":"http:\/\/elregionalvm.com.ar\/noticias-villa-maria\/todo-pasa-todo-y-las-consecuencias\/#primaryimage"},"thumbnailUrl":"","datePublished":"2020-05-08T17:53:55+00:00","dateModified":"2020-06-16T19:07:53+00:00","author":{"@id":"http:\/\/elregionalvm.com.ar\/noticias-villa-maria\/#\/schema\/person\/df5ff3f005acf29788aed9cb359f1193"},"breadcrumb":{"@id":"http:\/\/elregionalvm.com.ar\/noticias-villa-maria\/todo-pasa-todo-y-las-consecuencias\/#breadcrumb"},"inLanguage":"es","potentialAction":[{"@type":"ReadAction","target":["http:\/\/elregionalvm.com.ar\/noticias-villa-maria\/todo-pasa-todo-y-las-consecuencias\/"]}]},{"@type":"ImageObject","inLanguage":"es","@id":"http:\/\/elregionalvm.com.ar\/noticias-villa-maria\/todo-pasa-todo-y-las-consecuencias\/#primaryimage","url":"","contentUrl":""},{"@type":"BreadcrumbList","@id":"http:\/\/elregionalvm.com.ar\/noticias-villa-maria\/todo-pasa-todo-y-las-consecuencias\/#breadcrumb","itemListElement":[{"@type":"ListItem","position":1,"name":"Portada","item":"https:\/\/elregionalvm.com.ar\/noticias-villa-maria\/"},{"@type":"ListItem","position":2,"name":"\u00a1Todo pasa&#8230; todo. \u00bfY las consecuencias!"}]},{"@type":"WebSite","@id":"http:\/\/elregionalvm.com.ar\/noticias-villa-maria\/#website","url":"http:\/\/elregionalvm.com.ar\/noticias-villa-maria\/","name":"El Regional","description":"Mucho m\u00e1s que informaci\u00f3n","potentialAction":[{"@type":"SearchAction","target":{"@type":"EntryPoint","urlTemplate":"http:\/\/elregionalvm.com.ar\/noticias-villa-maria\/?s={search_term_string}"},"query-input":{"@type":"PropertyValueSpecification","valueRequired":true,"valueName":"search_term_string"}}],"inLanguage":"es"},{"@type":"Person","@id":"http:\/\/elregionalvm.com.ar\/noticias-villa-maria\/#\/schema\/person\/df5ff3f005acf29788aed9cb359f1193","name":"Miguel Andreis","image":{"@type":"ImageObject","inLanguage":"es","@id":"http:\/\/elregionalvm.com.ar\/noticias-villa-maria\/#\/schema\/person\/image\/","url":"https:\/\/secure.gravatar.com\/avatar\/c643381cd03da38327c6407e6886e7182d881f2ecf94a7902ca262c41f9d8884?s=96&d=mm&r=g","contentUrl":"https:\/\/secure.gravatar.com\/avatar\/c643381cd03da38327c6407e6886e7182d881f2ecf94a7902ca262c41f9d8884?s=96&d=mm&r=g","caption":"Miguel Andreis"},"url":"https:\/\/elregionalvm.com.ar\/noticias-villa-maria\/author\/miguelandreis\/"}]}},"jetpack_featured_media_url":"","jetpack_sharing_enabled":true,"_links":{"self":[{"href":"https:\/\/elregionalvm.com.ar\/noticias-villa-maria\/wp-json\/wp\/v2\/posts\/17745","targetHints":{"allow":["GET"]}}],"collection":[{"href":"https:\/\/elregionalvm.com.ar\/noticias-villa-maria\/wp-json\/wp\/v2\/posts"}],"about":[{"href":"https:\/\/elregionalvm.com.ar\/noticias-villa-maria\/wp-json\/wp\/v2\/types\/post"}],"author":[{"embeddable":true,"href":"https:\/\/elregionalvm.com.ar\/noticias-villa-maria\/wp-json\/wp\/v2\/users\/5"}],"replies":[{"embeddable":true,"href":"https:\/\/elregionalvm.com.ar\/noticias-villa-maria\/wp-json\/wp\/v2\/comments?post=17745"}],"version-history":[{"count":1,"href":"https:\/\/elregionalvm.com.ar\/noticias-villa-maria\/wp-json\/wp\/v2\/posts\/17745\/revisions"}],"predecessor-version":[{"id":18124,"href":"https:\/\/elregionalvm.com.ar\/noticias-villa-maria\/wp-json\/wp\/v2\/posts\/17745\/revisions\/18124"}],"wp:featuredmedia":[{"embeddable":true,"href":"https:\/\/elregionalvm.com.ar\/noticias-villa-maria\/wp-json\/"}],"wp:attachment":[{"href":"https:\/\/elregionalvm.com.ar\/noticias-villa-maria\/wp-json\/wp\/v2\/media?parent=17745"}],"wp:term":[{"taxonomy":"category","embeddable":true,"href":"https:\/\/elregionalvm.com.ar\/noticias-villa-maria\/wp-json\/wp\/v2\/categories?post=17745"},{"taxonomy":"post_tag","embeddable":true,"href":"https:\/\/elregionalvm.com.ar\/noticias-villa-maria\/wp-json\/wp\/v2\/tags?post=17745"}],"curies":[{"name":"wp","href":"https:\/\/api.w.org\/{rel}","templated":true}]}}