{"id":17747,"date":"2020-05-09T01:22:37","date_gmt":"2020-05-09T01:22:37","guid":{"rendered":"http:\/\/www.elregionalvm.com.ar\/?p=15767"},"modified":"2020-06-16T19:07:08","modified_gmt":"2020-06-16T19:07:08","slug":"nuevamente-gill-al-sillon-de-vinas","status":"publish","type":"post","link":"https:\/\/elregionalvm.com.ar\/noticias-villa-maria\/nuevamente-gill-al-sillon-de-vinas\/","title":{"rendered":"\u00bfNuevamente Gill al Sill\u00f3n de Vi\u00f1as\u2026?"},"content":{"rendered":"\n\t\t\t\t<![CDATA[\n<p><strong>Escribe: Miguel Andreis<\/strong><\/p>\n\n\n<p>Viernes al mediod\u00eda, cuando todo en la ciudad parec\u00eda\ndesenvolverse solamente en saber qu\u00e9 dir\u00eda el presidente Alberto Fern\u00e1ndez\nsobre la flexibilizaci\u00f3n de la cuarentena, la voz del Intendente interino de\nVilla Mar\u00eda, Ing. Pablo Rosso, ex rector de la UTN, habr\u00eda indicado -quisimos\ncorroborarlo y no encontramos respuestas- que \u201cMart\u00edn Gill volver\u00eda a su cargo\nel 26 de junio\u201d. El pol\u00e9mico dirigente que abandon\u00f3 a los pocos d\u00edas,\ndesatendiendo la decisi\u00f3n de la ciudadan\u00eda en elegirlo como jefe comunal, para ocupar\nun cargo en el marco del Ejecutivo nacional. Lo cierto es que quien ahora est\u00e1\ncomo principal asesor de Gabriel Katopodis, a cargo de la Secretar\u00eda de esa\n\u00e1rea en el Ministerio de Obras P\u00fablicas, dej\u00f3 en un estado de endebles a su\ntropa en la ciudad, que habr\u00eda empezado a preocuparle. Claro que no todo se\ncierne sobre la geograf\u00eda villamariense, en el Panal, de la ciudad de C\u00f3rdoba,\nGill ha perdido la preeminencia de otros tiempos. Es seriamente cuestionado. &nbsp;Si lo que pretende es regresar y manipular la\nCarta Org\u00e1nica para hacer otra gambeta a los habitantes de la villa que, de\nrigor, vio su alejamiento como una \u201cdisparada\u201d o una salida personal. Despu\u00e9s,\nempeor\u00f3 el desfiguramiento de su imagen, cuando en su derrotero dej\u00f3 para que\nlo supliera al Ing. Pablo Rosso, un ignoto en la pol\u00edtica local, que estaba a\ncargo de la bancada justicialista. Rosso solo arrastr\u00f3 dos votos, de los 12\nediles del Concejo Deliberante. Afligido papel el que desempe\u00f1a.<\/p>\n\n\n<p><strong>&nbsp;Las hip\u00f3tesis se multiplican. <\/strong><\/p>\n\n\n<p>Cada quien con una pizca de razonabilidad. Quiz\u00e1s que las\nm\u00e1s repetidas se unifiquen en la creencia que el alejado mandatario, comenz\u00f3 a\nobservar de la manera que Eduardo Accastello, ahora Ministro de Industria,\nComercio y Miner\u00eda, comenz\u00f3 a ganar espacios en los intersticios que da el\ngobernador Juan Schiaretti. Voces de los cercanos comienzan a elucubrar que el\nmandam\u00e1s de C\u00f3rdoba empieza a observar al tres veces intendente de Villa Mar\u00eda,\ncomo un posible aspirante a suceder a su actual gobierno. \u201cUn interesante candidato\na Gobernador\u201d repiten. <\/p>\n\n\n<p>Ser\u00eda dif\u00edcil sostener que Gill ha perdido una sustancial\ncantidad de adherentes, lo que s\u00ed podr\u00eda asegurarse, es que no sum\u00f3\nabsolutamente a nadie. La actual gesti\u00f3n no tiene demasiado para mostrar. Casi\nque se podr\u00eda decir ninguna obra relevante para la ciudadan\u00eda, no en costos de\ndinero, sino en funcionalidad para quienes la abonan. Por otra parte, y, esto\ndicho en voz baja por hombres gillismo, comprende que su elecci\u00f3n, la de Rosso,\nha sido desacertada. <\/p>\n\n\n<p>Sin salir de laberinto, en el curso de esta semana, los integrantes de la oposici\u00f3n, pusieron en aprietos a la responsable del manejo de fondos de la Municipalidad, la contadora Daniela Lucarelli.\u00a0 A punto tal, que tuvo que indicar p\u00fablicamente que la anunciada y millonaria compra de un campo para un emprendimiento fotovoltaico, denuncia que llev\u00f3 a la Justicia el actual concejal Luis Caronni, el municipio debi\u00f3 dar marcha atr\u00e1s. <\/p>\n\n\n<p>\u00cdntimos del actual ocupante del Sill\u00f3n de Vi\u00f1as, se atreven\na explicar que el sustituto no tiene un peso para hacer nada \u201cni para el\ncombustible de los camiones que son enviados a tareas espec\u00edficas\u201d. El\nacorralamiento pol\u00edtico poco a poco lo desbordar\u00e1. Rosso lejos est\u00e1 de tener la\ncintura de Carlos De Falco. Quien hizo lo imposible para no ser \u00e9l, el\ncandidato. Rosso <\/p>\n\n\n<p>es un improvisado en la faz pol\u00edtica dirigencial, dicho con\nel mayor respeto, pero tambi\u00e9n con la indiscutible imprenta que establece la\ncotidiana realidad. <\/p>\n\n\n<p><strong>Por el\nmomento ser\u00eda Ver\u00f3nica Navarro\u2026<\/strong><\/p>\n\n\n<p>Otra mirada es que Ver\u00f3nica Navarro Alegre, esposa de\nAccastello, ya habr\u00eda comenzado a desandar el camino a su objetivo: la\nintendencia. Ra\u00fal Costa, si bien por el momento no se observa en movimiento de\nmilitancia, dijo, \u201cque si hay elecciones me presento\u201d. Todo esto dentro de la\ncarpa del peronismo o Uni\u00f3n por C\u00f3rdoba, no se ve en el horizonte inmediato a\nnadie de la oposici\u00f3n que calce otra camiseta. Qu\u00e9 puede aparecer, es obvio,\npor el momento la lucha se da entre el gillismo y el accastellismo y, por lo\nque se puede percibir, \u00e9stos \u00faltimos comenzaron a sacar ventajas. No faltan\nquienes sostienen que el nuevo protegido del Ministro cordob\u00e9s es el intendente\nde la vecina ciudad, Natalio Graglia y, hasta arriesgan que sigue al pie de la\nletra lo que el palestino le baja desde C\u00f3rdoba. Algo de eso debe haber, mueve\ncon mucha mayor celeridad las piezas. Lo que se expone en acciones,\nespecialmente en este tema de la cuarentena, Graglia impone ventaja de tiempos\ny manejos comunicacionales. Villa Mar\u00eda tiene el andar de un abuelo sin apuros.<\/p>\n\n\n<p><strong>El l\u00edmite de la tolerancia social<\/strong><\/p>\n\n\n<p>Solo basta saber si Gill considera que se puede mover y\noperar como si fu\u00e9semos una ciudad de descerebrados. De pensar as\u00ed, se\nequivoca. Toda paciencia en cuanto a manoseo de la dignidad colectiva o\nindividual, tiene un l\u00edmite. Seguramente lo debe saber. En todo caso deber\u00eda.\nLa cuarentena es un freno a la realidad que nos chocar\u00e1 despu\u00e9s. Solo basta\nsaber qui\u00e9n tendr\u00e1 el volante en la ciudad hasta las pr\u00f3ximas elecciones. &nbsp;&nbsp;<\/p>\n]]>\t\t","protected":false},"excerpt":{"rendered":"<p>\t\t\t\t<![CDATA[]]>\t\t<\/p>\n","protected":false},"author":5,"featured_media":15768,"comment_status":"open","ping_status":"open","sticky":false,"template":"","format":"standard","meta":{"site-sidebar-layout":"default","site-content-layout":"","ast-site-content-layout":"default","site-content-style":"default","site-sidebar-style":"default","ast-global-header-display":"","ast-banner-title-visibility":"","ast-main-header-display":"","ast-hfb-above-header-display":"","ast-hfb-below-header-display":"","ast-hfb-mobile-header-display":"","site-post-title":"","ast-breadcrumbs-content":"","ast-featured-img":"","footer-sml-layout":"","ast-disable-related-posts":"","theme-transparent-header-meta":"","adv-header-id-meta":"","stick-header-meta":"","header-above-stick-meta":"","header-main-stick-meta":"","header-below-stick-meta":"","astra-migrate-meta-layouts":"default","ast-page-background-enabled":"default","ast-page-background-meta":{"desktop":{"background-color":"","background-image":"","background-repeat":"repeat","background-position":"center center","background-size":"auto","background-attachment":"scroll","background-type":"","background-media":"","overlay-type":"","overlay-color":"","overlay-opacity":"","overlay-gradient":""},"tablet":{"background-color":"","background-image":"","background-repeat":"repeat","background-position":"center center","background-size":"auto","background-attachment":"scroll","background-type":"","background-media":"","overlay-type":"","overlay-color":"","overlay-opacity":"","overlay-gradient":""},"mobile":{"background-color":"","background-image":"","background-repeat":"repeat","background-position":"center center","background-size":"auto","background-attachment":"scroll","background-type":"","background-media":"","overlay-type":"","overlay-color":"","overlay-opacity":"","overlay-gradient":""}},"ast-content-background-meta":{"desktop":{"background-color":"var(--ast-global-color-5)","background-image":"","background-repeat":"repeat","background-position":"center center","background-size":"auto","background-attachment":"scroll","background-type":"","background-media":"","overlay-type":"","overlay-color":"","overlay-opacity":"","overlay-gradient":""},"tablet":{"background-color":"var(--ast-global-color-5)","background-image":"","background-repeat":"repeat","background-position":"center center","background-size":"auto","background-attachment":"scroll","background-type":"","background-media":"","overlay-type":"","overlay-color":"","overlay-opacity":"","overlay-gradient":""},"mobile":{"background-color":"var(--ast-global-color-5)","background-image":"","background-repeat":"repeat","background-position":"center center","background-size":"auto","background-attachment":"scroll","background-type":"","background-media":"","overlay-type":"","overlay-color":"","overlay-opacity":"","overlay-gradient":""}},"_jetpack_memberships_contains_paid_content":false,"_joinchat":[],"footnotes":""},"categories":[2089],"tags":[],"class_list":["post-17747","post","type-post","status-publish","format-standard","has-post-thumbnail","hentry","category-politica"],"yoast_head":"<!-- This site is optimized with the Yoast SEO plugin v26.8 - https:\/\/yoast.com\/product\/yoast-seo-wordpress\/ -->\n<title>\u00bfNuevamente Gill al Sill\u00f3n de Vi\u00f1as\u2026? - El Regional<\/title>\n<meta name=\"robots\" content=\"index, follow, max-snippet:-1, max-image-preview:large, max-video-preview:-1\" \/>\n<link rel=\"canonical\" href=\"http:\/\/elregionalvm.com.ar\/noticias-villa-maria\/nuevamente-gill-al-sillon-de-vinas\/\" \/>\n<meta property=\"og:locale\" content=\"es_ES\" \/>\n<meta property=\"og:type\" content=\"article\" \/>\n<meta property=\"og:title\" content=\"\u00bfNuevamente Gill al Sill\u00f3n de Vi\u00f1as\u2026? - El Regional\" \/>\n<meta property=\"og:url\" content=\"http:\/\/elregionalvm.com.ar\/noticias-villa-maria\/nuevamente-gill-al-sillon-de-vinas\/\" \/>\n<meta property=\"og:site_name\" content=\"El Regional\" \/>\n<meta property=\"article:publisher\" content=\"https:\/\/www.facebook.com\/elregionalvm\" \/>\n<meta property=\"article:published_time\" content=\"2020-05-09T01:22:37+00:00\" \/>\n<meta property=\"article:modified_time\" content=\"2020-06-16T19:07:08+00:00\" \/>\n<meta name=\"author\" content=\"Miguel Andreis\" \/>\n<meta name=\"twitter:card\" content=\"summary_large_image\" \/>\n<meta name=\"twitter:creator\" content=\"@elregionalvm1\" \/>\n<meta name=\"twitter:site\" content=\"@elregionalvm1\" \/>\n<meta name=\"twitter:label1\" content=\"Escrito por\" \/>\n\t<meta name=\"twitter:data1\" content=\"Miguel Andreis\" \/>\n\t<meta name=\"twitter:label2\" content=\"Tiempo de lectura\" \/>\n\t<meta name=\"twitter:data2\" content=\"5 minutos\" \/>\n<script type=\"application\/ld+json\" class=\"yoast-schema-graph\">{\"@context\":\"https:\/\/schema.org\",\"@graph\":[{\"@type\":\"Article\",\"@id\":\"http:\/\/elregionalvm.com.ar\/noticias-villa-maria\/nuevamente-gill-al-sillon-de-vinas\/#article\",\"isPartOf\":{\"@id\":\"http:\/\/elregionalvm.com.ar\/noticias-villa-maria\/nuevamente-gill-al-sillon-de-vinas\/\"},\"author\":{\"name\":\"Miguel Andreis\",\"@id\":\"http:\/\/elregionalvm.com.ar\/noticias-villa-maria\/#\/schema\/person\/df5ff3f005acf29788aed9cb359f1193\"},\"headline\":\"\u00bfNuevamente Gill al Sill\u00f3n de Vi\u00f1as\u2026?\",\"datePublished\":\"2020-05-09T01:22:37+00:00\",\"dateModified\":\"2020-06-16T19:07:08+00:00\",\"mainEntityOfPage\":{\"@id\":\"http:\/\/elregionalvm.com.ar\/noticias-villa-maria\/nuevamente-gill-al-sillon-de-vinas\/\"},\"wordCount\":920,\"commentCount\":0,\"image\":{\"@id\":\"http:\/\/elregionalvm.com.ar\/noticias-villa-maria\/nuevamente-gill-al-sillon-de-vinas\/#primaryimage\"},\"thumbnailUrl\":\"\",\"articleSection\":[\"Pol\u00edtica\"],\"inLanguage\":\"es\",\"potentialAction\":[{\"@type\":\"CommentAction\",\"name\":\"Comment\",\"target\":[\"http:\/\/elregionalvm.com.ar\/noticias-villa-maria\/nuevamente-gill-al-sillon-de-vinas\/#respond\"]}]},{\"@type\":\"WebPage\",\"@id\":\"http:\/\/elregionalvm.com.ar\/noticias-villa-maria\/nuevamente-gill-al-sillon-de-vinas\/\",\"url\":\"http:\/\/elregionalvm.com.ar\/noticias-villa-maria\/nuevamente-gill-al-sillon-de-vinas\/\",\"name\":\"\u00bfNuevamente Gill al Sill\u00f3n de Vi\u00f1as\u2026? - El Regional\",\"isPartOf\":{\"@id\":\"http:\/\/elregionalvm.com.ar\/noticias-villa-maria\/#website\"},\"primaryImageOfPage\":{\"@id\":\"http:\/\/elregionalvm.com.ar\/noticias-villa-maria\/nuevamente-gill-al-sillon-de-vinas\/#primaryimage\"},\"image\":{\"@id\":\"http:\/\/elregionalvm.com.ar\/noticias-villa-maria\/nuevamente-gill-al-sillon-de-vinas\/#primaryimage\"},\"thumbnailUrl\":\"\",\"datePublished\":\"2020-05-09T01:22:37+00:00\",\"dateModified\":\"2020-06-16T19:07:08+00:00\",\"author\":{\"@id\":\"http:\/\/elregionalvm.com.ar\/noticias-villa-maria\/#\/schema\/person\/df5ff3f005acf29788aed9cb359f1193\"},\"breadcrumb\":{\"@id\":\"http:\/\/elregionalvm.com.ar\/noticias-villa-maria\/nuevamente-gill-al-sillon-de-vinas\/#breadcrumb\"},\"inLanguage\":\"es\",\"potentialAction\":[{\"@type\":\"ReadAction\",\"target\":[\"http:\/\/elregionalvm.com.ar\/noticias-villa-maria\/nuevamente-gill-al-sillon-de-vinas\/\"]}]},{\"@type\":\"ImageObject\",\"inLanguage\":\"es\",\"@id\":\"http:\/\/elregionalvm.com.ar\/noticias-villa-maria\/nuevamente-gill-al-sillon-de-vinas\/#primaryimage\",\"url\":\"\",\"contentUrl\":\"\"},{\"@type\":\"BreadcrumbList\",\"@id\":\"http:\/\/elregionalvm.com.ar\/noticias-villa-maria\/nuevamente-gill-al-sillon-de-vinas\/#breadcrumb\",\"itemListElement\":[{\"@type\":\"ListItem\",\"position\":1,\"name\":\"Portada\",\"item\":\"https:\/\/elregionalvm.com.ar\/noticias-villa-maria\/\"},{\"@type\":\"ListItem\",\"position\":2,\"name\":\"\u00bfNuevamente Gill al Sill\u00f3n de Vi\u00f1as\u2026?\"}]},{\"@type\":\"WebSite\",\"@id\":\"http:\/\/elregionalvm.com.ar\/noticias-villa-maria\/#website\",\"url\":\"http:\/\/elregionalvm.com.ar\/noticias-villa-maria\/\",\"name\":\"El Regional\",\"description\":\"Mucho m\u00e1s que informaci\u00f3n\",\"potentialAction\":[{\"@type\":\"SearchAction\",\"target\":{\"@type\":\"EntryPoint\",\"urlTemplate\":\"http:\/\/elregionalvm.com.ar\/noticias-villa-maria\/?s={search_term_string}\"},\"query-input\":{\"@type\":\"PropertyValueSpecification\",\"valueRequired\":true,\"valueName\":\"search_term_string\"}}],\"inLanguage\":\"es\"},{\"@type\":\"Person\",\"@id\":\"http:\/\/elregionalvm.com.ar\/noticias-villa-maria\/#\/schema\/person\/df5ff3f005acf29788aed9cb359f1193\",\"name\":\"Miguel Andreis\",\"image\":{\"@type\":\"ImageObject\",\"inLanguage\":\"es\",\"@id\":\"http:\/\/elregionalvm.com.ar\/noticias-villa-maria\/#\/schema\/person\/image\/\",\"url\":\"https:\/\/secure.gravatar.com\/avatar\/c643381cd03da38327c6407e6886e7182d881f2ecf94a7902ca262c41f9d8884?s=96&d=mm&r=g\",\"contentUrl\":\"https:\/\/secure.gravatar.com\/avatar\/c643381cd03da38327c6407e6886e7182d881f2ecf94a7902ca262c41f9d8884?s=96&d=mm&r=g\",\"caption\":\"Miguel Andreis\"},\"url\":\"https:\/\/elregionalvm.com.ar\/noticias-villa-maria\/author\/miguelandreis\/\"}]}<\/script>\n<!-- \/ Yoast SEO plugin. -->","yoast_head_json":{"title":"\u00bfNuevamente Gill al Sill\u00f3n de Vi\u00f1as\u2026? - El Regional","robots":{"index":"index","follow":"follow","max-snippet":"max-snippet:-1","max-image-preview":"max-image-preview:large","max-video-preview":"max-video-preview:-1"},"canonical":"http:\/\/elregionalvm.com.ar\/noticias-villa-maria\/nuevamente-gill-al-sillon-de-vinas\/","og_locale":"es_ES","og_type":"article","og_title":"\u00bfNuevamente Gill al Sill\u00f3n de Vi\u00f1as\u2026? - El Regional","og_url":"http:\/\/elregionalvm.com.ar\/noticias-villa-maria\/nuevamente-gill-al-sillon-de-vinas\/","og_site_name":"El Regional","article_publisher":"https:\/\/www.facebook.com\/elregionalvm","article_published_time":"2020-05-09T01:22:37+00:00","article_modified_time":"2020-06-16T19:07:08+00:00","author":"Miguel Andreis","twitter_card":"summary_large_image","twitter_creator":"@elregionalvm1","twitter_site":"@elregionalvm1","twitter_misc":{"Escrito por":"Miguel Andreis","Tiempo de lectura":"5 minutos"},"schema":{"@context":"https:\/\/schema.org","@graph":[{"@type":"Article","@id":"http:\/\/elregionalvm.com.ar\/noticias-villa-maria\/nuevamente-gill-al-sillon-de-vinas\/#article","isPartOf":{"@id":"http:\/\/elregionalvm.com.ar\/noticias-villa-maria\/nuevamente-gill-al-sillon-de-vinas\/"},"author":{"name":"Miguel Andreis","@id":"http:\/\/elregionalvm.com.ar\/noticias-villa-maria\/#\/schema\/person\/df5ff3f005acf29788aed9cb359f1193"},"headline":"\u00bfNuevamente Gill al Sill\u00f3n de Vi\u00f1as\u2026?","datePublished":"2020-05-09T01:22:37+00:00","dateModified":"2020-06-16T19:07:08+00:00","mainEntityOfPage":{"@id":"http:\/\/elregionalvm.com.ar\/noticias-villa-maria\/nuevamente-gill-al-sillon-de-vinas\/"},"wordCount":920,"commentCount":0,"image":{"@id":"http:\/\/elregionalvm.com.ar\/noticias-villa-maria\/nuevamente-gill-al-sillon-de-vinas\/#primaryimage"},"thumbnailUrl":"","articleSection":["Pol\u00edtica"],"inLanguage":"es","potentialAction":[{"@type":"CommentAction","name":"Comment","target":["http:\/\/elregionalvm.com.ar\/noticias-villa-maria\/nuevamente-gill-al-sillon-de-vinas\/#respond"]}]},{"@type":"WebPage","@id":"http:\/\/elregionalvm.com.ar\/noticias-villa-maria\/nuevamente-gill-al-sillon-de-vinas\/","url":"http:\/\/elregionalvm.com.ar\/noticias-villa-maria\/nuevamente-gill-al-sillon-de-vinas\/","name":"\u00bfNuevamente Gill al Sill\u00f3n de Vi\u00f1as\u2026? - El Regional","isPartOf":{"@id":"http:\/\/elregionalvm.com.ar\/noticias-villa-maria\/#website"},"primaryImageOfPage":{"@id":"http:\/\/elregionalvm.com.ar\/noticias-villa-maria\/nuevamente-gill-al-sillon-de-vinas\/#primaryimage"},"image":{"@id":"http:\/\/elregionalvm.com.ar\/noticias-villa-maria\/nuevamente-gill-al-sillon-de-vinas\/#primaryimage"},"thumbnailUrl":"","datePublished":"2020-05-09T01:22:37+00:00","dateModified":"2020-06-16T19:07:08+00:00","author":{"@id":"http:\/\/elregionalvm.com.ar\/noticias-villa-maria\/#\/schema\/person\/df5ff3f005acf29788aed9cb359f1193"},"breadcrumb":{"@id":"http:\/\/elregionalvm.com.ar\/noticias-villa-maria\/nuevamente-gill-al-sillon-de-vinas\/#breadcrumb"},"inLanguage":"es","potentialAction":[{"@type":"ReadAction","target":["http:\/\/elregionalvm.com.ar\/noticias-villa-maria\/nuevamente-gill-al-sillon-de-vinas\/"]}]},{"@type":"ImageObject","inLanguage":"es","@id":"http:\/\/elregionalvm.com.ar\/noticias-villa-maria\/nuevamente-gill-al-sillon-de-vinas\/#primaryimage","url":"","contentUrl":""},{"@type":"BreadcrumbList","@id":"http:\/\/elregionalvm.com.ar\/noticias-villa-maria\/nuevamente-gill-al-sillon-de-vinas\/#breadcrumb","itemListElement":[{"@type":"ListItem","position":1,"name":"Portada","item":"https:\/\/elregionalvm.com.ar\/noticias-villa-maria\/"},{"@type":"ListItem","position":2,"name":"\u00bfNuevamente Gill al Sill\u00f3n de Vi\u00f1as\u2026?"}]},{"@type":"WebSite","@id":"http:\/\/elregionalvm.com.ar\/noticias-villa-maria\/#website","url":"http:\/\/elregionalvm.com.ar\/noticias-villa-maria\/","name":"El Regional","description":"Mucho m\u00e1s que informaci\u00f3n","potentialAction":[{"@type":"SearchAction","target":{"@type":"EntryPoint","urlTemplate":"http:\/\/elregionalvm.com.ar\/noticias-villa-maria\/?s={search_term_string}"},"query-input":{"@type":"PropertyValueSpecification","valueRequired":true,"valueName":"search_term_string"}}],"inLanguage":"es"},{"@type":"Person","@id":"http:\/\/elregionalvm.com.ar\/noticias-villa-maria\/#\/schema\/person\/df5ff3f005acf29788aed9cb359f1193","name":"Miguel Andreis","image":{"@type":"ImageObject","inLanguage":"es","@id":"http:\/\/elregionalvm.com.ar\/noticias-villa-maria\/#\/schema\/person\/image\/","url":"https:\/\/secure.gravatar.com\/avatar\/c643381cd03da38327c6407e6886e7182d881f2ecf94a7902ca262c41f9d8884?s=96&d=mm&r=g","contentUrl":"https:\/\/secure.gravatar.com\/avatar\/c643381cd03da38327c6407e6886e7182d881f2ecf94a7902ca262c41f9d8884?s=96&d=mm&r=g","caption":"Miguel Andreis"},"url":"https:\/\/elregionalvm.com.ar\/noticias-villa-maria\/author\/miguelandreis\/"}]}},"jetpack_featured_media_url":"","jetpack_sharing_enabled":true,"_links":{"self":[{"href":"https:\/\/elregionalvm.com.ar\/noticias-villa-maria\/wp-json\/wp\/v2\/posts\/17747","targetHints":{"allow":["GET"]}}],"collection":[{"href":"https:\/\/elregionalvm.com.ar\/noticias-villa-maria\/wp-json\/wp\/v2\/posts"}],"about":[{"href":"https:\/\/elregionalvm.com.ar\/noticias-villa-maria\/wp-json\/wp\/v2\/types\/post"}],"author":[{"embeddable":true,"href":"https:\/\/elregionalvm.com.ar\/noticias-villa-maria\/wp-json\/wp\/v2\/users\/5"}],"replies":[{"embeddable":true,"href":"https:\/\/elregionalvm.com.ar\/noticias-villa-maria\/wp-json\/wp\/v2\/comments?post=17747"}],"version-history":[{"count":1,"href":"https:\/\/elregionalvm.com.ar\/noticias-villa-maria\/wp-json\/wp\/v2\/posts\/17747\/revisions"}],"predecessor-version":[{"id":18123,"href":"https:\/\/elregionalvm.com.ar\/noticias-villa-maria\/wp-json\/wp\/v2\/posts\/17747\/revisions\/18123"}],"wp:featuredmedia":[{"embeddable":true,"href":"https:\/\/elregionalvm.com.ar\/noticias-villa-maria\/wp-json\/"}],"wp:attachment":[{"href":"https:\/\/elregionalvm.com.ar\/noticias-villa-maria\/wp-json\/wp\/v2\/media?parent=17747"}],"wp:term":[{"taxonomy":"category","embeddable":true,"href":"https:\/\/elregionalvm.com.ar\/noticias-villa-maria\/wp-json\/wp\/v2\/categories?post=17747"},{"taxonomy":"post_tag","embeddable":true,"href":"https:\/\/elregionalvm.com.ar\/noticias-villa-maria\/wp-json\/wp\/v2\/tags?post=17747"}],"curies":[{"name":"wp","href":"https:\/\/api.w.org\/{rel}","templated":true}]}}