{"id":17750,"date":"2020-05-09T18:04:11","date_gmt":"2020-05-09T18:04:11","guid":{"rendered":"http:\/\/www.elregionalvm.com.ar\/?p=15779"},"modified":"2020-06-16T19:05:29","modified_gmt":"2020-06-16T19:05:29","slug":"el-discurso-del-presidente-fernandez-que-se-nos-esta-ocultando","status":"publish","type":"post","link":"https:\/\/elregionalvm.com.ar\/noticias-villa-maria\/el-discurso-del-presidente-fernandez-que-se-nos-esta-ocultando\/","title":{"rendered":"El discurso del presidente Fern\u00e1ndez.  \u00bf\u00a1Qu\u00e9 se nos est\u00e1 ocultando!?"},"content":{"rendered":"\n\t\t\t\t<![CDATA[\n<p><strong>Escribe: Miguel Andreis<\/strong><\/p>\n\n\n<p>Cuando los relojes marcaban las 20.34 minutos, el presidente\nde la Naci\u00f3n, acompa\u00f1ado de Horacio Rodr\u00edguez Larreta y Axel Kicillof, dio\ncomienzo a su discurso. Desde lo est\u00e9tico pareci\u00f3 m\u00e1s logrado, m\u00e1s seductor,\nprolijo, en lo conceptual; no obstante, nos permite observar que contin\u00faa\nempantanado en una disposici\u00f3n cuasi victoriosa. Posiblemente tal cerraz\u00f3n no\nles permita captar lo que siente la gente que habita nuestro pa\u00eds.<\/p>\n\n\n<p>\u201cQuiero explicar donde estamos parados. Hemos logrado\nquitarle movilidad -movimiento- a los casos\u201d. Y expuso sus condolencias a los\nfamiliares de los fallecidos. \u201cEst\u00e1 ocurriendo como lo venimos planeando hemos\nsido estrictos en todo el pa\u00eds. Claro que el mayor m\u00e9rito se lo llevan los\nciudadanos que de un modo magn\u00edfico demostraron un comportamiento c\u00edvico\nelogioso\u201d<\/p>\n\n\n<p>\u201cArgentina evoluciona controladamente. Hemos tenido\n\u00e9xitos frenando la pandemia\u201d. En el mismo tenor, sin perder el intento de\nseducci\u00f3n, remarc\u00f3 la frase de uno de los investigadores que lo acompa\u00f1a: \u201cNo\ndebemos perder de vista que el virus no nos busca, nosotros lo buscamos.\u201d<\/p>\n\n\n<p><strong>El caso sueco<\/strong><\/p>\n\n\n<p>\u201cArgentina tiene 6 fallecidos por cada mill\u00f3n de\nhabitantes. Hemos aplastado la curva\u201d. Y en referencia a algo que se habl\u00f3\nmucho en los \u00faltimos d\u00edas, como es el caso sueco, ingres\u00f3 en los n\u00fameros,\nllevando a la comparaci\u00f3n entre Suecia y un pa\u00eds vecino, Noruega. El primero no\nhizo cuarentena ni par\u00f3 su producci\u00f3n, y tuvo 14 veces m\u00e1s muertos que el\nsegundo que s\u00ed hizo cuarentena y fren\u00f3 su econom\u00eda\u201d. Y Fern\u00e1ndez refiri\u00f3 a una\ncomparaci\u00f3n, tomada sesgadamente, ya que el pa\u00eds en cuesti\u00f3n tiene reservas\ncomo para soportar que su naci\u00f3n permanezca sin producir por 12 meses sin que\nla econom\u00eda sufra ning\u00fan deterioro. Y afirm\u00f3 siempre desde una perspectiva de\nverdad absoluta, que \u201csi Argentina hubiese seguido dicha metodolog\u00eda, hoy\ntendr\u00edamos 14 mil muertos\u201d. Esta estrategia que aplicamos desde el gobierno nos\ndemuestra que hemos estado acertados\u201d<\/p>\n\n\n<p>En realidad, fue un discurso para los porte\u00f1os-\nbonaerenses, m\u00e1s que para quienes continuamos aislados y controlados por los\nuniformados, en el interior del pa\u00eds, viendo desde hace rato, que, por suerte,\nse mantiene en n\u00famero de infectados.&nbsp; <\/p>\n\n\n<p>Fern\u00e1ndez expuso que en la denominada AMBA, que ha tenido\nun crecimiento de casos, debido a la densidad de habitantes que tiene: \u201cpara\nhabilitar comercios o industrias hay que pedirle permiso al Poder Ejecutivo\nNacional. Sigue estando prohibido el transporte Inter seccional, salvo para\nquienes hacen los trabajos esenciales\u201d.<\/p>\n\n\n<p><strong>Remarcando que en el\nresto del pa\u00eds quedan las decisiones en manos de los gobernadores e Intendentes\n\u201cpor lo tanto las empresas o industrias que quieran reabrirse deber\u00e1n ocuparse\ndel traslado de sus trabajadores por cuenta de la firma, hasta el lugar del\ntrabajo. No podr\u00e1n movilizarse por transporte p\u00fablico\u201d.<\/strong><\/p>\n\n\n<p>Sumando: \u201cNosotros hemos sido muy estrictos en este\ntiempo. Tambi\u00e9n el reconocimiento a la sociedad argentina, que ha escuchado\nnuestro pedido de cuidarse y de cuidar a los otros. Tenemos un enorme orgullo\ndel comportamiento de nuestros ciudadanos y ciudadanas. Vemos que por esa\nactitud estamos logrando los objetivos\u201d.<\/p>\n\n\n<p>Lo concreto es que, si bien la pandemia no alcanz\u00f3 los\nn\u00fameros que se barajaron inicialmente desde el mismo gobierno, la desesperaci\u00f3n\nde una gran parte de la poblaci\u00f3n pasa por la angustia de no poder trabajar. El\nver c\u00f3mo las empresas y comercios se cierran. La asfixiante incertidumbre de un\nfuturo incierto y dram\u00e1tico. &nbsp;<\/p>\n\n\n<p><strong>Las comparaciones<\/strong><\/p>\n\n\n<p>\u201cSi uno mira c\u00f3mo evoluciona Argentina, nos damos cuenta\nque es una situaci\u00f3n bastante controlada. No tiene sentido que repare sobre los\nn\u00fameros. Si se compara con la situaci\u00f3n de otros pa\u00edses del continente, como\nEcuador, Brasil y Chile, uno ah\u00ed puede mostrar el \u00e9xito que tuvimos como\nsociedad controlando la pandemia\u201d, agreg\u00f3.<\/p>\n\n\n<p>Ha quedado en claro varias cosas, una de ellas, que, si\nbien el contexto es b\u00e1sicamente en superficie la salud comunitaria, las heridas\nmortales de la econom\u00eda se sigue tapando. Los intereses del silencio oficial\nson marcadamente obvios. Millones de desocupados m\u00e1s. Miles de empresas que\ncerrar\u00e1n. Una cuarentena exacerbada. Una ciudadan\u00eda que debe moverse como si\nestuvi\u00e9semos en un estado de sitio. <\/p>\n\n\n<p>El Gobierno nacional sigue mirando con un solo ojo la realidad.\nLas medidas que se toman, en much\u00edsimas de ellas pueden percibirse m\u00e1s rasgos\npol\u00edticos que t\u00e9cnicos. En todo caso, si quienes est\u00e1n m\u00e1s en riesgo son los\nque se concentran en AMBA, que contin\u00faen con las disposiciones all\u00e1. No es\ncriterioso que se aplique el mismo \u201cant\u00eddoto\u201d a un lugar superpoblado como\nBuenos Aires que con otros puntos donde lo demogr\u00e1fico nos a\u00edsla naturalmente.\nMuy pocas provincias se han animado a adoptar una federal decisi\u00f3n como lo hizo\nJujuy. Flexibilizaci\u00f3n racional e intentar poner la maquinaria productiva\nnuevamente en acci\u00f3n.<\/p>\n\n\n<p>En este laberinto de frases, parecen no recordar ni \u00e9l\nprimer mandatario ni quienes lo secundan, que no hace demasiadas semanas\namucharon a m\u00e1s de un mill\u00f3n de personas, denominados de riesgo, para que\ncobraran una jubilaci\u00f3n. Mayor desatino que eso imposible. De esas alocadas\ndecisiones, no se habla. <\/p>\n\n\n<p>Est\u00e1n buscando que, ante el hecho de caer en un enorme\ncr\u00e1ter social, millones de personas dejen la cuarentena de lado. O es que no\nreparan que va mermando despaciosamente el uso del cubre boca o barbijos. Va\ndesapareciendo el miedo a los uniformados, estrictos con las \u00f3rdenes propias de\nun estado autoritario e hipoac\u00fasico. &nbsp;Seguramente de a poco y sin leyes que as\u00ed se\nlo permitan, abrir\u00e1n sus negocios o empresas sin importarles las consecuencias,\nque nunca ser\u00e1n mayor que el bajar las persianas. Ya no le alcanzar\u00e1 al\ngobierno, en tales actos discursivos, desplegar cifras que, para una pandemia, que\nfelizmente, son insignificantes. &nbsp;Lo que\nno es ni ser\u00e1 insignificante, es el gris panorama que se viene y que intentan\nesconder tras un festival del p\u00e1nico.<\/p>\n\n\n<p>&nbsp;Pregunto \u00bfTodas\nlas muertes que tenemos en el pa\u00eds son por coronavirus? Nadie fallece por otras\ncausas\u2026 Curiosa disposici\u00f3n, sospecho, para esconder otros planes muchos m\u00e1s\nperversos que la misma pandemia.<\/p>\n]]>\t\t","protected":false},"excerpt":{"rendered":"<p>\t\t\t\t<![CDATA[]]>\t\t<\/p>\n","protected":false},"author":5,"featured_media":15780,"comment_status":"open","ping_status":"open","sticky":false,"template":"","format":"standard","meta":{"site-sidebar-layout":"default","site-content-layout":"","ast-site-content-layout":"default","site-content-style":"default","site-sidebar-style":"default","ast-global-header-display":"","ast-banner-title-visibility":"","ast-main-header-display":"","ast-hfb-above-header-display":"","ast-hfb-below-header-display":"","ast-hfb-mobile-header-display":"","site-post-title":"","ast-breadcrumbs-content":"","ast-featured-img":"","footer-sml-layout":"","ast-disable-related-posts":"","theme-transparent-header-meta":"","adv-header-id-meta":"","stick-header-meta":"","header-above-stick-meta":"","header-main-stick-meta":"","header-below-stick-meta":"","astra-migrate-meta-layouts":"default","ast-page-background-enabled":"default","ast-page-background-meta":{"desktop":{"background-color":"","background-image":"","background-repeat":"repeat","background-position":"center center","background-size":"auto","background-attachment":"scroll","background-type":"","background-media":"","overlay-type":"","overlay-color":"","overlay-opacity":"","overlay-gradient":""},"tablet":{"background-color":"","background-image":"","background-repeat":"repeat","background-position":"center center","background-size":"auto","background-attachment":"scroll","background-type":"","background-media":"","overlay-type":"","overlay-color":"","overlay-opacity":"","overlay-gradient":""},"mobile":{"background-color":"","background-image":"","background-repeat":"repeat","background-position":"center center","background-size":"auto","background-attachment":"scroll","background-type":"","background-media":"","overlay-type":"","overlay-color":"","overlay-opacity":"","overlay-gradient":""}},"ast-content-background-meta":{"desktop":{"background-color":"var(--ast-global-color-5)","background-image":"","background-repeat":"repeat","background-position":"center center","background-size":"auto","background-attachment":"scroll","background-type":"","background-media":"","overlay-type":"","overlay-color":"","overlay-opacity":"","overlay-gradient":""},"tablet":{"background-color":"var(--ast-global-color-5)","background-image":"","background-repeat":"repeat","background-position":"center center","background-size":"auto","background-attachment":"scroll","background-type":"","background-media":"","overlay-type":"","overlay-color":"","overlay-opacity":"","overlay-gradient":""},"mobile":{"background-color":"var(--ast-global-color-5)","background-image":"","background-repeat":"repeat","background-position":"center center","background-size":"auto","background-attachment":"scroll","background-type":"","background-media":"","overlay-type":"","overlay-color":"","overlay-opacity":"","overlay-gradient":""}},"_jetpack_memberships_contains_paid_content":false,"_joinchat":[],"footnotes":""},"categories":[2089],"tags":[],"class_list":["post-17750","post","type-post","status-publish","format-standard","has-post-thumbnail","hentry","category-politica"],"yoast_head":"<!-- This site is optimized with the Yoast SEO plugin v26.8 - https:\/\/yoast.com\/product\/yoast-seo-wordpress\/ -->\n<title>El discurso del presidente Fern\u00e1ndez. \u00bf\u00a1Qu\u00e9 se nos est\u00e1 ocultando!? - El Regional<\/title>\n<meta name=\"robots\" content=\"index, follow, max-snippet:-1, max-image-preview:large, max-video-preview:-1\" \/>\n<link rel=\"canonical\" href=\"http:\/\/elregionalvm.com.ar\/noticias-villa-maria\/el-discurso-del-presidente-fernandez-que-se-nos-esta-ocultando\/\" \/>\n<meta property=\"og:locale\" content=\"es_ES\" \/>\n<meta property=\"og:type\" content=\"article\" \/>\n<meta property=\"og:title\" content=\"El discurso del presidente Fern\u00e1ndez. \u00bf\u00a1Qu\u00e9 se nos est\u00e1 ocultando!? - El Regional\" \/>\n<meta property=\"og:url\" content=\"http:\/\/elregionalvm.com.ar\/noticias-villa-maria\/el-discurso-del-presidente-fernandez-que-se-nos-esta-ocultando\/\" \/>\n<meta property=\"og:site_name\" content=\"El Regional\" \/>\n<meta property=\"article:publisher\" content=\"https:\/\/www.facebook.com\/elregionalvm\" \/>\n<meta property=\"article:published_time\" content=\"2020-05-09T18:04:11+00:00\" \/>\n<meta property=\"article:modified_time\" content=\"2020-06-16T19:05:29+00:00\" \/>\n<meta name=\"author\" content=\"Miguel Andreis\" \/>\n<meta name=\"twitter:card\" content=\"summary_large_image\" \/>\n<meta name=\"twitter:creator\" content=\"@elregionalvm1\" \/>\n<meta name=\"twitter:site\" content=\"@elregionalvm1\" \/>\n<meta name=\"twitter:label1\" content=\"Escrito por\" \/>\n\t<meta name=\"twitter:data1\" content=\"Miguel Andreis\" \/>\n\t<meta name=\"twitter:label2\" content=\"Tiempo de lectura\" \/>\n\t<meta name=\"twitter:data2\" content=\"5 minutos\" \/>\n<script type=\"application\/ld+json\" class=\"yoast-schema-graph\">{\"@context\":\"https:\/\/schema.org\",\"@graph\":[{\"@type\":\"Article\",\"@id\":\"http:\/\/elregionalvm.com.ar\/noticias-villa-maria\/el-discurso-del-presidente-fernandez-que-se-nos-esta-ocultando\/#article\",\"isPartOf\":{\"@id\":\"http:\/\/elregionalvm.com.ar\/noticias-villa-maria\/el-discurso-del-presidente-fernandez-que-se-nos-esta-ocultando\/\"},\"author\":{\"name\":\"Miguel Andreis\",\"@id\":\"http:\/\/elregionalvm.com.ar\/noticias-villa-maria\/#\/schema\/person\/df5ff3f005acf29788aed9cb359f1193\"},\"headline\":\"El discurso del presidente Fern\u00e1ndez. \u00bf\u00a1Qu\u00e9 se nos est\u00e1 ocultando!?\",\"datePublished\":\"2020-05-09T18:04:11+00:00\",\"dateModified\":\"2020-06-16T19:05:29+00:00\",\"mainEntityOfPage\":{\"@id\":\"http:\/\/elregionalvm.com.ar\/noticias-villa-maria\/el-discurso-del-presidente-fernandez-que-se-nos-esta-ocultando\/\"},\"wordCount\":1076,\"commentCount\":0,\"image\":{\"@id\":\"http:\/\/elregionalvm.com.ar\/noticias-villa-maria\/el-discurso-del-presidente-fernandez-que-se-nos-esta-ocultando\/#primaryimage\"},\"thumbnailUrl\":\"\",\"articleSection\":[\"Pol\u00edtica\"],\"inLanguage\":\"es\",\"potentialAction\":[{\"@type\":\"CommentAction\",\"name\":\"Comment\",\"target\":[\"http:\/\/elregionalvm.com.ar\/noticias-villa-maria\/el-discurso-del-presidente-fernandez-que-se-nos-esta-ocultando\/#respond\"]}]},{\"@type\":\"WebPage\",\"@id\":\"http:\/\/elregionalvm.com.ar\/noticias-villa-maria\/el-discurso-del-presidente-fernandez-que-se-nos-esta-ocultando\/\",\"url\":\"http:\/\/elregionalvm.com.ar\/noticias-villa-maria\/el-discurso-del-presidente-fernandez-que-se-nos-esta-ocultando\/\",\"name\":\"El discurso del presidente Fern\u00e1ndez. \u00bf\u00a1Qu\u00e9 se nos est\u00e1 ocultando!? - El Regional\",\"isPartOf\":{\"@id\":\"http:\/\/elregionalvm.com.ar\/noticias-villa-maria\/#website\"},\"primaryImageOfPage\":{\"@id\":\"http:\/\/elregionalvm.com.ar\/noticias-villa-maria\/el-discurso-del-presidente-fernandez-que-se-nos-esta-ocultando\/#primaryimage\"},\"image\":{\"@id\":\"http:\/\/elregionalvm.com.ar\/noticias-villa-maria\/el-discurso-del-presidente-fernandez-que-se-nos-esta-ocultando\/#primaryimage\"},\"thumbnailUrl\":\"\",\"datePublished\":\"2020-05-09T18:04:11+00:00\",\"dateModified\":\"2020-06-16T19:05:29+00:00\",\"author\":{\"@id\":\"http:\/\/elregionalvm.com.ar\/noticias-villa-maria\/#\/schema\/person\/df5ff3f005acf29788aed9cb359f1193\"},\"breadcrumb\":{\"@id\":\"http:\/\/elregionalvm.com.ar\/noticias-villa-maria\/el-discurso-del-presidente-fernandez-que-se-nos-esta-ocultando\/#breadcrumb\"},\"inLanguage\":\"es\",\"potentialAction\":[{\"@type\":\"ReadAction\",\"target\":[\"http:\/\/elregionalvm.com.ar\/noticias-villa-maria\/el-discurso-del-presidente-fernandez-que-se-nos-esta-ocultando\/\"]}]},{\"@type\":\"ImageObject\",\"inLanguage\":\"es\",\"@id\":\"http:\/\/elregionalvm.com.ar\/noticias-villa-maria\/el-discurso-del-presidente-fernandez-que-se-nos-esta-ocultando\/#primaryimage\",\"url\":\"\",\"contentUrl\":\"\"},{\"@type\":\"BreadcrumbList\",\"@id\":\"http:\/\/elregionalvm.com.ar\/noticias-villa-maria\/el-discurso-del-presidente-fernandez-que-se-nos-esta-ocultando\/#breadcrumb\",\"itemListElement\":[{\"@type\":\"ListItem\",\"position\":1,\"name\":\"Portada\",\"item\":\"https:\/\/elregionalvm.com.ar\/noticias-villa-maria\/\"},{\"@type\":\"ListItem\",\"position\":2,\"name\":\"El discurso del presidente Fern\u00e1ndez. \u00bf\u00a1Qu\u00e9 se nos est\u00e1 ocultando!?\"}]},{\"@type\":\"WebSite\",\"@id\":\"http:\/\/elregionalvm.com.ar\/noticias-villa-maria\/#website\",\"url\":\"http:\/\/elregionalvm.com.ar\/noticias-villa-maria\/\",\"name\":\"El Regional\",\"description\":\"Mucho m\u00e1s que informaci\u00f3n\",\"potentialAction\":[{\"@type\":\"SearchAction\",\"target\":{\"@type\":\"EntryPoint\",\"urlTemplate\":\"http:\/\/elregionalvm.com.ar\/noticias-villa-maria\/?s={search_term_string}\"},\"query-input\":{\"@type\":\"PropertyValueSpecification\",\"valueRequired\":true,\"valueName\":\"search_term_string\"}}],\"inLanguage\":\"es\"},{\"@type\":\"Person\",\"@id\":\"http:\/\/elregionalvm.com.ar\/noticias-villa-maria\/#\/schema\/person\/df5ff3f005acf29788aed9cb359f1193\",\"name\":\"Miguel Andreis\",\"image\":{\"@type\":\"ImageObject\",\"inLanguage\":\"es\",\"@id\":\"http:\/\/elregionalvm.com.ar\/noticias-villa-maria\/#\/schema\/person\/image\/\",\"url\":\"https:\/\/secure.gravatar.com\/avatar\/c643381cd03da38327c6407e6886e7182d881f2ecf94a7902ca262c41f9d8884?s=96&d=mm&r=g\",\"contentUrl\":\"https:\/\/secure.gravatar.com\/avatar\/c643381cd03da38327c6407e6886e7182d881f2ecf94a7902ca262c41f9d8884?s=96&d=mm&r=g\",\"caption\":\"Miguel Andreis\"},\"url\":\"https:\/\/elregionalvm.com.ar\/noticias-villa-maria\/author\/miguelandreis\/\"}]}<\/script>\n<!-- \/ Yoast SEO plugin. -->","yoast_head_json":{"title":"El discurso del presidente Fern\u00e1ndez. \u00bf\u00a1Qu\u00e9 se nos est\u00e1 ocultando!? - El Regional","robots":{"index":"index","follow":"follow","max-snippet":"max-snippet:-1","max-image-preview":"max-image-preview:large","max-video-preview":"max-video-preview:-1"},"canonical":"http:\/\/elregionalvm.com.ar\/noticias-villa-maria\/el-discurso-del-presidente-fernandez-que-se-nos-esta-ocultando\/","og_locale":"es_ES","og_type":"article","og_title":"El discurso del presidente Fern\u00e1ndez. \u00bf\u00a1Qu\u00e9 se nos est\u00e1 ocultando!? - El Regional","og_url":"http:\/\/elregionalvm.com.ar\/noticias-villa-maria\/el-discurso-del-presidente-fernandez-que-se-nos-esta-ocultando\/","og_site_name":"El Regional","article_publisher":"https:\/\/www.facebook.com\/elregionalvm","article_published_time":"2020-05-09T18:04:11+00:00","article_modified_time":"2020-06-16T19:05:29+00:00","author":"Miguel Andreis","twitter_card":"summary_large_image","twitter_creator":"@elregionalvm1","twitter_site":"@elregionalvm1","twitter_misc":{"Escrito por":"Miguel Andreis","Tiempo de lectura":"5 minutos"},"schema":{"@context":"https:\/\/schema.org","@graph":[{"@type":"Article","@id":"http:\/\/elregionalvm.com.ar\/noticias-villa-maria\/el-discurso-del-presidente-fernandez-que-se-nos-esta-ocultando\/#article","isPartOf":{"@id":"http:\/\/elregionalvm.com.ar\/noticias-villa-maria\/el-discurso-del-presidente-fernandez-que-se-nos-esta-ocultando\/"},"author":{"name":"Miguel Andreis","@id":"http:\/\/elregionalvm.com.ar\/noticias-villa-maria\/#\/schema\/person\/df5ff3f005acf29788aed9cb359f1193"},"headline":"El discurso del presidente Fern\u00e1ndez. \u00bf\u00a1Qu\u00e9 se nos est\u00e1 ocultando!?","datePublished":"2020-05-09T18:04:11+00:00","dateModified":"2020-06-16T19:05:29+00:00","mainEntityOfPage":{"@id":"http:\/\/elregionalvm.com.ar\/noticias-villa-maria\/el-discurso-del-presidente-fernandez-que-se-nos-esta-ocultando\/"},"wordCount":1076,"commentCount":0,"image":{"@id":"http:\/\/elregionalvm.com.ar\/noticias-villa-maria\/el-discurso-del-presidente-fernandez-que-se-nos-esta-ocultando\/#primaryimage"},"thumbnailUrl":"","articleSection":["Pol\u00edtica"],"inLanguage":"es","potentialAction":[{"@type":"CommentAction","name":"Comment","target":["http:\/\/elregionalvm.com.ar\/noticias-villa-maria\/el-discurso-del-presidente-fernandez-que-se-nos-esta-ocultando\/#respond"]}]},{"@type":"WebPage","@id":"http:\/\/elregionalvm.com.ar\/noticias-villa-maria\/el-discurso-del-presidente-fernandez-que-se-nos-esta-ocultando\/","url":"http:\/\/elregionalvm.com.ar\/noticias-villa-maria\/el-discurso-del-presidente-fernandez-que-se-nos-esta-ocultando\/","name":"El discurso del presidente Fern\u00e1ndez. \u00bf\u00a1Qu\u00e9 se nos est\u00e1 ocultando!? - El Regional","isPartOf":{"@id":"http:\/\/elregionalvm.com.ar\/noticias-villa-maria\/#website"},"primaryImageOfPage":{"@id":"http:\/\/elregionalvm.com.ar\/noticias-villa-maria\/el-discurso-del-presidente-fernandez-que-se-nos-esta-ocultando\/#primaryimage"},"image":{"@id":"http:\/\/elregionalvm.com.ar\/noticias-villa-maria\/el-discurso-del-presidente-fernandez-que-se-nos-esta-ocultando\/#primaryimage"},"thumbnailUrl":"","datePublished":"2020-05-09T18:04:11+00:00","dateModified":"2020-06-16T19:05:29+00:00","author":{"@id":"http:\/\/elregionalvm.com.ar\/noticias-villa-maria\/#\/schema\/person\/df5ff3f005acf29788aed9cb359f1193"},"breadcrumb":{"@id":"http:\/\/elregionalvm.com.ar\/noticias-villa-maria\/el-discurso-del-presidente-fernandez-que-se-nos-esta-ocultando\/#breadcrumb"},"inLanguage":"es","potentialAction":[{"@type":"ReadAction","target":["http:\/\/elregionalvm.com.ar\/noticias-villa-maria\/el-discurso-del-presidente-fernandez-que-se-nos-esta-ocultando\/"]}]},{"@type":"ImageObject","inLanguage":"es","@id":"http:\/\/elregionalvm.com.ar\/noticias-villa-maria\/el-discurso-del-presidente-fernandez-que-se-nos-esta-ocultando\/#primaryimage","url":"","contentUrl":""},{"@type":"BreadcrumbList","@id":"http:\/\/elregionalvm.com.ar\/noticias-villa-maria\/el-discurso-del-presidente-fernandez-que-se-nos-esta-ocultando\/#breadcrumb","itemListElement":[{"@type":"ListItem","position":1,"name":"Portada","item":"https:\/\/elregionalvm.com.ar\/noticias-villa-maria\/"},{"@type":"ListItem","position":2,"name":"El discurso del presidente Fern\u00e1ndez. \u00bf\u00a1Qu\u00e9 se nos est\u00e1 ocultando!?"}]},{"@type":"WebSite","@id":"http:\/\/elregionalvm.com.ar\/noticias-villa-maria\/#website","url":"http:\/\/elregionalvm.com.ar\/noticias-villa-maria\/","name":"El Regional","description":"Mucho m\u00e1s que informaci\u00f3n","potentialAction":[{"@type":"SearchAction","target":{"@type":"EntryPoint","urlTemplate":"http:\/\/elregionalvm.com.ar\/noticias-villa-maria\/?s={search_term_string}"},"query-input":{"@type":"PropertyValueSpecification","valueRequired":true,"valueName":"search_term_string"}}],"inLanguage":"es"},{"@type":"Person","@id":"http:\/\/elregionalvm.com.ar\/noticias-villa-maria\/#\/schema\/person\/df5ff3f005acf29788aed9cb359f1193","name":"Miguel Andreis","image":{"@type":"ImageObject","inLanguage":"es","@id":"http:\/\/elregionalvm.com.ar\/noticias-villa-maria\/#\/schema\/person\/image\/","url":"https:\/\/secure.gravatar.com\/avatar\/c643381cd03da38327c6407e6886e7182d881f2ecf94a7902ca262c41f9d8884?s=96&d=mm&r=g","contentUrl":"https:\/\/secure.gravatar.com\/avatar\/c643381cd03da38327c6407e6886e7182d881f2ecf94a7902ca262c41f9d8884?s=96&d=mm&r=g","caption":"Miguel Andreis"},"url":"https:\/\/elregionalvm.com.ar\/noticias-villa-maria\/author\/miguelandreis\/"}]}},"jetpack_featured_media_url":"","jetpack_sharing_enabled":true,"_links":{"self":[{"href":"https:\/\/elregionalvm.com.ar\/noticias-villa-maria\/wp-json\/wp\/v2\/posts\/17750","targetHints":{"allow":["GET"]}}],"collection":[{"href":"https:\/\/elregionalvm.com.ar\/noticias-villa-maria\/wp-json\/wp\/v2\/posts"}],"about":[{"href":"https:\/\/elregionalvm.com.ar\/noticias-villa-maria\/wp-json\/wp\/v2\/types\/post"}],"author":[{"embeddable":true,"href":"https:\/\/elregionalvm.com.ar\/noticias-villa-maria\/wp-json\/wp\/v2\/users\/5"}],"replies":[{"embeddable":true,"href":"https:\/\/elregionalvm.com.ar\/noticias-villa-maria\/wp-json\/wp\/v2\/comments?post=17750"}],"version-history":[{"count":1,"href":"https:\/\/elregionalvm.com.ar\/noticias-villa-maria\/wp-json\/wp\/v2\/posts\/17750\/revisions"}],"predecessor-version":[{"id":18121,"href":"https:\/\/elregionalvm.com.ar\/noticias-villa-maria\/wp-json\/wp\/v2\/posts\/17750\/revisions\/18121"}],"wp:featuredmedia":[{"embeddable":true,"href":"https:\/\/elregionalvm.com.ar\/noticias-villa-maria\/wp-json\/"}],"wp:attachment":[{"href":"https:\/\/elregionalvm.com.ar\/noticias-villa-maria\/wp-json\/wp\/v2\/media?parent=17750"}],"wp:term":[{"taxonomy":"category","embeddable":true,"href":"https:\/\/elregionalvm.com.ar\/noticias-villa-maria\/wp-json\/wp\/v2\/categories?post=17750"},{"taxonomy":"post_tag","embeddable":true,"href":"https:\/\/elregionalvm.com.ar\/noticias-villa-maria\/wp-json\/wp\/v2\/tags?post=17750"}],"curies":[{"name":"wp","href":"https:\/\/api.w.org\/{rel}","templated":true}]}}