{"id":17758,"date":"2020-05-13T02:39:01","date_gmt":"2020-05-13T02:39:01","guid":{"rendered":"http:\/\/www.elregionalvm.com.ar\/?p=15822"},"modified":"2020-06-16T19:00:19","modified_gmt":"2020-06-16T19:00:19","slug":"juan-pablo-inglese-hombre-del-accastellismo-potencial-candidato-a-la-intendencia","status":"publish","type":"post","link":"https:\/\/elregionalvm.com.ar\/noticias-villa-maria\/juan-pablo-inglese-hombre-del-accastellismo-potencial-candidato-a-la-intendencia\/","title":{"rendered":"Juan Pablo Inglese, hombre del accastellismo \u00bfPotencial candidato a la intendencia?"},"content":{"rendered":"\n\t\t\t\t<![CDATA[\n<p><strong>Escribe: Miguel Andreis<\/strong><\/p>\n\n\n<p>La pasada semana circul\u00f3 una noticia que indicaba que, seg\u00fan\nel intendente interino, Pablo Rosso, habr\u00eda expuesto a un medio radiof\u00f3nico,\nque en junio regresar\u00eda a nuestra ciudad, el intendente electo Mart\u00edn Gill, que\napenas ungido con el voto de la ciudadan\u00eda \u201chuy\u00f3\u201d hac\u00eda Buenos Aires, ya que\ndesde el Gobierno nacional lo hab\u00edan convocado para un alto cargo en el Ministerio\nde Obras P\u00fablicas, secundando a Katopodis en dicha \u00e1rea. Este medio intent\u00f3\ncomprobar con algunos hombres de la gesti\u00f3n municipal, no obstante, nadie se hizo\ncargo de confirmar o negar lo que cobr\u00f3 trascendencia. La duda sobre si el ex\njefe comunal regresar\u00e1 y, si as\u00ed lo hiciera, tendr\u00eda que ver con retomar su\ncargo o simplemente, en una manipulaci\u00f3n, como en tantas otras oportunidades,\nde la Carta Org\u00e1nica, buscar algunos intersticios, como para en unos d\u00edas dejar\na su sucesor por 6 meses m\u00e1s. Despu\u00e9s, como es muy creyente, Dios\nproveer\u00e1.&nbsp; Mientras tanto, sin importar\nsi las elecciones ser\u00e1n para agosto, mes m\u00e1s o mes menos, se dieron, en el\nplano pol\u00edtica, algunos movimientos por la ciudad. Es por entonces donde\ncomienza a aparecer un nuevo nombre en la escena de los posibles candidatos.\nHasta el momento solo dos aspirantes, bien abrigados y con barbijos como para\nque no se les escuche la voz, son los que, con movimientos \u00ednfimos, esperar\u00edan\npara entrar en las gateras. Ambos del peronismo. Ver\u00f3nica Navarro Alegre y Ra\u00fal\nCosta. No se observa en el horizonte de la oposici\u00f3n ning\u00fan rostro con ganas y\nposibilidades de zambullirse a las complicadas aguas de ir por la disputa del\ncentenario e ic\u00f3nico Sill\u00f3n de Vi\u00f1as. Sin embargo, dentro de las tropas\naccastellistas, comienzan a hacer trascender el nombre de un joven abogado, con\nun importante cargo en el gobierno cordob\u00e9s. Juan Pablo Inglese. Este funcionario,\nSecretario de Comercio de la Provincia, hecho pol\u00edticamente entre los preferidos\ndel Ministro de Industria, Comercio y Miner\u00eda, Eduardo Accastello, comienza a\nser observarlo con mayor atenci\u00f3n. Digamos, empiezan a ver un potencial\ncandidato. A\u00fan entre quienes resaltan su capacidad y militancia, argumentan su\ncorta edad, no tiene a\u00fan treinta a\u00f1os. Otros se interrogan \u00bfNo ser\u00e1 lo que la\nciudadan\u00eda quiere? La din\u00e1mica y la proyecci\u00f3n de un joven que, convence a\npropios y extra\u00f1os. Lo que haga Gill de ahora en m\u00e1s, no le transparentar\u00e1 su\nindisimulable error, primero, el sospechoso intento de la venta de la Placita\nOcampo, que ha dejado bastante herida su credibilidad. La palabra que se usaba\nera \u201cnegociado\u201d. Y la segunda acci\u00f3n, poco fortuita, fue irse a Buenos Aires,\ncasi como una evaporaci\u00f3n, cuando a\u00fan las urnas no se hab\u00edan contabilizado\ntotalmente. Lo llamativo, en este resquicio de tiempos inciertos, es que apareci\u00f3\nen escena, alguien que no figuraba como titular en ning\u00fan plantel, como lo es\nInglese. De ahora en m\u00e1s, que su persona gane notoriedad, depender\u00e1 de varios\nfactores. Uno, de los movimientos que se le observen en el ring, otra, del dedo\nde su formador, que m\u00e1s tarde o m\u00e1s temprano, se encontrar\u00e1 en una complicada\nencrucijada. Su compa\u00f1era Ver\u00f3nica Navarro, ya est\u00e1 en l\u00ednea de largada. <\/p>\n]]>\t\t","protected":false},"excerpt":{"rendered":"<p>\t\t\t\t<![CDATA[]]>\t\t<\/p>\n","protected":false},"author":5,"featured_media":15823,"comment_status":"open","ping_status":"open","sticky":false,"template":"","format":"standard","meta":{"site-sidebar-layout":"default","site-content-layout":"","ast-site-content-layout":"default","site-content-style":"default","site-sidebar-style":"default","ast-global-header-display":"","ast-banner-title-visibility":"","ast-main-header-display":"","ast-hfb-above-header-display":"","ast-hfb-below-header-display":"","ast-hfb-mobile-header-display":"","site-post-title":"","ast-breadcrumbs-content":"","ast-featured-img":"","footer-sml-layout":"","ast-disable-related-posts":"","theme-transparent-header-meta":"","adv-header-id-meta":"","stick-header-meta":"","header-above-stick-meta":"","header-main-stick-meta":"","header-below-stick-meta":"","astra-migrate-meta-layouts":"default","ast-page-background-enabled":"default","ast-page-background-meta":{"desktop":{"background-color":"","background-image":"","background-repeat":"repeat","background-position":"center center","background-size":"auto","background-attachment":"scroll","background-type":"","background-media":"","overlay-type":"","overlay-color":"","overlay-opacity":"","overlay-gradient":""},"tablet":{"background-color":"","background-image":"","background-repeat":"repeat","background-position":"center center","background-size":"auto","background-attachment":"scroll","background-type":"","background-media":"","overlay-type":"","overlay-color":"","overlay-opacity":"","overlay-gradient":""},"mobile":{"background-color":"","background-image":"","background-repeat":"repeat","background-position":"center center","background-size":"auto","background-attachment":"scroll","background-type":"","background-media":"","overlay-type":"","overlay-color":"","overlay-opacity":"","overlay-gradient":""}},"ast-content-background-meta":{"desktop":{"background-color":"var(--ast-global-color-5)","background-image":"","background-repeat":"repeat","background-position":"center center","background-size":"auto","background-attachment":"scroll","background-type":"","background-media":"","overlay-type":"","overlay-color":"","overlay-opacity":"","overlay-gradient":""},"tablet":{"background-color":"var(--ast-global-color-5)","background-image":"","background-repeat":"repeat","background-position":"center center","background-size":"auto","background-attachment":"scroll","background-type":"","background-media":"","overlay-type":"","overlay-color":"","overlay-opacity":"","overlay-gradient":""},"mobile":{"background-color":"var(--ast-global-color-5)","background-image":"","background-repeat":"repeat","background-position":"center center","background-size":"auto","background-attachment":"scroll","background-type":"","background-media":"","overlay-type":"","overlay-color":"","overlay-opacity":"","overlay-gradient":""}},"_jetpack_memberships_contains_paid_content":false,"_joinchat":[],"footnotes":""},"categories":[2089],"tags":[],"class_list":["post-17758","post","type-post","status-publish","format-standard","has-post-thumbnail","hentry","category-politica"],"yoast_head":"<!-- This site is optimized with the Yoast SEO plugin v26.8 - https:\/\/yoast.com\/product\/yoast-seo-wordpress\/ -->\n<title>Juan Pablo Inglese, hombre del accastellismo \u00bfPotencial candidato a la intendencia? - El Regional<\/title>\n<meta name=\"robots\" content=\"index, follow, max-snippet:-1, max-image-preview:large, max-video-preview:-1\" \/>\n<link rel=\"canonical\" href=\"http:\/\/elregionalvm.com.ar\/noticias-villa-maria\/juan-pablo-inglese-hombre-del-accastellismo-potencial-candidato-a-la-intendencia\/\" \/>\n<meta property=\"og:locale\" content=\"es_ES\" \/>\n<meta property=\"og:type\" content=\"article\" \/>\n<meta property=\"og:title\" content=\"Juan Pablo Inglese, hombre del accastellismo \u00bfPotencial candidato a la intendencia? - El Regional\" \/>\n<meta property=\"og:url\" content=\"http:\/\/elregionalvm.com.ar\/noticias-villa-maria\/juan-pablo-inglese-hombre-del-accastellismo-potencial-candidato-a-la-intendencia\/\" \/>\n<meta property=\"og:site_name\" content=\"El Regional\" \/>\n<meta property=\"article:publisher\" content=\"https:\/\/www.facebook.com\/elregionalvm\" \/>\n<meta property=\"article:published_time\" content=\"2020-05-13T02:39:01+00:00\" \/>\n<meta property=\"article:modified_time\" content=\"2020-06-16T19:00:19+00:00\" \/>\n<meta name=\"author\" content=\"Miguel Andreis\" \/>\n<meta name=\"twitter:card\" content=\"summary_large_image\" \/>\n<meta name=\"twitter:creator\" content=\"@elregionalvm1\" \/>\n<meta name=\"twitter:site\" content=\"@elregionalvm1\" \/>\n<meta name=\"twitter:label1\" content=\"Escrito por\" \/>\n\t<meta name=\"twitter:data1\" content=\"Miguel Andreis\" \/>\n\t<meta name=\"twitter:label2\" content=\"Tiempo de lectura\" \/>\n\t<meta name=\"twitter:data2\" content=\"3 minutos\" \/>\n<script type=\"application\/ld+json\" class=\"yoast-schema-graph\">{\"@context\":\"https:\/\/schema.org\",\"@graph\":[{\"@type\":\"Article\",\"@id\":\"http:\/\/elregionalvm.com.ar\/noticias-villa-maria\/juan-pablo-inglese-hombre-del-accastellismo-potencial-candidato-a-la-intendencia\/#article\",\"isPartOf\":{\"@id\":\"http:\/\/elregionalvm.com.ar\/noticias-villa-maria\/juan-pablo-inglese-hombre-del-accastellismo-potencial-candidato-a-la-intendencia\/\"},\"author\":{\"name\":\"Miguel Andreis\",\"@id\":\"http:\/\/elregionalvm.com.ar\/noticias-villa-maria\/#\/schema\/person\/df5ff3f005acf29788aed9cb359f1193\"},\"headline\":\"Juan Pablo Inglese, hombre del accastellismo \u00bfPotencial candidato a la intendencia?\",\"datePublished\":\"2020-05-13T02:39:01+00:00\",\"dateModified\":\"2020-06-16T19:00:19+00:00\",\"mainEntityOfPage\":{\"@id\":\"http:\/\/elregionalvm.com.ar\/noticias-villa-maria\/juan-pablo-inglese-hombre-del-accastellismo-potencial-candidato-a-la-intendencia\/\"},\"wordCount\":581,\"commentCount\":1,\"image\":{\"@id\":\"http:\/\/elregionalvm.com.ar\/noticias-villa-maria\/juan-pablo-inglese-hombre-del-accastellismo-potencial-candidato-a-la-intendencia\/#primaryimage\"},\"thumbnailUrl\":\"\",\"articleSection\":[\"Pol\u00edtica\"],\"inLanguage\":\"es\",\"potentialAction\":[{\"@type\":\"CommentAction\",\"name\":\"Comment\",\"target\":[\"http:\/\/elregionalvm.com.ar\/noticias-villa-maria\/juan-pablo-inglese-hombre-del-accastellismo-potencial-candidato-a-la-intendencia\/#respond\"]}]},{\"@type\":\"WebPage\",\"@id\":\"http:\/\/elregionalvm.com.ar\/noticias-villa-maria\/juan-pablo-inglese-hombre-del-accastellismo-potencial-candidato-a-la-intendencia\/\",\"url\":\"http:\/\/elregionalvm.com.ar\/noticias-villa-maria\/juan-pablo-inglese-hombre-del-accastellismo-potencial-candidato-a-la-intendencia\/\",\"name\":\"Juan Pablo Inglese, hombre del accastellismo \u00bfPotencial candidato a la intendencia? - El Regional\",\"isPartOf\":{\"@id\":\"http:\/\/elregionalvm.com.ar\/noticias-villa-maria\/#website\"},\"primaryImageOfPage\":{\"@id\":\"http:\/\/elregionalvm.com.ar\/noticias-villa-maria\/juan-pablo-inglese-hombre-del-accastellismo-potencial-candidato-a-la-intendencia\/#primaryimage\"},\"image\":{\"@id\":\"http:\/\/elregionalvm.com.ar\/noticias-villa-maria\/juan-pablo-inglese-hombre-del-accastellismo-potencial-candidato-a-la-intendencia\/#primaryimage\"},\"thumbnailUrl\":\"\",\"datePublished\":\"2020-05-13T02:39:01+00:00\",\"dateModified\":\"2020-06-16T19:00:19+00:00\",\"author\":{\"@id\":\"http:\/\/elregionalvm.com.ar\/noticias-villa-maria\/#\/schema\/person\/df5ff3f005acf29788aed9cb359f1193\"},\"breadcrumb\":{\"@id\":\"http:\/\/elregionalvm.com.ar\/noticias-villa-maria\/juan-pablo-inglese-hombre-del-accastellismo-potencial-candidato-a-la-intendencia\/#breadcrumb\"},\"inLanguage\":\"es\",\"potentialAction\":[{\"@type\":\"ReadAction\",\"target\":[\"http:\/\/elregionalvm.com.ar\/noticias-villa-maria\/juan-pablo-inglese-hombre-del-accastellismo-potencial-candidato-a-la-intendencia\/\"]}]},{\"@type\":\"ImageObject\",\"inLanguage\":\"es\",\"@id\":\"http:\/\/elregionalvm.com.ar\/noticias-villa-maria\/juan-pablo-inglese-hombre-del-accastellismo-potencial-candidato-a-la-intendencia\/#primaryimage\",\"url\":\"\",\"contentUrl\":\"\"},{\"@type\":\"BreadcrumbList\",\"@id\":\"http:\/\/elregionalvm.com.ar\/noticias-villa-maria\/juan-pablo-inglese-hombre-del-accastellismo-potencial-candidato-a-la-intendencia\/#breadcrumb\",\"itemListElement\":[{\"@type\":\"ListItem\",\"position\":1,\"name\":\"Portada\",\"item\":\"https:\/\/elregionalvm.com.ar\/noticias-villa-maria\/\"},{\"@type\":\"ListItem\",\"position\":2,\"name\":\"Juan Pablo Inglese, hombre del accastellismo \u00bfPotencial candidato a la intendencia?\"}]},{\"@type\":\"WebSite\",\"@id\":\"http:\/\/elregionalvm.com.ar\/noticias-villa-maria\/#website\",\"url\":\"http:\/\/elregionalvm.com.ar\/noticias-villa-maria\/\",\"name\":\"El Regional\",\"description\":\"Mucho m\u00e1s que informaci\u00f3n\",\"potentialAction\":[{\"@type\":\"SearchAction\",\"target\":{\"@type\":\"EntryPoint\",\"urlTemplate\":\"http:\/\/elregionalvm.com.ar\/noticias-villa-maria\/?s={search_term_string}\"},\"query-input\":{\"@type\":\"PropertyValueSpecification\",\"valueRequired\":true,\"valueName\":\"search_term_string\"}}],\"inLanguage\":\"es\"},{\"@type\":\"Person\",\"@id\":\"http:\/\/elregionalvm.com.ar\/noticias-villa-maria\/#\/schema\/person\/df5ff3f005acf29788aed9cb359f1193\",\"name\":\"Miguel Andreis\",\"image\":{\"@type\":\"ImageObject\",\"inLanguage\":\"es\",\"@id\":\"http:\/\/elregionalvm.com.ar\/noticias-villa-maria\/#\/schema\/person\/image\/\",\"url\":\"https:\/\/secure.gravatar.com\/avatar\/c643381cd03da38327c6407e6886e7182d881f2ecf94a7902ca262c41f9d8884?s=96&d=mm&r=g\",\"contentUrl\":\"https:\/\/secure.gravatar.com\/avatar\/c643381cd03da38327c6407e6886e7182d881f2ecf94a7902ca262c41f9d8884?s=96&d=mm&r=g\",\"caption\":\"Miguel Andreis\"},\"url\":\"https:\/\/elregionalvm.com.ar\/noticias-villa-maria\/author\/miguelandreis\/\"}]}<\/script>\n<!-- \/ Yoast SEO plugin. -->","yoast_head_json":{"title":"Juan Pablo Inglese, hombre del accastellismo \u00bfPotencial candidato a la intendencia? - El Regional","robots":{"index":"index","follow":"follow","max-snippet":"max-snippet:-1","max-image-preview":"max-image-preview:large","max-video-preview":"max-video-preview:-1"},"canonical":"http:\/\/elregionalvm.com.ar\/noticias-villa-maria\/juan-pablo-inglese-hombre-del-accastellismo-potencial-candidato-a-la-intendencia\/","og_locale":"es_ES","og_type":"article","og_title":"Juan Pablo Inglese, hombre del accastellismo \u00bfPotencial candidato a la intendencia? - El Regional","og_url":"http:\/\/elregionalvm.com.ar\/noticias-villa-maria\/juan-pablo-inglese-hombre-del-accastellismo-potencial-candidato-a-la-intendencia\/","og_site_name":"El Regional","article_publisher":"https:\/\/www.facebook.com\/elregionalvm","article_published_time":"2020-05-13T02:39:01+00:00","article_modified_time":"2020-06-16T19:00:19+00:00","author":"Miguel Andreis","twitter_card":"summary_large_image","twitter_creator":"@elregionalvm1","twitter_site":"@elregionalvm1","twitter_misc":{"Escrito por":"Miguel Andreis","Tiempo de lectura":"3 minutos"},"schema":{"@context":"https:\/\/schema.org","@graph":[{"@type":"Article","@id":"http:\/\/elregionalvm.com.ar\/noticias-villa-maria\/juan-pablo-inglese-hombre-del-accastellismo-potencial-candidato-a-la-intendencia\/#article","isPartOf":{"@id":"http:\/\/elregionalvm.com.ar\/noticias-villa-maria\/juan-pablo-inglese-hombre-del-accastellismo-potencial-candidato-a-la-intendencia\/"},"author":{"name":"Miguel Andreis","@id":"http:\/\/elregionalvm.com.ar\/noticias-villa-maria\/#\/schema\/person\/df5ff3f005acf29788aed9cb359f1193"},"headline":"Juan Pablo Inglese, hombre del accastellismo \u00bfPotencial candidato a la intendencia?","datePublished":"2020-05-13T02:39:01+00:00","dateModified":"2020-06-16T19:00:19+00:00","mainEntityOfPage":{"@id":"http:\/\/elregionalvm.com.ar\/noticias-villa-maria\/juan-pablo-inglese-hombre-del-accastellismo-potencial-candidato-a-la-intendencia\/"},"wordCount":581,"commentCount":1,"image":{"@id":"http:\/\/elregionalvm.com.ar\/noticias-villa-maria\/juan-pablo-inglese-hombre-del-accastellismo-potencial-candidato-a-la-intendencia\/#primaryimage"},"thumbnailUrl":"","articleSection":["Pol\u00edtica"],"inLanguage":"es","potentialAction":[{"@type":"CommentAction","name":"Comment","target":["http:\/\/elregionalvm.com.ar\/noticias-villa-maria\/juan-pablo-inglese-hombre-del-accastellismo-potencial-candidato-a-la-intendencia\/#respond"]}]},{"@type":"WebPage","@id":"http:\/\/elregionalvm.com.ar\/noticias-villa-maria\/juan-pablo-inglese-hombre-del-accastellismo-potencial-candidato-a-la-intendencia\/","url":"http:\/\/elregionalvm.com.ar\/noticias-villa-maria\/juan-pablo-inglese-hombre-del-accastellismo-potencial-candidato-a-la-intendencia\/","name":"Juan Pablo Inglese, hombre del accastellismo \u00bfPotencial candidato a la intendencia? - El Regional","isPartOf":{"@id":"http:\/\/elregionalvm.com.ar\/noticias-villa-maria\/#website"},"primaryImageOfPage":{"@id":"http:\/\/elregionalvm.com.ar\/noticias-villa-maria\/juan-pablo-inglese-hombre-del-accastellismo-potencial-candidato-a-la-intendencia\/#primaryimage"},"image":{"@id":"http:\/\/elregionalvm.com.ar\/noticias-villa-maria\/juan-pablo-inglese-hombre-del-accastellismo-potencial-candidato-a-la-intendencia\/#primaryimage"},"thumbnailUrl":"","datePublished":"2020-05-13T02:39:01+00:00","dateModified":"2020-06-16T19:00:19+00:00","author":{"@id":"http:\/\/elregionalvm.com.ar\/noticias-villa-maria\/#\/schema\/person\/df5ff3f005acf29788aed9cb359f1193"},"breadcrumb":{"@id":"http:\/\/elregionalvm.com.ar\/noticias-villa-maria\/juan-pablo-inglese-hombre-del-accastellismo-potencial-candidato-a-la-intendencia\/#breadcrumb"},"inLanguage":"es","potentialAction":[{"@type":"ReadAction","target":["http:\/\/elregionalvm.com.ar\/noticias-villa-maria\/juan-pablo-inglese-hombre-del-accastellismo-potencial-candidato-a-la-intendencia\/"]}]},{"@type":"ImageObject","inLanguage":"es","@id":"http:\/\/elregionalvm.com.ar\/noticias-villa-maria\/juan-pablo-inglese-hombre-del-accastellismo-potencial-candidato-a-la-intendencia\/#primaryimage","url":"","contentUrl":""},{"@type":"BreadcrumbList","@id":"http:\/\/elregionalvm.com.ar\/noticias-villa-maria\/juan-pablo-inglese-hombre-del-accastellismo-potencial-candidato-a-la-intendencia\/#breadcrumb","itemListElement":[{"@type":"ListItem","position":1,"name":"Portada","item":"https:\/\/elregionalvm.com.ar\/noticias-villa-maria\/"},{"@type":"ListItem","position":2,"name":"Juan Pablo Inglese, hombre del accastellismo \u00bfPotencial candidato a la intendencia?"}]},{"@type":"WebSite","@id":"http:\/\/elregionalvm.com.ar\/noticias-villa-maria\/#website","url":"http:\/\/elregionalvm.com.ar\/noticias-villa-maria\/","name":"El Regional","description":"Mucho m\u00e1s que informaci\u00f3n","potentialAction":[{"@type":"SearchAction","target":{"@type":"EntryPoint","urlTemplate":"http:\/\/elregionalvm.com.ar\/noticias-villa-maria\/?s={search_term_string}"},"query-input":{"@type":"PropertyValueSpecification","valueRequired":true,"valueName":"search_term_string"}}],"inLanguage":"es"},{"@type":"Person","@id":"http:\/\/elregionalvm.com.ar\/noticias-villa-maria\/#\/schema\/person\/df5ff3f005acf29788aed9cb359f1193","name":"Miguel Andreis","image":{"@type":"ImageObject","inLanguage":"es","@id":"http:\/\/elregionalvm.com.ar\/noticias-villa-maria\/#\/schema\/person\/image\/","url":"https:\/\/secure.gravatar.com\/avatar\/c643381cd03da38327c6407e6886e7182d881f2ecf94a7902ca262c41f9d8884?s=96&d=mm&r=g","contentUrl":"https:\/\/secure.gravatar.com\/avatar\/c643381cd03da38327c6407e6886e7182d881f2ecf94a7902ca262c41f9d8884?s=96&d=mm&r=g","caption":"Miguel Andreis"},"url":"https:\/\/elregionalvm.com.ar\/noticias-villa-maria\/author\/miguelandreis\/"}]}},"jetpack_featured_media_url":"","jetpack_sharing_enabled":true,"_links":{"self":[{"href":"https:\/\/elregionalvm.com.ar\/noticias-villa-maria\/wp-json\/wp\/v2\/posts\/17758","targetHints":{"allow":["GET"]}}],"collection":[{"href":"https:\/\/elregionalvm.com.ar\/noticias-villa-maria\/wp-json\/wp\/v2\/posts"}],"about":[{"href":"https:\/\/elregionalvm.com.ar\/noticias-villa-maria\/wp-json\/wp\/v2\/types\/post"}],"author":[{"embeddable":true,"href":"https:\/\/elregionalvm.com.ar\/noticias-villa-maria\/wp-json\/wp\/v2\/users\/5"}],"replies":[{"embeddable":true,"href":"https:\/\/elregionalvm.com.ar\/noticias-villa-maria\/wp-json\/wp\/v2\/comments?post=17758"}],"version-history":[{"count":1,"href":"https:\/\/elregionalvm.com.ar\/noticias-villa-maria\/wp-json\/wp\/v2\/posts\/17758\/revisions"}],"predecessor-version":[{"id":18113,"href":"https:\/\/elregionalvm.com.ar\/noticias-villa-maria\/wp-json\/wp\/v2\/posts\/17758\/revisions\/18113"}],"wp:featuredmedia":[{"embeddable":true,"href":"https:\/\/elregionalvm.com.ar\/noticias-villa-maria\/wp-json\/"}],"wp:attachment":[{"href":"https:\/\/elregionalvm.com.ar\/noticias-villa-maria\/wp-json\/wp\/v2\/media?parent=17758"}],"wp:term":[{"taxonomy":"category","embeddable":true,"href":"https:\/\/elregionalvm.com.ar\/noticias-villa-maria\/wp-json\/wp\/v2\/categories?post=17758"},{"taxonomy":"post_tag","embeddable":true,"href":"https:\/\/elregionalvm.com.ar\/noticias-villa-maria\/wp-json\/wp\/v2\/tags?post=17758"}],"curies":[{"name":"wp","href":"https:\/\/api.w.org\/{rel}","templated":true}]}}