{"id":17764,"date":"2020-05-16T16:16:34","date_gmt":"2020-05-16T16:16:34","guid":{"rendered":"http:\/\/www.elregionalvm.com.ar\/?p=15853"},"modified":"2020-06-18T02:23:11","modified_gmt":"2020-06-18T02:23:11","slug":"como-estara-el-tiempo-esta-semana","status":"publish","type":"post","link":"https:\/\/elregionalvm.com.ar\/noticias-villa-maria\/como-estara-el-tiempo-esta-semana\/","title":{"rendered":"C\u00f3mo estar\u00e1 el tiempo esta semana"},"content":{"rendered":"\n\t\t\t\t<![CDATA[\n<p>Pron\u00f3stico extendido desde el s\u00e1bado 16 al viernes 22 de mayo<\/p>\n\n\n<p><em>Interpretaci\u00f3n y redacci\u00f3n del informe meteorol\u00f3gico a cargo del Mg. Hern\u00e1n Allasia, Director del Centro Universitario Mediterr\u00e1neo (Vinculaci\u00f3n UNVM-FUNESIL) VILLA MAR\u00cdA, C\u00d3RDOBA, ARGENTINA<\/em><\/p>\n\n\n<p class=\"has-background has-very-light-gray-background-color\"><strong>S\u00c1BADO 16 DE MAY0<\/strong><\/p>\n\n\n<p>Temperaturas m\u00ednimas y m\u00e1ximas: 10 y 28 \u00b0C<\/p>\n\n\n<p>Humedad promedio en %: 61<\/p>\n\n\n<p>Direcci\u00f3n del viento:&nbsp; N<\/p>\n\n\n<p>Velocidad del viento en km\/h: &nbsp;10 a 25<\/p>\n\n\n<p>Interpretaci\u00f3n: cielo mayormente despejado. Vientos del N de 10 a 25 km\/h. M\u00ednima 10\n\u00b0C, m\u00e1xima 25 \u00b0C.<\/p>\n\n\n<p>Probabilidad de\nprecipitaciones en %: 0<\/p>\n\n\n<p class=\"has-background has-very-light-gray-background-color\"><strong>DOMINGO 17 DE MAY0<\/strong><\/p>\n\n\n<p>Temperaturas m\u00ednimas y m\u00e1ximas: 11 y 27 \u00b0C<\/p>\n\n\n<p>Humedad promedio en %: 59<\/p>\n\n\n<p>Direcci\u00f3n del viento:&nbsp; N<\/p>\n\n\n<p>Velocidad del viento en km\/h:&nbsp; 15 a 30<\/p>\n\n\n<p>Interpretaci\u00f3n: cielo mayormente despejado. Vientos del N de 15 a 30 km\/h. M\u00ednima 11\n\u00b0C, m\u00e1xima 27 \u00b0C.<\/p>\n\n\n<p>Probabilidad de\nprecipitaciones en %: 0<\/p>\n\n\n<p class=\"has-background has-very-light-gray-background-color\"><strong>LUNES 18 DE MAY0<\/strong><\/p>\n\n\n<p>Temperaturas m\u00ednimas y m\u00e1ximas: 13 y 27 \u00b0C<\/p>\n\n\n<p>Humedad promedio en %: 59<\/p>\n\n\n<p>Direcci\u00f3n del viento:&nbsp; N<\/p>\n\n\n<p>Velocidad del viento en km\/h:&nbsp; 15 a 30<\/p>\n\n\n<p>Interpretaci\u00f3n: cielo mayormente despejado. Vientos del N de 15 a 30 km\/h. M\u00ednima 13\n\u00b0C, m\u00e1xima 27 \u00b0C.<\/p>\n\n\n<p>Probabilidad de\nprecipitaciones en %: 0<strong><\/strong><\/p>\n\n\n<p class=\"has-background has-very-light-gray-background-color\"><strong>MARTES 19 DE MAY0<\/strong><\/p>\n\n\n<p>Temperaturas m\u00ednimas y m\u00e1ximas: 10 y 26 \u00b0C<\/p>\n\n\n<p>Humedad promedio en %: 61<\/p>\n\n\n<p>Direcci\u00f3n del viento:&nbsp; NNO\/SO<\/p>\n\n\n<p>Velocidad del viento en km\/h:&nbsp; 10 a 30<\/p>\n\n\n<p>Interpretaci\u00f3n: cielo mayormente despejado y por la noche, parcialmente cubierto.\nVientos del NNO\/SO de 10 a 30 km\/h. M\u00ednima 10 \u00b0C, m\u00e1xima 26 \u00b0C.<\/p>\n\n\n<p>Probabilidad de\nprecipitaciones en %: 10<\/p>\n\n\n<p class=\"has-background has-very-light-gray-background-color\"><strong>MI\u00c9RCOLES 20 DE MAY0<\/strong><\/p>\n\n\n<p>Temperaturas m\u00ednimas y m\u00e1ximas: 7 y 21 \u00b0C<\/p>\n\n\n<p>Humedad promedio en %: 64<\/p>\n\n\n<p>Direcci\u00f3n del viento:&nbsp; S\/SO<\/p>\n\n\n<p>Velocidad del viento en km\/h:&nbsp; 10 a 30<\/p>\n\n\n<p>Interpretaci\u00f3n: cielo parcialmente cubierto. Vientos del S\/SO de 10 a 30 km\/h. M\u00ednima 7\n\u00b0C, m\u00e1xima 21 \u00b0C.<\/p>\n\n\n<p>Probabilidad de\nprecipitaciones en %: 20<\/p>\n\n\n<p class=\"has-background has-very-light-gray-background-color\"><strong>JUEVES 21 DE MAY0<\/strong><\/p>\n\n\n<p>Temperaturas m\u00ednimas y m\u00e1ximas: 7 y 19 \u00b0C<\/p>\n\n\n<p>Humedad promedio en %: 64<\/p>\n\n\n<p>Direcci\u00f3n del viento:&nbsp; SSO\/NNO<\/p>\n\n\n<p>Velocidad del viento en km\/h:&nbsp; 10 a 25<\/p>\n\n\n<p>Interpretaci\u00f3n: cielo mayormente despejado y por la noche parcialmente cubierto.\nVientos del SSO\/NNO de 10 a 25 km\/h. M\u00ednima 7 \u00b0C, m\u00e1xima 19 \u00b0C.<\/p>\n\n\n<p>Probabilidad de\nprecipitaciones en %: 20<\/p>\n\n\n<p class=\"has-background has-very-light-gray-background-color\"><strong>VIERNES 22 DE MAY0<\/strong><\/p>\n\n\n<p>Temperaturas m\u00ednimas y m\u00e1ximas: 7 y 20 \u00b0C<\/p>\n\n\n<p>Humedad promedio en %: 64<\/p>\n\n\n<p>Direcci\u00f3n del viento:&nbsp; NNE\/NNO<\/p>\n\n\n<p>Velocidad del viento en km\/h:&nbsp; 10 a 25<\/p>\n\n\n<p>Interpretaci\u00f3n: cielo parcialmente cubierto. Vientos del NNE\/NNO de 10 a 25 km\/h.\nM\u00ednima 7 \u00b0C, m\u00e1xima 20 \u00b0C.<\/p>\n\n\n<p>Probabilidad de\nprecipitaciones en %: 20<\/p>\n\n\n<p><strong>FUENTES: <\/strong><\/p>\n\n\n<ol class=\"wp-block-list\"><li><strong>The\n     Weather Channel by IBM<\/strong><\/li><li><strong>Norwegian\n     Met. Institute an Norwegian Broadcasting Corporation<\/strong><\/li><li><strong>SMN Servicio Meteorl\u00f3gico Nacional\n     Argentino<br \/>\n     <br \/>\n     <\/strong><\/li><\/ol>\n\n\n<ul class=\"wp-block-gallery columns-2 is-cropped wp-block-gallery-1 is-layout-flex wp-block-gallery-is-layout-flex\"><li class=\"blocks-gallery-item\"><figure><img data-recalc-dims=\"1\" decoding=\"async\" src=\"https:\/\/i0.wp.com\/www.elregionalvm.com.ar\/wp-content\/uploads\/2020\/05\/Clima-Global-logo.jpeg\" alt=\"\" data-id=\"15856\" data-link=\"http:\/\/www.elregionalvm.com.ar\/?attachment_id=15856\" class=\"wp-image-15856\" \/><\/figure><\/li><li class=\"blocks-gallery-item\"><figure><img data-recalc-dims=\"1\" height=\"680\" width=\"1024\" decoding=\"async\" src=\"https:\/\/i0.wp.com\/www.elregionalvm.com.ar\/wp-content\/uploads\/2020\/05\/Clima-Global-logo-2-1024x680.jpeg?resize=1024%2C680\" alt=\"\" data-id=\"15855\" data-link=\"http:\/\/www.elregionalvm.com.ar\/?attachment_id=15855\" class=\"wp-image-15855\" \/><\/figure><\/li><\/ul>\n]]>\t\t","protected":false},"excerpt":{"rendered":"<p>\t\t\t\t<![CDATA[]]>\t\t<\/p>\n","protected":false},"author":6,"featured_media":15145,"comment_status":"open","ping_status":"open","sticky":false,"template":"","format":"standard","meta":{"site-sidebar-layout":"default","site-content-layout":"","ast-site-content-layout":"default","site-content-style":"default","site-sidebar-style":"default","ast-global-header-display":"","ast-banner-title-visibility":"","ast-main-header-display":"","ast-hfb-above-header-display":"","ast-hfb-below-header-display":"","ast-hfb-mobile-header-display":"","site-post-title":"","ast-breadcrumbs-content":"","ast-featured-img":"","footer-sml-layout":"","ast-disable-related-posts":"","theme-transparent-header-meta":"","adv-header-id-meta":"","stick-header-meta":"","header-above-stick-meta":"","header-main-stick-meta":"","header-below-stick-meta":"","astra-migrate-meta-layouts":"default","ast-page-background-enabled":"default","ast-page-background-meta":{"desktop":{"background-color":"","background-image":"","background-repeat":"repeat","background-position":"center center","background-size":"auto","background-attachment":"scroll","background-type":"","background-media":"","overlay-type":"","overlay-color":"","overlay-opacity":"","overlay-gradient":""},"tablet":{"background-color":"","background-image":"","background-repeat":"repeat","background-position":"center center","background-size":"auto","background-attachment":"scroll","background-type":"","background-media":"","overlay-type":"","overlay-color":"","overlay-opacity":"","overlay-gradient":""},"mobile":{"background-color":"","background-image":"","background-repeat":"repeat","background-position":"center center","background-size":"auto","background-attachment":"scroll","background-type":"","background-media":"","overlay-type":"","overlay-color":"","overlay-opacity":"","overlay-gradient":""}},"ast-content-background-meta":{"desktop":{"background-color":"var(--ast-global-color-5)","background-image":"","background-repeat":"repeat","background-position":"center center","background-size":"auto","background-attachment":"scroll","background-type":"","background-media":"","overlay-type":"","overlay-color":"","overlay-opacity":"","overlay-gradient":""},"tablet":{"background-color":"var(--ast-global-color-5)","background-image":"","background-repeat":"repeat","background-position":"center center","background-size":"auto","background-attachment":"scroll","background-type":"","background-media":"","overlay-type":"","overlay-color":"","overlay-opacity":"","overlay-gradient":""},"mobile":{"background-color":"var(--ast-global-color-5)","background-image":"","background-repeat":"repeat","background-position":"center center","background-size":"auto","background-attachment":"scroll","background-type":"","background-media":"","overlay-type":"","overlay-color":"","overlay-opacity":"","overlay-gradient":""}},"_jetpack_memberships_contains_paid_content":false,"_joinchat":[],"footnotes":""},"categories":[2],"tags":[2163,2164,2165,2166,2167,2168,534],"class_list":["post-17764","post","type-post","status-publish","format-standard","has-post-thumbnail","hentry","category-villa-maria","tag-centro-universitario-mediterraneo","tag-clima-global","tag-meteorologico","tag-pronostico","tag-pronostico-extendido","tag-tiempo","tag-villa-maria"],"yoast_head":"<!-- This site is optimized with the Yoast SEO plugin v26.8 - https:\/\/yoast.com\/product\/yoast-seo-wordpress\/ -->\n<title>C\u00f3mo estar\u00e1 el tiempo esta semana - El Regional<\/title>\n<meta name=\"robots\" content=\"index, follow, max-snippet:-1, max-image-preview:large, max-video-preview:-1\" \/>\n<link rel=\"canonical\" href=\"http:\/\/elregionalvm.com.ar\/noticias-villa-maria\/como-estara-el-tiempo-esta-semana\/\" \/>\n<meta property=\"og:locale\" content=\"es_ES\" \/>\n<meta property=\"og:type\" content=\"article\" \/>\n<meta property=\"og:title\" content=\"C\u00f3mo estar\u00e1 el tiempo esta semana - El Regional\" \/>\n<meta property=\"og:url\" content=\"http:\/\/elregionalvm.com.ar\/noticias-villa-maria\/como-estara-el-tiempo-esta-semana\/\" \/>\n<meta property=\"og:site_name\" content=\"El Regional\" \/>\n<meta property=\"article:publisher\" content=\"https:\/\/www.facebook.com\/elregionalvm\" \/>\n<meta property=\"article:published_time\" content=\"2020-05-16T16:16:34+00:00\" \/>\n<meta property=\"article:modified_time\" content=\"2020-06-18T02:23:11+00:00\" \/>\n<meta name=\"author\" content=\"Germ\u00e1n Giacchero\" \/>\n<meta name=\"twitter:card\" content=\"summary_large_image\" \/>\n<meta name=\"twitter:creator\" content=\"@elregionalvm1\" \/>\n<meta name=\"twitter:site\" content=\"@elregionalvm1\" \/>\n<meta name=\"twitter:label1\" content=\"Escrito por\" \/>\n\t<meta name=\"twitter:data1\" content=\"Germ\u00e1n Giacchero\" \/>\n\t<meta name=\"twitter:label2\" content=\"Tiempo de lectura\" \/>\n\t<meta name=\"twitter:data2\" content=\"2 minutos\" \/>\n<script type=\"application\/ld+json\" class=\"yoast-schema-graph\">{\"@context\":\"https:\/\/schema.org\",\"@graph\":[{\"@type\":\"Article\",\"@id\":\"http:\/\/elregionalvm.com.ar\/noticias-villa-maria\/como-estara-el-tiempo-esta-semana\/#article\",\"isPartOf\":{\"@id\":\"http:\/\/elregionalvm.com.ar\/noticias-villa-maria\/como-estara-el-tiempo-esta-semana\/\"},\"author\":{\"name\":\"Germ\u00e1n Giacchero\",\"@id\":\"http:\/\/elregionalvm.com.ar\/noticias-villa-maria\/#\/schema\/person\/d5e4b04966154131701e52c45d3efec9\"},\"headline\":\"C\u00f3mo estar\u00e1 el tiempo esta semana\",\"datePublished\":\"2020-05-16T16:16:34+00:00\",\"dateModified\":\"2020-06-18T02:23:11+00:00\",\"mainEntityOfPage\":{\"@id\":\"http:\/\/elregionalvm.com.ar\/noticias-villa-maria\/como-estara-el-tiempo-esta-semana\/\"},\"wordCount\":440,\"commentCount\":0,\"image\":{\"@id\":\"http:\/\/elregionalvm.com.ar\/noticias-villa-maria\/como-estara-el-tiempo-esta-semana\/#primaryimage\"},\"thumbnailUrl\":\"\",\"keywords\":[\"Centro Universitario Mediterr\u00e1neo\",\"Clima Global\",\"Meteorol\u00f3gico\",\"Pron\u00f3stico\",\"Pron\u00f3stico Extendido\",\"Tiempo\",\"villa maria\"],\"articleSection\":[\"Villa Mar\u00eda\"],\"inLanguage\":\"es\",\"potentialAction\":[{\"@type\":\"CommentAction\",\"name\":\"Comment\",\"target\":[\"http:\/\/elregionalvm.com.ar\/noticias-villa-maria\/como-estara-el-tiempo-esta-semana\/#respond\"]}]},{\"@type\":\"WebPage\",\"@id\":\"http:\/\/elregionalvm.com.ar\/noticias-villa-maria\/como-estara-el-tiempo-esta-semana\/\",\"url\":\"http:\/\/elregionalvm.com.ar\/noticias-villa-maria\/como-estara-el-tiempo-esta-semana\/\",\"name\":\"C\u00f3mo estar\u00e1 el tiempo esta semana - El Regional\",\"isPartOf\":{\"@id\":\"http:\/\/elregionalvm.com.ar\/noticias-villa-maria\/#website\"},\"primaryImageOfPage\":{\"@id\":\"http:\/\/elregionalvm.com.ar\/noticias-villa-maria\/como-estara-el-tiempo-esta-semana\/#primaryimage\"},\"image\":{\"@id\":\"http:\/\/elregionalvm.com.ar\/noticias-villa-maria\/como-estara-el-tiempo-esta-semana\/#primaryimage\"},\"thumbnailUrl\":\"\",\"datePublished\":\"2020-05-16T16:16:34+00:00\",\"dateModified\":\"2020-06-18T02:23:11+00:00\",\"author\":{\"@id\":\"http:\/\/elregionalvm.com.ar\/noticias-villa-maria\/#\/schema\/person\/d5e4b04966154131701e52c45d3efec9\"},\"breadcrumb\":{\"@id\":\"http:\/\/elregionalvm.com.ar\/noticias-villa-maria\/como-estara-el-tiempo-esta-semana\/#breadcrumb\"},\"inLanguage\":\"es\",\"potentialAction\":[{\"@type\":\"ReadAction\",\"target\":[\"http:\/\/elregionalvm.com.ar\/noticias-villa-maria\/como-estara-el-tiempo-esta-semana\/\"]}]},{\"@type\":\"ImageObject\",\"inLanguage\":\"es\",\"@id\":\"http:\/\/elregionalvm.com.ar\/noticias-villa-maria\/como-estara-el-tiempo-esta-semana\/#primaryimage\",\"url\":\"\",\"contentUrl\":\"\"},{\"@type\":\"BreadcrumbList\",\"@id\":\"http:\/\/elregionalvm.com.ar\/noticias-villa-maria\/como-estara-el-tiempo-esta-semana\/#breadcrumb\",\"itemListElement\":[{\"@type\":\"ListItem\",\"position\":1,\"name\":\"Portada\",\"item\":\"https:\/\/elregionalvm.com.ar\/noticias-villa-maria\/\"},{\"@type\":\"ListItem\",\"position\":2,\"name\":\"C\u00f3mo estar\u00e1 el tiempo esta semana\"}]},{\"@type\":\"WebSite\",\"@id\":\"http:\/\/elregionalvm.com.ar\/noticias-villa-maria\/#website\",\"url\":\"http:\/\/elregionalvm.com.ar\/noticias-villa-maria\/\",\"name\":\"El Regional\",\"description\":\"Mucho m\u00e1s que informaci\u00f3n\",\"potentialAction\":[{\"@type\":\"SearchAction\",\"target\":{\"@type\":\"EntryPoint\",\"urlTemplate\":\"http:\/\/elregionalvm.com.ar\/noticias-villa-maria\/?s={search_term_string}\"},\"query-input\":{\"@type\":\"PropertyValueSpecification\",\"valueRequired\":true,\"valueName\":\"search_term_string\"}}],\"inLanguage\":\"es\"},{\"@type\":\"Person\",\"@id\":\"http:\/\/elregionalvm.com.ar\/noticias-villa-maria\/#\/schema\/person\/d5e4b04966154131701e52c45d3efec9\",\"name\":\"Germ\u00e1n Giacchero\",\"image\":{\"@type\":\"ImageObject\",\"inLanguage\":\"es\",\"@id\":\"http:\/\/elregionalvm.com.ar\/noticias-villa-maria\/#\/schema\/person\/image\/\",\"url\":\"https:\/\/secure.gravatar.com\/avatar\/fda163ba5ef0307ee5be9846e10f83b6e83d0cfb260d3b2464830318894c6b04?s=96&d=mm&r=g\",\"contentUrl\":\"https:\/\/secure.gravatar.com\/avatar\/fda163ba5ef0307ee5be9846e10f83b6e83d0cfb260d3b2464830318894c6b04?s=96&d=mm&r=g\",\"caption\":\"Germ\u00e1n Giacchero\"},\"url\":\"https:\/\/elregionalvm.com.ar\/noticias-villa-maria\/author\/germangiacchero\/\"}]}<\/script>\n<!-- \/ Yoast SEO plugin. -->","yoast_head_json":{"title":"C\u00f3mo estar\u00e1 el tiempo esta semana - El Regional","robots":{"index":"index","follow":"follow","max-snippet":"max-snippet:-1","max-image-preview":"max-image-preview:large","max-video-preview":"max-video-preview:-1"},"canonical":"http:\/\/elregionalvm.com.ar\/noticias-villa-maria\/como-estara-el-tiempo-esta-semana\/","og_locale":"es_ES","og_type":"article","og_title":"C\u00f3mo estar\u00e1 el tiempo esta semana - El Regional","og_url":"http:\/\/elregionalvm.com.ar\/noticias-villa-maria\/como-estara-el-tiempo-esta-semana\/","og_site_name":"El Regional","article_publisher":"https:\/\/www.facebook.com\/elregionalvm","article_published_time":"2020-05-16T16:16:34+00:00","article_modified_time":"2020-06-18T02:23:11+00:00","author":"Germ\u00e1n Giacchero","twitter_card":"summary_large_image","twitter_creator":"@elregionalvm1","twitter_site":"@elregionalvm1","twitter_misc":{"Escrito por":"Germ\u00e1n Giacchero","Tiempo de lectura":"2 minutos"},"schema":{"@context":"https:\/\/schema.org","@graph":[{"@type":"Article","@id":"http:\/\/elregionalvm.com.ar\/noticias-villa-maria\/como-estara-el-tiempo-esta-semana\/#article","isPartOf":{"@id":"http:\/\/elregionalvm.com.ar\/noticias-villa-maria\/como-estara-el-tiempo-esta-semana\/"},"author":{"name":"Germ\u00e1n Giacchero","@id":"http:\/\/elregionalvm.com.ar\/noticias-villa-maria\/#\/schema\/person\/d5e4b04966154131701e52c45d3efec9"},"headline":"C\u00f3mo estar\u00e1 el tiempo esta semana","datePublished":"2020-05-16T16:16:34+00:00","dateModified":"2020-06-18T02:23:11+00:00","mainEntityOfPage":{"@id":"http:\/\/elregionalvm.com.ar\/noticias-villa-maria\/como-estara-el-tiempo-esta-semana\/"},"wordCount":440,"commentCount":0,"image":{"@id":"http:\/\/elregionalvm.com.ar\/noticias-villa-maria\/como-estara-el-tiempo-esta-semana\/#primaryimage"},"thumbnailUrl":"","keywords":["Centro Universitario Mediterr\u00e1neo","Clima Global","Meteorol\u00f3gico","Pron\u00f3stico","Pron\u00f3stico Extendido","Tiempo","villa maria"],"articleSection":["Villa Mar\u00eda"],"inLanguage":"es","potentialAction":[{"@type":"CommentAction","name":"Comment","target":["http:\/\/elregionalvm.com.ar\/noticias-villa-maria\/como-estara-el-tiempo-esta-semana\/#respond"]}]},{"@type":"WebPage","@id":"http:\/\/elregionalvm.com.ar\/noticias-villa-maria\/como-estara-el-tiempo-esta-semana\/","url":"http:\/\/elregionalvm.com.ar\/noticias-villa-maria\/como-estara-el-tiempo-esta-semana\/","name":"C\u00f3mo estar\u00e1 el tiempo esta semana - El Regional","isPartOf":{"@id":"http:\/\/elregionalvm.com.ar\/noticias-villa-maria\/#website"},"primaryImageOfPage":{"@id":"http:\/\/elregionalvm.com.ar\/noticias-villa-maria\/como-estara-el-tiempo-esta-semana\/#primaryimage"},"image":{"@id":"http:\/\/elregionalvm.com.ar\/noticias-villa-maria\/como-estara-el-tiempo-esta-semana\/#primaryimage"},"thumbnailUrl":"","datePublished":"2020-05-16T16:16:34+00:00","dateModified":"2020-06-18T02:23:11+00:00","author":{"@id":"http:\/\/elregionalvm.com.ar\/noticias-villa-maria\/#\/schema\/person\/d5e4b04966154131701e52c45d3efec9"},"breadcrumb":{"@id":"http:\/\/elregionalvm.com.ar\/noticias-villa-maria\/como-estara-el-tiempo-esta-semana\/#breadcrumb"},"inLanguage":"es","potentialAction":[{"@type":"ReadAction","target":["http:\/\/elregionalvm.com.ar\/noticias-villa-maria\/como-estara-el-tiempo-esta-semana\/"]}]},{"@type":"ImageObject","inLanguage":"es","@id":"http:\/\/elregionalvm.com.ar\/noticias-villa-maria\/como-estara-el-tiempo-esta-semana\/#primaryimage","url":"","contentUrl":""},{"@type":"BreadcrumbList","@id":"http:\/\/elregionalvm.com.ar\/noticias-villa-maria\/como-estara-el-tiempo-esta-semana\/#breadcrumb","itemListElement":[{"@type":"ListItem","position":1,"name":"Portada","item":"https:\/\/elregionalvm.com.ar\/noticias-villa-maria\/"},{"@type":"ListItem","position":2,"name":"C\u00f3mo estar\u00e1 el tiempo esta semana"}]},{"@type":"WebSite","@id":"http:\/\/elregionalvm.com.ar\/noticias-villa-maria\/#website","url":"http:\/\/elregionalvm.com.ar\/noticias-villa-maria\/","name":"El Regional","description":"Mucho m\u00e1s que informaci\u00f3n","potentialAction":[{"@type":"SearchAction","target":{"@type":"EntryPoint","urlTemplate":"http:\/\/elregionalvm.com.ar\/noticias-villa-maria\/?s={search_term_string}"},"query-input":{"@type":"PropertyValueSpecification","valueRequired":true,"valueName":"search_term_string"}}],"inLanguage":"es"},{"@type":"Person","@id":"http:\/\/elregionalvm.com.ar\/noticias-villa-maria\/#\/schema\/person\/d5e4b04966154131701e52c45d3efec9","name":"Germ\u00e1n Giacchero","image":{"@type":"ImageObject","inLanguage":"es","@id":"http:\/\/elregionalvm.com.ar\/noticias-villa-maria\/#\/schema\/person\/image\/","url":"https:\/\/secure.gravatar.com\/avatar\/fda163ba5ef0307ee5be9846e10f83b6e83d0cfb260d3b2464830318894c6b04?s=96&d=mm&r=g","contentUrl":"https:\/\/secure.gravatar.com\/avatar\/fda163ba5ef0307ee5be9846e10f83b6e83d0cfb260d3b2464830318894c6b04?s=96&d=mm&r=g","caption":"Germ\u00e1n Giacchero"},"url":"https:\/\/elregionalvm.com.ar\/noticias-villa-maria\/author\/germangiacchero\/"}]}},"jetpack_featured_media_url":"","jetpack_sharing_enabled":true,"_links":{"self":[{"href":"https:\/\/elregionalvm.com.ar\/noticias-villa-maria\/wp-json\/wp\/v2\/posts\/17764","targetHints":{"allow":["GET"]}}],"collection":[{"href":"https:\/\/elregionalvm.com.ar\/noticias-villa-maria\/wp-json\/wp\/v2\/posts"}],"about":[{"href":"https:\/\/elregionalvm.com.ar\/noticias-villa-maria\/wp-json\/wp\/v2\/types\/post"}],"author":[{"embeddable":true,"href":"https:\/\/elregionalvm.com.ar\/noticias-villa-maria\/wp-json\/wp\/v2\/users\/6"}],"replies":[{"embeddable":true,"href":"https:\/\/elregionalvm.com.ar\/noticias-villa-maria\/wp-json\/wp\/v2\/comments?post=17764"}],"version-history":[{"count":1,"href":"https:\/\/elregionalvm.com.ar\/noticias-villa-maria\/wp-json\/wp\/v2\/posts\/17764\/revisions"}],"predecessor-version":[{"id":18202,"href":"https:\/\/elregionalvm.com.ar\/noticias-villa-maria\/wp-json\/wp\/v2\/posts\/17764\/revisions\/18202"}],"wp:featuredmedia":[{"embeddable":true,"href":"https:\/\/elregionalvm.com.ar\/noticias-villa-maria\/wp-json\/"}],"wp:attachment":[{"href":"https:\/\/elregionalvm.com.ar\/noticias-villa-maria\/wp-json\/wp\/v2\/media?parent=17764"}],"wp:term":[{"taxonomy":"category","embeddable":true,"href":"https:\/\/elregionalvm.com.ar\/noticias-villa-maria\/wp-json\/wp\/v2\/categories?post=17764"},{"taxonomy":"post_tag","embeddable":true,"href":"https:\/\/elregionalvm.com.ar\/noticias-villa-maria\/wp-json\/wp\/v2\/tags?post=17764"}],"curies":[{"name":"wp","href":"https:\/\/api.w.org\/{rel}","templated":true}]}}