{"id":17768,"date":"2020-05-18T23:07:05","date_gmt":"2020-05-18T23:07:05","guid":{"rendered":"http:\/\/www.elregionalvm.com.ar\/?p=15877"},"modified":"2020-06-16T18:54:10","modified_gmt":"2020-06-16T18:54:10","slug":"scioli-alma-de-reptil","status":"publish","type":"post","link":"https:\/\/elregionalvm.com.ar\/noticias-villa-maria\/scioli-alma-de-reptil\/","title":{"rendered":"Scioli: \u00bf\u00a1\u00a1Alma de reptil\u2026!!?"},"content":{"rendered":"\n\t\t\t\t<![CDATA[\n<p><strong>Breve historia de Carlitos Menem y sus amor\u00edos<\/strong><\/p>\n\n\n<p>Sin dudas que uno de los pol\u00edticos que ha quedado en la\npicota, entre muchos, del juzgamiento del colectivo social es Daniel Scioli.\nTal vez a\u00fan no se conozca todos los perfiles de su personalidad y mucho menos\nde los logros econ\u00f3micos personales, alcanzados desde los distintos cargos\nconque lo \u201cpremiaron\u201d. Que se asegura, no son pocos. Desde fastuosos hoteles en\nItalia, hasta otros inmuebles de inmenso valor econ\u00f3mico. No obstante, su\nm\u00faltiple personalidad, enga\u00f1a. Siempre se lo ve \u201cfeliz\u201d, escondiendo sus\nmiserias conceptuales. <\/p>\n\n\n<p>Circunstancialmente, en una fiesta familiar, tuve una conversaci\u00f3n\nen nuestra ciudad con un conocido deportista internacional R.Z. (Se resguarda\nsu nombre ya que no se le pidi\u00f3 autorizaci\u00f3n para para esta narrativa).\nRecorri\u00f3 las pistas m\u00e1s relevantes del mundo sobre dos ruedas. M\u00e1s tarde,\nacompa\u00f1ar\u00eda a Carlitos Menem en gran parte de su actividad \u201cfierrera\u201d. El mismo\npinta de cuerpo entero a este hombre de m\u00faltiple moral.<\/p>\n\n\n<p><strong>Por:\nMiguel Andreis<\/strong><\/p>\n\n\n<p><strong>Fue en los primeros a\u00f1os del 2000<\/strong><\/p>\n\n\n<p>El cumplea\u00f1os de una compa\u00f1era de trabajo se decidi\u00f3\nfestejarlo en una quinta en la salida de la villa por la ruta 9. Detr\u00e1s de la\nUsina de EPEC. Preguntaron si no hab\u00eda problemas que tambi\u00e9n viniese R.Z,\notrora famoso corredor de motos en el orden internacional, posteriormente y por\nvarios a\u00f1os sigui\u00f3 compitiendo exitosamente sobre las cuatro ruedas. El\nnombrado ten\u00eda alg\u00fan acercamiento con la cumplea\u00f1era.<\/p>\n\n\n<p>No lo conoc\u00eda personalmente, s\u00ed, de nombre. Un tipo tan\nsimp\u00e1tico como ameno.<\/p>\n\n\n<p>Habl\u00f3 sobre el mundo de los \u201cfierros\u201d. De los grandes\nnombres. Hac\u00eda tiempo que era uno de los nexos entre pilotos nacionales y la\ncompleja Europa. No pude evitar preguntarle sobre Carlitos Menem Jr. \u00c9l lo\ncontact\u00f3 con las figuras de las distintas f\u00f3rmulas y fue algo as\u00ed como su\nmanager: \u201cPara m\u00ed Carlitos era como un hijo. Lo quise much\u00edsimo. Igual que a\nZulema y Don Carlos. De vez en cuando los voy a visitar. Conmigo se portaron\nmaravillosamente\u201d remarc\u00f3<\/p>\n\n\n<p>R.Z era uno de los tres que se movilizaban en el autom\u00f3vil\nque viajaba por la ruta casi debajo del helic\u00f3ptero en el que volaban Menem Jr.\ny Ricardo Oltra en el momento de la tragedia. \u201cFue todo demasiado r\u00e1pido.\nEstruendo que nunca se ir\u00e1 de mis o\u00eddos y salir corriendo hacia la m\u00e1quina. Una\nescena pat\u00e9tica. Carlos estaba destrozado igual que Oltra. Me costaba entender\nlo que estaba viendo. Llegaron las ambulancias, ayudamos y tomamos unos\nmaletines con d\u00f3lares que transportaban para pagar unos motores (luego fueron\nentregados a Zulema). Era mucho el dinero que se mov\u00eda con la escuder\u00eda de\nCarlitos\u2026\u201d. Hizo un largo par\u00e9ntesis, ese chico hab\u00eda sido muy importante en su\nvida.<\/p>\n\n\n<p><strong>La noche acompa\u00f1aba para disfrutar algunos fernets con\ncoca.<\/strong><\/p>\n\n\n<p>La conversaci\u00f3n iba de un lado a otro. Las an\u00e9cdotas se\nsuced\u00edan. En casi todas las escenas aparec\u00eda Jr. \u201cUn chico muy derecho, muy\nquerible y excelente piloto. Lo que por momentos me incomodaba era cuando\n\u00edbamos a su casa y el presidente estaba con algunos de sus funcionarios.\nCarlitos les dec\u00eda sin ning\u00fan tipo de tapujos \u00b4viejo cu\u00eddate de \u00e9stos que te\nvan a cagar\u00b4. Respetaba mucho a Corach y Alberto Kohan<\/p>\n\n\n<p>No dej\u00f3 de sorprenderme cuando, sin saber c\u00f3mo, emergi\u00f3 el\nnombre de Daniel Scioli. Percib\u00ed en el deportista un indisimulable rechazo.\nFastidio. Qui\u00e9n hab\u00eda perdido un brazo como motonauta, era para RZ \u201cun ser que\nrepta no que camina. Lo peor que he visto en mi vida como persona\u201d sentenci\u00f3.\nPor entonces Scioli estaba al frente de la Secretar\u00eda de Turismo y Deportes.<\/p>\n\n\n<p><strong>Le\ncoment\u00e9 que no era la imagen que yo ten\u00eda. Me parec\u00eda una persona de bien\u2026.<\/strong><\/p>\n\n\n<p>\u201cTe lo digo simple, lo conozco y bastante, es un ser sin\ndignidad ni moral. Te dir\u00eda, que despreciable\u2026\u201d<\/p>\n\n\n<p>No insist\u00ed m\u00e1s. Derivamos en otra tem\u00e1tica. Not\u00e9 cierta\nreticencia en hablar sobre la muerte de Carlitos. Narr\u00f3 como la familia Menem\nle entreg\u00f3 el manejo de la escuder\u00eda de competici\u00f3n por dos a\u00f1os que luego se\nqued\u00f3 Zulemita\u201d acot\u00f3.<\/p>\n\n\n<p>&#8212;&#8212;&#8212;&#8212;-<\/p>\n\n\n<p><strong>El padre de Daniel Scioli, Jos\u00e9 o Pepe, fue el due\u00f1o de\nuna gran fortuna. Uno de los propietarios de Canal 9 junto con Garbarino y\nP\u00e9rez P\u00edcaro y de grandes casas de comercios, art\u00edculos para el hogar. En s\u00edntesis,\nquedaron en la lona por todos \u201cerrores\u201d de quien despu\u00e9s fuera Gobernador de la\nprovincia m\u00e1s grande del pa\u00eds. Muchas de las acusaciones a\u00fan no salieron a la\nluz\u2026 (M\u00e1s tarde se conocer\u00edan, como los grandes hoteles en Italia, campos,\nquintas, etc. Todas, ante la Justicia quedaron en la nada. Al menos poco\ntrascendi\u00f3 y jam\u00e1s perdi\u00f3 su libertad) <\/strong><\/p>\n\n\n<p><strong>Vuelvo a\nla carga.<\/strong><\/p>\n\n\n<p>\u201c\u00a1\u00a1Me cuesta asumir tu definici\u00f3n de reptil!!\u201d; la respuesta\nse profundiz\u00f3: \u201cLo pinta de cuerpo entero. Te dir\u00eda que es peor que un reptil.\nTe cuento. Un d\u00eda viajando a Europa Carlitos me dice, \u00b4vos sab\u00e9s que hoy me\nhabl\u00f3 K, y la verdad que me encanta\u00b4. Le pregunto qu\u00e9 K, \u201cla mujer del \u00b4manco\u00b4-\nme dice. No lo pod\u00eda ni ver\u2026. \u201cReconozco que el pibe viv\u00eda meti\u00e9ndose en\nquilombo con mujeres. No me Sali\u00f3 otra cosa que decirle \u00b4dejate de joder que\nsolo le vas a traer m\u00e1s problemas a tu viejo\u00b4. Sab\u00eda que no me dar\u00eda bolas. K, era\nmuy bella y seductora. Regresamos. Siempre est\u00e1bamos en el edificio de la\nescuder\u00eda, plena avenida Libertador, enorme bell\u00edsimo. (Arriba hizo construir\nuna cancha de p\u00e1del). All\u00ed recalaban todas las figuras del automovilismo. Y\nCarlitos lo reform\u00f3 todo. Oficinas ultra modernas de madera y vidrio. En la\n\u00faltima, apretabas un bot\u00f3n y los sillones se conformaban en cama, luces,\nm\u00fasicas. Un bul\u00edn&#8230; a todo trapo\u201d.<\/p>\n\n\n<p>\u201cUna tarde llega Scioli con ella. No me hizo falta demasiado\npara saber c\u00f3mo terminar\u00eda ese encuentro\u201d. Ella quer\u00eda publicitar unas cremas\nen los autos de competici\u00f3n. Antes de los 10 minutos de charla Carlitos le\ndice, vamos mi oficina porque con estos tipos \u2013 y nos se\u00f1ala a Scioli y a m\u00ed-\nno se puede hablar. Picaron para la \u00faltima. A los pocos minutos se comenzaron a\nescuchar unos grititos que se fueron haciendo cada vez m\u00e1s fuertes. Se o\u00eda\nperfectamente en qu\u00e9 estaban. Como a la media hora regresan. Ella ni repar\u00f3 en\nel peinado. Todo era demasiado evidente. Se sentaron unos momentos hasta que\nella le dice \u201cVamos Daniel\u201d, \u00e9l responde \u00a1\u00a1Vamos mi amor, vamos! \u00b4\u00b4.<\/p>\n\n\n<p>Un tipo que sabe que alguien le fif\u00f3 su mujer, casi delante\nde su cara y se calla porque tiene otros intereses (econ\u00f3micos), si no es un\nreptil me pod\u00e9s decir qu\u00e9 carajo es!\u201d<\/p>\n]]>\t\t","protected":false},"excerpt":{"rendered":"<p>\t\t\t\t<![CDATA[]]>\t\t<\/p>\n","protected":false},"author":5,"featured_media":15878,"comment_status":"open","ping_status":"open","sticky":false,"template":"","format":"standard","meta":{"site-sidebar-layout":"default","site-content-layout":"","ast-site-content-layout":"default","site-content-style":"default","site-sidebar-style":"default","ast-global-header-display":"","ast-banner-title-visibility":"","ast-main-header-display":"","ast-hfb-above-header-display":"","ast-hfb-below-header-display":"","ast-hfb-mobile-header-display":"","site-post-title":"","ast-breadcrumbs-content":"","ast-featured-img":"","footer-sml-layout":"","ast-disable-related-posts":"","theme-transparent-header-meta":"","adv-header-id-meta":"","stick-header-meta":"","header-above-stick-meta":"","header-main-stick-meta":"","header-below-stick-meta":"","astra-migrate-meta-layouts":"default","ast-page-background-enabled":"default","ast-page-background-meta":{"desktop":{"background-color":"","background-image":"","background-repeat":"repeat","background-position":"center center","background-size":"auto","background-attachment":"scroll","background-type":"","background-media":"","overlay-type":"","overlay-color":"","overlay-opacity":"","overlay-gradient":""},"tablet":{"background-color":"","background-image":"","background-repeat":"repeat","background-position":"center center","background-size":"auto","background-attachment":"scroll","background-type":"","background-media":"","overlay-type":"","overlay-color":"","overlay-opacity":"","overlay-gradient":""},"mobile":{"background-color":"","background-image":"","background-repeat":"repeat","background-position":"center center","background-size":"auto","background-attachment":"scroll","background-type":"","background-media":"","overlay-type":"","overlay-color":"","overlay-opacity":"","overlay-gradient":""}},"ast-content-background-meta":{"desktop":{"background-color":"var(--ast-global-color-5)","background-image":"","background-repeat":"repeat","background-position":"center center","background-size":"auto","background-attachment":"scroll","background-type":"","background-media":"","overlay-type":"","overlay-color":"","overlay-opacity":"","overlay-gradient":""},"tablet":{"background-color":"var(--ast-global-color-5)","background-image":"","background-repeat":"repeat","background-position":"center center","background-size":"auto","background-attachment":"scroll","background-type":"","background-media":"","overlay-type":"","overlay-color":"","overlay-opacity":"","overlay-gradient":""},"mobile":{"background-color":"var(--ast-global-color-5)","background-image":"","background-repeat":"repeat","background-position":"center center","background-size":"auto","background-attachment":"scroll","background-type":"","background-media":"","overlay-type":"","overlay-color":"","overlay-opacity":"","overlay-gradient":""}},"_jetpack_memberships_contains_paid_content":false,"_joinchat":[],"footnotes":""},"categories":[2089],"tags":[],"class_list":["post-17768","post","type-post","status-publish","format-standard","has-post-thumbnail","hentry","category-politica"],"yoast_head":"<!-- This site is optimized with the Yoast SEO plugin v26.8 - https:\/\/yoast.com\/product\/yoast-seo-wordpress\/ -->\n<title>Scioli: \u00bf\u00a1\u00a1Alma de reptil\u2026!!? - El Regional<\/title>\n<meta name=\"robots\" content=\"index, follow, max-snippet:-1, max-image-preview:large, max-video-preview:-1\" \/>\n<link rel=\"canonical\" href=\"http:\/\/elregionalvm.com.ar\/noticias-villa-maria\/scioli-alma-de-reptil\/\" \/>\n<meta property=\"og:locale\" content=\"es_ES\" \/>\n<meta property=\"og:type\" content=\"article\" \/>\n<meta property=\"og:title\" content=\"Scioli: \u00bf\u00a1\u00a1Alma de reptil\u2026!!? - El Regional\" \/>\n<meta property=\"og:url\" content=\"http:\/\/elregionalvm.com.ar\/noticias-villa-maria\/scioli-alma-de-reptil\/\" \/>\n<meta property=\"og:site_name\" content=\"El Regional\" \/>\n<meta property=\"article:publisher\" content=\"https:\/\/www.facebook.com\/elregionalvm\" \/>\n<meta property=\"article:published_time\" content=\"2020-05-18T23:07:05+00:00\" \/>\n<meta property=\"article:modified_time\" content=\"2020-06-16T18:54:10+00:00\" \/>\n<meta name=\"author\" content=\"Miguel Andreis\" \/>\n<meta name=\"twitter:card\" content=\"summary_large_image\" \/>\n<meta name=\"twitter:creator\" content=\"@elregionalvm1\" \/>\n<meta name=\"twitter:site\" content=\"@elregionalvm1\" \/>\n<meta name=\"twitter:label1\" content=\"Escrito por\" \/>\n\t<meta name=\"twitter:data1\" content=\"Miguel Andreis\" \/>\n\t<meta name=\"twitter:label2\" content=\"Tiempo de lectura\" \/>\n\t<meta name=\"twitter:data2\" content=\"6 minutos\" \/>\n<script type=\"application\/ld+json\" class=\"yoast-schema-graph\">{\"@context\":\"https:\/\/schema.org\",\"@graph\":[{\"@type\":\"Article\",\"@id\":\"http:\/\/elregionalvm.com.ar\/noticias-villa-maria\/scioli-alma-de-reptil\/#article\",\"isPartOf\":{\"@id\":\"http:\/\/elregionalvm.com.ar\/noticias-villa-maria\/scioli-alma-de-reptil\/\"},\"author\":{\"name\":\"Miguel Andreis\",\"@id\":\"http:\/\/elregionalvm.com.ar\/noticias-villa-maria\/#\/schema\/person\/df5ff3f005acf29788aed9cb359f1193\"},\"headline\":\"Scioli: \u00bf\u00a1\u00a1Alma de reptil\u2026!!?\",\"datePublished\":\"2020-05-18T23:07:05+00:00\",\"dateModified\":\"2020-06-16T18:54:10+00:00\",\"mainEntityOfPage\":{\"@id\":\"http:\/\/elregionalvm.com.ar\/noticias-villa-maria\/scioli-alma-de-reptil\/\"},\"wordCount\":1189,\"commentCount\":0,\"image\":{\"@id\":\"http:\/\/elregionalvm.com.ar\/noticias-villa-maria\/scioli-alma-de-reptil\/#primaryimage\"},\"thumbnailUrl\":\"\",\"articleSection\":[\"Pol\u00edtica\"],\"inLanguage\":\"es\",\"potentialAction\":[{\"@type\":\"CommentAction\",\"name\":\"Comment\",\"target\":[\"http:\/\/elregionalvm.com.ar\/noticias-villa-maria\/scioli-alma-de-reptil\/#respond\"]}]},{\"@type\":\"WebPage\",\"@id\":\"http:\/\/elregionalvm.com.ar\/noticias-villa-maria\/scioli-alma-de-reptil\/\",\"url\":\"http:\/\/elregionalvm.com.ar\/noticias-villa-maria\/scioli-alma-de-reptil\/\",\"name\":\"Scioli: \u00bf\u00a1\u00a1Alma de reptil\u2026!!? - El Regional\",\"isPartOf\":{\"@id\":\"http:\/\/elregionalvm.com.ar\/noticias-villa-maria\/#website\"},\"primaryImageOfPage\":{\"@id\":\"http:\/\/elregionalvm.com.ar\/noticias-villa-maria\/scioli-alma-de-reptil\/#primaryimage\"},\"image\":{\"@id\":\"http:\/\/elregionalvm.com.ar\/noticias-villa-maria\/scioli-alma-de-reptil\/#primaryimage\"},\"thumbnailUrl\":\"\",\"datePublished\":\"2020-05-18T23:07:05+00:00\",\"dateModified\":\"2020-06-16T18:54:10+00:00\",\"author\":{\"@id\":\"http:\/\/elregionalvm.com.ar\/noticias-villa-maria\/#\/schema\/person\/df5ff3f005acf29788aed9cb359f1193\"},\"breadcrumb\":{\"@id\":\"http:\/\/elregionalvm.com.ar\/noticias-villa-maria\/scioli-alma-de-reptil\/#breadcrumb\"},\"inLanguage\":\"es\",\"potentialAction\":[{\"@type\":\"ReadAction\",\"target\":[\"http:\/\/elregionalvm.com.ar\/noticias-villa-maria\/scioli-alma-de-reptil\/\"]}]},{\"@type\":\"ImageObject\",\"inLanguage\":\"es\",\"@id\":\"http:\/\/elregionalvm.com.ar\/noticias-villa-maria\/scioli-alma-de-reptil\/#primaryimage\",\"url\":\"\",\"contentUrl\":\"\"},{\"@type\":\"BreadcrumbList\",\"@id\":\"http:\/\/elregionalvm.com.ar\/noticias-villa-maria\/scioli-alma-de-reptil\/#breadcrumb\",\"itemListElement\":[{\"@type\":\"ListItem\",\"position\":1,\"name\":\"Portada\",\"item\":\"https:\/\/elregionalvm.com.ar\/noticias-villa-maria\/\"},{\"@type\":\"ListItem\",\"position\":2,\"name\":\"Scioli: \u00bf\u00a1\u00a1Alma de reptil\u2026!!?\"}]},{\"@type\":\"WebSite\",\"@id\":\"http:\/\/elregionalvm.com.ar\/noticias-villa-maria\/#website\",\"url\":\"http:\/\/elregionalvm.com.ar\/noticias-villa-maria\/\",\"name\":\"El Regional\",\"description\":\"Mucho m\u00e1s que informaci\u00f3n\",\"potentialAction\":[{\"@type\":\"SearchAction\",\"target\":{\"@type\":\"EntryPoint\",\"urlTemplate\":\"http:\/\/elregionalvm.com.ar\/noticias-villa-maria\/?s={search_term_string}\"},\"query-input\":{\"@type\":\"PropertyValueSpecification\",\"valueRequired\":true,\"valueName\":\"search_term_string\"}}],\"inLanguage\":\"es\"},{\"@type\":\"Person\",\"@id\":\"http:\/\/elregionalvm.com.ar\/noticias-villa-maria\/#\/schema\/person\/df5ff3f005acf29788aed9cb359f1193\",\"name\":\"Miguel Andreis\",\"image\":{\"@type\":\"ImageObject\",\"inLanguage\":\"es\",\"@id\":\"http:\/\/elregionalvm.com.ar\/noticias-villa-maria\/#\/schema\/person\/image\/\",\"url\":\"https:\/\/secure.gravatar.com\/avatar\/c643381cd03da38327c6407e6886e7182d881f2ecf94a7902ca262c41f9d8884?s=96&d=mm&r=g\",\"contentUrl\":\"https:\/\/secure.gravatar.com\/avatar\/c643381cd03da38327c6407e6886e7182d881f2ecf94a7902ca262c41f9d8884?s=96&d=mm&r=g\",\"caption\":\"Miguel Andreis\"},\"url\":\"https:\/\/elregionalvm.com.ar\/noticias-villa-maria\/author\/miguelandreis\/\"}]}<\/script>\n<!-- \/ Yoast SEO plugin. -->","yoast_head_json":{"title":"Scioli: \u00bf\u00a1\u00a1Alma de reptil\u2026!!? - El Regional","robots":{"index":"index","follow":"follow","max-snippet":"max-snippet:-1","max-image-preview":"max-image-preview:large","max-video-preview":"max-video-preview:-1"},"canonical":"http:\/\/elregionalvm.com.ar\/noticias-villa-maria\/scioli-alma-de-reptil\/","og_locale":"es_ES","og_type":"article","og_title":"Scioli: \u00bf\u00a1\u00a1Alma de reptil\u2026!!? - El Regional","og_url":"http:\/\/elregionalvm.com.ar\/noticias-villa-maria\/scioli-alma-de-reptil\/","og_site_name":"El Regional","article_publisher":"https:\/\/www.facebook.com\/elregionalvm","article_published_time":"2020-05-18T23:07:05+00:00","article_modified_time":"2020-06-16T18:54:10+00:00","author":"Miguel Andreis","twitter_card":"summary_large_image","twitter_creator":"@elregionalvm1","twitter_site":"@elregionalvm1","twitter_misc":{"Escrito por":"Miguel Andreis","Tiempo de lectura":"6 minutos"},"schema":{"@context":"https:\/\/schema.org","@graph":[{"@type":"Article","@id":"http:\/\/elregionalvm.com.ar\/noticias-villa-maria\/scioli-alma-de-reptil\/#article","isPartOf":{"@id":"http:\/\/elregionalvm.com.ar\/noticias-villa-maria\/scioli-alma-de-reptil\/"},"author":{"name":"Miguel Andreis","@id":"http:\/\/elregionalvm.com.ar\/noticias-villa-maria\/#\/schema\/person\/df5ff3f005acf29788aed9cb359f1193"},"headline":"Scioli: \u00bf\u00a1\u00a1Alma de reptil\u2026!!?","datePublished":"2020-05-18T23:07:05+00:00","dateModified":"2020-06-16T18:54:10+00:00","mainEntityOfPage":{"@id":"http:\/\/elregionalvm.com.ar\/noticias-villa-maria\/scioli-alma-de-reptil\/"},"wordCount":1189,"commentCount":0,"image":{"@id":"http:\/\/elregionalvm.com.ar\/noticias-villa-maria\/scioli-alma-de-reptil\/#primaryimage"},"thumbnailUrl":"","articleSection":["Pol\u00edtica"],"inLanguage":"es","potentialAction":[{"@type":"CommentAction","name":"Comment","target":["http:\/\/elregionalvm.com.ar\/noticias-villa-maria\/scioli-alma-de-reptil\/#respond"]}]},{"@type":"WebPage","@id":"http:\/\/elregionalvm.com.ar\/noticias-villa-maria\/scioli-alma-de-reptil\/","url":"http:\/\/elregionalvm.com.ar\/noticias-villa-maria\/scioli-alma-de-reptil\/","name":"Scioli: \u00bf\u00a1\u00a1Alma de reptil\u2026!!? - El Regional","isPartOf":{"@id":"http:\/\/elregionalvm.com.ar\/noticias-villa-maria\/#website"},"primaryImageOfPage":{"@id":"http:\/\/elregionalvm.com.ar\/noticias-villa-maria\/scioli-alma-de-reptil\/#primaryimage"},"image":{"@id":"http:\/\/elregionalvm.com.ar\/noticias-villa-maria\/scioli-alma-de-reptil\/#primaryimage"},"thumbnailUrl":"","datePublished":"2020-05-18T23:07:05+00:00","dateModified":"2020-06-16T18:54:10+00:00","author":{"@id":"http:\/\/elregionalvm.com.ar\/noticias-villa-maria\/#\/schema\/person\/df5ff3f005acf29788aed9cb359f1193"},"breadcrumb":{"@id":"http:\/\/elregionalvm.com.ar\/noticias-villa-maria\/scioli-alma-de-reptil\/#breadcrumb"},"inLanguage":"es","potentialAction":[{"@type":"ReadAction","target":["http:\/\/elregionalvm.com.ar\/noticias-villa-maria\/scioli-alma-de-reptil\/"]}]},{"@type":"ImageObject","inLanguage":"es","@id":"http:\/\/elregionalvm.com.ar\/noticias-villa-maria\/scioli-alma-de-reptil\/#primaryimage","url":"","contentUrl":""},{"@type":"BreadcrumbList","@id":"http:\/\/elregionalvm.com.ar\/noticias-villa-maria\/scioli-alma-de-reptil\/#breadcrumb","itemListElement":[{"@type":"ListItem","position":1,"name":"Portada","item":"https:\/\/elregionalvm.com.ar\/noticias-villa-maria\/"},{"@type":"ListItem","position":2,"name":"Scioli: \u00bf\u00a1\u00a1Alma de reptil\u2026!!?"}]},{"@type":"WebSite","@id":"http:\/\/elregionalvm.com.ar\/noticias-villa-maria\/#website","url":"http:\/\/elregionalvm.com.ar\/noticias-villa-maria\/","name":"El Regional","description":"Mucho m\u00e1s que informaci\u00f3n","potentialAction":[{"@type":"SearchAction","target":{"@type":"EntryPoint","urlTemplate":"http:\/\/elregionalvm.com.ar\/noticias-villa-maria\/?s={search_term_string}"},"query-input":{"@type":"PropertyValueSpecification","valueRequired":true,"valueName":"search_term_string"}}],"inLanguage":"es"},{"@type":"Person","@id":"http:\/\/elregionalvm.com.ar\/noticias-villa-maria\/#\/schema\/person\/df5ff3f005acf29788aed9cb359f1193","name":"Miguel Andreis","image":{"@type":"ImageObject","inLanguage":"es","@id":"http:\/\/elregionalvm.com.ar\/noticias-villa-maria\/#\/schema\/person\/image\/","url":"https:\/\/secure.gravatar.com\/avatar\/c643381cd03da38327c6407e6886e7182d881f2ecf94a7902ca262c41f9d8884?s=96&d=mm&r=g","contentUrl":"https:\/\/secure.gravatar.com\/avatar\/c643381cd03da38327c6407e6886e7182d881f2ecf94a7902ca262c41f9d8884?s=96&d=mm&r=g","caption":"Miguel Andreis"},"url":"https:\/\/elregionalvm.com.ar\/noticias-villa-maria\/author\/miguelandreis\/"}]}},"jetpack_featured_media_url":"","jetpack_sharing_enabled":true,"_links":{"self":[{"href":"https:\/\/elregionalvm.com.ar\/noticias-villa-maria\/wp-json\/wp\/v2\/posts\/17768","targetHints":{"allow":["GET"]}}],"collection":[{"href":"https:\/\/elregionalvm.com.ar\/noticias-villa-maria\/wp-json\/wp\/v2\/posts"}],"about":[{"href":"https:\/\/elregionalvm.com.ar\/noticias-villa-maria\/wp-json\/wp\/v2\/types\/post"}],"author":[{"embeddable":true,"href":"https:\/\/elregionalvm.com.ar\/noticias-villa-maria\/wp-json\/wp\/v2\/users\/5"}],"replies":[{"embeddable":true,"href":"https:\/\/elregionalvm.com.ar\/noticias-villa-maria\/wp-json\/wp\/v2\/comments?post=17768"}],"version-history":[{"count":1,"href":"https:\/\/elregionalvm.com.ar\/noticias-villa-maria\/wp-json\/wp\/v2\/posts\/17768\/revisions"}],"predecessor-version":[{"id":18106,"href":"https:\/\/elregionalvm.com.ar\/noticias-villa-maria\/wp-json\/wp\/v2\/posts\/17768\/revisions\/18106"}],"wp:featuredmedia":[{"embeddable":true,"href":"https:\/\/elregionalvm.com.ar\/noticias-villa-maria\/wp-json\/"}],"wp:attachment":[{"href":"https:\/\/elregionalvm.com.ar\/noticias-villa-maria\/wp-json\/wp\/v2\/media?parent=17768"}],"wp:term":[{"taxonomy":"category","embeddable":true,"href":"https:\/\/elregionalvm.com.ar\/noticias-villa-maria\/wp-json\/wp\/v2\/categories?post=17768"},{"taxonomy":"post_tag","embeddable":true,"href":"https:\/\/elregionalvm.com.ar\/noticias-villa-maria\/wp-json\/wp\/v2\/tags?post=17768"}],"curies":[{"name":"wp","href":"https:\/\/api.w.org\/{rel}","templated":true}]}}