{"id":17769,"date":"2020-05-19T00:59:15","date_gmt":"2020-05-19T00:59:15","guid":{"rendered":"http:\/\/www.elregionalvm.com.ar\/?p=15882"},"modified":"2020-06-16T18:53:38","modified_gmt":"2020-06-16T18:53:38","slug":"alquilar-el-cuerpo-para-subsistir","status":"publish","type":"post","link":"https:\/\/elregionalvm.com.ar\/noticias-villa-maria\/alquilar-el-cuerpo-para-subsistir\/","title":{"rendered":"Alquilar el cuerpo para subsistir\u2026"},"content":{"rendered":"\n\t\t\t\t<![CDATA[\n<p><strong>Madres de\nfamilia saliendo a la \u201ccalle\u201d. Ocurre en la villa<\/strong><\/p>\n\n\n<p><strong>Escribe: Miguel Andreis<\/strong><\/p>\n\n\n<p>Villa Mar\u00eda no expone los \u00edndices de pobreza que se observan\nen otras ciudades.&nbsp; Eso es lo que el cascar\u00f3n\nde su arquitectura nos muestra. &nbsp;Sin\nembargo, es plenamente observable que no somos la excepci\u00f3n de lo que acontece\nen todo el pa\u00eds en cuanto a marginaci\u00f3n. Las consecuencias no pasan\ndesapercibidas, ni son gratuitas. Si bien nuestra urbe no tiene lo que se\nexponen como \u201cvillas miserias o de emergencias\u201d, los espacios de la pobreza\nestructural se despliegan de otra manera. Y se ensancha a\u00f1o a a\u00f1o. Entre los\npar\u00e1metros comparativos puede citarse que en los \u00faltimos a\u00f1os casi se ha\nduplicado o triplicado el n\u00famero de ni\u00f1os que se alimentan en comedores\ncomunitarios. Ya sea por parte de escuelas p\u00fablicas, instituciones religiosas y\nentes solidarios que hacen sus aportes. Esto queda como oculto. No referido. Se\nhabla poco\u2026<\/p>\n\n\n<p><strong>Rostro\nque no se visualiza<\/strong><\/p>\n\n\n<p>Otro aspecto que emerge como da\u00f1o colateral, que desnuda la\nperversidad del contexto \u2013no por el hecho en s\u00ed, sino por lo que implica en\ncada involucrado- es el crecimiento de mujeres pertenecientes a familias de\nconstituci\u00f3n corriente, que, frente a la creciente desocupaci\u00f3n, comenzaron a\nejercer la prostituci\u00f3n. <\/p>\n\n\n<p><strong>Una cifra\nque se multiplica <\/strong><\/p>\n\n\n<p>Si bien no se conocen estad\u00edsticas oficiales \u2013ni no\noficiales- sobre la cantidad de aquellas que viven del alquiler de su cuerpo, trabajadoras\nsociales ligadas a la tem\u00e1tica, si bien no quieren dar sus nombres, no ocultan\nen off, el notorio crecimiento de madres de familia que decidieron, y no solo\npor este contexto econ\u00f3mico, sino que viene desde hace a\u00f1os, ser ellas las que\nafrontan el tener que llevar el alimento a las casas\u201d <\/p>\n\n\n<p>\u201cLo preocupante, explican las licenciadas, es que casi todas\ntienen hijos, que de d\u00eda llevan una vida como cualquiera y por las noches se\ntransforman y salen en la b\u00fasqueda del cliente que le permita el sustento\nb\u00e1sico\u201d. Se las puede ver por distintos puntos de la ciudad y especialmente en\naquellos donde el flujo de tr\u00e1nsito pesado es mayor. Los camioneros son\n\u201cclientes concretos\u201d, apuntan, claro que no los \u00fanicos y, la Ruta Pesada,\naunque las casas de tolerancia est\u00e1n prohibidas, se las puede observar en las\nbanquinas o veredas captando clientes\u2026\u201d \u201cNuestro trabajo siempre estuvo\nrelacionado &nbsp;con chicas j\u00f3venes, muy\nj\u00f3venes, pero nunca como ahora nos encontramos con mujeres que, en casos, est\u00e1n\ncerca de los cincuenta o m\u00e1s. Esto no se vio nunca\u201d. <\/p>\n\n\n<p>Y agregan que en la charla con ellas lo primero que aflora\nes: \u201cMi marido se qued\u00f3 sin trabajo y ya no hay ni changas para hacer. A la\ncasa hay que mantenerla\u201d. Acotan que no pocas reciben alg\u00fan subsidio del\nestado, y que pertenecen a familias numerosas.<\/p>\n\n\n<p>\u201cSe da el caso de abuelas que tienen a su cargo nietos\u201d. La\npregunta es s\u00ed hay clientes para ellas, \u201cla respuesta la genera la propia\nrealidad, si hay ofertas es porque hay demandas\u201d. Y remarcan \u201cno es simple\ncomprender la situaci\u00f3n de estas mujeres, porque generalmente se las analiza\ndesde una coyuntura diferente, menos comprometida y, seguramente, m\u00e1s c\u00f3moda\u201d.\nNo est\u00e1 ausente en el razonamiento \u201cque en algunos casos m\u00e1s que en otros\nexiste una predisposici\u00f3n a la ruptura de c\u00f3digos establecidos sobre las costumbres\ny&nbsp; modos de vida\u201d <\/p>\n\n\n<p><strong>Una\ncompetencia inesperada<\/strong><\/p>\n\n\n<p>Remarcan que \u201cSe visit\u00f3 viviendas donde se trataba de\nfamilias, humildes, perfectamente constituidas, y hoy la mujer, por imperio de\nlas circunstancias, debi\u00f3 asumir un rol que consideraba como impropio\u201d. Sobre\nla conducta que asume la familia, generalmente y en los primeros tiempos, es\nnegar la actividad o que quede como un \u201cacuerdo\u201d entre la pareja. En una sola\nmanzana, encontramos ejerciendo a tres mujeres que hasta dos a\u00f1os atr\u00e1s ten\u00edan\ndiferentes ocupaciones\u201d.<\/p>\n\n\n<p>Lo que antes se denominaba com\u00fanmente casa de citas, hoy se\nencuentran con una \u201ccompetencia\u201d impensada hasta no hace demasiado tiempo. Los\ntravestis que tambi\u00e9n se sumaron a la oferta. La ruptura de las redes sociales,\nla falta de una contenci\u00f3n adecuada y las consecuencias de la exclusi\u00f3n no\nrespetan ni pautas culturales y mucho menos sociales. <\/p>\n\n\n<p>Ya la exposici\u00f3n en el comercio del sexo, gan\u00f3 distintos\npuntos de la ciudad\u2026 <\/p>\n\n\n<p><strong>\u201cTratamos\nde no detenerlas porque sabemos lo que est\u00e1n pasando\u201d<\/strong><\/p>\n\n\n<p>Y describen que \u201cpor ah\u00ed la polic\u00eda miran para otro lado\ncuando son mayores. \u201cTratamos de no llevarlas detenidas. Sabemos por la que est\u00e1n\npasando. A las menores se las lleva y deriva a quienes se suponen las pueden\ncontener\u201d.<\/p>\n\n\n<p>La asistente social cerrando la charla cuestion\u00f3: \u201ca veces\nse escucha decir el por qu\u00e9 no van a trabajar a casas de familia. La realidad\nque lo que gana una mujer sola no le alcanza para mantener sus hijos. No creo\nque a muchas de ellas, siendo madres de familia, les guste hacer lo que hacen\u201d.<\/p>\n\n\n<p>M\u00e1s all\u00e1 de las voluntades y las causas, la rigurosa\nrealidad demuestra que no pocas apelan a esa forma de sustento como toda\nsalida. El entretejido social revela un vac\u00edo cada vez mayor en su contenci\u00f3n,\nlo que produce reacciones impensadas e impredecibles en sus consecuencias.\nPodr\u00e1 debatirse sobre la cantidad, si es tan numeroso el n\u00facleo de las que\nsalen a prostituirse, como se dice o no, lo que no puede ya obviarse, es que\nestamos frente a nuevos paradigmas de sociedad. Se van destruyendo los c\u00f3digos\nde convivencia, la insensibilidad nos va ganando y desde la pol\u00edtica no se hace\nnada para cambiarla. Con la cr\u00edtica sola no basta. Los resultados est\u00e1n a la\nvista\u2026 Las pol\u00edticas sociales fracasan una tras la otra\u2026&nbsp;&nbsp; <\/p>\n]]>\t\t","protected":false},"excerpt":{"rendered":"<p>\t\t\t\t<![CDATA[]]>\t\t<\/p>\n","protected":false},"author":5,"featured_media":0,"comment_status":"open","ping_status":"open","sticky":false,"template":"","format":"standard","meta":{"site-sidebar-layout":"default","site-content-layout":"","ast-site-content-layout":"default","site-content-style":"default","site-sidebar-style":"default","ast-global-header-display":"","ast-banner-title-visibility":"","ast-main-header-display":"","ast-hfb-above-header-display":"","ast-hfb-below-header-display":"","ast-hfb-mobile-header-display":"","site-post-title":"","ast-breadcrumbs-content":"","ast-featured-img":"","footer-sml-layout":"","ast-disable-related-posts":"","theme-transparent-header-meta":"","adv-header-id-meta":"","stick-header-meta":"","header-above-stick-meta":"","header-main-stick-meta":"","header-below-stick-meta":"","astra-migrate-meta-layouts":"default","ast-page-background-enabled":"default","ast-page-background-meta":{"desktop":{"background-color":"","background-image":"","background-repeat":"repeat","background-position":"center center","background-size":"auto","background-attachment":"scroll","background-type":"","background-media":"","overlay-type":"","overlay-color":"","overlay-opacity":"","overlay-gradient":""},"tablet":{"background-color":"","background-image":"","background-repeat":"repeat","background-position":"center center","background-size":"auto","background-attachment":"scroll","background-type":"","background-media":"","overlay-type":"","overlay-color":"","overlay-opacity":"","overlay-gradient":""},"mobile":{"background-color":"","background-image":"","background-repeat":"repeat","background-position":"center center","background-size":"auto","background-attachment":"scroll","background-type":"","background-media":"","overlay-type":"","overlay-color":"","overlay-opacity":"","overlay-gradient":""}},"ast-content-background-meta":{"desktop":{"background-color":"var(--ast-global-color-5)","background-image":"","background-repeat":"repeat","background-position":"center center","background-size":"auto","background-attachment":"scroll","background-type":"","background-media":"","overlay-type":"","overlay-color":"","overlay-opacity":"","overlay-gradient":""},"tablet":{"background-color":"var(--ast-global-color-5)","background-image":"","background-repeat":"repeat","background-position":"center center","background-size":"auto","background-attachment":"scroll","background-type":"","background-media":"","overlay-type":"","overlay-color":"","overlay-opacity":"","overlay-gradient":""},"mobile":{"background-color":"var(--ast-global-color-5)","background-image":"","background-repeat":"repeat","background-position":"center center","background-size":"auto","background-attachment":"scroll","background-type":"","background-media":"","overlay-type":"","overlay-color":"","overlay-opacity":"","overlay-gradient":""}},"_jetpack_memberships_contains_paid_content":false,"_joinchat":[],"footnotes":""},"categories":[5],"tags":[],"class_list":["post-17769","post","type-post","status-publish","format-standard","hentry","category-sociedad"],"yoast_head":"<!-- This site is optimized with the Yoast SEO plugin v26.8 - https:\/\/yoast.com\/product\/yoast-seo-wordpress\/ -->\n<title>Alquilar el cuerpo para subsistir\u2026 - El Regional<\/title>\n<meta name=\"robots\" content=\"index, follow, max-snippet:-1, max-image-preview:large, max-video-preview:-1\" \/>\n<link rel=\"canonical\" href=\"http:\/\/elregionalvm.com.ar\/noticias-villa-maria\/alquilar-el-cuerpo-para-subsistir\/\" \/>\n<meta property=\"og:locale\" content=\"es_ES\" \/>\n<meta property=\"og:type\" content=\"article\" \/>\n<meta property=\"og:title\" content=\"Alquilar el cuerpo para subsistir\u2026 - El Regional\" \/>\n<meta property=\"og:url\" content=\"http:\/\/elregionalvm.com.ar\/noticias-villa-maria\/alquilar-el-cuerpo-para-subsistir\/\" \/>\n<meta property=\"og:site_name\" content=\"El Regional\" \/>\n<meta property=\"article:publisher\" content=\"https:\/\/www.facebook.com\/elregionalvm\" \/>\n<meta property=\"article:published_time\" content=\"2020-05-19T00:59:15+00:00\" \/>\n<meta property=\"article:modified_time\" content=\"2020-06-16T18:53:38+00:00\" \/>\n<meta property=\"og:image\" content=\"http:\/\/elregionalvm.com.ar\/noticias-villa-maria\/wp-content\/uploads\/2020\/05\/imag03.jpg\" \/>\n\t<meta property=\"og:image:width\" content=\"626\" \/>\n\t<meta property=\"og:image:height\" content=\"417\" \/>\n\t<meta property=\"og:image:type\" content=\"image\/jpeg\" \/>\n<meta name=\"author\" content=\"Miguel Andreis\" \/>\n<meta name=\"twitter:card\" content=\"summary_large_image\" \/>\n<meta name=\"twitter:creator\" content=\"@elregionalvm1\" \/>\n<meta name=\"twitter:site\" content=\"@elregionalvm1\" \/>\n<meta name=\"twitter:label1\" content=\"Escrito por\" \/>\n\t<meta name=\"twitter:data1\" content=\"Miguel Andreis\" \/>\n\t<meta name=\"twitter:label2\" content=\"Tiempo de lectura\" \/>\n\t<meta name=\"twitter:data2\" content=\"5 minutos\" \/>\n<script type=\"application\/ld+json\" class=\"yoast-schema-graph\">{\"@context\":\"https:\/\/schema.org\",\"@graph\":[{\"@type\":\"Article\",\"@id\":\"http:\/\/elregionalvm.com.ar\/noticias-villa-maria\/alquilar-el-cuerpo-para-subsistir\/#article\",\"isPartOf\":{\"@id\":\"http:\/\/elregionalvm.com.ar\/noticias-villa-maria\/alquilar-el-cuerpo-para-subsistir\/\"},\"author\":{\"name\":\"Miguel Andreis\",\"@id\":\"http:\/\/elregionalvm.com.ar\/noticias-villa-maria\/#\/schema\/person\/df5ff3f005acf29788aed9cb359f1193\"},\"headline\":\"Alquilar el cuerpo para subsistir\u2026\",\"datePublished\":\"2020-05-19T00:59:15+00:00\",\"dateModified\":\"2020-06-16T18:53:38+00:00\",\"mainEntityOfPage\":{\"@id\":\"http:\/\/elregionalvm.com.ar\/noticias-villa-maria\/alquilar-el-cuerpo-para-subsistir\/\"},\"wordCount\":997,\"commentCount\":0,\"articleSection\":[\"Sociedad\"],\"inLanguage\":\"es\",\"potentialAction\":[{\"@type\":\"CommentAction\",\"name\":\"Comment\",\"target\":[\"http:\/\/elregionalvm.com.ar\/noticias-villa-maria\/alquilar-el-cuerpo-para-subsistir\/#respond\"]}]},{\"@type\":\"WebPage\",\"@id\":\"http:\/\/elregionalvm.com.ar\/noticias-villa-maria\/alquilar-el-cuerpo-para-subsistir\/\",\"url\":\"http:\/\/elregionalvm.com.ar\/noticias-villa-maria\/alquilar-el-cuerpo-para-subsistir\/\",\"name\":\"Alquilar el cuerpo para subsistir\u2026 - El Regional\",\"isPartOf\":{\"@id\":\"http:\/\/elregionalvm.com.ar\/noticias-villa-maria\/#website\"},\"datePublished\":\"2020-05-19T00:59:15+00:00\",\"dateModified\":\"2020-06-16T18:53:38+00:00\",\"author\":{\"@id\":\"http:\/\/elregionalvm.com.ar\/noticias-villa-maria\/#\/schema\/person\/df5ff3f005acf29788aed9cb359f1193\"},\"breadcrumb\":{\"@id\":\"http:\/\/elregionalvm.com.ar\/noticias-villa-maria\/alquilar-el-cuerpo-para-subsistir\/#breadcrumb\"},\"inLanguage\":\"es\",\"potentialAction\":[{\"@type\":\"ReadAction\",\"target\":[\"http:\/\/elregionalvm.com.ar\/noticias-villa-maria\/alquilar-el-cuerpo-para-subsistir\/\"]}]},{\"@type\":\"BreadcrumbList\",\"@id\":\"http:\/\/elregionalvm.com.ar\/noticias-villa-maria\/alquilar-el-cuerpo-para-subsistir\/#breadcrumb\",\"itemListElement\":[{\"@type\":\"ListItem\",\"position\":1,\"name\":\"Portada\",\"item\":\"https:\/\/elregionalvm.com.ar\/noticias-villa-maria\/\"},{\"@type\":\"ListItem\",\"position\":2,\"name\":\"Alquilar el cuerpo para subsistir\u2026\"}]},{\"@type\":\"WebSite\",\"@id\":\"http:\/\/elregionalvm.com.ar\/noticias-villa-maria\/#website\",\"url\":\"http:\/\/elregionalvm.com.ar\/noticias-villa-maria\/\",\"name\":\"El Regional\",\"description\":\"Mucho m\u00e1s que informaci\u00f3n\",\"potentialAction\":[{\"@type\":\"SearchAction\",\"target\":{\"@type\":\"EntryPoint\",\"urlTemplate\":\"http:\/\/elregionalvm.com.ar\/noticias-villa-maria\/?s={search_term_string}\"},\"query-input\":{\"@type\":\"PropertyValueSpecification\",\"valueRequired\":true,\"valueName\":\"search_term_string\"}}],\"inLanguage\":\"es\"},{\"@type\":\"Person\",\"@id\":\"http:\/\/elregionalvm.com.ar\/noticias-villa-maria\/#\/schema\/person\/df5ff3f005acf29788aed9cb359f1193\",\"name\":\"Miguel Andreis\",\"image\":{\"@type\":\"ImageObject\",\"inLanguage\":\"es\",\"@id\":\"http:\/\/elregionalvm.com.ar\/noticias-villa-maria\/#\/schema\/person\/image\/\",\"url\":\"https:\/\/secure.gravatar.com\/avatar\/c643381cd03da38327c6407e6886e7182d881f2ecf94a7902ca262c41f9d8884?s=96&d=mm&r=g\",\"contentUrl\":\"https:\/\/secure.gravatar.com\/avatar\/c643381cd03da38327c6407e6886e7182d881f2ecf94a7902ca262c41f9d8884?s=96&d=mm&r=g\",\"caption\":\"Miguel Andreis\"},\"url\":\"https:\/\/elregionalvm.com.ar\/noticias-villa-maria\/author\/miguelandreis\/\"}]}<\/script>\n<!-- \/ Yoast SEO plugin. -->","yoast_head_json":{"title":"Alquilar el cuerpo para subsistir\u2026 - El Regional","robots":{"index":"index","follow":"follow","max-snippet":"max-snippet:-1","max-image-preview":"max-image-preview:large","max-video-preview":"max-video-preview:-1"},"canonical":"http:\/\/elregionalvm.com.ar\/noticias-villa-maria\/alquilar-el-cuerpo-para-subsistir\/","og_locale":"es_ES","og_type":"article","og_title":"Alquilar el cuerpo para subsistir\u2026 - El Regional","og_url":"http:\/\/elregionalvm.com.ar\/noticias-villa-maria\/alquilar-el-cuerpo-para-subsistir\/","og_site_name":"El Regional","article_publisher":"https:\/\/www.facebook.com\/elregionalvm","article_published_time":"2020-05-19T00:59:15+00:00","article_modified_time":"2020-06-16T18:53:38+00:00","og_image":[{"width":626,"height":417,"url":"http:\/\/elregionalvm.com.ar\/noticias-villa-maria\/wp-content\/uploads\/2020\/05\/imag03.jpg","type":"image\/jpeg"}],"author":"Miguel Andreis","twitter_card":"summary_large_image","twitter_creator":"@elregionalvm1","twitter_site":"@elregionalvm1","twitter_misc":{"Escrito por":"Miguel Andreis","Tiempo de lectura":"5 minutos"},"schema":{"@context":"https:\/\/schema.org","@graph":[{"@type":"Article","@id":"http:\/\/elregionalvm.com.ar\/noticias-villa-maria\/alquilar-el-cuerpo-para-subsistir\/#article","isPartOf":{"@id":"http:\/\/elregionalvm.com.ar\/noticias-villa-maria\/alquilar-el-cuerpo-para-subsistir\/"},"author":{"name":"Miguel Andreis","@id":"http:\/\/elregionalvm.com.ar\/noticias-villa-maria\/#\/schema\/person\/df5ff3f005acf29788aed9cb359f1193"},"headline":"Alquilar el cuerpo para subsistir\u2026","datePublished":"2020-05-19T00:59:15+00:00","dateModified":"2020-06-16T18:53:38+00:00","mainEntityOfPage":{"@id":"http:\/\/elregionalvm.com.ar\/noticias-villa-maria\/alquilar-el-cuerpo-para-subsistir\/"},"wordCount":997,"commentCount":0,"articleSection":["Sociedad"],"inLanguage":"es","potentialAction":[{"@type":"CommentAction","name":"Comment","target":["http:\/\/elregionalvm.com.ar\/noticias-villa-maria\/alquilar-el-cuerpo-para-subsistir\/#respond"]}]},{"@type":"WebPage","@id":"http:\/\/elregionalvm.com.ar\/noticias-villa-maria\/alquilar-el-cuerpo-para-subsistir\/","url":"http:\/\/elregionalvm.com.ar\/noticias-villa-maria\/alquilar-el-cuerpo-para-subsistir\/","name":"Alquilar el cuerpo para subsistir\u2026 - El Regional","isPartOf":{"@id":"http:\/\/elregionalvm.com.ar\/noticias-villa-maria\/#website"},"datePublished":"2020-05-19T00:59:15+00:00","dateModified":"2020-06-16T18:53:38+00:00","author":{"@id":"http:\/\/elregionalvm.com.ar\/noticias-villa-maria\/#\/schema\/person\/df5ff3f005acf29788aed9cb359f1193"},"breadcrumb":{"@id":"http:\/\/elregionalvm.com.ar\/noticias-villa-maria\/alquilar-el-cuerpo-para-subsistir\/#breadcrumb"},"inLanguage":"es","potentialAction":[{"@type":"ReadAction","target":["http:\/\/elregionalvm.com.ar\/noticias-villa-maria\/alquilar-el-cuerpo-para-subsistir\/"]}]},{"@type":"BreadcrumbList","@id":"http:\/\/elregionalvm.com.ar\/noticias-villa-maria\/alquilar-el-cuerpo-para-subsistir\/#breadcrumb","itemListElement":[{"@type":"ListItem","position":1,"name":"Portada","item":"https:\/\/elregionalvm.com.ar\/noticias-villa-maria\/"},{"@type":"ListItem","position":2,"name":"Alquilar el cuerpo para subsistir\u2026"}]},{"@type":"WebSite","@id":"http:\/\/elregionalvm.com.ar\/noticias-villa-maria\/#website","url":"http:\/\/elregionalvm.com.ar\/noticias-villa-maria\/","name":"El Regional","description":"Mucho m\u00e1s que informaci\u00f3n","potentialAction":[{"@type":"SearchAction","target":{"@type":"EntryPoint","urlTemplate":"http:\/\/elregionalvm.com.ar\/noticias-villa-maria\/?s={search_term_string}"},"query-input":{"@type":"PropertyValueSpecification","valueRequired":true,"valueName":"search_term_string"}}],"inLanguage":"es"},{"@type":"Person","@id":"http:\/\/elregionalvm.com.ar\/noticias-villa-maria\/#\/schema\/person\/df5ff3f005acf29788aed9cb359f1193","name":"Miguel Andreis","image":{"@type":"ImageObject","inLanguage":"es","@id":"http:\/\/elregionalvm.com.ar\/noticias-villa-maria\/#\/schema\/person\/image\/","url":"https:\/\/secure.gravatar.com\/avatar\/c643381cd03da38327c6407e6886e7182d881f2ecf94a7902ca262c41f9d8884?s=96&d=mm&r=g","contentUrl":"https:\/\/secure.gravatar.com\/avatar\/c643381cd03da38327c6407e6886e7182d881f2ecf94a7902ca262c41f9d8884?s=96&d=mm&r=g","caption":"Miguel Andreis"},"url":"https:\/\/elregionalvm.com.ar\/noticias-villa-maria\/author\/miguelandreis\/"}]}},"jetpack_featured_media_url":"","jetpack_sharing_enabled":true,"_links":{"self":[{"href":"https:\/\/elregionalvm.com.ar\/noticias-villa-maria\/wp-json\/wp\/v2\/posts\/17769","targetHints":{"allow":["GET"]}}],"collection":[{"href":"https:\/\/elregionalvm.com.ar\/noticias-villa-maria\/wp-json\/wp\/v2\/posts"}],"about":[{"href":"https:\/\/elregionalvm.com.ar\/noticias-villa-maria\/wp-json\/wp\/v2\/types\/post"}],"author":[{"embeddable":true,"href":"https:\/\/elregionalvm.com.ar\/noticias-villa-maria\/wp-json\/wp\/v2\/users\/5"}],"replies":[{"embeddable":true,"href":"https:\/\/elregionalvm.com.ar\/noticias-villa-maria\/wp-json\/wp\/v2\/comments?post=17769"}],"version-history":[{"count":1,"href":"https:\/\/elregionalvm.com.ar\/noticias-villa-maria\/wp-json\/wp\/v2\/posts\/17769\/revisions"}],"predecessor-version":[{"id":18105,"href":"https:\/\/elregionalvm.com.ar\/noticias-villa-maria\/wp-json\/wp\/v2\/posts\/17769\/revisions\/18105"}],"wp:attachment":[{"href":"https:\/\/elregionalvm.com.ar\/noticias-villa-maria\/wp-json\/wp\/v2\/media?parent=17769"}],"wp:term":[{"taxonomy":"category","embeddable":true,"href":"https:\/\/elregionalvm.com.ar\/noticias-villa-maria\/wp-json\/wp\/v2\/categories?post=17769"},{"taxonomy":"post_tag","embeddable":true,"href":"https:\/\/elregionalvm.com.ar\/noticias-villa-maria\/wp-json\/wp\/v2\/tags?post=17769"}],"curies":[{"name":"wp","href":"https:\/\/api.w.org\/{rel}","templated":true}]}}