{"id":17774,"date":"2020-05-21T18:38:08","date_gmt":"2020-05-21T18:38:08","guid":{"rendered":"http:\/\/www.elregionalvm.com.ar\/?p=15905"},"modified":"2020-06-16T18:50:05","modified_gmt":"2020-06-16T18:50:05","slug":"la-realidad-nos-cayo-encima-jubilados-a-que-se-lo-llama-injusto","status":"publish","type":"post","link":"https:\/\/elregionalvm.com.ar\/noticias-villa-maria\/la-realidad-nos-cayo-encima-jubilados-a-que-se-lo-llama-injusto\/","title":{"rendered":"La realidad nos cay\u00f3 encima.  \u00bf\u00a1\u00a1Jubilados: A qu\u00e9 se lo llama injusto!!?"},"content":{"rendered":"\n\t\t\t\t<![CDATA[\n<p><strong>Reforma previsional en C\u00f3rdoba <\/strong><\/p>\n\n\n<p><strong>Escribe:\nMiguel Andreis<\/strong><\/p>\n\n\n<p>El mi\u00e9rcoles pasado, en horas de la tarde, se conoci\u00f3 que,\ncon 46 votos positivos, 12 negativos y tres abstenciones, en la unicameral se\naprob\u00f3 en C\u00f3rdoba el proyecto de reforma previsional. Lo que bajaba desde el\nGobernador Juan Schiaretti, en la b\u00fasqueda, por un lado, de limitar el hist\u00f3rico\nd\u00e9ficit de la caja de jubilaciones de la Provincia y por el otro, comenzar a\nponer algo m\u00e1s de equilibrio, si as\u00ed se puede se\u00f1alar, entre los haberes que\nsuperan largamente los 68 mil pesos y los que sobreviven con la m\u00ednima, que no\nllega a los 17 mil pesos.&nbsp; <\/p>\n\n\n<p>&#8212;&#8212;&#8212;&#8212;&#8212;&#8212;&#8212;-<\/p>\n\n\n<p><strong>La\nmetodolog\u00eda, desafortunada, el objetivo, comprensible<\/strong><\/p>\n\n\n<p>La propuesta votada, bajada desde el Ejecutivo, comprende\nnuevos par\u00e1metros en las modificaciones. La Caja de la provincia, tiene una\np\u00e9rdida anual cercana a los 35 mil millones de pesos. Seguramente que toda esta\nsesi\u00f3n para la implementaci\u00f3n, denominada: \u201cProyecto de ley para fortalecer la\nsolidaridad y sostenibilidad de la Caja de Jubilaciones\u201d, fomentada desde el\nmismo gobierno, no fue de lo m\u00e1s prolija, quiz\u00e1s, aprovechando las derivaciones\nque genera esta cuarentena- pand\u00e9mica, exacerbada en sus determinaciones, que\nadopta el gobierno nacional, donde se nos tiene a la poblaci\u00f3n del pa\u00eds,\nabsolutamente encerrados y silenciados. Casi con visos de democracia\nolvidada.&nbsp; La oposici\u00f3n rechaz\u00f3 la\nmetodolog\u00eda usada. \u201cNos enteramos por los medios de comunicaci\u00f3n\u201d reflejaron,\nsumando adem\u00e1s que \u201clo votado, no es otra cosa que reducir el d\u00e9ficit en unos\n6.500 millones de pesos\u2026\u201d; \u201cQuedar\u00edan 3.500 millones m\u00e1s, que deber\u00edan ser\ncubiertos por los fondos provinciales\u201d sostienen los opositores. Y suman otras concepciones\ncomo que se viola la Constituci\u00f3n Nacional. Y casi dibujada una chicana a\nmedias, extienden, \u201cque es un desatino aprovechar la pandemia para recortarle\nlas jubilaciones a nuestros viejos\u2026\u201d<\/p>\n\n\n<p><strong>\u00bfVale\npreguntarse \u00bfA qu\u00e9 viejos? <\/strong><\/p>\n\n\n<p>En todo caso si nos fijamos por lo que retira cada quien, de\nlos cajeros, hay viejos y viejos. Y hay jubilados y jubilados. No todos son lo\nmismo. Ni cobran lo mismo. Y mucho menos viven de igual manera.&nbsp; Es verdad, el proyecto se aprob\u00f3 entre gallos\ny medianoche. Se negaron desde el oficialismo, a tomar el camino de los\nprocesos constitucionales. Ahora, \u00bfeso le quita fundamentos a la l\u00f3gica?&nbsp; Desde los sectores opositores se escucharon\nlas m\u00e1s diversas cr\u00edticas. Fundamentadas algunas, otras cargadas de conceptos\nideol\u00f3gicos, exponiendo adem\u00e1s que \u201cel oficialismo en 20 a\u00f1os de gobiernos se\ngast\u00f3 mucho m\u00e1s de lo que pod\u00edan, tomaron deuda en d\u00f3lares para hacer obras, se\ncansaron de decir que los jubilados de C\u00f3rdoba eran los mejores del pa\u00eds y\nahora hacen este atropello contra las leyes\u201d.<\/p>\n\n\n<p>&#8212;&#8212;&#8212;&#8212;<\/p>\n\n\n<p>Se dice que esta normativa busca poner un poco, solamente un\npoco m\u00e1s de equidad. Desde hace a\u00f1os se viene insistiendo en lo que aport\u00f3 cada\nuno des de su actividad laboral. N\u00fameros que en su mayor\u00eda los jubilados no\nalcanzan a comprender. Un embrollo de cifras que desde el discurso de aquellos\nque m\u00e1s ganan, poco y nada les importa lo que cobran la inmensa mayor\u00eda-\nsueldos de hambres. Ni los gremios que tanta ret\u00f3rica tienen en su demag\u00f3gica\nverba para los jubilados y pensionados, hacen nada. Tampoco los partidos pol\u00edticos,\nmientras estuvieron en el poder, lograron achicar esa brecha entre unos pocos\nfavorecidos y la abrumadora mayor\u00eda que debe perdurar con migajas. Eso de la\nsolidaridad entre laburantes es una falacia. Y otro sofisma es decir que\n\u201cnosotros aportamos mucho m\u00e1s que otros, por lo tanto, nos merecemos lo que\ncobramos\u201d; o el \u201cHay que igualar hacia arriba\u2026\u201d <\/p>\n\n\n<p><strong>\u201cCualquier argumento parece v\u00e1lido para justificar la\nabismal diferencia entre los que reciben unos y otros\u201d.&nbsp; <\/strong><\/p>\n\n\n<p>&nbsp;Seguramente 68 mil\npesos, el piso a quienes les descontar\u00e1n algo de sus haberes, no es mucho para atravesar\nel mes dignamente, en un pa\u00eds desbastado, denigrado econ\u00f3micamente por los\ngobiernos que estuvieron de turno; El simple hecho de pensar que millones de\npersonas, tienen que perdurar con 17 mil pesos, suena a burl\u00f3n testimonio.<\/p>\n\n\n<p>Nadie ignoraba que esta medida, un d\u00eda se deber\u00eda tomar, el\nsistema previsional hace a\u00f1os que est\u00e1 agonizando. En coma. Alguna pizca de\nequidad, aunque esto est\u00e9 muy lejos de serlo, hab\u00eda que estructurar.&nbsp; Ninguno, o seguramente muy pocos, de los que\nganan m\u00e1s del tope indicado, piensan qu\u00e9 cuando pase al sector pasivo deber\u00e1\nsalir a buscar otro conchabo para no perder la calidad de vida. Y eso no est\u00e1\nmal. En cambio, todos aquellos que en la actualidad tienen un mensual menor a\nlos 50 mil pesos (much\u00edsimos m\u00e1s que los acotados), deber\u00e1n, quieran o no,\nsalir en el rastreo de lograr algunos otros dinerillos extras. Hay miles de\npersonas que no quieren jubilarse por esta raz\u00f3n. Ning\u00fan pol\u00edtico puede\nignorarlo.&nbsp; Conseguir otro conchabo se\nconvierte en una imprescindible necesidad para no caer en las denigrantes\nindigencias. Y claro, tampoco es justo que unos ingresen a la pasividad a los\n60 mientras la mayor\u00eda lo debe hacer a los 65. &nbsp;<\/p>\n\n\n<p>Tal vez este sea el comienzo de una crisis, que desde el\npoder central quieran ocultar y de la que no sabemos cu\u00e1ndo y c\u00f3mo salir. El\nplanteamiento para imponer un proyecto, no fue el m\u00e1s adecuado, pero el\nobjetivo final, tal vez conlleve una perspectiva mayor de equilibrio. La\ndesigualdad entre unos pocos que ganan mucho y muchos que ganan poco, siguen\nsiendo abismales. Esto es tan solo un paso.&nbsp;\n<\/p>\n\n\n<p><\/p>\n]]>\t\t","protected":false},"excerpt":{"rendered":"<p>\t\t\t\t<![CDATA[]]>\t\t<\/p>\n","protected":false},"author":5,"featured_media":15906,"comment_status":"open","ping_status":"open","sticky":false,"template":"","format":"standard","meta":{"site-sidebar-layout":"default","site-content-layout":"","ast-site-content-layout":"default","site-content-style":"default","site-sidebar-style":"default","ast-global-header-display":"","ast-banner-title-visibility":"","ast-main-header-display":"","ast-hfb-above-header-display":"","ast-hfb-below-header-display":"","ast-hfb-mobile-header-display":"","site-post-title":"","ast-breadcrumbs-content":"","ast-featured-img":"","footer-sml-layout":"","ast-disable-related-posts":"","theme-transparent-header-meta":"","adv-header-id-meta":"","stick-header-meta":"","header-above-stick-meta":"","header-main-stick-meta":"","header-below-stick-meta":"","astra-migrate-meta-layouts":"default","ast-page-background-enabled":"default","ast-page-background-meta":{"desktop":{"background-color":"","background-image":"","background-repeat":"repeat","background-position":"center center","background-size":"auto","background-attachment":"scroll","background-type":"","background-media":"","overlay-type":"","overlay-color":"","overlay-opacity":"","overlay-gradient":""},"tablet":{"background-color":"","background-image":"","background-repeat":"repeat","background-position":"center center","background-size":"auto","background-attachment":"scroll","background-type":"","background-media":"","overlay-type":"","overlay-color":"","overlay-opacity":"","overlay-gradient":""},"mobile":{"background-color":"","background-image":"","background-repeat":"repeat","background-position":"center center","background-size":"auto","background-attachment":"scroll","background-type":"","background-media":"","overlay-type":"","overlay-color":"","overlay-opacity":"","overlay-gradient":""}},"ast-content-background-meta":{"desktop":{"background-color":"var(--ast-global-color-5)","background-image":"","background-repeat":"repeat","background-position":"center center","background-size":"auto","background-attachment":"scroll","background-type":"","background-media":"","overlay-type":"","overlay-color":"","overlay-opacity":"","overlay-gradient":""},"tablet":{"background-color":"var(--ast-global-color-5)","background-image":"","background-repeat":"repeat","background-position":"center center","background-size":"auto","background-attachment":"scroll","background-type":"","background-media":"","overlay-type":"","overlay-color":"","overlay-opacity":"","overlay-gradient":""},"mobile":{"background-color":"var(--ast-global-color-5)","background-image":"","background-repeat":"repeat","background-position":"center center","background-size":"auto","background-attachment":"scroll","background-type":"","background-media":"","overlay-type":"","overlay-color":"","overlay-opacity":"","overlay-gradient":""}},"_jetpack_memberships_contains_paid_content":false,"_joinchat":[],"footnotes":""},"categories":[2089],"tags":[],"class_list":["post-17774","post","type-post","status-publish","format-standard","has-post-thumbnail","hentry","category-politica"],"yoast_head":"<!-- This site is optimized with the Yoast SEO plugin v26.8 - https:\/\/yoast.com\/product\/yoast-seo-wordpress\/ -->\n<title>La realidad nos cay\u00f3 encima. \u00bf\u00a1\u00a1Jubilados: A qu\u00e9 se lo llama injusto!!? - El Regional<\/title>\n<meta name=\"robots\" content=\"index, follow, max-snippet:-1, max-image-preview:large, max-video-preview:-1\" \/>\n<link rel=\"canonical\" href=\"http:\/\/elregionalvm.com.ar\/noticias-villa-maria\/la-realidad-nos-cayo-encima-jubilados-a-que-se-lo-llama-injusto\/\" \/>\n<meta property=\"og:locale\" content=\"es_ES\" \/>\n<meta property=\"og:type\" content=\"article\" \/>\n<meta property=\"og:title\" content=\"La realidad nos cay\u00f3 encima. \u00bf\u00a1\u00a1Jubilados: A qu\u00e9 se lo llama injusto!!? - El Regional\" \/>\n<meta property=\"og:url\" content=\"http:\/\/elregionalvm.com.ar\/noticias-villa-maria\/la-realidad-nos-cayo-encima-jubilados-a-que-se-lo-llama-injusto\/\" \/>\n<meta property=\"og:site_name\" content=\"El Regional\" \/>\n<meta property=\"article:publisher\" content=\"https:\/\/www.facebook.com\/elregionalvm\" \/>\n<meta property=\"article:published_time\" content=\"2020-05-21T18:38:08+00:00\" \/>\n<meta property=\"article:modified_time\" content=\"2020-06-16T18:50:05+00:00\" \/>\n<meta name=\"author\" content=\"Miguel Andreis\" \/>\n<meta name=\"twitter:card\" content=\"summary_large_image\" \/>\n<meta name=\"twitter:creator\" content=\"@elregionalvm1\" \/>\n<meta name=\"twitter:site\" content=\"@elregionalvm1\" \/>\n<meta name=\"twitter:label1\" content=\"Escrito por\" \/>\n\t<meta name=\"twitter:data1\" content=\"Miguel Andreis\" \/>\n\t<meta name=\"twitter:label2\" content=\"Tiempo de lectura\" \/>\n\t<meta name=\"twitter:data2\" content=\"5 minutos\" \/>\n<script type=\"application\/ld+json\" class=\"yoast-schema-graph\">{\"@context\":\"https:\/\/schema.org\",\"@graph\":[{\"@type\":\"Article\",\"@id\":\"http:\/\/elregionalvm.com.ar\/noticias-villa-maria\/la-realidad-nos-cayo-encima-jubilados-a-que-se-lo-llama-injusto\/#article\",\"isPartOf\":{\"@id\":\"http:\/\/elregionalvm.com.ar\/noticias-villa-maria\/la-realidad-nos-cayo-encima-jubilados-a-que-se-lo-llama-injusto\/\"},\"author\":{\"name\":\"Miguel Andreis\",\"@id\":\"http:\/\/elregionalvm.com.ar\/noticias-villa-maria\/#\/schema\/person\/df5ff3f005acf29788aed9cb359f1193\"},\"headline\":\"La realidad nos cay\u00f3 encima. \u00bf\u00a1\u00a1Jubilados: A qu\u00e9 se lo llama injusto!!?\",\"datePublished\":\"2020-05-21T18:38:08+00:00\",\"dateModified\":\"2020-06-16T18:50:05+00:00\",\"mainEntityOfPage\":{\"@id\":\"http:\/\/elregionalvm.com.ar\/noticias-villa-maria\/la-realidad-nos-cayo-encima-jubilados-a-que-se-lo-llama-injusto\/\"},\"wordCount\":970,\"commentCount\":2,\"image\":{\"@id\":\"http:\/\/elregionalvm.com.ar\/noticias-villa-maria\/la-realidad-nos-cayo-encima-jubilados-a-que-se-lo-llama-injusto\/#primaryimage\"},\"thumbnailUrl\":\"\",\"articleSection\":[\"Pol\u00edtica\"],\"inLanguage\":\"es\",\"potentialAction\":[{\"@type\":\"CommentAction\",\"name\":\"Comment\",\"target\":[\"http:\/\/elregionalvm.com.ar\/noticias-villa-maria\/la-realidad-nos-cayo-encima-jubilados-a-que-se-lo-llama-injusto\/#respond\"]}]},{\"@type\":\"WebPage\",\"@id\":\"http:\/\/elregionalvm.com.ar\/noticias-villa-maria\/la-realidad-nos-cayo-encima-jubilados-a-que-se-lo-llama-injusto\/\",\"url\":\"http:\/\/elregionalvm.com.ar\/noticias-villa-maria\/la-realidad-nos-cayo-encima-jubilados-a-que-se-lo-llama-injusto\/\",\"name\":\"La realidad nos cay\u00f3 encima. \u00bf\u00a1\u00a1Jubilados: A qu\u00e9 se lo llama injusto!!? - El Regional\",\"isPartOf\":{\"@id\":\"http:\/\/elregionalvm.com.ar\/noticias-villa-maria\/#website\"},\"primaryImageOfPage\":{\"@id\":\"http:\/\/elregionalvm.com.ar\/noticias-villa-maria\/la-realidad-nos-cayo-encima-jubilados-a-que-se-lo-llama-injusto\/#primaryimage\"},\"image\":{\"@id\":\"http:\/\/elregionalvm.com.ar\/noticias-villa-maria\/la-realidad-nos-cayo-encima-jubilados-a-que-se-lo-llama-injusto\/#primaryimage\"},\"thumbnailUrl\":\"\",\"datePublished\":\"2020-05-21T18:38:08+00:00\",\"dateModified\":\"2020-06-16T18:50:05+00:00\",\"author\":{\"@id\":\"http:\/\/elregionalvm.com.ar\/noticias-villa-maria\/#\/schema\/person\/df5ff3f005acf29788aed9cb359f1193\"},\"breadcrumb\":{\"@id\":\"http:\/\/elregionalvm.com.ar\/noticias-villa-maria\/la-realidad-nos-cayo-encima-jubilados-a-que-se-lo-llama-injusto\/#breadcrumb\"},\"inLanguage\":\"es\",\"potentialAction\":[{\"@type\":\"ReadAction\",\"target\":[\"http:\/\/elregionalvm.com.ar\/noticias-villa-maria\/la-realidad-nos-cayo-encima-jubilados-a-que-se-lo-llama-injusto\/\"]}]},{\"@type\":\"ImageObject\",\"inLanguage\":\"es\",\"@id\":\"http:\/\/elregionalvm.com.ar\/noticias-villa-maria\/la-realidad-nos-cayo-encima-jubilados-a-que-se-lo-llama-injusto\/#primaryimage\",\"url\":\"\",\"contentUrl\":\"\"},{\"@type\":\"BreadcrumbList\",\"@id\":\"http:\/\/elregionalvm.com.ar\/noticias-villa-maria\/la-realidad-nos-cayo-encima-jubilados-a-que-se-lo-llama-injusto\/#breadcrumb\",\"itemListElement\":[{\"@type\":\"ListItem\",\"position\":1,\"name\":\"Portada\",\"item\":\"https:\/\/elregionalvm.com.ar\/noticias-villa-maria\/\"},{\"@type\":\"ListItem\",\"position\":2,\"name\":\"La realidad nos cay\u00f3 encima. \u00bf\u00a1\u00a1Jubilados: A qu\u00e9 se lo llama injusto!!?\"}]},{\"@type\":\"WebSite\",\"@id\":\"http:\/\/elregionalvm.com.ar\/noticias-villa-maria\/#website\",\"url\":\"http:\/\/elregionalvm.com.ar\/noticias-villa-maria\/\",\"name\":\"El Regional\",\"description\":\"Mucho m\u00e1s que informaci\u00f3n\",\"potentialAction\":[{\"@type\":\"SearchAction\",\"target\":{\"@type\":\"EntryPoint\",\"urlTemplate\":\"http:\/\/elregionalvm.com.ar\/noticias-villa-maria\/?s={search_term_string}\"},\"query-input\":{\"@type\":\"PropertyValueSpecification\",\"valueRequired\":true,\"valueName\":\"search_term_string\"}}],\"inLanguage\":\"es\"},{\"@type\":\"Person\",\"@id\":\"http:\/\/elregionalvm.com.ar\/noticias-villa-maria\/#\/schema\/person\/df5ff3f005acf29788aed9cb359f1193\",\"name\":\"Miguel Andreis\",\"image\":{\"@type\":\"ImageObject\",\"inLanguage\":\"es\",\"@id\":\"http:\/\/elregionalvm.com.ar\/noticias-villa-maria\/#\/schema\/person\/image\/\",\"url\":\"https:\/\/secure.gravatar.com\/avatar\/c643381cd03da38327c6407e6886e7182d881f2ecf94a7902ca262c41f9d8884?s=96&d=mm&r=g\",\"contentUrl\":\"https:\/\/secure.gravatar.com\/avatar\/c643381cd03da38327c6407e6886e7182d881f2ecf94a7902ca262c41f9d8884?s=96&d=mm&r=g\",\"caption\":\"Miguel Andreis\"},\"url\":\"https:\/\/elregionalvm.com.ar\/noticias-villa-maria\/author\/miguelandreis\/\"}]}<\/script>\n<!-- \/ Yoast SEO plugin. -->","yoast_head_json":{"title":"La realidad nos cay\u00f3 encima. \u00bf\u00a1\u00a1Jubilados: A qu\u00e9 se lo llama injusto!!? - El Regional","robots":{"index":"index","follow":"follow","max-snippet":"max-snippet:-1","max-image-preview":"max-image-preview:large","max-video-preview":"max-video-preview:-1"},"canonical":"http:\/\/elregionalvm.com.ar\/noticias-villa-maria\/la-realidad-nos-cayo-encima-jubilados-a-que-se-lo-llama-injusto\/","og_locale":"es_ES","og_type":"article","og_title":"La realidad nos cay\u00f3 encima. \u00bf\u00a1\u00a1Jubilados: A qu\u00e9 se lo llama injusto!!? - El Regional","og_url":"http:\/\/elregionalvm.com.ar\/noticias-villa-maria\/la-realidad-nos-cayo-encima-jubilados-a-que-se-lo-llama-injusto\/","og_site_name":"El Regional","article_publisher":"https:\/\/www.facebook.com\/elregionalvm","article_published_time":"2020-05-21T18:38:08+00:00","article_modified_time":"2020-06-16T18:50:05+00:00","author":"Miguel Andreis","twitter_card":"summary_large_image","twitter_creator":"@elregionalvm1","twitter_site":"@elregionalvm1","twitter_misc":{"Escrito por":"Miguel Andreis","Tiempo de lectura":"5 minutos"},"schema":{"@context":"https:\/\/schema.org","@graph":[{"@type":"Article","@id":"http:\/\/elregionalvm.com.ar\/noticias-villa-maria\/la-realidad-nos-cayo-encima-jubilados-a-que-se-lo-llama-injusto\/#article","isPartOf":{"@id":"http:\/\/elregionalvm.com.ar\/noticias-villa-maria\/la-realidad-nos-cayo-encima-jubilados-a-que-se-lo-llama-injusto\/"},"author":{"name":"Miguel Andreis","@id":"http:\/\/elregionalvm.com.ar\/noticias-villa-maria\/#\/schema\/person\/df5ff3f005acf29788aed9cb359f1193"},"headline":"La realidad nos cay\u00f3 encima. \u00bf\u00a1\u00a1Jubilados: A qu\u00e9 se lo llama injusto!!?","datePublished":"2020-05-21T18:38:08+00:00","dateModified":"2020-06-16T18:50:05+00:00","mainEntityOfPage":{"@id":"http:\/\/elregionalvm.com.ar\/noticias-villa-maria\/la-realidad-nos-cayo-encima-jubilados-a-que-se-lo-llama-injusto\/"},"wordCount":970,"commentCount":2,"image":{"@id":"http:\/\/elregionalvm.com.ar\/noticias-villa-maria\/la-realidad-nos-cayo-encima-jubilados-a-que-se-lo-llama-injusto\/#primaryimage"},"thumbnailUrl":"","articleSection":["Pol\u00edtica"],"inLanguage":"es","potentialAction":[{"@type":"CommentAction","name":"Comment","target":["http:\/\/elregionalvm.com.ar\/noticias-villa-maria\/la-realidad-nos-cayo-encima-jubilados-a-que-se-lo-llama-injusto\/#respond"]}]},{"@type":"WebPage","@id":"http:\/\/elregionalvm.com.ar\/noticias-villa-maria\/la-realidad-nos-cayo-encima-jubilados-a-que-se-lo-llama-injusto\/","url":"http:\/\/elregionalvm.com.ar\/noticias-villa-maria\/la-realidad-nos-cayo-encima-jubilados-a-que-se-lo-llama-injusto\/","name":"La realidad nos cay\u00f3 encima. \u00bf\u00a1\u00a1Jubilados: A qu\u00e9 se lo llama injusto!!? - El Regional","isPartOf":{"@id":"http:\/\/elregionalvm.com.ar\/noticias-villa-maria\/#website"},"primaryImageOfPage":{"@id":"http:\/\/elregionalvm.com.ar\/noticias-villa-maria\/la-realidad-nos-cayo-encima-jubilados-a-que-se-lo-llama-injusto\/#primaryimage"},"image":{"@id":"http:\/\/elregionalvm.com.ar\/noticias-villa-maria\/la-realidad-nos-cayo-encima-jubilados-a-que-se-lo-llama-injusto\/#primaryimage"},"thumbnailUrl":"","datePublished":"2020-05-21T18:38:08+00:00","dateModified":"2020-06-16T18:50:05+00:00","author":{"@id":"http:\/\/elregionalvm.com.ar\/noticias-villa-maria\/#\/schema\/person\/df5ff3f005acf29788aed9cb359f1193"},"breadcrumb":{"@id":"http:\/\/elregionalvm.com.ar\/noticias-villa-maria\/la-realidad-nos-cayo-encima-jubilados-a-que-se-lo-llama-injusto\/#breadcrumb"},"inLanguage":"es","potentialAction":[{"@type":"ReadAction","target":["http:\/\/elregionalvm.com.ar\/noticias-villa-maria\/la-realidad-nos-cayo-encima-jubilados-a-que-se-lo-llama-injusto\/"]}]},{"@type":"ImageObject","inLanguage":"es","@id":"http:\/\/elregionalvm.com.ar\/noticias-villa-maria\/la-realidad-nos-cayo-encima-jubilados-a-que-se-lo-llama-injusto\/#primaryimage","url":"","contentUrl":""},{"@type":"BreadcrumbList","@id":"http:\/\/elregionalvm.com.ar\/noticias-villa-maria\/la-realidad-nos-cayo-encima-jubilados-a-que-se-lo-llama-injusto\/#breadcrumb","itemListElement":[{"@type":"ListItem","position":1,"name":"Portada","item":"https:\/\/elregionalvm.com.ar\/noticias-villa-maria\/"},{"@type":"ListItem","position":2,"name":"La realidad nos cay\u00f3 encima. \u00bf\u00a1\u00a1Jubilados: A qu\u00e9 se lo llama injusto!!?"}]},{"@type":"WebSite","@id":"http:\/\/elregionalvm.com.ar\/noticias-villa-maria\/#website","url":"http:\/\/elregionalvm.com.ar\/noticias-villa-maria\/","name":"El Regional","description":"Mucho m\u00e1s que informaci\u00f3n","potentialAction":[{"@type":"SearchAction","target":{"@type":"EntryPoint","urlTemplate":"http:\/\/elregionalvm.com.ar\/noticias-villa-maria\/?s={search_term_string}"},"query-input":{"@type":"PropertyValueSpecification","valueRequired":true,"valueName":"search_term_string"}}],"inLanguage":"es"},{"@type":"Person","@id":"http:\/\/elregionalvm.com.ar\/noticias-villa-maria\/#\/schema\/person\/df5ff3f005acf29788aed9cb359f1193","name":"Miguel Andreis","image":{"@type":"ImageObject","inLanguage":"es","@id":"http:\/\/elregionalvm.com.ar\/noticias-villa-maria\/#\/schema\/person\/image\/","url":"https:\/\/secure.gravatar.com\/avatar\/c643381cd03da38327c6407e6886e7182d881f2ecf94a7902ca262c41f9d8884?s=96&d=mm&r=g","contentUrl":"https:\/\/secure.gravatar.com\/avatar\/c643381cd03da38327c6407e6886e7182d881f2ecf94a7902ca262c41f9d8884?s=96&d=mm&r=g","caption":"Miguel Andreis"},"url":"https:\/\/elregionalvm.com.ar\/noticias-villa-maria\/author\/miguelandreis\/"}]}},"jetpack_featured_media_url":"","jetpack_sharing_enabled":true,"_links":{"self":[{"href":"https:\/\/elregionalvm.com.ar\/noticias-villa-maria\/wp-json\/wp\/v2\/posts\/17774","targetHints":{"allow":["GET"]}}],"collection":[{"href":"https:\/\/elregionalvm.com.ar\/noticias-villa-maria\/wp-json\/wp\/v2\/posts"}],"about":[{"href":"https:\/\/elregionalvm.com.ar\/noticias-villa-maria\/wp-json\/wp\/v2\/types\/post"}],"author":[{"embeddable":true,"href":"https:\/\/elregionalvm.com.ar\/noticias-villa-maria\/wp-json\/wp\/v2\/users\/5"}],"replies":[{"embeddable":true,"href":"https:\/\/elregionalvm.com.ar\/noticias-villa-maria\/wp-json\/wp\/v2\/comments?post=17774"}],"version-history":[{"count":1,"href":"https:\/\/elregionalvm.com.ar\/noticias-villa-maria\/wp-json\/wp\/v2\/posts\/17774\/revisions"}],"predecessor-version":[{"id":18102,"href":"https:\/\/elregionalvm.com.ar\/noticias-villa-maria\/wp-json\/wp\/v2\/posts\/17774\/revisions\/18102"}],"wp:featuredmedia":[{"embeddable":true,"href":"https:\/\/elregionalvm.com.ar\/noticias-villa-maria\/wp-json\/"}],"wp:attachment":[{"href":"https:\/\/elregionalvm.com.ar\/noticias-villa-maria\/wp-json\/wp\/v2\/media?parent=17774"}],"wp:term":[{"taxonomy":"category","embeddable":true,"href":"https:\/\/elregionalvm.com.ar\/noticias-villa-maria\/wp-json\/wp\/v2\/categories?post=17774"},{"taxonomy":"post_tag","embeddable":true,"href":"https:\/\/elregionalvm.com.ar\/noticias-villa-maria\/wp-json\/wp\/v2\/tags?post=17774"}],"curies":[{"name":"wp","href":"https:\/\/api.w.org\/{rel}","templated":true}]}}