{"id":17776,"date":"2020-05-22T17:32:00","date_gmt":"2020-05-22T17:32:00","guid":{"rendered":"http:\/\/www.elregionalvm.com.ar\/?p=15923"},"modified":"2020-06-18T11:45:18","modified_gmt":"2020-06-18T11:45:18","slug":"villa-nueva-la-solidaridad-no-descansa","status":"publish","type":"post","link":"https:\/\/elregionalvm.com.ar\/noticias-villa-maria\/villa-nueva-la-solidaridad-no-descansa\/","title":{"rendered":"La solidaridad no descansa"},"content":{"rendered":"<p><!--[CDATA[\n<\/p--><\/p>\n\n\n<h6 class=\"has-text-align-left wp-block-heading\"><strong>La solidaridad y la empat\u00eda con quienes m\u00e1s se sienten atravesados por la pandemia, son acciones que en medio de tanta incertidumbre y desaz\u00f3n por una cuarentena que ya super\u00f3 los 60 d\u00edas, generan hilos de esperanza, que no hay enfermedad que mate el compromiso social. <\/strong><\/h6>\n\n\n\n<p><strong>Escribe:\nCarolina Durand<\/strong><\/p>\n\n\n\n<p>Varios fueron\nlos gestos de villanovenses que se enmarcan dentro de la pandemia por COVID19\ncon la intenci\u00f3n de colaborar con quienes m\u00e1s perjudicados se vieron con la\ncuarentena obligatoria como medida preventiva de contagio.<\/p>\n\n\n\n<p>Se sumaron comerciantes de la comunidad boliviana con bolsones de frutas y verduras, supermercadistas chinos con alimentos no perecederos al igual que la \u201c<em>Pe\u00f1a Villa Nueva<\/em>&nbsp;En&nbsp;<em>Boca<\/em> de Todos\u201d, hasta el Deliberativo, con un aporte de sueldos donados que oscilaron entre un 20% por parte del oficialismo y un 50% por parte de funcionarios radicales, seg\u00fan manifestaron p\u00fablicamente. Fueron algunos de los tantos que aportaron su granito para los que no pueden salir a trabajar o vieron reducidos sus ingresos por falta de changas. <\/p>\n\n\n\n<p><strong>Alimentos y algo m\u00e1s<\/strong><strong><\/strong><\/p>\n\n\n\n<p>Tambi\u00e9n se sumaron vecinos haciendo\nbarbijos y m\u00e1scaras de protecci\u00f3n, tamberos locales, la ayuda a merenderos y\nollas populares de la juventud radical, y ahora se agrega a la lista de\npromotores de buenas acciones, Scaglia SA.<\/p>\n\n\n\n<p>La firma\nconsignataria de hacienda, ubicada en barrio Sarmiento, realiz\u00f3 una importante\ndonaci\u00f3n de alimentos no perecederos, para repartir entre las familias que m\u00e1s\nest\u00e1n sufriendo el impacto de la crisis econ\u00f3mica. Entre los alimentos donados\nse aport\u00f3 &nbsp;aceite, arroz, fideos y\npolenta, entre otros productos, por un valor de 11 mil pesos. <\/p>\n\n\n\n<p>Se estima que el\nmunicipio armar\u00e1 bolsones, como ha venido haciendo con otras donaciones.<\/p>\n\n\n\n<p><strong>Harina y pan<\/strong><\/p>\n\n\n\n<p>Adem\u00e1s, un vecino\nde la ciudad de quien no trascendi\u00f3 su nombre, entreg\u00f3 un total de 100 kilos de\nharina a la Municipalidad. La materia prima se destinar\u00e1 a la elaboraci\u00f3n de\npan para repartir entre las familias necesitadas.<\/p>\n\n\n\n<p>La panader\u00eda\nBuen Sabor ser\u00e1 la encargada de la elaboraci\u00f3n del pan para distribuir luego,\njunto a los bolsones, en los sectores m\u00e1s vulnerables de la ciudad.<\/p>\n\n\n\n<figure class=\"wp-block-image\"><img data-recalc-dims=\"1\" height=\"1024\" width=\"825\" decoding=\"async\" src=\"https:\/\/i0.wp.com\/www.elregionalvm.com.ar\/wp-content\/uploads\/2020\/05\/Graglia-donaci%C3%B3n-barbijos-Villa-Nueva-825x1024.jpg?resize=825%2C1024\" alt=\"\" class=\"wp-image-15926\"\/><figcaption>El intendente Graglia, cuando recibi\u00f3 donaciones de barbijos.<\/figcaption><\/figure>\n\n\n\n<p class=\"has-background has-cyan-bluish-gray-background-color\"><strong>Comenz\u00f3 la entrega de m\u00f3dulos de\nleche en las Salas Cuna<\/strong><\/p>\n\n\n\n<p>La Direcci\u00f3n de Promoci\u00f3n y Desarrollo\nInfantil comenz\u00f3 con la entrega de los m\u00f3dulos de leche correspondientes al\n\u201cPlan M\u00e1s Leche M\u00e1s Prote\u00ednas\u201d. Seg\u00fan se inform\u00f3 desde el \u00e1rea a cargo de Sara\nPereyra, la entrega se concretar\u00e1 hasta el viernes 29 de mayo. De lunes a\nviernes, de 9 a 12 horas.<\/p>\n\n\n\n<p>Para los ni\u00f1os de 0 a 3 a\u00f1os, la entrega de\nleche se concretar\u00e1 en la sede de la Direcci\u00f3n de Promoci\u00f3n y Desarrollo\nInfantil, sobre calle 25 de Mayo; mientras que para los ni\u00f1os de 4 a 11 a\u00f1os,\nla entrega se realizar\u00e1 en la sede de la guarder\u00eda Arturo Illia, sobre calle\nDe\u00e1n Funes.<\/p>\n\n\n\n<p>Fotos de archivo<\/p>\n\n\n<p>]]&gt;<\/p>","protected":false},"excerpt":{"rendered":"<p>\t\t\t\t<![CDATA[]]>\t\t<\/p>\n","protected":false},"author":6,"featured_media":18305,"comment_status":"open","ping_status":"open","sticky":false,"template":"","format":"standard","meta":{"site-sidebar-layout":"default","site-content-layout":"default","ast-site-content-layout":"default","site-content-style":"default","site-sidebar-style":"default","ast-global-header-display":"","ast-banner-title-visibility":"","ast-main-header-display":"","ast-hfb-above-header-display":"","ast-hfb-below-header-display":"","ast-hfb-mobile-header-display":"","site-post-title":"","ast-breadcrumbs-content":"","ast-featured-img":"","footer-sml-layout":"","ast-disable-related-posts":"","theme-transparent-header-meta":"default","adv-header-id-meta":"","stick-header-meta":"","header-above-stick-meta":"","header-main-stick-meta":"","header-below-stick-meta":"","astra-migrate-meta-layouts":"default","ast-page-background-enabled":"default","ast-page-background-meta":{"desktop":{"background-color":"","background-image":"","background-repeat":"repeat","background-position":"center center","background-size":"auto","background-attachment":"scroll","background-type":"","background-media":"","overlay-type":"","overlay-color":"","overlay-opacity":"","overlay-gradient":""},"tablet":{"background-color":"","background-image":"","background-repeat":"repeat","background-position":"center center","background-size":"auto","background-attachment":"scroll","background-type":"","background-media":"","overlay-type":"","overlay-color":"","overlay-opacity":"","overlay-gradient":""},"mobile":{"background-color":"","background-image":"","background-repeat":"repeat","background-position":"center center","background-size":"auto","background-attachment":"scroll","background-type":"","background-media":"","overlay-type":"","overlay-color":"","overlay-opacity":"","overlay-gradient":""}},"ast-content-background-meta":{"desktop":{"background-color":"var(--ast-global-color-5)","background-image":"","background-repeat":"repeat","background-position":"center center","background-size":"auto","background-attachment":"scroll","background-type":"","background-media":"","overlay-type":"","overlay-color":"","overlay-opacity":"","overlay-gradient":""},"tablet":{"background-color":"var(--ast-global-color-5)","background-image":"","background-repeat":"repeat","background-position":"center center","background-size":"auto","background-attachment":"scroll","background-type":"","background-media":"","overlay-type":"","overlay-color":"","overlay-opacity":"","overlay-gradient":""},"mobile":{"background-color":"var(--ast-global-color-5)","background-image":"","background-repeat":"repeat","background-position":"center center","background-size":"auto","background-attachment":"scroll","background-type":"","background-media":"","overlay-type":"","overlay-color":"","overlay-opacity":"","overlay-gradient":""}},"_jetpack_memberships_contains_paid_content":false,"_joinchat":[],"footnotes":""},"categories":[1408],"tags":[2052,2177,1997,2054,2178,2179,1998,2180,231,232],"class_list":["post-17776","post","type-post","status-publish","format-standard","has-post-thumbnail","hentry","category-villa-nueva","tag-alimentos","tag-barbijo","tag-coronavirus","tag-covid-19","tag-donaciones","tag-modulos-de-leche","tag-pandemia","tag-sala-cuna","tag-solidaridad","tag-villa-nueva"],"yoast_head":"<!-- This site is optimized with the Yoast SEO plugin v26.8 - https:\/\/yoast.com\/product\/yoast-seo-wordpress\/ -->\n<title>La solidaridad no descansa - El Regional<\/title>\n<meta name=\"robots\" content=\"index, follow, max-snippet:-1, max-image-preview:large, max-video-preview:-1\" \/>\n<link rel=\"canonical\" href=\"http:\/\/elregionalvm.com.ar\/noticias-villa-maria\/villa-nueva-la-solidaridad-no-descansa\/\" \/>\n<meta property=\"og:locale\" content=\"es_ES\" \/>\n<meta property=\"og:type\" content=\"article\" \/>\n<meta property=\"og:title\" content=\"La solidaridad no descansa - El Regional\" \/>\n<meta property=\"og:url\" content=\"http:\/\/elregionalvm.com.ar\/noticias-villa-maria\/villa-nueva-la-solidaridad-no-descansa\/\" \/>\n<meta property=\"og:site_name\" content=\"El Regional\" \/>\n<meta property=\"article:publisher\" content=\"https:\/\/www.facebook.com\/elregionalvm\" \/>\n<meta property=\"article:published_time\" content=\"2020-05-22T17:32:00+00:00\" \/>\n<meta property=\"article:modified_time\" content=\"2020-06-18T11:45:18+00:00\" \/>\n<meta property=\"og:image\" content=\"http:\/\/elregionalvm.com.ar\/noticias-villa-maria\/wp-content\/uploads\/2020\/05\/Villa-Nueva-donaciones-730x730-1.jpg\" \/>\n\t<meta property=\"og:image:width\" content=\"730\" \/>\n\t<meta property=\"og:image:height\" content=\"730\" \/>\n\t<meta property=\"og:image:type\" content=\"image\/jpeg\" \/>\n<meta name=\"author\" content=\"Germ\u00e1n Giacchero\" \/>\n<meta name=\"twitter:card\" content=\"summary_large_image\" \/>\n<meta name=\"twitter:creator\" content=\"@elregionalvm1\" \/>\n<meta name=\"twitter:site\" content=\"@elregionalvm1\" \/>\n<meta name=\"twitter:label1\" content=\"Escrito por\" \/>\n\t<meta name=\"twitter:data1\" content=\"Germ\u00e1n Giacchero\" \/>\n\t<meta name=\"twitter:label2\" content=\"Tiempo de lectura\" \/>\n\t<meta name=\"twitter:data2\" content=\"3 minutos\" \/>\n<script type=\"application\/ld+json\" class=\"yoast-schema-graph\">{\"@context\":\"https:\/\/schema.org\",\"@graph\":[{\"@type\":\"Article\",\"@id\":\"http:\/\/elregionalvm.com.ar\/noticias-villa-maria\/villa-nueva-la-solidaridad-no-descansa\/#article\",\"isPartOf\":{\"@id\":\"http:\/\/elregionalvm.com.ar\/noticias-villa-maria\/villa-nueva-la-solidaridad-no-descansa\/\"},\"author\":{\"name\":\"Germ\u00e1n Giacchero\",\"@id\":\"http:\/\/elregionalvm.com.ar\/noticias-villa-maria\/#\/schema\/person\/d5e4b04966154131701e52c45d3efec9\"},\"headline\":\"La solidaridad no descansa\",\"datePublished\":\"2020-05-22T17:32:00+00:00\",\"dateModified\":\"2020-06-18T11:45:18+00:00\",\"mainEntityOfPage\":{\"@id\":\"http:\/\/elregionalvm.com.ar\/noticias-villa-maria\/villa-nueva-la-solidaridad-no-descansa\/\"},\"wordCount\":510,\"commentCount\":0,\"image\":{\"@id\":\"http:\/\/elregionalvm.com.ar\/noticias-villa-maria\/villa-nueva-la-solidaridad-no-descansa\/#primaryimage\"},\"thumbnailUrl\":\"https:\/\/i0.wp.com\/elregionalvm.com.ar\/noticias-villa-maria\/wp-content\/uploads\/2020\/05\/Villa-Nueva-donaciones-730x730-1.jpg?fit=730%2C730&ssl=1\",\"keywords\":[\"Alimentos\",\"barbijo\",\"Coronavirus\",\"Covid-19\",\"donaciones\",\"m\u00f3dulos de leche\",\"pandemia\",\"sala cuna\",\"solidaridad\",\"VILLA NUEVA\"],\"articleSection\":[\"Villa Nueva\"],\"inLanguage\":\"es\",\"potentialAction\":[{\"@type\":\"CommentAction\",\"name\":\"Comment\",\"target\":[\"http:\/\/elregionalvm.com.ar\/noticias-villa-maria\/villa-nueva-la-solidaridad-no-descansa\/#respond\"]}]},{\"@type\":\"WebPage\",\"@id\":\"http:\/\/elregionalvm.com.ar\/noticias-villa-maria\/villa-nueva-la-solidaridad-no-descansa\/\",\"url\":\"http:\/\/elregionalvm.com.ar\/noticias-villa-maria\/villa-nueva-la-solidaridad-no-descansa\/\",\"name\":\"La solidaridad no descansa - El Regional\",\"isPartOf\":{\"@id\":\"http:\/\/elregionalvm.com.ar\/noticias-villa-maria\/#website\"},\"primaryImageOfPage\":{\"@id\":\"http:\/\/elregionalvm.com.ar\/noticias-villa-maria\/villa-nueva-la-solidaridad-no-descansa\/#primaryimage\"},\"image\":{\"@id\":\"http:\/\/elregionalvm.com.ar\/noticias-villa-maria\/villa-nueva-la-solidaridad-no-descansa\/#primaryimage\"},\"thumbnailUrl\":\"https:\/\/i0.wp.com\/elregionalvm.com.ar\/noticias-villa-maria\/wp-content\/uploads\/2020\/05\/Villa-Nueva-donaciones-730x730-1.jpg?fit=730%2C730&ssl=1\",\"datePublished\":\"2020-05-22T17:32:00+00:00\",\"dateModified\":\"2020-06-18T11:45:18+00:00\",\"author\":{\"@id\":\"http:\/\/elregionalvm.com.ar\/noticias-villa-maria\/#\/schema\/person\/d5e4b04966154131701e52c45d3efec9\"},\"breadcrumb\":{\"@id\":\"http:\/\/elregionalvm.com.ar\/noticias-villa-maria\/villa-nueva-la-solidaridad-no-descansa\/#breadcrumb\"},\"inLanguage\":\"es\",\"potentialAction\":[{\"@type\":\"ReadAction\",\"target\":[\"http:\/\/elregionalvm.com.ar\/noticias-villa-maria\/villa-nueva-la-solidaridad-no-descansa\/\"]}]},{\"@type\":\"ImageObject\",\"inLanguage\":\"es\",\"@id\":\"http:\/\/elregionalvm.com.ar\/noticias-villa-maria\/villa-nueva-la-solidaridad-no-descansa\/#primaryimage\",\"url\":\"https:\/\/i0.wp.com\/elregionalvm.com.ar\/noticias-villa-maria\/wp-content\/uploads\/2020\/05\/Villa-Nueva-donaciones-730x730-1.jpg?fit=730%2C730&ssl=1\",\"contentUrl\":\"https:\/\/i0.wp.com\/elregionalvm.com.ar\/noticias-villa-maria\/wp-content\/uploads\/2020\/05\/Villa-Nueva-donaciones-730x730-1.jpg?fit=730%2C730&ssl=1\",\"width\":730,\"height\":730},{\"@type\":\"BreadcrumbList\",\"@id\":\"http:\/\/elregionalvm.com.ar\/noticias-villa-maria\/villa-nueva-la-solidaridad-no-descansa\/#breadcrumb\",\"itemListElement\":[{\"@type\":\"ListItem\",\"position\":1,\"name\":\"Portada\",\"item\":\"https:\/\/elregionalvm.com.ar\/noticias-villa-maria\/\"},{\"@type\":\"ListItem\",\"position\":2,\"name\":\"La solidaridad no descansa\"}]},{\"@type\":\"WebSite\",\"@id\":\"http:\/\/elregionalvm.com.ar\/noticias-villa-maria\/#website\",\"url\":\"http:\/\/elregionalvm.com.ar\/noticias-villa-maria\/\",\"name\":\"El Regional\",\"description\":\"Mucho m\u00e1s que informaci\u00f3n\",\"potentialAction\":[{\"@type\":\"SearchAction\",\"target\":{\"@type\":\"EntryPoint\",\"urlTemplate\":\"http:\/\/elregionalvm.com.ar\/noticias-villa-maria\/?s={search_term_string}\"},\"query-input\":{\"@type\":\"PropertyValueSpecification\",\"valueRequired\":true,\"valueName\":\"search_term_string\"}}],\"inLanguage\":\"es\"},{\"@type\":\"Person\",\"@id\":\"http:\/\/elregionalvm.com.ar\/noticias-villa-maria\/#\/schema\/person\/d5e4b04966154131701e52c45d3efec9\",\"name\":\"Germ\u00e1n Giacchero\",\"image\":{\"@type\":\"ImageObject\",\"inLanguage\":\"es\",\"@id\":\"http:\/\/elregionalvm.com.ar\/noticias-villa-maria\/#\/schema\/person\/image\/\",\"url\":\"https:\/\/secure.gravatar.com\/avatar\/fda163ba5ef0307ee5be9846e10f83b6e83d0cfb260d3b2464830318894c6b04?s=96&d=mm&r=g\",\"contentUrl\":\"https:\/\/secure.gravatar.com\/avatar\/fda163ba5ef0307ee5be9846e10f83b6e83d0cfb260d3b2464830318894c6b04?s=96&d=mm&r=g\",\"caption\":\"Germ\u00e1n Giacchero\"},\"url\":\"https:\/\/elregionalvm.com.ar\/noticias-villa-maria\/author\/germangiacchero\/\"}]}<\/script>\n<!-- \/ Yoast SEO plugin. -->","yoast_head_json":{"title":"La solidaridad no descansa - El Regional","robots":{"index":"index","follow":"follow","max-snippet":"max-snippet:-1","max-image-preview":"max-image-preview:large","max-video-preview":"max-video-preview:-1"},"canonical":"http:\/\/elregionalvm.com.ar\/noticias-villa-maria\/villa-nueva-la-solidaridad-no-descansa\/","og_locale":"es_ES","og_type":"article","og_title":"La solidaridad no descansa - El Regional","og_url":"http:\/\/elregionalvm.com.ar\/noticias-villa-maria\/villa-nueva-la-solidaridad-no-descansa\/","og_site_name":"El Regional","article_publisher":"https:\/\/www.facebook.com\/elregionalvm","article_published_time":"2020-05-22T17:32:00+00:00","article_modified_time":"2020-06-18T11:45:18+00:00","og_image":[{"width":730,"height":730,"url":"http:\/\/elregionalvm.com.ar\/noticias-villa-maria\/wp-content\/uploads\/2020\/05\/Villa-Nueva-donaciones-730x730-1.jpg","type":"image\/jpeg"}],"author":"Germ\u00e1n Giacchero","twitter_card":"summary_large_image","twitter_creator":"@elregionalvm1","twitter_site":"@elregionalvm1","twitter_misc":{"Escrito por":"Germ\u00e1n Giacchero","Tiempo de lectura":"3 minutos"},"schema":{"@context":"https:\/\/schema.org","@graph":[{"@type":"Article","@id":"http:\/\/elregionalvm.com.ar\/noticias-villa-maria\/villa-nueva-la-solidaridad-no-descansa\/#article","isPartOf":{"@id":"http:\/\/elregionalvm.com.ar\/noticias-villa-maria\/villa-nueva-la-solidaridad-no-descansa\/"},"author":{"name":"Germ\u00e1n Giacchero","@id":"http:\/\/elregionalvm.com.ar\/noticias-villa-maria\/#\/schema\/person\/d5e4b04966154131701e52c45d3efec9"},"headline":"La solidaridad no descansa","datePublished":"2020-05-22T17:32:00+00:00","dateModified":"2020-06-18T11:45:18+00:00","mainEntityOfPage":{"@id":"http:\/\/elregionalvm.com.ar\/noticias-villa-maria\/villa-nueva-la-solidaridad-no-descansa\/"},"wordCount":510,"commentCount":0,"image":{"@id":"http:\/\/elregionalvm.com.ar\/noticias-villa-maria\/villa-nueva-la-solidaridad-no-descansa\/#primaryimage"},"thumbnailUrl":"https:\/\/i0.wp.com\/elregionalvm.com.ar\/noticias-villa-maria\/wp-content\/uploads\/2020\/05\/Villa-Nueva-donaciones-730x730-1.jpg?fit=730%2C730&ssl=1","keywords":["Alimentos","barbijo","Coronavirus","Covid-19","donaciones","m\u00f3dulos de leche","pandemia","sala cuna","solidaridad","VILLA NUEVA"],"articleSection":["Villa Nueva"],"inLanguage":"es","potentialAction":[{"@type":"CommentAction","name":"Comment","target":["http:\/\/elregionalvm.com.ar\/noticias-villa-maria\/villa-nueva-la-solidaridad-no-descansa\/#respond"]}]},{"@type":"WebPage","@id":"http:\/\/elregionalvm.com.ar\/noticias-villa-maria\/villa-nueva-la-solidaridad-no-descansa\/","url":"http:\/\/elregionalvm.com.ar\/noticias-villa-maria\/villa-nueva-la-solidaridad-no-descansa\/","name":"La solidaridad no descansa - El Regional","isPartOf":{"@id":"http:\/\/elregionalvm.com.ar\/noticias-villa-maria\/#website"},"primaryImageOfPage":{"@id":"http:\/\/elregionalvm.com.ar\/noticias-villa-maria\/villa-nueva-la-solidaridad-no-descansa\/#primaryimage"},"image":{"@id":"http:\/\/elregionalvm.com.ar\/noticias-villa-maria\/villa-nueva-la-solidaridad-no-descansa\/#primaryimage"},"thumbnailUrl":"https:\/\/i0.wp.com\/elregionalvm.com.ar\/noticias-villa-maria\/wp-content\/uploads\/2020\/05\/Villa-Nueva-donaciones-730x730-1.jpg?fit=730%2C730&ssl=1","datePublished":"2020-05-22T17:32:00+00:00","dateModified":"2020-06-18T11:45:18+00:00","author":{"@id":"http:\/\/elregionalvm.com.ar\/noticias-villa-maria\/#\/schema\/person\/d5e4b04966154131701e52c45d3efec9"},"breadcrumb":{"@id":"http:\/\/elregionalvm.com.ar\/noticias-villa-maria\/villa-nueva-la-solidaridad-no-descansa\/#breadcrumb"},"inLanguage":"es","potentialAction":[{"@type":"ReadAction","target":["http:\/\/elregionalvm.com.ar\/noticias-villa-maria\/villa-nueva-la-solidaridad-no-descansa\/"]}]},{"@type":"ImageObject","inLanguage":"es","@id":"http:\/\/elregionalvm.com.ar\/noticias-villa-maria\/villa-nueva-la-solidaridad-no-descansa\/#primaryimage","url":"https:\/\/i0.wp.com\/elregionalvm.com.ar\/noticias-villa-maria\/wp-content\/uploads\/2020\/05\/Villa-Nueva-donaciones-730x730-1.jpg?fit=730%2C730&ssl=1","contentUrl":"https:\/\/i0.wp.com\/elregionalvm.com.ar\/noticias-villa-maria\/wp-content\/uploads\/2020\/05\/Villa-Nueva-donaciones-730x730-1.jpg?fit=730%2C730&ssl=1","width":730,"height":730},{"@type":"BreadcrumbList","@id":"http:\/\/elregionalvm.com.ar\/noticias-villa-maria\/villa-nueva-la-solidaridad-no-descansa\/#breadcrumb","itemListElement":[{"@type":"ListItem","position":1,"name":"Portada","item":"https:\/\/elregionalvm.com.ar\/noticias-villa-maria\/"},{"@type":"ListItem","position":2,"name":"La solidaridad no descansa"}]},{"@type":"WebSite","@id":"http:\/\/elregionalvm.com.ar\/noticias-villa-maria\/#website","url":"http:\/\/elregionalvm.com.ar\/noticias-villa-maria\/","name":"El Regional","description":"Mucho m\u00e1s que informaci\u00f3n","potentialAction":[{"@type":"SearchAction","target":{"@type":"EntryPoint","urlTemplate":"http:\/\/elregionalvm.com.ar\/noticias-villa-maria\/?s={search_term_string}"},"query-input":{"@type":"PropertyValueSpecification","valueRequired":true,"valueName":"search_term_string"}}],"inLanguage":"es"},{"@type":"Person","@id":"http:\/\/elregionalvm.com.ar\/noticias-villa-maria\/#\/schema\/person\/d5e4b04966154131701e52c45d3efec9","name":"Germ\u00e1n Giacchero","image":{"@type":"ImageObject","inLanguage":"es","@id":"http:\/\/elregionalvm.com.ar\/noticias-villa-maria\/#\/schema\/person\/image\/","url":"https:\/\/secure.gravatar.com\/avatar\/fda163ba5ef0307ee5be9846e10f83b6e83d0cfb260d3b2464830318894c6b04?s=96&d=mm&r=g","contentUrl":"https:\/\/secure.gravatar.com\/avatar\/fda163ba5ef0307ee5be9846e10f83b6e83d0cfb260d3b2464830318894c6b04?s=96&d=mm&r=g","caption":"Germ\u00e1n Giacchero"},"url":"https:\/\/elregionalvm.com.ar\/noticias-villa-maria\/author\/germangiacchero\/"}]}},"jetpack_featured_media_url":"https:\/\/i0.wp.com\/elregionalvm.com.ar\/noticias-villa-maria\/wp-content\/uploads\/2020\/05\/Villa-Nueva-donaciones-730x730-1.jpg?fit=730%2C730&ssl=1","jetpack_sharing_enabled":true,"_links":{"self":[{"href":"https:\/\/elregionalvm.com.ar\/noticias-villa-maria\/wp-json\/wp\/v2\/posts\/17776","targetHints":{"allow":["GET"]}}],"collection":[{"href":"https:\/\/elregionalvm.com.ar\/noticias-villa-maria\/wp-json\/wp\/v2\/posts"}],"about":[{"href":"https:\/\/elregionalvm.com.ar\/noticias-villa-maria\/wp-json\/wp\/v2\/types\/post"}],"author":[{"embeddable":true,"href":"https:\/\/elregionalvm.com.ar\/noticias-villa-maria\/wp-json\/wp\/v2\/users\/6"}],"replies":[{"embeddable":true,"href":"https:\/\/elregionalvm.com.ar\/noticias-villa-maria\/wp-json\/wp\/v2\/comments?post=17776"}],"version-history":[{"count":2,"href":"https:\/\/elregionalvm.com.ar\/noticias-villa-maria\/wp-json\/wp\/v2\/posts\/17776\/revisions"}],"predecessor-version":[{"id":18304,"href":"https:\/\/elregionalvm.com.ar\/noticias-villa-maria\/wp-json\/wp\/v2\/posts\/17776\/revisions\/18304"}],"wp:featuredmedia":[{"embeddable":true,"href":"https:\/\/elregionalvm.com.ar\/noticias-villa-maria\/wp-json\/wp\/v2\/media\/18305"}],"wp:attachment":[{"href":"https:\/\/elregionalvm.com.ar\/noticias-villa-maria\/wp-json\/wp\/v2\/media?parent=17776"}],"wp:term":[{"taxonomy":"category","embeddable":true,"href":"https:\/\/elregionalvm.com.ar\/noticias-villa-maria\/wp-json\/wp\/v2\/categories?post=17776"},{"taxonomy":"post_tag","embeddable":true,"href":"https:\/\/elregionalvm.com.ar\/noticias-villa-maria\/wp-json\/wp\/v2\/tags?post=17776"}],"curies":[{"name":"wp","href":"https:\/\/api.w.org\/{rel}","templated":true}]}}