{"id":17782,"date":"2020-05-26T14:06:25","date_gmt":"2020-05-26T14:06:25","guid":{"rendered":"http:\/\/www.elregionalvm.com.ar\/?p=15957"},"modified":"2020-06-18T11:46:57","modified_gmt":"2020-06-18T11:46:57","slug":"villa-nueva-desfile-virtual-por-el-aniversario-patrio","status":"publish","type":"post","link":"https:\/\/elregionalvm.com.ar\/noticias-villa-maria\/villa-nueva-desfile-virtual-por-el-aniversario-patrio\/","title":{"rendered":"Desfile virtual por el aniversario patrio"},"content":{"rendered":"<p><!--[CDATA[\n<\/p--><\/p>\n\n\n<p class=\"has-background has-pale-cyan-blue-background-color\"><strong>Este a\u00f1o, la Revoluci\u00f3n de Mayo y el primer gobierno patrio, cumplieron su aniversario N\u00b0 210 y, pese a la pandemia que el mundo atraviesa, el festejo y el compromiso de las instituciones estuvo esta vez de manera virtual. <\/strong><\/p>\n\n\n\n<p><strong>Escribe: Carolina Durand<\/strong><strong><\/strong><\/p>\n\n\n\n<p>El lunes 25 de mayo, alrededor de las 10 de la ma\u00f1ana, en\nPlaza Capit\u00e1n de los Andes, se realiz\u00f3 el izado de las banderas de Argentina,\nC\u00f3rdoba y Villa Nueva, y se procedi\u00f3 a entonar las estrofas del himno nacional.\n<\/p>\n\n\n\n<p>En el acto protocolar estuvieron presentes el Intendente,\nNatalio Graglia; el presidente del Concejo Deliberante, Edgardo Garmendia; secretarios\nde Gobierno, Salud y Educaci\u00f3n. Tambi\u00e9n acompa\u00f1aron el director del Hospital\nVilla Nueva, Dami\u00e1n Tejero; personal del&nbsp;\n\u00e1rea de Seguridad Ciudadana y policial; el defensor del Pueblo, Nicol\u00e1s\nMorsila; y el vocal del Tribunal de Cuentas Municipal, Fabricio Guelfi.<\/p>\n\n\n\n<p>Concluido el acto, el jefe comunal, la titular de Cultura y\nel presidente del Consejo, se hicieron presentes en un programa especial de\ntelevisi\u00f3n, emitido entre otros medios por las redes del municipio. <\/p>\n\n\n\n<figure class=\"wp-block-image\"><img data-recalc-dims=\"1\" height=\"768\" width=\"1024\" decoding=\"async\" src=\"https:\/\/i0.wp.com\/www.elregionalvm.com.ar\/wp-content\/uploads\/2020\/05\/IMG_20200525_102508197_HDR-1-1024x768.jpg?resize=1024%2C768\" alt=\"\" class=\"wp-image-15961\"\/><figcaption>Un acto diferente en el marco de la pandemia.<br><br><\/figcaption><\/figure>\n\n\n\n<p><strong>Programa especial <\/strong><strong><\/strong><\/p>\n\n\n\n<p>Luego de la presentaci\u00f3n de los conductores,\nse proyect\u00f3 un video de la ciudad con su canci\u00f3n nativa. Y tom\u00f3 la palabra la secretaria\nde Educaci\u00f3n y Cultura, Marcela Unzueta, explicando sobre la convocatoria y la\nintenci\u00f3n con la que se gest\u00f3 la iniciativa virtual. La funcionaria destac\u00f3 que\n\u201cel ingreso de las banderas, en el acto protocolar habitual es lo que m\u00e1s la\nemociona\u201d. A continuaci\u00f3n, intervino Edgardo Garmendia, quien hizo referencia a\nla necesidad de seguir trabajando arduamente desde el Deliberativo a trav\u00e9s de\nlas sesiones virtuales. <\/p>\n\n\n\n<figure class=\"wp-block-image is-resized\"><img data-recalc-dims=\"1\" fetchpriority=\"high\" decoding=\"async\" src=\"https:\/\/i0.wp.com\/www.elregionalvm.com.ar\/wp-content\/uploads\/2020\/05\/IMG_20200525_121726_896.jpg?resize=593%2C487\" alt=\"\" class=\"wp-image-15959\" width=\"593\" height=\"487\"\/><figcaption>Graglia y otras autoridades en el izamiento de la bandera.<\/figcaption><\/figure>\n\n\n\n<p>A su turno el intendente Graglia hizo lo\npropio, y hablo de las \u201csensaciones raras y de lo que cuesta acostumbrarse a\nlas instancias en las que nos ha colocado la pandemia, ya que somos comunidades\nmuy sociables y afectuosas con los nuestros\u201d. <\/p>\n\n\n\n<p><strong>\u201cSos el dirigente\npol\u00edtico de mayor proyecci\u00f3n\u201d<\/strong><strong><\/strong><\/p>\n\n\n\n<p>El programa patrio especial, dentro de la primera\nparte, donde se sucedieron intervenciones locales y llamadas telef\u00f3nicas con\nfuncionarios, tuvo la participaci\u00f3n de Alfonso Mosquera, ministro de Seguridad de la\nprovincia; Facundo Torres, ministro de Gobierno de C\u00f3rdoba; Eduardo Accastello,\nministro de Comercio, Industria y Miner\u00eda; y Marcelo Frossasco, presidente del\nComit\u00e9 de Seguridad Deportiva de la Provincia. Adem\u00e1s, tambi\u00e9n particip\u00f3 el presidente\ndel Concejo Deliberante, a cargo del Departamento Ejecutivo Municipal de Villa\nMar\u00eda, Pablo Rosso y el cierre de llamadas fue llevado a cabo por el Intendente\nelecto de Villa Mar\u00eda y actual secretario de Obras P\u00fablicas de la Naci\u00f3n, Mart\u00edn\nGill. <\/p>\n\n\n\n<p>Graglia aprovech\u00f3 la ocasi\u00f3n del intercambio telef\u00f3nico para\nresaltar y reafirmar su postura sobre Gill: \u201cNo tengo dudas que sos el dirigente\npol\u00edtico de mayor proyecci\u00f3n pol\u00edtica que pod\u00edamos tener\u201d. Y asever\u00f3\np\u00fablicamente que, \u201c12 ser\u00edan los proyectos que se han llevado Naci\u00f3n\u201d y que \u201cel\nrol asumido por Gill puede ser muy positivo no solo para la naci\u00f3n, sino para\nambas villas\u201d.&nbsp; <\/p>\n\n\n\n<p>A lo que el Secretario de Obras Publicas de la Naci\u00f3n\nrespondi\u00f3, \u201ccada ejecutivo sabe lo que sus ciudadanos necesitan\u201d y que es\nnecesario \u201cm\u00e1s intendentes de la talla de Graglia\u201d.<\/p>\n\n\n\n<p>Entre bloque y bloque, la primera parte del especial tuvo\nim\u00e1genes y videos alusivos de desfiles anteriores, que la gente fue enviando a\nla convocatoria del municipio. <\/p>\n\n\n\n<p>El cierre, del programa especial, en el marco de los festejos\npor el 25 de mayo, fue con la realizaci\u00f3n del \u201cDesfile Virtual\u201d, para el cual\nel conductor anunciaba la instituci\u00f3n que se proyectar\u00eda, simulando la\npresentaci\u00f3n que se hace sobre calle Belgrano, antes que las instituciones\ndesfilen frete al palco y los funcionarios. <\/p>\n\n\n\n<p>M\u00e1s de 50 instituciones enviaron sus audiovisuales con\nediciones anteriores para ser parte de la fiesta que celebra y conmemora la\nrevoluci\u00f3n del pueblo.&nbsp;&nbsp; <\/p>\n\n\n<p>]]&gt;<\/p>","protected":false},"excerpt":{"rendered":"<p>Este a\u00f1o, la Revoluci\u00f3n de Mayo y el primer gobierno patrio, cumplieron su aniversario N\u00b0 210 y, pese a la pandemia que el mundo atraviesa, el festejo y el compromiso de las instituciones estuvo esta vez de manera virtual. Escribe: Carolina Durand El lunes 25 de mayo, alrededor de las 10 de la ma\u00f1ana, en [&hellip;]<\/p>\n","protected":false},"author":6,"featured_media":18306,"comment_status":"open","ping_status":"open","sticky":false,"template":"","format":"standard","meta":{"site-sidebar-layout":"default","site-content-layout":"default","ast-site-content-layout":"default","site-content-style":"default","site-sidebar-style":"default","ast-global-header-display":"","ast-banner-title-visibility":"","ast-main-header-display":"","ast-hfb-above-header-display":"","ast-hfb-below-header-display":"","ast-hfb-mobile-header-display":"","site-post-title":"","ast-breadcrumbs-content":"","ast-featured-img":"","footer-sml-layout":"","ast-disable-related-posts":"","theme-transparent-header-meta":"default","adv-header-id-meta":"","stick-header-meta":"","header-above-stick-meta":"","header-main-stick-meta":"","header-below-stick-meta":"","astra-migrate-meta-layouts":"default","ast-page-background-enabled":"default","ast-page-background-meta":{"desktop":{"background-color":"","background-image":"","background-repeat":"repeat","background-position":"center center","background-size":"auto","background-attachment":"scroll","background-type":"","background-media":"","overlay-type":"","overlay-color":"","overlay-opacity":"","overlay-gradient":""},"tablet":{"background-color":"","background-image":"","background-repeat":"repeat","background-position":"center center","background-size":"auto","background-attachment":"scroll","background-type":"","background-media":"","overlay-type":"","overlay-color":"","overlay-opacity":"","overlay-gradient":""},"mobile":{"background-color":"","background-image":"","background-repeat":"repeat","background-position":"center center","background-size":"auto","background-attachment":"scroll","background-type":"","background-media":"","overlay-type":"","overlay-color":"","overlay-opacity":"","overlay-gradient":""}},"ast-content-background-meta":{"desktop":{"background-color":"var(--ast-global-color-5)","background-image":"","background-repeat":"repeat","background-position":"center center","background-size":"auto","background-attachment":"scroll","background-type":"","background-media":"","overlay-type":"","overlay-color":"","overlay-opacity":"","overlay-gradient":""},"tablet":{"background-color":"var(--ast-global-color-5)","background-image":"","background-repeat":"repeat","background-position":"center center","background-size":"auto","background-attachment":"scroll","background-type":"","background-media":"","overlay-type":"","overlay-color":"","overlay-opacity":"","overlay-gradient":""},"mobile":{"background-color":"var(--ast-global-color-5)","background-image":"","background-repeat":"repeat","background-position":"center center","background-size":"auto","background-attachment":"scroll","background-type":"","background-media":"","overlay-type":"","overlay-color":"","overlay-opacity":"","overlay-gradient":""}},"_jetpack_memberships_contains_paid_content":false,"_joinchat":[],"footnotes":""},"categories":[1408],"tags":[535,1997,2035,536,2181,2182,1252,1998,232],"class_list":["post-17782","post","type-post","status-publish","format-standard","has-post-thumbnail","hentry","category-villa-nueva","tag-25-de-mayo","tag-coronavirus","tag-cuarentena","tag-desfile","tag-desfile-virtual","tag-festejo-patrio","tag-natalio-graglia","tag-pandemia","tag-villa-nueva"],"yoast_head":"<!-- This site is optimized with the Yoast SEO plugin v26.8 - https:\/\/yoast.com\/product\/yoast-seo-wordpress\/ -->\n<title>Desfile virtual por el aniversario patrio - El Regional<\/title>\n<meta name=\"robots\" content=\"index, follow, max-snippet:-1, max-image-preview:large, max-video-preview:-1\" \/>\n<link rel=\"canonical\" href=\"http:\/\/elregionalvm.com.ar\/noticias-villa-maria\/villa-nueva-desfile-virtual-por-el-aniversario-patrio\/\" \/>\n<meta property=\"og:locale\" content=\"es_ES\" \/>\n<meta property=\"og:type\" content=\"article\" \/>\n<meta property=\"og:title\" content=\"Desfile virtual por el aniversario patrio - El Regional\" \/>\n<meta property=\"og:description\" content=\"Este a\u00f1o, la Revoluci\u00f3n de Mayo y el primer gobierno patrio, cumplieron su aniversario N\u00b0 210 y, pese a la pandemia que el mundo atraviesa, el festejo y el compromiso de las instituciones estuvo esta vez de manera virtual. Escribe: Carolina Durand El lunes 25 de mayo, alrededor de las 10 de la ma\u00f1ana, en [&hellip;]\" \/>\n<meta property=\"og:url\" content=\"http:\/\/elregionalvm.com.ar\/noticias-villa-maria\/villa-nueva-desfile-virtual-por-el-aniversario-patrio\/\" \/>\n<meta property=\"og:site_name\" content=\"El Regional\" \/>\n<meta property=\"article:publisher\" content=\"https:\/\/www.facebook.com\/elregionalvm\" \/>\n<meta property=\"article:published_time\" content=\"2020-05-26T14:06:25+00:00\" \/>\n<meta property=\"article:modified_time\" content=\"2020-06-18T11:46:57+00:00\" \/>\n<meta property=\"og:image\" content=\"http:\/\/elregionalvm.com.ar\/noticias-villa-maria\/wp-content\/uploads\/2020\/05\/villanueva.jpeg\" \/>\n\t<meta property=\"og:image:width\" content=\"730\" \/>\n\t<meta property=\"og:image:height\" content=\"634\" \/>\n\t<meta property=\"og:image:type\" content=\"image\/jpeg\" \/>\n<meta name=\"author\" content=\"Germ\u00e1n Giacchero\" \/>\n<meta name=\"twitter:card\" content=\"summary_large_image\" \/>\n<meta name=\"twitter:creator\" content=\"@elregionalvm1\" \/>\n<meta name=\"twitter:site\" content=\"@elregionalvm1\" \/>\n<meta name=\"twitter:label1\" content=\"Escrito por\" \/>\n\t<meta name=\"twitter:data1\" content=\"Germ\u00e1n Giacchero\" \/>\n\t<meta name=\"twitter:label2\" content=\"Tiempo de lectura\" \/>\n\t<meta name=\"twitter:data2\" content=\"3 minutos\" \/>\n<script type=\"application\/ld+json\" class=\"yoast-schema-graph\">{\"@context\":\"https:\/\/schema.org\",\"@graph\":[{\"@type\":\"Article\",\"@id\":\"http:\/\/elregionalvm.com.ar\/noticias-villa-maria\/villa-nueva-desfile-virtual-por-el-aniversario-patrio\/#article\",\"isPartOf\":{\"@id\":\"http:\/\/elregionalvm.com.ar\/noticias-villa-maria\/villa-nueva-desfile-virtual-por-el-aniversario-patrio\/\"},\"author\":{\"name\":\"Germ\u00e1n Giacchero\",\"@id\":\"http:\/\/elregionalvm.com.ar\/noticias-villa-maria\/#\/schema\/person\/d5e4b04966154131701e52c45d3efec9\"},\"headline\":\"Desfile virtual por el aniversario patrio\",\"datePublished\":\"2020-05-26T14:06:25+00:00\",\"dateModified\":\"2020-06-18T11:46:57+00:00\",\"mainEntityOfPage\":{\"@id\":\"http:\/\/elregionalvm.com.ar\/noticias-villa-maria\/villa-nueva-desfile-virtual-por-el-aniversario-patrio\/\"},\"wordCount\":691,\"commentCount\":0,\"image\":{\"@id\":\"http:\/\/elregionalvm.com.ar\/noticias-villa-maria\/villa-nueva-desfile-virtual-por-el-aniversario-patrio\/#primaryimage\"},\"thumbnailUrl\":\"https:\/\/i0.wp.com\/elregionalvm.com.ar\/noticias-villa-maria\/wp-content\/uploads\/2020\/05\/villanueva.jpeg?fit=730%2C634&ssl=1\",\"keywords\":[\"25 de mayo\",\"Coronavirus\",\"cuarentena\",\"Desfile\",\"desfile virtual\",\"festejo patrio\",\"Natalio Graglia\",\"pandemia\",\"VILLA NUEVA\"],\"articleSection\":[\"Villa Nueva\"],\"inLanguage\":\"es\",\"potentialAction\":[{\"@type\":\"CommentAction\",\"name\":\"Comment\",\"target\":[\"http:\/\/elregionalvm.com.ar\/noticias-villa-maria\/villa-nueva-desfile-virtual-por-el-aniversario-patrio\/#respond\"]}]},{\"@type\":\"WebPage\",\"@id\":\"http:\/\/elregionalvm.com.ar\/noticias-villa-maria\/villa-nueva-desfile-virtual-por-el-aniversario-patrio\/\",\"url\":\"http:\/\/elregionalvm.com.ar\/noticias-villa-maria\/villa-nueva-desfile-virtual-por-el-aniversario-patrio\/\",\"name\":\"Desfile virtual por el aniversario patrio - El Regional\",\"isPartOf\":{\"@id\":\"http:\/\/elregionalvm.com.ar\/noticias-villa-maria\/#website\"},\"primaryImageOfPage\":{\"@id\":\"http:\/\/elregionalvm.com.ar\/noticias-villa-maria\/villa-nueva-desfile-virtual-por-el-aniversario-patrio\/#primaryimage\"},\"image\":{\"@id\":\"http:\/\/elregionalvm.com.ar\/noticias-villa-maria\/villa-nueva-desfile-virtual-por-el-aniversario-patrio\/#primaryimage\"},\"thumbnailUrl\":\"https:\/\/i0.wp.com\/elregionalvm.com.ar\/noticias-villa-maria\/wp-content\/uploads\/2020\/05\/villanueva.jpeg?fit=730%2C634&ssl=1\",\"datePublished\":\"2020-05-26T14:06:25+00:00\",\"dateModified\":\"2020-06-18T11:46:57+00:00\",\"author\":{\"@id\":\"http:\/\/elregionalvm.com.ar\/noticias-villa-maria\/#\/schema\/person\/d5e4b04966154131701e52c45d3efec9\"},\"breadcrumb\":{\"@id\":\"http:\/\/elregionalvm.com.ar\/noticias-villa-maria\/villa-nueva-desfile-virtual-por-el-aniversario-patrio\/#breadcrumb\"},\"inLanguage\":\"es\",\"potentialAction\":[{\"@type\":\"ReadAction\",\"target\":[\"http:\/\/elregionalvm.com.ar\/noticias-villa-maria\/villa-nueva-desfile-virtual-por-el-aniversario-patrio\/\"]}]},{\"@type\":\"ImageObject\",\"inLanguage\":\"es\",\"@id\":\"http:\/\/elregionalvm.com.ar\/noticias-villa-maria\/villa-nueva-desfile-virtual-por-el-aniversario-patrio\/#primaryimage\",\"url\":\"https:\/\/i0.wp.com\/elregionalvm.com.ar\/noticias-villa-maria\/wp-content\/uploads\/2020\/05\/villanueva.jpeg?fit=730%2C634&ssl=1\",\"contentUrl\":\"https:\/\/i0.wp.com\/elregionalvm.com.ar\/noticias-villa-maria\/wp-content\/uploads\/2020\/05\/villanueva.jpeg?fit=730%2C634&ssl=1\",\"width\":730,\"height\":634},{\"@type\":\"BreadcrumbList\",\"@id\":\"http:\/\/elregionalvm.com.ar\/noticias-villa-maria\/villa-nueva-desfile-virtual-por-el-aniversario-patrio\/#breadcrumb\",\"itemListElement\":[{\"@type\":\"ListItem\",\"position\":1,\"name\":\"Portada\",\"item\":\"https:\/\/elregionalvm.com.ar\/noticias-villa-maria\/\"},{\"@type\":\"ListItem\",\"position\":2,\"name\":\"Desfile virtual por el aniversario patrio\"}]},{\"@type\":\"WebSite\",\"@id\":\"http:\/\/elregionalvm.com.ar\/noticias-villa-maria\/#website\",\"url\":\"http:\/\/elregionalvm.com.ar\/noticias-villa-maria\/\",\"name\":\"El Regional\",\"description\":\"Mucho m\u00e1s que informaci\u00f3n\",\"potentialAction\":[{\"@type\":\"SearchAction\",\"target\":{\"@type\":\"EntryPoint\",\"urlTemplate\":\"http:\/\/elregionalvm.com.ar\/noticias-villa-maria\/?s={search_term_string}\"},\"query-input\":{\"@type\":\"PropertyValueSpecification\",\"valueRequired\":true,\"valueName\":\"search_term_string\"}}],\"inLanguage\":\"es\"},{\"@type\":\"Person\",\"@id\":\"http:\/\/elregionalvm.com.ar\/noticias-villa-maria\/#\/schema\/person\/d5e4b04966154131701e52c45d3efec9\",\"name\":\"Germ\u00e1n Giacchero\",\"image\":{\"@type\":\"ImageObject\",\"inLanguage\":\"es\",\"@id\":\"http:\/\/elregionalvm.com.ar\/noticias-villa-maria\/#\/schema\/person\/image\/\",\"url\":\"https:\/\/secure.gravatar.com\/avatar\/fda163ba5ef0307ee5be9846e10f83b6e83d0cfb260d3b2464830318894c6b04?s=96&d=mm&r=g\",\"contentUrl\":\"https:\/\/secure.gravatar.com\/avatar\/fda163ba5ef0307ee5be9846e10f83b6e83d0cfb260d3b2464830318894c6b04?s=96&d=mm&r=g\",\"caption\":\"Germ\u00e1n Giacchero\"},\"url\":\"https:\/\/elregionalvm.com.ar\/noticias-villa-maria\/author\/germangiacchero\/\"}]}<\/script>\n<!-- \/ Yoast SEO plugin. -->","yoast_head_json":{"title":"Desfile virtual por el aniversario patrio - El Regional","robots":{"index":"index","follow":"follow","max-snippet":"max-snippet:-1","max-image-preview":"max-image-preview:large","max-video-preview":"max-video-preview:-1"},"canonical":"http:\/\/elregionalvm.com.ar\/noticias-villa-maria\/villa-nueva-desfile-virtual-por-el-aniversario-patrio\/","og_locale":"es_ES","og_type":"article","og_title":"Desfile virtual por el aniversario patrio - El Regional","og_description":"Este a\u00f1o, la Revoluci\u00f3n de Mayo y el primer gobierno patrio, cumplieron su aniversario N\u00b0 210 y, pese a la pandemia que el mundo atraviesa, el festejo y el compromiso de las instituciones estuvo esta vez de manera virtual. Escribe: Carolina Durand El lunes 25 de mayo, alrededor de las 10 de la ma\u00f1ana, en [&hellip;]","og_url":"http:\/\/elregionalvm.com.ar\/noticias-villa-maria\/villa-nueva-desfile-virtual-por-el-aniversario-patrio\/","og_site_name":"El Regional","article_publisher":"https:\/\/www.facebook.com\/elregionalvm","article_published_time":"2020-05-26T14:06:25+00:00","article_modified_time":"2020-06-18T11:46:57+00:00","og_image":[{"width":730,"height":634,"url":"http:\/\/elregionalvm.com.ar\/noticias-villa-maria\/wp-content\/uploads\/2020\/05\/villanueva.jpeg","type":"image\/jpeg"}],"author":"Germ\u00e1n Giacchero","twitter_card":"summary_large_image","twitter_creator":"@elregionalvm1","twitter_site":"@elregionalvm1","twitter_misc":{"Escrito por":"Germ\u00e1n Giacchero","Tiempo de lectura":"3 minutos"},"schema":{"@context":"https:\/\/schema.org","@graph":[{"@type":"Article","@id":"http:\/\/elregionalvm.com.ar\/noticias-villa-maria\/villa-nueva-desfile-virtual-por-el-aniversario-patrio\/#article","isPartOf":{"@id":"http:\/\/elregionalvm.com.ar\/noticias-villa-maria\/villa-nueva-desfile-virtual-por-el-aniversario-patrio\/"},"author":{"name":"Germ\u00e1n Giacchero","@id":"http:\/\/elregionalvm.com.ar\/noticias-villa-maria\/#\/schema\/person\/d5e4b04966154131701e52c45d3efec9"},"headline":"Desfile virtual por el aniversario patrio","datePublished":"2020-05-26T14:06:25+00:00","dateModified":"2020-06-18T11:46:57+00:00","mainEntityOfPage":{"@id":"http:\/\/elregionalvm.com.ar\/noticias-villa-maria\/villa-nueva-desfile-virtual-por-el-aniversario-patrio\/"},"wordCount":691,"commentCount":0,"image":{"@id":"http:\/\/elregionalvm.com.ar\/noticias-villa-maria\/villa-nueva-desfile-virtual-por-el-aniversario-patrio\/#primaryimage"},"thumbnailUrl":"https:\/\/i0.wp.com\/elregionalvm.com.ar\/noticias-villa-maria\/wp-content\/uploads\/2020\/05\/villanueva.jpeg?fit=730%2C634&ssl=1","keywords":["25 de mayo","Coronavirus","cuarentena","Desfile","desfile virtual","festejo patrio","Natalio Graglia","pandemia","VILLA NUEVA"],"articleSection":["Villa Nueva"],"inLanguage":"es","potentialAction":[{"@type":"CommentAction","name":"Comment","target":["http:\/\/elregionalvm.com.ar\/noticias-villa-maria\/villa-nueva-desfile-virtual-por-el-aniversario-patrio\/#respond"]}]},{"@type":"WebPage","@id":"http:\/\/elregionalvm.com.ar\/noticias-villa-maria\/villa-nueva-desfile-virtual-por-el-aniversario-patrio\/","url":"http:\/\/elregionalvm.com.ar\/noticias-villa-maria\/villa-nueva-desfile-virtual-por-el-aniversario-patrio\/","name":"Desfile virtual por el aniversario patrio - El Regional","isPartOf":{"@id":"http:\/\/elregionalvm.com.ar\/noticias-villa-maria\/#website"},"primaryImageOfPage":{"@id":"http:\/\/elregionalvm.com.ar\/noticias-villa-maria\/villa-nueva-desfile-virtual-por-el-aniversario-patrio\/#primaryimage"},"image":{"@id":"http:\/\/elregionalvm.com.ar\/noticias-villa-maria\/villa-nueva-desfile-virtual-por-el-aniversario-patrio\/#primaryimage"},"thumbnailUrl":"https:\/\/i0.wp.com\/elregionalvm.com.ar\/noticias-villa-maria\/wp-content\/uploads\/2020\/05\/villanueva.jpeg?fit=730%2C634&ssl=1","datePublished":"2020-05-26T14:06:25+00:00","dateModified":"2020-06-18T11:46:57+00:00","author":{"@id":"http:\/\/elregionalvm.com.ar\/noticias-villa-maria\/#\/schema\/person\/d5e4b04966154131701e52c45d3efec9"},"breadcrumb":{"@id":"http:\/\/elregionalvm.com.ar\/noticias-villa-maria\/villa-nueva-desfile-virtual-por-el-aniversario-patrio\/#breadcrumb"},"inLanguage":"es","potentialAction":[{"@type":"ReadAction","target":["http:\/\/elregionalvm.com.ar\/noticias-villa-maria\/villa-nueva-desfile-virtual-por-el-aniversario-patrio\/"]}]},{"@type":"ImageObject","inLanguage":"es","@id":"http:\/\/elregionalvm.com.ar\/noticias-villa-maria\/villa-nueva-desfile-virtual-por-el-aniversario-patrio\/#primaryimage","url":"https:\/\/i0.wp.com\/elregionalvm.com.ar\/noticias-villa-maria\/wp-content\/uploads\/2020\/05\/villanueva.jpeg?fit=730%2C634&ssl=1","contentUrl":"https:\/\/i0.wp.com\/elregionalvm.com.ar\/noticias-villa-maria\/wp-content\/uploads\/2020\/05\/villanueva.jpeg?fit=730%2C634&ssl=1","width":730,"height":634},{"@type":"BreadcrumbList","@id":"http:\/\/elregionalvm.com.ar\/noticias-villa-maria\/villa-nueva-desfile-virtual-por-el-aniversario-patrio\/#breadcrumb","itemListElement":[{"@type":"ListItem","position":1,"name":"Portada","item":"https:\/\/elregionalvm.com.ar\/noticias-villa-maria\/"},{"@type":"ListItem","position":2,"name":"Desfile virtual por el aniversario patrio"}]},{"@type":"WebSite","@id":"http:\/\/elregionalvm.com.ar\/noticias-villa-maria\/#website","url":"http:\/\/elregionalvm.com.ar\/noticias-villa-maria\/","name":"El Regional","description":"Mucho m\u00e1s que informaci\u00f3n","potentialAction":[{"@type":"SearchAction","target":{"@type":"EntryPoint","urlTemplate":"http:\/\/elregionalvm.com.ar\/noticias-villa-maria\/?s={search_term_string}"},"query-input":{"@type":"PropertyValueSpecification","valueRequired":true,"valueName":"search_term_string"}}],"inLanguage":"es"},{"@type":"Person","@id":"http:\/\/elregionalvm.com.ar\/noticias-villa-maria\/#\/schema\/person\/d5e4b04966154131701e52c45d3efec9","name":"Germ\u00e1n Giacchero","image":{"@type":"ImageObject","inLanguage":"es","@id":"http:\/\/elregionalvm.com.ar\/noticias-villa-maria\/#\/schema\/person\/image\/","url":"https:\/\/secure.gravatar.com\/avatar\/fda163ba5ef0307ee5be9846e10f83b6e83d0cfb260d3b2464830318894c6b04?s=96&d=mm&r=g","contentUrl":"https:\/\/secure.gravatar.com\/avatar\/fda163ba5ef0307ee5be9846e10f83b6e83d0cfb260d3b2464830318894c6b04?s=96&d=mm&r=g","caption":"Germ\u00e1n Giacchero"},"url":"https:\/\/elregionalvm.com.ar\/noticias-villa-maria\/author\/germangiacchero\/"}]}},"jetpack_featured_media_url":"https:\/\/i0.wp.com\/elregionalvm.com.ar\/noticias-villa-maria\/wp-content\/uploads\/2020\/05\/villanueva.jpeg?fit=730%2C634&ssl=1","jetpack_sharing_enabled":true,"_links":{"self":[{"href":"https:\/\/elregionalvm.com.ar\/noticias-villa-maria\/wp-json\/wp\/v2\/posts\/17782","targetHints":{"allow":["GET"]}}],"collection":[{"href":"https:\/\/elregionalvm.com.ar\/noticias-villa-maria\/wp-json\/wp\/v2\/posts"}],"about":[{"href":"https:\/\/elregionalvm.com.ar\/noticias-villa-maria\/wp-json\/wp\/v2\/types\/post"}],"author":[{"embeddable":true,"href":"https:\/\/elregionalvm.com.ar\/noticias-villa-maria\/wp-json\/wp\/v2\/users\/6"}],"replies":[{"embeddable":true,"href":"https:\/\/elregionalvm.com.ar\/noticias-villa-maria\/wp-json\/wp\/v2\/comments?post=17782"}],"version-history":[{"count":1,"href":"https:\/\/elregionalvm.com.ar\/noticias-villa-maria\/wp-json\/wp\/v2\/posts\/17782\/revisions"}],"predecessor-version":[{"id":18303,"href":"https:\/\/elregionalvm.com.ar\/noticias-villa-maria\/wp-json\/wp\/v2\/posts\/17782\/revisions\/18303"}],"wp:featuredmedia":[{"embeddable":true,"href":"https:\/\/elregionalvm.com.ar\/noticias-villa-maria\/wp-json\/wp\/v2\/media\/18306"}],"wp:attachment":[{"href":"https:\/\/elregionalvm.com.ar\/noticias-villa-maria\/wp-json\/wp\/v2\/media?parent=17782"}],"wp:term":[{"taxonomy":"category","embeddable":true,"href":"https:\/\/elregionalvm.com.ar\/noticias-villa-maria\/wp-json\/wp\/v2\/categories?post=17782"},{"taxonomy":"post_tag","embeddable":true,"href":"https:\/\/elregionalvm.com.ar\/noticias-villa-maria\/wp-json\/wp\/v2\/tags?post=17782"}],"curies":[{"name":"wp","href":"https:\/\/api.w.org\/{rel}","templated":true}]}}