{"id":17786,"date":"2020-05-29T01:15:35","date_gmt":"2020-05-29T01:15:35","guid":{"rendered":"http:\/\/www.elregionalvm.com.ar\/?p=15989"},"modified":"2020-06-16T18:45:35","modified_gmt":"2020-06-16T18:45:35","slug":"el-nino-ciego-del-que-poco-se-hablo","status":"publish","type":"post","link":"https:\/\/elregionalvm.com.ar\/noticias-villa-maria\/el-nino-ciego-del-que-poco-se-hablo\/","title":{"rendered":"El ni\u00f1o ciego del que  poco se habl\u00f3\u2026"},"content":{"rendered":"\n\t\t\t\t<![CDATA[\n<p>Cr\u00f3nicas urbanas<\/p>\n\n\n<p><strong>Escribe:\nMiguel Andreis<\/strong><\/p>\n\n\n<p>Fue en en un tiempo cargado de violencia y muertes, casi que hubo tiempo de multiplicar comunicacionalmente el hecho.No recordaba con precisi\u00f3n la fecha, pero seguramente aquello ocurri\u00f3 a mediados de los a\u00f1os se. Se le plante\u00f3 la duda si por entonces dirig\u00eda el nosocomio un doctor de apellido Vera. \u00c9l, era un m\u00e9dico apenas recibido que reci\u00e9n estaba haciendo sus primeros pasos en la profesi\u00f3n. Lleg\u00f3 al Hospital Pasteur para hacer su residencia., all\u00ed conoci\u00f3 al matrimonio en cuesti\u00f3n. Nunca m\u00e1s los olvidar\u00eda.<\/p>\n\n\n<p>Todos los recuerdos se le amontonaron mientras ve\u00eda\ntelevisi\u00f3n y se le entregaba una serie de reconocimientos y premios a un joven\nque ten\u00eda el mismo nombre, apellido, y la misma carencia de aquel sentido&#8230; Se\nconmovi\u00f3. Este artista hab\u00eda logrado destacarse en Francia, en uno de los\nsegmentos del quehacer cultural. <\/p>\n\n\n<p>Y se acord\u00f3 que la pareja viv\u00eda en un campo ubicado entre\nOncativo y R\u00edo Segundo. Cuando ambos arribaron a los Tribunales de Villa Mar\u00eda,\nya lo hab\u00edan hecho antes en los de C\u00f3rdoba y de Oliva. Llevaban m\u00e1s de 15 a\u00f1os\nde casados y no pod\u00edan tener hijos. El \u00faltimo diagn\u00f3stico fue terminante, una\nanomal\u00eda cong\u00e9nita de \u00e9l no le permitir\u00eda ser padre biol\u00f3gico. Debatieron el\ntema y tomaron la decisi\u00f3n de adoptar. All\u00ed, se inicia un peregrinar por\ndistintas oficinas de la minoridad de la provincia, no obstante, tambi\u00e9n\nextienden su b\u00fasqueda en Santiago del Estero y Catamarca. Dos a\u00f1os\ntranscurrieron hasta que tuvieron la primera respuesta oficial. Un pariente que\nhabitaba Oliva, se llega hasta la chacra y les comunica que el Juez de Menores\nde Villa Mar\u00eda envi\u00f3 una citaci\u00f3n para ellos. <\/p>\n\n\n<p>Conoc\u00edan perfectamente el camino y tambi\u00e9n la acumulaci\u00f3n de\nexpectativas que cada noche parec\u00eda derrumbarse. Desde una cl\u00ednica de Salta le\nofrec\u00edan un beb\u00e9, de Resistencia otro. Siempre el dinero de por medio. Ambos\nsosten\u00edan un argumento: \u00abpagamos la internaci\u00f3n y lo que haga falta a la\nmadre, pero no compraremos un beb\u00e9\u00bb. <\/p>\n\n\n<p>Entraron expectantes al despacho del juez, quien luego de\nuna breve charla, le comunica que una madre joven estaba dispuesta a dar su\nni\u00f1o que nacer\u00eda pronto. Llevaba siete meses de embarazo y el pr\u00f3ximo ser\u00eda el\nsexto hijo. Tambi\u00e9n le inform\u00f3 sobre algunos aspectos legales, tales como que\npor un determinado tiempo se lo entregar\u00edan en \u00abguarda\u00bb previ\u00f3 a la\nadopci\u00f3n; la madre podr\u00eda arrepentirse y recuperar el mismo. Todo un riesgo.\nAceptaron todas las condiciones y ofrecieron, ayuda econ\u00f3mica para la mam\u00e1.\nS\u00f3lo ellos sabr\u00e1n qu\u00e9 sintieron cuando salieron de aquella entrevista donde\nadem\u00e1s particip\u00f3 una asistente social. <\/p>\n\n\n<p>La ansiedad se instal\u00f3 como un fantasma deambulando la casa.\nLes pareci\u00f3 que el almanaque no mov\u00eda sus hojas y que las horas comenzaban a\nmostrar su interminable flexibilidad. Volver del tambo, salir a arar, achatar\nlos terrones de tierra ten\u00eda todo el mismo factor predisponente: el ni\u00f1o. D\u00eda\npor medio llamaban a Villa Mar\u00eda en busca de alguna respuesta. Ni el almanaque\nse hab\u00eda detenido ni las horas variaron sus tiempos.<\/p>\n\n\n<p>Aquella ma\u00f1ana -\u00e9l galeno. la record\u00f3 bien, era un s\u00e1bado 6\nde enero- que le tocaba formar parte de la guardia, ingresaron los dos. Ella\ncargada de bolsas, casi exagerada como toda gente de campo a la hora de llevar\nprovisiones, un mois\u00e9s henchido de batitas, botitas, mamaderas, y los ojos\ngrandes mezclando la angustia con la esperanza, no era para menos, iban a ser\npadres. Despu\u00e9s de tanto\ntiempo; \u00abpadres\u00bb.<\/p>\n\n\n<p><strong>Se\nacomodaron en uno de los bancos de la galer\u00eda ubicada a pocos metros de la sala\nde partos. All\u00ed esperaron. Seguramente esas tres horas se les volvi\u00f3 una\neternidad.<\/strong><\/p>\n\n\n<p>Fue el veterano m\u00e9dico que ten\u00eda a su cargo el \u00e1rea de\nginecolog\u00eda, me pareci\u00f3 que aludi\u00f3 al Doctor Soria, quien le dijo: \u00abpibe, acomp\u00e1\u00f1ame\na hablar con los padres&#8230;\u00bb Los pocos metros que separaban la sala de\npartos de la galer\u00eda donde se encontraba esperando el matrimonio se transform\u00f3\nen un t\u00fanel del tiempo.<\/p>\n\n\n<p>Estaban los cuatro, de p\u00ede, mir\u00e1ndose sin atreverse a\nhablar. Fue el viejo m\u00e9dico quien comenz\u00f3 a balbucear unas pocas palabras:<\/p>\n\n\n<p>-\u00a1\u00a1Miren&#8230; hemos tenido un problema, es decir el ni\u00f1o&#8230;\nquiero comunicarles que no se lo podremos entregar en adopci\u00f3n&#8230; es queeee&#8230;!!<\/p>\n\n\n<p>&#8211; \u00bfQu\u00e9 pas\u00f3 doctor? \u00a1No nos diga que la madre se arrepinti\u00f3,\nque ahora no lo quiere dar! Pregunt\u00f3 el futuro padre.<\/p>\n\n\n<p>-No, nada de eso, es un varoncito con buen peso, y responde\na todos los est\u00edmulos solo que&#8230; ya mismo nos comunicaremos con el juez para\ninformarle del problema.<\/p>\n\n\n<p>-La desesperaci\u00f3n del matrimonio se volvi\u00f3 incontenible\n\u00ab\u00bfQu\u00e9 pasa, por qu\u00e9 no podemos ver al ni\u00f1o? \u00bfAcaso no iba a ser nuestro?<\/p>\n\n\n<p>-El m\u00e9dico apenas atin\u00f3 a decir: \u00abmiren, ocurre que el\nbeb\u00e9 es ciego, y ser\u00e1 ciego de por vida. Naci\u00f3 con los ojos deformados&#8230; no\nver\u00e1 nunca. Ustedes pueden optar por anular todos los tr\u00e1mites\u201d y agreg\u00f3 \u201cno\npocas veces frente a estas circunstancias se quedan esperando una nueva\noportunidad\u00bb.<\/p>\n\n\n<p>-Ambos estaban turbados. Comprensiblemente conmocionados.\nElla estall\u00f3 en llanto; \u00e9l llen\u00f3 de rojo sus ojos.&nbsp; Volvieron a avanzar sobre el profesional de\nguardapolvo.<\/p>\n\n\n<p>&#8211; \u00bf\u00a1Doctor, mire, si en lugar de esa mujer, que casi ni\nconocemos, al ni\u00f1o lo hubiera tenido ella -y apret\u00f3 el vientre de su esposa-\nqu\u00e9 cree que har\u00edamos con el beb\u00e9 por ser ciego\u2026 Seguro que no lo\nabandonar\u00edamos\u2026 eso m\u00e1s que seguro!?\u00bb.<\/p>\n\n\n<p>All\u00ed estaban en la pantalla chica, ella y \u00e9l, con el mismo\nrostro lacerado por sucesiones de soles y escarchas del amanecer, en la primera\nfila del teatro parisino. Ambos lloraban como aqu\u00e9l 6 de enero. El hombre que\nhab\u00eda dejado de ser ni\u00f1o hac\u00eda varios a\u00f1os recib\u00eda de manos de un alto\nfuncionario del gobierno franc\u00e9s una distinci\u00f3n por su carrera como pianista en\nEuropa. <\/p>\n\n\n<p>Al m\u00e9dico tambi\u00e9n se le nubl\u00f3 la mirada, \u00e9l hab\u00eda sido\ntestigo de esas respuestas que generan los hombres simples. Y pens\u00f3 que el acto\nm\u00e1s importante de aquella vida que de la absoluta oscuridad alcanz\u00f3 el brillo\ndel \u00e9xito, nunca nadie, se hab\u00eda encargado de reflejarlo. Nunca&#8230;<\/p>\n]]>\t\t","protected":false},"excerpt":{"rendered":"<p>\t\t\t\t<![CDATA[]]>\t\t<\/p>\n","protected":false},"author":5,"featured_media":15990,"comment_status":"open","ping_status":"open","sticky":false,"template":"","format":"standard","meta":{"site-sidebar-layout":"default","site-content-layout":"","ast-site-content-layout":"default","site-content-style":"default","site-sidebar-style":"default","ast-global-header-display":"","ast-banner-title-visibility":"","ast-main-header-display":"","ast-hfb-above-header-display":"","ast-hfb-below-header-display":"","ast-hfb-mobile-header-display":"","site-post-title":"","ast-breadcrumbs-content":"","ast-featured-img":"","footer-sml-layout":"","ast-disable-related-posts":"","theme-transparent-header-meta":"","adv-header-id-meta":"","stick-header-meta":"","header-above-stick-meta":"","header-main-stick-meta":"","header-below-stick-meta":"","astra-migrate-meta-layouts":"default","ast-page-background-enabled":"default","ast-page-background-meta":{"desktop":{"background-color":"","background-image":"","background-repeat":"repeat","background-position":"center center","background-size":"auto","background-attachment":"scroll","background-type":"","background-media":"","overlay-type":"","overlay-color":"","overlay-opacity":"","overlay-gradient":""},"tablet":{"background-color":"","background-image":"","background-repeat":"repeat","background-position":"center center","background-size":"auto","background-attachment":"scroll","background-type":"","background-media":"","overlay-type":"","overlay-color":"","overlay-opacity":"","overlay-gradient":""},"mobile":{"background-color":"","background-image":"","background-repeat":"repeat","background-position":"center center","background-size":"auto","background-attachment":"scroll","background-type":"","background-media":"","overlay-type":"","overlay-color":"","overlay-opacity":"","overlay-gradient":""}},"ast-content-background-meta":{"desktop":{"background-color":"var(--ast-global-color-5)","background-image":"","background-repeat":"repeat","background-position":"center center","background-size":"auto","background-attachment":"scroll","background-type":"","background-media":"","overlay-type":"","overlay-color":"","overlay-opacity":"","overlay-gradient":""},"tablet":{"background-color":"var(--ast-global-color-5)","background-image":"","background-repeat":"repeat","background-position":"center center","background-size":"auto","background-attachment":"scroll","background-type":"","background-media":"","overlay-type":"","overlay-color":"","overlay-opacity":"","overlay-gradient":""},"mobile":{"background-color":"var(--ast-global-color-5)","background-image":"","background-repeat":"repeat","background-position":"center center","background-size":"auto","background-attachment":"scroll","background-type":"","background-media":"","overlay-type":"","overlay-color":"","overlay-opacity":"","overlay-gradient":""}},"_jetpack_memberships_contains_paid_content":false,"_joinchat":[],"footnotes":""},"categories":[2098],"tags":[],"class_list":["post-17786","post","type-post","status-publish","format-standard","has-post-thumbnail","hentry","category-historias"],"yoast_head":"<!-- This site is optimized with the Yoast SEO plugin v26.8 - https:\/\/yoast.com\/product\/yoast-seo-wordpress\/ -->\n<title>El ni\u00f1o ciego del que poco se habl\u00f3\u2026 - El Regional<\/title>\n<meta name=\"robots\" content=\"index, follow, max-snippet:-1, max-image-preview:large, max-video-preview:-1\" \/>\n<link rel=\"canonical\" href=\"http:\/\/elregionalvm.com.ar\/noticias-villa-maria\/el-nino-ciego-del-que-poco-se-hablo\/\" \/>\n<meta property=\"og:locale\" content=\"es_ES\" \/>\n<meta property=\"og:type\" content=\"article\" \/>\n<meta property=\"og:title\" content=\"El ni\u00f1o ciego del que poco se habl\u00f3\u2026 - El Regional\" \/>\n<meta property=\"og:url\" content=\"http:\/\/elregionalvm.com.ar\/noticias-villa-maria\/el-nino-ciego-del-que-poco-se-hablo\/\" \/>\n<meta property=\"og:site_name\" content=\"El Regional\" \/>\n<meta property=\"article:publisher\" content=\"https:\/\/www.facebook.com\/elregionalvm\" \/>\n<meta property=\"article:published_time\" content=\"2020-05-29T01:15:35+00:00\" \/>\n<meta property=\"article:modified_time\" content=\"2020-06-16T18:45:35+00:00\" \/>\n<meta name=\"author\" content=\"Miguel Andreis\" \/>\n<meta name=\"twitter:card\" content=\"summary_large_image\" \/>\n<meta name=\"twitter:creator\" content=\"@elregionalvm1\" \/>\n<meta name=\"twitter:site\" content=\"@elregionalvm1\" \/>\n<meta name=\"twitter:label1\" content=\"Escrito por\" \/>\n\t<meta name=\"twitter:data1\" content=\"Miguel Andreis\" \/>\n\t<meta name=\"twitter:label2\" content=\"Tiempo de lectura\" \/>\n\t<meta name=\"twitter:data2\" content=\"6 minutos\" \/>\n<script type=\"application\/ld+json\" class=\"yoast-schema-graph\">{\"@context\":\"https:\/\/schema.org\",\"@graph\":[{\"@type\":\"Article\",\"@id\":\"http:\/\/elregionalvm.com.ar\/noticias-villa-maria\/el-nino-ciego-del-que-poco-se-hablo\/#article\",\"isPartOf\":{\"@id\":\"http:\/\/elregionalvm.com.ar\/noticias-villa-maria\/el-nino-ciego-del-que-poco-se-hablo\/\"},\"author\":{\"name\":\"Miguel Andreis\",\"@id\":\"http:\/\/elregionalvm.com.ar\/noticias-villa-maria\/#\/schema\/person\/df5ff3f005acf29788aed9cb359f1193\"},\"headline\":\"El ni\u00f1o ciego del que poco se habl\u00f3\u2026\",\"datePublished\":\"2020-05-29T01:15:35+00:00\",\"dateModified\":\"2020-06-16T18:45:35+00:00\",\"mainEntityOfPage\":{\"@id\":\"http:\/\/elregionalvm.com.ar\/noticias-villa-maria\/el-nino-ciego-del-que-poco-se-hablo\/\"},\"wordCount\":1112,\"commentCount\":0,\"image\":{\"@id\":\"http:\/\/elregionalvm.com.ar\/noticias-villa-maria\/el-nino-ciego-del-que-poco-se-hablo\/#primaryimage\"},\"thumbnailUrl\":\"\",\"articleSection\":[\"Historias\"],\"inLanguage\":\"es\",\"potentialAction\":[{\"@type\":\"CommentAction\",\"name\":\"Comment\",\"target\":[\"http:\/\/elregionalvm.com.ar\/noticias-villa-maria\/el-nino-ciego-del-que-poco-se-hablo\/#respond\"]}]},{\"@type\":\"WebPage\",\"@id\":\"http:\/\/elregionalvm.com.ar\/noticias-villa-maria\/el-nino-ciego-del-que-poco-se-hablo\/\",\"url\":\"http:\/\/elregionalvm.com.ar\/noticias-villa-maria\/el-nino-ciego-del-que-poco-se-hablo\/\",\"name\":\"El ni\u00f1o ciego del que poco se habl\u00f3\u2026 - El Regional\",\"isPartOf\":{\"@id\":\"http:\/\/elregionalvm.com.ar\/noticias-villa-maria\/#website\"},\"primaryImageOfPage\":{\"@id\":\"http:\/\/elregionalvm.com.ar\/noticias-villa-maria\/el-nino-ciego-del-que-poco-se-hablo\/#primaryimage\"},\"image\":{\"@id\":\"http:\/\/elregionalvm.com.ar\/noticias-villa-maria\/el-nino-ciego-del-que-poco-se-hablo\/#primaryimage\"},\"thumbnailUrl\":\"\",\"datePublished\":\"2020-05-29T01:15:35+00:00\",\"dateModified\":\"2020-06-16T18:45:35+00:00\",\"author\":{\"@id\":\"http:\/\/elregionalvm.com.ar\/noticias-villa-maria\/#\/schema\/person\/df5ff3f005acf29788aed9cb359f1193\"},\"breadcrumb\":{\"@id\":\"http:\/\/elregionalvm.com.ar\/noticias-villa-maria\/el-nino-ciego-del-que-poco-se-hablo\/#breadcrumb\"},\"inLanguage\":\"es\",\"potentialAction\":[{\"@type\":\"ReadAction\",\"target\":[\"http:\/\/elregionalvm.com.ar\/noticias-villa-maria\/el-nino-ciego-del-que-poco-se-hablo\/\"]}]},{\"@type\":\"ImageObject\",\"inLanguage\":\"es\",\"@id\":\"http:\/\/elregionalvm.com.ar\/noticias-villa-maria\/el-nino-ciego-del-que-poco-se-hablo\/#primaryimage\",\"url\":\"\",\"contentUrl\":\"\"},{\"@type\":\"BreadcrumbList\",\"@id\":\"http:\/\/elregionalvm.com.ar\/noticias-villa-maria\/el-nino-ciego-del-que-poco-se-hablo\/#breadcrumb\",\"itemListElement\":[{\"@type\":\"ListItem\",\"position\":1,\"name\":\"Portada\",\"item\":\"https:\/\/elregionalvm.com.ar\/noticias-villa-maria\/\"},{\"@type\":\"ListItem\",\"position\":2,\"name\":\"El ni\u00f1o ciego del que poco se habl\u00f3\u2026\"}]},{\"@type\":\"WebSite\",\"@id\":\"http:\/\/elregionalvm.com.ar\/noticias-villa-maria\/#website\",\"url\":\"http:\/\/elregionalvm.com.ar\/noticias-villa-maria\/\",\"name\":\"El Regional\",\"description\":\"Mucho m\u00e1s que informaci\u00f3n\",\"potentialAction\":[{\"@type\":\"SearchAction\",\"target\":{\"@type\":\"EntryPoint\",\"urlTemplate\":\"http:\/\/elregionalvm.com.ar\/noticias-villa-maria\/?s={search_term_string}\"},\"query-input\":{\"@type\":\"PropertyValueSpecification\",\"valueRequired\":true,\"valueName\":\"search_term_string\"}}],\"inLanguage\":\"es\"},{\"@type\":\"Person\",\"@id\":\"http:\/\/elregionalvm.com.ar\/noticias-villa-maria\/#\/schema\/person\/df5ff3f005acf29788aed9cb359f1193\",\"name\":\"Miguel Andreis\",\"image\":{\"@type\":\"ImageObject\",\"inLanguage\":\"es\",\"@id\":\"http:\/\/elregionalvm.com.ar\/noticias-villa-maria\/#\/schema\/person\/image\/\",\"url\":\"https:\/\/secure.gravatar.com\/avatar\/c643381cd03da38327c6407e6886e7182d881f2ecf94a7902ca262c41f9d8884?s=96&d=mm&r=g\",\"contentUrl\":\"https:\/\/secure.gravatar.com\/avatar\/c643381cd03da38327c6407e6886e7182d881f2ecf94a7902ca262c41f9d8884?s=96&d=mm&r=g\",\"caption\":\"Miguel Andreis\"},\"url\":\"https:\/\/elregionalvm.com.ar\/noticias-villa-maria\/author\/miguelandreis\/\"}]}<\/script>\n<!-- \/ Yoast SEO plugin. -->","yoast_head_json":{"title":"El ni\u00f1o ciego del que poco se habl\u00f3\u2026 - El Regional","robots":{"index":"index","follow":"follow","max-snippet":"max-snippet:-1","max-image-preview":"max-image-preview:large","max-video-preview":"max-video-preview:-1"},"canonical":"http:\/\/elregionalvm.com.ar\/noticias-villa-maria\/el-nino-ciego-del-que-poco-se-hablo\/","og_locale":"es_ES","og_type":"article","og_title":"El ni\u00f1o ciego del que poco se habl\u00f3\u2026 - El Regional","og_url":"http:\/\/elregionalvm.com.ar\/noticias-villa-maria\/el-nino-ciego-del-que-poco-se-hablo\/","og_site_name":"El Regional","article_publisher":"https:\/\/www.facebook.com\/elregionalvm","article_published_time":"2020-05-29T01:15:35+00:00","article_modified_time":"2020-06-16T18:45:35+00:00","author":"Miguel Andreis","twitter_card":"summary_large_image","twitter_creator":"@elregionalvm1","twitter_site":"@elregionalvm1","twitter_misc":{"Escrito por":"Miguel Andreis","Tiempo de lectura":"6 minutos"},"schema":{"@context":"https:\/\/schema.org","@graph":[{"@type":"Article","@id":"http:\/\/elregionalvm.com.ar\/noticias-villa-maria\/el-nino-ciego-del-que-poco-se-hablo\/#article","isPartOf":{"@id":"http:\/\/elregionalvm.com.ar\/noticias-villa-maria\/el-nino-ciego-del-que-poco-se-hablo\/"},"author":{"name":"Miguel Andreis","@id":"http:\/\/elregionalvm.com.ar\/noticias-villa-maria\/#\/schema\/person\/df5ff3f005acf29788aed9cb359f1193"},"headline":"El ni\u00f1o ciego del que poco se habl\u00f3\u2026","datePublished":"2020-05-29T01:15:35+00:00","dateModified":"2020-06-16T18:45:35+00:00","mainEntityOfPage":{"@id":"http:\/\/elregionalvm.com.ar\/noticias-villa-maria\/el-nino-ciego-del-que-poco-se-hablo\/"},"wordCount":1112,"commentCount":0,"image":{"@id":"http:\/\/elregionalvm.com.ar\/noticias-villa-maria\/el-nino-ciego-del-que-poco-se-hablo\/#primaryimage"},"thumbnailUrl":"","articleSection":["Historias"],"inLanguage":"es","potentialAction":[{"@type":"CommentAction","name":"Comment","target":["http:\/\/elregionalvm.com.ar\/noticias-villa-maria\/el-nino-ciego-del-que-poco-se-hablo\/#respond"]}]},{"@type":"WebPage","@id":"http:\/\/elregionalvm.com.ar\/noticias-villa-maria\/el-nino-ciego-del-que-poco-se-hablo\/","url":"http:\/\/elregionalvm.com.ar\/noticias-villa-maria\/el-nino-ciego-del-que-poco-se-hablo\/","name":"El ni\u00f1o ciego del que poco se habl\u00f3\u2026 - El Regional","isPartOf":{"@id":"http:\/\/elregionalvm.com.ar\/noticias-villa-maria\/#website"},"primaryImageOfPage":{"@id":"http:\/\/elregionalvm.com.ar\/noticias-villa-maria\/el-nino-ciego-del-que-poco-se-hablo\/#primaryimage"},"image":{"@id":"http:\/\/elregionalvm.com.ar\/noticias-villa-maria\/el-nino-ciego-del-que-poco-se-hablo\/#primaryimage"},"thumbnailUrl":"","datePublished":"2020-05-29T01:15:35+00:00","dateModified":"2020-06-16T18:45:35+00:00","author":{"@id":"http:\/\/elregionalvm.com.ar\/noticias-villa-maria\/#\/schema\/person\/df5ff3f005acf29788aed9cb359f1193"},"breadcrumb":{"@id":"http:\/\/elregionalvm.com.ar\/noticias-villa-maria\/el-nino-ciego-del-que-poco-se-hablo\/#breadcrumb"},"inLanguage":"es","potentialAction":[{"@type":"ReadAction","target":["http:\/\/elregionalvm.com.ar\/noticias-villa-maria\/el-nino-ciego-del-que-poco-se-hablo\/"]}]},{"@type":"ImageObject","inLanguage":"es","@id":"http:\/\/elregionalvm.com.ar\/noticias-villa-maria\/el-nino-ciego-del-que-poco-se-hablo\/#primaryimage","url":"","contentUrl":""},{"@type":"BreadcrumbList","@id":"http:\/\/elregionalvm.com.ar\/noticias-villa-maria\/el-nino-ciego-del-que-poco-se-hablo\/#breadcrumb","itemListElement":[{"@type":"ListItem","position":1,"name":"Portada","item":"https:\/\/elregionalvm.com.ar\/noticias-villa-maria\/"},{"@type":"ListItem","position":2,"name":"El ni\u00f1o ciego del que poco se habl\u00f3\u2026"}]},{"@type":"WebSite","@id":"http:\/\/elregionalvm.com.ar\/noticias-villa-maria\/#website","url":"http:\/\/elregionalvm.com.ar\/noticias-villa-maria\/","name":"El Regional","description":"Mucho m\u00e1s que informaci\u00f3n","potentialAction":[{"@type":"SearchAction","target":{"@type":"EntryPoint","urlTemplate":"http:\/\/elregionalvm.com.ar\/noticias-villa-maria\/?s={search_term_string}"},"query-input":{"@type":"PropertyValueSpecification","valueRequired":true,"valueName":"search_term_string"}}],"inLanguage":"es"},{"@type":"Person","@id":"http:\/\/elregionalvm.com.ar\/noticias-villa-maria\/#\/schema\/person\/df5ff3f005acf29788aed9cb359f1193","name":"Miguel Andreis","image":{"@type":"ImageObject","inLanguage":"es","@id":"http:\/\/elregionalvm.com.ar\/noticias-villa-maria\/#\/schema\/person\/image\/","url":"https:\/\/secure.gravatar.com\/avatar\/c643381cd03da38327c6407e6886e7182d881f2ecf94a7902ca262c41f9d8884?s=96&d=mm&r=g","contentUrl":"https:\/\/secure.gravatar.com\/avatar\/c643381cd03da38327c6407e6886e7182d881f2ecf94a7902ca262c41f9d8884?s=96&d=mm&r=g","caption":"Miguel Andreis"},"url":"https:\/\/elregionalvm.com.ar\/noticias-villa-maria\/author\/miguelandreis\/"}]}},"jetpack_featured_media_url":"","jetpack_sharing_enabled":true,"_links":{"self":[{"href":"https:\/\/elregionalvm.com.ar\/noticias-villa-maria\/wp-json\/wp\/v2\/posts\/17786","targetHints":{"allow":["GET"]}}],"collection":[{"href":"https:\/\/elregionalvm.com.ar\/noticias-villa-maria\/wp-json\/wp\/v2\/posts"}],"about":[{"href":"https:\/\/elregionalvm.com.ar\/noticias-villa-maria\/wp-json\/wp\/v2\/types\/post"}],"author":[{"embeddable":true,"href":"https:\/\/elregionalvm.com.ar\/noticias-villa-maria\/wp-json\/wp\/v2\/users\/5"}],"replies":[{"embeddable":true,"href":"https:\/\/elregionalvm.com.ar\/noticias-villa-maria\/wp-json\/wp\/v2\/comments?post=17786"}],"version-history":[{"count":1,"href":"https:\/\/elregionalvm.com.ar\/noticias-villa-maria\/wp-json\/wp\/v2\/posts\/17786\/revisions"}],"predecessor-version":[{"id":18094,"href":"https:\/\/elregionalvm.com.ar\/noticias-villa-maria\/wp-json\/wp\/v2\/posts\/17786\/revisions\/18094"}],"wp:featuredmedia":[{"embeddable":true,"href":"https:\/\/elregionalvm.com.ar\/noticias-villa-maria\/wp-json\/"}],"wp:attachment":[{"href":"https:\/\/elregionalvm.com.ar\/noticias-villa-maria\/wp-json\/wp\/v2\/media?parent=17786"}],"wp:term":[{"taxonomy":"category","embeddable":true,"href":"https:\/\/elregionalvm.com.ar\/noticias-villa-maria\/wp-json\/wp\/v2\/categories?post=17786"},{"taxonomy":"post_tag","embeddable":true,"href":"https:\/\/elregionalvm.com.ar\/noticias-villa-maria\/wp-json\/wp\/v2\/tags?post=17786"}],"curies":[{"name":"wp","href":"https:\/\/api.w.org\/{rel}","templated":true}]}}