{"id":17787,"date":"2020-05-29T02:10:42","date_gmt":"2020-05-29T02:10:42","guid":{"rendered":"http:\/\/www.elregionalvm.com.ar\/?p=15993"},"modified":"2020-06-16T19:23:48","modified_gmt":"2020-06-16T19:23:48","slug":"el-santo-mercado-de-las-necesidades-ficticias-y-el-consumo-exagerado","status":"publish","type":"post","link":"https:\/\/elregionalvm.com.ar\/noticias-villa-maria\/el-santo-mercado-de-las-necesidades-ficticias-y-el-consumo-exagerado\/","title":{"rendered":"El santo mercado de las necesidades ficticias  y el consumo exagerado"},"content":{"rendered":"\n\t\t\t\t<![CDATA[\n<p class=\"has-background has-very-light-gray-background-color\">Propuestas indecentes y ficciones cotidianas<\/p>\n\n\n<p><strong>Escribe:\nGerm\u00e1n Giacchero<\/strong><\/p>\n\n\n<p>Sin ponerse colorada, en tiempos pre-pand\u00e9micos mi tarjeta de cr\u00e9dito me propon\u00eda que volara a Europa en 12 c\u00f3modas cuotas cero inter\u00e9s. Pero ten\u00eda tiempo hasta el d\u00eda anterior. Y yo, ning\u00fan inter\u00e9s. <\/p>\n\n\n<p>Ah\u00ed nom\u00e1s me presentaba el mejor regalo\npor el d\u00eda de los enamorados: una tarjeta adicional para mi media\u2026 naranja.<\/p>\n\n\n<p>Una financiera disfrazada de c\u00e9lebre cadena\nde electrodom\u00e9sticos; bueno, dos, tres, cuatro de ellas, me aseguran que no hay\nexcusas para no comprar con semejantes descuentos que ofrecen solo por ayer.<\/p>\n\n\n<p>El banco donde depositan mi sueldo, un\n\u201cbanc\u00f3n\u201d, me invita a tomar un cr\u00e9dito s\u00faper personalizado a mi nombre, a pagar\nen 6 a\u00f1os. Lo que no me dice es que la cuota tiene casi el mismo valor que si tomara\notro cr\u00e9dito a pagar en la mitad de ese tiempo.<\/p>\n\n\n<p>La empresa de tev\u00e9 por cable -visi\u00f3n incre\u00edble mediante- me ofrece un a\u00f1o de bonificaci\u00f3n al 50% de la alta tarifa que pagu\u00e9 hasta que decid\u00ed darle de baja. Es m\u00e1s, me ruega.<\/p>\n\n\n<p>En plan de seducci\u00f3n a punto de\nconvertirse en acoso, no dejan de hostigarme por tel\u00e9fono voces con tonadas\nporte\u00f1as y colombianas.<\/p>\n\n\n<p>\u201c\u00bfUsted piensa que nunca le va a pasar\nalgo malo?\u201d, me rega\u00f1a una voz asexuada de call center, al l\u00edmite del bullying,\ncansada ya de mis negativas a la propuesta telef\u00f3nica de un seguro de\nvida.&nbsp; <\/p>\n\n\n<p>Un cartel luminoso me grita en la cara porque\nno pagu\u00e9 el \u00faltimo vencimiento de la factura del gas ni el m\u00e1s reciente\nimpuesto al aire impuro que respiro.<\/p>\n\n\n<p>Un aviso molesto de una multiagencia de\nviajes virtual me despega de mi cama a la madrugada para avisarme que hay un\npaquete en oferta imperdible para Siberia y el ex Congo Belga. Para pagar ahora\ny viajar el d\u00eda que se acabe la pandemia. <\/p>\n\n\n<p>Un mercado libre, pero con g\u00f3ndolas\nexclusivas, me invita a poner la \u00f1ata contra esa vidriera digital, infinita,\nexclusiva y ajena. <\/p>\n\n\n<p>Uno, dos, tres, decenas de candidatos\npol\u00edticos con sonrisas impostadas de pasta dental y gestos ensayados con los\nfalsos gur\u00faes del \u00e9xito electoral me invitan a votarlos bajo la promesa de que esta\nvez no me fallar\u00e1n. <\/p>\n\n\n<p>Cientos de avisos en Facebook, Instagram y\nWhatsapp me proponen compartir una imagen, decir que me gusta y desnudar mi\nintimidad bajo promesa de ganar un kilo de helado, una estad\u00eda &nbsp;con fecha abierta en las sierras o un pasaje a\nla Luna que no incluye la vuelta.&nbsp; <\/p>\n\n\n<p>\u201cHotsale\u201d, \u201c\u00a1Es ahora o nunca!\u201d, \u201c\u00daltima\noportunidad\u201d, \u201c\u00danicos tres d\u00edas de ofertas\u201d, \u201cAproveche ya\u201d, \u201cLa oferta del\na\u00f1o\u201d, \u201cHasta el 50% menos\u201d, \u201cPrecios aniquilados\u201d, gritan en las redes sociales\ndesde tiendas de ropa hasta grandes corporaciones industriales. <\/p>\n\n\n<p>Al otro d\u00eda, internet se inunda de pr\u00f3rrogas, extensiones, moratorias y mayores plazos para el generoso men\u00fa de ofertas del santo mercado de las necesidades ficticias y el consumo exagerado. Que no descansa nunca, ni entra en cuarentena.<\/p>\n\n\n<p>Estoy a punto de ceder, de caer en la\ntentaci\u00f3n, de no librarme del mal que me persigue hasta cuando voy al ba\u00f1o.<\/p>\n\n\n<p>Pero, ya estoy harto de tantas propuestas\nindecentes.<\/p>\n\n\n<p>Maldita publicidad. <\/p>\n\n\n<p>Debo tomar una decisi\u00f3n.<\/p>\n\n\n<p>S\u00ed, mi amor, acepto\u2026<\/p>\n\n\n<p>Voy a apagar el celular de una vez por todas.<\/p>\n]]>\t\t","protected":false},"excerpt":{"rendered":"<p>\t\t\t\t<![CDATA[]]>\t\t<\/p>\n","protected":false},"author":6,"featured_media":15994,"comment_status":"open","ping_status":"open","sticky":false,"template":"","format":"standard","meta":{"site-sidebar-layout":"default","site-content-layout":"","ast-site-content-layout":"default","site-content-style":"default","site-sidebar-style":"default","ast-global-header-display":"","ast-banner-title-visibility":"","ast-main-header-display":"","ast-hfb-above-header-display":"","ast-hfb-below-header-display":"","ast-hfb-mobile-header-display":"","site-post-title":"","ast-breadcrumbs-content":"","ast-featured-img":"","footer-sml-layout":"","ast-disable-related-posts":"","theme-transparent-header-meta":"","adv-header-id-meta":"","stick-header-meta":"","header-above-stick-meta":"","header-main-stick-meta":"","header-below-stick-meta":"","astra-migrate-meta-layouts":"default","ast-page-background-enabled":"default","ast-page-background-meta":{"desktop":{"background-color":"","background-image":"","background-repeat":"repeat","background-position":"center center","background-size":"auto","background-attachment":"scroll","background-type":"","background-media":"","overlay-type":"","overlay-color":"","overlay-opacity":"","overlay-gradient":""},"tablet":{"background-color":"","background-image":"","background-repeat":"repeat","background-position":"center center","background-size":"auto","background-attachment":"scroll","background-type":"","background-media":"","overlay-type":"","overlay-color":"","overlay-opacity":"","overlay-gradient":""},"mobile":{"background-color":"","background-image":"","background-repeat":"repeat","background-position":"center center","background-size":"auto","background-attachment":"scroll","background-type":"","background-media":"","overlay-type":"","overlay-color":"","overlay-opacity":"","overlay-gradient":""}},"ast-content-background-meta":{"desktop":{"background-color":"var(--ast-global-color-5)","background-image":"","background-repeat":"repeat","background-position":"center center","background-size":"auto","background-attachment":"scroll","background-type":"","background-media":"","overlay-type":"","overlay-color":"","overlay-opacity":"","overlay-gradient":""},"tablet":{"background-color":"var(--ast-global-color-5)","background-image":"","background-repeat":"repeat","background-position":"center center","background-size":"auto","background-attachment":"scroll","background-type":"","background-media":"","overlay-type":"","overlay-color":"","overlay-opacity":"","overlay-gradient":""},"mobile":{"background-color":"var(--ast-global-color-5)","background-image":"","background-repeat":"repeat","background-position":"center center","background-size":"auto","background-attachment":"scroll","background-type":"","background-media":"","overlay-type":"","overlay-color":"","overlay-opacity":"","overlay-gradient":""}},"_jetpack_memberships_contains_paid_content":false,"_joinchat":[],"footnotes":""},"categories":[365],"tags":[2035,2183,2184,1998,2185,2186,739,109,829],"class_list":["post-17787","post","type-post","status-publish","format-standard","has-post-thumbnail","hentry","category-opinion","tag-cuarentena","tag-facebook-instagram","tag-mercado-libre","tag-pandemia","tag-propuestas-indecentes","tag-publicidad","tag-tarjetas","tag-tv","tag-whatsapp"],"yoast_head":"<!-- This site is optimized with the Yoast SEO plugin v26.8 - https:\/\/yoast.com\/product\/yoast-seo-wordpress\/ -->\n<title>El santo mercado de las necesidades ficticias y el consumo exagerado - El Regional<\/title>\n<meta name=\"robots\" content=\"index, follow, max-snippet:-1, max-image-preview:large, max-video-preview:-1\" \/>\n<link rel=\"canonical\" href=\"http:\/\/elregionalvm.com.ar\/noticias-villa-maria\/el-santo-mercado-de-las-necesidades-ficticias-y-el-consumo-exagerado\/\" \/>\n<meta property=\"og:locale\" content=\"es_ES\" \/>\n<meta property=\"og:type\" content=\"article\" \/>\n<meta property=\"og:title\" content=\"El santo mercado de las necesidades ficticias y el consumo exagerado - El Regional\" \/>\n<meta property=\"og:url\" content=\"http:\/\/elregionalvm.com.ar\/noticias-villa-maria\/el-santo-mercado-de-las-necesidades-ficticias-y-el-consumo-exagerado\/\" \/>\n<meta property=\"og:site_name\" content=\"El Regional\" \/>\n<meta property=\"article:publisher\" content=\"https:\/\/www.facebook.com\/elregionalvm\" \/>\n<meta property=\"article:published_time\" content=\"2020-05-29T02:10:42+00:00\" \/>\n<meta property=\"article:modified_time\" content=\"2020-06-16T19:23:48+00:00\" \/>\n<meta name=\"author\" content=\"Germ\u00e1n Giacchero\" \/>\n<meta name=\"twitter:card\" content=\"summary_large_image\" \/>\n<meta name=\"twitter:creator\" content=\"@elregionalvm1\" \/>\n<meta name=\"twitter:site\" content=\"@elregionalvm1\" \/>\n<meta name=\"twitter:label1\" content=\"Escrito por\" \/>\n\t<meta name=\"twitter:data1\" content=\"Germ\u00e1n Giacchero\" \/>\n\t<meta name=\"twitter:label2\" content=\"Tiempo de lectura\" \/>\n\t<meta name=\"twitter:data2\" content=\"3 minutos\" \/>\n<script type=\"application\/ld+json\" class=\"yoast-schema-graph\">{\"@context\":\"https:\/\/schema.org\",\"@graph\":[{\"@type\":\"Article\",\"@id\":\"http:\/\/elregionalvm.com.ar\/noticias-villa-maria\/el-santo-mercado-de-las-necesidades-ficticias-y-el-consumo-exagerado\/#article\",\"isPartOf\":{\"@id\":\"http:\/\/elregionalvm.com.ar\/noticias-villa-maria\/el-santo-mercado-de-las-necesidades-ficticias-y-el-consumo-exagerado\/\"},\"author\":{\"name\":\"Germ\u00e1n Giacchero\",\"@id\":\"http:\/\/elregionalvm.com.ar\/noticias-villa-maria\/#\/schema\/person\/d5e4b04966154131701e52c45d3efec9\"},\"headline\":\"El santo mercado de las necesidades ficticias y el consumo exagerado\",\"datePublished\":\"2020-05-29T02:10:42+00:00\",\"dateModified\":\"2020-06-16T19:23:48+00:00\",\"mainEntityOfPage\":{\"@id\":\"http:\/\/elregionalvm.com.ar\/noticias-villa-maria\/el-santo-mercado-de-las-necesidades-ficticias-y-el-consumo-exagerado\/\"},\"wordCount\":594,\"commentCount\":0,\"image\":{\"@id\":\"http:\/\/elregionalvm.com.ar\/noticias-villa-maria\/el-santo-mercado-de-las-necesidades-ficticias-y-el-consumo-exagerado\/#primaryimage\"},\"thumbnailUrl\":\"\",\"keywords\":[\"cuarentena\",\"Facebook Instagram\",\"Mercado libre\",\"pandemia\",\"Propuestas indecentes\",\"Publicidad\",\"tarjetas\",\"TV\",\"Whatsapp\"],\"articleSection\":[\"Opini\u00f3n\"],\"inLanguage\":\"es\",\"potentialAction\":[{\"@type\":\"CommentAction\",\"name\":\"Comment\",\"target\":[\"http:\/\/elregionalvm.com.ar\/noticias-villa-maria\/el-santo-mercado-de-las-necesidades-ficticias-y-el-consumo-exagerado\/#respond\"]}]},{\"@type\":\"WebPage\",\"@id\":\"http:\/\/elregionalvm.com.ar\/noticias-villa-maria\/el-santo-mercado-de-las-necesidades-ficticias-y-el-consumo-exagerado\/\",\"url\":\"http:\/\/elregionalvm.com.ar\/noticias-villa-maria\/el-santo-mercado-de-las-necesidades-ficticias-y-el-consumo-exagerado\/\",\"name\":\"El santo mercado de las necesidades ficticias y el consumo exagerado - El Regional\",\"isPartOf\":{\"@id\":\"http:\/\/elregionalvm.com.ar\/noticias-villa-maria\/#website\"},\"primaryImageOfPage\":{\"@id\":\"http:\/\/elregionalvm.com.ar\/noticias-villa-maria\/el-santo-mercado-de-las-necesidades-ficticias-y-el-consumo-exagerado\/#primaryimage\"},\"image\":{\"@id\":\"http:\/\/elregionalvm.com.ar\/noticias-villa-maria\/el-santo-mercado-de-las-necesidades-ficticias-y-el-consumo-exagerado\/#primaryimage\"},\"thumbnailUrl\":\"\",\"datePublished\":\"2020-05-29T02:10:42+00:00\",\"dateModified\":\"2020-06-16T19:23:48+00:00\",\"author\":{\"@id\":\"http:\/\/elregionalvm.com.ar\/noticias-villa-maria\/#\/schema\/person\/d5e4b04966154131701e52c45d3efec9\"},\"breadcrumb\":{\"@id\":\"http:\/\/elregionalvm.com.ar\/noticias-villa-maria\/el-santo-mercado-de-las-necesidades-ficticias-y-el-consumo-exagerado\/#breadcrumb\"},\"inLanguage\":\"es\",\"potentialAction\":[{\"@type\":\"ReadAction\",\"target\":[\"http:\/\/elregionalvm.com.ar\/noticias-villa-maria\/el-santo-mercado-de-las-necesidades-ficticias-y-el-consumo-exagerado\/\"]}]},{\"@type\":\"ImageObject\",\"inLanguage\":\"es\",\"@id\":\"http:\/\/elregionalvm.com.ar\/noticias-villa-maria\/el-santo-mercado-de-las-necesidades-ficticias-y-el-consumo-exagerado\/#primaryimage\",\"url\":\"\",\"contentUrl\":\"\"},{\"@type\":\"BreadcrumbList\",\"@id\":\"http:\/\/elregionalvm.com.ar\/noticias-villa-maria\/el-santo-mercado-de-las-necesidades-ficticias-y-el-consumo-exagerado\/#breadcrumb\",\"itemListElement\":[{\"@type\":\"ListItem\",\"position\":1,\"name\":\"Portada\",\"item\":\"https:\/\/elregionalvm.com.ar\/noticias-villa-maria\/\"},{\"@type\":\"ListItem\",\"position\":2,\"name\":\"El santo mercado de las necesidades ficticias y el consumo exagerado\"}]},{\"@type\":\"WebSite\",\"@id\":\"http:\/\/elregionalvm.com.ar\/noticias-villa-maria\/#website\",\"url\":\"http:\/\/elregionalvm.com.ar\/noticias-villa-maria\/\",\"name\":\"El Regional\",\"description\":\"Mucho m\u00e1s que informaci\u00f3n\",\"potentialAction\":[{\"@type\":\"SearchAction\",\"target\":{\"@type\":\"EntryPoint\",\"urlTemplate\":\"http:\/\/elregionalvm.com.ar\/noticias-villa-maria\/?s={search_term_string}\"},\"query-input\":{\"@type\":\"PropertyValueSpecification\",\"valueRequired\":true,\"valueName\":\"search_term_string\"}}],\"inLanguage\":\"es\"},{\"@type\":\"Person\",\"@id\":\"http:\/\/elregionalvm.com.ar\/noticias-villa-maria\/#\/schema\/person\/d5e4b04966154131701e52c45d3efec9\",\"name\":\"Germ\u00e1n Giacchero\",\"image\":{\"@type\":\"ImageObject\",\"inLanguage\":\"es\",\"@id\":\"http:\/\/elregionalvm.com.ar\/noticias-villa-maria\/#\/schema\/person\/image\/\",\"url\":\"https:\/\/secure.gravatar.com\/avatar\/fda163ba5ef0307ee5be9846e10f83b6e83d0cfb260d3b2464830318894c6b04?s=96&d=mm&r=g\",\"contentUrl\":\"https:\/\/secure.gravatar.com\/avatar\/fda163ba5ef0307ee5be9846e10f83b6e83d0cfb260d3b2464830318894c6b04?s=96&d=mm&r=g\",\"caption\":\"Germ\u00e1n Giacchero\"},\"url\":\"https:\/\/elregionalvm.com.ar\/noticias-villa-maria\/author\/germangiacchero\/\"}]}<\/script>\n<!-- \/ Yoast SEO plugin. -->","yoast_head_json":{"title":"El santo mercado de las necesidades ficticias y el consumo exagerado - El Regional","robots":{"index":"index","follow":"follow","max-snippet":"max-snippet:-1","max-image-preview":"max-image-preview:large","max-video-preview":"max-video-preview:-1"},"canonical":"http:\/\/elregionalvm.com.ar\/noticias-villa-maria\/el-santo-mercado-de-las-necesidades-ficticias-y-el-consumo-exagerado\/","og_locale":"es_ES","og_type":"article","og_title":"El santo mercado de las necesidades ficticias y el consumo exagerado - El Regional","og_url":"http:\/\/elregionalvm.com.ar\/noticias-villa-maria\/el-santo-mercado-de-las-necesidades-ficticias-y-el-consumo-exagerado\/","og_site_name":"El Regional","article_publisher":"https:\/\/www.facebook.com\/elregionalvm","article_published_time":"2020-05-29T02:10:42+00:00","article_modified_time":"2020-06-16T19:23:48+00:00","author":"Germ\u00e1n Giacchero","twitter_card":"summary_large_image","twitter_creator":"@elregionalvm1","twitter_site":"@elregionalvm1","twitter_misc":{"Escrito por":"Germ\u00e1n Giacchero","Tiempo de lectura":"3 minutos"},"schema":{"@context":"https:\/\/schema.org","@graph":[{"@type":"Article","@id":"http:\/\/elregionalvm.com.ar\/noticias-villa-maria\/el-santo-mercado-de-las-necesidades-ficticias-y-el-consumo-exagerado\/#article","isPartOf":{"@id":"http:\/\/elregionalvm.com.ar\/noticias-villa-maria\/el-santo-mercado-de-las-necesidades-ficticias-y-el-consumo-exagerado\/"},"author":{"name":"Germ\u00e1n Giacchero","@id":"http:\/\/elregionalvm.com.ar\/noticias-villa-maria\/#\/schema\/person\/d5e4b04966154131701e52c45d3efec9"},"headline":"El santo mercado de las necesidades ficticias y el consumo exagerado","datePublished":"2020-05-29T02:10:42+00:00","dateModified":"2020-06-16T19:23:48+00:00","mainEntityOfPage":{"@id":"http:\/\/elregionalvm.com.ar\/noticias-villa-maria\/el-santo-mercado-de-las-necesidades-ficticias-y-el-consumo-exagerado\/"},"wordCount":594,"commentCount":0,"image":{"@id":"http:\/\/elregionalvm.com.ar\/noticias-villa-maria\/el-santo-mercado-de-las-necesidades-ficticias-y-el-consumo-exagerado\/#primaryimage"},"thumbnailUrl":"","keywords":["cuarentena","Facebook Instagram","Mercado libre","pandemia","Propuestas indecentes","Publicidad","tarjetas","TV","Whatsapp"],"articleSection":["Opini\u00f3n"],"inLanguage":"es","potentialAction":[{"@type":"CommentAction","name":"Comment","target":["http:\/\/elregionalvm.com.ar\/noticias-villa-maria\/el-santo-mercado-de-las-necesidades-ficticias-y-el-consumo-exagerado\/#respond"]}]},{"@type":"WebPage","@id":"http:\/\/elregionalvm.com.ar\/noticias-villa-maria\/el-santo-mercado-de-las-necesidades-ficticias-y-el-consumo-exagerado\/","url":"http:\/\/elregionalvm.com.ar\/noticias-villa-maria\/el-santo-mercado-de-las-necesidades-ficticias-y-el-consumo-exagerado\/","name":"El santo mercado de las necesidades ficticias y el consumo exagerado - El Regional","isPartOf":{"@id":"http:\/\/elregionalvm.com.ar\/noticias-villa-maria\/#website"},"primaryImageOfPage":{"@id":"http:\/\/elregionalvm.com.ar\/noticias-villa-maria\/el-santo-mercado-de-las-necesidades-ficticias-y-el-consumo-exagerado\/#primaryimage"},"image":{"@id":"http:\/\/elregionalvm.com.ar\/noticias-villa-maria\/el-santo-mercado-de-las-necesidades-ficticias-y-el-consumo-exagerado\/#primaryimage"},"thumbnailUrl":"","datePublished":"2020-05-29T02:10:42+00:00","dateModified":"2020-06-16T19:23:48+00:00","author":{"@id":"http:\/\/elregionalvm.com.ar\/noticias-villa-maria\/#\/schema\/person\/d5e4b04966154131701e52c45d3efec9"},"breadcrumb":{"@id":"http:\/\/elregionalvm.com.ar\/noticias-villa-maria\/el-santo-mercado-de-las-necesidades-ficticias-y-el-consumo-exagerado\/#breadcrumb"},"inLanguage":"es","potentialAction":[{"@type":"ReadAction","target":["http:\/\/elregionalvm.com.ar\/noticias-villa-maria\/el-santo-mercado-de-las-necesidades-ficticias-y-el-consumo-exagerado\/"]}]},{"@type":"ImageObject","inLanguage":"es","@id":"http:\/\/elregionalvm.com.ar\/noticias-villa-maria\/el-santo-mercado-de-las-necesidades-ficticias-y-el-consumo-exagerado\/#primaryimage","url":"","contentUrl":""},{"@type":"BreadcrumbList","@id":"http:\/\/elregionalvm.com.ar\/noticias-villa-maria\/el-santo-mercado-de-las-necesidades-ficticias-y-el-consumo-exagerado\/#breadcrumb","itemListElement":[{"@type":"ListItem","position":1,"name":"Portada","item":"https:\/\/elregionalvm.com.ar\/noticias-villa-maria\/"},{"@type":"ListItem","position":2,"name":"El santo mercado de las necesidades ficticias y el consumo exagerado"}]},{"@type":"WebSite","@id":"http:\/\/elregionalvm.com.ar\/noticias-villa-maria\/#website","url":"http:\/\/elregionalvm.com.ar\/noticias-villa-maria\/","name":"El Regional","description":"Mucho m\u00e1s que informaci\u00f3n","potentialAction":[{"@type":"SearchAction","target":{"@type":"EntryPoint","urlTemplate":"http:\/\/elregionalvm.com.ar\/noticias-villa-maria\/?s={search_term_string}"},"query-input":{"@type":"PropertyValueSpecification","valueRequired":true,"valueName":"search_term_string"}}],"inLanguage":"es"},{"@type":"Person","@id":"http:\/\/elregionalvm.com.ar\/noticias-villa-maria\/#\/schema\/person\/d5e4b04966154131701e52c45d3efec9","name":"Germ\u00e1n Giacchero","image":{"@type":"ImageObject","inLanguage":"es","@id":"http:\/\/elregionalvm.com.ar\/noticias-villa-maria\/#\/schema\/person\/image\/","url":"https:\/\/secure.gravatar.com\/avatar\/fda163ba5ef0307ee5be9846e10f83b6e83d0cfb260d3b2464830318894c6b04?s=96&d=mm&r=g","contentUrl":"https:\/\/secure.gravatar.com\/avatar\/fda163ba5ef0307ee5be9846e10f83b6e83d0cfb260d3b2464830318894c6b04?s=96&d=mm&r=g","caption":"Germ\u00e1n Giacchero"},"url":"https:\/\/elregionalvm.com.ar\/noticias-villa-maria\/author\/germangiacchero\/"}]}},"jetpack_featured_media_url":"","jetpack_sharing_enabled":true,"_links":{"self":[{"href":"https:\/\/elregionalvm.com.ar\/noticias-villa-maria\/wp-json\/wp\/v2\/posts\/17787","targetHints":{"allow":["GET"]}}],"collection":[{"href":"https:\/\/elregionalvm.com.ar\/noticias-villa-maria\/wp-json\/wp\/v2\/posts"}],"about":[{"href":"https:\/\/elregionalvm.com.ar\/noticias-villa-maria\/wp-json\/wp\/v2\/types\/post"}],"author":[{"embeddable":true,"href":"https:\/\/elregionalvm.com.ar\/noticias-villa-maria\/wp-json\/wp\/v2\/users\/6"}],"replies":[{"embeddable":true,"href":"https:\/\/elregionalvm.com.ar\/noticias-villa-maria\/wp-json\/wp\/v2\/comments?post=17787"}],"version-history":[{"count":1,"href":"https:\/\/elregionalvm.com.ar\/noticias-villa-maria\/wp-json\/wp\/v2\/posts\/17787\/revisions"}],"predecessor-version":[{"id":18161,"href":"https:\/\/elregionalvm.com.ar\/noticias-villa-maria\/wp-json\/wp\/v2\/posts\/17787\/revisions\/18161"}],"wp:featuredmedia":[{"embeddable":true,"href":"https:\/\/elregionalvm.com.ar\/noticias-villa-maria\/wp-json\/"}],"wp:attachment":[{"href":"https:\/\/elregionalvm.com.ar\/noticias-villa-maria\/wp-json\/wp\/v2\/media?parent=17787"}],"wp:term":[{"taxonomy":"category","embeddable":true,"href":"https:\/\/elregionalvm.com.ar\/noticias-villa-maria\/wp-json\/wp\/v2\/categories?post=17787"},{"taxonomy":"post_tag","embeddable":true,"href":"https:\/\/elregionalvm.com.ar\/noticias-villa-maria\/wp-json\/wp\/v2\/tags?post=17787"}],"curies":[{"name":"wp","href":"https:\/\/api.w.org\/{rel}","templated":true}]}}