{"id":17788,"date":"2020-05-29T19:06:13","date_gmt":"2020-05-29T19:06:13","guid":{"rendered":"http:\/\/www.elregionalvm.com.ar\/?p=16008"},"modified":"2020-06-16T19:23:36","modified_gmt":"2020-06-16T19:23:36","slug":"lluvia-viento-frio","status":"publish","type":"post","link":"https:\/\/elregionalvm.com.ar\/noticias-villa-maria\/lluvia-viento-frio\/","title":{"rendered":"\u00bfLluvia? \u00bfViento? \u00bfFr\u00edo?"},"content":{"rendered":"\n\t\t\t\t<![CDATA[\n<p class=\"has-background has-luminous-vivid-amber-background-color\">C\u00f3mo estar\u00e1 el tiempo este fin de semana y el resto de los d\u00edas. Desde el s\u00e1bado 30 hasta el viernes 5 de junio. <\/p>\n\n\n<p class=\"has-background has-very-light-gray-background-color\"><strong>S\u00c1BADO  DE 30 DE MAYO<\/strong><\/p>\n\n\n<p>Temperaturas m\u00ednimas y m\u00e1ximas: 11 y 16 \u00b0C <\/p>\n\n\n<p>Humedad promedio en %: 79<\/p>\n\n\n<p>Cielo mayormente cubierto. Vientos del Noreste\nrotando al Sur-Suroeste de 15 a 30 km\/h. <\/p>\n\n\n<p>Probabilidad de precipitaciones en %: 40<\/p>\n\n\n<p class=\"has-background has-very-light-gray-background-color\"><strong>DOMINGO 31 DE MAYO<\/strong><\/p>\n\n\n<p>Temperaturas m\u00ednimas y m\u00e1ximas: 9 y 14 \u00b0C<\/p>\n\n\n<p>Humedad promedio en %: 73<\/p>\n\n\n<p>Cielo nublado. Parcialmente cubierto.\nProbables chaparrones por la madrugada. &nbsp;Vientos del Sur-Suroeste rotando al Suroeste\nde 10 a 15 km\/h.<\/p>\n\n\n<p>Probabilidad de precipitaciones en %: 40<\/p>\n\n\n<p class=\"has-background has-very-light-gray-background-color\"><strong>LUNES 01 DE JUNIO<\/strong><\/p>\n\n\n<p>Temperaturas m\u00ednimas y m\u00e1ximas: 8 y 13 \u00b0C<\/p>\n\n\n<p>Humedad promedio en %: 73<\/p>\n\n\n<p>Cielo nublado. Parcialmente cubierto.\nVientos del Suroeste rotando al Oeste-Suroeste de 10 a 15 km\/h.<\/p>\n\n\n<p>Probabilidad de precipitaciones en %: 20<\/p>\n\n\n<p class=\"has-background has-very-light-gray-background-color\"><strong>MARTES 02 DE JUNIO<\/strong><\/p>\n\n\n<p>Temperaturas m\u00ednimas y m\u00e1ximas: 8 y 14 \u00b0C<\/p>\n\n\n<p>Humedad promedio en %: 74<\/p>\n\n\n<p>Cielo mayormente despejado cubri\u00e9ndose por\nla noche. Vientos del Oeste rotando al Suroeste de 10 a 15 km\/h.<\/p>\n\n\n<p>Probabilidad de precipitaciones en %: 10<\/p>\n\n\n<p class=\"has-background has-very-light-gray-background-color\"><strong>MI\u00c9RCOLES 03 DE JUNIO<\/strong><\/p>\n\n\n<p>Temperaturas m\u00ednimas y m\u00e1ximas: 8 y 14 \u00b0C&nbsp;&nbsp;&nbsp;&nbsp;&nbsp;&nbsp;&nbsp;&nbsp;&nbsp;&nbsp;&nbsp;&nbsp;&nbsp;&nbsp; <\/p>\n\n\n<p>Humedad promedio en %: 73<\/p>\n\n\n<p>Cielo parcialmente cubierto despej\u00e1ndose por la noche.\nVientos del Suroeste rotando por la noche al Oeste de 10 a 15 km\/h.<\/p>\n\n\n<p>Probabilidad de precipitaciones en %: 10<\/p>\n\n\n<p class=\"has-background has-very-light-gray-background-color\"><strong>JUEVES 04 DE JUNIO<\/strong><\/p>\n\n\n<p>Temperaturas m\u00ednimas y m\u00e1ximas: 9 y 16 \u00b0C<\/p>\n\n\n<p>Humedad promedio en %: 68<\/p>\n\n\n<p>Cielo mayormente despejado. Vientos del sector\nNoroeste de 10 a 25 km\/h.<\/p>\n\n\n<p>Probabilidad de precipitaciones en %: 10<\/p>\n\n\n<p class=\"has-background has-very-light-gray-background-color\"><strong>VIERNES 05 DE JUNIO<\/strong><\/p>\n\n\n<p>Temperaturas m\u00ednimas y m\u00e1ximas: 10 y 17 \u00b0C<\/p>\n\n\n<p>Humedad promedio en %: 71<\/p>\n\n\n<p>Cielo mayormente despejado a soleado. Vientos del Norte-Noroeste\nde 10 a 15 km\/h.<\/p>\n\n\n<p>Probabilidad de precipitaciones en %: 10<\/p>\n\n\n<p><strong>*Interpretaci\u00f3n y redacci\u00f3n\ndel informe<\/strong>&nbsp;<strong>meteorol\u00f3gico a cargo del Mg. Hern\u00e1n Allasia \u2013 Director del\nCentro Universitario Mediterr\u00e1neo (Vinculaci\u00f3n UNVM-FUNESIL) VILLA MAR\u00cdA \u2013\nC\u00d3RDOBA \u2013 ARGENTINA<\/strong><\/p>\n\n\n<p><strong><em>FUENTES:<\/em><\/strong><\/p>\n\n\n<ol class=\"wp-block-list\"><li><strong><em>The Weather Channel by      IBM<\/em><\/strong><\/li><li><strong><em>Norwegian Met.  Institute an Norwegian Broadcasting Corporation<\/em><\/strong><\/li><li><strong><em>SMN Servicio Meteorol\u00f3gico Nacional Argentino<\/em><\/strong><\/li><\/ol>\n]]>\t\t","protected":false},"excerpt":{"rendered":"<p>\t\t\t\t<![CDATA[]]>\t\t<\/p>\n","protected":false},"author":6,"featured_media":16009,"comment_status":"open","ping_status":"open","sticky":false,"template":"","format":"standard","meta":{"site-sidebar-layout":"default","site-content-layout":"","ast-site-content-layout":"default","site-content-style":"default","site-sidebar-style":"default","ast-global-header-display":"","ast-banner-title-visibility":"","ast-main-header-display":"","ast-hfb-above-header-display":"","ast-hfb-below-header-display":"","ast-hfb-mobile-header-display":"","site-post-title":"","ast-breadcrumbs-content":"","ast-featured-img":"","footer-sml-layout":"","ast-disable-related-posts":"","theme-transparent-header-meta":"","adv-header-id-meta":"","stick-header-meta":"","header-above-stick-meta":"","header-main-stick-meta":"","header-below-stick-meta":"","astra-migrate-meta-layouts":"default","ast-page-background-enabled":"default","ast-page-background-meta":{"desktop":{"background-color":"","background-image":"","background-repeat":"repeat","background-position":"center center","background-size":"auto","background-attachment":"scroll","background-type":"","background-media":"","overlay-type":"","overlay-color":"","overlay-opacity":"","overlay-gradient":""},"tablet":{"background-color":"","background-image":"","background-repeat":"repeat","background-position":"center center","background-size":"auto","background-attachment":"scroll","background-type":"","background-media":"","overlay-type":"","overlay-color":"","overlay-opacity":"","overlay-gradient":""},"mobile":{"background-color":"","background-image":"","background-repeat":"repeat","background-position":"center center","background-size":"auto","background-attachment":"scroll","background-type":"","background-media":"","overlay-type":"","overlay-color":"","overlay-opacity":"","overlay-gradient":""}},"ast-content-background-meta":{"desktop":{"background-color":"var(--ast-global-color-5)","background-image":"","background-repeat":"repeat","background-position":"center center","background-size":"auto","background-attachment":"scroll","background-type":"","background-media":"","overlay-type":"","overlay-color":"","overlay-opacity":"","overlay-gradient":""},"tablet":{"background-color":"var(--ast-global-color-5)","background-image":"","background-repeat":"repeat","background-position":"center center","background-size":"auto","background-attachment":"scroll","background-type":"","background-media":"","overlay-type":"","overlay-color":"","overlay-opacity":"","overlay-gradient":""},"mobile":{"background-color":"var(--ast-global-color-5)","background-image":"","background-repeat":"repeat","background-position":"center center","background-size":"auto","background-attachment":"scroll","background-type":"","background-media":"","overlay-type":"","overlay-color":"","overlay-opacity":"","overlay-gradient":""}},"_jetpack_memberships_contains_paid_content":false,"_joinchat":[],"footnotes":""},"categories":[2],"tags":[1035,2164,2175,2187,330,2167,1459,2168,534,232],"class_list":["post-17788","post","type-post","status-publish","format-standard","has-post-thumbnail","hentry","category-villa-maria","tag-clima","tag-clima-global","tag-frio","tag-llovizna","tag-otono","tag-pronostico-extendido","tag-region","tag-tiempo","tag-villa-maria","tag-villa-nueva"],"yoast_head":"<!-- This site is optimized with the Yoast SEO plugin v26.8 - https:\/\/yoast.com\/product\/yoast-seo-wordpress\/ -->\n<title>\u00bfLluvia? \u00bfViento? \u00bfFr\u00edo? - El Regional<\/title>\n<meta name=\"robots\" content=\"index, follow, max-snippet:-1, max-image-preview:large, max-video-preview:-1\" \/>\n<link rel=\"canonical\" href=\"http:\/\/elregionalvm.com.ar\/noticias-villa-maria\/lluvia-viento-frio\/\" \/>\n<meta property=\"og:locale\" content=\"es_ES\" \/>\n<meta property=\"og:type\" content=\"article\" \/>\n<meta property=\"og:title\" content=\"\u00bfLluvia? \u00bfViento? \u00bfFr\u00edo? - El Regional\" \/>\n<meta property=\"og:url\" content=\"http:\/\/elregionalvm.com.ar\/noticias-villa-maria\/lluvia-viento-frio\/\" \/>\n<meta property=\"og:site_name\" content=\"El Regional\" \/>\n<meta property=\"article:publisher\" content=\"https:\/\/www.facebook.com\/elregionalvm\" \/>\n<meta property=\"article:published_time\" content=\"2020-05-29T19:06:13+00:00\" \/>\n<meta property=\"article:modified_time\" content=\"2020-06-16T19:23:36+00:00\" \/>\n<meta name=\"author\" content=\"Germ\u00e1n Giacchero\" \/>\n<meta name=\"twitter:card\" content=\"summary_large_image\" \/>\n<meta name=\"twitter:creator\" content=\"@elregionalvm1\" \/>\n<meta name=\"twitter:site\" content=\"@elregionalvm1\" \/>\n<meta name=\"twitter:label1\" content=\"Escrito por\" \/>\n\t<meta name=\"twitter:data1\" content=\"Germ\u00e1n Giacchero\" \/>\n\t<meta name=\"twitter:label2\" content=\"Tiempo de lectura\" \/>\n\t<meta name=\"twitter:data2\" content=\"2 minutos\" \/>\n<script type=\"application\/ld+json\" class=\"yoast-schema-graph\">{\"@context\":\"https:\/\/schema.org\",\"@graph\":[{\"@type\":\"Article\",\"@id\":\"http:\/\/elregionalvm.com.ar\/noticias-villa-maria\/lluvia-viento-frio\/#article\",\"isPartOf\":{\"@id\":\"http:\/\/elregionalvm.com.ar\/noticias-villa-maria\/lluvia-viento-frio\/\"},\"author\":{\"name\":\"Germ\u00e1n Giacchero\",\"@id\":\"http:\/\/elregionalvm.com.ar\/noticias-villa-maria\/#\/schema\/person\/d5e4b04966154131701e52c45d3efec9\"},\"headline\":\"\u00bfLluvia? \u00bfViento? \u00bfFr\u00edo?\",\"datePublished\":\"2020-05-29T19:06:13+00:00\",\"dateModified\":\"2020-06-16T19:23:36+00:00\",\"mainEntityOfPage\":{\"@id\":\"http:\/\/elregionalvm.com.ar\/noticias-villa-maria\/lluvia-viento-frio\/\"},\"wordCount\":332,\"commentCount\":0,\"image\":{\"@id\":\"http:\/\/elregionalvm.com.ar\/noticias-villa-maria\/lluvia-viento-frio\/#primaryimage\"},\"thumbnailUrl\":\"\",\"keywords\":[\"Clima\",\"Clima Global\",\"Frio\",\"Llovizna\",\"oto\u00f1o\",\"Pron\u00f3stico Extendido\",\"Regi\u00f3n\",\"Tiempo\",\"villa maria\",\"VILLA NUEVA\"],\"articleSection\":[\"Villa Mar\u00eda\"],\"inLanguage\":\"es\",\"potentialAction\":[{\"@type\":\"CommentAction\",\"name\":\"Comment\",\"target\":[\"http:\/\/elregionalvm.com.ar\/noticias-villa-maria\/lluvia-viento-frio\/#respond\"]}]},{\"@type\":\"WebPage\",\"@id\":\"http:\/\/elregionalvm.com.ar\/noticias-villa-maria\/lluvia-viento-frio\/\",\"url\":\"http:\/\/elregionalvm.com.ar\/noticias-villa-maria\/lluvia-viento-frio\/\",\"name\":\"\u00bfLluvia? \u00bfViento? \u00bfFr\u00edo? - El Regional\",\"isPartOf\":{\"@id\":\"http:\/\/elregionalvm.com.ar\/noticias-villa-maria\/#website\"},\"primaryImageOfPage\":{\"@id\":\"http:\/\/elregionalvm.com.ar\/noticias-villa-maria\/lluvia-viento-frio\/#primaryimage\"},\"image\":{\"@id\":\"http:\/\/elregionalvm.com.ar\/noticias-villa-maria\/lluvia-viento-frio\/#primaryimage\"},\"thumbnailUrl\":\"\",\"datePublished\":\"2020-05-29T19:06:13+00:00\",\"dateModified\":\"2020-06-16T19:23:36+00:00\",\"author\":{\"@id\":\"http:\/\/elregionalvm.com.ar\/noticias-villa-maria\/#\/schema\/person\/d5e4b04966154131701e52c45d3efec9\"},\"breadcrumb\":{\"@id\":\"http:\/\/elregionalvm.com.ar\/noticias-villa-maria\/lluvia-viento-frio\/#breadcrumb\"},\"inLanguage\":\"es\",\"potentialAction\":[{\"@type\":\"ReadAction\",\"target\":[\"http:\/\/elregionalvm.com.ar\/noticias-villa-maria\/lluvia-viento-frio\/\"]}]},{\"@type\":\"ImageObject\",\"inLanguage\":\"es\",\"@id\":\"http:\/\/elregionalvm.com.ar\/noticias-villa-maria\/lluvia-viento-frio\/#primaryimage\",\"url\":\"\",\"contentUrl\":\"\"},{\"@type\":\"BreadcrumbList\",\"@id\":\"http:\/\/elregionalvm.com.ar\/noticias-villa-maria\/lluvia-viento-frio\/#breadcrumb\",\"itemListElement\":[{\"@type\":\"ListItem\",\"position\":1,\"name\":\"Portada\",\"item\":\"https:\/\/elregionalvm.com.ar\/noticias-villa-maria\/\"},{\"@type\":\"ListItem\",\"position\":2,\"name\":\"\u00bfLluvia? \u00bfViento? \u00bfFr\u00edo?\"}]},{\"@type\":\"WebSite\",\"@id\":\"http:\/\/elregionalvm.com.ar\/noticias-villa-maria\/#website\",\"url\":\"http:\/\/elregionalvm.com.ar\/noticias-villa-maria\/\",\"name\":\"El Regional\",\"description\":\"Mucho m\u00e1s que informaci\u00f3n\",\"potentialAction\":[{\"@type\":\"SearchAction\",\"target\":{\"@type\":\"EntryPoint\",\"urlTemplate\":\"http:\/\/elregionalvm.com.ar\/noticias-villa-maria\/?s={search_term_string}\"},\"query-input\":{\"@type\":\"PropertyValueSpecification\",\"valueRequired\":true,\"valueName\":\"search_term_string\"}}],\"inLanguage\":\"es\"},{\"@type\":\"Person\",\"@id\":\"http:\/\/elregionalvm.com.ar\/noticias-villa-maria\/#\/schema\/person\/d5e4b04966154131701e52c45d3efec9\",\"name\":\"Germ\u00e1n Giacchero\",\"image\":{\"@type\":\"ImageObject\",\"inLanguage\":\"es\",\"@id\":\"http:\/\/elregionalvm.com.ar\/noticias-villa-maria\/#\/schema\/person\/image\/\",\"url\":\"https:\/\/secure.gravatar.com\/avatar\/fda163ba5ef0307ee5be9846e10f83b6e83d0cfb260d3b2464830318894c6b04?s=96&d=mm&r=g\",\"contentUrl\":\"https:\/\/secure.gravatar.com\/avatar\/fda163ba5ef0307ee5be9846e10f83b6e83d0cfb260d3b2464830318894c6b04?s=96&d=mm&r=g\",\"caption\":\"Germ\u00e1n Giacchero\"},\"url\":\"https:\/\/elregionalvm.com.ar\/noticias-villa-maria\/author\/germangiacchero\/\"}]}<\/script>\n<!-- \/ Yoast SEO plugin. -->","yoast_head_json":{"title":"\u00bfLluvia? \u00bfViento? \u00bfFr\u00edo? - El Regional","robots":{"index":"index","follow":"follow","max-snippet":"max-snippet:-1","max-image-preview":"max-image-preview:large","max-video-preview":"max-video-preview:-1"},"canonical":"http:\/\/elregionalvm.com.ar\/noticias-villa-maria\/lluvia-viento-frio\/","og_locale":"es_ES","og_type":"article","og_title":"\u00bfLluvia? \u00bfViento? \u00bfFr\u00edo? - El Regional","og_url":"http:\/\/elregionalvm.com.ar\/noticias-villa-maria\/lluvia-viento-frio\/","og_site_name":"El Regional","article_publisher":"https:\/\/www.facebook.com\/elregionalvm","article_published_time":"2020-05-29T19:06:13+00:00","article_modified_time":"2020-06-16T19:23:36+00:00","author":"Germ\u00e1n Giacchero","twitter_card":"summary_large_image","twitter_creator":"@elregionalvm1","twitter_site":"@elregionalvm1","twitter_misc":{"Escrito por":"Germ\u00e1n Giacchero","Tiempo de lectura":"2 minutos"},"schema":{"@context":"https:\/\/schema.org","@graph":[{"@type":"Article","@id":"http:\/\/elregionalvm.com.ar\/noticias-villa-maria\/lluvia-viento-frio\/#article","isPartOf":{"@id":"http:\/\/elregionalvm.com.ar\/noticias-villa-maria\/lluvia-viento-frio\/"},"author":{"name":"Germ\u00e1n Giacchero","@id":"http:\/\/elregionalvm.com.ar\/noticias-villa-maria\/#\/schema\/person\/d5e4b04966154131701e52c45d3efec9"},"headline":"\u00bfLluvia? \u00bfViento? \u00bfFr\u00edo?","datePublished":"2020-05-29T19:06:13+00:00","dateModified":"2020-06-16T19:23:36+00:00","mainEntityOfPage":{"@id":"http:\/\/elregionalvm.com.ar\/noticias-villa-maria\/lluvia-viento-frio\/"},"wordCount":332,"commentCount":0,"image":{"@id":"http:\/\/elregionalvm.com.ar\/noticias-villa-maria\/lluvia-viento-frio\/#primaryimage"},"thumbnailUrl":"","keywords":["Clima","Clima Global","Frio","Llovizna","oto\u00f1o","Pron\u00f3stico Extendido","Regi\u00f3n","Tiempo","villa maria","VILLA NUEVA"],"articleSection":["Villa Mar\u00eda"],"inLanguage":"es","potentialAction":[{"@type":"CommentAction","name":"Comment","target":["http:\/\/elregionalvm.com.ar\/noticias-villa-maria\/lluvia-viento-frio\/#respond"]}]},{"@type":"WebPage","@id":"http:\/\/elregionalvm.com.ar\/noticias-villa-maria\/lluvia-viento-frio\/","url":"http:\/\/elregionalvm.com.ar\/noticias-villa-maria\/lluvia-viento-frio\/","name":"\u00bfLluvia? \u00bfViento? \u00bfFr\u00edo? - El Regional","isPartOf":{"@id":"http:\/\/elregionalvm.com.ar\/noticias-villa-maria\/#website"},"primaryImageOfPage":{"@id":"http:\/\/elregionalvm.com.ar\/noticias-villa-maria\/lluvia-viento-frio\/#primaryimage"},"image":{"@id":"http:\/\/elregionalvm.com.ar\/noticias-villa-maria\/lluvia-viento-frio\/#primaryimage"},"thumbnailUrl":"","datePublished":"2020-05-29T19:06:13+00:00","dateModified":"2020-06-16T19:23:36+00:00","author":{"@id":"http:\/\/elregionalvm.com.ar\/noticias-villa-maria\/#\/schema\/person\/d5e4b04966154131701e52c45d3efec9"},"breadcrumb":{"@id":"http:\/\/elregionalvm.com.ar\/noticias-villa-maria\/lluvia-viento-frio\/#breadcrumb"},"inLanguage":"es","potentialAction":[{"@type":"ReadAction","target":["http:\/\/elregionalvm.com.ar\/noticias-villa-maria\/lluvia-viento-frio\/"]}]},{"@type":"ImageObject","inLanguage":"es","@id":"http:\/\/elregionalvm.com.ar\/noticias-villa-maria\/lluvia-viento-frio\/#primaryimage","url":"","contentUrl":""},{"@type":"BreadcrumbList","@id":"http:\/\/elregionalvm.com.ar\/noticias-villa-maria\/lluvia-viento-frio\/#breadcrumb","itemListElement":[{"@type":"ListItem","position":1,"name":"Portada","item":"https:\/\/elregionalvm.com.ar\/noticias-villa-maria\/"},{"@type":"ListItem","position":2,"name":"\u00bfLluvia? \u00bfViento? \u00bfFr\u00edo?"}]},{"@type":"WebSite","@id":"http:\/\/elregionalvm.com.ar\/noticias-villa-maria\/#website","url":"http:\/\/elregionalvm.com.ar\/noticias-villa-maria\/","name":"El Regional","description":"Mucho m\u00e1s que informaci\u00f3n","potentialAction":[{"@type":"SearchAction","target":{"@type":"EntryPoint","urlTemplate":"http:\/\/elregionalvm.com.ar\/noticias-villa-maria\/?s={search_term_string}"},"query-input":{"@type":"PropertyValueSpecification","valueRequired":true,"valueName":"search_term_string"}}],"inLanguage":"es"},{"@type":"Person","@id":"http:\/\/elregionalvm.com.ar\/noticias-villa-maria\/#\/schema\/person\/d5e4b04966154131701e52c45d3efec9","name":"Germ\u00e1n Giacchero","image":{"@type":"ImageObject","inLanguage":"es","@id":"http:\/\/elregionalvm.com.ar\/noticias-villa-maria\/#\/schema\/person\/image\/","url":"https:\/\/secure.gravatar.com\/avatar\/fda163ba5ef0307ee5be9846e10f83b6e83d0cfb260d3b2464830318894c6b04?s=96&d=mm&r=g","contentUrl":"https:\/\/secure.gravatar.com\/avatar\/fda163ba5ef0307ee5be9846e10f83b6e83d0cfb260d3b2464830318894c6b04?s=96&d=mm&r=g","caption":"Germ\u00e1n Giacchero"},"url":"https:\/\/elregionalvm.com.ar\/noticias-villa-maria\/author\/germangiacchero\/"}]}},"jetpack_featured_media_url":"","jetpack_sharing_enabled":true,"_links":{"self":[{"href":"https:\/\/elregionalvm.com.ar\/noticias-villa-maria\/wp-json\/wp\/v2\/posts\/17788","targetHints":{"allow":["GET"]}}],"collection":[{"href":"https:\/\/elregionalvm.com.ar\/noticias-villa-maria\/wp-json\/wp\/v2\/posts"}],"about":[{"href":"https:\/\/elregionalvm.com.ar\/noticias-villa-maria\/wp-json\/wp\/v2\/types\/post"}],"author":[{"embeddable":true,"href":"https:\/\/elregionalvm.com.ar\/noticias-villa-maria\/wp-json\/wp\/v2\/users\/6"}],"replies":[{"embeddable":true,"href":"https:\/\/elregionalvm.com.ar\/noticias-villa-maria\/wp-json\/wp\/v2\/comments?post=17788"}],"version-history":[{"count":1,"href":"https:\/\/elregionalvm.com.ar\/noticias-villa-maria\/wp-json\/wp\/v2\/posts\/17788\/revisions"}],"predecessor-version":[{"id":18160,"href":"https:\/\/elregionalvm.com.ar\/noticias-villa-maria\/wp-json\/wp\/v2\/posts\/17788\/revisions\/18160"}],"wp:featuredmedia":[{"embeddable":true,"href":"https:\/\/elregionalvm.com.ar\/noticias-villa-maria\/wp-json\/"}],"wp:attachment":[{"href":"https:\/\/elregionalvm.com.ar\/noticias-villa-maria\/wp-json\/wp\/v2\/media?parent=17788"}],"wp:term":[{"taxonomy":"category","embeddable":true,"href":"https:\/\/elregionalvm.com.ar\/noticias-villa-maria\/wp-json\/wp\/v2\/categories?post=17788"},{"taxonomy":"post_tag","embeddable":true,"href":"https:\/\/elregionalvm.com.ar\/noticias-villa-maria\/wp-json\/wp\/v2\/tags?post=17788"}],"curies":[{"name":"wp","href":"https:\/\/api.w.org\/{rel}","templated":true}]}}